{"id":109459,"date":"2019-12-11T15:16:08","date_gmt":"2019-12-11T14:16:08","guid":{"rendered":"https:\/\/www.radiopiu.net\/wordpress\/?p=109459"},"modified":"2019-12-11T15:16:08","modified_gmt":"2019-12-11T14:16:08","slug":"un-premio-per-feltre-comune-colpito-dai-cambiamenti-climatici","status":"publish","type":"post","link":"https:\/\/www.radiopiu.net\/wordpress\/un-premio-per-feltre-comune-colpito-dai-cambiamenti-climatici\/","title":{"rendered":"UN PREMIO PER FELTRE COMUNE COLPITO DAI CAMBIAMENTI CLIMATICI\u00a0"},"content":{"rendered":"<p><strong><a class=\"dt-pswp-item\" href=\"https:\/\/www.radiopiu.net\/wordpress\/wp-content\/uploads\/2019\/12\/Premio-Monfalcone-2-1.jpg\" data-dt-img-description=\"\" data-large_image_width=\"1535\" data-large_image_height=\"2362\"><img loading=\"lazy\" decoding=\"async\" class=\"size-medium wp-image-109460 alignleft\" src=\"https:\/\/www.radiopiu.net\/wordpress\/wp-content\/uploads\/2019\/12\/Premio-Monfalcone-2-1-195x300.jpg\" alt=\"\" width=\"195\" height=\"300\" srcset=\"https:\/\/www.radiopiu.net\/wordpress\/wp-content\/uploads\/2019\/12\/Premio-Monfalcone-2-1-195x300.jpg 195w, https:\/\/www.radiopiu.net\/wordpress\/wp-content\/uploads\/2019\/12\/Premio-Monfalcone-2-1-665x1024.jpg 665w, https:\/\/www.radiopiu.net\/wordpress\/wp-content\/uploads\/2019\/12\/Premio-Monfalcone-2-1-768x1182.jpg 768w, https:\/\/www.radiopiu.net\/wordpress\/wp-content\/uploads\/2019\/12\/Premio-Monfalcone-2-1-998x1536.jpg 998w, https:\/\/www.radiopiu.net\/wordpress\/wp-content\/uploads\/2019\/12\/Premio-Monfalcone-2-1-1331x2048.jpg 1331w, https:\/\/www.radiopiu.net\/wordpress\/wp-content\/uploads\/2019\/12\/Premio-Monfalcone-2-1.jpg 1535w\" sizes=\"auto, (max-width: 195px) 100vw, 195px\" \/><\/a>FELTRE<\/strong> \u201cPer l&#8217;esperienza innovativa del processo partecipativo di cittadinanza attivato dalla citt\u00e0 di Feltre, nell&#8217;informare la popolazione sull\u2019impatto della tempesta Vaia del 2018 sul verde urbano, restituendo e diffondendo contestualmente nella comunit\u00e0 informazioni e conoscenze sui fondamentali servizi ecosistemici che il patrimonio arboreo fornisce.\u201d Con questa motivazione l\u2019associazione \u201cEugenio Rosmann\u201d di Monfalcone ha assegnato al Comune di Feltre il \u201cPremio Populus alba \u2013 Fabio Perco\u201d, riservato alle pubbliche amministrazioni che si siano distinte in materia ambientale, consistente nell&#8217;opera dell\u2019artista del territorio Cristiano Leban. Lo scorso anno il riconoscimento fu assegnato al Consorzio \u201cAcque risorgive\u201d di Venezia. Feltre \u00e8 stata scelta tra una rosa di candidati di livello, che comprendeva altre amministrazioni ed esperienze meritevoli in campo ambientale.\u00a0\u00a0<strong> Le citiamo per dare una dimensione del riconoscimento: <\/strong>-il Comune di Forgaria nel Friuli (UD) per la fattiva collaborazione operativa alla Riserva del Cornino e fin dal 1996 per il \u201cProgetto Grifone\u201d; -il Lumen Museum of Mountain Photography &#8211; Plan de Corones di Brixen-Bressanone (BZ), il museo creato nella sala d&#8217;arrivo della vecchia funivia a 2.265 metri ed inaugurato lo scorso luglio, che tratta il tema della salvaguardia dell&#8217;ambiente e dello scioglimento dei ghiacci; -la mobilit\u00e0 sostenibile della Regione Friuli Venezia Giulia per il progetto MICOTRA, Collegamento Trieste-Udine-Villacco-Vienna, che prevede, nel 2021, l&#8217;utilizzo del mezzo pubblico in alternativa a quello privato, anche in un&#8217;ottica di intermodalit\u00e0 bici-treno; -la Scuola Primaria Silvio Pellico del Comune di Sona (VR) che ha realizzato il nuovo polo scolastico all&#8217;insegna del risparmio energetico, della sostenibilit\u00e0 ma soprattutto del benessere degli alunni, seguendo i criteri di bioarchitettura contenuti nel sigillo di qualit\u00e0 CasaClima School; -ed infine il Centro Biodiversit\u00e0 vegetale e Fuori foresta della Regione Veneto presso il comune di Montecchio Precalcino (VI), nato con lo scopo di fornire la \u201cmateria prima\u201d vegetale per svariati tipi di impiego negli ambienti di pianura, collina e montagna e produce quasi tutte le specie legnose autoctone del Nord Italia, molto impegnato attualmente nel post VAIA.<\/p>\n<blockquote><p><em>\u201cE\u2019 un riconoscimento particolarmente gradito che condividiamo con tutti i cittadini che sono impegnati nel prendersi cura dei beni comuni, che ci rende orgogliosi per la titolazione del premio e per la qualificata giuria selezionatrice, ha sottolineato l\u2019assessore all\u2019ambiente del Comune di Feltre Valter Bonan. \u201cNella ricostruzione post Vaia, intendiamo privilegiare un approccio interdisciplinare e partecipativo nell\u2019affrontare il complesso tema della rigenerazione del patrimonio arboreo, puntando sul contributo congiunto di scrittori, esperti forestali e ricercatori, arbonauti e paesaggisti. A questo approccio culturale abbiamo aggiunto gli accordi operativi interistituzionali con l\u2019Universit\u00e0 di Padova e l\u2019istituto tecnico \u201cDella Lucia\u201d ed attivato poi i progetti \u201cFratello Albero\u201d e Wow- nature di Etifor. Una strategia integrata che, evidentemente, \u00e8 stata notata anche al di fuori dei confini della nostra regione e che ci stimola a proseguire con ancora maggior impegno sulla strada della riqualificazione del verde pubblico del nostro territorio nel post Vaia\u201d, conclude Bonan.<\/em><\/p><\/blockquote>\n<p>&nbsp;<\/p>\n","protected":false},"excerpt":{"rendered":"<p>FELTRE \u201cPer l&#8217;esperienza innovativa del processo partecipativo di cittadinanza attivato dalla citt\u00e0 di Feltre, nell&#8217;informare la popolazione sull\u2019impatto della tempesta Vaia del 2018 sul verde urbano, restituendo e diffondendo contestualmente nella comunit\u00e0 informazioni e conoscenze sui fondamentali servizi ecosistemici che il patrimonio arboreo fornisce.\u201d Con questa motivazione l\u2019associazione \u201cEugenio Rosmann\u201d di Monfalcone ha assegnato al&hellip;<\/p>\n","protected":false},"author":1,"featured_media":109458,"comment_status":"closed","ping_status":"closed","sticky":false,"template":"","format":"standard","meta":{"_monsterinsights_skip_tracking":false,"_monsterinsights_sitenote_active":false,"_monsterinsights_sitenote_note":"","_monsterinsights_sitenote_category":0,"footnotes":""},"categories":[49],"tags":[],"class_list":["post-109459","post","type-post","status-publish","format-standard","has-post-thumbnail","hentry","category-news-18","category-49","description-off"],"img_url":"https:\/\/www.radiopiu.net\/wordpress\/wp-content\/uploads\/2019\/12\/Premio-Monfalcone-1.jpg","_links":{"self":[{"href":"https:\/\/www.radiopiu.net\/wordpress\/wp-json\/wp\/v2\/posts\/109459","targetHints":{"allow":["GET"]}}],"collection":[{"href":"https:\/\/www.radiopiu.net\/wordpress\/wp-json\/wp\/v2\/posts"}],"about":[{"href":"https:\/\/www.radiopiu.net\/wordpress\/wp-json\/wp\/v2\/types\/post"}],"author":[{"embeddable":true,"href":"https:\/\/www.radiopiu.net\/wordpress\/wp-json\/wp\/v2\/users\/1"}],"replies":[{"embeddable":true,"href":"https:\/\/www.radiopiu.net\/wordpress\/wp-json\/wp\/v2\/comments?post=109459"}],"version-history":[{"count":0,"href":"https:\/\/www.radiopiu.net\/wordpress\/wp-json\/wp\/v2\/posts\/109459\/revisions"}],"wp:featuredmedia":[{"embeddable":true,"href":"https:\/\/www.radiopiu.net\/wordpress\/wp-json\/wp\/v2\/media\/109458"}],"wp:attachment":[{"href":"https:\/\/www.radiopiu.net\/wordpress\/wp-json\/wp\/v2\/media?parent=109459"}],"wp:term":[{"taxonomy":"category","embeddable":true,"href":"https:\/\/www.radiopiu.net\/wordpress\/wp-json\/wp\/v2\/categories?post=109459"},{"taxonomy":"post_tag","embeddable":true,"href":"https:\/\/www.radiopiu.net\/wordpress\/wp-json\/wp\/v2\/tags?post=109459"}],"curies":[{"name":"wp","href":"https:\/\/api.w.org\/{rel}","templated":true}]}}