{"id":109522,"date":"2019-12-12T05:25:19","date_gmt":"2019-12-12T04:25:19","guid":{"rendered":"https:\/\/www.radiopiu.net\/wordpress\/?p=109522"},"modified":"2019-12-12T05:25:19","modified_gmt":"2019-12-12T04:25:19","slug":"definito-il-piano-sicurezza-e-prevenzione-in-vista-delle-festivita-di-natale","status":"publish","type":"post","link":"https:\/\/www.radiopiu.net\/wordpress\/definito-il-piano-sicurezza-e-prevenzione-in-vista-delle-festivita-di-natale\/","title":{"rendered":"DEFINITO IL PIANO SICUREZZA E PREVENZIONE IN VISTA DELLE FESTIVITA&#8217; DI NATALE\u00a0"},"content":{"rendered":"<h3><\/h3>\n<p><strong><a class=\"dt-pswp-item\" href=\"https:\/\/www.radiopiu.net\/wordpress\/wp-content\/uploads\/2019\/09\/belluno-prefe-3.jpg\" data-dt-img-description=\"\" data-large_image_width=\"1600\" data-large_image_height=\"1091\"><img loading=\"lazy\" decoding=\"async\" class=\"size-medium wp-image-98741 alignleft\" src=\"https:\/\/www.radiopiu.net\/wordpress\/wp-content\/uploads\/2019\/09\/belluno-prefe-3-300x205.jpg\" alt=\"\" width=\"300\" height=\"205\" srcset=\"https:\/\/www.radiopiu.net\/wordpress\/wp-content\/uploads\/2019\/09\/belluno-prefe-3-300x205.jpg 300w, https:\/\/www.radiopiu.net\/wordpress\/wp-content\/uploads\/2019\/09\/belluno-prefe-3-768x524.jpg 768w, https:\/\/www.radiopiu.net\/wordpress\/wp-content\/uploads\/2019\/09\/belluno-prefe-3-1024x698.jpg 1024w, https:\/\/www.radiopiu.net\/wordpress\/wp-content\/uploads\/2019\/09\/belluno-prefe-3.jpg 1600w\" sizes=\"auto, (max-width: 300px) 100vw, 300px\" \/><\/a>BELLUNO\u00a0<\/strong> Si \u00e8 svolta\u00a0 a Palazzo dei Rettori, una riunione del Comitato Provinciale per l\u2019Ordine e la Sicurezza Pubblica presieduto dal Prefetto, dr.ssa Adriana Cogode, alla quale hanno preso parte il Sindaco di Belluno, il Questore, i Comandanti Provinciali dei Carabinieri e dei Vigili del Fuoco ed i rappresentanti del Comando Provinciale della Guardia di Finanza e della Polizia Stradale di Belluno\u00a0 In particolare, durante l\u2019incontro sono state programmate l\u2019intensificazione delle attivit\u00e0 di prevenzione e contrasto dei reati predatori e dei fenomeni di degrado urbano. Sono state inoltre esaminate le iniziative di security e safety da assumere in occasione\u00a0 del Capodanno, sia per quanto riguarda le feste in piazza che per quel che concerne i locali di pubblico spettacolo per i quali, in particolare, sar\u00e0 richiamata l\u2019attenzione dei Sindaci sull\u2019esigenza di verificare il rispetto, da parte dei gestori, dei rispettivi limiti di capienza. In previsione dell\u2019intensificazione del traffico veicolare che si registrer\u00e0 dal 21 dicembre al 6 gennaio,\u00a0 \u00e8 stato disposto il potenziamento dei servizi coordinati di polizia stradale con il concorso delle Polizie municipali, specie sulla viabilit\u00e0 secondaria, oltre al coinvolgimento degli operatori di Anas e Veneto Strade. A questo si aggiunger\u00e0 il rafforzamento dei dispositivi di emergenza sanitaria coordinati dal SUEM e di soccorso tecnico d\u2019urgenza affidati ai Vigili del Fuoco. All\u2019occorrenza, in casi di forti criticit\u00e0, sar\u00e0 immediatamente attivato dalla Prefettura il Comitato Operativo per la Viabilit\u00e0, per coordinare gli interventi di tutte le componenti impegnate a tutela della circolazione stradale, in modo da garantire il massimo livello di sicurezza e di mobilit\u00e0 alle persone in viaggio sulle strade della provincia. Attenta vigilanza anche nel settore della vendita di articoli pirotecnici, sebbene in provincia non si registrino particolari criticit\u00e0, per ridurre al minimo le possibili conseguenze dannose di un improprio utilizzo di tali materiali.<\/p>\n<p>&nbsp;<\/p>\n","protected":false},"excerpt":{"rendered":"<p>BELLUNO\u00a0 Si \u00e8 svolta\u00a0 a Palazzo dei Rettori, una riunione del Comitato Provinciale per l\u2019Ordine e la Sicurezza Pubblica presieduto dal Prefetto, dr.ssa Adriana Cogode, alla quale hanno preso parte il Sindaco di Belluno, il Questore, i Comandanti Provinciali dei Carabinieri e dei Vigili del Fuoco ed i rappresentanti del Comando Provinciale della Guardia di&hellip;<\/p>\n","protected":false},"author":1,"featured_media":98742,"comment_status":"closed","ping_status":"closed","sticky":false,"template":"","format":"standard","meta":{"_monsterinsights_skip_tracking":false,"_monsterinsights_sitenote_active":false,"_monsterinsights_sitenote_note":"","_monsterinsights_sitenote_category":0,"footnotes":""},"categories":[49],"tags":[],"class_list":["post-109522","post","type-post","status-publish","format-standard","has-post-thumbnail","hentry","category-news-18","category-49","description-off"],"img_url":"https:\/\/www.radiopiu.net\/wordpress\/wp-content\/uploads\/2019\/09\/belluno-prefe-4.jpg","_links":{"self":[{"href":"https:\/\/www.radiopiu.net\/wordpress\/wp-json\/wp\/v2\/posts\/109522","targetHints":{"allow":["GET"]}}],"collection":[{"href":"https:\/\/www.radiopiu.net\/wordpress\/wp-json\/wp\/v2\/posts"}],"about":[{"href":"https:\/\/www.radiopiu.net\/wordpress\/wp-json\/wp\/v2\/types\/post"}],"author":[{"embeddable":true,"href":"https:\/\/www.radiopiu.net\/wordpress\/wp-json\/wp\/v2\/users\/1"}],"replies":[{"embeddable":true,"href":"https:\/\/www.radiopiu.net\/wordpress\/wp-json\/wp\/v2\/comments?post=109522"}],"version-history":[{"count":0,"href":"https:\/\/www.radiopiu.net\/wordpress\/wp-json\/wp\/v2\/posts\/109522\/revisions"}],"wp:featuredmedia":[{"embeddable":true,"href":"https:\/\/www.radiopiu.net\/wordpress\/wp-json\/wp\/v2\/media\/98742"}],"wp:attachment":[{"href":"https:\/\/www.radiopiu.net\/wordpress\/wp-json\/wp\/v2\/media?parent=109522"}],"wp:term":[{"taxonomy":"category","embeddable":true,"href":"https:\/\/www.radiopiu.net\/wordpress\/wp-json\/wp\/v2\/categories?post=109522"},{"taxonomy":"post_tag","embeddable":true,"href":"https:\/\/www.radiopiu.net\/wordpress\/wp-json\/wp\/v2\/tags?post=109522"}],"curies":[{"name":"wp","href":"https:\/\/api.w.org\/{rel}","templated":true}]}}