{"id":109524,"date":"2019-12-12T05:28:39","date_gmt":"2019-12-12T04:28:39","guid":{"rendered":"https:\/\/www.radiopiu.net\/wordpress\/?p=109524"},"modified":"2019-12-12T05:28:39","modified_gmt":"2019-12-12T04:28:39","slug":"transumanza-patrimonio-unesco-nella-giornata-della-montagna","status":"publish","type":"post","link":"https:\/\/www.radiopiu.net\/wordpress\/transumanza-patrimonio-unesco-nella-giornata-della-montagna\/","title":{"rendered":"TRANSUMANZA PATRIMONIO UNESCO NELLA GIORNATA DELLA MONTAGNA"},"content":{"rendered":"<h4>\u00a0(UNCEM): &#8220;\u00c8 EMBLEMA DELLA MONTAGNA CHE RESISTE, DELLA FORZA DEI MALGARI, DELL&#8217;USO SAPIENTE DEI TERRITORI E DEL SALIRE E SCENDERE, METEFISICA RAPPRESENTAZIONE DELLA VITA. SIGILLO DELLA GIORNATA MONTAGNA&#8221;<\/h4>\n<p><strong>di\u00a0 \u00a0Marco Bussone, Presidente nazionale Uncem, Unione dei Comuni e degli Enti montani.<\/strong><\/p>\n<p><a class=\"dt-pswp-item\" href=\"https:\/\/www.radiopiu.net\/wordpress\/wp-content\/uploads\/2019\/12\/79674790_2671032449602614_176630938069893120_n.jpg\" data-dt-img-description=\"\" data-large_image_width=\"900\" data-large_image_height=\"594\"><img loading=\"lazy\" decoding=\"async\" class=\"size-medium wp-image-109390 alignleft\" src=\"https:\/\/www.radiopiu.net\/wordpress\/wp-content\/uploads\/2019\/12\/79674790_2671032449602614_176630938069893120_n-300x198.jpg\" alt=\"\" width=\"300\" height=\"198\" srcset=\"https:\/\/www.radiopiu.net\/wordpress\/wp-content\/uploads\/2019\/12\/79674790_2671032449602614_176630938069893120_n-300x198.jpg 300w, https:\/\/www.radiopiu.net\/wordpress\/wp-content\/uploads\/2019\/12\/79674790_2671032449602614_176630938069893120_n-768x507.jpg 768w, https:\/\/www.radiopiu.net\/wordpress\/wp-content\/uploads\/2019\/12\/79674790_2671032449602614_176630938069893120_n.jpg 900w\" sizes=\"auto, (max-width: 300px) 100vw, 300px\" \/><\/a>&#8220;La Transumanza individuata oggi a Bogot\u00e0 come Patrimonio immateriale Unesco \u00e8, dopo i muretti a secco, i paesaggi vitivinicoli di Langhe e Prosecco, emblema della montagna che resiste. \u00c8 forza dei margari, uso sapiente dei territori, salire e scendere metafisica rappresentazione della vita. La Transumanza \u00e8 la montagna. \u00c8 anche quella forza dei pastori locali che sfidano, nelle gare per la gestione dei pascoli, fantomatiche aziende agricole dell&#8217;altrove che provano a speculare sui territori a danno delle comunit\u00e0 locali. La Transumanza \u00e8 la scelta di proteggere e ridare vita ai territori, da San Giovanni a San Michele e non solo. Dura, resistente, piena di fatica, rito collettivo che emoziona nella salita e nella discesa, festa della valle, gioia della comunt\u00e0, attrattiva turistica, marketing territoriale. Unione delle famiglie allargate dei margari e degli allevatori. Bogot\u00e0 oggi sancisce tutto questo.\u00a0I pastori transumanti, come sottolinea il dossier di candidatura presentato dall&#8217;Italia, con Pier Luigi Petrillo,\u00a0insieme a Grecia e Austria all&#8217;Unesco, hanno una conoscenza approfondita dell&#8217;ambiente, dell&#8217;equilibrio ecologico tra uomo e natura e dei cambiamenti climatici. Si tratta infatti di uno dei metodi di allevamento pi\u00f9 sostenibili ed efficienti. Oggi la Transumanza \u00e8 praticata soprattutto tra Molise, Abruzzo e Puglia, Piemonte Lazio, Campania, e al Nord tra Italia e Austria nell&#8217;Alto Adige, in Lombardia, Valle d&#8217;Aosta, Sardegna e Veneto. La Transumanza patrimonio Unesco \u00e8 un sigillo perfetto oggi nella\u00a0Giornata internazionale della Montagna. Uncem ringrazia chi ha curato il dossier e ne celebra la vittoria con i Ministri Bellanova e Conte&#8221;.<\/p>\n","protected":false},"excerpt":{"rendered":"<p>\u00a0(UNCEM): &#8220;\u00c8 EMBLEMA DELLA MONTAGNA CHE RESISTE, DELLA FORZA DEI MALGARI, DELL&#8217;USO SAPIENTE DEI TERRITORI E DEL SALIRE E SCENDERE, METEFISICA RAPPRESENTAZIONE DELLA VITA. SIGILLO DELLA GIORNATA MONTAGNA&#8221; di\u00a0 \u00a0Marco Bussone, Presidente nazionale Uncem, Unione dei Comuni e degli Enti montani. &#8220;La Transumanza individuata oggi a Bogot\u00e0 come Patrimonio immateriale Unesco \u00e8, dopo i muretti&hellip;<\/p>\n","protected":false},"author":1,"featured_media":109390,"comment_status":"closed","ping_status":"closed","sticky":false,"template":"","format":"standard","meta":{"_monsterinsights_skip_tracking":false,"_monsterinsights_sitenote_active":false,"_monsterinsights_sitenote_note":"","_monsterinsights_sitenote_category":0,"footnotes":""},"categories":[49],"tags":[],"class_list":["post-109524","post","type-post","status-publish","format-standard","has-post-thumbnail","hentry","category-news-18","category-49","description-off"],"img_url":"https:\/\/www.radiopiu.net\/wordpress\/wp-content\/uploads\/2019\/12\/79674790_2671032449602614_176630938069893120_n.jpg","_links":{"self":[{"href":"https:\/\/www.radiopiu.net\/wordpress\/wp-json\/wp\/v2\/posts\/109524","targetHints":{"allow":["GET"]}}],"collection":[{"href":"https:\/\/www.radiopiu.net\/wordpress\/wp-json\/wp\/v2\/posts"}],"about":[{"href":"https:\/\/www.radiopiu.net\/wordpress\/wp-json\/wp\/v2\/types\/post"}],"author":[{"embeddable":true,"href":"https:\/\/www.radiopiu.net\/wordpress\/wp-json\/wp\/v2\/users\/1"}],"replies":[{"embeddable":true,"href":"https:\/\/www.radiopiu.net\/wordpress\/wp-json\/wp\/v2\/comments?post=109524"}],"version-history":[{"count":0,"href":"https:\/\/www.radiopiu.net\/wordpress\/wp-json\/wp\/v2\/posts\/109524\/revisions"}],"wp:featuredmedia":[{"embeddable":true,"href":"https:\/\/www.radiopiu.net\/wordpress\/wp-json\/wp\/v2\/media\/109390"}],"wp:attachment":[{"href":"https:\/\/www.radiopiu.net\/wordpress\/wp-json\/wp\/v2\/media?parent=109524"}],"wp:term":[{"taxonomy":"category","embeddable":true,"href":"https:\/\/www.radiopiu.net\/wordpress\/wp-json\/wp\/v2\/categories?post=109524"},{"taxonomy":"post_tag","embeddable":true,"href":"https:\/\/www.radiopiu.net\/wordpress\/wp-json\/wp\/v2\/tags?post=109524"}],"curies":[{"name":"wp","href":"https:\/\/api.w.org\/{rel}","templated":true}]}}