{"id":109545,"date":"2019-12-12T07:50:11","date_gmt":"2019-12-12T06:50:11","guid":{"rendered":"https:\/\/www.radiopiu.net\/wordpress\/?p=109545"},"modified":"2019-12-12T08:45:43","modified_gmt":"2019-12-12T07:45:43","slug":"1-milione-500-mila-euro-destinati-al-centro-per-le-emergenze-di-via-piagn","status":"publish","type":"post","link":"https:\/\/www.radiopiu.net\/wordpress\/1-milione-500-mila-euro-destinati-al-centro-per-le-emergenze-di-via-piagn\/","title":{"rendered":"1 MILIONE 500 MILA EURO DESTINATI AL CENTRO PER LE EMERGENZE DI VIA PIAGN"},"content":{"rendered":"<p>&nbsp;<\/p>\n<h2><\/h2>\n<p><a class=\"dt-pswp-item\" href=\"https:\/\/www.radiopiu.net\/wordpress\/wp-content\/uploads\/2019\/12\/WhatsApp-Image-2019-12-12-at-07.29.29.jpeg\" data-dt-img-description=\"\" data-large_image_width=\"721\" data-large_image_height=\"1024\"><img loading=\"lazy\" decoding=\"async\" class=\"alignnone wp-image-109547\" src=\"https:\/\/www.radiopiu.net\/wordpress\/wp-content\/uploads\/2019\/12\/WhatsApp-Image-2019-12-12-at-07.29.29-211x300.jpeg\" alt=\"\" width=\"144\" height=\"204\" srcset=\"https:\/\/www.radiopiu.net\/wordpress\/wp-content\/uploads\/2019\/12\/WhatsApp-Image-2019-12-12-at-07.29.29-211x300.jpeg 211w, https:\/\/www.radiopiu.net\/wordpress\/wp-content\/uploads\/2019\/12\/WhatsApp-Image-2019-12-12-at-07.29.29.jpeg 721w\" sizes=\"auto, (max-width: 144px) 100vw, 144px\" \/><\/a><a class=\"dt-pswp-item\" href=\"https:\/\/www.radiopiu.net\/wordpress\/wp-content\/uploads\/2019\/12\/WhatsApp-Image-2019-12-12-at-07.29.28.jpeg\" data-dt-img-description=\"\" data-large_image_width=\"1024\" data-large_image_height=\"493\"><img loading=\"lazy\" decoding=\"async\" class=\"alignnone wp-image-109546\" src=\"https:\/\/www.radiopiu.net\/wordpress\/wp-content\/uploads\/2019\/12\/WhatsApp-Image-2019-12-12-at-07.29.28-300x144.jpeg\" alt=\"\" width=\"400\" height=\"192\" srcset=\"https:\/\/www.radiopiu.net\/wordpress\/wp-content\/uploads\/2019\/12\/WhatsApp-Image-2019-12-12-at-07.29.28-300x144.jpeg 300w, https:\/\/www.radiopiu.net\/wordpress\/wp-content\/uploads\/2019\/12\/WhatsApp-Image-2019-12-12-at-07.29.28-768x370.jpeg 768w, https:\/\/www.radiopiu.net\/wordpress\/wp-content\/uploads\/2019\/12\/WhatsApp-Image-2019-12-12-at-07.29.28.jpeg 1024w\" sizes=\"auto, (max-width: 400px) 100vw, 400px\" \/><\/a><\/p>\n<p><strong>LIVINALLONGO<\/strong> I nuovi locali diventeranno la nuova sede di vigili del fuoco volontari e del Soccorso Alpino. La zona \u00e8 ad Arabba.Una realt\u00e0 importante, sar\u00e0 il nuovo COC necessario per un territorio vulnerabile, Vaia ha fatto scuola.<\/p>\n<p><strong>IL SINDACO LEANDRO GRONES.<\/strong><\/p>\n<audio class=\"wp-audio-shortcode\" id=\"audio-109545-1\" preload=\"none\" style=\"width: 100%;\" controls=\"controls\"><source type=\"audio\/mpeg\" src=\"https:\/\/www.radiopiu.net\/wordpress\/wp-content\/uploads\/2019\/12\/LEANDRO.mp3?_=1\" \/><a href=\"https:\/\/www.radiopiu.net\/wordpress\/wp-content\/uploads\/2019\/12\/LEANDRO.mp3\">https:\/\/www.radiopiu.net\/wordpress\/wp-content\/uploads\/2019\/12\/LEANDRO.mp3<\/a><\/audio>\n","protected":false},"excerpt":{"rendered":"<p>&nbsp; LIVINALLONGO I nuovi locali diventeranno la nuova sede di vigili del fuoco volontari e del Soccorso Alpino. La zona \u00e8 ad Arabba.Una realt\u00e0 importante, sar\u00e0 il nuovo COC necessario per un territorio vulnerabile, Vaia ha fatto scuola. IL SINDACO LEANDRO GRONES.<\/p>\n","protected":false},"author":1,"featured_media":109546,"comment_status":"closed","ping_status":"closed","sticky":false,"template":"","format":"standard","meta":{"_monsterinsights_skip_tracking":false,"_monsterinsights_sitenote_active":false,"_monsterinsights_sitenote_note":"","_monsterinsights_sitenote_category":0,"footnotes":""},"categories":[49],"tags":[],"class_list":["post-109545","post","type-post","status-publish","format-standard","has-post-thumbnail","hentry","category-news-18","category-49","description-off"],"img_url":"https:\/\/www.radiopiu.net\/wordpress\/wp-content\/uploads\/2019\/12\/WhatsApp-Image-2019-12-12-at-07.29.28.jpeg","_links":{"self":[{"href":"https:\/\/www.radiopiu.net\/wordpress\/wp-json\/wp\/v2\/posts\/109545","targetHints":{"allow":["GET"]}}],"collection":[{"href":"https:\/\/www.radiopiu.net\/wordpress\/wp-json\/wp\/v2\/posts"}],"about":[{"href":"https:\/\/www.radiopiu.net\/wordpress\/wp-json\/wp\/v2\/types\/post"}],"author":[{"embeddable":true,"href":"https:\/\/www.radiopiu.net\/wordpress\/wp-json\/wp\/v2\/users\/1"}],"replies":[{"embeddable":true,"href":"https:\/\/www.radiopiu.net\/wordpress\/wp-json\/wp\/v2\/comments?post=109545"}],"version-history":[{"count":0,"href":"https:\/\/www.radiopiu.net\/wordpress\/wp-json\/wp\/v2\/posts\/109545\/revisions"}],"wp:featuredmedia":[{"embeddable":true,"href":"https:\/\/www.radiopiu.net\/wordpress\/wp-json\/wp\/v2\/media\/109546"}],"wp:attachment":[{"href":"https:\/\/www.radiopiu.net\/wordpress\/wp-json\/wp\/v2\/media?parent=109545"}],"wp:term":[{"taxonomy":"category","embeddable":true,"href":"https:\/\/www.radiopiu.net\/wordpress\/wp-json\/wp\/v2\/categories?post=109545"},{"taxonomy":"post_tag","embeddable":true,"href":"https:\/\/www.radiopiu.net\/wordpress\/wp-json\/wp\/v2\/tags?post=109545"}],"curies":[{"name":"wp","href":"https:\/\/api.w.org\/{rel}","templated":true}]}}