{"id":109573,"date":"2019-12-13T05:51:41","date_gmt":"2019-12-13T04:51:41","guid":{"rendered":"https:\/\/www.radiopiu.net\/wordpress\/?p=109573"},"modified":"2019-12-13T10:11:14","modified_gmt":"2019-12-13T09:11:14","slug":"giornale-radiopiu-13-dicembre-2019-direttore-mirko-mezzacasa","status":"publish","type":"post","link":"https:\/\/www.radiopiu.net\/wordpress\/giornale-radiopiu-13-dicembre-2019-direttore-mirko-mezzacasa\/","title":{"rendered":"GIORNALE RADIOPIU 13 DICEMBRE 2019 DIRETTORE MIRKO MEZZACASA"},"content":{"rendered":"<p>&nbsp;<\/p>\n<p><em><strong>PROVINCIALE 20 VAL FIORENTINA. fino al 20.12 senso unico alternato con semaforo in localit\u00e0 Solator, per adeguamento carreggiata. Sabato e domenica esclusi<\/strong><\/em><\/p>\n<p><span style=\"color: #000000;\"><strong>REGIONALE 563 SALESEI LOCALITA&#8217; PIAN, FINO\u00a0 AL 20 DICEMBRE INTERDIZIONE TOTALE AL TRAFFICO DALLE 8 ALLE 17 PER TAGLIO ALBERI (esclusi giorni festivi e prefestivi)<\/strong><\/span><\/p>\n<p>&nbsp;<\/p>\n<p>&nbsp;<\/p>\n<h3><span style=\"color: #000000;\">QUESTA SERA ALLO STELLA ALPINA<\/span><\/h3>\n<h3><a class=\"dt-pswp-item\" href=\"https:\/\/www.radiopiu.net\/wordpress\/wp-content\/uploads\/2019\/12\/a9770495-a051-4cd7-99bc-a4ade845894e.jpg\" data-dt-img-description=\"\" data-large_image_width=\"720\" data-large_image_height=\"1440\"><img loading=\"lazy\" decoding=\"async\" class=\" wp-image-109484 alignleft\" src=\"https:\/\/www.radiopiu.net\/wordpress\/wp-content\/uploads\/2019\/12\/a9770495-a051-4cd7-99bc-a4ade845894e-150x300.jpg\" alt=\"\" width=\"104\" height=\"208\" srcset=\"https:\/\/www.radiopiu.net\/wordpress\/wp-content\/uploads\/2019\/12\/a9770495-a051-4cd7-99bc-a4ade845894e-150x300.jpg 150w, https:\/\/www.radiopiu.net\/wordpress\/wp-content\/uploads\/2019\/12\/a9770495-a051-4cd7-99bc-a4ade845894e-512x1024.jpg 512w, https:\/\/www.radiopiu.net\/wordpress\/wp-content\/uploads\/2019\/12\/a9770495-a051-4cd7-99bc-a4ade845894e.jpg 720w\" sizes=\"auto, (max-width: 104px) 100vw, 104px\" \/><\/a><\/h3>\n<p><strong>FALCADE<\/strong>\u00a0 alle 19 all&#8217;Hotel Stella Alpina serata di beneficenza per aiutare la famiglia del Piccolo Tommaso. Pasta all&#8217;amatriciana o minestra d&#8217;orzo, musica con i Tirataie. Offerta libera. Il ricavato andr\u00e0 a Tommaso, affetto da paralisi celebrale infantile, per aiutare la sua famiglia a sostenere le spese del costoso percorso di cura. Saranno presenti il pap\u00e0 Rudy Quaggiotto e la mamma Alexia<\/p>\n<p><span style=\"color: #0000ff;\"><strong>IBAN: IT21Q0814066070000005054361, intestato a Ki da Fargona, casuale: contributo volontario per Tommaso<\/strong><\/span><\/p>\n<p>&nbsp;<\/p>\n<p>&nbsp;<\/p>\n<p>&nbsp;<\/p>\n<p>&nbsp;<\/p>\n<p>&nbsp;<\/p>\n<p>&nbsp;<\/p>\n<h3><a class=\"dt-pswp-item\" href=\"https:\/\/www.radiopiu.net\/wordpress\/wp-content\/uploads\/2018\/08\/instabilita.jpg\" data-dt-img-description=\"\" data-large_image_width=\"1280\" data-large_image_height=\"768\"><img loading=\"lazy\" decoding=\"async\" class=\"wp-image-57488 alignleft\" src=\"https:\/\/www.radiopiu.net\/wordpress\/wp-content\/uploads\/2018\/08\/instabilita-300x180.jpg\" alt=\"\" width=\"202\" height=\"121\" srcset=\"https:\/\/www.radiopiu.net\/wordpress\/wp-content\/uploads\/2018\/08\/instabilita-300x180.jpg 300w, https:\/\/www.radiopiu.net\/wordpress\/wp-content\/uploads\/2018\/08\/instabilita-768x461.jpg 768w, https:\/\/www.radiopiu.net\/wordpress\/wp-content\/uploads\/2018\/08\/instabilita-1024x614.jpg 1024w, https:\/\/www.radiopiu.net\/wordpress\/wp-content\/uploads\/2018\/08\/instabilita.jpg 1280w\" sizes=\"auto, (max-width: 202px) 100vw, 202px\" \/><\/a>STATO DI ATTENZIONE PER NEVICATE A BASSA QUOTA<\/h3>\n<h3>DI DAMIANO TORMEN<\/h3>\n<p>&nbsp;<\/p>\n<p>&nbsp;<\/p>\n<audio class=\"wp-audio-shortcode\" id=\"audio-109573-1\" preload=\"none\" style=\"width: 100%;\" controls=\"controls\"><source type=\"audio\/mpeg\" src=\"https:\/\/www.radiopiu.net\/wordpress\/wp-content\/uploads\/2019\/12\/DAMIANO-2.mp3?_=1\" \/><a href=\"https:\/\/www.radiopiu.net\/wordpress\/wp-content\/uploads\/2019\/12\/DAMIANO-2.mp3\">https:\/\/www.radiopiu.net\/wordpress\/wp-content\/uploads\/2019\/12\/DAMIANO-2.mp3<\/a><\/audio>\n<blockquote>\n<h3><\/h3>\n<\/blockquote>\n<h3><\/h3>\n<h3><\/h3>\n<p>&nbsp;<\/p>\n<blockquote><p>&nbsp;<\/p><\/blockquote>\n<h3>INFORTUNIO IN CANTIERE, TRAUMA DA CADUTA PER UN 54ENNE<\/h3>\n<p><strong><a class=\"dt-pswp-item\" href=\"https:\/\/www.radiopiu.net\/wordpress\/wp-content\/uploads\/2019\/12\/download-8.jpg\" data-dt-img-description=\"\" data-large_image_width=\"254\" data-large_image_height=\"198\"><img loading=\"lazy\" decoding=\"async\" class=\" wp-image-109594 alignleft\" src=\"https:\/\/www.radiopiu.net\/wordpress\/wp-content\/uploads\/2019\/12\/download-8.jpg\" alt=\"\" width=\"167\" height=\"130\" \/><\/a>CENCENIGHE<\/strong> Stamane infortunio sul lavoro nel cantiere edile di Via Torino. G.S. 54anni di Ponte nelle Alpi alle dipendenze della ditta &#8220;De Pra&#8221; per cause in corso di accertamento \u00e8 precipitato da una scala di circa due metri. All&#8217;ospedale di Belluno gli \u00e8 stato diagnosticato un trauma da caduta per contusioni al torace, polso, ginocchio. Sul posto per le indagini i Carabinieri di Cencenighe e lo Spisal.<\/p>\n<p>&nbsp;<\/p>\n<p>&nbsp;<\/p>\n<p>&nbsp;<\/p>\n<blockquote><p>&nbsp;<\/p><\/blockquote>\n<p>&nbsp;<\/p>\n<p>&nbsp;<\/p>\n<h3>STAZIONE IMBRATTATA, INDAGINI DEI CARABINIERI<\/h3>\n<p><strong>LONGARONE<\/strong> Un cittadino ha segnalato ai Carabinieri l&#8217;ultimo episodio di imbrattamento in provincia, ecco le foto alla stazione di Longarone<\/p>\n<p><a class=\"dt-pswp-item\" href=\"https:\/\/www.radiopiu.net\/wordpress\/wp-content\/uploads\/2019\/12\/abda9af6-ddb5-40f3-a7fc-145ea1247efe.jpg\" data-dt-img-description=\"\" data-large_image_width=\"240\" data-large_image_height=\"320\"><img loading=\"lazy\" decoding=\"async\" class=\"alignnone size-medium wp-image-109619\" src=\"https:\/\/www.radiopiu.net\/wordpress\/wp-content\/uploads\/2019\/12\/abda9af6-ddb5-40f3-a7fc-145ea1247efe-225x300.jpg\" alt=\"\" width=\"225\" height=\"300\" srcset=\"https:\/\/www.radiopiu.net\/wordpress\/wp-content\/uploads\/2019\/12\/abda9af6-ddb5-40f3-a7fc-145ea1247efe-225x300.jpg 225w, https:\/\/www.radiopiu.net\/wordpress\/wp-content\/uploads\/2019\/12\/abda9af6-ddb5-40f3-a7fc-145ea1247efe.jpg 240w\" sizes=\"auto, (max-width: 225px) 100vw, 225px\" \/><\/a><a class=\"dt-pswp-item\" href=\"https:\/\/www.radiopiu.net\/wordpress\/wp-content\/uploads\/2019\/12\/ae312d2d-ac03-44df-aba3-f15ea69bfff6.jpg\" data-dt-img-description=\"\" data-large_image_width=\"240\" data-large_image_height=\"320\"><img loading=\"lazy\" decoding=\"async\" class=\"alignnone size-medium wp-image-109620\" src=\"https:\/\/www.radiopiu.net\/wordpress\/wp-content\/uploads\/2019\/12\/ae312d2d-ac03-44df-aba3-f15ea69bfff6-225x300.jpg\" alt=\"\" width=\"225\" height=\"300\" srcset=\"https:\/\/www.radiopiu.net\/wordpress\/wp-content\/uploads\/2019\/12\/ae312d2d-ac03-44df-aba3-f15ea69bfff6-225x300.jpg 225w, https:\/\/www.radiopiu.net\/wordpress\/wp-content\/uploads\/2019\/12\/ae312d2d-ac03-44df-aba3-f15ea69bfff6.jpg 240w\" sizes=\"auto, (max-width: 225px) 100vw, 225px\" \/><\/a><a class=\"dt-pswp-item\" href=\"https:\/\/www.radiopiu.net\/wordpress\/wp-content\/uploads\/2019\/12\/d0c627fd-389a-4190-846d-c7e8e5bf3624.jpg\" data-dt-img-description=\"\" data-large_image_width=\"240\" data-large_image_height=\"320\"><img loading=\"lazy\" decoding=\"async\" class=\"alignnone size-medium wp-image-109621\" src=\"https:\/\/www.radiopiu.net\/wordpress\/wp-content\/uploads\/2019\/12\/d0c627fd-389a-4190-846d-c7e8e5bf3624-225x300.jpg\" alt=\"\" width=\"225\" height=\"300\" srcset=\"https:\/\/www.radiopiu.net\/wordpress\/wp-content\/uploads\/2019\/12\/d0c627fd-389a-4190-846d-c7e8e5bf3624-225x300.jpg 225w, https:\/\/www.radiopiu.net\/wordpress\/wp-content\/uploads\/2019\/12\/d0c627fd-389a-4190-846d-c7e8e5bf3624.jpg 240w\" sizes=\"auto, (max-width: 225px) 100vw, 225px\" \/><\/a><a class=\"dt-pswp-item\" href=\"https:\/\/www.radiopiu.net\/wordpress\/wp-content\/uploads\/2019\/12\/61098ec1-89a1-4e56-8550-5f8a9a3da402.jpg\" data-dt-img-description=\"\" data-large_image_width=\"240\" data-large_image_height=\"320\"><img loading=\"lazy\" decoding=\"async\" class=\"alignnone size-medium wp-image-109622\" src=\"https:\/\/www.radiopiu.net\/wordpress\/wp-content\/uploads\/2019\/12\/61098ec1-89a1-4e56-8550-5f8a9a3da402-225x300.jpg\" alt=\"\" width=\"225\" height=\"300\" srcset=\"https:\/\/www.radiopiu.net\/wordpress\/wp-content\/uploads\/2019\/12\/61098ec1-89a1-4e56-8550-5f8a9a3da402-225x300.jpg 225w, https:\/\/www.radiopiu.net\/wordpress\/wp-content\/uploads\/2019\/12\/61098ec1-89a1-4e56-8550-5f8a9a3da402.jpg 240w\" sizes=\"auto, (max-width: 225px) 100vw, 225px\" \/><\/a><a class=\"dt-pswp-item\" href=\"https:\/\/www.radiopiu.net\/wordpress\/wp-content\/uploads\/2019\/12\/db8d09d1-97c6-405d-b780-40fcfbdbb219.jpg\" data-dt-img-description=\"\" data-large_image_width=\"240\" data-large_image_height=\"320\"><img loading=\"lazy\" decoding=\"async\" class=\"alignnone size-medium wp-image-109623\" src=\"https:\/\/www.radiopiu.net\/wordpress\/wp-content\/uploads\/2019\/12\/db8d09d1-97c6-405d-b780-40fcfbdbb219-225x300.jpg\" alt=\"\" width=\"225\" height=\"300\" srcset=\"https:\/\/www.radiopiu.net\/wordpress\/wp-content\/uploads\/2019\/12\/db8d09d1-97c6-405d-b780-40fcfbdbb219-225x300.jpg 225w, https:\/\/www.radiopiu.net\/wordpress\/wp-content\/uploads\/2019\/12\/db8d09d1-97c6-405d-b780-40fcfbdbb219.jpg 240w\" sizes=\"auto, (max-width: 225px) 100vw, 225px\" \/><\/a><a class=\"dt-pswp-item\" href=\"https:\/\/www.radiopiu.net\/wordpress\/wp-content\/uploads\/2019\/12\/82cc9310-11c4-4807-97e8-9970d40f17f0.jpg\" data-dt-img-description=\"\" data-large_image_width=\"240\" data-large_image_height=\"320\"><img loading=\"lazy\" decoding=\"async\" class=\"alignnone size-medium wp-image-109624\" src=\"https:\/\/www.radiopiu.net\/wordpress\/wp-content\/uploads\/2019\/12\/82cc9310-11c4-4807-97e8-9970d40f17f0-225x300.jpg\" alt=\"\" width=\"225\" height=\"300\" srcset=\"https:\/\/www.radiopiu.net\/wordpress\/wp-content\/uploads\/2019\/12\/82cc9310-11c4-4807-97e8-9970d40f17f0-225x300.jpg 225w, https:\/\/www.radiopiu.net\/wordpress\/wp-content\/uploads\/2019\/12\/82cc9310-11c4-4807-97e8-9970d40f17f0.jpg 240w\" sizes=\"auto, (max-width: 225px) 100vw, 225px\" \/><\/a><a class=\"dt-pswp-item\" href=\"https:\/\/www.radiopiu.net\/wordpress\/wp-content\/uploads\/2019\/12\/477e30dd-55fb-43fb-9fde-cf262384d73e.jpg\" data-dt-img-description=\"\" data-large_image_width=\"240\" data-large_image_height=\"320\"><img loading=\"lazy\" decoding=\"async\" class=\"alignnone size-medium wp-image-109625\" src=\"https:\/\/www.radiopiu.net\/wordpress\/wp-content\/uploads\/2019\/12\/477e30dd-55fb-43fb-9fde-cf262384d73e-225x300.jpg\" alt=\"\" width=\"225\" height=\"300\" srcset=\"https:\/\/www.radiopiu.net\/wordpress\/wp-content\/uploads\/2019\/12\/477e30dd-55fb-43fb-9fde-cf262384d73e-225x300.jpg 225w, https:\/\/www.radiopiu.net\/wordpress\/wp-content\/uploads\/2019\/12\/477e30dd-55fb-43fb-9fde-cf262384d73e.jpg 240w\" sizes=\"auto, (max-width: 225px) 100vw, 225px\" \/><\/a><\/p>\n<p>&nbsp;<\/p>\n<div><\/div>\n<p>&nbsp;<\/p>\n<h2><strong><span style=\"color: #ff0000;\">CRISI ALLA SAFILO<\/span><\/strong><\/h2>\n<p><strong>De Carlo: \u201cSalvaguardia dei posti di lavoro e vera tutela del Made in Italy\u201d. <\/strong>Un tavolo di crisi realmente operativo al Ministero dello Sviluppo Economico; un appello alla solidariet\u00e0 delle aziende del Distretto dell&#8217;occhialeria per salvaguardare i posti di lavoro; una legge che tuteli realmente il Made in Italy: questi i pilastri sui quali intende lavorare il deputato di Fratelli d&#8217;Italia e Sindaco di Calalzo di Cadore, Luca De Carlo. <em>\u201cSafilo \u00e8 nata a Calalzo, non posso non essere in prima linea in questa battaglia\u201d, ricorda De Carlo \u201c e per questo sar\u00f2 presente alla manifestazione organizzata fuori dalle porte dello stabilimento. Molti miei concittadini lavorano l\u00e0 da anni, anche da prima del trasferimento dell&#8217;impresa da Calalzo a Longarone, e ho gi\u00e0 raccolto la loro preoccupazione. Per questo, nei giorni scorsi ho contattato l&#8217;assessore regionale Elena Donazzan per capire quali sono le strategie della Regione Veneto in merito a questa crisi\u201d.<\/em><br \/>\nDe Carlo lancia due linee di azione: un appello alle imprese del Distretto dell&#8217;occhialeria e che il tavolo di crisi al MISE sia realmente operativo, nonostante il governo rosso-giallo abbia ormai completamente inchiodato il Ministero\u201d<\/p>\n<p><strong>De Menech &#8220;Chiesto intervento immediato del Ministero per lo Sviluppo Economico&#8221;<\/strong><\/p>\n<p><span style=\"color: #ff0000;\">audio dalla rassegna stampa delle otto<\/span><\/p>\n<audio class=\"wp-audio-shortcode\" id=\"audio-109573-2\" preload=\"none\" style=\"width: 100%;\" controls=\"controls\"><source type=\"audio\/mpeg\" src=\"https:\/\/www.radiopiu.net\/wordpress\/wp-content\/uploads\/2019\/12\/roger-3.mp3?_=2\" \/><a href=\"https:\/\/www.radiopiu.net\/wordpress\/wp-content\/uploads\/2019\/12\/roger-3.mp3\">https:\/\/www.radiopiu.net\/wordpress\/wp-content\/uploads\/2019\/12\/roger-3.mp3<\/a><\/audio>\n<p><strong> <a class=\"dt-pswp-item\" href=\"https:\/\/www.radiopiu.net\/wordpress\/wp-content\/uploads\/2018\/05\/Roger_De_Menech_daticamera.jpg\" data-dt-img-description=\"\" data-large_image_width=\"165\" data-large_image_height=\"228\"><img loading=\"lazy\" decoding=\"async\" class=\"size-full wp-image-49599 alignleft\" src=\"https:\/\/www.radiopiu.net\/wordpress\/wp-content\/uploads\/2018\/05\/Roger_De_Menech_daticamera.jpg\" alt=\"\" width=\"165\" height=\"228\" \/><\/a><\/strong>Il deputato bellunese Roger De Menech parteciper\u00e0\u00a0 alla manifestazione indetta dai sindacati a Longarone per protestare contro il piano di esuberi annunciato dall\u2019azienda.<em> \u00abVoglio esprimere la mia vicinanza ai lavoratori in un frangente terribile\u00bb,<\/em> afferma De Menech che gi\u00e0 ieri con la collega Serracchiani ha chiesto la convocazione di un tavolo urgente al Ministero dello Sviluppo economico alla presenza della dirigenza del gruppo Safilo, dei sindacati e delle Regioni Veneto e Friuli Venezia Giulia. <em>\u00abConfidiamo si riesca a stringere un&#8217;alleanza istituzionale &#8211; aggiungono i deputati &#8211; per far fronte a queste situazioni, anche con un monitoraggio che prevenga le crisi, almeno ove possibile, intervenendo prima che esplodono in modo cos\u00ec drammatico\u00bb.<\/em><\/p>\n<p>&nbsp;<\/p>\n<p>&nbsp;<\/p>\n<p>&nbsp;<\/p>\n<h2><span style=\"color: #ff0000;\">CRISI ALLA ACC<\/span><\/h2>\n<h3>ACC A PALAZZO CHIGI INCONTRO CON L&#8217;AMBASCIATORE CINESE<\/h3>\n<p><strong><a class=\"dt-pswp-item\" href=\"https:\/\/www.radiopiu.net\/wordpress\/wp-content\/uploads\/2019\/09\/Belluno-il-salvataggio-ACC-e-made-in-China-RP_medium.jpg\" data-dt-img-description=\"\" data-large_image_width=\"200\" data-large_image_height=\"161\"><img loading=\"lazy\" decoding=\"async\" class=\"size-full wp-image-99273 alignleft\" src=\"https:\/\/www.radiopiu.net\/wordpress\/wp-content\/uploads\/2019\/09\/Belluno-il-salvataggio-ACC-e-made-in-China-RP_medium.jpg\" alt=\"\" width=\"200\" height=\"161\" \/><\/a>ROMA<\/strong> \u201cNell\u2019incontro di\u00a0 ieri mattina tra l\u2019Ambasciatore Cinese in Italia Li Junhua e il consigliere diplomatico del presidente Conte Pietro Benassi \u00e8 stata rappresentata la forte sensibilit\u00e0 del nostro Governo sulla vicenda legata allo stabilimento Wanbao di Mel. Il Presidente del Consiglio sta seguendo da vicino e con estrema attenzione le ultime evoluzioni del caso. Come mi \u00e8 stato confermato dallo stesso consigliere Benassi, l\u2019Ambasciatore cinese ha registrato con attenzione quanto riferito e trasmetter\u00e0 alle strutture di competenza le nostre istanze\u201d. Lo afferma Federico D\u2019Inc\u00e0, Ministro per i Rapporti con il Parlamento, in seguito all\u2019incontro avvenuto questa mattina a Palazzo Chigi con l\u2019Ambasciatore Li Junhua per cercare una soluzione in merito alla delicata situazione dello stabilimento di compressori per frigoriferi con sede a Mel. \u201cL\u2019incontro odierno \u2013 riferisce il Ministro D\u2019Inc\u00e0 \u2013 rappresenta un\u2019interlocuzione preparatoria al prossimo tavolo che si terr\u00e0 marted\u00ec 17 dicembre al Ministero dello Sviluppo Economico tra l\u2019azienda, le Organizzazioni sindacali, la Regione e il Ministero: in quell\u2019occasione, ci si augura che la propriet\u00e0 cinese mostri un atteggiamento costruttivo, confidando in un\u2019adeguata azione di sensibilizzazione da parte del Governo di Pechino\u201d. \u201cAdesso \u2013 conclude il Ministro D\u2019Inc\u00e0 \u2013 attendiamo l\u2019esito del tavolo di marted\u00ec e ci auguriamo che tutte le interlocuzioni costruttive avvenute in queste settimane possano portare ad ottenere quanto richiesto per il futuro di un\u2019azienda di fondamentale importanza per il territorio e per la filiera della refrigerazione nel nostro Paese\u201d.<\/p>\n<p>&nbsp;<\/p>\n<p>&nbsp;<\/p>\n<p>&nbsp;<\/p>\n<p>&nbsp;<\/p>\n<h3>MARCOLIN, AL RINNOVO DELLA RSU AVANZA LA FEMCA CISL<\/h3>\n<p><strong>LONGARONE<\/strong> Operazioni di voto per il rinnovo delle RSU negli stabilimenti Marcolin di Fortogna e Longarone (Belluno). Ai seggi si sono recati 532 degli 837 aventi diritto al voto che hanno potuto scegliere tra due liste: Femca Cisl e Filctem Cgil, ognuna con 9 candidati. Attesa anche una lista Uil (sigla che aveva chiesto l\u2019avvio formale delle procedure elettorali) che per\u00f2 non si \u00e8 presentata. Avanza la Cisl dai 248 voti del 2016 a 325, pari al 62%. La lista Cgil da 167 voti passa a 197. La nuova RSU risulta cos\u00ec composta da 7 rappresentanti della Cisl (Elisa Arnoldo, Marilli Genova, Sonia David, Giovanna Dal Zotto, Valeria Tormen, Marilisa Lise, Lara Zandonella) e 5 della Cgil.<\/p>\n<p>&nbsp;<\/p>\n<p>&nbsp;<\/p>\n<p>&nbsp;<\/p>\n<h3>SUCCESSO DEL PIANO DI AZIONARIATO DIFFUSO<\/h3>\n<blockquote><p><em><strong>\u00a0<\/strong>I dipendenti Luxottica in Italia si uniscono per la prima volta alla comunit\u00e0 di dipendenti-azionisti nel mondo con un\u2019adesione superiore alla media del Gruppo\u00a0<\/em><\/p><\/blockquote>\n<p><strong><a class=\"dt-pswp-item\" href=\"https:\/\/www.radiopiu.net\/wordpress\/wp-content\/uploads\/2019\/09\/Essilor-Luxottica-483-306-px.jpg\" data-dt-img-description=\"\" data-large_image_width=\"483\" data-large_image_height=\"306\"><img loading=\"lazy\" decoding=\"async\" class=\" wp-image-100030 alignleft\" src=\"https:\/\/www.radiopiu.net\/wordpress\/wp-content\/uploads\/2019\/09\/Essilor-Luxottica-483-306-px-300x190.jpg\" alt=\"\" width=\"205\" height=\"130\" srcset=\"https:\/\/www.radiopiu.net\/wordpress\/wp-content\/uploads\/2019\/09\/Essilor-Luxottica-483-306-px-300x190.jpg 300w, https:\/\/www.radiopiu.net\/wordpress\/wp-content\/uploads\/2019\/09\/Essilor-Luxottica-483-306-px.jpg 483w\" sizes=\"auto, (max-width: 205px) 100vw, 205px\" \/><\/a>MILANO_FRANCIA-AGORDO <\/strong>EssilorLuxottica ha annunciato i risultati di Boost 2019, il piano di azionariato diffuso internazionale che ha registrato un tasso di sottoscrizione eccezionale pari a circa il 67% dei dipendenti idonei. Al perfezionamento del piano pi\u00f9 di 56.000 dipendenti EssilorLuxottica detengono una partecipazione finanziaria nel Gruppo. A novembre di quest&#8217;anno, EssilorLuxottica ha lanciato il primo piano di partecipazione azionaria per i dipendenti del nuovo Gruppo, esteso per la prima volta anche a 12.000 dipendenti Luxottica in Italia. L\u2019iniziativa ha raggiunto 73 paesi (contro i 43 dello scorso anno) e circa 70.000 dipendenti. I dipendenti Luxottica in Italia hanno avuto l&#8217;opportunit\u00e0 di unirsi agli oltre 48.000 colleghi Essilor in tutto il mondo che, sin dal principio e in particolare negli ultimi anni, hanno deciso di investire nella Societ\u00e0 acquistando azioni a condizioni vantaggiose. I dipendenti italiani di Luxottica, che hanno partecipato al piano per la prima volta, hanno gi\u00e0 segnato un record raggiungendo il 68% di sottoscrizione, tasso superiore alla media del Gruppo nel 2019. La partecipazione azionaria dei dipendenti \u00e8 centrale per EssilorLuxottica e rafforza il senso di impegno dei dipendenti nei confronti della mission e della strategia del Gruppo, allineando i loro interessi a lungo termine con quelli della Societ\u00e0 e degli altri azionisti e offrendo loro l&#8217;opportunit\u00e0 di partecipare alla creazione di valore e ai successi di EssilorLuxottica. La riuscita del piano \u00e8 un ulteriore passo avanti nel processo di integrazione e rafforzamento di EssilorLuxottica e ne conferma l\u2019impegno nel lungo periodo per la promozione dell\u2019azionariato diffuso dei dipendenti.<\/p>\n<p><strong>\u201cCome Luxottica crediamo fortemente nel valore della partecipazione azionaria dei dipendenti. Le nostre persone possono svolgere un ruolo pi\u00f9 attivo nello sviluppo della visione industriale di EssilorLuxottica, supportando e condividendo i risultati di un&#8217;azienda che punta a crescere e creare opportunit\u00e0 per tutti. Il successo di questa iniziativa ci rende molto orgogliosi e conferma la fiducia di ogni singolo dipendente Luxottica che ha scelto di far parte di questo viaggio insieme a noi&#8221;, ha commentato Francesco Milleri, Vice Presidente e Amministratore Delegato di Luxottica Group.<\/strong><\/p>\n<blockquote><p><em> \u201cSono molto orgoglioso del continuo successo del piano internazionale di azionariato diffuso, alla sua<\/em><br \/>\n<em>prima edizione quest&#8217;anno sotto l\u2019egida di EssilorLuxottica. Ci\u00f2 che rende questi risultati ancora pi\u00f9 straordinari \u00e8 la risposta altamente positiva dei dipendenti di Luxottica che, nonostante partecipassero per la prima volta al piano, hanno deciso di unirsi in maniera massiccia ai loro colleghi di Essilor in questa comunit\u00e0 globale di dipendenti-azionisti, comprendendo i reali vantaggi del possedere azioni della propria azienda. Ci\u00f2 rappresenta anche una pietra miliare nella costruzione di EssilorLuxottica, confermando l&#8217;allineamento dei dipendenti con la strategia del Gruppo e la sua mission di aiutare le persone a \u2018vedere meglio, vivere meglio e godere appieno della vita\u2019&#8221;, ha dichiarato Laurent Vacherot, Amministratore Delegato di Essilor<\/em><\/p><\/blockquote>\n<h2>DAL NOTIZIARIO DI RADIO PIU DEL 28 NOVEMBRE, LE ANTICIPAZIONI SULLO STABILIMENTO DI AGORDO<\/h2>\n<blockquote class=\"wp-embedded-content\" data-secret=\"RmCyrzdbh1\"><p><a href=\"https:\/\/www.radiopiu.net\/wordpress\/boost-luxottica-lo-stabilimento-di-agordo-risponde\/\">BOOST LUXOTTICA: LO STABILIMENTO DI AGORDO RISPONDE<\/a><\/p><\/blockquote>\n<p><iframe loading=\"lazy\" title=\"&#8220;BOOST LUXOTTICA: LO STABILIMENTO DI AGORDO RISPONDE&#8221; &#8212; Radio Pi\u00f9\" class=\"wp-embedded-content\" sandbox=\"allow-scripts\" security=\"restricted\" style=\"position: absolute; clip: rect(1px, 1px, 1px, 1px);\" src=\"https:\/\/www.radiopiu.net\/wordpress\/boost-luxottica-lo-stabilimento-di-agordo-risponde\/embed\/#?secret=RmCyrzdbh1\" data-secret=\"RmCyrzdbh1\" width=\"600\" height=\"338\" frameborder=\"0\" marginwidth=\"0\" marginheight=\"0\" scrolling=\"no\"><\/iframe><\/p>\n<p>&nbsp;<\/p>\n<p>&nbsp;<\/p>\n<p>&nbsp;<\/p>\n<p>&nbsp;<\/p>\n<p>&nbsp;<\/p>\n<h2><span style=\"color: #ff0000;\">LA FOTO DI IERI, L&#8217;APPUNTAMENTO DI OGGI <\/span><\/h2>\n<p><strong>CON LA PRIMA VISIONE DE &#8220;LA VAL CHE URLA&#8221; IN PRIMIERO<\/strong><\/p>\n<p><a class=\"dt-pswp-item\" href=\"https:\/\/www.radiopiu.net\/wordpress\/wp-content\/uploads\/2019\/12\/b49212bc-88d0-4c5e-96e0-38d0ba7439be.jpg\" data-dt-img-description=\"\" data-large_image_width=\"1414\" data-large_image_height=\"2048\"><img loading=\"lazy\" decoding=\"async\" class=\"alignnone size-medium wp-image-109646\" src=\"https:\/\/www.radiopiu.net\/wordpress\/wp-content\/uploads\/2019\/12\/b49212bc-88d0-4c5e-96e0-38d0ba7439be-207x300.jpg\" alt=\"\" width=\"207\" height=\"300\" srcset=\"https:\/\/www.radiopiu.net\/wordpress\/wp-content\/uploads\/2019\/12\/b49212bc-88d0-4c5e-96e0-38d0ba7439be-207x300.jpg 207w, https:\/\/www.radiopiu.net\/wordpress\/wp-content\/uploads\/2019\/12\/b49212bc-88d0-4c5e-96e0-38d0ba7439be-707x1024.jpg 707w, https:\/\/www.radiopiu.net\/wordpress\/wp-content\/uploads\/2019\/12\/b49212bc-88d0-4c5e-96e0-38d0ba7439be-768x1112.jpg 768w, https:\/\/www.radiopiu.net\/wordpress\/wp-content\/uploads\/2019\/12\/b49212bc-88d0-4c5e-96e0-38d0ba7439be-1061x1536.jpg 1061w, https:\/\/www.radiopiu.net\/wordpress\/wp-content\/uploads\/2019\/12\/b49212bc-88d0-4c5e-96e0-38d0ba7439be.jpg 1414w\" sizes=\"auto, (max-width: 207px) 100vw, 207px\" \/><\/a><\/p>\n<p>&nbsp;<\/p>\n<p>&nbsp;<\/p>\n<p>&nbsp;<\/p>\n<h3>JACOPO BALLARIN AL COMANDO DELLA SQUADRA MOBILE<\/h3>\n<p><strong><a class=\"dt-pswp-item\" href=\"https:\/\/www.radiopiu.net\/wordpress\/wp-content\/uploads\/2019\/12\/b664d25a-ad33-4bbc-98d1-98842276113e.jpg\" data-dt-img-description=\"\" data-large_image_width=\"1200\" data-large_image_height=\"1600\"><img loading=\"lazy\" decoding=\"async\" class=\" wp-image-109568 alignleft\" src=\"https:\/\/www.radiopiu.net\/wordpress\/wp-content\/uploads\/2019\/12\/b664d25a-ad33-4bbc-98d1-98842276113e-225x300.jpg\" alt=\"\" width=\"87\" height=\"116\" srcset=\"https:\/\/www.radiopiu.net\/wordpress\/wp-content\/uploads\/2019\/12\/b664d25a-ad33-4bbc-98d1-98842276113e-225x300.jpg 225w, https:\/\/www.radiopiu.net\/wordpress\/wp-content\/uploads\/2019\/12\/b664d25a-ad33-4bbc-98d1-98842276113e-768x1024.jpg 768w, https:\/\/www.radiopiu.net\/wordpress\/wp-content\/uploads\/2019\/12\/b664d25a-ad33-4bbc-98d1-98842276113e-1152x1536.jpg 1152w, https:\/\/www.radiopiu.net\/wordpress\/wp-content\/uploads\/2019\/12\/b664d25a-ad33-4bbc-98d1-98842276113e.jpg 1200w\" sizes=\"auto, (max-width: 87px) 100vw, 87px\" \/><\/a><\/strong><\/p>\n<p><strong>BELLUNO<\/strong> Il nuovo comandante della Squadra Mobile di Belluno, Jacopo Ballarin prendere il posto di Vincenzo Zonno da luned\u00ec a Conegliano.<\/p>\n<p>&nbsp;<\/p>\n<p><strong>di Moreno Gioli<\/strong><\/p>\n<audio class=\"wp-audio-shortcode\" id=\"audio-109573-3\" preload=\"none\" style=\"width: 100%;\" controls=\"controls\"><source type=\"audio\/mpeg\" src=\"https:\/\/www.radiopiu.net\/wordpress\/wp-content\/uploads\/2019\/12\/MORENO-1.mp3?_=3\" \/><a href=\"https:\/\/www.radiopiu.net\/wordpress\/wp-content\/uploads\/2019\/12\/MORENO-1.mp3\">https:\/\/www.radiopiu.net\/wordpress\/wp-content\/uploads\/2019\/12\/MORENO-1.mp3<\/a><\/audio>\n<h3>IL QUESTORE LILIA FREDELLA<\/h3>\n<audio class=\"wp-audio-shortcode\" id=\"audio-109573-4\" preload=\"none\" style=\"width: 100%;\" controls=\"controls\"><source type=\"audio\/mpeg\" src=\"https:\/\/www.radiopiu.net\/wordpress\/wp-content\/uploads\/2019\/12\/SOLOFREDELLA.mp3?_=4\" \/><a href=\"https:\/\/www.radiopiu.net\/wordpress\/wp-content\/uploads\/2019\/12\/SOLOFREDELLA.mp3\">https:\/\/www.radiopiu.net\/wordpress\/wp-content\/uploads\/2019\/12\/SOLOFREDELLA.mp3<\/a><\/audio>\n<p>&nbsp;<\/p>\n<p>&nbsp;<\/p>\n<p>&nbsp;<\/p>\n<h3>BIAHTOLON IN VALLE DI GARES? PER IL SINDACO E&#8217; UNA SCELTA PONDERATA<\/h3>\n<div class=\"articlePlainTitle\"><strong><a class=\"dt-pswp-item\" href=\"https:\/\/www.radiopiu.net\/wordpress\/wp-content\/uploads\/2019\/02\/biathlon-trophy-cortina-10-feb-2019-2.jpg\" data-dt-img-description=\"\" data-large_image_width=\"1500\" data-large_image_height=\"1000\"><img loading=\"lazy\" decoding=\"async\" class=\" wp-image-75994 alignleft\" src=\"https:\/\/www.radiopiu.net\/wordpress\/wp-content\/uploads\/2019\/02\/biathlon-trophy-cortina-10-feb-2019-2-300x200.jpg\" alt=\"\" width=\"183\" height=\"122\" srcset=\"https:\/\/www.radiopiu.net\/wordpress\/wp-content\/uploads\/2019\/02\/biathlon-trophy-cortina-10-feb-2019-2-300x200.jpg 300w, https:\/\/www.radiopiu.net\/wordpress\/wp-content\/uploads\/2019\/02\/biathlon-trophy-cortina-10-feb-2019-2-768x512.jpg 768w, https:\/\/www.radiopiu.net\/wordpress\/wp-content\/uploads\/2019\/02\/biathlon-trophy-cortina-10-feb-2019-2-1024x683.jpg 1024w, https:\/\/www.radiopiu.net\/wordpress\/wp-content\/uploads\/2019\/02\/biathlon-trophy-cortina-10-feb-2019-2.jpg 1500w\" sizes=\"auto, (max-width: 183px) 100vw, 183px\" \/><\/a>CANALE D&#8217;AGORDO<\/strong> \u00abBiathlon in val di Gares? Sarebbe opportuno migliorare Palafavera\u00bb Cos\u00ec il Corriere delle Alpi oggi in edicola. Chi parla \u00e8 Nicola Molin Pradel che chiede di potenziare la struttura &#8220;Persi anni per varie carenze ora servono cannoni, servizi e una pista da ski roll&#8221;. Molin Pradel nell&#8217;intervista si rivolge con accenno di critica alle scelte di Canale d&#8217;Agordo che peraltro investe i suoi soldi (non quelli pubblici per lo sport) dei Fondi di Confine. Immediata la risposta del sindaco Flavio Colcergnan ai microfoni di RADIO PIU<\/div>\n<div><\/div>\n<audio class=\"wp-audio-shortcode\" id=\"audio-109573-5\" preload=\"none\" style=\"width: 100%;\" controls=\"controls\"><source type=\"audio\/mpeg\" src=\"https:\/\/www.radiopiu.net\/wordpress\/wp-content\/uploads\/2019\/12\/FLAVIO.mp3?_=5\" \/><a href=\"https:\/\/www.radiopiu.net\/wordpress\/wp-content\/uploads\/2019\/12\/FLAVIO.mp3\">https:\/\/www.radiopiu.net\/wordpress\/wp-content\/uploads\/2019\/12\/FLAVIO.mp3<\/a><\/audio>\n<p>&nbsp;<\/p>\n<p>&nbsp;<\/p>\n<p>&nbsp;<\/p>\n<p>&nbsp;<\/p>\n<h3>INIZIATI I LAVORI DI MESSA IN SICUREZZA DI UNA FRANA A PERAROLO<\/h3>\n<p><strong>BELLUNO<\/strong> Avviati i lavori per la messa in sicurezza di un dissesto verificatosi a Perarolo. Si tratta di una frana a monte della strada comunale di via Romana, aggravatasi a seguito delle piogge di novembre. La Provincia di Belluno, attraverso il settore Difesa del Suolo, sta intervenendo con grande celerit\u00e0 per sistemare e consolidare il versante, nonostante le difficolt\u00e0 dell\u2019intervento. Il dissesto, infatti, si trova in una zona di non facile accesso, non servita da viabilit\u00e0. Proprio per questo, le maestranze devono fare ricorso all\u2019elicottero, e agire in massima velocit\u00e0 per evitare che un eventuale collasso improvviso del corpo di frana renda ancor pi\u00f9 difficoltoso il ripristino dei luoghi e dell\u2019accessibilit\u00e0. I lavori sono stati preceduti da approfondite indagini e modellazioni geotecniche. Al disbosco dell\u2019area seguir\u00e0 la riprofilatura del versante e la posa di una rete metallica in fili d\u2019acciaio (che sar\u00e0 bloccata mediante ancoraggi in barre). Al piede della frana verr\u00e0 realizzata una palificata. Da ultimo, verr\u00e0 ripristinato il percorso di accesso. L\u2019importo complessivo dell\u2019operazione si aggira sui 60mila euro.<\/p>\n<blockquote><p><em>\u00abSi tratta di un lavoro apparentemente di poco conto, ma di grande impatto per la sicurezza &#8211; commenta il consigliere provinciale delegato alla Difesa del Suolo, Massimo Bortoluzzi -. Anche i piccoli interventi sono fondamentali per le nostre zone di montagna, che mettono a nudo quotidianamente situazioni di fragilit\u00e0. Vaia lo ha dimostrato. La Provincia sta lavorando al meglio per la ricostruzione e anche per garantire quella sicurezza che \u00e8 fondamentale per tenere la gente a vivere nei piccoli paesi\u00bb.<\/em><\/p><\/blockquote>\n\n\t\t\t<style type='text\/css'>\n\t\t\t\t#gallery-1 {\n\t\t\t\t\tmargin: auto;\n\t\t\t\t}\n\t\t\t\t#gallery-1 .gallery-item {\n\t\t\t\t\tfloat: left;\n\t\t\t\t\tmargin-top: 10px;\n\t\t\t\t\ttext-align: center;\n\t\t\t\t\twidth: 33%;\n\t\t\t\t}\n\t\t\t\t#gallery-1 img {\n\t\t\t\t\tborder: 2px solid #cfcfcf;\n\t\t\t\t}\n\t\t\t\t#gallery-1 .gallery-caption {\n\t\t\t\t\tmargin-left: 0;\n\t\t\t\t}\n\t\t\t\t\/* see gallery_shortcode() in wp-includes\/media.php *\/\n\t\t\t<\/style>\n\t\t<div id='gallery-1' class='dt-gallery-container gallery galleryid-109573 gallery-columns-3 gallery-size-thumbnail'><dl class='gallery-item'>\n\t\t\t\t<dt class='gallery-icon landscape'>\n\t\t\t\t\t<a class=\"rollover\" href='https:\/\/www.radiopiu.net\/wordpress\/giornale-radiopiu-13-dicembre-2019-direttore-mirko-mezzacasa\/photo-2019-12-12-14-16-13-3\/'><img loading=\"lazy\" decoding=\"async\" width=\"150\" height=\"150\" src=\"https:\/\/www.radiopiu.net\/wordpress\/wp-content\/uploads\/2019\/12\/PHOTO-2019-12-12-14-16-13-3-150x150.jpg\" class=\"attachment-thumbnail size-thumbnail\" alt=\"\" \/><\/a>\n\t\t\t\t<\/dt><\/dl><dl class='gallery-item'>\n\t\t\t\t<dt class='gallery-icon landscape'>\n\t\t\t\t\t<a class=\"rollover\" href='https:\/\/www.radiopiu.net\/wordpress\/giornale-radiopiu-13-dicembre-2019-direttore-mirko-mezzacasa\/photo-2019-12-12-14-16-14-4\/'><img loading=\"lazy\" decoding=\"async\" width=\"150\" height=\"150\" src=\"https:\/\/www.radiopiu.net\/wordpress\/wp-content\/uploads\/2019\/12\/PHOTO-2019-12-12-14-16-14-4-150x150.jpg\" class=\"attachment-thumbnail size-thumbnail\" alt=\"\" \/><\/a>\n\t\t\t\t<\/dt><\/dl><dl class='gallery-item'>\n\t\t\t\t<dt class='gallery-icon landscape'>\n\t\t\t\t\t<a class=\"rollover\" href='https:\/\/www.radiopiu.net\/wordpress\/giornale-radiopiu-13-dicembre-2019-direttore-mirko-mezzacasa\/photo-2019-12-12-14-16-13-4\/'><img loading=\"lazy\" decoding=\"async\" width=\"150\" height=\"150\" src=\"https:\/\/www.radiopiu.net\/wordpress\/wp-content\/uploads\/2019\/12\/PHOTO-2019-12-12-14-16-13-4-150x150.jpg\" class=\"attachment-thumbnail size-thumbnail\" alt=\"\" \/><\/a>\n\t\t\t\t<\/dt><\/dl><br style=\"clear: both\" \/><dl class='gallery-item'>\n\t\t\t\t<dt class='gallery-icon landscape'>\n\t\t\t\t\t<a class=\"rollover\" href='https:\/\/www.radiopiu.net\/wordpress\/giornale-radiopiu-13-dicembre-2019-direttore-mirko-mezzacasa\/photo-2019-12-12-14-16-14-5\/'><img loading=\"lazy\" decoding=\"async\" width=\"150\" height=\"150\" src=\"https:\/\/www.radiopiu.net\/wordpress\/wp-content\/uploads\/2019\/12\/PHOTO-2019-12-12-14-16-14-5-150x150.jpg\" class=\"attachment-thumbnail size-thumbnail\" alt=\"\" \/><\/a>\n\t\t\t\t<\/dt><\/dl><dl class='gallery-item'>\n\t\t\t\t<dt class='gallery-icon landscape'>\n\t\t\t\t\t<a class=\"rollover\" href='https:\/\/www.radiopiu.net\/wordpress\/giornale-radiopiu-13-dicembre-2019-direttore-mirko-mezzacasa\/photo-2019-12-12-14-16-14-6\/'><img loading=\"lazy\" decoding=\"async\" width=\"150\" height=\"150\" src=\"https:\/\/www.radiopiu.net\/wordpress\/wp-content\/uploads\/2019\/12\/PHOTO-2019-12-12-14-16-14-6-150x150.jpg\" class=\"attachment-thumbnail size-thumbnail\" alt=\"\" \/><\/a>\n\t\t\t\t<\/dt><\/dl>\n\t\t\t\t<br style='clear: both' \/>\n\t\t\t<\/div>\n\n<p>&nbsp;<\/p>\n<p>&nbsp;<\/p>\n<p>&nbsp;<\/p>\n<p>&nbsp;<\/p>\n<h2><strong><span style=\"color: #ff0000;\">LE DONAZIONI<\/span><\/strong><\/h2>\n<h3>UN ELETTROMIOGRAFO ALLA NEUROLOGIA DI BELLUNO<\/h3>\n<p><strong>BELLUNO<\/strong> Donazione da parte di un privato di un\u2019apparecchiatura a favore della Neurologia del valore di 50.000,00 euro. La domanda di prestazioni elettromiografiche e\u2019 in costante aumento e l\u2019apparecchiatura andr\u00e0 ad affiancare lo strumento in uso dalle caratteristiche tecniche meno evolute.<\/p>\n<p>&nbsp;<\/p>\n<p>&nbsp;<\/p>\n<p>&nbsp;<\/p>\n<p>&nbsp;<\/p>\n<p><strong>OTTO PANCHINE DAL TILT\u00a0<\/strong><\/p>\n<p><strong>FELTRE<\/strong> Il cammino della ricostruzione post-Vaia conta anche sull&#8217;aiuto concreto e il sostegno fattivo di molti cittadini e delle associazioni feltrine. E&#8217; il caso della TITL (Tutti Insieme Lavoriamo per il Territorio) che ha donato al Comune 8 nuove panchine (per un valore complessivo di circa 5 mila euro) da posizionare in viale del Piave, negli spazi prospicienti l&#8217;ex seminario. Nei giorni scorsi gli operai comunali le hanno installate e cos\u00ec quest&#8217;oggi, alla presenza dell&#8217;assessore Zatta e di una nutrita delegazione della TILT, si \u00e8 tenuta una piccola cerimonia di inaugurazione. Per l&#8217;Amministrazione un modo semplice, ma tangibile, di dire GRAZIE a quest&#8217;associazione, da tempo impegnata in numerose iniziative e attivit\u00e0 di vario tipo a sostegno della citt\u00e0 di Feltre.<\/p>\n<p>L&#8217;ASSESSORE ADIS ZATTA<\/p>\n<audio class=\"wp-audio-shortcode\" id=\"audio-109573-6\" preload=\"none\" style=\"width: 100%;\" controls=\"controls\"><source type=\"audio\/mpeg\" src=\"https:\/\/www.radiopiu.net\/wordpress\/wp-content\/uploads\/2019\/12\/ZAATTA.mp3?_=6\" \/><a href=\"https:\/\/www.radiopiu.net\/wordpress\/wp-content\/uploads\/2019\/12\/ZAATTA.mp3\">https:\/\/www.radiopiu.net\/wordpress\/wp-content\/uploads\/2019\/12\/ZAATTA.mp3<\/a><\/audio>\n<p>&nbsp;<\/p>\n\n\t\t\t<style type='text\/css'>\n\t\t\t\t#gallery-2 {\n\t\t\t\t\tmargin: auto;\n\t\t\t\t}\n\t\t\t\t#gallery-2 .gallery-item {\n\t\t\t\t\tfloat: left;\n\t\t\t\t\tmargin-top: 10px;\n\t\t\t\t\ttext-align: center;\n\t\t\t\t\twidth: 33%;\n\t\t\t\t}\n\t\t\t\t#gallery-2 img {\n\t\t\t\t\tborder: 2px solid #cfcfcf;\n\t\t\t\t}\n\t\t\t\t#gallery-2 .gallery-caption {\n\t\t\t\t\tmargin-left: 0;\n\t\t\t\t}\n\t\t\t\t\/* see gallery_shortcode() in wp-includes\/media.php *\/\n\t\t\t<\/style>\n\t\t<div id='gallery-2' class='dt-gallery-container gallery galleryid-109573 gallery-columns-3 gallery-size-thumbnail'><dl class='gallery-item'>\n\t\t\t\t<dt class='gallery-icon landscape'>\n\t\t\t\t\t<a class=\"rollover\" href='https:\/\/www.radiopiu.net\/wordpress\/giornale-radiopiu-13-dicembre-2019-direttore-mirko-mezzacasa\/936d1d10-588e-4567-ac22-347a05f3b70e\/'><img loading=\"lazy\" decoding=\"async\" width=\"150\" height=\"150\" src=\"https:\/\/www.radiopiu.net\/wordpress\/wp-content\/uploads\/2019\/12\/936d1d10-588e-4567-ac22-347a05f3b70e-150x150.jpg\" class=\"attachment-thumbnail size-thumbnail\" alt=\"\" \/><\/a>\n\t\t\t\t<\/dt><\/dl><dl class='gallery-item'>\n\t\t\t\t<dt class='gallery-icon landscape'>\n\t\t\t\t\t<a class=\"rollover\" href='https:\/\/www.radiopiu.net\/wordpress\/giornale-radiopiu-13-dicembre-2019-direttore-mirko-mezzacasa\/69915db9-06f0-4686-9cc6-54a544e4d430\/'><img loading=\"lazy\" decoding=\"async\" width=\"150\" height=\"150\" src=\"https:\/\/www.radiopiu.net\/wordpress\/wp-content\/uploads\/2019\/12\/69915db9-06f0-4686-9cc6-54a544e4d430-150x150.jpg\" class=\"attachment-thumbnail size-thumbnail\" alt=\"\" \/><\/a>\n\t\t\t\t<\/dt><\/dl>\n\t\t\t\t<br style='clear: both' \/>\n\t\t\t<\/div>\n\n<p>&nbsp;<\/p>\n<p>&nbsp;<\/p>\n<p>&nbsp;<\/p>\n<p>&nbsp;<\/p>\n<h3>CONVENZIONE ULSS1-ASSI ONLUS-ASSOCIAZIONE SOCIALE SPORTIVA INVALIDI<\/h3>\n<p><strong>BELLUNO<\/strong> La Convenzione \u00e8 stata firmata ieri.L\u2019Associazione che partecipa ai tavoli del Piano di Zona dell\u2019ULSS n.1 Dolomiti, ha da tempo avviato una virtuosa collaborazione con il Dipartimento di riabilitazione Ospedale Territorio e promuove in modo nuovo ed innovativo la vita indipendente. L\u2019associazione ha recentemente richiesto il rinnovo della convenzione in scadenza e l\u2019Azienda ULSS 1 Dolomiti ha ritenuto di continuare ad avvalersi di tale sinergia e a sostenere e sviluppare gli interventi finalizzati al mantenimento e al raggiungimento della autonomia delle persone con disabilit\u00e0, nonch\u00e9 alla loro inclusione sociale, considerati anche i risultati raggiunti nel corso della collaborazione. Il Direttore Generale dell\u2019ULSS 1, dott. Adriano Rasi Caldogno e il Presidente di ASSI, Oscar De Pellgrin, esprimono soddisfazione per il prosieguo della congiunta attivit\u00e0 in favore delle persone beneficiarie delle iniziative in programma.<\/p>\n<p>&nbsp;<\/p>\n<p>&nbsp;<\/p>\n<p>&nbsp;<\/p>\n<p>&nbsp;<\/p>\n<h3>COLONNINE PER LA RICARICA DELLE\u00a0 E BIKE CON LA CASSA RURALE DOLOMITI<\/h3>\n<p><strong><a class=\"dt-pswp-item\" href=\"https:\/\/www.radiopiu.net\/wordpress\/wp-content\/uploads\/2019\/12\/stazione-ricarica-ebike-etraction-thok.jpg\" data-dt-img-description=\"\" data-large_image_width=\"750\" data-large_image_height=\"402\"><img loading=\"lazy\" decoding=\"async\" class=\"size-medium wp-image-109638 alignleft\" src=\"https:\/\/www.radiopiu.net\/wordpress\/wp-content\/uploads\/2019\/12\/stazione-ricarica-ebike-etraction-thok-300x161.jpg\" alt=\"\" width=\"300\" height=\"161\" srcset=\"https:\/\/www.radiopiu.net\/wordpress\/wp-content\/uploads\/2019\/12\/stazione-ricarica-ebike-etraction-thok-300x161.jpg 300w, https:\/\/www.radiopiu.net\/wordpress\/wp-content\/uploads\/2019\/12\/stazione-ricarica-ebike-etraction-thok.jpg 750w\" sizes=\"auto, (max-width: 300px) 100vw, 300px\" \/><\/a>AGORDINO.<\/strong> L&#8217;obiettivo \u00e8 arrivare a installare venticinque colonnine per la ricarica delle e-bike lungo le strade che dalla stazione di Bribano portano ad Arabba, Malga Ciapela e Falcade. Tante ne ha infatti acquistate la Cassa rurale Dolomiti di Fassa Primiero e Belluno dalla Repower, una societ\u00e0 nata in Svizzera che opera anche nel mercato italiano fornendo energia e servizi alle piccole-medie imprese.<\/p>\n<h3>DI GIANNI SANTOMASO<\/h3>\n<p>&nbsp;<\/p>\n<audio class=\"wp-audio-shortcode\" id=\"audio-109573-7\" preload=\"none\" style=\"width: 100%;\" controls=\"controls\"><source type=\"audio\/mpeg\" src=\"https:\/\/www.radiopiu.net\/wordpress\/wp-content\/uploads\/2019\/12\/gianni-colonne.mp3?_=7\" \/><a href=\"https:\/\/www.radiopiu.net\/wordpress\/wp-content\/uploads\/2019\/12\/gianni-colonne.mp3\">https:\/\/www.radiopiu.net\/wordpress\/wp-content\/uploads\/2019\/12\/gianni-colonne.mp3<\/a><\/audio>\n<p>&nbsp;<\/p>\n<p>&nbsp;<\/p>\n<p>&nbsp;<\/p>\n<h2>I BOSCHI DELL&#8217;AGORDINO E L&#8217;INCONTRO CON PERSONAGGI E TRADIZIONI<\/h2>\n<p><strong>DI MATTEO MANFROI<\/strong><\/p>\n<p><strong><a class=\"dt-pswp-item\" href=\"https:\/\/www.radiopiu.net\/wordpress\/wp-content\/uploads\/2019\/12\/WisJ7X4q.jpeg\" data-dt-img-description=\"\" data-large_image_width=\"971\" data-large_image_height=\"971\"><img loading=\"lazy\" decoding=\"async\" class=\"wp-image-109643 alignleft\" src=\"https:\/\/www.radiopiu.net\/wordpress\/wp-content\/uploads\/2019\/12\/WisJ7X4q-300x300.jpeg\" alt=\"\" width=\"155\" height=\"155\" srcset=\"https:\/\/www.radiopiu.net\/wordpress\/wp-content\/uploads\/2019\/12\/WisJ7X4q-300x300.jpeg 300w, https:\/\/www.radiopiu.net\/wordpress\/wp-content\/uploads\/2019\/12\/WisJ7X4q-150x150.jpeg 150w, https:\/\/www.radiopiu.net\/wordpress\/wp-content\/uploads\/2019\/12\/WisJ7X4q-768x768.jpeg 768w, https:\/\/www.radiopiu.net\/wordpress\/wp-content\/uploads\/2019\/12\/WisJ7X4q.jpeg 971w\" sizes=\"auto, (max-width: 155px) 100vw, 155px\" \/><\/a>FALCADE<\/strong> L&#8217;Agordino ha risposto alla grande, in tanti ieri sera al Cinema Dolomiti di Falcade per lo spettacolo di Dimitri e Francesca, una serata di speranza attraverso le note e la voce di Francesca Gallo, una musicista artigiana di Treviso che costruisce fisarmoniche da tradizione di famiglia e che per cercare i legni adatti per i suoi adorati strumenti si \u00e8 spinta fin nelle nostre valli agordine, rimanendone incatenata. Insieme al regista Dimitri Feltrin ha dato vita a un filmato dove questo amore per la montagna lo si evince dalle prime riprese. Un incontro con gente vera della valle del Biois ma anche del Poi con Tita lo scultore dei \u201colt\u201d\u00a0 e i ladini locali, gente creativa e semplice, che la ha accolta con naturalezza e spontaneit\u00e0<\/p>\n<audio class=\"wp-audio-shortcode\" id=\"audio-109573-8\" preload=\"none\" style=\"width: 100%;\" controls=\"controls\"><source type=\"audio\/mpeg\" src=\"https:\/\/www.radiopiu.net\/wordpress\/wp-content\/uploads\/2019\/12\/MATTEO.mp3?_=8\" \/><a href=\"https:\/\/www.radiopiu.net\/wordpress\/wp-content\/uploads\/2019\/12\/MATTEO.mp3\">https:\/\/www.radiopiu.net\/wordpress\/wp-content\/uploads\/2019\/12\/MATTEO.mp3<\/a><\/audio>\n<p>&nbsp;<\/p>\n<p>&nbsp;<\/p>\n<p>&nbsp;<\/p>\n<h3>IMPARARE E ISPIRARSI DAL CONFRONTO, TRASFERTE D&#8217;ALTO LIVELLO PER I RAGAZZI DI CERTOTTICA<\/h3>\n<p><strong>LONGARONE<\/strong> Apprendere significa confrontarsi con il mondo del lavoro, ma anche trarre ispirazione da quanto esiste attorno a noi: lo sa bene lo staff dell\u2019Area Formazione di Certottica che in questo mese ha organizzato istruttive trasferte per diversi corsi del Politecnico Internazionale dell\u2019Occhiale. A cominciare dalla due giorni a Milano degli allievi del corso in Digital Marketing. I\u00a0partecipanti sono stati ospitati da Anfao per un workshop con Alessandra Salimbene, esperta di Digital and Retail Marketing nel settore eyewear, che ha interagito stimolando i giovani in ogni aspetto del settore. La trasferta si \u00e8 conclusa con la visita a Super by Retrosuperfuture, marchio d&#8217;avanguardia che ha fatto della comunicazione digitale uno dei propri punti di forza. Nell\u2019altro corso finanziato dal protocollo, per progettista CAD-CAM, i ragazzi hanno implementato le loro conoscenze grazie ad una trasferta nel Varesotto, guidata dal docente ed esperto Fabrizio Pradal, che li ha accompagnati a conoscere importanti realt\u00e0 del settore. La stessa classe \u00e8 stata anche protagonista di una delle pi\u00f9 stimolanti \u201clezioni\u201d fuori porta dell\u2019anno: con la Color Specialist di fama internazionale, Francesca Valan, si sono recati in Laguna alla Fondazione Orsoni.<\/p>\n\n\t\t\t<style type='text\/css'>\n\t\t\t\t#gallery-3 {\n\t\t\t\t\tmargin: auto;\n\t\t\t\t}\n\t\t\t\t#gallery-3 .gallery-item {\n\t\t\t\t\tfloat: left;\n\t\t\t\t\tmargin-top: 10px;\n\t\t\t\t\ttext-align: center;\n\t\t\t\t\twidth: 33%;\n\t\t\t\t}\n\t\t\t\t#gallery-3 img {\n\t\t\t\t\tborder: 2px solid #cfcfcf;\n\t\t\t\t}\n\t\t\t\t#gallery-3 .gallery-caption {\n\t\t\t\t\tmargin-left: 0;\n\t\t\t\t}\n\t\t\t\t\/* see gallery_shortcode() in wp-includes\/media.php *\/\n\t\t\t<\/style>\n\t\t<div id='gallery-3' class='dt-gallery-container gallery galleryid-109573 gallery-columns-3 gallery-size-thumbnail'><dl class='gallery-item'>\n\t\t\t\t<dt class='gallery-icon landscape'>\n\t\t\t\t\t<a class=\"rollover\" href='https:\/\/www.radiopiu.net\/wordpress\/giornale-radiopiu-13-dicembre-2019-direttore-mirko-mezzacasa\/visita-fondazione-orsoni\/'><img loading=\"lazy\" decoding=\"async\" width=\"150\" height=\"150\" src=\"https:\/\/www.radiopiu.net\/wordpress\/wp-content\/uploads\/2019\/12\/VISITA-FONDAZIONE-ORSONI-150x150.jpg\" class=\"attachment-thumbnail size-thumbnail\" alt=\"\" aria-describedby=\"gallery-3-109582\" \/><\/a>\n\t\t\t\t<\/dt>\n\t\t\t\t\t<dd class='wp-caption-text gallery-caption' id='gallery-3-109582'>\n\t\t\t\t\tVISITA FONDAZIONE ORSONI\n\t\t\t\t\t<\/dd><\/dl><dl class='gallery-item'>\n\t\t\t\t<dt class='gallery-icon landscape'>\n\t\t\t\t\t<a class=\"rollover\" href='https:\/\/www.radiopiu.net\/wordpress\/giornale-radiopiu-13-dicembre-2019-direttore-mirko-mezzacasa\/gli-allievi-nella-sede-di-anfao-con-alessandra-salimbene\/'><img loading=\"lazy\" decoding=\"async\" width=\"150\" height=\"150\" src=\"https:\/\/www.radiopiu.net\/wordpress\/wp-content\/uploads\/2019\/12\/GLI-ALLIEVI-NELLA-SEDE-DI-ANFAO-CON-ALESSANDRA-SALIMBENE-150x150.jpg\" class=\"attachment-thumbnail size-thumbnail\" alt=\"\" aria-describedby=\"gallery-3-109581\" \/><\/a>\n\t\t\t\t<\/dt>\n\t\t\t\t\t<dd class='wp-caption-text gallery-caption' id='gallery-3-109581'>\n\t\t\t\t\tGLI ALLIEVI NELLA SEDE DI ANFAO CON ALESSANDRA SALIMBENE\n\t\t\t\t\t<\/dd><\/dl><dl class='gallery-item'>\n\t\t\t\t<dt class='gallery-icon landscape'>\n\t\t\t\t\t<a class=\"rollover\" href='https:\/\/www.radiopiu.net\/wordpress\/giornale-radiopiu-13-dicembre-2019-direttore-mirko-mezzacasa\/gli-allievi-con-alessandra-salimbene-1\/'><img loading=\"lazy\" decoding=\"async\" width=\"150\" height=\"150\" src=\"https:\/\/www.radiopiu.net\/wordpress\/wp-content\/uploads\/2019\/12\/GLI-ALLIEVI-CON-ALESSANDRA-SALIMBENE-1-150x150.jpg\" class=\"attachment-thumbnail size-thumbnail\" alt=\"\" aria-describedby=\"gallery-3-109580\" \/><\/a>\n\t\t\t\t<\/dt>\n\t\t\t\t\t<dd class='wp-caption-text gallery-caption' id='gallery-3-109580'>\n\t\t\t\t\tGLI ALLIEVI CON ALESSANDRA SALIMBENE-1\n\t\t\t\t\t<\/dd><\/dl><br style=\"clear: both\" \/>\n\t\t\t<\/div>\n\n<p>&nbsp;<\/p>\n<p>&nbsp;<\/p>\n<h2><span style=\"color: #ff0000;\">OGGI<\/span><\/h2>\n<h3>DA UN&#8217;IDEA DI ALESSANDRA FONTANA: QUALI STRADE PER LA VIABILITA&#8217;?<\/h3>\n<p><strong><a class=\"dt-pswp-item\" href=\"https:\/\/www.radiopiu.net\/wordpress\/wp-content\/uploads\/2019\/12\/fa869523-703a-49d5-aa4d-2e161779aeec.jpg\" data-dt-img-description=\"\" data-large_image_width=\"708\" data-large_image_height=\"1024\"><img loading=\"lazy\" decoding=\"async\" class=\"wp-image-108948 alignleft\" src=\"https:\/\/www.radiopiu.net\/wordpress\/wp-content\/uploads\/2019\/12\/fa869523-703a-49d5-aa4d-2e161779aeec-207x300.jpg\" alt=\"\" width=\"131\" height=\"190\" srcset=\"https:\/\/www.radiopiu.net\/wordpress\/wp-content\/uploads\/2019\/12\/fa869523-703a-49d5-aa4d-2e161779aeec-207x300.jpg 207w, https:\/\/www.radiopiu.net\/wordpress\/wp-content\/uploads\/2019\/12\/fa869523-703a-49d5-aa4d-2e161779aeec.jpg 708w\" sizes=\"auto, (max-width: 131px) 100vw, 131px\" \/><\/a><\/strong><\/p>\n<p>&nbsp;<\/p>\n<p>&nbsp;<\/p>\n<p>&nbsp;<\/p>\n<p><strong>BELLUNO<\/strong><\/p>\n<p><strong>DI ROBERTO BONA<\/strong><\/p>\n<audio class=\"wp-audio-shortcode\" id=\"audio-109573-9\" preload=\"none\" style=\"width: 100%;\" controls=\"controls\"><source type=\"audio\/mpeg\" src=\"https:\/\/www.radiopiu.net\/wordpress\/wp-content\/uploads\/2019\/12\/ROBERTO-BONA.mp3?_=9\" \/><a href=\"https:\/\/www.radiopiu.net\/wordpress\/wp-content\/uploads\/2019\/12\/ROBERTO-BONA.mp3\">https:\/\/www.radiopiu.net\/wordpress\/wp-content\/uploads\/2019\/12\/ROBERTO-BONA.mp3<\/a><\/audio>\n<p>&nbsp;<\/p>\n<h3><\/h3>\n<p>&nbsp;<\/p>\n<h3>PRATICHE GENERATIVE PER IL LAVORO<\/h3>\n<p><strong>BELLUNO<\/strong> Oggi alle 9 in sala Bianchi si terr\u00e0 il seminario \u201cRizomi: pratiche generative per il lavoro\u201d. L\u2019appuntamento organizzato da Met\u00e0logos intende fare il punto sul progetto del 2018-2019 di inserimento lavorativo di persone svantaggiate a causa di disabilit\u00e0, dipendenze e a rischio povert\u00e0. Tavola rotonda con \u00a0Gabriella Faoro &#8211; Responsabile Veneto Lavoro; \u00a0Enrico Verdozzi &#8211; Responsabile Servizi di Inserimento Lavorativo Ulss 1 Dolomiti; \u00a0Rossella Di Marzo &#8211; Responsabile Servizi Sociali Comune di Belluno; \u00a0Camillo De Pellegrin \u2013 Sindaco di Val di Zoldo; \u00a0Rudy Roffar\u00e8 \u2013 Segretario Aggiunto della CISL Belluno \u2013 Treviso;<\/p>\n<p>&nbsp;<\/p>\n<p>&nbsp;<\/p>\n<h4>TRENI. NUOVI ORARI DA DOMENICA 15 DICEMBRE. \u201cIL MIGLIORAMENTO CONCRETO DI UN SERVIZIO CHE CONTINUIAMO A PERFEZIONARE\u201d<\/h4>\n<p><strong>VENEZIA\u00a0<\/strong> Da domenica prossima 15 dicembre entrano in vigore i nuovi orari ferroviari che, rispetto agli attuali, presentano poche variazioni che migliorano ulteriormente i servizi. <em>\u201cLa conferma della validit\u00e0 della struttura complessiva dell\u2019orario \u2013 sottolinea l\u2019assessore regionale ai trasporti, Elisa De Berti \u2013 testimonia il proficuo e costante lavoro di perfezionamento del servizio di trasporto che abbiamo condotto in questi anni, instaurando da una parte un buon rapporto di collaborazione con Trenitalia e mantenendo dall\u2019altra un proficuo confronto con le rappresentanze dei pendolari, alle cui istanze abbiamo sempre dedicato una doverosa attenzione. Le poche modifiche che abbiamo introdotto per il 2020 ci consentono di affinare l\u2019offerta e di assicurare viaggi pi\u00f9 puntuali e funzionali, soprattutto nelle aree a maggior domanda\u201d<\/em><\/p>\n<p>&nbsp;<\/p>\n<p>&nbsp;<\/p>\n<h3>\u201cNIDO IN FAMIGLIA\u201d: AL VIA IL PROGETTO DEL FONDO WELFARE PER DARE UN SERVIZIO IN PI\u00d9 AI GENITORI<\/h3>\n<p><strong><a class=\"dt-pswp-item\" href=\"https:\/\/www.radiopiu.net\/wordpress\/wp-content\/uploads\/2019\/02\/101518A1WELFARE.jpg\" data-dt-img-description=\"\" data-large_image_width=\"1920\" data-large_image_height=\"1080\"><img loading=\"lazy\" decoding=\"async\" class=\"size-medium wp-image-75659 alignleft\" src=\"https:\/\/www.radiopiu.net\/wordpress\/wp-content\/uploads\/2019\/02\/101518A1WELFARE-300x169.jpg\" alt=\"\" width=\"300\" height=\"169\" srcset=\"https:\/\/www.radiopiu.net\/wordpress\/wp-content\/uploads\/2019\/02\/101518A1WELFARE-300x169.jpg 300w, https:\/\/www.radiopiu.net\/wordpress\/wp-content\/uploads\/2019\/02\/101518A1WELFARE-768x432.jpg 768w, https:\/\/www.radiopiu.net\/wordpress\/wp-content\/uploads\/2019\/02\/101518A1WELFARE-1024x576.jpg 1024w, https:\/\/www.radiopiu.net\/wordpress\/wp-content\/uploads\/2019\/02\/101518A1WELFARE.jpg 1920w\" sizes=\"auto, (max-width: 300px) 100vw, 300px\" \/><\/a>BELLUNO<\/strong> Alla domanda \u201ccome affrontare lo spopolamento?\u201d, il Fondo Welfare e Identit\u00e0 Territoriale risponde con la concretezza dei servizi. In particolare alle famiglie e ai genitori, che per vivere e lavorare in montagna hanno la necessit\u00e0 di un sostegno vicino a casa. Nasce da questa convinzione il progetto \u201cNido in famiglia\u201d. Si tratta di una forma di sostegno ai freschi genitori, che rappresenta una corretta mediazione tra la struttura organizzata dell\u2019asilo nido classico e l\u2019assenza totale di servizio nei piccoli centri di montagna. Infatti, la proposta di gratuit\u00e0 avanzata dal governo centrale per gli asili nido si scontra con la loro mancanza in gran parte del territorio bellunese. Il \u201cNido in famiglia\u201d \u00e8 una possibilit\u00e0 concreta: \u00e8 regolamentato dalla legislazione regionale, fornisce garanzie di gestione sia del percorso educativo sia di quello della cura fisica del bambino dai 3 mesi ai 3 anni, con educatrici abilitate e certificate, spesso loro stesse mamme con un figlio di quell\u2019et\u00e0; pu\u00f2 contenere al massimo 6 bambini, in una casa\u00a0 dotata di abitabilit\u00e0 e in sicurezza per la prima infanzia.<br \/>\nIl Fondo Welfare e Identit\u00e0 Territoriale intende nei suoi progetti per il 2020 favorire il sorgere di queste strutture, quale forma di servizio per la genitorialit\u00e0 nei territori meno popolati del Bellunese; anche attraverso l\u2019erogazione di contributi per il corso abilitante della persona che intende istituire un nido in famiglia (come previsto dalla Dgr 153 Regione Veneto del 16 febbraio 2018), e finanziando la formazione dei gestori\/educatori. Inoltre, il Fondo accompagner\u00e0 passo dopo passo l\u2019avvio di queste strutture.<\/p>\n<p><strong>MAURO DE CARLI_CGIL<\/strong><\/p>\n<audio class=\"wp-audio-shortcode\" id=\"audio-109573-10\" preload=\"none\" style=\"width: 100%;\" controls=\"controls\"><source type=\"audio\/mpeg\" src=\"https:\/\/www.radiopiu.net\/wordpress\/wp-content\/uploads\/2019\/12\/MAURO.mp3?_=10\" \/><a href=\"https:\/\/www.radiopiu.net\/wordpress\/wp-content\/uploads\/2019\/12\/MAURO.mp3\">https:\/\/www.radiopiu.net\/wordpress\/wp-content\/uploads\/2019\/12\/MAURO.mp3<\/a><\/audio>\n<p>&nbsp;<\/p>\n<p><strong>FRAN<\/strong><strong>CESCA DE BIASI PRESIDENTE WELFARE TERRITORIALE<\/strong><\/p>\n<audio class=\"wp-audio-shortcode\" id=\"audio-109573-11\" preload=\"none\" style=\"width: 100%;\" controls=\"controls\"><source type=\"audio\/mpeg\" src=\"https:\/\/www.radiopiu.net\/wordpress\/wp-content\/uploads\/2019\/12\/FRANCESCA-1.mp3?_=11\" \/><a href=\"https:\/\/www.radiopiu.net\/wordpress\/wp-content\/uploads\/2019\/12\/FRANCESCA-1.mp3\">https:\/\/www.radiopiu.net\/wordpress\/wp-content\/uploads\/2019\/12\/FRANCESCA-1.mp3<\/a><\/audio>\n<p>&nbsp;<\/p>\n<p>&nbsp;<\/p>\n<p>&nbsp;<\/p>\n<p>&nbsp;<\/p>\n<h3>IL CORPO NAZIONALE SOCCORSO ALPINO E SPELEOLOGICO COMPIE 65 ANNI<\/h3>\n<div><span class=\"Apple-style-span\"><a class=\"dt-pswp-item\" href=\"https:\/\/www.radiopiu.net\/wordpress\/wp-content\/uploads\/2019\/12\/IMG-20191212-WA0006_resized.jpg\" data-dt-img-description=\"\" data-large_image_width=\"1200\" data-large_image_height=\"856\"><img loading=\"lazy\" decoding=\"async\" class=\" wp-image-109587 alignleft\" src=\"https:\/\/www.radiopiu.net\/wordpress\/wp-content\/uploads\/2019\/12\/IMG-20191212-WA0006_resized-300x214.jpg\" alt=\"\" width=\"236\" height=\"168\" srcset=\"https:\/\/www.radiopiu.net\/wordpress\/wp-content\/uploads\/2019\/12\/IMG-20191212-WA0006_resized-300x214.jpg 300w, https:\/\/www.radiopiu.net\/wordpress\/wp-content\/uploads\/2019\/12\/IMG-20191212-WA0006_resized-1024x730.jpg 1024w, https:\/\/www.radiopiu.net\/wordpress\/wp-content\/uploads\/2019\/12\/IMG-20191212-WA0006_resized-768x548.jpg 768w, https:\/\/www.radiopiu.net\/wordpress\/wp-content\/uploads\/2019\/12\/IMG-20191212-WA0006_resized.jpg 1200w\" sizes=\"auto, (max-width: 236px) 100vw, 236px\" \/><\/a><\/span><strong>BELLUNO<\/strong> Il 12 dicembre 1954 il Consiglio Centrale del Club Alpino Italiano costituiva il Corpo Soccorso Alpino: la realt\u00e0 che in breve sarebbe diventata il Corpo Nazionale Soccorso Alpino e Speleologico (CNSAS). Si dava per la prima volta un\u2019organizzazione strutturata a livello nazionale per istituzionalizzare le forme di aiuto e solidariet\u00e0 da sempre presenti nelle comunit\u00e0 di montagna. Sono passati sessantacinque anni da quel giorno, e il Soccorso Alpino e Speleologico festeggia oggi questo lungo percorso. Una crescita costante, sin dagli albori, realizzata grazie all\u2019impegno, alla passione e alla dedizione dei suoi componenti. \u00a0La pioneristica organizzazione di un tempo \u00e8 via via cresciuta nella propria istituzionalizzazione, divenendo il punto di riferimento a livello nazionale per il soccorso in montagna, in ambiente ipogeo e, in genere, per il soccorso in ambiente ostile e impervio. Un servizio fondamentale per il Paese e per le sue comunit\u00e0, soprattutto quelle delle aree interne e montane, spesso le pi\u00f9 fragili e bisognose. <strong><span class=\"Apple-style-span\">\u00a0I<\/span><span class=\"Apple-style-span\"><strong>L<\/strong> PENSIERO ALLE FAMIGLIE E AI CADUTI <\/span><\/strong>\u201cIn occasione del 65\u00b0 anniversario di fondazione del Corpo, la Direzione Nazionale del CNSAS e tutte le strutture regionali vogliono ricordare i soccorritori, le loro famiglie, che si sono impegnati e si impegnano ogni giorno, senza soluzione di continuit\u00e0 e con marcati coefficienti di rischio&#8230;<\/div>\n<div><strong>DAI NOTIZIARI DI IERI L&#8217;ARTICOLO COMPLETO<\/strong><\/div>\n<div><\/div>\n<div>https:\/\/www.radiopiu.net\/wordpress\/il-corpo-nazionale-soccorso-alpino-e-speleologico-compie-65-anni\/<\/div>\n<div><\/div>\n<p>&nbsp;<\/p>\n<p>&nbsp;<\/p>\n<h3><strong>IL BARD INCONTRA IL MINISTRO BOCCIA <\/strong><strong>\u00abCONFRONTO CORDIALE\u00bb<\/strong><\/h3>\n<p><strong><a class=\"dt-pswp-item\" href=\"https:\/\/www.radiopiu.net\/wordpress\/wp-content\/uploads\/2019\/12\/Bard-Incontro-Ministro-Boccia.jpeg\" data-dt-img-description=\"\" data-large_image_width=\"1475\" data-large_image_height=\"1106\"><img loading=\"lazy\" decoding=\"async\" class=\" wp-image-109652 alignleft\" src=\"https:\/\/www.radiopiu.net\/wordpress\/wp-content\/uploads\/2019\/12\/Bard-Incontro-Ministro-Boccia-300x225.jpeg\" alt=\"\" width=\"209\" height=\"157\" srcset=\"https:\/\/www.radiopiu.net\/wordpress\/wp-content\/uploads\/2019\/12\/Bard-Incontro-Ministro-Boccia-300x225.jpeg 300w, https:\/\/www.radiopiu.net\/wordpress\/wp-content\/uploads\/2019\/12\/Bard-Incontro-Ministro-Boccia-1024x768.jpeg 1024w, https:\/\/www.radiopiu.net\/wordpress\/wp-content\/uploads\/2019\/12\/Bard-Incontro-Ministro-Boccia-768x576.jpeg 768w, https:\/\/www.radiopiu.net\/wordpress\/wp-content\/uploads\/2019\/12\/Bard-Incontro-Ministro-Boccia.jpeg 1475w\" sizes=\"auto, (max-width: 209px) 100vw, 209px\" \/><\/a>BELLUNO\u00a0<\/strong> Una delegazione del movimento Belluno Autonoma Regione Dolomiti, guidata dal presidente Andrea Bona, ha incontrato questo pomeriggio a Roma il Ministro per gli affari regionali e le autonomie, Francesco Boccia: \u00ab\u00c8 stato un incontro lungo e molto cordiale, durante il quale abbiamo avuto modo di ribadire la necessit\u00e0 di autonomia della Provincia di Belluno\u00bb, commenta Bona, ricevuto da Boccia e dal capo di gabinetto del Ministro per i rapporti con il Parlamento Federico D&#8217;Inc\u00e0 assieme al vicepresidente BARD, Roberto Brustolon, e alla segretaria del movimento, Marinella Piazza. \u00abAbbiamo illustrato, numeri alla mano, le condizioni che rendono inevitabile il riconoscimento della dovuta autonomia alla Provincia di Belluno: la condizione montana, la forte presenza di minoranze linguistiche, la vicinanza a realt\u00e0 a statuto speciale rendono l&#8217;autonomia una condizione non di favore, ma necessaria per la sopravvivenza della popolazione\u00bb, spiega Bona. Il Ministro Boccia ha consegnato ai rappresentanti del movimento il testo del provvedimento sull&#8217;autonomia differenziata regionale, chiedendo pazienza e fiducia nel suo operato: \u00abAbbiamo pieno rispetto dello Stato e del Ministro, al quale avevamo chiesto un incontro all&#8217;indomani del suo insediamento, e rispettiamo le sue richieste, ma credo che il nostro messaggio sia passato forte e chiaro: non c&#8217;\u00e8 pi\u00f9 tempo da perdere; vanno riconosciuti al pi\u00f9 presto i diritti di chi vive la montagna, area oggi sempre pi\u00f9 soggetta a spopolamento e che necessita di una particolare gestione vista anche la radicata presenza di minoranze linguistiche sul proprio territorio storico\u00bb. Al termine dell&#8217;incontro, si \u00e8 concordato che altri confronti tra il Ministero e il movimento BARD seguiranno nelle prossime settimane.<\/p>\n<p>&nbsp;<\/p>\n<p>&nbsp;<\/p>\n<p>&nbsp;<\/p>\n<h3>COLONNE SONORE PER LE LETTURE: IL SERVIZIO SPOTIFY PER GLI UTENTI DELLE BIBLIOTECHE BELLUNESI<\/h3>\n<p><strong>BELLUNO<\/strong> Gli utenti delle biblioteche potranno scaricare libri in formato digitale e contemporaneamente ascoltare tracce musicali, direttamente dal pc. A giorni sar\u00e0 disponibile su MediaLibraryOnLine l\u2019integrazione del servizio Spotify, per la ricerca e l\u2019ascolto integrale di tracce musicali da computer, direttamente dalla piattaforma Mlol per le Biblioteche Bellunesi.\u00a0 Il servizio integrato \u00e8 disponibile esclusivamente su computer. L\u2019utente non dovr\u00e0 fare altro che registrarsi a Spotify e installarlo sul proprio computer, nella versione Free o Premium.<\/p>\n<p>&nbsp;<\/p>\n<p>&nbsp;<\/p>\n<p>&nbsp;<\/p>\n<h3>ECOBONUS ADDIO ? FORSE SI, MA LA CGIA NON ESULTA ANCORA<\/h3>\n<p>Addio allo sconto in fattura sugli interventi di riqualificazione energetica ? Pare di s\u00ec e a vincere sono le piccole imprese, per il momento. Ovvero quelle che dovevano anticipare, secondo le disposizioni introdotte qualche mese fa dal decreto crescita, i soldi ai committenti dei lavori edili.\u00a0 Una decisione che aveva scatenato la preoccupazione di tantissime imprese del settore casa (elettricisti, idraulici, manutentori, edili, etc.) che non possono contare su una liquidit\u00e0 ingente, cosa, invece, che le grandi aziende dispongono con grande facilit\u00e0. Una platea di imprese che a Mestre e Marghera \u00e8 costituita da 700 unit\u00e0 che danno lavoro a 2.000 addetti. Cosicch\u00e8, l\u2019art. 10 del decreto crescita sull\u2019ecobonus \u00e8 stato abrogato dalla Commissione Bilancio del Senato marted\u00ec scorso. \u201cUna grande vittoria \u2013 commenta Giovanni Gomiero funzionario sindacale della CGIA \u2013 Siamo felicissimi di questo risultato, un bel regalo di Natale che ci giunge dopo aver denunciato nei mesi scorsi all\u2019Antitrust e a tutti i parlamentari italiani che questa misura avrebbe\u00a0\u00a0 penalizzato tantissime piccole imprese artigiane. Lo sconto in fattura, ovviamente, consentiva un vantaggio economico importante al cliente finale, ma distorceva il mercato favorendo le grandi aziende a svantaggio delle piccole realt\u00e0\u201d.\u00a0 Tuttavia, i poteri forti non hanno mollato la presa e proprio ieri\u00a0 sono tornati alla carica facendo approvare, sempre in Commissione Bilancio del Senato, un emendamento che reintroduce lo sconto in fattura solo per i lavori effettuati nelle aree comuni degli edifici condominiali per importi superiori a 200 mila euro.\u00a0 \u201cCome era prevedibile \u2013 conclude Gomiero &#8211; la partita \u00e8 ancora lunga e tutta in salita. Tuttavia, se venisse confermata nella manovra di Bilancio la reintroduzione dello sconto in fattura per i lavori condominiali sopra i 200 mila euro, la stragrande maggioranza delle nostre aziende non sarebbe penalizzata. Tuttavia, bisogna tenere gli occhi aperti per evitare che la lobby delle grandi imprese torni alla carica e abbia il sopravvento\u201d.<\/p>\n<p><span style=\"color: #ff0000;\"><strong>LA LETTERA ALL&#8217;ANTITRUST<\/strong><\/span><\/p>\n<div class=\"su-document su-u-responsive-media-no\"><iframe loading=\"lazy\" src=\"\/\/docs.google.com\/viewer?embedded=true&url=https:\/\/www.radiopiu.net\/wordpress\/wp-content\/uploads\/2019\/12\/Lettera-allAntitrust-ecobonus-1.pdf\" width=\"600\" height=\"800\" class=\"su-document\" title=\"cc\"><\/iframe><\/div>\n<p>&nbsp;<\/p>\n<p>&nbsp;<\/p>\n<p>&nbsp;<\/p>\n<h3><a class=\"dt-pswp-item\" href=\"https:\/\/www.radiopiu.net\/wordpress\/wp-content\/uploads\/2016\/08\/graziano-pianezze.jpg\" data-dt-img-description=\"\" data-large_image_width=\"231\" data-large_image_height=\"280\"><img loading=\"lazy\" decoding=\"async\" class=\"wp-image-22057 alignleft\" src=\"https:\/\/www.radiopiu.net\/wordpress\/wp-content\/uploads\/2016\/08\/graziano-pianezze.jpg\" alt=\"\" width=\"144\" height=\"175\" \/><\/a>IL GRAZIE DI GRAZIANO DALLA NUOVI TRAGUARDI<\/h3>\n<audio class=\"wp-audio-shortcode\" id=\"audio-109573-12\" preload=\"none\" style=\"width: 100%;\" controls=\"controls\"><source type=\"audio\/mpeg\" src=\"https:\/\/www.radiopiu.net\/wordpress\/wp-content\/uploads\/2019\/12\/GIANNI-TRAGUARDI.mp3?_=12\" \/><a href=\"https:\/\/www.radiopiu.net\/wordpress\/wp-content\/uploads\/2019\/12\/GIANNI-TRAGUARDI.mp3\">https:\/\/www.radiopiu.net\/wordpress\/wp-content\/uploads\/2019\/12\/GIANNI-TRAGUARDI.mp3<\/a><\/audio>\n<h3><\/h3>\n<p>&nbsp;<\/p>\n<p>&nbsp;<\/p>\n<p>&nbsp;<\/p>\n<h3><\/h3>\n<h3>LA COMETA AL PONTE DELLA VITTORIA<\/h3>\n<p><strong>BELLUNO<\/strong> Si accender\u00e0 sabato 14 dicembre alle 17, come da tradizione, la stella cometa posizionata sotto il Ponte della Vittoria: l&#8217;iniziativa \u00e8 ormai da diversi anno organizzata dal Comitato Borgo Piave e Oltre Piave, con il supporto del Gruppo Alpini \u2013 Squadra Subacquea di Belluno e del Club Subacqueo Belluno e patrocinata dal Comune di Belluno. Al momento dell&#8217;accensione, poi, sar\u00e0 gettato nel fiume un mazzo di fiori come omaggio \u201ca la Piave\u201d, simbolo dell&#8217;unione dei territori colpiti nel 2018 dalla tempesta Vaia; un ricordo di quanto accaduto e un saluto e augurio a tutti i territorio attraversati dal fiume. <strong>Modifiche alla viabilit\u00e0 <\/strong>Per consentire lo svolgimento della manifestazione in tranquillit\u00e0 e sicurezza, sar\u00e0 istituito il divieto di circolazione veicolare, eccetto che per gli autobus del trasporto pubblico urbano, sul Ponte della Vittoria dalle 17.00 alle 18.30 di sabato 14 dicembre. I veicoli provenienti da via Monte Grappa e diretti in centro citt\u00e0 potranno raggiungere il centro attraverso il ponte Bailey. Inoltre, \u00e8 stato istituito il divieto di sosta con rimozione forzata dei veicoli in via Uniera dei Zater su tutta l\u2019area prospiciente il vecchio ponte nei pressi dell\u2019intersezione con via San Nicol\u00f2, dalle ore 16:30 alle ore 20:00 sempre di sabato 14 dicembre.<\/p>\n<p>&nbsp;<\/p>\n<p>&nbsp;<\/p>\n<p>&nbsp;<\/p>\n<h3>SOLIDARIETA&#8217; VENETO PREMIATO ANCORA AL CAMPIONATO EUROPEO DEI FONDI DI PENSIONE<\/h3>\n<blockquote><p><strong>SOLIDARIET\u00c0 VENETO IN NUMERI<\/strong> \u25cf Iscritti attivi: 100.596 \u25cf Aziende associate: 13.406 \u25cf Patrimonio gestito: 1.419.098.886<\/p><\/blockquote>\n<p>Alla vigilia del 30mo anno di attivit\u00e0, giunge una \u201cmenzione speciale\u201d agli IPE Awards 2019, principale competizione internazionale che premia l&#8217;eccellenza nel settore pensionistico europeo.\u00a0 Il riconoscimento si aggiunge alle due nomination nella short list dei migliori fondi pensione italiani (2014 e 2015) e all&#8217;aggiudicazione del titolo di \u201cmiglior fondo italiano\u201d, nel 2016.\u00a0 <em>\u00abIl riconoscimento di quest&#8217;anno &#8211; commenta Paolo Stefan, Direttore del fondo veneto &#8211; giunge al compimento di un ciclo innovativo che ha contraddistinto questi ultimi 3 anni di attivit\u00e0 del Fondo. Una tappa che, certamente, non rappresenta un arrivo, ma uno stimolo a portare avanti, con ancor maggiore determinazione, il percorso di sviluppo e di miglioramento dell&#8217;offerta di Solidariet\u00e0 Veneto a tutti gli iscritti attivi e potenziali\u00bb.<\/em><\/p>\n<p>&nbsp;<\/p>\n<p>&nbsp;<\/p>\n<p>&nbsp;<\/p>\n<h3>Dolomiti Patrimonio Mondiale UNESCO: come e\u0300 cambiato il turismo? Ieri la presentazione dei primi risultati<\/h3>\n<p><a class=\"dt-pswp-item\" href=\"https:\/\/www.radiopiu.net\/wordpress\/wp-content\/uploads\/2019\/12\/foto-gruppo-scaled.jpg\" data-dt-img-description=\"cof\" data-large_image_width=\"2560\" data-large_image_height=\"1920\"><img loading=\"lazy\" decoding=\"async\" class=\" wp-image-109585 alignleft\" src=\"https:\/\/www.radiopiu.net\/wordpress\/wp-content\/uploads\/2019\/12\/foto-gruppo-300x225.jpg\" alt=\"\" width=\"177\" height=\"133\" srcset=\"https:\/\/www.radiopiu.net\/wordpress\/wp-content\/uploads\/2019\/12\/foto-gruppo-300x225.jpg 300w, https:\/\/www.radiopiu.net\/wordpress\/wp-content\/uploads\/2019\/12\/foto-gruppo-1024x768.jpg 1024w, https:\/\/www.radiopiu.net\/wordpress\/wp-content\/uploads\/2019\/12\/foto-gruppo-768x576.jpg 768w, https:\/\/www.radiopiu.net\/wordpress\/wp-content\/uploads\/2019\/12\/foto-gruppo-1536x1152.jpg 1536w, https:\/\/www.radiopiu.net\/wordpress\/wp-content\/uploads\/2019\/12\/foto-gruppo-2048x1536.jpg 2048w\" sizes=\"auto, (max-width: 177px) 100vw, 177px\" \/><\/a>Per ogni sito del Patrimonio Mondiale e\u0300 estremamente importante quantificare e monitorare con regolarita\u0300 l\u2019evoluzione del turismo. Nelle Dolomiti, dove il fenomeno turistico e\u0300 particolarmente importante e complesso, la Fondazione Dolomiti UNESCO si avvale del supporto di una squadra di ricercatori con strumenti molto diversi tra loro, innovativi e complementari. L\u2019obiettivo e\u0300 capire il comportamento, le aspettative e il giudizio dei visitatori delle Dolomiti, ma anche il potenziale e le criticita\u0300 del fenomeno turistico, per fornire strumenti che aiutino a programmare e gestire il Bene in maniera sostenibile, coerentemente agli indirizzi condivisi nella Strategia Complessiva di Gestione. La raccolta di dati da fonti eterogenee e la messa in rete delle competenze specifiche degli istituti coinvolti ribadiscono ancora una volta il ruolo delle Dolomiti come laboratorio a livello internazionale.<\/p>\n<p><strong><span style=\"color: #ff0000;\">IL DOCUMENTO INTEGRALE<\/span><\/strong><\/p>\n<div class=\"su-document su-u-responsive-media-no\"><iframe loading=\"lazy\" src=\"\/\/docs.google.com\/viewer?embedded=true&url=https:\/\/www.radiopiu.net\/wordpress\/wp-content\/uploads\/2019\/12\/CS_DolomitiUNESCO_studio_turismo_20191212-1.pdf\" width=\"600\" height=\"800\" class=\"su-document\" title=\"cc\"><\/iframe><\/div>\n<p>&nbsp;<\/p>\n<p>&nbsp;<\/p>\n<p>&nbsp;<\/p>\n<h3>\u201cVAIA ILLUMINA\u201d IL CENTRO STORICO<\/h3>\n<p><strong>DI RENATO BONA\u00a0<\/strong><\/p>\n<p><strong><a class=\"dt-pswp-item\" href=\"https:\/\/www.radiopiu.net\/wordpress\/wp-content\/uploads\/2019\/12\/79935762_493888494579892_290494657140359168_n.jpg\" data-dt-img-description=\"\" data-large_image_width=\"834\" data-large_image_height=\"723\"><img loading=\"lazy\" decoding=\"async\" class=\" wp-image-109655 alignleft\" src=\"https:\/\/www.radiopiu.net\/wordpress\/wp-content\/uploads\/2019\/12\/79935762_493888494579892_290494657140359168_n-300x260.jpg\" alt=\"\" width=\"202\" height=\"175\" srcset=\"https:\/\/www.radiopiu.net\/wordpress\/wp-content\/uploads\/2019\/12\/79935762_493888494579892_290494657140359168_n-300x260.jpg 300w, https:\/\/www.radiopiu.net\/wordpress\/wp-content\/uploads\/2019\/12\/79935762_493888494579892_290494657140359168_n-768x666.jpg 768w, https:\/\/www.radiopiu.net\/wordpress\/wp-content\/uploads\/2019\/12\/79935762_493888494579892_290494657140359168_n.jpg 834w\" sizes=\"auto, (max-width: 202px) 100vw, 202px\" \/><\/a>BELLUNO<\/strong> Si intitola \u201cA un anno da Vaia\u201d. E\u2019 il cartoncino che \u00e8 stato accostato ai segmenti di tronco sui quali poggia una lanterna con candela (\u201ca simboleggiare la forza,la speranza, il coraggio e la capacit\u00e0 degli abitanti di questa provincia, di sconfiggere il buio della paura, rialzandosi, resistendo e rimanendo guardiani di un patrimonio <a class=\"dt-pswp-item\" href=\"https:\/\/www.radiopiu.net\/wordpress\/wp-content\/uploads\/2019\/12\/79038388_1385473214946406_8728377506962341888_n.jpg\" data-dt-img-description=\"\" data-large_image_width=\"720\" data-large_image_height=\"960\"><img loading=\"lazy\" decoding=\"async\" class=\"size-medium wp-image-109654 alignright\" src=\"https:\/\/www.radiopiu.net\/wordpress\/wp-content\/uploads\/2019\/12\/79038388_1385473214946406_8728377506962341888_n-225x300.jpg\" alt=\"\" width=\"225\" height=\"300\" srcset=\"https:\/\/www.radiopiu.net\/wordpress\/wp-content\/uploads\/2019\/12\/79038388_1385473214946406_8728377506962341888_n-225x300.jpg 225w, https:\/\/www.radiopiu.net\/wordpress\/wp-content\/uploads\/2019\/12\/79038388_1385473214946406_8728377506962341888_n.jpg 720w\" sizes=\"auto, (max-width: 225px) 100vw, 225px\" \/><\/a>naturale e umano di inestimabile valore e bellezza\u201d) disseminati nel centro storico di Belluno ad iniziativa del Consorzio Belluno Centro storico nell\u2019ambito del \u201cNatale delle Dolomiti\u201d. Un progetto, \u201cVaia illumina\u201d che assieme al pi\u00f9 noto a livello nazionale \u201cPlastic free\u201d, intende contribuire a migliorare le condizioni dei nostri mari e del pianeta. Onore dunque al merito di Belluno Centro storico, il consorzio degli operatori economici che si \u00e8 impegnato per questa \u201cimpresa\u201d assicurandosi il contributo di Franco Cl\u00f2 e la collaborazione di Unioni montane, Comuni ed Enti regolieri e quindi di Provincia di Belluno, Sezione bellunese dell\u2019Associazione nazionale Alpini, Dolomiti Garden di Stefano De Paris, del dottore forestale Pierantonio Zanchetta e di numerosi altrettanto benemeriti volontari che si sono prodigati per il trasporto e la lavorazione dei duecento \u201ctronchi di Vaia\u201d. Il cartoncino ricorda ai pochi che non lo sapessero, che nella notte tra domenica 28e luned\u00ec 29 ottobre 2018, l\u2019intera Penisola italiana \u00e8 stata flagellata da un\u2019ondata di maltempo. Venti fortissimi e piogge alluvionali si <a class=\"dt-pswp-item\" href=\"https:\/\/www.radiopiu.net\/wordpress\/wp-content\/uploads\/2019\/12\/80512177_2504905766395213_3007399906693349376_n.jpg\" data-dt-img-description=\"\" data-large_image_width=\"704\" data-large_image_height=\"960\"><img loading=\"lazy\" decoding=\"async\" class=\"size-medium wp-image-109653 alignleft\" src=\"https:\/\/www.radiopiu.net\/wordpress\/wp-content\/uploads\/2019\/12\/80512177_2504905766395213_3007399906693349376_n-220x300.jpg\" alt=\"\" width=\"220\" height=\"300\" srcset=\"https:\/\/www.radiopiu.net\/wordpress\/wp-content\/uploads\/2019\/12\/80512177_2504905766395213_3007399906693349376_n-220x300.jpg 220w, https:\/\/www.radiopiu.net\/wordpress\/wp-content\/uploads\/2019\/12\/80512177_2504905766395213_3007399906693349376_n.jpg 704w\" sizes=\"auto, (max-width: 220px) 100vw, 220px\" \/><\/a>sono abbattuti soprattutto lungo l\u2019arco alpino. A uscire devastate da quella che verr\u00e0 ricordata come \u201cTempesta Vaia\u201d sono state in particolare le regioni del Nord-Est\u201d. Ancora: \u201cL\u2019enormit\u00e0 di metri cubi di legname abbattuto ha messo l\u2019intero settore del legno in difficolt\u00e0, sia per l\u2019improvvisa ed eccessiva disponibilit\u00e0 di materia prima, sia per l\u2019impossibilit\u00e0 della filiera di fare fronte a questi numeri, evidentemente eccezionali. Il valore di un albero o di un bosco non sono per\u00f2 misurabili solo in termini di produzione. Un bosco ha una molteplicit\u00e0 di funzioni indispensabili per la sopravvivenza umana. Per questa ragione quanto \u00e8 successo il 29 ottobre non pu\u00f2 essere ridotto a \u2018metri cubi caduti\u2019. Quanto \u00e8 successo \u00e8 una ferita profonda e aperta del territorio e questa ferita dovr\u00e0 essere risarcita e curata con la collaborazione di ciascuno di noi, anche attraverso la forza della consapevolezza\u201d. Infine \u00e8 proposto un pensiero di Matteo Righetto: \u201cDa qui alla luna! E\u2019 l\u2019unit\u00e0 di misura, la distanza che verrebbe coperta mettendo in fila uno sull\u2019altro i 16 milioni di alberi abbattuti da Vaia\u201d. NELLE FOTO (Renato Bona e riproduzioni dal cartoncino e dal sito del Consorzio Belluno Centro storico): Vaia illumina simbolicamente con tronchi e lanterne il centro di Belluno.<\/p>\n<p>&nbsp;<\/p>\n<p>&nbsp;<\/p>\n<p>&nbsp;<\/p>\n<h3>BILANCI DELL&#8217;ASCA E DELLA MUNICIPALIZZATA<\/h3>\n<p><strong>AGORDO<\/strong> Consiglio comunale di quelli importanti venerdi alle 18.45, all&#8217;ordine del giorno il bilancio dell&#8217;Asca, le variazioni al bilancio di previsione, il nuovo regolamento per l&#8217;applicazione dell&#8217;imposta comunale sulla pubblicit\u00e0 e pubbliche affissioni, Bilancio dell&#8217;Azienda Speciale Agordo Servizi (asilo nido e farmacia comunale) e approvazione modifiche regolamenti.<\/p>\n<p>&nbsp;<\/p>\n<p>&nbsp;<\/p>\n<h3>Da luned\u00ec biblioteca chiusa per i lavori di rigenerazione urbana \u00abMediateca delle Dolomiti, valore aggiunto per la citt\u00e0\u00bb<\/h3>\n<p><strong>BELLUNO<\/strong>\u00a0 Hanno preso il via poco pi\u00f9 di un mese fa i lavori legati alla rigenerazione urbana alla Biblioteca Civica, destinata a diventare la Mediateca delle Dolomiti. Dopo questa prima fase transitoria, si passa ad una fase pi\u00f9 impegnativa, che per questo richieder\u00e0 la chiusura della Biblioteca per alcuni mesi, a partire da luned\u00ec 16 dicembre. Per questo, fino a quando la biblioteca non torner\u00e0 nella sede originaria, i servizi di consultazione e di prestito non saranno immediati, ma il materiale richiesto verr\u00e0 recapitato al Bembo nel giro di qualche ora, come d&#8217;altronde gi\u00e0 accade nelle grandi biblioteche nazionali.<\/p>\n<blockquote><p><em>\u00abSono certamente disagi che ci dispiace creare ai nostri concittadini, ma sono per una nobile causa. &#8211; commenta il Sindaco, Jacopo Massaro \u2013 Al termine di questi lavori, potremo restituire ai bellunesi Palazzo Crepadona e la nostra Biblioteca Civica ancora pi\u00f9 belli e funzionali, con la novit\u00e0 della Mediateca delle Dolomiti che non potr\u00e0 che essere un valore aggiunto per la nostra citt\u00e0. Questa chiusura ci consentir\u00e0 di proseguire i lavori del cantiere, e siamo convinti che, una volta ultimata l&#8217;opera, tutti gli sforzi e i disagi saranno adeguatamente ripagati\u00bb.<\/em><\/p><\/blockquote>\n<p>&nbsp;<\/p>\n<p>&nbsp;<\/p>\n<p>&nbsp;<\/p>\n<h3>SABATO A TRICHIANA CON CORI, E QUINTETTI<\/h3>\n<p><strong>TRICHIANA<\/strong> Concerto di Natale nella chiesa Arcipretale, domani\u00a0 alle 20.30 con il Coro Polifonico di Trichiana diretto da Stefano Bittante, La Schola Cantorum Trichianese del maestro Federico Cortina, il Coro Polifonico Crt di Belluno direttore Sebastiano Sitta e il Quintetto d&#8217;Ottoni Klomer Brass del maestro Renato Pante. La serata sar\u00e0 presentata da Dino Bridda. Ingresso libero.<\/p>\n<p>&nbsp;<\/p>\n<p>&nbsp;<\/p>\n<p>&nbsp;<\/p>\n<h3>LA PIETRA VENETA TRA TRADIZIONE E INNOVAZIONE<\/h3>\n<p><strong>AGORDO<\/strong> Sabato alle 10.30 all&#8217;Istituto Umberto Follador, Dipartimento Geotecnico Minerario si terr\u00e0 la presentazione del Progetto2, Pietre delle Prealpi Bellunesi, Feltrino e Alpago.<strong> Programma<\/strong> 10.30 Saluti del dirigente scolastico e autorit\u00e0; 11 presentazione del progetto con proiezione del video e il racconto degli studenti. Alle 12.10 la consegna delle borse di studio e del dossier finale.<\/p>\n<p>&nbsp;<\/p>\n<p>&nbsp;<\/p>\n<p>&nbsp;<\/p>\n<h3>GLI ALUNNI DELLA PRIMARIA DECORANO L&#8217;ALBERO DI NATALE IN SOMS<\/h3>\n\n\t\t\t<style type='text\/css'>\n\t\t\t\t#gallery-4 {\n\t\t\t\t\tmargin: auto;\n\t\t\t\t}\n\t\t\t\t#gallery-4 .gallery-item {\n\t\t\t\t\tfloat: left;\n\t\t\t\t\tmargin-top: 10px;\n\t\t\t\t\ttext-align: center;\n\t\t\t\t\twidth: 33%;\n\t\t\t\t}\n\t\t\t\t#gallery-4 img {\n\t\t\t\t\tborder: 2px solid #cfcfcf;\n\t\t\t\t}\n\t\t\t\t#gallery-4 .gallery-caption {\n\t\t\t\t\tmargin-left: 0;\n\t\t\t\t}\n\t\t\t\t\/* see gallery_shortcode() in wp-includes\/media.php *\/\n\t\t\t<\/style>\n\t\t<div id='gallery-4' class='dt-gallery-container gallery galleryid-109573 gallery-columns-3 gallery-size-thumbnail'><dl class='gallery-item'>\n\t\t\t\t<dt class='gallery-icon landscape'>\n\t\t\t\t\t<a class=\"rollover\" href='https:\/\/www.radiopiu.net\/wordpress\/giornale-radiopiu-13-dicembre-2019-direttore-mirko-mezzacasa\/bdr-8\/'><img loading=\"lazy\" decoding=\"async\" width=\"150\" height=\"150\" src=\"https:\/\/www.radiopiu.net\/wordpress\/wp-content\/uploads\/2019\/12\/IMG_20191130_091021-1-150x150.jpg\" class=\"attachment-thumbnail size-thumbnail\" alt=\"\" aria-describedby=\"gallery-4-109601\" \/><\/a>\n\t\t\t\t<\/dt>\n\t\t\t\t\t<dd class='wp-caption-text gallery-caption' id='gallery-4-109601'>\n\t\t\t\t\tbdr\n\t\t\t\t\t<\/dd><\/dl><dl class='gallery-item'>\n\t\t\t\t<dt class='gallery-icon landscape'>\n\t\t\t\t\t<a class=\"rollover\" href='https:\/\/www.radiopiu.net\/wordpress\/giornale-radiopiu-13-dicembre-2019-direttore-mirko-mezzacasa\/bdr-7\/'><img loading=\"lazy\" decoding=\"async\" width=\"150\" height=\"150\" src=\"https:\/\/www.radiopiu.net\/wordpress\/wp-content\/uploads\/2019\/12\/IMG_20191130_104154-150x150.jpg\" class=\"attachment-thumbnail size-thumbnail\" alt=\"\" aria-describedby=\"gallery-4-109600\" \/><\/a>\n\t\t\t\t<\/dt>\n\t\t\t\t\t<dd class='wp-caption-text gallery-caption' id='gallery-4-109600'>\n\t\t\t\t\tbdr\n\t\t\t\t\t<\/dd><\/dl><dl class='gallery-item'>\n\t\t\t\t<dt class='gallery-icon portrait'>\n\t\t\t\t\t<a class=\"rollover\" href='https:\/\/www.radiopiu.net\/wordpress\/giornale-radiopiu-13-dicembre-2019-direttore-mirko-mezzacasa\/img_20191208_105938\/'><img loading=\"lazy\" decoding=\"async\" width=\"150\" height=\"150\" src=\"https:\/\/www.radiopiu.net\/wordpress\/wp-content\/uploads\/2019\/12\/IMG_20191208_105938-150x150.png\" class=\"attachment-thumbnail size-thumbnail\" alt=\"\" \/><\/a>\n\t\t\t\t<\/dt><\/dl><br style=\"clear: both\" \/>\n\t\t\t<\/div>\n\n<p><strong>LENTIAI<\/strong> Un gruppo di bambini vivaci, materiali semplici, fantasia e creativit\u00e0 sono gli ingredienti che hanno decretato il successo del laboratorio manuale di decorazioni artistiche natalizie tenuto presso la Societ\u00e0 Operaia &#8220;Felice Cavallotti&#8221; di Lentiai. L&#8217;iniziativa, rivolta agli alunni della Scuola Primaria di Lentiai che frequentano la classe terza, \u00e8 stata coordinata dall\u2019insegnante Claudia Comel e da una mamma, la signora Barbara Scarton, appassionata di disegno a matita su legno, che ha insegnato ai piccoli disegnatori alcuni dei suoi segreti per realizzare addobbi artistici. Un importante valore aggiunto all&#8217;iniziativa lo ha dato il fatto che sia i dischetti in legno, su cui i bimbi hanno disegnato e colorato i vari soggetti natalizi, che la base, donata da Fabio Susana, per la realizzazione dell&#8217;albero allestito davanti alla S.O.M.S., siano stati ricavati dai resti di un pino mugo abbattuto dalla tempesta Vaia lo scorso anno.<\/p>\n<p>&nbsp;<\/p>\n<p>&nbsp;<\/p>\n<p>&nbsp;<\/p>\n<h3><a class=\"dt-pswp-item\" href=\"http:\/\/www.radiopiu.net\/wordpress\/wp-content\/uploads\/2018\/09\/appuntamenti.jpeg\" data-dt-img-description=\"\" data-large_image_width=\"800\" data-large_image_height=\"100\"><img loading=\"lazy\" decoding=\"async\" class=\"aligncenter wp-image-61958 size-full\" src=\"http:\/\/www.radiopiu.net\/wordpress\/wp-content\/uploads\/2018\/09\/appuntamenti.jpeg\" alt=\"\" width=\"800\" height=\"100\" srcset=\"https:\/\/www.radiopiu.net\/wordpress\/wp-content\/uploads\/2018\/09\/appuntamenti.jpeg 800w, https:\/\/www.radiopiu.net\/wordpress\/wp-content\/uploads\/2018\/09\/appuntamenti-300x38.jpeg 300w, https:\/\/www.radiopiu.net\/wordpress\/wp-content\/uploads\/2018\/09\/appuntamenti-768x96.jpeg 768w\" sizes=\"auto, (max-width: 800px) 100vw, 800px\" \/><\/a><\/h3>\n<p>&nbsp;<\/p>\n<blockquote>\n<div class=\"articlePlainSubHead\"><strong>Oggi\u00a0 a La Valle\u00a0 L&#8217;ultramaratoneta Da Roit si racconta . Le esperienze dell&#8217;ultramaratoneta William Da Roit verranno raccontate domani alle 20.15 nella sala &#8220;Don Valmassoni&#8221; a La Valle Agordina. Si tratta del secondo dei tre appuntamenti della rassegna &#8220;Sot al T\u00e0mer&#8221;. Una manifestazione in cui si proiettano degli audiovisivi di ospiti le cui passioni sportive li hanno portati in luoghi lontani<\/strong><\/div>\n<\/blockquote>\n<p>&nbsp;<\/p>\n<p><strong>FALCADE<\/strong> Nell&#8217;ambito delle serate letture d&#8217;autunno, oggi alle 20.45 nella sala consiliare del Comune &#8220;I libri e le montagne&#8221; di Mario Rigoni Stern, Primo Levi e Nuto Revelli. Incontro pubblico con Giuseppe Mendicino autore delle biografie di Rigoni Stern e Revelli. Una proposta della Biblioteche della Valle del Biois, Falcade Canale d&#8217;Agordo e Vallada.<\/p>\n<p><strong>FELTRE<\/strong> Dopo la prima bellunese al Cinema Italia di Belluno, &#8220;Affittasi vita&#8221;\u00a0 di Stefano Usardi, produzione Caterina Francavilla\u00a0 \u00e8 ora nel feltrino per due giorni. Oggi alle 21 e sabato alle 19 il film verr\u00e0 proiettato all&#8217;Officinema<\/p>\n<p><strong>CESIOMAGGIORE<\/strong> oggi alle 20.30 nel museo di Seravella, nell&#8217;ambito della Rassegna nel Cuore della Montagna, sar\u00e0 presentato il libro La Sentinella delle Dolomiti di Carlo Budel. L&#8217;autore dialogher\u00e0 con Luisa Alchini e Cristina Pierotti<\/p>\n<p><strong>CANALE D&#8217;AGORDO<\/strong>\u00a0 I primi cittadini di Canale d&#8217;Agordo Flavio Colcergnan e Vallada, Fabio Luchetta domani\u00a0 alle 16 in sala conferenze &#8220;ex Cavallino&#8221; di Canale d&#8217;Agordo incontreranno i neo diciottenni dei due Comuni della Valle del Biois. All&#8217;incontro anche la dottoressa Francesca De Biasi, presidente delegata al fondo Welfare provinciale e identit\u00e0 territoriale che presenter\u00e0 i progetti finalizzati al contrasto dello spopolamento aiutando i giovani a rimanere ed operare sul territorio. All&#8217;incontro anche l&#8217;associazione Donatori del sangue di Canale e Vallada.<\/p>\n<p><strong>SANTA GIUSTINA <\/strong>domani alle 18 presso il Centro \u201cPapa Luciani\u201d di Santa Giustina, il dottor Ferruccio de Bortoli sar\u00e0 l\u2019ospite d\u2019onore dell\u2019associazione culturale \u201cVeses\u201d a conclusione delle celebrazioni del ventennale de \u201cil Veses &#8211; Finestre sulla Valbelluna\u201d.<\/p>\n<p><strong>VOLTAGO<\/strong> Per il terzo anno ritornano i Krampus in piazza a Frassen\u00e8. Domenica 15 DICEMBRE alle 19 e per la prima volta sar\u00e0 disponibile anche l&#8217;abbigliamento dei Krampus. Presentazione dell&#8217;evento alla radio con Valther Da Campo del gruppo giovani del paese.<\/p>\n<p><strong>ALLEGHE <\/strong>Domenica 22 dicembre alle ore 20 si terra&#8217; presso l&#8217;hotel Savoia di Alleghe cena dei coscritti del 1948 di tutto l&#8217;Agordino. E&#8217; gradita la prenotazione entro venerdi&#8217; 20 dicembre alo 0437 52.33.23 (hotel Savoia Masare&#8217; di Alleghe)<\/p>\n<p><strong>ALLEGH<\/strong>E Sabato 21 dicembre alle 16 in sala Antonio Franceschini ad Alleghe sar\u00e0 presentato il nuovo libro &#8220;Sci Club Alleghe, 40 anni di sport&#8221;. Sar\u00e0 il giorno della festa per i 40 anni di attivit\u00e0 del sodalizio.<\/p>\n<p><strong>GOSALDO<\/strong> La Parrocchia B. V. Addolorata organizza il concerto di Natale con i cori Cantores Pagenses e Piccolo Coro San Martino di Paese Treviso. Sabato 21 dicembre alle 20.30 nella chiesa parrocchiale con ingresso libero. Si tratta di una sorta di scambio fra Paese (TV) e Gosaldo. L&#8217;anno scorso, il ricavato del concerto natalizio tenutosi a Paese, era stato devoluto al Comune di Gosaldo in seguito ai danni provocati da Vaia. Ora i cantori &#8220;salgono&#8221; per raggiungere i gosaldini ed esibirsi in chiesa.<\/p>\n<p><strong>LONGARONE<\/strong> Domenica 22 dicembre festa degli anziani ed emigranti del longaronese, 11 messa a Igne, 12.30 pranzo a Villanova di Longarone. Prenotazioni allo 0437 575811<\/p>\n<p>&nbsp;<\/p>\n<p>&nbsp;<\/p>\n<h2><span style=\"color: #ff0000;\">IERI ALLA RADIO<\/span><\/h2>\n<h2>QUARTA PUNTATA, AUDI FIS SKI WORLD CUP<\/h2>\n<p><a class=\"dt-pswp-item\" href=\"https:\/\/www.radiopiu.net\/wordpress\/wp-content\/uploads\/2019\/12\/download-9.jpg\" data-dt-img-description=\"\" data-large_image_width=\"279\" data-large_image_height=\"181\"><img loading=\"lazy\" decoding=\"async\" class=\" wp-image-109602 alignleft\" src=\"https:\/\/www.radiopiu.net\/wordpress\/wp-content\/uploads\/2019\/12\/download-9.jpg\" alt=\"\" width=\"196\" height=\"127\" \/><\/a>La quarta e ultima puntata prevede le parole di Mattia Davare che ci illustra la quarta location della Audi Fis ski world cup, ovvero la Leitner Ropeways Vip Lounge, da dove poter assistere alle gare, ma anche e soprattutto poter assaporare le specialita&#8217; gastronomiche preparate da chef stellati e degustare ottimi vini in un ambiente raffinato e di alta qualita&#8217;. Le conclusioni di questo ciclo di speciali vengono affidate a Andy Varallo che illustra anche la nutrita serie di eventi collaterali che caratterizzano l&#8217;evento.<\/p>\n<audio class=\"wp-audio-shortcode\" id=\"audio-109573-13\" preload=\"none\" style=\"width: 100%;\" controls=\"controls\"><source type=\"audio\/mpeg\" src=\"https:\/\/www.radiopiu.net\/wordpress\/wp-content\/uploads\/2019\/12\/AUDI-FIS-SKI-WORLD-CUP-QUARTA-PUNTATA-mattia-davare-andy-varallo.mp3?_=13\" \/><a href=\"https:\/\/www.radiopiu.net\/wordpress\/wp-content\/uploads\/2019\/12\/AUDI-FIS-SKI-WORLD-CUP-QUARTA-PUNTATA-mattia-davare-andy-varallo.mp3\">https:\/\/www.radiopiu.net\/wordpress\/wp-content\/uploads\/2019\/12\/AUDI-FIS-SKI-WORLD-CUP-QUARTA-PUNTATA-mattia-davare-andy-varallo.mp3<\/a><\/audio>\n<p>&nbsp;<\/p>\n<p>&nbsp;<\/p>\n<h2><span style=\"color: #ff0000;\">IERI ALLA RADIO<\/span><\/h2>\n<h2><a class=\"dt-pswp-item\" href=\"https:\/\/www.radiopiu.net\/wordpress\/wp-content\/uploads\/2019\/12\/ade81ca5-35cc-4867-b3a5-cff3c6bf0a60.jpg\" data-dt-img-description=\"\" data-large_image_width=\"1600\" data-large_image_height=\"1200\"><img loading=\"lazy\" decoding=\"async\" class=\" wp-image-109607 alignleft\" src=\"https:\/\/www.radiopiu.net\/wordpress\/wp-content\/uploads\/2019\/12\/ade81ca5-35cc-4867-b3a5-cff3c6bf0a60-300x225.jpg\" alt=\"\" width=\"147\" height=\"110\" srcset=\"https:\/\/www.radiopiu.net\/wordpress\/wp-content\/uploads\/2019\/12\/ade81ca5-35cc-4867-b3a5-cff3c6bf0a60-300x225.jpg 300w, https:\/\/www.radiopiu.net\/wordpress\/wp-content\/uploads\/2019\/12\/ade81ca5-35cc-4867-b3a5-cff3c6bf0a60-1024x768.jpg 1024w, https:\/\/www.radiopiu.net\/wordpress\/wp-content\/uploads\/2019\/12\/ade81ca5-35cc-4867-b3a5-cff3c6bf0a60-768x576.jpg 768w, https:\/\/www.radiopiu.net\/wordpress\/wp-content\/uploads\/2019\/12\/ade81ca5-35cc-4867-b3a5-cff3c6bf0a60-1536x1152.jpg 1536w, https:\/\/www.radiopiu.net\/wordpress\/wp-content\/uploads\/2019\/12\/ade81ca5-35cc-4867-b3a5-cff3c6bf0a60.jpg 1600w\" sizes=\"auto, (max-width: 147px) 100vw, 147px\" \/><\/a>RIAPRONO I RIFUGI, I PROGRAMMI DEL CAI DI AGORDO CON ANNA MAGRA, MARCO BERGAMO E DIEGO FAVERO<\/h2>\n<audio class=\"wp-audio-shortcode\" id=\"audio-109573-14\" preload=\"none\" style=\"width: 100%;\" controls=\"controls\"><source type=\"audio\/mpeg\" src=\"https:\/\/www.radiopiu.net\/wordpress\/wp-content\/uploads\/2019\/12\/cai-agordo.mp3?_=14\" \/><a href=\"https:\/\/www.radiopiu.net\/wordpress\/wp-content\/uploads\/2019\/12\/cai-agordo.mp3\">https:\/\/www.radiopiu.net\/wordpress\/wp-content\/uploads\/2019\/12\/cai-agordo.mp3<\/a><\/audio>\n<p>&nbsp;<\/p>\n<p>&nbsp;<\/p>\n<p>&nbsp;<\/p>\n<p>&nbsp;<\/p>\n<p><a class=\"dt-pswp-item\" href=\"http:\/\/www.radiopiu.net\/wordpress\/wp-content\/uploads\/2018\/09\/sport.jpg\" data-dt-img-description=\"\" data-large_image_width=\"800\" data-large_image_height=\"100\"><img loading=\"lazy\" decoding=\"async\" class=\"wp-image-60761 size-full aligncenter\" src=\"http:\/\/www.radiopiu.net\/wordpress\/wp-content\/uploads\/2018\/09\/sport.jpg\" alt=\"\" width=\"800\" height=\"100\" srcset=\"https:\/\/www.radiopiu.net\/wordpress\/wp-content\/uploads\/2018\/09\/sport.jpg 800w, https:\/\/www.radiopiu.net\/wordpress\/wp-content\/uploads\/2018\/09\/sport-300x38.jpg 300w, https:\/\/www.radiopiu.net\/wordpress\/wp-content\/uploads\/2018\/09\/sport-768x96.jpg 768w\" sizes=\"auto, (max-width: 800px) 100vw, 800px\" \/><\/a><\/p>\n<p>&nbsp;<\/p>\n<h3>HOCKEY E VOLLEY: I TURNI INFRASETTIMANALI<\/h3>\n<blockquote>\n<p class=\"p1\"><strong><span class=\"s1\">HOCKEY IHL<\/span><\/strong><\/p>\n<\/blockquote>\n<p class=\"p1\"><strong><span class=\"s1\">UNTERLAND CAVALIERS &#8211; ALLEGHE 7-5 <\/span><\/strong><span class=\"s1\">PARZIALI: 1-1, 3-2, 3-2 <\/span><span class=\"s1\">GOL: pt. 8\u201922\u201d De Val, 15\u201949\u201d Obexer. st. 2\u201925\u201d Staley, 6\u201956\u201d Da Tos, 9\u201925\u201d Pisetta, 15\u201916\u201d Massar, 17\u201957\u201d Kiviranta. tt. 1\u201917\u201d Pisetta, 16\u201950\u201d Staley, 19\u201926\u201d Zerbetto, 19\u201948\u201d Huovinen<\/span><\/p>\n<p class=\"p1\"><span class=\"s1\">Settima sconfitta consecutiva delle civette che non riescono ad uscire dal periodo nero. La squadra di Matikainen ci prova ma non riesce capitalizzare le occasioni. Ultima posizione in classifica per l\u2019Alleghe che subisce i contropiedi avversari. <\/span>Primi minuti combattuti con le squadre che non se le mandano a dire. \u00c8 un botta e risposta tra le due compagini. Intanto Kiviranta si divora il vantaggio a tu per tu con il portiere altoatesino. A sbloccare il punteggio ci pensa Loris De Val. L\u2019alleghese sorprende il golie avversario con un rebound su tiro di Martini. Le civette ci prendono gusto e cercano in ogni maniera di andare a segno di nuovo. Il nuovo arrivato, Huovinen, sfiora il gol in pi\u00f9 occasioni ma i padroni di casa rispondono pareggiando i conti con Obexer. Agordini che accusano il colpo e rischiano di subire il secondo gol ma Burzacca \u00e8 attento. Nel finale di tempo \u00e8 ancora Kiviranta che sbaglia di poco il gol del vantaggio. Nella seconda frazione i Cavaliers si portano in vantaggio. Passano 2\u2019 e Staley riesce a spedire il puck alle spalle di Burzacca. L\u2019Alleghe prova a reagire ma non riescono a pareggiare i conti neanche in doppia superiorit\u00e0 numerica. \u00c8 un assedio delle civette che, dopo vari tentativi, riescono a trovare il gol con Da Tos. Partita che si incattivisce e penalit\u00e0 che fioccano. Intanto gli altoatesini trovano la terza marcatura della serata. La serata prosegue con gli agordini che sprecano una marea di occasioni e gli avversari che calano il poker con Massar. Alleghesi che accorciano le distanze quando i due finlandesi biancorossi fanno la differenza con Kiviranta bravo a beffare il portiere. Il terzo drittel inizia con i Cavaliers che portano a 5 le marcature ma le civette rispondono subito con Manuel Da Tos. Gli altoatesini sono assatanati intenzionati a chiudere la sfida. Nonostante tutto l\u2019Alleghe non demorde e le prova tutte per trovare un pareggio per portare la sfida all\u2019overtime ma Staley sigla la doppietta personale facendo sfumare ogni speranza. Nel finale Zerbetto va a segno a porta vuota e Huovinen sigla la prima rete con la maglia alleghese.<\/p>\n<p>&nbsp;<\/p>\n<p>&nbsp;<\/p>\n<p>&nbsp;<\/p>\n<blockquote>\n<p class=\"p1\"><strong><span class=\"s1\">VOLLEY TERZA DIVISIONE<\/span><\/strong><\/p>\n<\/blockquote>\n<p class=\"p1\"><span class=\"s1\">CASTION &#8211; VOLLEY CLUB AGORDINO 3-2<\/span><\/p>\n<p class=\"p1\"><span class=\"s1\">PARZIALI: 25-12, 22-25, 23-25, 25-23, 15-11<\/span><\/p>\n<p class=\"p1\"><span class=\"s1\">Prima sconfitta stagionale per il Volley Club Agordino. La squadra di De Nardin, dopo la vittoria in coppa, inciampa nel primo appuntamento del campionato di Terza Divisione. La partita in Valbelluna \u00e8 stata decisa dal tie break dopo una sfida giocata punto a punto. Agordine che non entrano in campo convinte lasciando strada aperta al Castion. Nel secondo set il Volley Club Agordino si riprende lottando punto a punto pareggiando la partita. Squadra di Agordo che sembra aver ingranato la marcia giusta tanto da portarsi in vantaggio nella terza frazione. Il quarto set \u00e8 ancora combattuto ma il Castion porta al tie break il match che poi vincer\u00e0 con 4 punti di vantaggio.<\/span><\/p>\n<p>&nbsp;<\/p>\n<p>&nbsp;<\/p>\n<h3>PRIMO MEETING POST CAMPIONATO AGORDINO DI CALCIO<\/h3>\n<blockquote><p><em><strong>Agordino, si torna ai gironi A1 e A2 ma si dimette Andrea Baldassi<\/strong><\/em><\/p><\/blockquote>\n<p><strong><a class=\"dt-pswp-item\" href=\"https:\/\/www.radiopiu.net\/wordpress\/wp-content\/uploads\/2019\/12\/RIUNIONE-CAMPIONATO-AGORDINO.jpeg\" data-dt-img-description=\"\" data-large_image_width=\"1984\" data-large_image_height=\"1488\"><img loading=\"lazy\" decoding=\"async\" class=\" wp-image-109615 alignleft\" src=\"https:\/\/www.radiopiu.net\/wordpress\/wp-content\/uploads\/2019\/12\/RIUNIONE-CAMPIONATO-AGORDINO-300x225.jpeg\" alt=\"\" width=\"260\" height=\"195\" srcset=\"https:\/\/www.radiopiu.net\/wordpress\/wp-content\/uploads\/2019\/12\/RIUNIONE-CAMPIONATO-AGORDINO-300x225.jpeg 300w, https:\/\/www.radiopiu.net\/wordpress\/wp-content\/uploads\/2019\/12\/RIUNIONE-CAMPIONATO-AGORDINO-1024x768.jpeg 1024w, https:\/\/www.radiopiu.net\/wordpress\/wp-content\/uploads\/2019\/12\/RIUNIONE-CAMPIONATO-AGORDINO-768x576.jpeg 768w, https:\/\/www.radiopiu.net\/wordpress\/wp-content\/uploads\/2019\/12\/RIUNIONE-CAMPIONATO-AGORDINO-1536x1152.jpeg 1536w, https:\/\/www.radiopiu.net\/wordpress\/wp-content\/uploads\/2019\/12\/RIUNIONE-CAMPIONATO-AGORDINO.jpeg 1984w\" sizes=\"auto, (max-width: 260px) 100vw, 260px\" \/><\/a>AGORDO<\/strong> La prima riunione tra societ\u00e0 del Campionato Agordino di calcio si \u00e8 svolta mercoled\u00ec sera alla Biblioteca di Agordo. Il presidente del Comitato Calcio Agordino, Andrea Baldassi, ha chiamato a rapporto tutte le squadre per fare il punto della situazione.<\/p>\n<p><strong>di MATTEO MANFROI <\/strong><\/p>\n<audio class=\"wp-audio-shortcode\" id=\"audio-109573-15\" preload=\"none\" style=\"width: 100%;\" controls=\"controls\"><source type=\"audio\/mpeg\" src=\"https:\/\/www.radiopiu.net\/wordpress\/wp-content\/uploads\/2019\/12\/gr-13-sport-campionato-agordino-calcio-matteo-manfroi.mp3?_=15\" \/><a href=\"https:\/\/www.radiopiu.net\/wordpress\/wp-content\/uploads\/2019\/12\/gr-13-sport-campionato-agordino-calcio-matteo-manfroi.mp3\">https:\/\/www.radiopiu.net\/wordpress\/wp-content\/uploads\/2019\/12\/gr-13-sport-campionato-agordino-calcio-matteo-manfroi.mp3<\/a><\/audio>\n<p>&nbsp;<\/p>\n<p>&nbsp;<\/p>\n<h3><a class=\"dt-pswp-item\" href=\"http:\/\/www.radiopiu.net\/wordpress\/wp-content\/uploads\/2018\/09\/WhatsApp-Image-2018-09-20-at-16.04.06.jpeg\" data-dt-img-description=\"\" data-large_image_width=\"800\" data-large_image_height=\"100\"><img loading=\"lazy\" decoding=\"async\" class=\"wp-image-61378 size-full aligncenter\" src=\"http:\/\/www.radiopiu.net\/wordpress\/wp-content\/uploads\/2018\/09\/WhatsApp-Image-2018-09-20-at-16.04.06.jpeg\" alt=\"\" width=\"800\" height=\"100\" srcset=\"https:\/\/www.radiopiu.net\/wordpress\/wp-content\/uploads\/2018\/09\/WhatsApp-Image-2018-09-20-at-16.04.06.jpeg 800w, https:\/\/www.radiopiu.net\/wordpress\/wp-content\/uploads\/2018\/09\/WhatsApp-Image-2018-09-20-at-16.04.06-300x38.jpeg 300w, https:\/\/www.radiopiu.net\/wordpress\/wp-content\/uploads\/2018\/09\/WhatsApp-Image-2018-09-20-at-16.04.06-768x96.jpeg 768w\" sizes=\"auto, (max-width: 800px) 100vw, 800px\" \/><\/a><\/h3>\n<p><center><\/center><center><b>Venerdi 13<\/b><\/center><b>Tempo atteso: <\/b>Ripetizione della situazione di gioved\u00ec con maggiore rischio di nevicate tra met\u00e0 mattinata e tardo pomeriggio. Poi miglioramento del tempo con rasserenamenti serali a partire da nord. Clima di stampo invernale, gi\u00e0 nei fondovalle prealpini e gelo persistente oltre i 1000\/1200 m.<br \/>\n<b>Precipitazioni: <\/b>Tra met\u00e0 mattinata e met\u00e0 pomeriggio probabili diffuse nevicate (70\/80%) perlopi\u00f9 di debole intensit\u00e0, localmente ed a tratti moderate sulle Prealpi occidentali. Il limite sar\u00e0 inizialmente nei fondovalle e risalir\u00e0 progressivamente fino sui 400\/500 m a ridosso della pedemontana. Dopo met\u00e0 pomeriggio graduale esaurimento dei fenomeni. Sono previsti apporti di 2\/5 cm, localmente fino a 10 cm in quota nei settori esposti a Sud per neve soffice.<br \/>\n<b>Temperature: <\/b>Minime in generale diminuzione, eccetto locali aumenti delle minime in alcuni fondovalle prealpini; massime stazionarie in quota e in calo di circa 1\/2\u00b0C rispetto a gioved\u00ec nelle valli. Su Prealpi a 1500 m min -6\u00b0C max -3\u00b0C, a 2000 m min -8\u00b0C max -6\u00b0C. Su Dolomiti a 2000 m min -9\u00b0C max -6\u00b0C, a 3000 m min -14\u00b0C max -11\u00b0C.<br \/>\n<b>Venti: <\/b>Nelle valli deboli di direzione variabile; in quota moderati\/tesi da sud-ovest, disponendosi da nord-ovest a fine giornata, a tratti anche forti sulle vette dolomitiche pi\u00f9 alte alla sera, a 10-25 km\/h a 2000 m, 40-55 km\/h a 3000 m.<\/p>\n<hr \/>\n<p><center><b>Sabato 14<\/b><\/center><b>Tempo atteso: <\/b>Al mattino sole e qualche passeggero annuvolamento di sottovento sulle Prealpi, maggiore nuvolosit\u00e0 sulle Dolomiti settentrionali, dove non sar\u00e0 esclusa un po&#8217; di neve burrascosa sulle cime, localmente fino nelle valli. Gi\u00e0 nel corso della mattinata il tempo migliorer\u00e0 risultando ben soleggiato ovunque. Clima diurno decisamente meno freddo a tutte le quote.<br \/>\n<b>Precipitazioni: <\/b>Assenti (0%), ecceto un po&#8217; di neve burrascosa al mattino sulle cime delle Dolomiti settentrionali, localmente qualche fiocco scender\u00e0 fino nelle valli.<br \/>\n<b>Temperature: <\/b>In generale aumento a tutte le quote, specie le minime nelle valli interessate da raffiche da nord. Su Prealpi a 1500 m min -3\u00b0C max 1\u00b0C, a 2000 m min -6\u00b0C max -1\u00b0C. Su Dolomiti a 2000 m min -7\u00b0C max -1\u00b0C, a 3000 m min -11\u00b0C max -6\u00b0C.<br \/>\n<b>Venti: <\/b>Nelle valli deboli di direzione variabile, con qualche rinforzo notturno da nord; in quota moderati\/tesi da nord-ovest nelle ore notturne, poi da ovest sud-ovest in giornata, a tratti forti sulle vette dolomitiche pi\u00f9 alte, a 10-2o km\/h a 2000 m, 40-50 km\/h a 3000 m.<\/p>\n<hr \/>\n<p><center><b>Domenica 15<\/b><\/center>Tempo stupendo, con sole e cielo sereno o poco nuvoloso per qualche banco di cirri. Aria tersa ed ottima visibilit\u00e0 in quota, lievi foschie nelle valli. Temeprature in aumento, eccetto calo delle minime nelle valli, con inversione termica, anche persistente nelle valli in ombra. In quota venti moderati da sud-ovest, a tratti tesi sulle cime dolomitiche pi\u00f9 alte; deboli di direzione variabile nelle valli.<\/p>\n<hr \/>\n<p><center><b>Lunedi 16<\/b><\/center>Lunghi tratti soleggiati fino al primo pomeriggio, poi aumento della nuvolosit\u00e0 medio-alta stratiforme, con rischio di qualche debolissima precipitazione sulle Prealpi occidentali alla sera, assenti altrove. Temperature in ulteriore rialzo. In quota venti deboli\/moderati da sud-ovest, deboli di direzione variabile nelle valli. Previsore: R.L.Th.<\/p>\n<p>&nbsp;<\/p>\n","protected":false},"excerpt":{"rendered":"<p>&nbsp; PROVINCIALE 20 VAL FIORENTINA. fino al 20.12 senso unico alternato con semaforo in localit\u00e0 Solator, per adeguamento carreggiata. Sabato e domenica esclusi REGIONALE 563 SALESEI LOCALITA&#8217; PIAN, FINO\u00a0 AL 20 DICEMBRE INTERDIZIONE TOTALE AL TRAFFICO DALLE 8 ALLE 17 PER TAGLIO ALBERI (esclusi giorni festivi e prefestivi) &nbsp; &nbsp; QUESTA SERA ALLO STELLA ALPINA&hellip;<\/p>\n","protected":false},"author":1,"featured_media":109594,"comment_status":"closed","ping_status":"closed","sticky":false,"template":"","format":"standard","meta":{"_monsterinsights_skip_tracking":false,"_monsterinsights_sitenote_active":false,"_monsterinsights_sitenote_note":"","_monsterinsights_sitenote_category":0,"footnotes":""},"categories":[86],"tags":[],"class_list":["post-109573","post","type-post","status-publish","format-standard","has-post-thumbnail","hentry","category-gr","category-86","description-off"],"img_url":"https:\/\/www.radiopiu.net\/wordpress\/wp-content\/uploads\/2019\/12\/download-8.jpg","_links":{"self":[{"href":"https:\/\/www.radiopiu.net\/wordpress\/wp-json\/wp\/v2\/posts\/109573","targetHints":{"allow":["GET"]}}],"collection":[{"href":"https:\/\/www.radiopiu.net\/wordpress\/wp-json\/wp\/v2\/posts"}],"about":[{"href":"https:\/\/www.radiopiu.net\/wordpress\/wp-json\/wp\/v2\/types\/post"}],"author":[{"embeddable":true,"href":"https:\/\/www.radiopiu.net\/wordpress\/wp-json\/wp\/v2\/users\/1"}],"replies":[{"embeddable":true,"href":"https:\/\/www.radiopiu.net\/wordpress\/wp-json\/wp\/v2\/comments?post=109573"}],"version-history":[{"count":0,"href":"https:\/\/www.radiopiu.net\/wordpress\/wp-json\/wp\/v2\/posts\/109573\/revisions"}],"wp:featuredmedia":[{"embeddable":true,"href":"https:\/\/www.radiopiu.net\/wordpress\/wp-json\/wp\/v2\/media\/109594"}],"wp:attachment":[{"href":"https:\/\/www.radiopiu.net\/wordpress\/wp-json\/wp\/v2\/media?parent=109573"}],"wp:term":[{"taxonomy":"category","embeddable":true,"href":"https:\/\/www.radiopiu.net\/wordpress\/wp-json\/wp\/v2\/categories?post=109573"},{"taxonomy":"post_tag","embeddable":true,"href":"https:\/\/www.radiopiu.net\/wordpress\/wp-json\/wp\/v2\/tags?post=109573"}],"curies":[{"name":"wp","href":"https:\/\/api.w.org\/{rel}","templated":true}]}}