{"id":109647,"date":"2019-12-13T05:26:29","date_gmt":"2019-12-13T04:26:29","guid":{"rendered":"https:\/\/www.radiopiu.net\/wordpress\/?p=109647"},"modified":"2019-12-13T05:26:54","modified_gmt":"2019-12-13T04:26:54","slug":"nido-in-famiglia-al-via-il-progetto-del-fondo-welfare-per-dare-un-servizio-in-piu-ai-genitori","status":"publish","type":"post","link":"https:\/\/www.radiopiu.net\/wordpress\/nido-in-famiglia-al-via-il-progetto-del-fondo-welfare-per-dare-un-servizio-in-piu-ai-genitori\/","title":{"rendered":"\u201cNIDO IN FAMIGLIA\u201d: AL VIA IL PROGETTO DEL FONDO WELFARE PER DARE UN SERVIZIO IN PI\u00d9 AI GENITORI"},"content":{"rendered":"<h3><\/h3>\n<p><strong><a class=\"dt-pswp-item\" href=\"https:\/\/www.radiopiu.net\/wordpress\/wp-content\/uploads\/2019\/02\/101518A1WELFARE.jpg\" data-dt-img-description=\"\" data-large_image_width=\"1920\" data-large_image_height=\"1080\"><img loading=\"lazy\" decoding=\"async\" class=\"size-medium wp-image-75659 alignleft\" src=\"https:\/\/www.radiopiu.net\/wordpress\/wp-content\/uploads\/2019\/02\/101518A1WELFARE-300x169.jpg\" alt=\"\" width=\"300\" height=\"169\" srcset=\"https:\/\/www.radiopiu.net\/wordpress\/wp-content\/uploads\/2019\/02\/101518A1WELFARE-300x169.jpg 300w, https:\/\/www.radiopiu.net\/wordpress\/wp-content\/uploads\/2019\/02\/101518A1WELFARE-768x432.jpg 768w, https:\/\/www.radiopiu.net\/wordpress\/wp-content\/uploads\/2019\/02\/101518A1WELFARE-1024x576.jpg 1024w, https:\/\/www.radiopiu.net\/wordpress\/wp-content\/uploads\/2019\/02\/101518A1WELFARE.jpg 1920w\" sizes=\"auto, (max-width: 300px) 100vw, 300px\" \/><\/a>BELLUNO<\/strong> Alla domanda \u201ccome affrontare lo spopolamento?\u201d, il Fondo Welfare e Identit\u00e0 Territoriale risponde con la concretezza dei servizi. In particolare alle famiglie e ai genitori, che per vivere e lavorare in montagna hanno la necessit\u00e0 di un sostegno vicino a casa. Nasce da questa convinzione il progetto \u201cNido in famiglia\u201d. Si tratta di una forma di sostegno ai freschi genitori, che rappresenta una corretta mediazione tra la struttura organizzata dell\u2019asilo nido classico e l\u2019assenza totale di servizio nei piccoli centri di montagna. Infatti, la proposta di gratuit\u00e0 avanzata dal governo centrale per gli asili nido si scontra con la loro mancanza in gran parte del territorio bellunese. Il \u201cNido in famiglia\u201d \u00e8 una possibilit\u00e0 concreta: \u00e8 regolamentato dalla legislazione regionale, fornisce garanzie di gestione sia del percorso educativo sia di quello della cura fisica del bambino dai 3 mesi ai 3 anni, con educatrici abilitate e certificate, spesso loro stesse mamme con un figlio di quell\u2019et\u00e0; pu\u00f2 contenere al massimo 6 bambini, in una casa\u00a0 dotata di abitabilit\u00e0 e in sicurezza per la prima infanzia.<br \/>\nIl Fondo Welfare e Identit\u00e0 Territoriale intende nei suoi progetti per il 2020 favorire il sorgere di queste strutture, quale forma di servizio per la genitorialit\u00e0 nei territori meno popolati del Bellunese; anche attraverso l\u2019erogazione di contributi per il corso abilitante della persona che intende istituire un nido in famiglia (come previsto dalla Dgr 153 Regione Veneto del 16 febbraio 2018), e finanziando la formazione dei gestori\/educatori. Inoltre, il Fondo accompagner\u00e0 passo dopo passo l\u2019avvio di queste strutture.<\/p>\n<p><strong>MAURO DE CARLI_CGIL<\/strong><\/p>\n<audio class=\"wp-audio-shortcode\" id=\"audio-109647-1\" preload=\"none\" style=\"width: 100%;\" controls=\"controls\"><source type=\"audio\/mpeg\" src=\"https:\/\/www.radiopiu.net\/wordpress\/wp-content\/uploads\/2019\/12\/MAURO.mp3?_=1\" \/><a href=\"https:\/\/www.radiopiu.net\/wordpress\/wp-content\/uploads\/2019\/12\/MAURO.mp3\">https:\/\/www.radiopiu.net\/wordpress\/wp-content\/uploads\/2019\/12\/MAURO.mp3<\/a><\/audio>\n<p>&nbsp;<\/p>\n<p><strong>FRANCESCA DE BIASI PRESIDENTE WELFARE TERRITORIALE<\/strong><\/p>\n<audio class=\"wp-audio-shortcode\" id=\"audio-109647-2\" preload=\"none\" style=\"width: 100%;\" controls=\"controls\"><source type=\"audio\/mpeg\" src=\"https:\/\/www.radiopiu.net\/wordpress\/wp-content\/uploads\/2019\/12\/FRANCESCA-1.mp3?_=2\" \/><a href=\"https:\/\/www.radiopiu.net\/wordpress\/wp-content\/uploads\/2019\/12\/FRANCESCA-1.mp3\">https:\/\/www.radiopiu.net\/wordpress\/wp-content\/uploads\/2019\/12\/FRANCESCA-1.mp3<\/a><\/audio>\n<p>&nbsp;<\/p>\n<p>&nbsp;<\/p>\n","protected":false},"excerpt":{"rendered":"<p>BELLUNO Alla domanda \u201ccome affrontare lo spopolamento?\u201d, il Fondo Welfare e Identit\u00e0 Territoriale risponde con la concretezza dei servizi. In particolare alle famiglie e ai genitori, che per vivere e lavorare in montagna hanno la necessit\u00e0 di un sostegno vicino a casa. Nasce da questa convinzione il progetto \u201cNido in famiglia\u201d. Si tratta di una&hellip;<\/p>\n","protected":false},"author":1,"featured_media":75659,"comment_status":"closed","ping_status":"closed","sticky":false,"template":"","format":"standard","meta":{"_monsterinsights_skip_tracking":false,"_monsterinsights_sitenote_active":false,"_monsterinsights_sitenote_note":"","_monsterinsights_sitenote_category":0,"footnotes":""},"categories":[49],"tags":[],"class_list":["post-109647","post","type-post","status-publish","format-standard","has-post-thumbnail","hentry","category-news-18","category-49","description-off"],"img_url":"https:\/\/www.radiopiu.net\/wordpress\/wp-content\/uploads\/2019\/02\/101518A1WELFARE.jpg","_links":{"self":[{"href":"https:\/\/www.radiopiu.net\/wordpress\/wp-json\/wp\/v2\/posts\/109647","targetHints":{"allow":["GET"]}}],"collection":[{"href":"https:\/\/www.radiopiu.net\/wordpress\/wp-json\/wp\/v2\/posts"}],"about":[{"href":"https:\/\/www.radiopiu.net\/wordpress\/wp-json\/wp\/v2\/types\/post"}],"author":[{"embeddable":true,"href":"https:\/\/www.radiopiu.net\/wordpress\/wp-json\/wp\/v2\/users\/1"}],"replies":[{"embeddable":true,"href":"https:\/\/www.radiopiu.net\/wordpress\/wp-json\/wp\/v2\/comments?post=109647"}],"version-history":[{"count":0,"href":"https:\/\/www.radiopiu.net\/wordpress\/wp-json\/wp\/v2\/posts\/109647\/revisions"}],"wp:featuredmedia":[{"embeddable":true,"href":"https:\/\/www.radiopiu.net\/wordpress\/wp-json\/wp\/v2\/media\/75659"}],"wp:attachment":[{"href":"https:\/\/www.radiopiu.net\/wordpress\/wp-json\/wp\/v2\/media?parent=109647"}],"wp:term":[{"taxonomy":"category","embeddable":true,"href":"https:\/\/www.radiopiu.net\/wordpress\/wp-json\/wp\/v2\/categories?post=109647"},{"taxonomy":"post_tag","embeddable":true,"href":"https:\/\/www.radiopiu.net\/wordpress\/wp-json\/wp\/v2\/tags?post=109647"}],"curies":[{"name":"wp","href":"https:\/\/api.w.org\/{rel}","templated":true}]}}