{"id":109685,"date":"2019-12-13T11:06:43","date_gmt":"2019-12-13T10:06:43","guid":{"rendered":"https:\/\/www.radiopiu.net\/wordpress\/?p=109685"},"modified":"2019-12-14T14:12:58","modified_gmt":"2019-12-14T13:12:58","slug":"il-bosco-raso-al-suolo-alle-porte-di-frassene-i-motivi-del-ritardo-a-400-giorni-da-vaia","status":"publish","type":"post","link":"https:\/\/www.radiopiu.net\/wordpress\/il-bosco-raso-al-suolo-alle-porte-di-frassene-i-motivi-del-ritardo-a-400-giorni-da-vaia\/","title":{"rendered":"IL BOSCO RASO AL SUOLO ALLE PORTE  DI FRASSENE&#8217;, I MOTIVI DEL RITARDO A 400 GIORNI DA VAIA"},"content":{"rendered":"<p><strong>VOLTAGO<\/strong> Nel servizio pubblicato ieri da Voltago scrivevamo:\u00a0 <em>&#8220;Frassen\u00e9 ha la sua dignit\u00e0 turistica, non sar\u00e0 pi\u00f9 la Piccola Cortina del passato, ma ha la sua dignit\u00e0 e coloro che hanno deciso di rimanere sul territorio meritano rispetto. Ad esempio: l\u2019entrata al paese \u00e8 penosa. Un bosco di faggi al bivio per B\u00e8rtoi \u00e8 raso al suolo, non sono tante piante, una decina di ceppaie, ma sono a terra con radici al cielo, un brutto vedere, un pessimo biglietto da visita&#8221;.\u00a0<\/em><\/p>\n<div id=\"attachment_109686\" style=\"width: 310px\" class=\"wp-caption alignleft\"><a class=\"dt-pswp-item\" href=\"https:\/\/www.radiopiu.net\/wordpress\/wp-content\/uploads\/2019\/12\/IMG_20191211_134134-300x225-1.jpg\" data-dt-img-description=\"sdr\" data-large_image_width=\"300\" data-large_image_height=\"225\"><img loading=\"lazy\" decoding=\"async\" aria-describedby=\"caption-attachment-109686\" class=\"size-full wp-image-109686\" src=\"https:\/\/www.radiopiu.net\/wordpress\/wp-content\/uploads\/2019\/12\/IMG_20191211_134134-300x225-1.jpg\" alt=\"\" width=\"300\" height=\"225\" \/><\/a><p id=\"caption-attachment-109686\" class=\"wp-caption-text\">sdr<\/p><\/div>\n<p>Torniamo oggi sull&#8217;argomento partendo dal fatto che si tratta di un terreno privato, i proprietari a suo tempo si erano dati da fare per cercare una soluzione al disastro post Vaia, ma tutto \u00e8 andato per il verso storto tra &#8220;bidoni&#8221; e false promesse. Per capirne di pi\u00f9 accogliamo le spiegazioni di Daniele De Zaiacomo figlio della proprietaria.<\/p>\n<h2><span style=\"color: #ff0000;\">IL CHIARIMENTO<\/span><\/h2>\n<blockquote>\n<div>Sono il figlio della signora proprietaria del terreno interessato dalla caduta delle piante di cui si parla nell&#8217;articolo. Ho ritenuto doveroso mettervi al corrente di alcune precisazioni in merito, dato che dall&#8217;uscita dell&#8217;articolo e del video mia madre ha ricevuto da abitanti del paese e conoscenti commenti ironici e fuori luogo, che l&#8217;hanno messa in difficolt\u00e0.\u00a0 Dopo Vaia la priorit\u00e0 per noi \u00e8 stata quella di ripulire il pendio che avete fotografato dalle piante cadute. Mi creda, sono state contattate pi\u00f9 persone, ma nessuno (sottolineo NESSUNO) si \u00e8 interessato in modo concreto <strong>Questa \u00e8 la situazione\u00a0 <\/strong>Frassen\u00e8 ha certo bisogno di una immagine diversa all&#8217;entrata del paese, siamo tutti d&#8217;accordo.\u00a0 Frassen\u00e8 avrebbe bisogno anche di molto altro, come tanti paesi di montagna, che poco alla volta si stanno spopolando. Frassen\u00e8, come tutta la montagna, avrebbe bisogno di maggiore collaborazione e coesione tra gli abitanti che molto spesso invece manca, a favore di personalismi, assurde rivalit\u00e0 ed atteggiamenti che poco hanno a che fare con una costruttiva collaborazione per la ricostruzione e la faticosa resistenza a mantenere salde le radici in un territorio di per s\u00e9 critico e difficile da abitare.<\/div>\n<\/blockquote>\n","protected":false},"excerpt":{"rendered":"<p>VOLTAGO Nel servizio pubblicato ieri da Voltago scrivevamo:\u00a0 &#8220;Frassen\u00e9 ha la sua dignit\u00e0 turistica, non sar\u00e0 pi\u00f9 la Piccola Cortina del passato, ma ha la sua dignit\u00e0 e coloro che hanno deciso di rimanere sul territorio meritano rispetto. Ad esempio: l\u2019entrata al paese \u00e8 penosa. Un bosco di faggi al bivio per B\u00e8rtoi \u00e8 raso&hellip;<\/p>\n","protected":false},"author":1,"featured_media":109686,"comment_status":"closed","ping_status":"closed","sticky":false,"template":"","format":"standard","meta":{"_monsterinsights_skip_tracking":false,"_monsterinsights_sitenote_active":false,"_monsterinsights_sitenote_note":"","_monsterinsights_sitenote_category":0,"footnotes":""},"categories":[104,49],"tags":[],"class_list":["post-109685","post","type-post","status-publish","format-standard","has-post-thumbnail","hentry","category-evidenza_3","category-news-18","category-104","category-49","description-off"],"img_url":"https:\/\/www.radiopiu.net\/wordpress\/wp-content\/uploads\/2019\/12\/IMG_20191211_134134-300x225-1.jpg","_links":{"self":[{"href":"https:\/\/www.radiopiu.net\/wordpress\/wp-json\/wp\/v2\/posts\/109685","targetHints":{"allow":["GET"]}}],"collection":[{"href":"https:\/\/www.radiopiu.net\/wordpress\/wp-json\/wp\/v2\/posts"}],"about":[{"href":"https:\/\/www.radiopiu.net\/wordpress\/wp-json\/wp\/v2\/types\/post"}],"author":[{"embeddable":true,"href":"https:\/\/www.radiopiu.net\/wordpress\/wp-json\/wp\/v2\/users\/1"}],"replies":[{"embeddable":true,"href":"https:\/\/www.radiopiu.net\/wordpress\/wp-json\/wp\/v2\/comments?post=109685"}],"version-history":[{"count":0,"href":"https:\/\/www.radiopiu.net\/wordpress\/wp-json\/wp\/v2\/posts\/109685\/revisions"}],"wp:featuredmedia":[{"embeddable":true,"href":"https:\/\/www.radiopiu.net\/wordpress\/wp-json\/wp\/v2\/media\/109686"}],"wp:attachment":[{"href":"https:\/\/www.radiopiu.net\/wordpress\/wp-json\/wp\/v2\/media?parent=109685"}],"wp:term":[{"taxonomy":"category","embeddable":true,"href":"https:\/\/www.radiopiu.net\/wordpress\/wp-json\/wp\/v2\/categories?post=109685"},{"taxonomy":"post_tag","embeddable":true,"href":"https:\/\/www.radiopiu.net\/wordpress\/wp-json\/wp\/v2\/tags?post=109685"}],"curies":[{"name":"wp","href":"https:\/\/api.w.org\/{rel}","templated":true}]}}