{"id":109723,"date":"2019-12-13T23:58:16","date_gmt":"2019-12-13T22:58:16","guid":{"rendered":"https:\/\/www.radiopiu.net\/wordpress\/?p=109723"},"modified":"2019-12-13T18:47:25","modified_gmt":"2019-12-13T17:47:25","slug":"gli-appuntamenti-sportivi-del-weekend","status":"publish","type":"post","link":"https:\/\/www.radiopiu.net\/wordpress\/gli-appuntamenti-sportivi-del-weekend\/","title":{"rendered":"GLI APPUNTAMENTI SPORTIVI DEL WEEKEND"},"content":{"rendered":"<p><b>VOLLEY<\/b><\/p>\n<p>Fine settimana carico di impegni per il Volley Club Agordino. La prima squadra sar\u00e0 impegnata oggi alle 19 nella palestra di Trichiana per affrontare le padrone di casa nella terza giornata del campionato di Terza Divisione. Domani alle 11 in campo le under 16 che saliranno in Cadore per giocare la partita contro il Cortina. Doppio impegno per le giovani under 12 che oggi alle 16 ospiteranno il Trichiana al Palarova mentre domani, sempre alle 16, giocheranno in terra trevigiana contro il Cappella.<\/p>\n<p><b>HOCKEY<\/b><\/p>\n<p>Stasera l&#8217;Alleghe Hockey sar\u00e0 impegnato nella ventesima giornata della IHL. La squadra di Matikainen dovr\u00e0 tirare fuori le unghie per lasciare l&#8217;ultima posizione in classifica. Alle 20:30 sar\u00e0 in trasferta contro l&#8217;Appiano e Radio Pi\u00f9 seguir\u00e0 in diretta la partita all&#8217;interno di \u201cHockey Al Punto Giusto\u201d. Per il settore giovanile delle civette gioranata di riposo per l&#8217;under 19 e 17. In campo domani alle 17 la under 15 che al de Toni se la dovr\u00e0 vedere con il Caldaro. Oggi, alle 17, in campo gli under 13 che giocheranno in casa contro il Valrendena.<\/p>\n<p><b>CALCIO<\/b><\/p>\n<p>Campionati FIGC provinciali fermi nel fine settimana. Dalle giovanili alla Terza Categoria non si gioca. La sezione della provincia di Belluno ha deciso di rinviare le partite del weekend a seguito delle precipitazioni nevose che hanno interessato il nostro territorio. In forse anche la sfida tra Fiori Barp Mas e San Martino Colle valida per la Prima Categoria, solo in serata si sapr\u00e0 se la partita verr\u00e0 disputata regolarmente e in quale stadio visto che la squadra di Mas ha chiesto l&#8217;inversione di campo. Al momento nessuna variazione di programma anche per gli Allievi regionali del San Giorgio Sedico che domani alle 10:30 giocheranno in casa contro il Portomansu\u00e8.<\/p>\n<blockquote>\n<p style=\"text-align: center;\"><b>DOMANI ALLE 14:30 SU RADIO PIU&#8217; IL CONSUETO APPUNTAMENTO CON \u201cDOMENICA PIU&#8217; SPORT\u201d <\/b><\/p>\n<\/blockquote>\n","protected":false},"excerpt":{"rendered":"<p>VOLLEY Fine settimana carico di impegni per il Volley Club Agordino. La prima squadra sar\u00e0 impegnata oggi alle 19 nella palestra di Trichiana per affrontare le padrone di casa nella terza giornata del campionato di Terza Divisione. Domani alle 11 in campo le under 16 che saliranno in Cadore per giocare la partita contro il&hellip;<\/p>\n","protected":false},"author":4,"featured_media":104111,"comment_status":"closed","ping_status":"closed","sticky":false,"template":"","format":"standard","meta":{"_monsterinsights_skip_tracking":false,"_monsterinsights_sitenote_active":false,"_monsterinsights_sitenote_note":"","_monsterinsights_sitenote_category":0,"footnotes":""},"categories":[103,49,72],"tags":[],"class_list":["post-109723","post","type-post","status-publish","format-standard","has-post-thumbnail","hentry","category-evidenza_2","category-news-18","category-sport","category-103","category-49","category-72","description-off"],"img_url":"https:\/\/www.radiopiu.net\/wordpress\/wp-content\/uploads\/2019\/10\/hockey-calcio-volley.jpeg","_links":{"self":[{"href":"https:\/\/www.radiopiu.net\/wordpress\/wp-json\/wp\/v2\/posts\/109723","targetHints":{"allow":["GET"]}}],"collection":[{"href":"https:\/\/www.radiopiu.net\/wordpress\/wp-json\/wp\/v2\/posts"}],"about":[{"href":"https:\/\/www.radiopiu.net\/wordpress\/wp-json\/wp\/v2\/types\/post"}],"author":[{"embeddable":true,"href":"https:\/\/www.radiopiu.net\/wordpress\/wp-json\/wp\/v2\/users\/4"}],"replies":[{"embeddable":true,"href":"https:\/\/www.radiopiu.net\/wordpress\/wp-json\/wp\/v2\/comments?post=109723"}],"version-history":[{"count":0,"href":"https:\/\/www.radiopiu.net\/wordpress\/wp-json\/wp\/v2\/posts\/109723\/revisions"}],"wp:featuredmedia":[{"embeddable":true,"href":"https:\/\/www.radiopiu.net\/wordpress\/wp-json\/wp\/v2\/media\/104111"}],"wp:attachment":[{"href":"https:\/\/www.radiopiu.net\/wordpress\/wp-json\/wp\/v2\/media?parent=109723"}],"wp:term":[{"taxonomy":"category","embeddable":true,"href":"https:\/\/www.radiopiu.net\/wordpress\/wp-json\/wp\/v2\/categories?post=109723"},{"taxonomy":"post_tag","embeddable":true,"href":"https:\/\/www.radiopiu.net\/wordpress\/wp-json\/wp\/v2\/tags?post=109723"}],"curies":[{"name":"wp","href":"https:\/\/api.w.org\/{rel}","templated":true}]}}