{"id":109725,"date":"2019-12-13T23:58:44","date_gmt":"2019-12-13T22:58:44","guid":{"rendered":"https:\/\/www.radiopiu.net\/wordpress\/?p=109725"},"modified":"2019-12-13T18:51:28","modified_gmt":"2019-12-13T17:51:28","slug":"campionato-agordino-di-calcio-le-parole-di-andrea-baldassi","status":"publish","type":"post","link":"https:\/\/www.radiopiu.net\/wordpress\/campionato-agordino-di-calcio-le-parole-di-andrea-baldassi\/","title":{"rendered":"CAMPIONATO AGORDINO DI CALCIO: LE PAROLE DI ANDREA BALDASSI"},"content":{"rendered":"<p>Nella serata di mercoled\u00ec scorso si \u00e8 svolta l&#8217;ultima riunione del Comitato Calcio Agordino del 2019. Oltre a tirare le somme sulla stagione che si \u00e8 conclusa 6 mesi fa, Andrea Baldassi ha dato le dimissioni da Presidente del Comitato. Entro la fine di gennaio le squadre si sono promesse di trovare un sostituto.<\/p>\n<p><strong>LE PAROLE DI ANDREA BALDASSI<\/strong><\/p>\n<audio class=\"wp-audio-shortcode\" id=\"audio-109725-1\" preload=\"none\" style=\"width: 100%;\" controls=\"controls\"><source type=\"audio\/mpeg\" src=\"https:\/\/www.radiopiu.net\/wordpress\/wp-content\/uploads\/2019\/12\/BALDASSI-DIMISSIONI.mp3?_=1\" \/><a href=\"https:\/\/www.radiopiu.net\/wordpress\/wp-content\/uploads\/2019\/12\/BALDASSI-DIMISSIONI.mp3\">https:\/\/www.radiopiu.net\/wordpress\/wp-content\/uploads\/2019\/12\/BALDASSI-DIMISSIONI.mp3<\/a><\/audio>\n","protected":false},"excerpt":{"rendered":"<p>Nella serata di mercoled\u00ec scorso si \u00e8 svolta l&#8217;ultima riunione del Comitato Calcio Agordino del 2019. Oltre a tirare le somme sulla stagione che si \u00e8 conclusa 6 mesi fa, Andrea Baldassi ha dato le dimissioni da Presidente del Comitato. Entro la fine di gennaio le squadre si sono promesse di trovare un sostituto. LE&hellip;<\/p>\n","protected":false},"author":4,"featured_media":91405,"comment_status":"closed","ping_status":"closed","sticky":false,"template":"","format":"standard","meta":{"_monsterinsights_skip_tracking":false,"_monsterinsights_sitenote_active":false,"_monsterinsights_sitenote_note":"","_monsterinsights_sitenote_category":0,"footnotes":""},"categories":[103,49,72],"tags":[],"class_list":["post-109725","post","type-post","status-publish","format-standard","has-post-thumbnail","hentry","category-evidenza_2","category-news-18","category-sport","category-103","category-49","category-72","description-off"],"img_url":"https:\/\/www.radiopiu.net\/wordpress\/wp-content\/uploads\/2019\/07\/pallone-calcio-2019.jpg","_links":{"self":[{"href":"https:\/\/www.radiopiu.net\/wordpress\/wp-json\/wp\/v2\/posts\/109725","targetHints":{"allow":["GET"]}}],"collection":[{"href":"https:\/\/www.radiopiu.net\/wordpress\/wp-json\/wp\/v2\/posts"}],"about":[{"href":"https:\/\/www.radiopiu.net\/wordpress\/wp-json\/wp\/v2\/types\/post"}],"author":[{"embeddable":true,"href":"https:\/\/www.radiopiu.net\/wordpress\/wp-json\/wp\/v2\/users\/4"}],"replies":[{"embeddable":true,"href":"https:\/\/www.radiopiu.net\/wordpress\/wp-json\/wp\/v2\/comments?post=109725"}],"version-history":[{"count":0,"href":"https:\/\/www.radiopiu.net\/wordpress\/wp-json\/wp\/v2\/posts\/109725\/revisions"}],"wp:featuredmedia":[{"embeddable":true,"href":"https:\/\/www.radiopiu.net\/wordpress\/wp-json\/wp\/v2\/media\/91405"}],"wp:attachment":[{"href":"https:\/\/www.radiopiu.net\/wordpress\/wp-json\/wp\/v2\/media?parent=109725"}],"wp:term":[{"taxonomy":"category","embeddable":true,"href":"https:\/\/www.radiopiu.net\/wordpress\/wp-json\/wp\/v2\/categories?post=109725"},{"taxonomy":"post_tag","embeddable":true,"href":"https:\/\/www.radiopiu.net\/wordpress\/wp-json\/wp\/v2\/tags?post=109725"}],"curies":[{"name":"wp","href":"https:\/\/api.w.org\/{rel}","templated":true}]}}