{"id":109805,"date":"2019-12-14T16:33:12","date_gmt":"2019-12-14T15:33:12","guid":{"rendered":"https:\/\/www.radiopiu.net\/wordpress\/?p=109805"},"modified":"2019-12-14T16:33:12","modified_gmt":"2019-12-14T15:33:12","slug":"arrestato-per-spaccio-di-marijuana-e-cocaina","status":"publish","type":"post","link":"https:\/\/www.radiopiu.net\/wordpress\/arrestato-per-spaccio-di-marijuana-e-cocaina\/","title":{"rendered":"ARRESTATO PER SPACCIO DI MARIJUANA E COCAINA"},"content":{"rendered":"<p>COMELICO \u00c8 stato convalidato l\u2019arresto di D. D., cittadino italiano, residente in Comelico, per detenzione di sostanze stupefacenti a fini di spaccio, in esito ad un\u2019attivit\u00e0 investigativa originata dalla coincidenza tra alcune segnalazioni di privati cittadini, in relazione ad un possibile spaccio di sostanze stupefacenti, rivolto alla fascia di et\u00e1 pi\u00f9 sensibile della comunit\u00e0 locale, ed analoghi elementi riscontrati, d\u2019iniziativa, dall\u2019Arma dei Carabinieri. Ad una perquisizione sono stati sequestrati circa mezzo kilogrammo di sostanza stupefacente tipo marijuana, e 100g di sostanza stupefacente tipo cocaina, della quale una parte gi\u00e0 confezionata in singole dosi, pronte per la cessione, insieme ad alcuni smartphones e ad una bilancia di precisione.Il risultato conseguito, grazie ad un\u2019azione coesa e determinata dell\u2019Arma dei Carabinieri e della Procura della Repubblica, costituisce una risposta pronta, rapida ed efficace, ad un\u2019importante richiesta di aiuto pervenuta dalle comunit\u00e0 locali del Comelico e del Cadore, a tutela delle loro componenti pi\u00f9 giovani e vulnerabili. Tale richiesta ha confermato alcuni dati informativi, gi\u00e0 emersi durante l\u2019attivit\u00e0 informativa condotta dall\u2019Arma nella quotidiana attivit\u00e0 di prevenzione.<\/p>\n\n\t\t\t<style type='text\/css'>\n\t\t\t\t#gallery-1 {\n\t\t\t\t\tmargin: auto;\n\t\t\t\t}\n\t\t\t\t#gallery-1 .gallery-item {\n\t\t\t\t\tfloat: left;\n\t\t\t\t\tmargin-top: 10px;\n\t\t\t\t\ttext-align: center;\n\t\t\t\t\twidth: 33%;\n\t\t\t\t}\n\t\t\t\t#gallery-1 img {\n\t\t\t\t\tborder: 2px solid #cfcfcf;\n\t\t\t\t}\n\t\t\t\t#gallery-1 .gallery-caption {\n\t\t\t\t\tmargin-left: 0;\n\t\t\t\t}\n\t\t\t\t\/* see gallery_shortcode() in wp-includes\/media.php *\/\n\t\t\t<\/style>\n\t\t<div id='gallery-1' class='dt-gallery-container gallery galleryid-109805 gallery-columns-3 gallery-size-thumbnail'><dl class='gallery-item'>\n\t\t\t\t<dt class='gallery-icon landscape'>\n\t\t\t\t\t<a class=\"rollover\" href='https:\/\/www.radiopiu.net\/wordpress\/arrestato-per-spaccio-di-marijuana-e-cocaina\/a638e8e3-8102-4990-84b6-529c8ccc4c4b\/'><img loading=\"lazy\" decoding=\"async\" width=\"150\" height=\"150\" src=\"https:\/\/www.radiopiu.net\/wordpress\/wp-content\/uploads\/2019\/12\/a638e8e3-8102-4990-84b6-529c8ccc4c4b-150x150.jpg\" class=\"attachment-thumbnail size-thumbnail\" alt=\"\" \/><\/a>\n\t\t\t\t<\/dt><\/dl><dl class='gallery-item'>\n\t\t\t\t<dt class='gallery-icon landscape'>\n\t\t\t\t\t<a class=\"rollover\" href='https:\/\/www.radiopiu.net\/wordpress\/arrestato-per-spaccio-di-marijuana-e-cocaina\/2504660c-236a-421f-a664-9d3899fa2c55\/'><img loading=\"lazy\" decoding=\"async\" width=\"150\" height=\"150\" src=\"https:\/\/www.radiopiu.net\/wordpress\/wp-content\/uploads\/2019\/12\/2504660c-236a-421f-a664-9d3899fa2c55-150x150.jpg\" class=\"attachment-thumbnail size-thumbnail\" alt=\"\" \/><\/a>\n\t\t\t\t<\/dt><\/dl><dl class='gallery-item'>\n\t\t\t\t<dt class='gallery-icon landscape'>\n\t\t\t\t\t<a class=\"rollover\" href='https:\/\/www.radiopiu.net\/wordpress\/arrestato-per-spaccio-di-marijuana-e-cocaina\/00e63a51-cb66-4638-bde1-472b17d80547\/'><img loading=\"lazy\" decoding=\"async\" width=\"150\" height=\"150\" src=\"https:\/\/www.radiopiu.net\/wordpress\/wp-content\/uploads\/2019\/12\/00e63a51-cb66-4638-bde1-472b17d80547-150x150.jpg\" class=\"attachment-thumbnail size-thumbnail\" alt=\"\" \/><\/a>\n\t\t\t\t<\/dt><\/dl><br style=\"clear: both\" \/>\n\t\t\t<\/div>\n\n<blockquote><p><em>La convalida dell\u2019arresto,corrobora l\u2019efficacia dell\u2019azione dei militari dell\u2019Arma, e concretizza pienamente la risposta pronta e qualificata dell\u2019Arma alle esigenze della comunit\u00e0 locale, le cui fasce pi\u00f9 sensibili sono costantemente il baricentro degli sforzi preventivi e, quando necessario, repressivi, dell\u2019Istituzione, unico baluardo dello Stato nelle valli pi\u00f9 periferiche della Provincia di Belluno.<\/em><\/p><\/blockquote>\n","protected":false},"excerpt":{"rendered":"<p>COMELICO \u00c8 stato convalidato l\u2019arresto di D. D., cittadino italiano, residente in Comelico, per detenzione di sostanze stupefacenti a fini di spaccio, in esito ad un\u2019attivit\u00e0 investigativa originata dalla coincidenza tra alcune segnalazioni di privati cittadini, in relazione ad un possibile spaccio di sostanze stupefacenti, rivolto alla fascia di et\u00e1 pi\u00f9 sensibile della comunit\u00e0 locale,&hellip;<\/p>\n","protected":false},"author":1,"featured_media":109808,"comment_status":"closed","ping_status":"closed","sticky":false,"template":"","format":"standard","meta":{"_monsterinsights_skip_tracking":false,"_monsterinsights_sitenote_active":false,"_monsterinsights_sitenote_note":"","_monsterinsights_sitenote_category":0,"footnotes":""},"categories":[51,49],"tags":[],"class_list":["post-109805","post","type-post","status-publish","format-standard","has-post-thumbnail","hentry","category-evidenza-top","category-news-18","category-51","category-49","description-off"],"img_url":"https:\/\/www.radiopiu.net\/wordpress\/wp-content\/uploads\/2019\/12\/00e63a51-cb66-4638-bde1-472b17d80547.jpg","_links":{"self":[{"href":"https:\/\/www.radiopiu.net\/wordpress\/wp-json\/wp\/v2\/posts\/109805","targetHints":{"allow":["GET"]}}],"collection":[{"href":"https:\/\/www.radiopiu.net\/wordpress\/wp-json\/wp\/v2\/posts"}],"about":[{"href":"https:\/\/www.radiopiu.net\/wordpress\/wp-json\/wp\/v2\/types\/post"}],"author":[{"embeddable":true,"href":"https:\/\/www.radiopiu.net\/wordpress\/wp-json\/wp\/v2\/users\/1"}],"replies":[{"embeddable":true,"href":"https:\/\/www.radiopiu.net\/wordpress\/wp-json\/wp\/v2\/comments?post=109805"}],"version-history":[{"count":0,"href":"https:\/\/www.radiopiu.net\/wordpress\/wp-json\/wp\/v2\/posts\/109805\/revisions"}],"wp:featuredmedia":[{"embeddable":true,"href":"https:\/\/www.radiopiu.net\/wordpress\/wp-json\/wp\/v2\/media\/109808"}],"wp:attachment":[{"href":"https:\/\/www.radiopiu.net\/wordpress\/wp-json\/wp\/v2\/media?parent=109805"}],"wp:term":[{"taxonomy":"category","embeddable":true,"href":"https:\/\/www.radiopiu.net\/wordpress\/wp-json\/wp\/v2\/categories?post=109805"},{"taxonomy":"post_tag","embeddable":true,"href":"https:\/\/www.radiopiu.net\/wordpress\/wp-json\/wp\/v2\/tags?post=109805"}],"curies":[{"name":"wp","href":"https:\/\/api.w.org\/{rel}","templated":true}]}}