{"id":109818,"date":"2019-12-15T10:12:09","date_gmt":"2019-12-15T09:12:09","guid":{"rendered":"https:\/\/www.radiopiu.net\/wordpress\/?p=109818"},"modified":"2019-12-16T05:54:06","modified_gmt":"2019-12-16T04:54:06","slug":"sotto-lalbero-di-natale-il-fisco-trovera-un-regalo-da-quasi-43-miliardi","status":"publish","type":"post","link":"https:\/\/www.radiopiu.net\/wordpress\/sotto-lalbero-di-natale-il-fisco-trovera-un-regalo-da-quasi-43-miliardi\/","title":{"rendered":"SOTTO L\u2019ALBERO DI NATALE IL FISCO TROVERA\u2019 UN \u201cREGALO\u201d DA QUASI 43 MILIARDI"},"content":{"rendered":"<p><a class=\"dt-pswp-item\" href=\"https:\/\/www.radiopiu.net\/wordpress\/wp-content\/uploads\/2019\/12\/Schermata-2019-12-15-alle-10.05.23.png\" data-dt-img-description=\"\" data-large_image_width=\"910\" data-large_image_height=\"538\"><img loading=\"lazy\" decoding=\"async\" class=\"size-medium wp-image-109819 alignleft\" src=\"https:\/\/www.radiopiu.net\/wordpress\/wp-content\/uploads\/2019\/12\/Schermata-2019-12-15-alle-10.05.23-300x177.png\" alt=\"\" width=\"300\" height=\"177\" srcset=\"https:\/\/www.radiopiu.net\/wordpress\/wp-content\/uploads\/2019\/12\/Schermata-2019-12-15-alle-10.05.23-300x177.png 300w, https:\/\/www.radiopiu.net\/wordpress\/wp-content\/uploads\/2019\/12\/Schermata-2019-12-15-alle-10.05.23-768x454.png 768w, https:\/\/www.radiopiu.net\/wordpress\/wp-content\/uploads\/2019\/12\/Schermata-2019-12-15-alle-10.05.23.png 910w\" sizes=\"auto, (max-width: 300px) 100vw, 300px\" \/><\/a>Anche quest\u2019anno a festeggiare un ricco Natale sar\u00e0 sicuramente il fisco che sotto l\u2019albero trover\u00e0 un \u201cregalo\u201d da 42,9 miliardi di euro. A consegnarlo, tuttavia, non sar\u00e0 Babbo Natale, bens\u00ec i contribuenti italiani che in questi giorni sono chiamati a onorare un elevato numero di scadenze fiscali da far tremare i polsi.<\/p>\n<p>Entro luned\u00ec prossimo , infatti, dal saldo dell\u2019Imu-Tasi il fisco ricever\u00e0 9,6 miliardi, dal pagamento delle ritenute Irpef dei lavoratori dipendenti e dei collaboratori altri 13,6 miliardi e dal versamento dell\u2019Iva ben 19,7 miliardi (vedi Tab. 1).<\/p>\n<p>Il dato complessivo, fa notare l\u2019Ufficio studi della CGIA, \u00e8 comunque sottostimato, in quanto non tiene conto dell\u2019eventuale pagamento dell\u2019ultima rata della Tari che, in molti Comuni, avviene a dicembre. Questa gragnuola di tasse, ovviamente, avr\u00e0 anche quest\u2019anno degli effetti negativi sui consumi di Natale.<\/p>\n<p><strong>Troppe tasse riducono i consumi, anche quelli natalizi<\/strong><br \/>\n\u201cSe la spesa natalizia registrata l\u2019anno scorso ha sfiorato i 10 miliardi di euro \u2013 dichiara il coordinatore dell\u2019Ufficio studi della CGIA Paolo Zabeo \u2013 va ricordato che negli ultimi 10 anni \u00e8 crollata del 30 per cento. Questa contrazione ha penalizzato soprattutto i negozi di vicinato, mentre gli outlet e la grande distribuzione sono riusciti, almeno in parte, ad ammortizzare il colpo inferto dall\u2019e-commerce che, negli ultimi 4-5 anni, ha assunto dimensioni sempre pi\u00f9 importanti. Con meno tasse e con una tredicesima pi\u00f9 pesante, daremmo sicuramente pi\u00f9 slancio alla domanda interna che, in Italia, rimane ancora troppo debole, anche nei restanti 11 mesi dell\u2019anno\u201d.<\/p>\n<p><a class=\"dt-pswp-item\" href=\"https:\/\/www.radiopiu.net\/wordpress\/wp-content\/uploads\/2019\/12\/Schermata-2019-12-15-alle-10.05.48.png\" data-dt-img-description=\"\" data-large_image_width=\"874\" data-large_image_height=\"500\"><img loading=\"lazy\" decoding=\"async\" class=\"size-medium wp-image-109821 alignleft\" src=\"https:\/\/www.radiopiu.net\/wordpress\/wp-content\/uploads\/2019\/12\/Schermata-2019-12-15-alle-10.05.48-300x172.png\" alt=\"\" width=\"300\" height=\"172\" srcset=\"https:\/\/www.radiopiu.net\/wordpress\/wp-content\/uploads\/2019\/12\/Schermata-2019-12-15-alle-10.05.48-300x172.png 300w, https:\/\/www.radiopiu.net\/wordpress\/wp-content\/uploads\/2019\/12\/Schermata-2019-12-15-alle-10.05.48-768x439.png 768w, https:\/\/www.radiopiu.net\/wordpress\/wp-content\/uploads\/2019\/12\/Schermata-2019-12-15-alle-10.05.48.png 874w\" sizes=\"auto, (max-width: 300px) 100vw, 300px\" \/><\/a>Tornando ai dati dell\u2019analisi, a questo gettito di quasi 43 miliardi vanno aggiunti altri 11 miliardi di euro \u201cprelevati\u201d dalle tredicesime che sono state o stanno per essere liquidate in queste settimane. Versamento che, comunque, sar\u00e0 effettuato dal sostituto di imposta (ovvero il datore di lavoro) per conto dei lavoratori dipendenti e dall\u2019Inps per i pensionati. In entrambi i casi la scadenza del versamento Irpef \u00e8 il 16 gennaio 2020. Afferma il segretario della CGIA, Renato Mason:<\/p>\n<p>\u201cNegli ultimi anni, un carico tributario eccessivo e una platea di servizi erogati dall\u2019Amministrazione pubblica in flessione sia in termini di qualit\u00e0 che di quantit\u00e0, hanno contribuito sensibilmente alla contrazione della domanda interna e degli investimenti. Alle piccole e piccolissime imprese, l\u2019effetto combinato delle troppe tasse, del calo dei consumi delle famiglie e della contrazione dei prestiti bancari ha procurato squilibri finanziari tali da costringere tantissimi artigiani e piccoli commercianti a chiudere definitivamente l\u2019attivit\u00e0\u201d.<\/p>\n<p>Le tredicesime: anche quest\u2019anno non beneficeranno del \u201cbonus Renzi\u201d<br \/>\nA fronte di circa 44 miliardi di euro di mensilit\u00e0 aggiuntiva che a dicembre saranno erogati a 33,9 milioni di pensionati, operai e impiegati, l\u2019erario ne \u201cprelever\u00e0\u201d 11 attraverso le ritenute Irpef e, alla fine, in tasca ai beneficiari ne rimarranno \u201csolo\u201d 33 (vedi Tab. 2).<\/p>\n<p><a class=\"dt-pswp-item\" href=\"https:\/\/www.radiopiu.net\/wordpress\/wp-content\/uploads\/2019\/12\/Schermata-2019-12-15-alle-10.08.35.png\" data-dt-img-description=\"\" data-large_image_width=\"838\" data-large_image_height=\"940\"><img loading=\"lazy\" decoding=\"async\" class=\"size-medium wp-image-109822 alignleft\" src=\"https:\/\/www.radiopiu.net\/wordpress\/wp-content\/uploads\/2019\/12\/Schermata-2019-12-15-alle-10.08.35-267x300.png\" alt=\"\" width=\"267\" height=\"300\" srcset=\"https:\/\/www.radiopiu.net\/wordpress\/wp-content\/uploads\/2019\/12\/Schermata-2019-12-15-alle-10.08.35-267x300.png 267w, https:\/\/www.radiopiu.net\/wordpress\/wp-content\/uploads\/2019\/12\/Schermata-2019-12-15-alle-10.08.35-768x861.png 768w, https:\/\/www.radiopiu.net\/wordpress\/wp-content\/uploads\/2019\/12\/Schermata-2019-12-15-alle-10.08.35.png 838w\" sizes=\"auto, (max-width: 267px) 100vw, 267px\" \/><\/a>A livello territoriale la regione che presenta il pi\u00f9 alto numero di percettori della tredicesima mensilit\u00e0 \u00e8 la Lombardia: le persone interessate sono 6,1 milioni. Seguono i 3.273.000 residenti nel Lazio e i 2.937.000 domiciliati nel Veneto. Le realt\u00e0 geografiche, invece, dove il numero dei beneficiari della gratifica natalizia \u00e8 pi\u00f9 contenuto sono l\u2019Umbria con 525 mila persone, la Basilicata con 288 mila, il Molise con 162 mila e la Valle d\u2019Aosta con 76 mila (vedi Tab. 3).<\/p>\n<p><strong>L\u2019Ufficio studi della CGIA tiene a precisare che, come negli anni scorsi, le tredicesime dei lavoratori dipendenti non beneficeranno del cosiddetto \u201cbonus Renzi\u201d.<\/strong><\/p>\n<p>\u201cI dipendenti che anche nel 2019 hanno usufruito del bonus \u2013 dichiara il ricercatore dell\u2019Ufficio studi Andrea Vavolo &#8211; non potranno disporre di questa agevolazione sulla mensilit\u00e0 aggiuntiva; la legge, infatti, non lo prevede. Anzi, non \u00e8 da escludere, come purtroppo \u00e8 gi\u00e0 avvenuto negli anni passati, che alcuni dipendenti che hanno percepito lo sconto fiscale siano costretti a restituirlo\u201d.<\/p>\n<p>Ricordiamo, infatti, che gli 80 euro in pi\u00f9 in busta paga spettano per intero a coloro che non superano i 24.600 euro di reddito annuo e in misura minore se lo stesso \u00e8 compreso tra i 24.600 e i 26.600 euro. Pertanto, se nel corso dell\u2019anno sono state superate queste soglie, senza che il datore di lavoro ne abbia tenuto conto, il lavoratore dipendente dovr\u00e0 restituire quanto ha percepito indebitamente.<\/p>\n","protected":false},"excerpt":{"rendered":"<p>Anche quest\u2019anno a festeggiare un ricco Natale sar\u00e0 sicuramente il fisco che sotto l\u2019albero trover\u00e0 un \u201cregalo\u201d da 42,9 miliardi di euro. A consegnarlo, tuttavia, non sar\u00e0 Babbo Natale, bens\u00ec i contribuenti italiani che in questi giorni sono chiamati a onorare un elevato numero di scadenze fiscali da far tremare i polsi. Entro luned\u00ec prossimo&hellip;<\/p>\n","protected":false},"author":1,"featured_media":109826,"comment_status":"closed","ping_status":"closed","sticky":false,"template":"","format":"standard","meta":{"_monsterinsights_skip_tracking":false,"_monsterinsights_sitenote_active":false,"_monsterinsights_sitenote_note":"","_monsterinsights_sitenote_category":0,"footnotes":""},"categories":[103,49],"tags":[],"class_list":["post-109818","post","type-post","status-publish","format-standard","has-post-thumbnail","hentry","category-evidenza_2","category-news-18","category-103","category-49","description-off"],"img_url":"https:\/\/www.radiopiu.net\/wordpress\/wp-content\/uploads\/2019\/12\/christmas-money-2947946_1280.png","_links":{"self":[{"href":"https:\/\/www.radiopiu.net\/wordpress\/wp-json\/wp\/v2\/posts\/109818","targetHints":{"allow":["GET"]}}],"collection":[{"href":"https:\/\/www.radiopiu.net\/wordpress\/wp-json\/wp\/v2\/posts"}],"about":[{"href":"https:\/\/www.radiopiu.net\/wordpress\/wp-json\/wp\/v2\/types\/post"}],"author":[{"embeddable":true,"href":"https:\/\/www.radiopiu.net\/wordpress\/wp-json\/wp\/v2\/users\/1"}],"replies":[{"embeddable":true,"href":"https:\/\/www.radiopiu.net\/wordpress\/wp-json\/wp\/v2\/comments?post=109818"}],"version-history":[{"count":0,"href":"https:\/\/www.radiopiu.net\/wordpress\/wp-json\/wp\/v2\/posts\/109818\/revisions"}],"wp:featuredmedia":[{"embeddable":true,"href":"https:\/\/www.radiopiu.net\/wordpress\/wp-json\/wp\/v2\/media\/109826"}],"wp:attachment":[{"href":"https:\/\/www.radiopiu.net\/wordpress\/wp-json\/wp\/v2\/media?parent=109818"}],"wp:term":[{"taxonomy":"category","embeddable":true,"href":"https:\/\/www.radiopiu.net\/wordpress\/wp-json\/wp\/v2\/categories?post=109818"},{"taxonomy":"post_tag","embeddable":true,"href":"https:\/\/www.radiopiu.net\/wordpress\/wp-json\/wp\/v2\/tags?post=109818"}],"curies":[{"name":"wp","href":"https:\/\/api.w.org\/{rel}","templated":true}]}}