{"id":109905,"date":"2019-12-15T23:59:48","date_gmt":"2019-12-15T22:59:48","guid":{"rendered":"https:\/\/www.radiopiu.net\/wordpress\/?p=109905"},"modified":"2019-12-16T05:59:36","modified_gmt":"2019-12-16T04:59:36","slug":"e-mancato-arvedo-papa-di-luisa-alchini","status":"publish","type":"post","link":"https:\/\/www.radiopiu.net\/wordpress\/e-mancato-arvedo-papa-di-luisa-alchini\/","title":{"rendered":"E&#8217; MANCATO ARVEDO, PAPA&#8217; DI LUISA ALCHINI"},"content":{"rendered":"<p><strong><a class=\"dt-pswp-item\" href=\"https:\/\/www.radiopiu.net\/wordpress\/wp-content\/uploads\/2019\/12\/WhatsApp-Image-2019-12-15-at-17.45.33-e1576429572675.jpeg\" data-dt-img-description=\"\" data-large_image_width=\"144\" data-large_image_height=\"143\"><img loading=\"lazy\" decoding=\"async\" class=\" wp-image-109917 alignleft\" src=\"https:\/\/www.radiopiu.net\/wordpress\/wp-content\/uploads\/2019\/12\/WhatsApp-Image-2019-12-15-at-17.45.33-e1576429572675.jpeg\" alt=\"\" width=\"119\" height=\"118\" \/><\/a>CENCENIGHE<\/strong> Si svolgeranno oggi alle 14.30 nella chiesa di Cencenighe i funerali di Arvedo Alchini, il marito di Margherita e pap\u00e0 di Ivo e Luisa, la collaboratrice dell&#8217;emittente Radio Pi\u00f9. Ultimo di 9 fratelli nato nel 1933 a Cencenighe. \u00c8 stato alpino artigliere ed ha prestato servizio a Cortina alle olimpiadi del 56, in paese lo ricordano come eccellente sciatore.\u00a0 La sua forte tempra lo ha aiutato ha superare tante difficolt\u00e0 , se n \u00e8 andato attorniato dalla sua famiglia. Radio Pi\u00f9 perde un affezionato e attento ascoltatore, non ha mai perso un&#8217;edizione del notiziario principale delle 12.30. A Luisa e a tutta la famiglia Alchini un messaggio di solidariet\u00e0 dall&#8217;intera redazione.<\/p>\n<p>&nbsp;<\/p>\n<p>&nbsp;<\/p>\n","protected":false},"excerpt":{"rendered":"<p>CENCENIGHE Si svolgeranno oggi alle 14.30 nella chiesa di Cencenighe i funerali di Arvedo Alchini, il marito di Margherita e pap\u00e0 di Ivo e Luisa, la collaboratrice dell&#8217;emittente Radio Pi\u00f9. Ultimo di 9 fratelli nato nel 1933 a Cencenighe. \u00c8 stato alpino artigliere ed ha prestato servizio a Cortina alle olimpiadi del 56, in paese&hellip;<\/p>\n","protected":false},"author":1,"featured_media":109917,"comment_status":"closed","ping_status":"closed","sticky":false,"template":"","format":"standard","meta":{"_monsterinsights_skip_tracking":false,"_monsterinsights_sitenote_active":false,"_monsterinsights_sitenote_note":"","_monsterinsights_sitenote_category":0,"footnotes":""},"categories":[49],"tags":[],"class_list":["post-109905","post","type-post","status-publish","format-standard","has-post-thumbnail","hentry","category-news-18","category-49","description-off"],"img_url":"https:\/\/www.radiopiu.net\/wordpress\/wp-content\/uploads\/2019\/12\/WhatsApp-Image-2019-12-15-at-17.45.33-e1576429572675.jpeg","_links":{"self":[{"href":"https:\/\/www.radiopiu.net\/wordpress\/wp-json\/wp\/v2\/posts\/109905","targetHints":{"allow":["GET"]}}],"collection":[{"href":"https:\/\/www.radiopiu.net\/wordpress\/wp-json\/wp\/v2\/posts"}],"about":[{"href":"https:\/\/www.radiopiu.net\/wordpress\/wp-json\/wp\/v2\/types\/post"}],"author":[{"embeddable":true,"href":"https:\/\/www.radiopiu.net\/wordpress\/wp-json\/wp\/v2\/users\/1"}],"replies":[{"embeddable":true,"href":"https:\/\/www.radiopiu.net\/wordpress\/wp-json\/wp\/v2\/comments?post=109905"}],"version-history":[{"count":0,"href":"https:\/\/www.radiopiu.net\/wordpress\/wp-json\/wp\/v2\/posts\/109905\/revisions"}],"wp:featuredmedia":[{"embeddable":true,"href":"https:\/\/www.radiopiu.net\/wordpress\/wp-json\/wp\/v2\/media\/109917"}],"wp:attachment":[{"href":"https:\/\/www.radiopiu.net\/wordpress\/wp-json\/wp\/v2\/media?parent=109905"}],"wp:term":[{"taxonomy":"category","embeddable":true,"href":"https:\/\/www.radiopiu.net\/wordpress\/wp-json\/wp\/v2\/categories?post=109905"},{"taxonomy":"post_tag","embeddable":true,"href":"https:\/\/www.radiopiu.net\/wordpress\/wp-json\/wp\/v2\/tags?post=109905"}],"curies":[{"name":"wp","href":"https:\/\/api.w.org\/{rel}","templated":true}]}}