{"id":109913,"date":"2019-12-15T23:55:02","date_gmt":"2019-12-15T22:55:02","guid":{"rendered":"https:\/\/www.radiopiu.net\/wordpress\/?p=109913"},"modified":"2019-12-15T18:00:52","modified_gmt":"2019-12-15T17:00:52","slug":"il-rappresentante-della-regione-a-san-tomaso-per-andare-avanti-dice-il-sindaco","status":"publish","type":"post","link":"https:\/\/www.radiopiu.net\/wordpress\/il-rappresentante-della-regione-a-san-tomaso-per-andare-avanti-dice-il-sindaco\/","title":{"rendered":"IL RAPPRESENTANTE DELLA REGIONE A SAN TOMASO &#8220;PER ANDARE AVANTI&#8221; DICE IL SINDACO"},"content":{"rendered":"<p><strong><a class=\"dt-pswp-item\" href=\"https:\/\/www.radiopiu.net\/wordpress\/wp-content\/uploads\/2019\/12\/WhatsApp-Image-2019-12-14-at-15.54.52.jpeg\" data-dt-img-description=\"\" data-large_image_width=\"1600\" data-large_image_height=\"1200\"><img loading=\"lazy\" decoding=\"async\" class=\"size-medium wp-image-109908 alignleft\" src=\"https:\/\/www.radiopiu.net\/wordpress\/wp-content\/uploads\/2019\/12\/WhatsApp-Image-2019-12-14-at-15.54.52-300x225.jpeg\" alt=\"\" width=\"300\" height=\"225\" srcset=\"https:\/\/www.radiopiu.net\/wordpress\/wp-content\/uploads\/2019\/12\/WhatsApp-Image-2019-12-14-at-15.54.52-300x225.jpeg 300w, https:\/\/www.radiopiu.net\/wordpress\/wp-content\/uploads\/2019\/12\/WhatsApp-Image-2019-12-14-at-15.54.52-1024x768.jpeg 1024w, https:\/\/www.radiopiu.net\/wordpress\/wp-content\/uploads\/2019\/12\/WhatsApp-Image-2019-12-14-at-15.54.52-768x576.jpeg 768w, https:\/\/www.radiopiu.net\/wordpress\/wp-content\/uploads\/2019\/12\/WhatsApp-Image-2019-12-14-at-15.54.52-1536x1152.jpeg 1536w, https:\/\/www.radiopiu.net\/wordpress\/wp-content\/uploads\/2019\/12\/WhatsApp-Image-2019-12-14-at-15.54.52.jpeg 1600w\" sizes=\"auto, (max-width: 300px) 100vw, 300px\" \/><\/a>SAN TOMASO<\/strong> Il Comune di San Tomaso ha ospitato il vice governatore del Veneto Gianluca Forcolin in paese con i lagunari San Don\u00e0 di Piave.\u00a0 Giornata conviviale sulla terrazza panoramica verso il Civetta.<br \/>\n<strong>Gianluca Forcolin:<\/strong><em> &#8220;Essere sindaco di un comune \u00e8 una missione, ma esserlo di un piccolo comune di montagna, lo \u00e8 ancor di pi\u00f9. Oggi ho fatto visita a San Tommaso Agordino, su un invito informale degli amici dal gruppo della protezione civile ALTA di San Don\u00e0 di Piave gemellata al gruppo alpino locale. Un momento di grande amicizia con il Sindaco Moreno De Val e la sua amministrazione comunale, nata dopo la disgrazia di Vaia che ha colpito fortemente anche questo comune. Come molti paesi della montagna, lo spopolamento \u00e8 uno dei principali problemi. Come poter invertire la rotta? Una soluzione non pu\u00f2 che essere il turismo che alla pari delle nostre spiagge pu\u00f2 e deve dare nuovo impulso e nuova linfa anche a questo bellissimi territori. L\u2019associazionismo, infine, ancora una volta diventa il volano per nuove amicizie e nuovi rapporti che possono essere utili per creare occasioni di condivisione e crescita&#8221;.<\/em><\/p>\n<p><strong>IL SINDACO MORENO DE VAL<\/strong><\/p>\n<audio class=\"wp-audio-shortcode\" id=\"audio-109913-1\" preload=\"none\" style=\"width: 100%;\" controls=\"controls\"><source type=\"audio\/mpeg\" src=\"https:\/\/www.radiopiu.net\/wordpress\/wp-content\/uploads\/2019\/12\/MORENO-2.mp3?_=1\" \/><a href=\"https:\/\/www.radiopiu.net\/wordpress\/wp-content\/uploads\/2019\/12\/MORENO-2.mp3\">https:\/\/www.radiopiu.net\/wordpress\/wp-content\/uploads\/2019\/12\/MORENO-2.mp3<\/a><\/audio>\n<p>&nbsp;<\/p>\n","protected":false},"excerpt":{"rendered":"<p>SAN TOMASO Il Comune di San Tomaso ha ospitato il vice governatore del Veneto Gianluca Forcolin in paese con i lagunari San Don\u00e0 di Piave.\u00a0 Giornata conviviale sulla terrazza panoramica verso il Civetta. Gianluca Forcolin: &#8220;Essere sindaco di un comune \u00e8 una missione, ma esserlo di un piccolo comune di montagna, lo \u00e8 ancor di&hellip;<\/p>\n","protected":false},"author":1,"featured_media":109907,"comment_status":"closed","ping_status":"closed","sticky":false,"template":"","format":"standard","meta":{"_monsterinsights_skip_tracking":false,"_monsterinsights_sitenote_active":false,"_monsterinsights_sitenote_note":"","_monsterinsights_sitenote_category":0,"footnotes":""},"categories":[51,49],"tags":[],"class_list":["post-109913","post","type-post","status-publish","format-standard","has-post-thumbnail","hentry","category-evidenza-top","category-news-18","category-51","category-49","description-off"],"img_url":"https:\/\/www.radiopiu.net\/wordpress\/wp-content\/uploads\/2019\/12\/WhatsApp-Image-2019-12-14-at-15.55.51.jpeg","_links":{"self":[{"href":"https:\/\/www.radiopiu.net\/wordpress\/wp-json\/wp\/v2\/posts\/109913","targetHints":{"allow":["GET"]}}],"collection":[{"href":"https:\/\/www.radiopiu.net\/wordpress\/wp-json\/wp\/v2\/posts"}],"about":[{"href":"https:\/\/www.radiopiu.net\/wordpress\/wp-json\/wp\/v2\/types\/post"}],"author":[{"embeddable":true,"href":"https:\/\/www.radiopiu.net\/wordpress\/wp-json\/wp\/v2\/users\/1"}],"replies":[{"embeddable":true,"href":"https:\/\/www.radiopiu.net\/wordpress\/wp-json\/wp\/v2\/comments?post=109913"}],"version-history":[{"count":0,"href":"https:\/\/www.radiopiu.net\/wordpress\/wp-json\/wp\/v2\/posts\/109913\/revisions"}],"wp:featuredmedia":[{"embeddable":true,"href":"https:\/\/www.radiopiu.net\/wordpress\/wp-json\/wp\/v2\/media\/109907"}],"wp:attachment":[{"href":"https:\/\/www.radiopiu.net\/wordpress\/wp-json\/wp\/v2\/media?parent=109913"}],"wp:term":[{"taxonomy":"category","embeddable":true,"href":"https:\/\/www.radiopiu.net\/wordpress\/wp-json\/wp\/v2\/categories?post=109913"},{"taxonomy":"post_tag","embeddable":true,"href":"https:\/\/www.radiopiu.net\/wordpress\/wp-json\/wp\/v2\/tags?post=109913"}],"curies":[{"name":"wp","href":"https:\/\/api.w.org\/{rel}","templated":true}]}}