{"id":109941,"date":"2019-12-16T05:47:36","date_gmt":"2019-12-16T04:47:36","guid":{"rendered":"https:\/\/www.radiopiu.net\/wordpress\/?p=109941"},"modified":"2019-12-16T05:47:22","modified_gmt":"2019-12-16T04:47:22","slug":"soccorsi-escursionisti-con-le-ciaspe","status":"publish","type":"post","link":"https:\/\/www.radiopiu.net\/wordpress\/soccorsi-escursionisti-con-le-ciaspe\/","title":{"rendered":"SOCCORSI ESCURSIONISTI CON LE CIASPE"},"content":{"rendered":"<p><strong><a class=\"dt-pswp-item\" href=\"https:\/\/www.radiopiu.net\/wordpress\/wp-content\/uploads\/2019\/12\/IMG-20191215-WA0003.jpg\" data-dt-img-description=\"\" data-large_image_width=\"600\" data-large_image_height=\"900\"><img loading=\"lazy\" decoding=\"async\" class=\"size-medium wp-image-109942 alignleft\" src=\"https:\/\/www.radiopiu.net\/wordpress\/wp-content\/uploads\/2019\/12\/IMG-20191215-WA0003-200x300.jpg\" alt=\"\" width=\"200\" height=\"300\" srcset=\"https:\/\/www.radiopiu.net\/wordpress\/wp-content\/uploads\/2019\/12\/IMG-20191215-WA0003-200x300.jpg 200w, https:\/\/www.radiopiu.net\/wordpress\/wp-content\/uploads\/2019\/12\/IMG-20191215-WA0003.jpg 600w\" sizes=\"auto, (max-width: 200px) 100vw, 200px\" \/><\/a>AURONZO\u00a0<\/strong> Alle 16.20 circa il Soccorso alpino di Auronzo \u00e8 stato allertato per due escursionisti con le ciaspe, bloccati in un canale ghiacciato non distanti da Forcella Col di Mezzo sulle Tre Cime di Lavaredo. I due, una ragazza spagnola di 28 anni e un ragazzo udinese di 27, erano partiti dal Lago d&#8217;Antorno alle 13 per fare il giro, passando dal Rifugio Auronzo e Lavaredo. Attardatisi per\u00f2, seguendo le tracce lasciate da scialpinisti si erano trovati nella fase di rientro sul lato ovest su neve dura con il rischio di scivolare e farsi male. Raggiunta da una squadra di 8 soccorritori, pi\u00f9 altri 3 pronti ad intervenire, avvicinatisi con quad e motoslitta e poi con gli sci, la coppia \u00e8 stata equopaggiata con pile e Artva, accompagnata ai mezzi e da l\u00ec alla propria macchina.<\/p>\n","protected":false},"excerpt":{"rendered":"<p>AURONZO\u00a0 Alle 16.20 circa il Soccorso alpino di Auronzo \u00e8 stato allertato per due escursionisti con le ciaspe, bloccati in un canale ghiacciato non distanti da Forcella Col di Mezzo sulle Tre Cime di Lavaredo. I due, una ragazza spagnola di 28 anni e un ragazzo udinese di 27, erano partiti dal Lago d&#8217;Antorno alle&hellip;<\/p>\n","protected":false},"author":1,"featured_media":109942,"comment_status":"closed","ping_status":"closed","sticky":false,"template":"","format":"standard","meta":{"_monsterinsights_skip_tracking":false,"_monsterinsights_sitenote_active":false,"_monsterinsights_sitenote_note":"","_monsterinsights_sitenote_category":0,"footnotes":""},"categories":[49],"tags":[],"class_list":["post-109941","post","type-post","status-publish","format-standard","has-post-thumbnail","hentry","category-news-18","category-49","description-off"],"img_url":"https:\/\/www.radiopiu.net\/wordpress\/wp-content\/uploads\/2019\/12\/IMG-20191215-WA0003.jpg","_links":{"self":[{"href":"https:\/\/www.radiopiu.net\/wordpress\/wp-json\/wp\/v2\/posts\/109941","targetHints":{"allow":["GET"]}}],"collection":[{"href":"https:\/\/www.radiopiu.net\/wordpress\/wp-json\/wp\/v2\/posts"}],"about":[{"href":"https:\/\/www.radiopiu.net\/wordpress\/wp-json\/wp\/v2\/types\/post"}],"author":[{"embeddable":true,"href":"https:\/\/www.radiopiu.net\/wordpress\/wp-json\/wp\/v2\/users\/1"}],"replies":[{"embeddable":true,"href":"https:\/\/www.radiopiu.net\/wordpress\/wp-json\/wp\/v2\/comments?post=109941"}],"version-history":[{"count":0,"href":"https:\/\/www.radiopiu.net\/wordpress\/wp-json\/wp\/v2\/posts\/109941\/revisions"}],"wp:featuredmedia":[{"embeddable":true,"href":"https:\/\/www.radiopiu.net\/wordpress\/wp-json\/wp\/v2\/media\/109942"}],"wp:attachment":[{"href":"https:\/\/www.radiopiu.net\/wordpress\/wp-json\/wp\/v2\/media?parent=109941"}],"wp:term":[{"taxonomy":"category","embeddable":true,"href":"https:\/\/www.radiopiu.net\/wordpress\/wp-json\/wp\/v2\/categories?post=109941"},{"taxonomy":"post_tag","embeddable":true,"href":"https:\/\/www.radiopiu.net\/wordpress\/wp-json\/wp\/v2\/tags?post=109941"}],"curies":[{"name":"wp","href":"https:\/\/api.w.org\/{rel}","templated":true}]}}