{"id":110044,"date":"2019-12-17T05:39:29","date_gmt":"2019-12-17T04:39:29","guid":{"rendered":"https:\/\/www.radiopiu.net\/wordpress\/?p=110044"},"modified":"2019-12-17T08:13:21","modified_gmt":"2019-12-17T07:13:21","slug":"giornale-radiopiu-17-dicembre-2019-direttore-mirko-mezzacasa","status":"publish","type":"post","link":"https:\/\/www.radiopiu.net\/wordpress\/giornale-radiopiu-17-dicembre-2019-direttore-mirko-mezzacasa\/","title":{"rendered":"GIORNALE RADIOPIU 17 DICEMBRE 2019 DIRETTORE MIRKO MEZZACASA"},"content":{"rendered":"<p>&nbsp;<\/p>\n<p>&nbsp;<\/p>\n<p><span style=\"color: #0000ff;\"><strong>a ROCCA PIETORE<\/strong> nelle LOCALITA&#8217; SAVINER DI CALLONEGHE, SAVINER DI LASTE, SANTA MARIA DELLE GRAZIE , CARACOI AGOIN e SEDOLADA, l&#8217;acqua erogata dall&#8217;acquedotto non \u00e8 potabile e pu\u00f2 essere usata per scopi alimentari SOLO PREVIA bollitura.<\/span><\/p>\n<p>&nbsp;<\/p>\n<p><span style=\"color: #0000ff;\"><strong>a LIVINALLONGO<\/strong> \u00a0in LOCALITA&#8217; LARZONEI l&#8217;acqua erogata dall&#8217;acquedotto non \u00e8 potabile e pu\u00f2 essere usata per scopi alimentari SOLO PREVIA bollitura.<\/span><\/p>\n<p>&nbsp;<\/p>\n<p><strong>a CANALE D&#8217;AGORDO<\/strong> per lavori alla rete idrica comunale OGGI dalle 8 a fine lavori, verr\u00e0 sospesa l\u2019erogazione dell\u2019acqua nelle VIE 20 AGOSTO, XAIZ, RIVIDELLA, MEZZAVILLA e ROMA.<\/p>\n<p><strong>TAIBON &#8211; CENCENIGHE <\/strong>\u00a0FINO AL 19 DICEMBRE SENSO UNICO ALTERNATO IN GALLERIA A LISTOLADE, DALLE 20 DELLA SERA ALLE 6 DEL MATTINO PER MANUTENZIONE IMPIANTI IN GALLERIA<\/p>\n<p><span style=\"color: #000000;\"><strong>REGIONALE 563 SALESEI <\/strong>LOCALITA&#8217; PIAN, FINO\u00a0 AL 20 DICEMBRE INTERDIZIONE TOTALE AL TRAFFICO DALLE 8 ALLE 17 PER TAGLIO ALBERI (esclusi giorni festivi e prefestivi)<\/span><\/p>\n<p>&nbsp;<\/p>\n<p>&nbsp;<\/p>\n<p>&nbsp;<\/p>\n<p>&nbsp;<\/p>\n<blockquote><p>&nbsp;<\/p>\n<p><strong>LA FOTO DEL GIORNO, ANCHE VASCO ROSSI<\/strong><\/p>\n<p><strong> SI &#8220;CONVERTE&#8221; AI RAY BAN&#8230; SEMPRE PIU&#8217; LUXOTTICA<\/strong><\/p><\/blockquote>\n<p><a class=\"dt-pswp-item\" href=\"https:\/\/www.radiopiu.net\/wordpress\/wp-content\/uploads\/2019\/12\/eb60913b-9242-4ae9-bbaa-42627bf5.jpg\" data-dt-img-description=\"\" data-large_image_width=\"902\" data-large_image_height=\"1024\"><img loading=\"lazy\" decoding=\"async\" class=\"alignnone size-medium wp-image-110089\" src=\"https:\/\/www.radiopiu.net\/wordpress\/wp-content\/uploads\/2019\/12\/eb60913b-9242-4ae9-bbaa-42627bf5-264x300.jpg\" alt=\"\" width=\"264\" height=\"300\" srcset=\"https:\/\/www.radiopiu.net\/wordpress\/wp-content\/uploads\/2019\/12\/eb60913b-9242-4ae9-bbaa-42627bf5-264x300.jpg 264w, https:\/\/www.radiopiu.net\/wordpress\/wp-content\/uploads\/2019\/12\/eb60913b-9242-4ae9-bbaa-42627bf5-768x872.jpg 768w, https:\/\/www.radiopiu.net\/wordpress\/wp-content\/uploads\/2019\/12\/eb60913b-9242-4ae9-bbaa-42627bf5.jpg 902w\" sizes=\"auto, (max-width: 264px) 100vw, 264px\" \/><\/a><\/p>\n<h3><\/h3>\n<h3><\/h3>\n<p>&nbsp;<\/p>\n<blockquote><p>&nbsp;<\/p><\/blockquote>\n<h3>INTERVENTO DEI VIGILI DEL FUOCO A PIAN DI VEDOIA, INCENDIO NEL VANO ADIBITO A MAGAZZINO DELL&#8217;AUTOGRILL<\/h3>\n<p><a class=\"dt-pswp-item\" href=\"https:\/\/www.radiopiu.net\/wordpress\/wp-content\/uploads\/2019\/12\/logo2.jpg\" data-dt-img-description=\"\" data-large_image_width=\"1280\" data-large_image_height=\"960\"><img loading=\"lazy\" decoding=\"async\" class=\"alignnone size-medium wp-image-110051\" src=\"https:\/\/www.radiopiu.net\/wordpress\/wp-content\/uploads\/2019\/12\/logo2-300x225.jpg\" alt=\"\" width=\"300\" height=\"225\" srcset=\"https:\/\/www.radiopiu.net\/wordpress\/wp-content\/uploads\/2019\/12\/logo2-300x225.jpg 300w, https:\/\/www.radiopiu.net\/wordpress\/wp-content\/uploads\/2019\/12\/logo2-1024x768.jpg 1024w, https:\/\/www.radiopiu.net\/wordpress\/wp-content\/uploads\/2019\/12\/logo2-768x576.jpg 768w, https:\/\/www.radiopiu.net\/wordpress\/wp-content\/uploads\/2019\/12\/logo2.jpg 1280w\" sizes=\"auto, (max-width: 300px) 100vw, 300px\" \/><\/a><a class=\"dt-pswp-item\" href=\"https:\/\/www.radiopiu.net\/wordpress\/wp-content\/uploads\/2019\/12\/logo1-1.jpg\" data-dt-img-description=\"\" data-large_image_width=\"960\" data-large_image_height=\"1280\"><img loading=\"lazy\" decoding=\"async\" class=\"alignnone wp-image-110052\" src=\"https:\/\/www.radiopiu.net\/wordpress\/wp-content\/uploads\/2019\/12\/logo1-1-225x300.jpg\" alt=\"\" width=\"167\" height=\"223\" srcset=\"https:\/\/www.radiopiu.net\/wordpress\/wp-content\/uploads\/2019\/12\/logo1-1-225x300.jpg 225w, https:\/\/www.radiopiu.net\/wordpress\/wp-content\/uploads\/2019\/12\/logo1-1-768x1024.jpg 768w, https:\/\/www.radiopiu.net\/wordpress\/wp-content\/uploads\/2019\/12\/logo1-1.jpg 960w\" sizes=\"auto, (max-width: 167px) 100vw, 167px\" \/><\/a><\/p>\n<h3><\/h3>\n<h3><\/h3>\n<p>&nbsp;<\/p>\n<p>&nbsp;<\/p>\n<p>&nbsp;<\/p>\n<h3><a class=\"dt-pswp-item\" href=\"https:\/\/www.radiopiu.net\/wordpress\/wp-content\/uploads\/2019\/12\/WhatsApp-Image-2019-12-16-at-09.34.13-1.jpeg\" data-dt-img-description=\"\" data-large_image_width=\"1258\" data-large_image_height=\"1600\"><img loading=\"lazy\" decoding=\"async\" class=\" wp-image-110073 alignleft\" src=\"https:\/\/www.radiopiu.net\/wordpress\/wp-content\/uploads\/2019\/12\/WhatsApp-Image-2019-12-16-at-09.34.13-1-236x300.jpeg\" alt=\"\" width=\"103\" height=\"131\" srcset=\"https:\/\/www.radiopiu.net\/wordpress\/wp-content\/uploads\/2019\/12\/WhatsApp-Image-2019-12-16-at-09.34.13-1-236x300.jpeg 236w, https:\/\/www.radiopiu.net\/wordpress\/wp-content\/uploads\/2019\/12\/WhatsApp-Image-2019-12-16-at-09.34.13-1-805x1024.jpeg 805w, https:\/\/www.radiopiu.net\/wordpress\/wp-content\/uploads\/2019\/12\/WhatsApp-Image-2019-12-16-at-09.34.13-1-768x977.jpeg 768w, https:\/\/www.radiopiu.net\/wordpress\/wp-content\/uploads\/2019\/12\/WhatsApp-Image-2019-12-16-at-09.34.13-1-1208x1536.jpeg 1208w, https:\/\/www.radiopiu.net\/wordpress\/wp-content\/uploads\/2019\/12\/WhatsApp-Image-2019-12-16-at-09.34.13-1.jpeg 1258w\" sizes=\"auto, (max-width: 103px) 100vw, 103px\" \/><\/a><\/h3>\n<h3><\/h3>\n<h3>DOMANI I FUNERALI DI FELICE GRONES in Chiesa ad Arabba\u00a0 alle\u00a0 14 con partenza da casa (Hotel Olympia) alle 13:45<br \/>\nRosario alle 20:00<\/h3>\n<p>IL RICORDO E IL SALUTO IN FODOM DI DANIELA TEMPLARI, CONSIGLIERE COMUNALE<\/p>\n<audio class=\"wp-audio-shortcode\" id=\"audio-110044-1\" preload=\"none\" style=\"width: 100%;\" controls=\"controls\"><source type=\"audio\/mpeg\" src=\"https:\/\/www.radiopiu.net\/wordpress\/wp-content\/uploads\/2019\/12\/DANIELA.mp3?_=1\" \/><a href=\"https:\/\/www.radiopiu.net\/wordpress\/wp-content\/uploads\/2019\/12\/DANIELA.mp3\">https:\/\/www.radiopiu.net\/wordpress\/wp-content\/uploads\/2019\/12\/DANIELA.mp3<\/a><\/audio>\n<p>&nbsp;<\/p>\n<h3>IERI ALLA RADIO<\/h3>\n<blockquote class=\"wp-embedded-content\" data-secret=\"Kiq5vBg1Eb\"><p><a href=\"https:\/\/www.radiopiu.net\/wordpress\/e-mancato-felice-papa-di-leandro-e-diego-grones\/\">E&#8217; MANCATO FELICE, PAPA&#8217; DI LEANDRO E DIEGO GRONES<\/a><\/p><\/blockquote>\n<p><iframe loading=\"lazy\" title=\"&#8220;E&#8217; MANCATO FELICE, PAPA&#8217; DI LEANDRO E DIEGO GRONES&#8221; &#8212; Radio Pi\u00f9\" class=\"wp-embedded-content\" sandbox=\"allow-scripts\" security=\"restricted\" style=\"position: absolute; clip: rect(1px, 1px, 1px, 1px);\" src=\"https:\/\/www.radiopiu.net\/wordpress\/e-mancato-felice-papa-di-leandro-e-diego-grones\/embed\/#?secret=Kiq5vBg1Eb\" data-secret=\"Kiq5vBg1Eb\" width=\"600\" height=\"338\" frameborder=\"0\" marginwidth=\"0\" marginheight=\"0\" scrolling=\"no\"><\/iframe><\/p>\n<p>&nbsp;<\/p>\n<p>&nbsp;<\/p>\n<p>&nbsp;<\/p>\n<p>&nbsp;<\/p>\n<p>&nbsp;<\/p>\n<h3>IL SOLE 24 ORE BOCCIA BELLUNO, GIU&#8217; AL 51\u00b0POSTO<\/h3>\n<blockquote><p><em>PADRIN: \u00abPAGHIAMO CARO LO SPOPOLAMENTO\u00bb<\/em><\/p>\n<p>DALLA RASSEGNA STAMPA DELLE 8<\/p>\n<audio class=\"wp-audio-shortcode\" id=\"audio-110044-2\" preload=\"none\" style=\"width: 100%;\" controls=\"controls\"><source type=\"audio\/mpeg\" src=\"https:\/\/www.radiopiu.net\/wordpress\/wp-content\/uploads\/2019\/12\/PADRIN.mp3?_=2\" \/><a href=\"https:\/\/www.radiopiu.net\/wordpress\/wp-content\/uploads\/2019\/12\/PADRIN.mp3\">https:\/\/www.radiopiu.net\/wordpress\/wp-content\/uploads\/2019\/12\/PADRIN.mp3<\/a><\/audio><\/blockquote>\n<p><a class=\"dt-pswp-item\" href=\"https:\/\/www.radiopiu.net\/wordpress\/wp-content\/uploads\/2019\/12\/PHOTO-2019-12-12-14-16-13-3.jpg\" data-dt-img-description=\"\" data-large_image_width=\"1600\" data-large_image_height=\"1200\"><img loading=\"lazy\" decoding=\"async\" class=\"size-medium wp-image-109575 alignleft\" src=\"https:\/\/www.radiopiu.net\/wordpress\/wp-content\/uploads\/2019\/12\/PHOTO-2019-12-12-14-16-13-3-300x225.jpg\" alt=\"\" width=\"300\" height=\"225\" srcset=\"https:\/\/www.radiopiu.net\/wordpress\/wp-content\/uploads\/2019\/12\/PHOTO-2019-12-12-14-16-13-3-300x225.jpg 300w, https:\/\/www.radiopiu.net\/wordpress\/wp-content\/uploads\/2019\/12\/PHOTO-2019-12-12-14-16-13-3-1024x768.jpg 1024w, https:\/\/www.radiopiu.net\/wordpress\/wp-content\/uploads\/2019\/12\/PHOTO-2019-12-12-14-16-13-3-768x576.jpg 768w, https:\/\/www.radiopiu.net\/wordpress\/wp-content\/uploads\/2019\/12\/PHOTO-2019-12-12-14-16-13-3-1536x1152.jpg 1536w, https:\/\/www.radiopiu.net\/wordpress\/wp-content\/uploads\/2019\/12\/PHOTO-2019-12-12-14-16-13-3.jpg 1600w\" sizes=\"auto, (max-width: 300px) 100vw, 300px\" \/><\/a><strong>BELLUNO<\/strong> \u00abAncora una volta paghiamo lo spopolamento e la marginalit\u00e0. Anche se va detto che i parametri utilizzati per stilare la graduatoria non tengono conto di tutto quello che il nostro territorio rappresenta in termini di qualit\u00e0 della vita\u00bb. \u00c8 questo il commento del presidente della Provincia Roberto Padrin, nella lettura del report annuale del Sole 24 Ore.<br \/>\nIl quotidiano economico ha stilato la classifica della qualit\u00e0 della vita 2019. E ha piazzato la provincia di Belluno al 51\u00b0 posto. \u00abQuest\u2019anno sono cambiate alcune modalit\u00e0 di calcolo che con ogni evidenza ci penalizzano &#8211; sottolinea il presidente Padrin -. In ogni caso ci sono alcuni temi che ci vedono ancora in alto. Nella macroarea della sicurezza, siamo in quarta posizione e questo significa che passano gli anni, ma nel Bellunese, grazie a un collaudato sistema di coordinamento delle forze dell\u2019ordine con la Prefettura, che ringrazio, si pu\u00f2 vivere tranquilli, senza i problemi legati alla delinquenza che ci sono in altre aree del Paese. Anche nella macroarea della ricchezza e dei consumi viene riconosciuta la qualit\u00e0 della nostra provincia, in cui, crisi industriali a parte, il tessuto imprenditoriale \u00e8 sano e forte\u00bb. \u00abSiamo fortemente penalizzati invece sui parametri della demografia e della dotazione infrastrutturale. Ma qui a incidere sono i numeri &#8211; afferma Roberto Padrin -. Come si vede dalla classifica, paghiamo un tasso di natalit\u00e0 estremamente basso e un indice di vecchiaia e di dipendenza degli anziani particolarmente elevato. Lo sapevamo gi\u00e0, visto anche il report sullo spopolamento che abbiamo consegnato al ministro Boccia non pi\u00f9 tardi di una settimana fa. Decisamente bassi anche alcuni parametri relativi alle infrastrutture: mi riferisco alla penetrazione della banda larga. Si tratta purtroppo di una legge di mercato che ci vede svantaggiati: se non abbiamo i numeri di popolazione tali da giustificare investimenti, le infrastrutture tardano ad arrivare. \u00c8 proprio per questo che dobbiamo puntare forte sulla lotta allo spopolamento: non tanto per le classifiche, che lasciano il tempo che trovano, quanto piuttosto per dare un futuro a questo territorio, dove si continua a stare bene, con un\u2019elevata qualit\u00e0 della vita\u00bb.<\/p>\n<p>&nbsp;<\/p>\n<p>&nbsp;<\/p>\n<p>&nbsp;<\/p>\n<h3>PER DE CARLO E OSNATO TUTTA COLPA DELLO SPOPOLAMENTO E DELL&#8217;ASSENZA DI POLITICHE INDUSTRIALI<\/h3>\n<p>DALLA RASSEGNA STAMPA DELLE OTTO<\/p>\n<audio class=\"wp-audio-shortcode\" id=\"audio-110044-3\" preload=\"none\" style=\"width: 100%;\" controls=\"controls\"><source type=\"audio\/mpeg\" src=\"https:\/\/www.radiopiu.net\/wordpress\/wp-content\/uploads\/2019\/12\/DE-CARLO.mp3?_=3\" \/><a href=\"https:\/\/www.radiopiu.net\/wordpress\/wp-content\/uploads\/2019\/12\/DE-CARLO.mp3\">https:\/\/www.radiopiu.net\/wordpress\/wp-content\/uploads\/2019\/12\/DE-CARLO.mp3<\/a><\/audio>\n<p>&nbsp;<\/p>\n<p><strong><a class=\"dt-pswp-item\" href=\"https:\/\/www.radiopiu.net\/wordpress\/wp-content\/uploads\/2019\/03\/DE-CARLO.jpg\" data-dt-img-description=\"\" data-large_image_width=\"471\" data-large_image_height=\"471\"><img loading=\"lazy\" decoding=\"async\" class=\" wp-image-78825 alignleft\" src=\"https:\/\/www.radiopiu.net\/wordpress\/wp-content\/uploads\/2019\/03\/DE-CARLO-300x300.jpg\" alt=\"\" width=\"174\" height=\"174\" srcset=\"https:\/\/www.radiopiu.net\/wordpress\/wp-content\/uploads\/2019\/03\/DE-CARLO-300x300.jpg 300w, https:\/\/www.radiopiu.net\/wordpress\/wp-content\/uploads\/2019\/03\/DE-CARLO-150x150.jpg 150w, https:\/\/www.radiopiu.net\/wordpress\/wp-content\/uploads\/2019\/03\/DE-CARLO.jpg 471w\" sizes=\"auto, (max-width: 174px) 100vw, 174px\" \/><\/a>BELLUNO<\/strong> \u201cNon si pu\u00f2 ridurre tutto al semplice problema dello spopolamento: sarebbe riduttivo e superficiale. Questa classifica testimonia i danni della politica accentratrice nazionale e della totale assenza di politiche industriali per il nostro Paese\u201d: il deputato di Fratelli d&#8217;Italia e Sindaco di Calalzo di Cadore, Luca De Carlo, commenta cos\u00ec, con il collega di partito Marco Osnato, la classifica sulla qualit\u00e0 della vita . \u201cNessuno nega che lo spopolamento sia la piaga del nostro territorio, ma \u00e8 altrettanto evidente il danno causato dallo svuotamento degli enti locali\u201d, spiegano i due deputati. \u201cI comuni ormai sono limitati alle banali funzioni amministrative, con bilanci risicatissimi, mentre le province, e in particolare quella di Belluno con tutte le sue particolarit\u00e0, sono state completamente svuotate di risorse e soprattutto di personale; questo ha avuto un effetto devastante su tutte le aree marginali, e non \u00e8 infatti un caso che tutte le realt\u00e0 centrali anche venete occupino buone posizioni in classifica, mentre la periferia soffra, ad eccezione delle realt\u00e0 autonome\u201d.<\/p>\n<blockquote><p><em>\u201cSiamo abituati a giudicare la pianta dai frutti che d\u00e0: senza un cambio di rotta deciso, siamo destinati a scivolare ancora in classifiche come queste e, cosa ancor pi\u00f9 grave, corriamo il rischio di vederci impossibilitati a organizzare eventi di portata internazionale come le Olimpiadi del 2026 per mancanza di capitale umano e di infrastrutture, fattore questo gi\u00e0 evidenziato oggi dalla graduatoria. Uno scenario drammatico che nel breve periodo rischia di interessare la provincia di Belluno, ma che senza reazioni adeguate si allargher\u00e0 anche alla vicina Treviso\u201d, concludono Osnato e De Carlo.<\/em><\/p><\/blockquote>\n<p>&nbsp;<\/p>\n<p>&nbsp;<\/p>\n<p>&nbsp;<\/p>\n<h2><a class=\"dt-pswp-item\" href=\"https:\/\/www.radiopiu.net\/wordpress\/wp-content\/uploads\/2019\/09\/Challenge-Day-InLab-2.jpg\" data-dt-img-description=\"\" data-large_image_width=\"5184\" data-large_image_height=\"3456\"><img loading=\"lazy\" decoding=\"async\" class=\" wp-image-97942 alignleft\" src=\"https:\/\/www.radiopiu.net\/wordpress\/wp-content\/uploads\/2019\/09\/Challenge-Day-InLab-2-300x200.jpg\" alt=\"\" width=\"212\" height=\"141\" srcset=\"https:\/\/www.radiopiu.net\/wordpress\/wp-content\/uploads\/2019\/09\/Challenge-Day-InLab-2-300x200.jpg 300w, https:\/\/www.radiopiu.net\/wordpress\/wp-content\/uploads\/2019\/09\/Challenge-Day-InLab-2-768x512.jpg 768w, https:\/\/www.radiopiu.net\/wordpress\/wp-content\/uploads\/2019\/09\/Challenge-Day-InLab-2-1024x683.jpg 1024w\" sizes=\"auto, (max-width: 212px) 100vw, 212px\" \/><\/a><\/h2>\n<h2><\/h2>\n<h2>IL SINDACO DI BELLUNO, JACOPO MASSARO<\/h2>\n<audio class=\"wp-audio-shortcode\" id=\"audio-110044-4\" preload=\"none\" style=\"width: 100%;\" controls=\"controls\"><source type=\"audio\/mpeg\" src=\"https:\/\/www.radiopiu.net\/wordpress\/wp-content\/uploads\/2019\/12\/MASSARO.mp3?_=4\" \/><a href=\"https:\/\/www.radiopiu.net\/wordpress\/wp-content\/uploads\/2019\/12\/MASSARO.mp3\">https:\/\/www.radiopiu.net\/wordpress\/wp-content\/uploads\/2019\/12\/MASSARO.mp3<\/a><\/audio>\n<p>&nbsp;<\/p>\n<p>&nbsp;<\/p>\n<h3>IL TWEET DI IERI, di Federico D&#8217;Inc\u00e0<\/h3>\n<blockquote><p><em>Oggi sar\u00e0 una giornata importante per la vertenza #Wanbao. Il tavolo convocato al Mise tra il Governo, l&#8217;azienda e i sindacati sar\u00e0 un importante passaggio per il futuro del sito produttivo di Mel-Valbelluna. Sar\u00f2 presente all&#8217;incontro e seguir\u00f2 gli sviluppi<\/em><\/p><\/blockquote>\n<p>&nbsp;<\/p>\n<p>&nbsp;<\/p>\n<p>&nbsp;<\/p>\n<h3>L&#8217;OCCHIALERIA TIRA, PRIMI 9 MESI 4 PER CENTO IN PIU&#8217; NELL&#8217;EXPORT<\/h3>\n<p><a class=\"dt-pswp-item\" href=\"https:\/\/www.radiopiu.net\/wordpress\/wp-content\/uploads\/2016\/04\/occhiali-occhialeria.jpg\" data-dt-img-description=\"\" data-large_image_width=\"780\" data-large_image_height=\"520\"><img loading=\"lazy\" decoding=\"async\" class=\"size-medium wp-image-18187 alignleft\" src=\"https:\/\/www.radiopiu.net\/wordpress\/wp-content\/uploads\/2016\/04\/occhiali-occhialeria-300x200.jpg\" alt=\"\" width=\"300\" height=\"200\" \/><\/a><\/p>\n<p>&nbsp;<\/p>\n<p>&nbsp;<\/p>\n<p>BELLUNO<\/p>\n<p>DI DAMIANO TORMEN<\/p>\n<audio class=\"wp-audio-shortcode\" id=\"audio-110044-5\" preload=\"none\" style=\"width: 100%;\" controls=\"controls\"><source type=\"audio\/mpeg\" src=\"https:\/\/www.radiopiu.net\/wordpress\/wp-content\/uploads\/2019\/12\/DAMIANO-OCCHIALERIA.mp3?_=5\" \/><a href=\"https:\/\/www.radiopiu.net\/wordpress\/wp-content\/uploads\/2019\/12\/DAMIANO-OCCHIALERIA.mp3\">https:\/\/www.radiopiu.net\/wordpress\/wp-content\/uploads\/2019\/12\/DAMIANO-OCCHIALERIA.mp3<\/a><\/audio>\n<p>&nbsp;<\/p>\n<p>&nbsp;<\/p>\n<p>&nbsp;<\/p>\n<h3>STADIO DEL GHIACCIO, 190 MILA EURO DI COSTI L&#8217;ANNO DA SPALMARE SU TUTTI I COMUNI COME PER LA PISCINA. DANILO DE TONI SINDACO DI ALLEGHE CHIEDE LA CONDIVISIONE DELLE SPESE<\/h3>\n<blockquote><p><a class=\"dt-pswp-item\" href=\"https:\/\/www.radiopiu.net\/wordpress\/wp-content\/uploads\/2019\/12\/download-11.jpg\" data-dt-img-description=\"\" data-large_image_width=\"259\" data-large_image_height=\"194\"><img loading=\"lazy\" decoding=\"async\" class=\"size-full wp-image-110098 alignleft\" src=\"https:\/\/www.radiopiu.net\/wordpress\/wp-content\/uploads\/2019\/12\/download-11.jpg\" alt=\"\" width=\"259\" height=\"194\" \/><\/a>ALLEGHE<\/p><\/blockquote>\n<p>DI GIANNI SANTOMASO<\/p>\n<audio class=\"wp-audio-shortcode\" id=\"audio-110044-6\" preload=\"none\" style=\"width: 100%;\" controls=\"controls\"><source type=\"audio\/mpeg\" src=\"https:\/\/www.radiopiu.net\/wordpress\/wp-content\/uploads\/2019\/12\/GIANNI-PALAGHIACCIO.mp3?_=6\" \/><a href=\"https:\/\/www.radiopiu.net\/wordpress\/wp-content\/uploads\/2019\/12\/GIANNI-PALAGHIACCIO.mp3\">https:\/\/www.radiopiu.net\/wordpress\/wp-content\/uploads\/2019\/12\/GIANNI-PALAGHIACCIO.mp3<\/a><\/audio>\n<h3><\/h3>\n<p>&nbsp;<\/p>\n<p>&nbsp;<\/p>\n<p>&nbsp;<\/p>\n<h3>BORSE DI STUDIO PER GLI UNIVERSITARI, UN AIUTO AI GIOVANI NEL PROSEGUIMENTO DEGLI STUDI<\/h3>\n<p><strong><a class=\"dt-pswp-item\" href=\"https:\/\/www.radiopiu.net\/wordpress\/wp-content\/uploads\/2019\/12\/download-2-1.jpg\" data-dt-img-description=\"\" data-large_image_width=\"327\" data-large_image_height=\"154\"><img loading=\"lazy\" decoding=\"async\" class=\"size-medium wp-image-110101 alignleft\" src=\"https:\/\/www.radiopiu.net\/wordpress\/wp-content\/uploads\/2019\/12\/download-2-1-300x141.jpg\" alt=\"\" width=\"300\" height=\"141\" srcset=\"https:\/\/www.radiopiu.net\/wordpress\/wp-content\/uploads\/2019\/12\/download-2-1-300x141.jpg 300w, https:\/\/www.radiopiu.net\/wordpress\/wp-content\/uploads\/2019\/12\/download-2-1.jpg 327w\" sizes=\"auto, (max-width: 300px) 100vw, 300px\" \/><\/a>OTTO BORSE DI STUDIO DA 400 EURO<\/strong><\/p>\n<p>BELLUNO<\/p>\n<p>DI DAMIANO TORMEN<\/p>\n<audio class=\"wp-audio-shortcode\" id=\"audio-110044-7\" preload=\"none\" style=\"width: 100%;\" controls=\"controls\"><source type=\"audio\/mpeg\" src=\"https:\/\/www.radiopiu.net\/wordpress\/wp-content\/uploads\/2019\/12\/AIUTI-AGLI-STUDENTI-DAMIANO.mp3?_=7\" \/><a href=\"https:\/\/www.radiopiu.net\/wordpress\/wp-content\/uploads\/2019\/12\/AIUTI-AGLI-STUDENTI-DAMIANO.mp3\">https:\/\/www.radiopiu.net\/wordpress\/wp-content\/uploads\/2019\/12\/AIUTI-AGLI-STUDENTI-DAMIANO.mp3<\/a><\/audio>\n<h3><\/h3>\n<p>&nbsp;<\/p>\n<p>&nbsp;<\/p>\n<p>&nbsp;<\/p>\n<p>&nbsp;<\/p>\n<h3>APPROVATO IL NUOVO PROGETTO PER LO SMALTIMENTO DELLA ACQUE METEORICHE<\/h3>\n<blockquote><p><em>Il progetto prevede un costo complessivo di 500 mila euro, gi\u00e0 assegnati, derivanti dalle risorse dei Fondi per i Comuni Confinati.<\/em><\/p><\/blockquote>\n<p><strong>FELTRE\u00a0<\/strong> Passo importante verso la sistemazione definitiva della rete di regimazione delle acque meteoriche nella frazione di Villabruna, interessata in passato \u2013 soprattutto nell&#8217;area a nord, verso l&#8217;abitato di Grum &#8211; da degli eventi di criticit\u00e0 idraulica, che hanno causato danni sia ad alcune abitazioni che alle opere pubbliche presenti. A tale riguardo, dopo l&#8217;assemblea pubblica indetta dall&#8217;Amministrazione, anche su sollecitazione dei residenti, i proprietari dei fondi interessati si erano impegnati ad intervenire sulla loro area con una serie di opere, mentre l&#8217;Amministrazione si attivava per trovare una o pi\u00f9 soluzioni definitive per l&#8217;allontanamento delle acque. Dopo una prima approvazione del relativo progetto preliminare, avvenuta nel 2017, il Comune ha avviato uno studio approfondito delle problematiche esistenti, anche alla luce di alcuni eventi verificatisi nel corso dell&#8217;anno 2018, tenendo conto dei sottoservizi presenti nell&#8217;area interessata dai lavori e delle scelte progettuali indicate nel progetto di fattibilit\u00e0 a suo tempo approvato.\u00a0 In particolare l&#8217;Amministrazione ha avviato, in relazione al nuovo progetto \u2013 arrivato oggi all&#8217;approvazione -, un percorso condiviso con il Comitato frazionale di Villabruna, oltre che con i residenti interessati dalla problematica, rilevando di concerto con essi l&#8217;opportunit\u00e0 di andare a modificare parzialmente i tracciati inizialmente previsti.<\/p>\n<blockquote><p><em>\u201cIl confronto schietto e a tratti vivace, ma sempre costruttivo, con il Comitato frazionale e con i residenti di Villabruna, ci ha consentito di porre in essere un percorso condiviso, in cui abbiamo cercato di recepire le osservazioni e le richieste degli abitanti\u201d, sottolinea l&#8217;assessore alla Gestione del Territorio del Comune di Feltre Adis Zatta. \u201cQuesto ci consentir\u00e0 ora di procedere con tempi pi\u00f9 spediti nelle prossime fasi progettuali e autorizzative, per arrivare all&#8217;esecuzione delle opere, se non vi saranno altri imprevisti, nel corso del prossimo anno. L&#8217;intervento su Villabruna \u00e8 sicuramente tra i pi\u00f9 importanti ed attesi sul fronte della regimazione delle acque meteoriche e del miglioramento della sicurezza sul piano idrogeologico e per questo siamo ora impegnati a seguire tutte le fasi dell&#8217;iter con la massima attenzione\u201d, conclude Zatta.<\/em><\/p><\/blockquote>\n<p>&nbsp;<\/p>\n<p>&nbsp;<\/p>\n<p>&nbsp;<\/p>\n<p>&nbsp;<\/p>\n<h3>33 POSTI PER TECNICI DEL SOCCORSO ALPINO PER LA GUARDIA DI FINANZA<\/h3>\n<p><a class=\"dt-pswp-item\" href=\"https:\/\/www.radiopiu.net\/wordpress\/wp-content\/uploads\/2016\/04\/finanza-6751.jpg\" data-dt-img-description=\"\" data-large_image_width=\"675\" data-large_image_height=\"275\"><img loading=\"lazy\" decoding=\"async\" class=\"size-medium wp-image-18889 alignleft\" src=\"https:\/\/www.radiopiu.net\/wordpress\/wp-content\/uploads\/2016\/04\/finanza-6751-300x122.jpg\" alt=\"\" width=\"300\" height=\"122\" \/><\/a><\/p>\n<p>&nbsp;<\/p>\n<p>BELLUNO<\/p>\n<p><strong>DI MORENO GIOLI<\/strong><\/p>\n<audio class=\"wp-audio-shortcode\" id=\"audio-110044-8\" preload=\"none\" style=\"width: 100%;\" controls=\"controls\"><source type=\"audio\/mpeg\" src=\"https:\/\/www.radiopiu.net\/wordpress\/wp-content\/uploads\/2019\/12\/MORENO-GIOLI.mp3?_=8\" \/><a href=\"https:\/\/www.radiopiu.net\/wordpress\/wp-content\/uploads\/2019\/12\/MORENO-GIOLI.mp3\">https:\/\/www.radiopiu.net\/wordpress\/wp-content\/uploads\/2019\/12\/MORENO-GIOLI.mp3<\/a><\/audio>\n<p><strong>IL MAGGIORE ALESSANDRO CAPUTO<\/strong><\/p>\n<audio class=\"wp-audio-shortcode\" id=\"audio-110044-9\" preload=\"none\" style=\"width: 100%;\" controls=\"controls\"><source type=\"audio\/mpeg\" src=\"https:\/\/www.radiopiu.net\/wordpress\/wp-content\/uploads\/2019\/12\/CAPUTO.mp3?_=9\" \/><a href=\"https:\/\/www.radiopiu.net\/wordpress\/wp-content\/uploads\/2019\/12\/CAPUTO.mp3\">https:\/\/www.radiopiu.net\/wordpress\/wp-content\/uploads\/2019\/12\/CAPUTO.mp3<\/a><\/audio>\n<p><strong>IL COLONELLO\u00a0 GAETANO GIACCHI<\/strong><\/p>\n<audio class=\"wp-audio-shortcode\" id=\"audio-110044-10\" preload=\"none\" style=\"width: 100%;\" controls=\"controls\"><source type=\"audio\/mpeg\" src=\"https:\/\/www.radiopiu.net\/wordpress\/wp-content\/uploads\/2019\/12\/GRACCHI.mp3?_=10\" \/><a href=\"https:\/\/www.radiopiu.net\/wordpress\/wp-content\/uploads\/2019\/12\/GRACCHI.mp3\">https:\/\/www.radiopiu.net\/wordpress\/wp-content\/uploads\/2019\/12\/GRACCHI.mp3<\/a><\/audio>\n<p>&nbsp;<\/p>\n<p>&nbsp;<\/p>\n<p>&nbsp;<\/p>\n<p>&nbsp;<\/p>\n<p>&nbsp;<\/p>\n<h3>PROTEZIONE CIVILE. PRESENTATI I CAMPIONATI NAZIONALI DI SCI<\/h3>\n<p><strong><a class=\"dt-pswp-item\" href=\"https:\/\/www.radiopiu.net\/wordpress\/wp-content\/uploads\/2019\/12\/2089-2019-Logo_Campionato-Nazionale-Sci-Protezione-Civile-.jpg\" data-dt-img-description=\"\" data-large_image_width=\"951\" data-large_image_height=\"960\"><img loading=\"lazy\" decoding=\"async\" class=\" wp-image-110048 alignleft\" src=\"https:\/\/www.radiopiu.net\/wordpress\/wp-content\/uploads\/2019\/12\/2089-2019-Logo_Campionato-Nazionale-Sci-Protezione-Civile--297x300.jpg\" alt=\"\" width=\"204\" height=\"206\" srcset=\"https:\/\/www.radiopiu.net\/wordpress\/wp-content\/uploads\/2019\/12\/2089-2019-Logo_Campionato-Nazionale-Sci-Protezione-Civile--297x300.jpg 297w, https:\/\/www.radiopiu.net\/wordpress\/wp-content\/uploads\/2019\/12\/2089-2019-Logo_Campionato-Nazionale-Sci-Protezione-Civile--150x150.jpg 150w, https:\/\/www.radiopiu.net\/wordpress\/wp-content\/uploads\/2019\/12\/2089-2019-Logo_Campionato-Nazionale-Sci-Protezione-Civile--768x775.jpg 768w, https:\/\/www.radiopiu.net\/wordpress\/wp-content\/uploads\/2019\/12\/2089-2019-Logo_Campionato-Nazionale-Sci-Protezione-Civile-.jpg 951w\" sizes=\"auto, (max-width: 204px) 100vw, 204px\" \/><\/a>VENEZIA<\/strong> \u00c8 stata presentata\u00a0 a Belluno la diciassettesima edizione dei Campionati Nazionale di sci della Protezione Civile che si svolgeranno a Comelico Superiore e Auronzo di Cadore dal 20 al 26 gennaio 2020. \u201cUn progetto che abbiamo avviato, tramite interlocuzioni con il Dipartimento nazionale gi\u00e0 nel 2017\u201d ha spiegato l&#8217;assessore regionale Gianpaolo Bottacin, promotore dell&#8217;evento, che si svolger\u00e0 per la prima volta in Veneto. \u201cAbbiamo fortemente voluto questo evento \u2013 spiega &#8211; a gennaio 2018 la giunta regionale ha formalizzato la volont\u00e0 di candidarsi ad ospitare l\u2019evento, procedendo poi a presentare la candidatura che ha avuto da subito lo scopo precipuo di sostenere il territorio con azioni concrete e dare anche un chiaro segnale a favore del collegamento sciistico Padola- Pusteria&#8221;. Al momento gli iscritti sono alcune centinaia\u00a0 ma l\u2019organizzazione punta ad arrivare a quota mille ospiti durante la settimana. Saranno presenti i vertici della Protezione Civile nazionale, a partire dal Capo Dipartimento Borrelli per partecipare parteciperanno ad un convegno tematico.<\/p>\n<p>&nbsp;<\/p>\n<p>&nbsp;<\/p>\n<p>&nbsp;<\/p>\n<p>&nbsp;<\/p>\n<p>&nbsp;<\/p>\n<h3>UN VENTILATORE PER LA PNEUMOLOGIA DA AISLA<\/h3>\n<p><strong>FELTRE\u00a0<\/strong> L\u2019Associazione Italiana Sclerosi Laterale Amiotrofica (AISLA) ha donato alla pneumologia di Feltre un ventilatore meccanico del valore di oltre 14.800 <a class=\"dt-pswp-item\" href=\"https:\/\/www.radiopiu.net\/wordpress\/wp-content\/uploads\/2019\/12\/IMG_20191216_150957-scaled.jpg\" data-dt-img-description=\"\" data-large_image_width=\"2560\" data-large_image_height=\"1920\"><img loading=\"lazy\" decoding=\"async\" class=\"size-medium wp-image-110063 alignleft\" src=\"https:\/\/www.radiopiu.net\/wordpress\/wp-content\/uploads\/2019\/12\/IMG_20191216_150957-300x225.jpg\" alt=\"\" width=\"300\" height=\"225\" srcset=\"https:\/\/www.radiopiu.net\/wordpress\/wp-content\/uploads\/2019\/12\/IMG_20191216_150957-300x225.jpg 300w, https:\/\/www.radiopiu.net\/wordpress\/wp-content\/uploads\/2019\/12\/IMG_20191216_150957-1024x768.jpg 1024w, https:\/\/www.radiopiu.net\/wordpress\/wp-content\/uploads\/2019\/12\/IMG_20191216_150957-768x576.jpg 768w, https:\/\/www.radiopiu.net\/wordpress\/wp-content\/uploads\/2019\/12\/IMG_20191216_150957-1536x1152.jpg 1536w, https:\/\/www.radiopiu.net\/wordpress\/wp-content\/uploads\/2019\/12\/IMG_20191216_150957-2048x1536.jpg 2048w\" sizes=\"auto, (max-width: 300px) 100vw, 300px\" \/><\/a>iva esclusa. L\u2019apparecchiatura \u00e8 stata gi\u00e0 messa in uso a Feltre per una persona con SLA.\u00a0 La SLA colpisce solitamente persone di et\u00e0 compresa tra i 40 e i 70 anni; si stima che in Italia siano presenti oltre 6.000 persone affette da SLA. Nel Veneto i malati dovrebbero essere circa 490. Questo dato \u00e8 variabile, perch\u00e8 la sopravvivenza media delle persone con SLA negli ultimi anni \u00e8 aumentata, anche grazie ai miglioramenti nella assistenza e per la diffusione di supporti tecnologici.L\u2019incidenza, cio\u00e8 la misura della probabilit\u00e0 di insorgenza di SLA nella popolazione entro un determinato periodo di tempo, \u00e8 di\u00a01-3 casi ogni 100.000 abitanti all\u2019anno.<\/p>\n<blockquote><p><em>&#8220;Al \u00a0momento non esistono terapie farmacologiche efficaci in grado di guarire la malattia. Tuttavia, grazie al supporto di ausili tecnologici e al miglioramento dell\u2019assistenza, nel corso degli anni la qualit\u00e0 di vita dei malati \u00e8 decisamente migliorata\u00bb, spiega il direttore della pneumologia di Feltre Stefano Calabro.<\/em><\/p><\/blockquote>\n<p>Oggi l\u2019assistenza alla persona con SLA deve sempre prevedere una qualificata terapia ed assistenza, \u00a0fermo restando che l\u2019 ammalato ha diritto che siano predisposte tutte le modalit\u00e0 e le forme che gli consentano di manifestare anticipatamente le proprie volont\u00e0 in merito alla cure e alla assistenza durante le varie fasi della malattia.<\/p>\n<p>&nbsp;<\/p>\n<p>&nbsp;<\/p>\n<p>&nbsp;<\/p>\n<p>&nbsp;<\/p>\n<h2>GRUPPO VIABILITA&#8217;, PRIMO OBIETTIVO 500<\/h2>\n<p><a class=\"dt-pswp-item\" href=\"https:\/\/www.radiopiu.net\/wordpress\/wp-content\/uploads\/2019\/12\/viab.jpg\" data-dt-img-description=\"\" data-large_image_width=\"640\" data-large_image_height=\"640\"><img loading=\"lazy\" decoding=\"async\" class=\" wp-image-110076 alignleft\" src=\"https:\/\/www.radiopiu.net\/wordpress\/wp-content\/uploads\/2019\/12\/viab-300x300.jpg\" alt=\"\" width=\"193\" height=\"193\" srcset=\"https:\/\/www.radiopiu.net\/wordpress\/wp-content\/uploads\/2019\/12\/viab-300x300.jpg 300w, https:\/\/www.radiopiu.net\/wordpress\/wp-content\/uploads\/2019\/12\/viab-150x150.jpg 150w, https:\/\/www.radiopiu.net\/wordpress\/wp-content\/uploads\/2019\/12\/viab.jpg 640w\" sizes=\"auto, (max-width: 193px) 100vw, 193px\" \/><\/a>Ad un mese esatto dalla sua nascita il gruppo Telegram Viabilit\u00e0 Provincia di Belluno ha raggiunto e superato i 500 iscritti. Nel gruppo solo gli aggiornamenti della viabilit\u00e0 in provincia. La prima prova del nove nei giorni della nevicata. Gli iscritti hanno postato in tempo reale le condizioni della viabilit\u00e0 con aggiornamenti importanti e in tempo reale. Prossimo obiettivo: 1000 iscritti. Le regole sono state accolte dal gruppo per la soddisfazionie dell&#8217;ideatore Walter Giolai.<\/p>\n<p>5 semplici regole per una civile convivenza: \u25cf Limitarsi SOLO a segnalazioni sulla viabilit\u00e0 della provincia di Belluno e zone limitrofe. \u25cf NO SEGNALAZIONE DI POSTI DI BLOCCO O ALTRE ATTIVITA DELLE FORZE DELL&#8217; ORDINE. \u25cf NO risegnalazioni di post gi\u00e0 aggiunti da qualcun&#8217;altro pochissimi minuti prima o richieste ripetute di percorribilit\u00e0 delle strade. \u25cf NO istigazione all&#8217;odio o qualsiasi genere di insulto riferito a polizia\/carabinieri\/gdf\/ecc. \u25cf NO provocazioni offese e\/o istigazione al litigio tra membri del gruppo.<\/p>\n<p>&nbsp;<\/p>\n<p>&nbsp;<\/p>\n<p>&nbsp;<\/p>\n<div id=\"fb-root\"><\/div>\n<p><script async=\"1\" defer=\"1\" crossorigin=\"anonymous\" src=\"https:\/\/connect.facebook.net\/it_IT\/sdk.js#xfbml=1&amp;version=v6.0\"><\/script><\/p>\n<div class=\"fb-video\" data-href=\"https:\/\/www.facebook.com\/prolocolaval\/videos\/2829194750432842\/\" data-width=\"1200\">\n<blockquote cite=\"https:\/\/www.facebook.com\/prolocolaval\/videos\/2829194750432842\/\" class=\"fb-xfbml-parse-ignore\"><p><a href=\"https:\/\/www.facebook.com\/prolocolaval\/videos\/2829194750432842\/\"><\/a><\/p>\n<p>Pubblicato da <a href=\"https:\/\/www.facebook.com\/prolocolaval\/\">Pro Loco La Valle Agordina &#8211; Belluno &#8211; Dolomiti<\/a> su Domenica 17 novembre 2019<\/p><\/blockquote>\n<\/div>\n<p><strong>LA VALLE<\/strong><\/p>\n<p><strong>DI GIANNI SANTOMASO<\/strong><\/p>\n<audio class=\"wp-audio-shortcode\" id=\"audio-110044-11\" preload=\"none\" style=\"width: 100%;\" controls=\"controls\"><source type=\"audio\/mpeg\" src=\"https:\/\/www.radiopiu.net\/wordpress\/wp-content\/uploads\/2019\/12\/gianni-la-valle-1.mp3?_=11\" \/><a href=\"https:\/\/www.radiopiu.net\/wordpress\/wp-content\/uploads\/2019\/12\/gianni-la-valle-1.mp3\">https:\/\/www.radiopiu.net\/wordpress\/wp-content\/uploads\/2019\/12\/gianni-la-valle-1.mp3<\/a><\/audio>\n<p>&nbsp;<\/p>\n<p>&nbsp;<\/p>\n<p>&nbsp;<\/p>\n<h3>ASCA SELEZIONE PERSONALE<\/h3>\n<p><strong>AGORDO<\/strong> L&#8217;Azienda Speciale Consortile Agordina\u00a0 cerca personale. Sul sito dell\u2019Azienda www.servizisocialiasca.it\u00a0gli avvisi di selezione per le seguenti figure professionali: Infermieri per la formulazione di una graduatoria di idoneit\u00e0 finalizzata all\u2019inserimento a tempo\u00a0 indeterminato e determinato ed a tempo pieno presso la RSA di Agordo. Fisioterapista per la formulazione di una graduatoria di idoneit\u00e0 finalizzata all\u2019inserimento a tempo indeterminato e determinato, a tempo pieno e part -time.\u00a0 Per entrambi gli avvisi di selezione il termine ultimo per la presentazione delle candidature \u00e8 fissato entro e non oltre le 12 di luned\u00ec 20 gennaio 2020.<\/p>\n<p>&nbsp;<\/p>\n<p>&nbsp;<\/p>\n<h3>DONAZIONE ALLA CUCCHINI E VIA DI NATALE DAL COMITATO GIRO DEL LAGO<\/h3>\n<p><strong>ALPAGO\u00a0<\/strong> Oggi\u00a0 il comitato Alpago 2 ruote &amp; solidariet\u00e0 consegner\u00e0 ufficialmente il ricavato della 25.edizione del Giro del Lago di Santa Croce alle associazioni Cucchini e Via di Natale. Alle 11.30 nella sede dell&#8217;associazione Cucchini, presso l&#8217; Hospice Casa Tua 2, all&#8217;ospedale San Martino, di Belluno, viale Europa. Nell&#8217;occasione ci sar\u00e0 anche la premiazione del concorso fotografico &#8220;Sport e solidariet\u00e0&#8221;.<\/p>\n<p>&nbsp;<\/p>\n<p>&nbsp;<\/p>\n<h3>VENERDI CONSIGLIO COMUNALE<\/h3>\n<p>di GIANNI SANTOMASO<\/p>\n<p><strong>SAN TOMASO<\/strong> Il sindaco di San Tomaso, Moreno De Val, ha convocato per venerd\u00ec alle 20 il consiglio comunale. All&#8217;ordine del giorno ci sono tre punti. Con il primo l&#8217;assemblea delegher\u00e0 il Consorzio Bim per la definizione di accordi con Enel per il pagamento di Imu per gli anni 2014 e 2015 e approver\u00e0 la convenzione da sottoscrivere tra Bim e Enel. Con il secondo si andr\u00e0 ad approvare lo schema di contratto per la costituzione di una servit\u00f9 di elettrodotto per cabina elettrica e linee elettriche afferenti tra il Comune ed e-distribuzione spa. Con il terzo, infine, verr\u00e0 effettuata una ricognizione delle partecipazioni dell&#8217;ente.Venerdi alle 20 consiglio comunale a San Tomaso. L&#8217;ordine del giorno: delega al consorzio Bim Piave per la definizione di accordo con Enel per il pagamento dell&#8217;Imu; cabina e linee elettriche Enel; revisione ordinaria delle partecipazioni.<\/p>\n<p>&nbsp;<\/p>\n<p>&nbsp;<\/p>\n<h2>I SEGRETI DEL CIELO, VENERE una specie di stella di Natale che allieter\u00e0 le festivit\u00e0<\/h2>\n<div style=\"width: 854px;\" class=\"wp-video\"><video class=\"wp-video-shortcode\" id=\"video-110044-1\" width=\"854\" height=\"480\" preload=\"metadata\" controls=\"controls\"><source type=\"video\/mp4\" src=\"https:\/\/www.radiopiu.net\/wordpress\/wp-content\/uploads\/2019\/12\/WhatsApp-Video-2019-12-16-at-21.33.19.mp4?_=1\" \/><a href=\"https:\/\/www.radiopiu.net\/wordpress\/wp-content\/uploads\/2019\/12\/WhatsApp-Video-2019-12-16-at-21.33.19.mp4\">https:\/\/www.radiopiu.net\/wordpress\/wp-content\/uploads\/2019\/12\/WhatsApp-Video-2019-12-16-at-21.33.19.mp4<\/a><\/video><\/div>\n<p><strong>DI CLAUDIO PRA<\/strong><\/p>\n<p><a class=\"dt-pswp-item\" href=\"https:\/\/www.radiopiu.net\/wordpress\/wp-content\/uploads\/2019\/12\/VENERE.jpg\" data-dt-img-description=\"\" data-large_image_width=\"227\" data-large_image_height=\"222\"><img loading=\"lazy\" decoding=\"async\" class=\"size-full wp-image-110108 alignleft\" src=\"https:\/\/www.radiopiu.net\/wordpress\/wp-content\/uploads\/2019\/12\/VENERE.jpg\" alt=\"\" width=\"227\" height=\"222\" \/><\/a>In queste serate di dicembre, appena il cielo imbrunisce, guardando verso il punto dove il Sole \u00e8 tramontato non si potr\u00e0 non notare Venere, il pianeta pi\u00f9 luminoso del cielo e terzo oggetto celeste pi\u00f9 brillante dopo il Sole e la Luna. Venere \u00e8 davvero impressionante, apparendo gi\u00e0 in un cielo ancora molto chiaro e diventando in seguito abbagliante man mano che l\u2019oscurit\u00e0 avanza. Sar\u00e0 una specie di stella di Natale che allieter\u00e0 le festivit\u00e0 di quanti lo cercheranno. Ovviamente Venere non ha niente a che fare con le stelle, essendo un pianeta roccioso quanto la nostra Terra, appena pi\u00f9 piccolo per dimensioni. la sua brillantezza, oltre che dalla modesta distanza che ci separa (astronomicamente parlando), \u00e8 imputabile alle sue nubi che riflettono molto efficacemente la luce proveniente dal Sole. Attualmente, per la nostra prospettiva da terra, si sta allontanando dal Sole alzandosi pian piano sull\u2019orizzonte e rimanendo visibile per sempre maggior tempo con il passare dei giorni. Un bellissimo appuntamento da non perdere si avr\u00e0 a fine mese nei giorni 28 e 29 quando una sottilissima falce lunare si avviciner\u00e0 al brillante pianeta e poi lo superer\u00e0.\u00a0 Venere era considerato dagli antichi greci e romani la Dea della Bellezza ed a seconda della posizione occupata in cielo \u00e8 osservabile dopo il tramonto, come in questo caso, o prima dell\u2019alba. Sempre gli antichi, pensando a due astri diversi, chiamavano Lucifero l\u2019apparizione mattutina e vespero quella serale. Scientificamente parlando invece, \u00e8 il pianeta pi\u00f9 vicino alla Terra. Nel punto dell\u2019orbita dove i due corpi celesti si avvicinano di pi\u00f9 ci separano una quarantina di milioni di km. In quel momento, al telescopio o al binocolo, lo si pu\u00f2 osservare come una sottilissima falce in quanto pianeta pi\u00f9 interno del nostro rispetto al Sole e dunque, come la Luna, illuminato diversamente a seconda della sua posizione. Prendendo a riferimento delle stelle vicine si potr\u00e0 anche seguire nei giorni il suo movimento in cielo. I pianeti infatti, diversamente dalle stelle che rimangono fisse, si muovono tra esse lungo una rotta ben delineata che attraversa le costellazioni zodiacali. Buon Natale e buon anno con Venere dunque, che riproporr\u00e0 in un certo senso quel che successe oltre duemila anni fa alla nascita di Ges\u00f9. In quel caso fu probabilmente una congiunzione planetaria tra Giove e Saturno sull\u2019orizzonte orientale a catturare l\u2019attenzione dei Magi, non una cometa come vuole la tradizione. Nel nostro caso sar\u00e0 Venere sull\u2019orizzonte occidentale. E noi novelli magi, senza metterci in marcia come tanto tempo fa, potremo seguirlo semplicemente con lo sguardo alzando gli occhi al cielo.<\/p>\n<p>&nbsp;<\/p>\n<p>&nbsp;<\/p>\n<p>&nbsp;<\/p>\n<h3>MANRICO DELL&#8217;AGNOLA DALLE DOLOMITI ALL&#8217;ANTARTIDE<\/h3>\n<blockquote><p><em>Il noto alpinista-fotografo Manrico Dell\u2019Agnola impegnato in una spedizione esplorativo-scientifica nella Penisola Antartica.<\/em><\/p><\/blockquote>\n<p><a class=\"dt-pswp-item\" href=\"https:\/\/www.radiopiu.net\/wordpress\/wp-content\/uploads\/2019\/12\/Manrico-DellAgnola-regista-del-film-Donnafugata-ridotta-1.jpg\" data-dt-img-description=\"\" data-large_image_width=\"988\" data-large_image_height=\"626\"><img loading=\"lazy\" decoding=\"async\" class=\" wp-image-110054 alignleft\" src=\"https:\/\/www.radiopiu.net\/wordpress\/wp-content\/uploads\/2019\/12\/Manrico-DellAgnola-regista-del-film-Donnafugata-ridotta-1-300x190.jpg\" alt=\"\" width=\"268\" height=\"170\" srcset=\"https:\/\/www.radiopiu.net\/wordpress\/wp-content\/uploads\/2019\/12\/Manrico-DellAgnola-regista-del-film-Donnafugata-ridotta-1-300x190.jpg 300w, https:\/\/www.radiopiu.net\/wordpress\/wp-content\/uploads\/2019\/12\/Manrico-DellAgnola-regista-del-film-Donnafugata-ridotta-1-768x487.jpg 768w, https:\/\/www.radiopiu.net\/wordpress\/wp-content\/uploads\/2019\/12\/Manrico-DellAgnola-regista-del-film-Donnafugata-ridotta-1.jpg 988w\" sizes=\"auto, (max-width: 268px) 100vw, 268px\" \/><\/a>Chi conosce Dell\u2019Agnola sa bene che non ama i luoghi freddi; meglio le soleggiate pareti Californiane del Capitan nella Yosemite Valley o le amate Dolomiti in piena estate, ma un\u2019occasione del genere non poteva essere perduta. L&#8217;invito da parte del Cai di Biella, organizzatore della spedizione, e degli amici e compagni di altre esperienze in giro per il mondo, Marcello Sanguineti e Gian Luca Cavalli, \u00e8 arrivata a sorpresa ed ha richiesto un\u2019organizzazione febbrile alla quale hanno preso parte ditte importanti (Karpos, Dolomite, Scarpa, Cocoon, dF Sport Specialist, Vesuvio, Universat, Tintoria Fissaggio 2000\u2026), il Cai Nazionale il Cai Accademico e il CNR. Il progetto \u00e8 ambizioso: esplorare la Graham Land, la porzione di Penisola Antartica situata a nord di 66\u00b0S. In questa regione i tre scalatori hanno individuato alcuni obiettivi alpinistici interessati: pareti e addirittura montagne non ancora scalate, \u00a0i tre alpinisti, durante i loro spostamenti, svolgeranno un\u2019attivit\u00e0 di prelievo di campioni di neve superficiale a diverse quote e successivo filtraggio con l\u2019obiettivo di permettere lo studio delle sorgenti e del meccanismo di trasporto a lungo raggio di nuovi contaminanti nell\u2019ambiente antartico e l\u2019analisi delle conseguenze ambientali di tali processi in aree polari e la loro gestione in aree antropizzate. Dell\u2019Agnola non sar\u00e0 solo impegnato alpinisticamente, ma a lui \u00e8 affidata anche la realizzazione di tutta la documentazione foto e video con la quale verr\u00e0 gestita la comunicazione in tempo reale e successivamente realizzato un documentario che racconter\u00e0 gli aspetti alpinistici, esplorativi e scientifici della spedizione. La partenza dall\u2019Italia \u00e8 prevista il 28 dicembre.<\/p>\n<p>&nbsp;<\/p>\n<p>&nbsp;<\/p>\n<h2><\/h2>\n<h2>I RACCONTI DI PAOLO SOPPELSA &#8220;VALLE IMPERINA&#8221;<\/h2>\n<p>STAGIONE 1, PUNTATA 01 17 dicembre 2019<\/p>\n<blockquote><p><em>Inizia oggi una nuova rubrica all&#8217;interno del GIORNALE RADIOPIU&#8217;, testo e audio con Paolo Soppelsa, attento conoscitore del territorio.<\/em><\/p><\/blockquote>\n<p>di Paolo Soppelsa<\/p>\n<p><a class=\"dt-pswp-item\" href=\"https:\/\/www.radiopiu.net\/wordpress\/wp-content\/uploads\/2019\/12\/WhatsApp-Image-2019-12-16-at-19.01.40.jpeg\" data-dt-img-description=\"\" data-large_image_width=\"1080\" data-large_image_height=\"608\"><img loading=\"lazy\" decoding=\"async\" class=\" wp-image-110082 alignleft\" src=\"https:\/\/www.radiopiu.net\/wordpress\/wp-content\/uploads\/2019\/12\/WhatsApp-Image-2019-12-16-at-19.01.40-300x169.jpeg\" alt=\"\" width=\"284\" height=\"160\" srcset=\"https:\/\/www.radiopiu.net\/wordpress\/wp-content\/uploads\/2019\/12\/WhatsApp-Image-2019-12-16-at-19.01.40-300x169.jpeg 300w, https:\/\/www.radiopiu.net\/wordpress\/wp-content\/uploads\/2019\/12\/WhatsApp-Image-2019-12-16-at-19.01.40-1024x576.jpeg 1024w, https:\/\/www.radiopiu.net\/wordpress\/wp-content\/uploads\/2019\/12\/WhatsApp-Image-2019-12-16-at-19.01.40-768x432.jpeg 768w, https:\/\/www.radiopiu.net\/wordpress\/wp-content\/uploads\/2019\/12\/WhatsApp-Image-2019-12-16-at-19.01.40.jpeg 1080w\" sizes=\"auto, (max-width: 284px) 100vw, 284px\" \/><\/a>La curva che portava fuori dalla gola dei Castei era a destra. Vi si arrivava in quarta piena con la 127 color del cielo. Mi piaceva guardare i piedi di pap\u00e0 fare un bel punta\/tacco scalando in terza. Poi a volte trattenevo il fiato, perch\u00e9 all\u2019esterno della curva non c\u2019era il guard-rail. Uscivamo a cannone da quella svolta e davanti a noi appariva la Casa Giovannelli. Che sul muro aveva appeso un cartello \u201cvendesi\u201d che stette l\u00ec almeno vent\u2019anni. E ridevamo di gusto mentre pronunciavamo la fatidica frase \u201cvosto che sie chi che la compra chela carobera\u201d. Ma il tempo ci diede torto, e da ormai parecchi anni quella casa misteriosa \u00e8 diventata una bella trattoria. Poi tre curve leggere ci portavano al Ponte del Cristo. Ed ogni volta mi chiedevo dove fosse questo cavolo di ponte. Che in realt\u00e0 ce n\u2019era un pezzo a bordo strada. Cinque o sei metri, poi il vuoto. E pap\u00e0 diceva \u201cl\u2019era l\u2019era el pont\u2026vardelo du inte Cordeol\u2026el se la men\u00e0 via l\u2019aluvion\u201d. Ed in effetti un pezzo del ponte c\u2019era, sdraiato tristemente nelle ghiaie del Cordevole. Che si vedeva meglio quando tornavamo verso Belluno. Ma dove arrivasse dall\u2019altra parte questo ponte era un mistero. Aldil\u00e0 della strada c\u2019era solo un versante di frana. E pap\u00e0 diceva \u201cl\u2019era anca la strada de l\u00e0, ma la e partida fora par l\u2019acqua sempre da l\u2019aluvion\u201d. Che questa alluvione doveva essere stata veramente tremenda per aver combinato tali disastri. Poi curvone veloce a sinistra e sullo sfondo appariva il villaggio, allora fantasma, di Valle Imperina. Che inevitabilmente catturava gli sguardi ed i pensieri non solo dei bambini, ma pure degli adulti. E quando c\u2019era mamma in macchina arrivava quasi sempre il suo commento \u201cvarda che laoro\u2026tut desf\u00e0\u2026pec\u00e0 che i ha ser\u00e0 su tut\u2026i laorea in tanti inte le miniere\u201d. E gli occhi si incollavano al finestrino, soprattutto d\u2019inverno quando la neve e la brina aggiungevano mistero al mistero. Tentavo di immaginare come dovesse essere stato quel villaggio cos\u00ec affascinante quando era abitato. E pap\u00e0 diceva \u201cle dut tut in malora da l\u2019aluvion\u201d. Ancora sta \u201caluvion\u201d. E mi immaginavo l\u2019acqua marrone del Cordevole che si portava via i pezzi di quelle antiche case. Ma non riuscivo a dare una dimensione esatta a questo evento datato 4 novembre 1966. Chiss\u00e0 com\u2019era stata quella storia. Poi, a quarantuno anni, ho avuto modo di capire come funziona un&#8217;alluvione. Purtroppo. Mentre salivamo lungo la salita delle Campe cercavo di immaginare il treno. Quello che passava nelle gallerie dei Castei. Eh no, quello era troppo anche per la fantasia di un bambino. Non poteva essere. Ed invece c\u2019era stato un tempo in cui un treno arrivava fino ad Agordo. C\u2019erano il ponte e la galleria a Ponte Alto a testimoniarlo. Eppure il dubbio rimaneva. Ed allora arrivava la frase \u201cvarda che son mont\u00e0 anca mi calche ota su chel treno\u2026\u201d. Non rimaneva che crederci, come si crede alle leggende che entrano ed escono dalla realt\u00e0. Poi, dopo il bivio per Rivamonte, si entrava nel paese dov\u2019ero nato. Quello con la chiesa con ben due campanili e la piazza con i cubetti di porfido come in centro a Belluno. E mancavano solo nove km a Cencenighe.<\/p>\n<p>AUDIO<\/p>\n<audio class=\"wp-audio-shortcode\" id=\"audio-110044-12\" preload=\"none\" style=\"width: 100%;\" controls=\"controls\"><source type=\"audio\/mpeg\" src=\"https:\/\/www.radiopiu.net\/wordpress\/wp-content\/uploads\/2019\/12\/paolo-curva-imperina.mp3?_=12\" \/><a href=\"https:\/\/www.radiopiu.net\/wordpress\/wp-content\/uploads\/2019\/12\/paolo-curva-imperina.mp3\">https:\/\/www.radiopiu.net\/wordpress\/wp-content\/uploads\/2019\/12\/paolo-curva-imperina.mp3<\/a><\/audio>\n<p>&nbsp;<\/p>\n<p>&nbsp;<\/p>\n<p>&nbsp;<\/p>\n<h3>IL 4 GENNAIO, LA VAL CHE URLA IN SALA DON TAMIS AD AGORDO<\/h3>\n<blockquote class=\"wp-embedded-content\" data-secret=\"u0wjjvLYYd\"><p><a href=\"https:\/\/olimpiainscena.it\/2019\/12\/16\/cinema-a-vicenza-la-val-che-urla\/\">CINEMA &#8211; a Vicenza &#8220;La Val che Urla&#8221;<\/a><\/p><\/blockquote>\n<p><iframe loading=\"lazy\" title=\"&#8220;CINEMA &#8211; a Vicenza &#8220;La Val che Urla&#8221;&#8221; &#8212; Olimpia in scena\" class=\"wp-embedded-content\" sandbox=\"allow-scripts\" security=\"restricted\" style=\"position: absolute; clip: rect(1px, 1px, 1px, 1px);\" src=\"https:\/\/olimpiainscena.it\/2019\/12\/16\/cinema-a-vicenza-la-val-che-urla\/embed\/#?secret=u0wjjvLYYd\" data-secret=\"u0wjjvLYYd\" width=\"600\" height=\"338\" frameborder=\"0\" marginwidth=\"0\" marginheight=\"0\" scrolling=\"no\"><\/iframe><\/p>\n<p>&nbsp;<\/p>\n<h3><span style=\"color: #ff0000;\">LA LETTERA<\/span><\/h3>\n<p><strong>Franco Piacentini, Feltre<\/strong><\/p>\n<blockquote><p>Dall&#8217;annuale rapporto sulla rilevazione statistica de Il Sole 24 Ore, si rileva che la provincia di Belluno, sul dato generale della qualit\u00e0 della vita, scende in classifica dal 4\u00b0 del 2018 al 51\u00b0 posto nel 2019. Prendendo in considerazione i primi sette macro indicatori, Lab24 de Il Sole 24 Ore, nella comparazione 2019 &#8211; 2018, riscontra le seguenti preoccupanti posizioni di Belluno sulle 107 province analizzate. \u00a0Ricchezza &amp; Consumi: 2019 = 25\u00b0 posto &#8211; 2018 = 3\u00b0 posto; \u00a0Ambiente &amp; Servizi: 2019 = 42\u00b0 posto &#8211; 2018 = 20\u00b0 posto; \u00a0Giustizia &amp; Sicurezza: 2019 = 4\u00b0 posto &#8211; 2018 = 10\u00b0 posto; \u00a0Affari &amp; Lavoro: 2019 = 44\u00b0 posto &#8211; 2018 = 16\u00b0 posto; Demografia &amp; Societ\u00e0: 97\u00b0 posto &#8211; 2018 = 52\u00b0 posto; \u00a0Cultura &amp; Tempo Libero: 60\u00b0 posto &#8211; 2018 = 62\u00b0 posto. Ad eccezione degli indicatori &#8220;Giustizia &amp; Sicurezza&#8221; e &#8220;Cultura &amp; Tempo Libero&#8221;, gli altri quattro sono in &#8220;caduta libera&#8221;. E&#8217; opportuno che le Pubbliche Amministrazioni Locali; le Rappresentanze Economiche &#8211; Imprenditoriali; i Sindacati CGIL CISL UIL; le Forze Politiche; le Organizzazioni Sociali; il Terzo Settore; il Volontariato, oltre ad analizzare, possibilmente, congiuntamente questi negativi dati (penalizzanti per la provincia di Belluno) devono urgentemente predisporre la &#8220;Piattaforma Rivendicativa per il rilancio delle Terre Alte Dolomitiche Bellunesi&#8221;, da presentare, con il sosteno della &#8220;mobilitazione popolare&#8221;, al Governo nazionale e alla Regione Veneto. Non c&#8217;\u00e8 pi\u00f9 tempo da perdere. Chi vive, lavora e studia in montagna, proprio per le ben note difficolt\u00e0 ambientali, deve avere almeno un&#8217;opportunit\u00e0 in pi\u00f9 di chi risiede in pianura, altrimenti lo spopolamento, inesorabilmente, non si fermer\u00e0.<\/p><\/blockquote>\n<p>&nbsp;<\/p>\n<p>&nbsp;<\/p>\n<h2>DOMANI ALLE 20.10 ALLA RADIO. L&#8217;ULTIMA DELLE SERATE CON LE BIBLIOTECHE DELLA VALLE DEL BIOIS. RACCONTI APPASSIONATI DI GIUSEPPE MENDICINO<\/h2>\n<p><strong> <a class=\"dt-pswp-item\" href=\"https:\/\/www.radiopiu.net\/wordpress\/wp-content\/uploads\/2019\/12\/WhatsApp-Image-2019-12-15-at-19.05.15.jpeg\" data-dt-img-description=\"\" data-large_image_width=\"999\" data-large_image_height=\"613\"><img loading=\"lazy\" decoding=\"async\" class=\"alignnone size-medium wp-image-109949\" src=\"https:\/\/www.radiopiu.net\/wordpress\/wp-content\/uploads\/2019\/12\/WhatsApp-Image-2019-12-15-at-19.05.15-300x184.jpeg\" alt=\"\" width=\"300\" height=\"184\" srcset=\"https:\/\/www.radiopiu.net\/wordpress\/wp-content\/uploads\/2019\/12\/WhatsApp-Image-2019-12-15-at-19.05.15-300x184.jpeg 300w, https:\/\/www.radiopiu.net\/wordpress\/wp-content\/uploads\/2019\/12\/WhatsApp-Image-2019-12-15-at-19.05.15-768x471.jpeg 768w, https:\/\/www.radiopiu.net\/wordpress\/wp-content\/uploads\/2019\/12\/WhatsApp-Image-2019-12-15-at-19.05.15.jpeg 999w\" sizes=\"auto, (max-width: 300px) 100vw, 300px\" \/><\/a><a class=\"dt-pswp-item\" href=\"https:\/\/www.radiopiu.net\/wordpress\/wp-content\/uploads\/2019\/12\/WhatsApp-Image-2019-12-15-at-19.07.30.jpeg\" data-dt-img-description=\"\" data-large_image_width=\"1600\" data-large_image_height=\"1200\"><img loading=\"lazy\" decoding=\"async\" class=\"alignnone wp-image-109950\" src=\"https:\/\/www.radiopiu.net\/wordpress\/wp-content\/uploads\/2019\/12\/WhatsApp-Image-2019-12-15-at-19.07.30-300x225.jpeg\" alt=\"\" width=\"244\" height=\"183\" srcset=\"https:\/\/www.radiopiu.net\/wordpress\/wp-content\/uploads\/2019\/12\/WhatsApp-Image-2019-12-15-at-19.07.30-300x225.jpeg 300w, https:\/\/www.radiopiu.net\/wordpress\/wp-content\/uploads\/2019\/12\/WhatsApp-Image-2019-12-15-at-19.07.30-1024x768.jpeg 1024w, https:\/\/www.radiopiu.net\/wordpress\/wp-content\/uploads\/2019\/12\/WhatsApp-Image-2019-12-15-at-19.07.30-768x576.jpeg 768w, https:\/\/www.radiopiu.net\/wordpress\/wp-content\/uploads\/2019\/12\/WhatsApp-Image-2019-12-15-at-19.07.30-1536x1152.jpeg 1536w, https:\/\/www.radiopiu.net\/wordpress\/wp-content\/uploads\/2019\/12\/WhatsApp-Image-2019-12-15-at-19.07.30.jpeg 1600w\" sizes=\"auto, (max-width: 244px) 100vw, 244px\" \/><\/a><\/strong><\/p>\n<p><strong>DI GIANNI SANTOMASO<\/strong><\/p>\n<div dir=\"auto\">\n<audio class=\"wp-audio-shortcode\" id=\"audio-110044-13\" preload=\"none\" style=\"width: 100%;\" controls=\"controls\"><source type=\"audio\/mpeg\" src=\"https:\/\/www.radiopiu.net\/wordpress\/wp-content\/uploads\/2019\/12\/BIS-PROMO-GIANNI-BIBLIO.mp3?_=13\" \/><a href=\"https:\/\/www.radiopiu.net\/wordpress\/wp-content\/uploads\/2019\/12\/BIS-PROMO-GIANNI-BIBLIO.mp3\">https:\/\/www.radiopiu.net\/wordpress\/wp-content\/uploads\/2019\/12\/BIS-PROMO-GIANNI-BIBLIO.mp3<\/a><\/audio>\n<\/div>\n<blockquote>\n<div dir=\"auto\"><\/div>\n<\/blockquote>\n<blockquote>\n<div dir=\"auto\"><\/div>\n<\/blockquote>\n<div dir=\"auto\">\n<h3><a class=\"dt-pswp-item\" href=\"http:\/\/www.radiopiu.net\/wordpress\/wp-content\/uploads\/2018\/09\/appuntamenti.jpeg\" data-dt-img-description=\"\" data-large_image_width=\"800\" data-large_image_height=\"100\"><img loading=\"lazy\" decoding=\"async\" class=\"aligncenter wp-image-61958 size-full\" src=\"http:\/\/www.radiopiu.net\/wordpress\/wp-content\/uploads\/2018\/09\/appuntamenti.jpeg\" alt=\"\" width=\"800\" height=\"100\" srcset=\"https:\/\/www.radiopiu.net\/wordpress\/wp-content\/uploads\/2018\/09\/appuntamenti.jpeg 800w, https:\/\/www.radiopiu.net\/wordpress\/wp-content\/uploads\/2018\/09\/appuntamenti-300x38.jpeg 300w, https:\/\/www.radiopiu.net\/wordpress\/wp-content\/uploads\/2018\/09\/appuntamenti-768x96.jpeg 768w\" sizes=\"auto, (max-width: 800px) 100vw, 800px\" \/><\/a><\/h3>\n<\/div>\n<div dir=\"auto\">\n<p>&nbsp;<\/p>\n<\/div>\n<h3 dir=\"auto\">SAVIO E COSTA\u00a0 ESPONGONO A CANALE D&#8217;AGORDO<\/h3>\n<div dir=\"auto\"><strong>CANALE D&#8217;AGORDO<\/strong> dal 24 dicembre 2019 al 6 gennaio presso la sala consiliare del Municipio mostra personale di pittura dell&#8217;artista Agordino Walter Savio. Al suo interno un&#8217;altra mostra, con i tipici fienili (&#8220;tabiai&#8221;) in miniatura realizzati dall&#8217;hobbista Germano Costa di San Tomaso Agordino.<\/div>\n<div dir=\"auto\"><\/div>\n<div dir=\"auto\"><\/div>\n<div dir=\"auto\"><\/div>\n<div dir=\"auto\"><\/div>\n<div dir=\"auto\"><strong><a class=\"dt-pswp-item\" href=\"https:\/\/www.radiopiu.net\/wordpress\/wp-content\/uploads\/2019\/12\/IMG-20191207-WA0006.jpg\" data-dt-img-description=\"\" data-large_image_width=\"583\" data-large_image_height=\"800\"><img loading=\"lazy\" decoding=\"async\" class=\"wp-image-109928 alignleft\" src=\"https:\/\/www.radiopiu.net\/wordpress\/wp-content\/uploads\/2019\/12\/IMG-20191207-WA0006-219x300.jpg\" alt=\"\" width=\"142\" height=\"195\" srcset=\"https:\/\/www.radiopiu.net\/wordpress\/wp-content\/uploads\/2019\/12\/IMG-20191207-WA0006-219x300.jpg 219w, https:\/\/www.radiopiu.net\/wordpress\/wp-content\/uploads\/2019\/12\/IMG-20191207-WA0006.jpg 583w\" sizes=\"auto, (max-width: 142px) 100vw, 142px\" \/><\/a>BELLUNO<\/strong> Proseguono alla Scuola secondaria di I grado &#8220;S. Ricci&#8221; di Belluno le iniziative culturali aperte alla cittadinanza. Il secondo appuntamento in programma \u00e8 previsto per oggi\u00a0 alle ore 18 nell&#8217;Aula magna dell&#8217;Istituto dove la cooperante AVSI (Associazione Volontari per il Servizio Internazionale) in Siria, Flavia Chevallard, parler\u00e0 dell&#8217;attuale situazione del Paese mediorientale e del progetto &#8220;Ospedali aperti&#8221;, che fornisce cure mediche gratuite e di qualit\u00e0 a chi non pu\u00f2 permettersele. Un&#8217;imperdibile occasione cui non mancare. A seguire, alle 20.00, apericena e chiacchierata con Flavia presso la sala parrocchiale di Loreto.<\/div>\n<div dir=\"auto\"><\/div>\n<div dir=\"auto\"><\/div>\n<div dir=\"auto\"><\/div>\n<div dir=\"auto\"><\/div>\n<div dir=\"auto\"><\/div>\n<div dir=\"auto\"><\/div>\n<div dir=\"auto\"><\/div>\n<div dir=\"auto\"><\/div>\n<div dir=\"auto\"><\/div>\n<div dir=\"auto\"><strong><a class=\"dt-pswp-item\" href=\"https:\/\/www.radiopiu.net\/wordpress\/wp-content\/uploads\/2019\/12\/documentario-SENSIBILE-Belluno.jpg\" data-dt-img-description=\"\" data-large_image_width=\"720\" data-large_image_height=\"1018\"><img loading=\"lazy\" decoding=\"async\" class=\"size-medium wp-image-109929 alignleft\" src=\"https:\/\/www.radiopiu.net\/wordpress\/wp-content\/uploads\/2019\/12\/documentario-SENSIBILE-Belluno-212x300.jpg\" alt=\"\" width=\"212\" height=\"300\" srcset=\"https:\/\/www.radiopiu.net\/wordpress\/wp-content\/uploads\/2019\/12\/documentario-SENSIBILE-Belluno-212x300.jpg 212w, https:\/\/www.radiopiu.net\/wordpress\/wp-content\/uploads\/2019\/12\/documentario-SENSIBILE-Belluno.jpg 720w\" sizes=\"auto, (max-width: 212px) 100vw, 212px\" \/><\/a>BELLUNO<\/strong> Gioved\u00ec\u00a0 alle 20.15 presso la sala di Un Noce in Via Barozzi 18 l&#8217;Associazione Culturale CENTRO UPM DI BELLUNO proietter\u00e0 il DOCUMENTARIO &#8220;SENSIBILE&#8221;, il primo italiano su MCS e EHS: la Sensibilit\u00e0 Chimica Multipla e la Elettrosensibilit\u00e0.<\/div>\n<div dir=\"auto\"><\/div>\n<div dir=\"auto\"><\/div>\n<div dir=\"auto\"><\/div>\n<div dir=\"auto\"><\/div>\n<div dir=\"auto\"><\/div>\n<div dir=\"auto\"><\/div>\n<div dir=\"auto\"><\/div>\n<div dir=\"auto\"><\/div>\n<div dir=\"auto\"><\/div>\n<div dir=\"auto\"><\/div>\n<div dir=\"auto\"><\/div>\n<div dir=\"auto\"><\/div>\n<div dir=\"auto\"><\/div>\n<div dir=\"auto\"><\/div>\n<div dir=\"auto\"><\/div>\n<div dir=\"auto\"><\/div>\n<div dir=\"auto\">\n<p>.<strong>GOSALDO<\/strong> La Parrocchia B. V. Addolorata organizza il concerto di Natale con i cori Cantores Pagenses e Piccolo Coro San Martino di Paese Treviso. Sabato 21 dicembre alle 20.30 nella chiesa parrocchiale con ingresso libero. Si tratta di una sorta di scambio fra Paese (TV) e Gosaldo. L&#8217;anno scorso, il ricavato del concerto natalizio tenutosi a Paese, era stato devoluto al Comune di Gosaldo in seguito ai danni provocati da Vaia. Ora i cantori &#8220;salgono&#8221; per raggiungere i gosaldini ed esibirsi in chiesa.<\/p>\n<\/div>\n<p>&nbsp;<\/p>\n<div dir=\"auto\">\n<p><strong>LONGARONE<\/strong> Domenica 22 dicembre festa degli anziani ed emigranti del longaronese, 11 messa a Igne, 12.30 pranzo a Villanova di Longarone. Prenotazioni allo 0437 575811<\/p>\n<\/div>\n<p>&nbsp;<\/p>\n<p>&nbsp;<\/p>\n<h2><a class=\"dt-pswp-item\" href=\"http:\/\/www.radiopiu.net\/wordpress\/wp-content\/uploads\/2018\/09\/sport.jpg\" data-dt-img-description=\"\" data-large_image_width=\"800\" data-large_image_height=\"100\"><img loading=\"lazy\" decoding=\"async\" class=\"wp-image-60761 size-full aligncenter\" src=\"http:\/\/www.radiopiu.net\/wordpress\/wp-content\/uploads\/2018\/09\/sport.jpg\" alt=\"\" width=\"800\" height=\"100\" srcset=\"https:\/\/www.radiopiu.net\/wordpress\/wp-content\/uploads\/2018\/09\/sport.jpg 800w, https:\/\/www.radiopiu.net\/wordpress\/wp-content\/uploads\/2018\/09\/sport-300x38.jpg 300w, https:\/\/www.radiopiu.net\/wordpress\/wp-content\/uploads\/2018\/09\/sport-768x96.jpg 768w\" sizes=\"auto, (max-width: 800px) 100vw, 800px\" \/><\/a><\/h2>\n<p>&nbsp;<\/p>\n<h2>INIZIATA LA STAGIONE DI LORENZO BUSIN<\/h2>\n<p><a class=\"dt-pswp-item\" href=\"https:\/\/www.radiopiu.net\/wordpress\/wp-content\/uploads\/2019\/12\/LORENZO-BUSIN-2019-2.jpeg\" data-dt-img-description=\"\" data-large_image_width=\"1080\" data-large_image_height=\"1080\"><img loading=\"lazy\" decoding=\"async\" class=\"size-medium wp-image-110056 alignright\" src=\"https:\/\/www.radiopiu.net\/wordpress\/wp-content\/uploads\/2019\/12\/LORENZO-BUSIN-2019-2-300x300.jpeg\" alt=\"\" width=\"300\" height=\"300\" srcset=\"https:\/\/www.radiopiu.net\/wordpress\/wp-content\/uploads\/2019\/12\/LORENZO-BUSIN-2019-2-300x300.jpeg 300w, https:\/\/www.radiopiu.net\/wordpress\/wp-content\/uploads\/2019\/12\/LORENZO-BUSIN-2019-2-1024x1024.jpeg 1024w, https:\/\/www.radiopiu.net\/wordpress\/wp-content\/uploads\/2019\/12\/LORENZO-BUSIN-2019-2-150x150.jpeg 150w, https:\/\/www.radiopiu.net\/wordpress\/wp-content\/uploads\/2019\/12\/LORENZO-BUSIN-2019-2-768x768.jpeg 768w, https:\/\/www.radiopiu.net\/wordpress\/wp-content\/uploads\/2019\/12\/LORENZO-BUSIN-2019-2.jpeg 1080w\" sizes=\"auto, (max-width: 300px) 100vw, 300px\" \/><\/a>Con le prime nevicate Lorenzo Busin ha iniziato la stagione agonistica di sci nordico 2019\/2020. L&#8217;atleta della Valle del Biois ha iniziato gli allenamenti a Gares e sul San Pellegrino ed ha partecipato anche alle prime gare. L&#8217;ultima quella di questo fine settimana dove il fondista di Canale D&#8217;Agordo ha conquistato un secondo posto assoluto tra gli italiani in gara.<\/p>\n<p>&nbsp;<\/p>\n<p>&nbsp;<\/p>\n<p>&nbsp;<\/p>\n<p>&nbsp;<\/p>\n<p>&nbsp;<\/p>\n<p>&nbsp;<\/p>\n<p><strong>AI MICROFONI DI RADIO PIU&#8217; LORENZO BUSIN<\/strong><\/p>\n<audio class=\"wp-audio-shortcode\" id=\"audio-110044-14\" preload=\"none\" style=\"width: 100%;\" controls=\"controls\"><source type=\"audio\/mpeg\" src=\"https:\/\/www.radiopiu.net\/wordpress\/wp-content\/uploads\/2019\/12\/LORENZO-BUSIN-PRIME-GARE-2019.mp3?_=14\" \/><a href=\"https:\/\/www.radiopiu.net\/wordpress\/wp-content\/uploads\/2019\/12\/LORENZO-BUSIN-PRIME-GARE-2019.mp3\">https:\/\/www.radiopiu.net\/wordpress\/wp-content\/uploads\/2019\/12\/LORENZO-BUSIN-PRIME-GARE-2019.mp3<\/a><\/audio>\n<p>&nbsp;<\/p>\n<p>&nbsp;<\/p>\n<p>&nbsp;<\/p>\n<h3>DI CORSA SULLA NEVE PER LA CONCLUSIONE DEL CAMPIONATO PROVINCIALE DI CAMPESTRE<\/h3>\n<p><a class=\"dt-pswp-item\" href=\"https:\/\/www.radiopiu.net\/wordpress\/wp-content\/uploads\/2019\/12\/cesio-campestre-15.12.2019-partenza-adulti-B-e-Veterani-scaled.jpg\" data-dt-img-description=\"\" data-large_image_width=\"2560\" data-large_image_height=\"1707\"><img loading=\"lazy\" decoding=\"async\" class=\"size-medium wp-image-110045 alignleft\" src=\"https:\/\/www.radiopiu.net\/wordpress\/wp-content\/uploads\/2019\/12\/cesio-campestre-15.12.2019-partenza-adulti-B-e-Veterani-300x200.jpg\" alt=\"\" width=\"300\" height=\"200\" srcset=\"https:\/\/www.radiopiu.net\/wordpress\/wp-content\/uploads\/2019\/12\/cesio-campestre-15.12.2019-partenza-adulti-B-e-Veterani-300x200.jpg 300w, https:\/\/www.radiopiu.net\/wordpress\/wp-content\/uploads\/2019\/12\/cesio-campestre-15.12.2019-partenza-adulti-B-e-Veterani-1024x683.jpg 1024w, https:\/\/www.radiopiu.net\/wordpress\/wp-content\/uploads\/2019\/12\/cesio-campestre-15.12.2019-partenza-adulti-B-e-Veterani-768x512.jpg 768w, https:\/\/www.radiopiu.net\/wordpress\/wp-content\/uploads\/2019\/12\/cesio-campestre-15.12.2019-partenza-adulti-B-e-Veterani-1536x1024.jpg 1536w, https:\/\/www.radiopiu.net\/wordpress\/wp-content\/uploads\/2019\/12\/cesio-campestre-15.12.2019-partenza-adulti-B-e-Veterani-2048x1365.jpg 2048w\" sizes=\"auto, (max-width: 300px) 100vw, 300px\" \/><\/a><strong>BELLUNO<\/strong>\u00a0 La quarta e ultima prova \u00e8 andata in scena domenica 15 dicembre a Cesiomaggiore per l&#8217;organizzazione dell&#8217;Us Cesio, al via quattrocento concorrenti. Davanti a tutti, ancora una volta, il Gs Castionese. A livello individuale, tra le donne l&#8217;agordina Manuela Bulf ha messo gi\u00f9 gara dura fin dallo sparo per poi mantenere la leadership e imporsi con una decina di secondi su Laura Mazzoleni Ferracini e Nikol Marsura. Tra gli uomini, duello tra Mihail Sirbu e Lorenzo Cagnati, con quest&#8217;ultimo vittorioso per 11 secondi sul portacolori del Castionese. La graduatoria finale vede il Castionese primeggiare a livello complessivo, a livello giovanile mentre in ambito categorie assolute ad avere la meglio \u00e8 stata l&#8217;Atletica Lamon, proprio davanti al Castionese. <strong>Finale a squadre complessiva<\/strong>: 1. Castionese punti 3322; 2. La Piave 2000 2147; 3. Virtus Nemeggio 1756. <strong>Finale a squadre giovanile<\/strong>: 1. Castionese punti 2086; 2. La Piave 2000 1902; 3. Polisportiva Santa Giustina 1279. <strong>Finale a squadre categorie assolute<\/strong>: 1. Atletica Lamon punti 1251; 2. Castionese 1236; 3. Astra Quero 957. <strong>Per quanto riguarda le classifiche individuali, questi sono i nuovi campioni provinciali.<\/strong> Cuccioli: Nina Cima (La Piave 2000) e Michael Boschet (Us Cesio). Esordienti: Lucia Turrin (Enal sport Villaga) e Gabriel Da Canal (La Piave 2000). Ragazzi: Angelica Balest (Polisportiva Santa Giustina) e Marco Menia Cadore (Cstionese). Cadetti: Lucia Arnoldo (Atletica Zoldo) e Lorenzo De Fanti (Castionese). Allievi: Beatrice Da Rin Monego (Atletica Lamon) e Patrick Da Rold (Castionese). Juniores: Laura Mazzoleni Ferracini (Castionese) Raffaele Teza (Atletica Zoldo). Seniores: Meryl Pradel (Atletica Lamon) e Mihail Sirbu (Castionese). Amatori A: Manuela Bulf (Atletica Agordina) ed Elia Costa (Atletica Zoldo). Amatori B: Silvia Vecellio (Giocallen Atleticadore) e Livio De Paoli (Atletica Trichiana). Veterani A: Consuelo De Bortoli (Castionese) e Lucio Fregona (Astra Quero). Veterani B: Luigina Salvagno (Castionese) e Dante Passuello (As Pozzale).<\/p>\n<p>&nbsp;<\/p>\n<p>&nbsp;<\/p>\n<p>&nbsp;<\/p>\n<p>&nbsp;<\/p>\n<h3 style=\"text-align: center;\">COPPA VENETO PER BRISTOT E SARTORI<\/h3>\n<p><a class=\"dt-pswp-item\" href=\"https:\/\/www.radiopiu.net\/wordpress\/wp-content\/uploads\/2019\/12\/coppa-veneto-gs-alleghe-15.12.2019-1.-gabriele-sartori-2.-tommaso-nardi-3.-matteo-pizzato.png\" data-dt-img-description=\"\" data-large_image_width=\"1188\" data-large_image_height=\"792\"><img loading=\"lazy\" decoding=\"async\" class=\"size-medium wp-image-110049 aligncenter\" src=\"https:\/\/www.radiopiu.net\/wordpress\/wp-content\/uploads\/2019\/12\/coppa-veneto-gs-alleghe-15.12.2019-1.-gabriele-sartori-2.-tommaso-nardi-3.-matteo-pizzato-300x200.png\" alt=\"\" width=\"300\" height=\"200\" srcset=\"https:\/\/www.radiopiu.net\/wordpress\/wp-content\/uploads\/2019\/12\/coppa-veneto-gs-alleghe-15.12.2019-1.-gabriele-sartori-2.-tommaso-nardi-3.-matteo-pizzato-300x200.png 300w, https:\/\/www.radiopiu.net\/wordpress\/wp-content\/uploads\/2019\/12\/coppa-veneto-gs-alleghe-15.12.2019-1.-gabriele-sartori-2.-tommaso-nardi-3.-matteo-pizzato-1024x683.png 1024w, https:\/\/www.radiopiu.net\/wordpress\/wp-content\/uploads\/2019\/12\/coppa-veneto-gs-alleghe-15.12.2019-1.-gabriele-sartori-2.-tommaso-nardi-3.-matteo-pizzato-768x512.png 768w, https:\/\/www.radiopiu.net\/wordpress\/wp-content\/uploads\/2019\/12\/coppa-veneto-gs-alleghe-15.12.2019-1.-gabriele-sartori-2.-tommaso-nardi-3.-matteo-pizzato.png 1188w\" sizes=\"auto, (max-width: 300px) 100vw, 300px\" \/><\/a><\/p>\n<p><strong>CIVETTA<\/strong> Ieri ad Alleghe si \u00e8 disputato il secondo e conclusivo gigante della Coppa Veneto 2019-2020 (organizzazione Sci club 2000). In campo femminile successo per Rebecca Bristot (Nevegal) che si \u00e8 imposta su Michelle Valentini (Aremogna) e sull\u2019olandese Kiara Derks mentre tra i maschi la vittoria \u00e8 andata a Gabriele Sartori (Ski College) davanti a Tommaso Nardi e Matteo Pizzato, entrambi dello Sci club Drusci\u00e8.<\/p>\n<p>&nbsp;<\/p>\n<p>&nbsp;<\/p>\n<p>&nbsp;<\/p>\n<p>&nbsp;<\/p>\n<h2>I Masters Ondablu al 3\u00b0 Trofeo Master Citt\u00e0 di Belluno<\/h2>\n<p><strong><a class=\"dt-pswp-item\" href=\"https:\/\/www.radiopiu.net\/wordpress\/wp-content\/uploads\/2019\/12\/da-sx-denis-dotta-calogero-grova-mario-gallina-michele-tonin-thomas-dal-piva-e-francesco-torchiani.jpg\" data-dt-img-description=\"\" data-large_image_width=\"1024\" data-large_image_height=\"768\"><img loading=\"lazy\" decoding=\"async\" class=\"size-medium wp-image-110080 alignleft\" src=\"https:\/\/www.radiopiu.net\/wordpress\/wp-content\/uploads\/2019\/12\/da-sx-denis-dotta-calogero-grova-mario-gallina-michele-tonin-thomas-dal-piva-e-francesco-torchiani-300x225.jpg\" alt=\"\" width=\"300\" height=\"225\" srcset=\"https:\/\/www.radiopiu.net\/wordpress\/wp-content\/uploads\/2019\/12\/da-sx-denis-dotta-calogero-grova-mario-gallina-michele-tonin-thomas-dal-piva-e-francesco-torchiani-300x225.jpg 300w, https:\/\/www.radiopiu.net\/wordpress\/wp-content\/uploads\/2019\/12\/da-sx-denis-dotta-calogero-grova-mario-gallina-michele-tonin-thomas-dal-piva-e-francesco-torchiani-768x576.jpg 768w, https:\/\/www.radiopiu.net\/wordpress\/wp-content\/uploads\/2019\/12\/da-sx-denis-dotta-calogero-grova-mario-gallina-michele-tonin-thomas-dal-piva-e-francesco-torchiani.jpg 1024w\" sizes=\"auto, (max-width: 300px) 100vw, 300px\" \/><\/a>BELLUNO<\/strong> Domenica 15 dicembre nel bell&#8217;impianto natatorio di Belluno, 22 atleti masters della soc. Ondablu si dividono tra mattina e pomeriggio per affrontare le gare. Tanti gli atleti iscritti, e l&#8217;Ondablu riesce a portare a casa ben 21 medaglie tra oro argento e bronzo. La prima a presentarsi alla partenza dal blocco \u00e8 Nadia Tasin nei 100 rana nella categoria master 65 ed agguanta subito un bel terzo posto, a seguire sempre nella stessa gara, \u00e8 prima assoluta la nostra Erica Donadon, che appena rientrata dal secondo parto ci propone un bel 1&#8217;16\u201d15, nella cat. M. 25, la sua seconda gara sono i 50 stile e ci regala un bell&#8217;argento. La seconda medaglia della mattina, per\u00f2 ci arriva da Bruno Carissimi Boff, della stessa categoria, con un bel argento nei 100 dorso, e nel pomeriggio si ripropone la stessa medaglia nei 50 delfino. Seguono i 50 stile libero, si tuffa per prima Giulia Abatangelo che arriva prima nella cat. M.70, la segue Nadia Tasin che arriva 3\u00b0 nella cat. M.65 e una super Michela Bittante, sempre nei 50 stile \u00e8 prima nella cat.M.55. Ultima gara individuale della mattina, i 400 misti, \u00e8 per Emanuela Bittante che arriva prima nella cat. M.55 e Gabriele Dal Monego secondo, cat. M.40. Le gare del pomeriggio riprendono con i 50 rana, e sia Giulia Abatangelo che Emanuela Bittante agguantano l&#8217;oro. La seconda gara sono i 50 delfino e la nostra coach-atleta arriva sul primo gradino nella cat.M.40 e Michela Bittante la segue con un argento. Seguono i 50 dorso con un bell&#8217;argento per il Presidente-atleta Angelo Paganin e un bronzo per Fabio Groppo nella cat.M. 60 l&#8217;ultima gara della giornata sono i 200 stile libero, dove abbiamo un podio completo con oro a Fabio Groppo, un argento a Mara Grelloni e un super bronzo all&#8217;esordiente Calogero Grova nella cat.M.55. Le medaglie non finiscono, infatti la soc. Ondabblu alla fine della mattinata con la staff 4&#215;50 mista- mista arriva terza con Michela Bittante Emanuela Bittante Gabriele Dal Monego e Thomas Dal Piva. Mentre alla ripresa de pomeriggio nella staff. 4X50 stile arrivano sul secondo gradino con Angelo Paganin Lara D&#8217;alberto Emanuela Bittante e Francesco Torchiani. I complimenti vanno anche all&#8217;esordiente Denis Dotta che si \u00e8 presentato ai blocchi nei 50 rana e 50 stile e a tutti gli altri: Michele Tonin, Mario Gallina, Federico Longo, Roberto Pasqualotto, Federico Zampiero, Nicola Scopel e Fabio Zuglian.<\/p>\n<p>&nbsp;<\/p>\n<p>&nbsp;<\/p>\n<p>&nbsp;<\/p>\n<h3><a class=\"dt-pswp-item\" href=\"http:\/\/www.radiopiu.net\/wordpress\/wp-content\/uploads\/2018\/09\/WhatsApp-Image-2018-09-20-at-16.04.06.jpeg\" data-dt-img-description=\"\" data-large_image_width=\"800\" data-large_image_height=\"100\"><img loading=\"lazy\" decoding=\"async\" class=\"wp-image-61378 size-full aligncenter\" src=\"http:\/\/www.radiopiu.net\/wordpress\/wp-content\/uploads\/2018\/09\/WhatsApp-Image-2018-09-20-at-16.04.06.jpeg\" alt=\"\" width=\"800\" height=\"100\" srcset=\"https:\/\/www.radiopiu.net\/wordpress\/wp-content\/uploads\/2018\/09\/WhatsApp-Image-2018-09-20-at-16.04.06.jpeg 800w, https:\/\/www.radiopiu.net\/wordpress\/wp-content\/uploads\/2018\/09\/WhatsApp-Image-2018-09-20-at-16.04.06-300x38.jpeg 300w, https:\/\/www.radiopiu.net\/wordpress\/wp-content\/uploads\/2018\/09\/WhatsApp-Image-2018-09-20-at-16.04.06-768x96.jpeg 768w\" sizes=\"auto, (max-width: 800px) 100vw, 800px\" \/><\/a><\/h3>\n<p>&nbsp;<\/p>\n<p><center><b>Martedi 17<\/b><\/center><b>Tempo atteso: <\/b>Cielo molto nuvoloso, gi\u00e0 nella notte. Nel corso del mattino peggioramento del tempo con cielo coperto fino a sera, con precipitazioni in estensione da sud verso nord. Clima molto umido e piuttosto mite, con ridotta escursione termica a tutte le quote.<br \/>\n<b>Precipitazioni: <\/b>Probabilit\u00e0 medio-alta al mattino (60-80%); in ulteriore aumento dalle ore centrali (80\/90%) per precipitazioni diffuse di debole intensit\u00e0 sulle Dolomiti, localmente ed a tratti moderate sulle Prealpi, nevose oltre i 1700\/1900 m, non escluso che possa nevicare temporaneamente fino sui 1600 m nelle valli dolomitiche pi\u00f9 chiuse. Sono previsti mediamente 5\/10 mm, localmente fino a 15 mm, con altrettanti cm di neve oltre i 2200\/2300 m, apporti minori sotto tali quote per neve pesante e contributo acqua.<br \/>\n<b>Temperature: <\/b>Minime in generale lieve aumento, con valori assai elevati in alta quota; massime senza notevoli variazioni rispetto a ieri, con punte di 4\/5\u00b0C nei fondovalle prealpini e di 2\/4\u00b0C a 1000\/1200 m sulle Dolomiti e di 6\/7\u00b0C alle stesse quote sulla fascia prealpina. Su Prealpi a 1500 m min 3\u00b0C max 5\u00b0C, a 2000 m min 0\u00b0C max 3\u00b0C; su Dolomiti a 2000 m min -1 max 3\u00b0C, a 3000 m min -3\u00b0C max -1\u00b0C.<br \/>\n<b>Venti: <\/b>Nelle valli deboli di direzione variabile, in quota tesi\/forti da sud-ovest; a 15-35 km\/h a 2000 m, 50-70 km\/h a 3000 m.<\/p>\n<hr \/>\n<p><center><b>Mercoledi 18<\/b><\/center><b>Tempo atteso: <\/b>Al mattino nubi stratiformi, pi\u00f9 estese sulle Prealpi, e qualche squarcio di sereno, pi\u00f9 frequenti sulle Dolomiti. Con il passare delle ore la nuvolosit\u00e0 sar\u00e0 sempre pi\u00f9 presente e il cielo risulter\u00e0 molto nuvoloso o coperto, anche per nubi basse. Clima mite ed umido con debole escursione termica diurna a tutte le quote.<br \/>\n<b>Precipitazioni: <\/b>Generalmente assenti (0-10%), eccetto qualche piovasco serale sulle Prealpi i (10-20%), con qualche fiocco oltre i 2000 m.<br \/>\n<b>Temperature: <\/b>Temperature minime in generale lieve aumento a tutte le quote, massime pressoch\u00e9 stazionarie o il leggera ripresa. Mitezza con valori di circa 4\/6\u00b0C al di sopra delle medie del periodo. Su Prealpi a 1500 m min 3\u00b0C max 6\u00b0C, a 2000 m min 1\u00b0C max 3\u00b0C; su Dolomiti a 2000 m min 0 max 3\u00b0C, a 3000 m min -3\u00b0C max -2\u00b0C.<br \/>\n<b>Venti: <\/b>Nelle valli deboli di direzione variabile, in quota moderati\/tesi da sud sud-est; a 10-20 km\/h a 2000 m, 25-30 km\/h a 3000 m.<\/p>\n<hr \/>\n<p><center><b>Giovedi 19<\/b><\/center>Al primo mattino tempo variabile con nuvolosit\u00e0 spesso estesa, in ulteriore rapida intensificazione ed associata a primi fenomeni sparsi, in estensione dalle Prealpi alle Dolomiti entro le ore centrali. Al pomeriggio perturbato con precipitazioni deboli sulle Dolomiti, localmente moderate sulle Prealpi, nevose oltre i 1700\/1900 m. Temperature senza notevoli variazioni rispetto a mercoled\u00ec, eccetto calo delle massime. Venti moderati da sud-est in quota, deboli di direzione variabile nelle valli.<\/p>\n<hr \/>\n<p><center><b>Venerdi 20<\/b><\/center>Al mattino graduale peggioramento del tempo con cielo molto nuvoloso\/coperto e primi deboli fenomeni sparsi. Al pomeriggio tempo perturbato con precipitazioni diffuse, perlopi\u00f9 di moderata intensit\u00e0, anche forti sulle Prealpi, nevose oltre i 1700\/1900 m sulle Prealpi e 1600\/1800 m sulle Dolomiti, in abbassamento nel tardo pomeriggio\/sera, specie sulle Dolomiti. Temperature minime in rialzo e massime in calo, con minime osservate alla sera. Venti moderati\/tesi da sud-ovest in quota, deboli di direzione variabile nelle valli. Previsore: R.L.Th.<\/p>\n","protected":false},"excerpt":{"rendered":"<p>&nbsp; &nbsp; a ROCCA PIETORE nelle LOCALITA&#8217; SAVINER DI CALLONEGHE, SAVINER DI LASTE, SANTA MARIA DELLE GRAZIE , CARACOI AGOIN e SEDOLADA, l&#8217;acqua erogata dall&#8217;acquedotto non \u00e8 potabile e pu\u00f2 essere usata per scopi alimentari SOLO PREVIA bollitura. &nbsp; a LIVINALLONGO \u00a0in LOCALITA&#8217; LARZONEI l&#8217;acqua erogata dall&#8217;acquedotto non \u00e8 potabile e pu\u00f2 essere usata per&hellip;<\/p>\n","protected":false},"author":1,"featured_media":110052,"comment_status":"closed","ping_status":"closed","sticky":false,"template":"","format":"standard","meta":{"_monsterinsights_skip_tracking":false,"_monsterinsights_sitenote_active":false,"_monsterinsights_sitenote_note":"","_monsterinsights_sitenote_category":0,"footnotes":""},"categories":[1,86],"tags":[],"class_list":["post-110044","post","type-post","status-publish","format-standard","has-post-thumbnail","hentry","category-senza-categoria","category-gr","category-1","category-86","description-off"],"img_url":"https:\/\/www.radiopiu.net\/wordpress\/wp-content\/uploads\/2019\/12\/logo1-1.jpg","_links":{"self":[{"href":"https:\/\/www.radiopiu.net\/wordpress\/wp-json\/wp\/v2\/posts\/110044","targetHints":{"allow":["GET"]}}],"collection":[{"href":"https:\/\/www.radiopiu.net\/wordpress\/wp-json\/wp\/v2\/posts"}],"about":[{"href":"https:\/\/www.radiopiu.net\/wordpress\/wp-json\/wp\/v2\/types\/post"}],"author":[{"embeddable":true,"href":"https:\/\/www.radiopiu.net\/wordpress\/wp-json\/wp\/v2\/users\/1"}],"replies":[{"embeddable":true,"href":"https:\/\/www.radiopiu.net\/wordpress\/wp-json\/wp\/v2\/comments?post=110044"}],"version-history":[{"count":0,"href":"https:\/\/www.radiopiu.net\/wordpress\/wp-json\/wp\/v2\/posts\/110044\/revisions"}],"wp:featuredmedia":[{"embeddable":true,"href":"https:\/\/www.radiopiu.net\/wordpress\/wp-json\/wp\/v2\/media\/110052"}],"wp:attachment":[{"href":"https:\/\/www.radiopiu.net\/wordpress\/wp-json\/wp\/v2\/media?parent=110044"}],"wp:term":[{"taxonomy":"category","embeddable":true,"href":"https:\/\/www.radiopiu.net\/wordpress\/wp-json\/wp\/v2\/categories?post=110044"},{"taxonomy":"post_tag","embeddable":true,"href":"https:\/\/www.radiopiu.net\/wordpress\/wp-json\/wp\/v2\/tags?post=110044"}],"curies":[{"name":"wp","href":"https:\/\/api.w.org\/{rel}","templated":true}]}}