{"id":110059,"date":"2019-12-16T17:27:59","date_gmt":"2019-12-16T16:27:59","guid":{"rendered":"https:\/\/www.radiopiu.net\/wordpress\/?p=110059"},"modified":"2019-12-17T05:57:04","modified_gmt":"2019-12-17T04:57:04","slug":"manrico-dellagnola-dalle-dolomiti-allantartide","status":"publish","type":"post","link":"https:\/\/www.radiopiu.net\/wordpress\/manrico-dellagnola-dalle-dolomiti-allantartide\/","title":{"rendered":"MANRICO DELL&#8217;AGNOLA DALLE DOLOMITI ALL&#8217;ANTARTIDE\u00a0"},"content":{"rendered":"<p>&nbsp;<\/p>\n<h3><\/h3>\n<blockquote><p><em>Il noto alpinista-fotografo Manrico Dell\u2019Agnola impegnato in una spedizione esplorativo-scientifica nella Penisola Antartica.<\/em><\/p><\/blockquote>\n<p><a class=\"dt-pswp-item\" href=\"https:\/\/www.radiopiu.net\/wordpress\/wp-content\/uploads\/2019\/12\/Manrico-DellAgnola-regista-del-film-Donnafugata-ridotta-1.jpg\" data-dt-img-description=\"\" data-large_image_width=\"988\" data-large_image_height=\"626\"><img loading=\"lazy\" decoding=\"async\" class=\" wp-image-110054 alignleft\" src=\"https:\/\/www.radiopiu.net\/wordpress\/wp-content\/uploads\/2019\/12\/Manrico-DellAgnola-regista-del-film-Donnafugata-ridotta-1-300x190.jpg\" alt=\"\" width=\"268\" height=\"170\" srcset=\"https:\/\/www.radiopiu.net\/wordpress\/wp-content\/uploads\/2019\/12\/Manrico-DellAgnola-regista-del-film-Donnafugata-ridotta-1-300x190.jpg 300w, https:\/\/www.radiopiu.net\/wordpress\/wp-content\/uploads\/2019\/12\/Manrico-DellAgnola-regista-del-film-Donnafugata-ridotta-1-768x487.jpg 768w, https:\/\/www.radiopiu.net\/wordpress\/wp-content\/uploads\/2019\/12\/Manrico-DellAgnola-regista-del-film-Donnafugata-ridotta-1.jpg 988w\" sizes=\"auto, (max-width: 268px) 100vw, 268px\" \/><\/a>Chi conosce Dell\u2019Agnola sa bene che non ama i luoghi freddi; meglio le soleggiate pareti Californiane del Capitan nella Yosemite Valley o le amate Dolomiti in piena estate, ma un\u2019occasione del genere non poteva essere perduta. L&#8217;invito da parte del Cai di Biella, organizzatore della spedizione, e degli amici e compagni di altre esperienze in giro per il mondo, Marcello Sanguineti e Gian Luca Cavalli, \u00e8 arrivata a sorpresa ed ha richiesto un\u2019organizzazione febbrile alla quale hanno preso parte ditte importanti (Karpos, Dolomite, Scarpa, Cocoon, dF Sport Specialist, Vesuvio, Universat, Tintoria Fissaggio 2000\u2026), il Cai Nazionale il Cai Accademico e il CNR. Il progetto \u00e8 ambizioso: esplorare la Graham Land, la porzione di Penisola Antartica situata a nord di 66\u00b0S. In questa regione i tre scalatori hanno individuato alcuni obiettivi alpinistici interessati: pareti e addirittura montagne non ancora scalate, \u00a0i tre alpinisti, durante i loro spostamenti, svolgeranno un\u2019attivit\u00e0 di prelievo di campioni di neve superficiale a diverse quote e successivo filtraggio con l\u2019obiettivo di permettere lo studio delle sorgenti e del meccanismo di trasporto a lungo raggio di nuovi contaminanti nell\u2019ambiente antartico e l\u2019analisi delle conseguenze ambientali di tali processi in aree polari e la loro gestione in aree antropizzate. Dell\u2019Agnola non sar\u00e0 solo impegnato alpinisticamente, ma a lui \u00e8 affidata anche la realizzazione di tutta la documentazione foto e video con la quale verr\u00e0 gestita la comunicazione in tempo reale e successivamente realizzato un documentario che racconter\u00e0 gli aspetti alpinistici, esplorativi e scientifici della spedizione. La partenza dall\u2019Italia \u00e8 prevista il 28 dicembre.<\/p>\n<p>&nbsp;<\/p>\n<p>&nbsp;<\/p>\n","protected":false},"excerpt":{"rendered":"<p>&nbsp; Il noto alpinista-fotografo Manrico Dell\u2019Agnola impegnato in una spedizione esplorativo-scientifica nella Penisola Antartica. Chi conosce Dell\u2019Agnola sa bene che non ama i luoghi freddi; meglio le soleggiate pareti Californiane del Capitan nella Yosemite Valley o le amate Dolomiti in piena estate, ma un\u2019occasione del genere non poteva essere perduta. L&#8217;invito da parte del Cai&hellip;<\/p>\n","protected":false},"author":1,"featured_media":110054,"comment_status":"closed","ping_status":"closed","sticky":false,"template":"","format":"standard","meta":{"_monsterinsights_skip_tracking":false,"_monsterinsights_sitenote_active":false,"_monsterinsights_sitenote_note":"","_monsterinsights_sitenote_category":0,"footnotes":""},"categories":[49],"tags":[],"class_list":["post-110059","post","type-post","status-publish","format-standard","has-post-thumbnail","hentry","category-news-18","category-49","description-off"],"img_url":"https:\/\/www.radiopiu.net\/wordpress\/wp-content\/uploads\/2019\/12\/Manrico-DellAgnola-regista-del-film-Donnafugata-ridotta-1.jpg","_links":{"self":[{"href":"https:\/\/www.radiopiu.net\/wordpress\/wp-json\/wp\/v2\/posts\/110059","targetHints":{"allow":["GET"]}}],"collection":[{"href":"https:\/\/www.radiopiu.net\/wordpress\/wp-json\/wp\/v2\/posts"}],"about":[{"href":"https:\/\/www.radiopiu.net\/wordpress\/wp-json\/wp\/v2\/types\/post"}],"author":[{"embeddable":true,"href":"https:\/\/www.radiopiu.net\/wordpress\/wp-json\/wp\/v2\/users\/1"}],"replies":[{"embeddable":true,"href":"https:\/\/www.radiopiu.net\/wordpress\/wp-json\/wp\/v2\/comments?post=110059"}],"version-history":[{"count":0,"href":"https:\/\/www.radiopiu.net\/wordpress\/wp-json\/wp\/v2\/posts\/110059\/revisions"}],"wp:featuredmedia":[{"embeddable":true,"href":"https:\/\/www.radiopiu.net\/wordpress\/wp-json\/wp\/v2\/media\/110054"}],"wp:attachment":[{"href":"https:\/\/www.radiopiu.net\/wordpress\/wp-json\/wp\/v2\/media?parent=110059"}],"wp:term":[{"taxonomy":"category","embeddable":true,"href":"https:\/\/www.radiopiu.net\/wordpress\/wp-json\/wp\/v2\/categories?post=110059"},{"taxonomy":"post_tag","embeddable":true,"href":"https:\/\/www.radiopiu.net\/wordpress\/wp-json\/wp\/v2\/tags?post=110059"}],"curies":[{"name":"wp","href":"https:\/\/api.w.org\/{rel}","templated":true}]}}