{"id":110107,"date":"2019-12-17T05:30:23","date_gmt":"2019-12-17T04:30:23","guid":{"rendered":"https:\/\/www.radiopiu.net\/wordpress\/?p=110107"},"modified":"2019-12-17T05:31:02","modified_gmt":"2019-12-17T04:31:02","slug":"i-segreti-del-cielo-venere-una-specie-di-stella-di-natale-che-allietera-le-festivita","status":"publish","type":"post","link":"https:\/\/www.radiopiu.net\/wordpress\/i-segreti-del-cielo-venere-una-specie-di-stella-di-natale-che-allietera-le-festivita\/","title":{"rendered":"I SEGRETI DEL CIELO, VENERE una specie di stella di Natale che allieter\u00e0 le festivit\u00e0\u00a0"},"content":{"rendered":"<p>&nbsp;<\/p>\n<h2><\/h2>\n<div style=\"width: 854px;\" class=\"wp-video\"><video class=\"wp-video-shortcode\" id=\"video-110107-1\" width=\"854\" height=\"480\" preload=\"metadata\" controls=\"controls\"><source type=\"video\/mp4\" src=\"https:\/\/www.radiopiu.net\/wordpress\/wp-content\/uploads\/2019\/12\/WhatsApp-Video-2019-12-16-at-21.33.19.mp4?_=1\" \/><a href=\"https:\/\/www.radiopiu.net\/wordpress\/wp-content\/uploads\/2019\/12\/WhatsApp-Video-2019-12-16-at-21.33.19.mp4\">https:\/\/www.radiopiu.net\/wordpress\/wp-content\/uploads\/2019\/12\/WhatsApp-Video-2019-12-16-at-21.33.19.mp4<\/a><\/video><\/div>\n<p><strong>DI CLAUDIO PRA<\/strong><\/p>\n<p><a class=\"dt-pswp-item\" href=\"https:\/\/www.radiopiu.net\/wordpress\/wp-content\/uploads\/2019\/12\/VENERE.jpg\" data-dt-img-description=\"\" data-large_image_width=\"227\" data-large_image_height=\"222\"><img loading=\"lazy\" decoding=\"async\" class=\"size-full wp-image-110108 alignleft\" src=\"https:\/\/www.radiopiu.net\/wordpress\/wp-content\/uploads\/2019\/12\/VENERE.jpg\" alt=\"\" width=\"227\" height=\"222\" \/><\/a>In queste serate di dicembre, appena il cielo imbrunisce, guardando verso il punto dove il Sole \u00e8 tramontato non si potr\u00e0 non notare Venere, il pianeta pi\u00f9 luminoso del cielo e terzo oggetto celeste pi\u00f9 brillante dopo il Sole e la Luna. Venere \u00e8 davvero impressionante, apparendo gi\u00e0 in un cielo ancora molto chiaro e diventando in seguito abbagliante man mano che l\u2019oscurit\u00e0 avanza. Sar\u00e0 una specie di stella di Natale che allieter\u00e0 le festivit\u00e0 di quanti lo cercheranno. Ovviamente Venere non ha niente a che fare con le stelle, essendo un pianeta roccioso quanto la nostra Terra, appena pi\u00f9 piccolo per dimensioni. la sua brillantezza, oltre che dalla modesta distanza che ci separa (astronomicamente parlando), \u00e8 imputabile alle sue nubi che riflettono molto efficacemente la luce proveniente dal Sole. Attualmente, per la nostra prospettiva da terra, si sta allontanando dal Sole alzandosi pian piano sull\u2019orizzonte e rimanendo visibile per sempre maggior tempo con il passare dei giorni. Un bellissimo appuntamento da non perdere si avr\u00e0 a fine mese nei giorni 28 e 29 quando una sottilissima falce lunare si avviciner\u00e0 al brillante pianeta e poi lo superer\u00e0.\u00a0 Venere era considerato dagli antichi greci e romani la Dea della Bellezza ed a seconda della posizione occupata in cielo \u00e8 osservabile dopo il tramonto, come in questo caso, o prima dell\u2019alba. Sempre gli antichi, pensando a due astri diversi, chiamavano Lucifero l\u2019apparizione mattutina e vespero quella serale. Scientificamente parlando invece, \u00e8 il pianeta pi\u00f9 vicino alla Terra. Nel punto dell\u2019orbita dove i due corpi celesti si avvicinano di pi\u00f9 ci separano una quarantina di milioni di km. In quel momento, al telescopio o al binocolo, lo si pu\u00f2 osservare come una sottilissima falce in quanto pianeta pi\u00f9 interno del nostro rispetto al Sole e dunque, come la Luna, illuminato diversamente a seconda della sua posizione. Prendendo a riferimento delle stelle vicine si potr\u00e0 anche seguire nei giorni il suo movimento in cielo. I pianeti infatti, diversamente dalle stelle che rimangono fisse, si muovono tra esse lungo una rotta ben delineata che attraversa le costellazioni zodiacali. Buon Natale e buon anno con Venere dunque, che riproporr\u00e0 in un certo senso quel che successe oltre duemila anni fa alla nascita di Ges\u00f9. In quel caso fu probabilmente una congiunzione planetaria tra Giove e Saturno sull\u2019orizzonte orientale a catturare l\u2019attenzione dei Magi, non una cometa come vuole la tradizione. Nel nostro caso sar\u00e0 Venere sull\u2019orizzonte occidentale. E noi novelli magi, senza metterci in marcia come tanto tempo fa, potremo seguirlo semplicemente con lo sguardo alzando gli occhi al cielo.<\/p>\n<p>&nbsp;<\/p>\n","protected":false},"excerpt":{"rendered":"<p>&nbsp; DI CLAUDIO PRA In queste serate di dicembre, appena il cielo imbrunisce, guardando verso il punto dove il Sole \u00e8 tramontato non si potr\u00e0 non notare Venere, il pianeta pi\u00f9 luminoso del cielo e terzo oggetto celeste pi\u00f9 brillante dopo il Sole e la Luna. Venere \u00e8 davvero impressionante, apparendo gi\u00e0 in un cielo&hellip;<\/p>\n","protected":false},"author":1,"featured_media":110108,"comment_status":"closed","ping_status":"closed","sticky":false,"template":"","format":"standard","meta":{"_monsterinsights_skip_tracking":false,"_monsterinsights_sitenote_active":false,"_monsterinsights_sitenote_note":"","_monsterinsights_sitenote_category":0,"footnotes":""},"categories":[103,49],"tags":[],"class_list":["post-110107","post","type-post","status-publish","format-standard","has-post-thumbnail","hentry","category-evidenza_2","category-news-18","category-103","category-49","description-off"],"img_url":"https:\/\/www.radiopiu.net\/wordpress\/wp-content\/uploads\/2019\/12\/VENERE.jpg","_links":{"self":[{"href":"https:\/\/www.radiopiu.net\/wordpress\/wp-json\/wp\/v2\/posts\/110107","targetHints":{"allow":["GET"]}}],"collection":[{"href":"https:\/\/www.radiopiu.net\/wordpress\/wp-json\/wp\/v2\/posts"}],"about":[{"href":"https:\/\/www.radiopiu.net\/wordpress\/wp-json\/wp\/v2\/types\/post"}],"author":[{"embeddable":true,"href":"https:\/\/www.radiopiu.net\/wordpress\/wp-json\/wp\/v2\/users\/1"}],"replies":[{"embeddable":true,"href":"https:\/\/www.radiopiu.net\/wordpress\/wp-json\/wp\/v2\/comments?post=110107"}],"version-history":[{"count":0,"href":"https:\/\/www.radiopiu.net\/wordpress\/wp-json\/wp\/v2\/posts\/110107\/revisions"}],"wp:featuredmedia":[{"embeddable":true,"href":"https:\/\/www.radiopiu.net\/wordpress\/wp-json\/wp\/v2\/media\/110108"}],"wp:attachment":[{"href":"https:\/\/www.radiopiu.net\/wordpress\/wp-json\/wp\/v2\/media?parent=110107"}],"wp:term":[{"taxonomy":"category","embeddable":true,"href":"https:\/\/www.radiopiu.net\/wordpress\/wp-json\/wp\/v2\/categories?post=110107"},{"taxonomy":"post_tag","embeddable":true,"href":"https:\/\/www.radiopiu.net\/wordpress\/wp-json\/wp\/v2\/tags?post=110107"}],"curies":[{"name":"wp","href":"https:\/\/api.w.org\/{rel}","templated":true}]}}