{"id":110144,"date":"2019-12-18T05:52:03","date_gmt":"2019-12-18T04:52:03","guid":{"rendered":"https:\/\/www.radiopiu.net\/wordpress\/?p=110144"},"modified":"2019-12-18T10:46:46","modified_gmt":"2019-12-18T09:46:46","slug":"giornale-radiopiu-18-dicembre-2019-direttore-mirko-mezzacasa","status":"publish","type":"post","link":"https:\/\/www.radiopiu.net\/wordpress\/giornale-radiopiu-18-dicembre-2019-direttore-mirko-mezzacasa\/","title":{"rendered":"GIORNALE RADIOPIU 18 DICEMBRE 2019 DIRETTORE MIRKO MEZZACASA"},"content":{"rendered":"<p>&nbsp;<\/p>\n<p>&nbsp;<\/p>\n<h3>ACC GUARDA AL FUTURO CON CASTRO, AMBIENTALISTI CONTRO L&#8217;UNESCO, GSP I SINDACI DALLA PARTE DELL&#8217;UTENTE, IN TRIBUNALE SETTIMA ASSOLUZIONE PER IL &#8220;BARONE&#8221;, TERZO FURTO IN UNA SETTIMANA AL BOSCARIZ<\/h3>\n<p><strong>RADIO PIU<\/strong> Buongiorno ai lavoratori della Acc di Mel, giornata importante quella di ieri a Roma, al Ministero \u00e8 stata presa la decisione: commissariamento con il Maurizio Castro Bis uno spiraglio. Ambientalisti in prima pagina oggi sul Corriere delle Alpi, il quotidiano preannuncia un dossier che sar\u00e0 consegnato all&#8217;Unesco che mette in evidenza i troppi impianti e piste di sci e una viabilit\u00e0 trascurata, per le associazioni ambientaliste non sono state tutelate le Dolomiti. Finalmente una buona notizia da Gsp se in passato in prima pagina ci finiva Giuseppe Vignato preannunciando aumenti delle bollette per sanare i debiti pregressi di una gestione &#8220;allegra&#8221; oggi i sindaci finalmente battono i pugni sul tavolo perch\u00e9 sono loro i &#8220;datori di lavoro&#8221; del funzionario e dichiarano con decisione che per quattro anni non ci saranno aumenti e se ci saranno utili si realizzino opere abbassando al contempo i costi per l&#8217;utente. Ieri in Tribunale a Belluno settima assoluzione per Giuseppe Rudatis &#8220;il barone&#8221; (avvocato Silvia Dolif) era accusato di danneggiamenti, minacce e molestie nei confronti della cognata, Rudatis \u00e8 stato assolto o addirittura prosciolto. Un altro furto in zona Boscariz a Feltre al bar La Botte di Pedavena, rubati 150 euro dalla cassa nell&#8217;ora di chiusura.<\/p>\n<p>&nbsp;<\/p>\n<p>&nbsp;<\/p>\n<p><span style=\"color: #0000ff;\"><strong>a ROCCA PIETORE<\/strong> nelle LOCALITA&#8217; SAVINER DI CALLONEGHE, SAVINER DI LASTE, SANTA MARIA DELLE GRAZIE , CARACOI AGOIN e SEDOLADA, l&#8217;acqua erogata dall&#8217;acquedotto non \u00e8 potabile e pu\u00f2 essere usata per scopi alimentari SOLO PREVIA bollitura.<\/span><\/p>\n<p>&nbsp;<\/p>\n<p><span style=\"color: #0000ff;\"><strong>a LIVINALLONGO<\/strong> \u00a0in LOCALITA&#8217; LARZONEI l&#8217;acqua erogata dall&#8217;acquedotto non \u00e8 potabile e pu\u00f2 essere usata per scopi alimentari SOLO PREVIA bollitura.<\/span><\/p>\n<p>&nbsp;<\/p>\n<p><strong>TAIBON &#8211; CENCENIGHE <\/strong>\u00a0FINO AL 19 DICEMBRE SENSO UNICO ALTERNATO IN GALLERIA A LISTOLADE, DALLE 20 DELLA SERA ALLE 6 DEL MATTINO PER MANUTENZIONE IMPIANTI IN GALLERIA<\/p>\n<p><span style=\"color: #000000;\"><strong>REGIONALE 563 SALESEI <\/strong>LOCALITA&#8217; PIAN, FINO\u00a0 AL 20 DICEMBRE INTERDIZIONE TOTALE AL TRAFFICO DALLE 8 ALLE 17 PER TAGLIO ALBERI (esclusi giorni festivi e prefestivi)<\/span><\/p>\n<p>&nbsp;<\/p>\n<p>&nbsp;<\/p>\n<p>&nbsp;<\/p>\n<div class=\"_2cuy _3dgx\" data-block=\"true\" data-editor=\"d2evt\" data-offset-key=\"bv217-0-0\">\n<h2 class=\"_1mf _1mj\" data-offset-key=\"bv217-0-0\"><span data-offset-key=\"bv217-0-0\">RADIO PIU&#8217;, L&#8217;AGORDINO CHE PARLA <\/span><\/h2>\n<\/div>\n<div class=\"_2cuy _3dgx\" data-block=\"true\" data-editor=\"d2evt\" data-offset-key=\"bdogi-0-0\">\n<div class=\"_1mf _1mj\" data-offset-key=\"bdogi-0-0\"><span data-offset-key=\"bdogi-0-0\">di Mirko Mezzacasa\u00a0<\/span><\/div>\n<\/div>\n<div class=\"_2cuy _3dgx\" data-block=\"true\" data-editor=\"d2evt\" data-offset-key=\"cv74o-0-0\">\n<blockquote>\n<div class=\"_1mf _1mj\" data-offset-key=\"cv74o-0-0\"><span data-offset-key=\"cv74o-0-0\">buongiorno e grazie&#8230; a tutti coloro che si affidano con fiducia all&#8217;informazione di RADIOPIU&#8217;, per la r<\/span><span data-offset-key=\"cv74o-0-0\">edazione che ho l&#8217;onore di dirigere questo sar\u00e0 un anno importante, da ricordare, negli ultimi cinque mesi la media di visitatori del nostro sito oscilla tra 14 mila e 16 mila contatti al giorno, il doppio del 2019, quattro volte il 2017. 593mila ingressi a novembre, 453 mila ad ottobre, 668mila a settembre, 475mila agosto, 533mila luglio. Nel dicembre 2017 quando lavoravamo per gli &#8220;altri&#8221; anzich\u00e8 per noi registravamo 16mila ingressi mensili. Per questo diciamo con forza RADIOPIU sempre PIU&#8217; punto informativo per l&#8217;Agordino, dall&#8217;Agordino e provincia. GRAZIE, GRAZIE ai miei favolosi collaboratori, GRAZIE GRAZIE ai meravigliosi ascoltatori e lettori della radio, del sito, delle pagine facebook. In questo 2019 il gruppo <\/span><span class=\"_whq\" spellcheck=\"false\" data-offset-key=\"cv74o-1-0\"><span data-offset-key=\"cv74o-1-0\">RADIO PIU&#8217; EMITTENTE AGORDINA (Taibon_32027)<\/span><\/span><span data-offset-key=\"cv74o-2-0\"> (gruppo chiuso con iscrizione gratuita e libera a tutti) ha raggiunto i 12.367 iscritti, <\/span><span class=\"_whq\" spellcheck=\"false\" data-offset-key=\"cv74o-3-0\"><span data-offset-key=\"cv74o-3-0\">IN VIVO VERSO<\/span><\/span><span data-offset-key=\"cv74o-4-0\"> VERSO 2837, <\/span><span class=\"_whq\" spellcheck=\"false\" data-offset-key=\"cv74o-5-0\"><span data-offset-key=\"cv74o-5-0\">LA MONTAGNA NEL CUORE, 360 GRADI DI PASSIONE AD ALTA QUOTA<\/span><\/span><span data-offset-key=\"cv74o-6-0\"> 490, <\/span><span class=\"_whq\" spellcheck=\"false\" data-offset-key=\"cv74o-7-0\"><span data-offset-key=\"cv74o-7-0\">Legger mente bellunesi &#8211; Radio PI\u00f9<\/span><\/span><span data-offset-key=\"cv74o-8-0\"> 873 ROCK IN QUOTA 681&#8230; OLTRE ALLE PAGINE PERSONALI CHE HANNO SUPERATO I 9500 iscritti. Per questo le aziende, le associazioni, i privati si servono dei nostri media per farsi conoscere, grazie a chi ci sostiene. RADIO PIU&#8217;, DAL 25 GIUGNO 1983&#8230;. LA RADIO DELLE DOLOMITI UNESCO&#8230;. immagina non ci fosse.<\/span><\/div>\n<\/blockquote>\n<\/div>\n<p>&nbsp;<\/p>\n<p>&nbsp;<\/p>\n<h3>TRE CIME DI LAVAREDO, ALLARME PER UN CANE SCAPPATO<\/h3>\n<p><strong><a class=\"dt-pswp-item\" href=\"https:\/\/www.radiopiu.net\/wordpress\/wp-content\/uploads\/2019\/12\/IMG-20191217-WA0002.jpg\" data-dt-img-description=\"\" data-large_image_width=\"1508\" data-large_image_height=\"966\"><img loading=\"lazy\" decoding=\"async\" class=\"size-medium wp-image-110150 alignleft\" src=\"https:\/\/www.radiopiu.net\/wordpress\/wp-content\/uploads\/2019\/12\/IMG-20191217-WA0002-300x192.jpg\" alt=\"\" width=\"300\" height=\"192\" srcset=\"https:\/\/www.radiopiu.net\/wordpress\/wp-content\/uploads\/2019\/12\/IMG-20191217-WA0002-300x192.jpg 300w, https:\/\/www.radiopiu.net\/wordpress\/wp-content\/uploads\/2019\/12\/IMG-20191217-WA0002-1024x656.jpg 1024w, https:\/\/www.radiopiu.net\/wordpress\/wp-content\/uploads\/2019\/12\/IMG-20191217-WA0002-768x492.jpg 768w, https:\/\/www.radiopiu.net\/wordpress\/wp-content\/uploads\/2019\/12\/IMG-20191217-WA0002.jpg 1508w\" sizes=\"auto, (max-width: 300px) 100vw, 300px\" \/><\/a>AURONZO<\/strong>\u00a0 Ieri attorno alle 14.30 \u00e8 scattato l&#8217;allarme per un cane scappato seguendo dei selvatici, mentre con i proprietari, due ragazzi finlandesi, si trovava sopra Malga Rin Bianco. Il cane, un husky, si era allontanato in neve fresca sparendo alla vista della coppia, che era rimasta sulla strada battuta e aveva continuato a sentirlo guaire spaventato da un punto distante per un paio di ore. Un volontario del Soccorso alpino di Auronzo \u00e8 risalito con la motoslitta, affiancato da una squadra del Sagf sopraggiunta con un altro mezzo. Fortunatamente quando i soccorritori sono arrivati sul posto il cane \u00e8 riuscito a ritornare da solo.<\/p>\n<p>&nbsp;<\/p>\n<p>&nbsp;<\/p>\n<p>&nbsp;<\/p>\n<p>&nbsp;<\/p>\n<h3>FURTO ALLA &#8220;BOTTE&#8221;, prelevati 150 euro dalla cassa<\/h3>\n<p><strong>PEDAVENA<\/strong>\u00a0 Manca poco all&#8217;orario di chiusura, sono quei momenti dove nel mezzo delle pulizie puo&#8217; capitare di lasciare la porta aperta e la cassa incustodita. E cos\u00ec qualcuno se n&#8217;\u00e8 approfittato\u00a0 prelevando 150 euro&#8230;che non saranno restituiti. Per questo i Carabinieri di Feltre sono stati chiamati al Bar la Botte di Pedavena in via Teven, Indagini in corso<\/p>\n<p>&nbsp;<\/p>\n<p>&nbsp;<\/p>\n<p><strong>LA FOTO DEL GIORNO\u00a0 W MARCELLO!<\/strong><\/p>\n<p><strong>GOSALDO<\/strong> Ricordando il film &#8220;Cieli di Stelle&#8221; un abbraccio a Marcello De Dorigo con Davide e la regista del docu-film Lucia Zanettin<\/p>\n<p><a class=\"dt-pswp-item\" href=\"https:\/\/www.radiopiu.net\/wordpress\/wp-content\/uploads\/2019\/12\/8a756e92-9f25-4fe1-8c00-f4b9ad5d4140.jpg\" data-dt-img-description=\"\" data-large_image_width=\"1024\" data-large_image_height=\"768\"><img loading=\"lazy\" decoding=\"async\" class=\"alignnone size-medium wp-image-110156\" src=\"https:\/\/www.radiopiu.net\/wordpress\/wp-content\/uploads\/2019\/12\/8a756e92-9f25-4fe1-8c00-f4b9ad5d4140-300x225.jpg\" alt=\"\" width=\"300\" height=\"225\" srcset=\"https:\/\/www.radiopiu.net\/wordpress\/wp-content\/uploads\/2019\/12\/8a756e92-9f25-4fe1-8c00-f4b9ad5d4140-300x225.jpg 300w, https:\/\/www.radiopiu.net\/wordpress\/wp-content\/uploads\/2019\/12\/8a756e92-9f25-4fe1-8c00-f4b9ad5d4140-768x576.jpg 768w, https:\/\/www.radiopiu.net\/wordpress\/wp-content\/uploads\/2019\/12\/8a756e92-9f25-4fe1-8c00-f4b9ad5d4140.jpg 1024w\" sizes=\"auto, (max-width: 300px) 100vw, 300px\" \/><\/a><\/p>\n<p>&nbsp;<\/p>\n<p>&nbsp;<\/p>\n<p>&nbsp;<\/p>\n<h3>ACC:\u00a0 ECCO IL MAURIZIO CASTRO BIS L&#8217;UOMO CHE ALCUNI ANNI FA TRAGHETTO&#8217; LO STABILIMENTO FUORI DALLA GRANDE CRISI<\/h3>\n<blockquote><p><em><strong><a class=\"dt-pswp-item\" href=\"https:\/\/www.radiopiu.net\/wordpress\/wp-content\/uploads\/2019\/09\/Belluno-il-salvataggio-ACC-e-made-in-China-RP_medium.jpg\" data-dt-img-description=\"\" data-large_image_width=\"200\" data-large_image_height=\"161\"><img loading=\"lazy\" decoding=\"async\" class=\"size-full wp-image-99273 alignleft\" src=\"https:\/\/www.radiopiu.net\/wordpress\/wp-content\/uploads\/2019\/09\/Belluno-il-salvataggio-ACC-e-made-in-China-RP_medium.jpg\" alt=\"\" width=\"200\" height=\"161\" \/><\/a><\/strong><\/em><\/p>\n<p>&nbsp;<\/p>\n<p><em>La delegazione aziendale cinese ha confermato l\u2019intenzione di proseguire nel percorso di dismissione del sito produttivo di Mel e ha rilanciato la volont\u00e0 di individuare nuovi possibili investitori\u00a0<\/em><\/p><\/blockquote>\n<p><strong>DAMIANO TORMEN<\/strong><\/p>\n<audio class=\"wp-audio-shortcode\" id=\"audio-110144-1\" preload=\"none\" style=\"width: 100%;\" controls=\"controls\"><source type=\"audio\/mpeg\" src=\"https:\/\/www.radiopiu.net\/wordpress\/wp-content\/uploads\/2019\/12\/DAMIANO-3.mp3?_=1\" \/><a href=\"https:\/\/www.radiopiu.net\/wordpress\/wp-content\/uploads\/2019\/12\/DAMIANO-3.mp3\">https:\/\/www.radiopiu.net\/wordpress\/wp-content\/uploads\/2019\/12\/DAMIANO-3.mp3<\/a><\/audio>\n<p>&nbsp;<\/p>\n<h3>Wanbao, D\u2019Inc\u00e0: \u201cFatti passi in avanti, ora lavoriamo per l\u2019amministrazione straordinaria\u201d<\/h3>\n<p>&nbsp;<\/p>\n<p><strong><a class=\"dt-pswp-item\" href=\"https:\/\/www.radiopiu.net\/wordpress\/wp-content\/uploads\/2019\/02\/federico.jpg\" data-dt-img-description=\"\" data-large_image_width=\"458\" data-large_image_height=\"458\"><img loading=\"lazy\" decoding=\"async\" class=\" wp-image-77232 alignleft\" src=\"https:\/\/www.radiopiu.net\/wordpress\/wp-content\/uploads\/2019\/02\/federico-300x300.jpg\" alt=\"\" width=\"210\" height=\"210\" srcset=\"https:\/\/www.radiopiu.net\/wordpress\/wp-content\/uploads\/2019\/02\/federico-300x300.jpg 300w, https:\/\/www.radiopiu.net\/wordpress\/wp-content\/uploads\/2019\/02\/federico-150x150.jpg 150w, https:\/\/www.radiopiu.net\/wordpress\/wp-content\/uploads\/2019\/02\/federico.jpg 458w\" sizes=\"auto, (max-width: 210px) 100vw, 210px\" \/><\/a>ROMA<\/strong> \u201cDurante il tavolo di oggi ritengo che siano stati fatti dei passi in avanti importanti: \u00e8 emersa la volont\u00e0 di lavorare affinch\u00e9 si possano ricercare le condizioni necessarie per ottenere l\u2019amministrazione straordinaria dell\u2019azienda, che permetta cos\u00ec allo stabilimento di Mel di avere una continuit\u00e0 produttiva\u201d. \u00c8 quanto afferma Federico D\u2019Inc\u00e0, Ministro per i Rapporti con il Parlamento, al termine dell\u2019incontro odierno avvenuto al Ministero dello Sviluppo Economico alla presenza delle organizzazioni sindacali, dell\u2019azienda, della Regione e dei tecnici del Ministero. \u201cAll\u2019azienda \u00e8 stato chiesto di indicare i tempi necessari al fine di ottenere nel pi\u00f9 breve tempo possibile la nomina di un commissario straordinario, il numero degli ordini previsti e la materia prima necessaria alla produzione presente in magazzino \u2013 osserva il ministro D\u2019Inc\u00e0\u201d.<br \/>\n\u201cSe i requisiti previsti dalla legge per ottenere l\u2019amministrazione straordinaria saranno rispettati a gennaio attraverso l\u2019analisi del bilancio del 2020 \u2013 prosegue D\u2019Inc\u00e0 \u2013, arriveremo al passo successivo che \u00e8 quello del commissariamento\u201d. \u201cA nostro giudizio \u2013 prosegue il ministro D\u2019Inc\u00e0 \u2013 l\u2019unico commissario in grado di rilanciare questa azienda strategica per il territorio \u00e8 Maurizio Castro, che proprio oggi ha confermato le possibilit\u00e0 di mercato presenti in Europa, anche in funzione della chiusura dello stabilimento presente in Austria. In questo momento \u00e8 necessario un secondo e importante incontro nel mese di gennaio e che l\u2019azienda dia continuit\u00e0 alla produzione. I vertici di Wanbao, hanno espresso un\u2019apertura affinch\u00e9 si trovi una soluzione per arrivare alla verifica dei passaggi necessari per il commissariamento. Credo siano passi importanti per una risoluzione positiva di questa vicenda\u201d. Prima dell\u2019incontro, il Ministro ha incontrato i dipendenti presenti all\u2019esterno del Ministero: \u201cA loro ho portato ancora una volta la mia vicinanza e quella di tutto il Governo, con l\u2019interessamento, in primis, del presidente del Consiglio Giuseppe Conte. Al tavolo di oggi, ho ricordato che si sta lavorando per futuro di 290 famiglie che sono l\u2019espressione di un intero territorio unito e di dipendenti che gi\u00e0 in passato hanno dimostrato il proprio legame con l\u2019azienda riducendo lo stipendio del 50 per cento cos\u00ec da permettere all\u2019allora commissario di acquistare le materie prime\u201d.<\/p>\n<p>&nbsp;<\/p>\n<h2><\/h2>\n<h2>IERI SERA MAURO CORONA DALLA BERLINGUER A CARTA BIANCA<\/h2>\n<div style=\"width: 640px;\" class=\"wp-video\"><video class=\"wp-video-shortcode\" id=\"video-110144-1\" width=\"640\" height=\"304\" preload=\"metadata\" controls=\"controls\"><source type=\"video\/mp4\" src=\"https:\/\/www.radiopiu.net\/wordpress\/wp-content\/uploads\/2019\/12\/WhatsApp-Video-2019-12-18-at-07.06.55.mp4?_=1\" \/><a href=\"https:\/\/www.radiopiu.net\/wordpress\/wp-content\/uploads\/2019\/12\/WhatsApp-Video-2019-12-18-at-07.06.55.mp4\">https:\/\/www.radiopiu.net\/wordpress\/wp-content\/uploads\/2019\/12\/WhatsApp-Video-2019-12-18-at-07.06.55.mp4<\/a><\/video><\/div>\n<p>&nbsp;<\/p>\n<p>&nbsp;<\/p>\n<p>&nbsp;<\/p>\n<p>&nbsp;<\/p>\n<p>&nbsp;<\/p>\n<h3><a class=\"dt-pswp-item\" href=\"https:\/\/www.radiopiu.net\/wordpress\/wp-content\/uploads\/2019\/05\/vallada-agordina.jpg\" data-dt-img-description=\"\" data-large_image_width=\"850\" data-large_image_height=\"567\"><img loading=\"lazy\" decoding=\"async\" class=\" wp-image-85787 alignleft\" src=\"https:\/\/www.radiopiu.net\/wordpress\/wp-content\/uploads\/2019\/05\/vallada-agordina-300x200.jpg\" alt=\"\" width=\"194\" height=\"129\" srcset=\"https:\/\/www.radiopiu.net\/wordpress\/wp-content\/uploads\/2019\/05\/vallada-agordina-300x200.jpg 300w, https:\/\/www.radiopiu.net\/wordpress\/wp-content\/uploads\/2019\/05\/vallada-agordina-768x512.jpg 768w, https:\/\/www.radiopiu.net\/wordpress\/wp-content\/uploads\/2019\/05\/vallada-agordina.jpg 850w\" sizes=\"auto, (max-width: 194px) 100vw, 194px\" \/><\/a>5 G QUESTO SCONOSCIUTO, &#8220;VALLADA UNA CAVIA? PIUTTOSTO UN&#8217;OPPORTUNITA'&#8221;.<\/h3>\n<blockquote>\n<h4><strong><span style=\"color: #ff0000;\">INTERVISTA AL SINDACO DI VALLADA FABIO LUCHETTA<\/span><\/strong><\/h4>\n<\/blockquote>\n<p>&nbsp;<\/p>\n<audio class=\"wp-audio-shortcode\" id=\"audio-110144-2\" preload=\"none\" style=\"width: 100%;\" controls=\"controls\"><source type=\"audio\/mpeg\" src=\"https:\/\/www.radiopiu.net\/wordpress\/wp-content\/uploads\/2019\/12\/FABIO-LUCHETTA.mp3?_=2\" \/><a href=\"https:\/\/www.radiopiu.net\/wordpress\/wp-content\/uploads\/2019\/12\/FABIO-LUCHETTA.mp3\">https:\/\/www.radiopiu.net\/wordpress\/wp-content\/uploads\/2019\/12\/FABIO-LUCHETTA.mp3<\/a><\/audio>\n<p>&nbsp;<\/p>\n<p>&nbsp;<\/p>\n<h3>PIANO PER L&#8217;INNOVAZIONE E LA DIGITALIZZAZIONE: PA PRONTA ALLA SFIDA. PRIMA DI TUTTO INFRASTRUTTURE E FORMAZIONE, INSIEME CON I SINDACI E TUTTI GLI ENTI LOCALI.<\/h3>\n<blockquote><p><em>Uncem chiede al Ministro Pisano, con il Governo e in particolare con i Ministri Pisano e Boccia, di continuare a lavorare potenziando il piano per il 5G e per la banda ultralarga, troppo a rilento in questa fase.<\/em><\/p><\/blockquote>\n<h2><a class=\"dt-pswp-item\" href=\"https:\/\/www.radiopiu.net\/wordpress\/wp-content\/uploads\/2019\/12\/5g-antenna.jpg\" data-dt-img-description=\"\" data-large_image_width=\"1156\" data-large_image_height=\"650\"><img loading=\"lazy\" decoding=\"async\" class=\"size-medium wp-image-110176 alignleft\" src=\"https:\/\/www.radiopiu.net\/wordpress\/wp-content\/uploads\/2019\/12\/5g-antenna-300x169.jpg\" alt=\"\" width=\"300\" height=\"169\" srcset=\"https:\/\/www.radiopiu.net\/wordpress\/wp-content\/uploads\/2019\/12\/5g-antenna-300x169.jpg 300w, https:\/\/www.radiopiu.net\/wordpress\/wp-content\/uploads\/2019\/12\/5g-antenna-1024x576.jpg 1024w, https:\/\/www.radiopiu.net\/wordpress\/wp-content\/uploads\/2019\/12\/5g-antenna-768x432.jpg 768w, https:\/\/www.radiopiu.net\/wordpress\/wp-content\/uploads\/2019\/12\/5g-antenna.jpg 1156w\" sizes=\"auto, (max-width: 300px) 100vw, 300px\" \/><\/a><\/h2>\n<p><strong>ROMA\u00a0<\/strong> &#8220;Uncem condivide la Strategia per l\u2019innovazione tecnologica e la digitalizzazione del Paese, presentata\u00a0 dal Ministro Pisano. Ed \u00e8 pronta a fare la sua parte con tutta la pubblica amministrazione e il sistema di Enti locali, sui tre grandi pilastri della Strategia: la digitalizzazione della societ\u00e0, l&#8217;innovazione del Paese, lo sviluppo sostenibile ed etico. In diversi passaggi della Strategia sono protagonisti i borghi, definiti &#8216;borghi del futuro&#8217;, nel quadro degli interventi con fondi europei e nazionali, grazie anche alla Strategia degli Smart Villages che la politica di coesione 2021-2027 promuover\u00e0 maggiormente dopo le prime sperimentazioni degli ultimi anni&#8221;. <strong>Lo afferma Marco Bussone, Presidente nazionale Uncem. <\/strong><em>&#8220;Uncem con il Ministro Pisano \u00e8 convinta si debba accelerare lo switch-off al digitale e il ridisegno dei processi di gestione ed erogazione dei servizi pubblici, oltre che aumentare le competenze nella PA con un percorso forte di formazione. Riteniamo importantissimo un punto della Strategia, dove si legge che &#8216;L&#8217;Italia ha infrastrutture tecnologiche capillari, affidabili, innovative e green. La rete di comunicazione \u00e8 l\u2019infrastruttura base per lo sviluppo di innovazione e di competenze del Paese. Un&#8217;infrastruttura fisica affidabile, sicura e capillare, fatta di fibra, strumenti cloud e tecnologie innovative come il 5G, diventa impulso dello sviluppo economico e digitale del Paese. La reingegnerizzazione delle infrastrutture digitali e l&#8217;uso di data center centralizzati permette anche una riduzione drastica del consumo energetico e l&#8217;utilizzo di fonti energetiche alternative in ottica di sostenibilit\u00e0'&#8221;.\u00a0 <\/em><em>(FOTO LIVORNO PRESS, E WIRED.IT)<\/em><\/p>\n<p>&nbsp;<\/p>\n<p>&nbsp;<\/p>\n<h2>PALAGHIACCIO: FREDDE LE PRIME RISPOSTE ALLA PROPOSTA ALLEGHESE, CI SARA&#8217; DA DISCUTERE UN TEMA COMPLESSO DAGLI EFFETTI IMPREVISTI.<\/h2>\n<p><strong><a class=\"dt-pswp-item\" href=\"https:\/\/www.radiopiu.net\/wordpress\/wp-content\/uploads\/2019\/12\/download-11.jpg\" data-dt-img-description=\"\" data-large_image_width=\"259\" data-large_image_height=\"194\"><img loading=\"lazy\" decoding=\"async\" class=\"size-full wp-image-110098 alignleft\" src=\"https:\/\/www.radiopiu.net\/wordpress\/wp-content\/uploads\/2019\/12\/download-11.jpg\" alt=\"\" width=\"259\" height=\"194\" \/><\/a>ALLEGHE<\/strong> La risposta al sindaco di Alleghe dai sindaci di Agordo che pensa al campo di calcio, Taibon che invita alla prudenza, Cencenighe che in casa ha una palestra di roccia che non funziona, Selva di Cadore vede difficile il cofinanziamento e pensa alla promozione per il rilancio della struttura.<\/p>\n<p><strong>DI GIANNI SANTOMASO\u00a0<\/strong><\/p>\n<audio class=\"wp-audio-shortcode\" id=\"audio-110144-3\" preload=\"none\" style=\"width: 100%;\" controls=\"controls\"><source type=\"audio\/mpeg\" src=\"https:\/\/www.radiopiu.net\/wordpress\/wp-content\/uploads\/2019\/12\/GIANNI-PALA.mp3?_=3\" \/><a href=\"https:\/\/www.radiopiu.net\/wordpress\/wp-content\/uploads\/2019\/12\/GIANNI-PALA.mp3\">https:\/\/www.radiopiu.net\/wordpress\/wp-content\/uploads\/2019\/12\/GIANNI-PALA.mp3<\/a><\/audio>\n<p><span style=\"color: #ff0000;\">DAL NOTIZIARIO DI IERI<\/span><\/p>\n<h3>STADIO DEL GHIACCIO, 190 MILA EURO DI COSTI L&#8217;ANNO DA SPALMARE SU TUTTI I COMUNI COME PER LA PISCINA. DANILO DE TONI SINDACO DI ALLEGHE CHIEDE LA CONDIVISIONE DELLE SPESE<\/h3>\n<blockquote><p>DI GIANNI SANTOMASO<\/p><\/blockquote>\n<audio class=\"wp-audio-shortcode\" id=\"audio-110144-4\" preload=\"none\" style=\"width: 100%;\" controls=\"controls\"><source type=\"audio\/mpeg\" src=\"https:\/\/www.radiopiu.net\/wordpress\/wp-content\/uploads\/2019\/12\/GIANNI-PALAGHIACCIO.mp3?_=4\" \/><a href=\"https:\/\/www.radiopiu.net\/wordpress\/wp-content\/uploads\/2019\/12\/GIANNI-PALAGHIACCIO.mp3\">https:\/\/www.radiopiu.net\/wordpress\/wp-content\/uploads\/2019\/12\/GIANNI-PALAGHIACCIO.mp3<\/a><\/audio>\n<h3><\/h3>\n<p>&nbsp;<\/p>\n<p>&nbsp;<\/p>\n<h3>AUGURI ED INVITI CON IL CAI SEZIONE AGORDINA<\/h3>\n<p><strong>AGORDO<\/strong> Il Cai di Agordo invita al tesseramento e propone il ciondolo in legno per la campagna Puliamo i Sentieri. Regala la tessera Cai per Natale, questo l&#8217;invito del Cai presieduto da Anna Magro. In corso\u00a0 la raccolta fondi per il ripristino dei sentieri danneggiati da Vaia,\u00a0 con il contributo di 3 euro ecco il cindolo in legno<\/p>\n<p><a class=\"dt-pswp-item\" href=\"https:\/\/www.radiopiu.net\/wordpress\/wp-content\/uploads\/2019\/12\/Screenshot_20191204-141811.png\" data-dt-img-description=\"\" data-large_image_width=\"1080\" data-large_image_height=\"1920\"><img loading=\"lazy\" decoding=\"async\" class=\"size-medium wp-image-110181 aligncenter\" src=\"https:\/\/www.radiopiu.net\/wordpress\/wp-content\/uploads\/2019\/12\/Screenshot_20191204-141811-169x300.png\" alt=\"\" width=\"169\" height=\"300\" srcset=\"https:\/\/www.radiopiu.net\/wordpress\/wp-content\/uploads\/2019\/12\/Screenshot_20191204-141811-169x300.png 169w, https:\/\/www.radiopiu.net\/wordpress\/wp-content\/uploads\/2019\/12\/Screenshot_20191204-141811-576x1024.png 576w, https:\/\/www.radiopiu.net\/wordpress\/wp-content\/uploads\/2019\/12\/Screenshot_20191204-141811-768x1365.png 768w, https:\/\/www.radiopiu.net\/wordpress\/wp-content\/uploads\/2019\/12\/Screenshot_20191204-141811-864x1536.png 864w, https:\/\/www.radiopiu.net\/wordpress\/wp-content\/uploads\/2019\/12\/Screenshot_20191204-141811.png 1080w\" sizes=\"auto, (max-width: 169px) 100vw, 169px\" \/><\/a><\/p>\n<p>&nbsp;<\/p>\n<p>&nbsp;<\/p>\n<p>&nbsp;<\/p>\n<h3>ASCA \u2013 Certificazione del Sistema di Gestione Qualit\u00e0<\/h3>\n<p><strong>AGORDO<\/strong> Con la comunicazione nell&#8217;assemblea dei familiari dello\u00a0 scorso 10 dicembre e l&#8217;incontro aziendale per lo scambio di auguri di oggi, la direzione di ASCA ha informato gli stakeholders e ringraziato i collaboratori del risultato raggiunto a fine novembre che ha portato\u00a0 l&#8217;Azienda Speciale Consortile Agordina ad ottenere la certificazione del Sistema di Gestione Qualit\u00e0 ( ISO 9001:15) e del Servizio ( UNI 10881: 13) rilasciata da UNITER dopo due anni e mezzo dalla nascita del servizio. Nel corso dell&#8217;incontro con i collaboratori di ASCA si \u00e8 sottolineato come l&#8217;obiettivo, fissato nel bilancio programmatico del 2019 e condiviso con i Sindaci, \u00e8 da considerarsi un punto di partenza per fissare al meglio risultati e percorsi, raffinare l&#8217;organizzazione, valorizzare le risorse professionali e mettere in atto in modo tempestivo e\u00a0 omogeneo tutte le azioni necessarie a migliorare la vita delle persone nella residenza e quindi la qualit\u00e0 dell&#8217;assistenza.<\/p>\n<p>&nbsp;<\/p>\n<p>&nbsp;<\/p>\n<h3>ASCA SELEZIONE PERSONALE<\/h3>\n<p><strong>AGORDO<\/strong> L&#8217;Azienda Speciale Consortile Agordina\u00a0 cerca personale. Sul sito dell\u2019Azienda www.servizisocialiasca.it\u00a0gli avvisi di selezione per le seguenti figure professionali: Infermieri per la formulazione di una graduatoria di idoneit\u00e0 finalizzata all\u2019inserimento a tempo\u00a0 indeterminato e determinato ed a tempo pieno presso la RSA di Agordo. Fisioterapista per la formulazione di una graduatoria di idoneit\u00e0 finalizzata all\u2019inserimento a tempo indeterminato e determinato, a tempo pieno e part -time.\u00a0 Per entrambi gli avvisi di selezione il termine ultimo per la presentazione delle candidature \u00e8 fissato entro e non oltre le 12 di luned\u00ec 20 gennaio 2020.<\/p>\n<p>&nbsp;<\/p>\n<p>&nbsp;<\/p>\n<h3>Classifica sulla qualit\u00e0 della vita del Sole 24 Ore, Roffar\u00e8:<\/h3>\n<blockquote><p><em>\u201cServe una nuova idea di montagna\u201d<\/em><\/p><\/blockquote>\n<p>\u201cIl crollo dal quarto al 51esimo posto della classifica sulla qualit\u00e0 della vita del Sole 24 Ore certifica ci\u00f2 che tutti sapevamo da tempo, ovvero lo spopolamento dei nostri paesi, la denatalit\u00e0 e la fuga dei nostri giovani\u201d. Commenta cos\u00ec Rudy Roffar\u00e8, segretario generale aggiunto della Cisl Belluno Treviso la pessima performance della citt\u00e0 di Belluno nella classifica annuale del Sole 24 Ore.<\/p>\n<p><strong>AUDIO DAL GIORNALE RADIO PRINCIPALE<\/strong><\/p>\n<audio class=\"wp-audio-shortcode\" id=\"audio-110144-5\" preload=\"none\" style=\"width: 100%;\" controls=\"controls\"><source type=\"audio\/ogg\" src=\"https:\/\/www.radiopiu.net\/wordpress\/wp-content\/uploads\/2019\/12\/ROFFARE.ogg?_=5\" \/><a href=\"https:\/\/www.radiopiu.net\/wordpress\/wp-content\/uploads\/2019\/12\/ROFFARE.ogg\">https:\/\/www.radiopiu.net\/wordpress\/wp-content\/uploads\/2019\/12\/ROFFARE.ogg<\/a><\/audio>\n<blockquote><p><em>&#8220;Inoltre, si sono aggiunte le notizie degli esuberi di Safilo e Wanbao: stiamo parlando di un numero enorme per la provincia, perch\u00e9 se rapportiamo i 700 posti di lavoro a rischio con l\u2019occupazione del manifatturiero bellunese, innalzeremo di un solo colpo la disoccupazione provinciale di oltre 2 punti percentuale. Che \u00e8 tremendamente altissimo. Unitariamente come sindacato e come Cisl, insieme alle categorie coinvolte, stiamo cercando di trovare soluzioni concrete ed efficaci per diminuire il pi\u00f9 possibile il rischio della perdita dei posti di lavoro. Oltre al lavoro alle specifiche soluzioni aziendali, sono al lavoro il tavolo per le politiche attive e gli stati generali dell\u2019occhialeria, per agire insieme come un sistema di relazioni. La formazione e la riqualificazione, rimane per noi elemento imprescindibile per ricollocare le persone laddove ci sono aziende che hanno necessit\u00e0 impellente di assumere&#8230;&#8221;<\/em><\/p><\/blockquote>\n<p>\u201cIl crollo dal quarto al 51esimo posto della classifica sulla qualit\u00e0 della vita del Sole 24 Ore certifica ci\u00f2 che tutti sapevamo da tempo, ovvero lo spopolamento dei nostri paesi, la denatalit\u00e0 e la fuga dei nostri giovani\u201d. Commenta cos\u00ec Rudy Roffar\u00e8, segretario generale aggiunto della Cisl Belluno Treviso la pessima performance della citt\u00e0 di Belluno nella classifica annuale del Sole 24 Ore. \u201cCome sindacato, ci occupiamo del tema da tanti anni &#8211; afferma Roffar\u00e8 -. Quasi inascoltati, ancora negli anni \u201880 pensavamo al progetto montagna, poi ripreso da Sergio Reolon. In questi anni, attraverso la contrattazione con i Comuni, siamo riusciti a incidere nelle scelte sociali, sapendo tuttavia che le risorse economiche dei sindaci sono ben poca cosa rispetto al necessario. Ma da questa contrattazione \u00e8 nata una politica pi\u00f9 attenta alle famiglie con redditi bassi, attraverso la riduzione di tariffe e tasse, e al sociale, tramite assistenza e cohousing. Allo stesso tempo, abbiamo lanciato il fondo Welfare Dolomiti in cui crediamo tantissimo\u201d. \u201cLo spopolamento &#8211; prosegue Roffar\u00e8 &#8211; \u00e8 il sintomo di qualcosa di pi\u00f9 profondo. La perdita di servizi nel territorio e un\u2019inefficace programmazione territoriale si uniscono a una politica nazionale che in questi decenni non ha saputo impostare politiche industriali, investimenti in infrastrutture, scuole, sanit\u00e0, e riforme su fisco, evasione fiscale e welfare. Ecco perch\u00e9 Cgil, Cisl e Uil hanno fatto una settimana di mobilitazioni a Roma e a Belluno, in cui ad essere protagonisti erano, e sono, le nostre idee, proposte al governo, indipendentemente dai colori politici\u201d. \u201cIl rilancio del territorio bellunese e la lotta allo spopolamento &#8211; spiega il segretario generale aggiunto della Cisl territoriale &#8211; devono passare attraverso una nuova idea di montagna basata sullo sviluppo del territorio attraverso una crescita sostenibile, l\u2019uso di una economia circolare, di un turismo innovativo, dello sviluppo della manifattura ad alto valore aggiunto, con la valorizzazione delle attivit\u00e0 agro-silvo-pastorali, il recupero del patrimonio edilizio e l\u2019incremento dell\u2019imprenditoria femminile e giovanile. Per fare questo serve una strategia chiara. Il territorio si deve dotare di un piano strategico, una pianificazione collegiale delle politiche industriali, energetiche, sociali, turistiche e ambientali che coinvolga la politica, le associazioni e le istituzioni per dare vita a un vero progetto: Montagna 4.0\u201d. \u201cBelluno non \u00e8 un territorio svantaggiato &#8211; conclude Roffar\u00e8 -, siamo semplicemente un\u2019area differente e piena di risorse e possiamo avere una ricchezza straordinaria, ma soprattutto, in un\u2019epoca in cui la vita ha assunto ritmi frenetici, modelli invivibili, la montagna pu\u00f2 tornare ad essere un esempio, un piacere di vivere. Quindi, la montagna non come marginalit\u00e0, non come periferia, non come area svantaggiata, ma come modello alternativo di vita e sviluppo. A patto di costruire, insieme, un progetto condiviso\u201d.<\/p>\n<p>&nbsp;<\/p>\n<p>&nbsp;<\/p>\n<h3>DL FISCALE APPROVATO, UNCEM: POSITIVE MISURE PER GLI ENTI LOCALI.<\/h3>\n<p>&#8220;Nel Dl Fiscale approvato in via definitiva\u00a0 dal Parlamento ci sono una serie di positive misure per gli Enti locali. All&#8217;articolo 42 si sono individuate le risorse per incentivare le fusioni di Comuni che non erano sufficienti e andavano integrate. Viene anche previsto che tutte le Unioni di Comuni e non solo i Comuni singoli possano affidare i servizi di tesoreria a Poste Italiane, come Uncem aveva chiesto e come era gi\u00e0 sancito nel patto degli Enti locali con Poste, nato dalla legge 158 del 2017 e firmato in due edizioni di &#8216;Sindaci d&#8217;Italia&#8217; alla Nuvola di Roma&#8221;.<\/p>\n<blockquote><p><em><strong>Cos\u00ec Marco Bussone, Presidente nazionale Uncem.\u00a0<\/strong> Importantissimo l&#8217;articolo 57, sollecitato da Uncem nel secondo semestre del 2019, per una ripresa del percorso di perequazione delle risorse correnti destinate ai Comuni delle Regioni a statuto ordinario tramite il Fondo di solidariet\u00e0 comunale (FSC). . Avevamo chiesto a gran voce questo intervento e ringrazio in particolare il Senatore Fornaro per l&#8217;impegno. Abrogati poi i limiti di spesa per la formazione del personale, per le consulenze, gli studi, le sponsorizzazioni, la stampa di pubblicazioni&#8221;.\u00a0<\/em><\/p><\/blockquote>\n<p>&nbsp;<\/p>\n<p>&nbsp;<\/p>\n<p>&nbsp;<\/p>\n<p align=\"JUSTIFY\"><span style=\"color: #222222;\"><span style=\"font-size: medium;\"><b>CARENZA MEDICI NEL VENETO. LA GIUNTA REGIONALE AUTORIZZA A FIRMARE GLI SCHEMI DI ACCORDO RIGUARDANTI GLI SPECIALIZZANDI\u00a0<\/b><\/span><\/span><\/p>\n<p align=\"JUSTIFY\"><strong><a class=\"dt-pswp-item\" href=\"https:\/\/www.radiopiu.net\/wordpress\/wp-content\/uploads\/2019\/10\/avo-belluno_volontari-e-medici.jpg\" data-dt-img-description=\"\" data-large_image_width=\"1280\" data-large_image_height=\"960\"><img loading=\"lazy\" decoding=\"async\" class=\" wp-image-103235 alignleft\" src=\"https:\/\/www.radiopiu.net\/wordpress\/wp-content\/uploads\/2019\/10\/avo-belluno_volontari-e-medici-300x225.jpg\" alt=\"\" width=\"223\" height=\"167\" srcset=\"https:\/\/www.radiopiu.net\/wordpress\/wp-content\/uploads\/2019\/10\/avo-belluno_volontari-e-medici-300x225.jpg 300w, https:\/\/www.radiopiu.net\/wordpress\/wp-content\/uploads\/2019\/10\/avo-belluno_volontari-e-medici-768x576.jpg 768w, https:\/\/www.radiopiu.net\/wordpress\/wp-content\/uploads\/2019\/10\/avo-belluno_volontari-e-medici-1024x768.jpg 1024w, https:\/\/www.radiopiu.net\/wordpress\/wp-content\/uploads\/2019\/10\/avo-belluno_volontari-e-medici.jpg 1280w\" sizes=\"auto, (max-width: 223px) 100vw, 223px\" \/><\/a>VENEZIA\u00a0<\/strong> <span style=\"font-size: medium;\">La Giunta regionale ha autorizzato a procedere alla firma degli schemi di accordo tra la Regione del Veneto e le Universit\u00e0 di Padova e Verona per disciplinare le linee guida per la rotazione dei medici specializzandi tra le strutture delle reti formative delle scuole di specialit\u00e0 e le modalit\u00e0 di svolgimento della formazione per la loro assunzione a tempo determinato. <\/span><em><span style=\"font-size: medium;\">Gli accordi &#8211; che dovranno essere siglati dal presidente della Regione del Veneto, Luca Zaia, e dai rettori di Padova, Rosario Rizzuto, e di Verona, Pier Francesco Nocini \u2013 contengono misure per far fronte alla carenza di medici in alcuni settori, a causa del non adeguato numero di posti definito a livello nazionale per l\u2019accesso alla formazione specialistica e della considerevole uscita di professionisti dal sistema sanitario regionale per quiescenza.<\/span><\/em><\/p>\n<blockquote>\n<p align=\"JUSTIFY\">\n<\/blockquote>\n<h3>CERVELLI IN FUGA: OGGI A VENEZIA I RISULTATI DEL PROGRAMMA<\/h3>\n<p><strong>VENEZIA\u00a0<\/strong> Tre milioni di euro, 14 progetti finanziati, 3 mila destinatari coinvolti, 55 borse di rientro per favorire la mobilit\u00e0 e 30 borse territoriali pagate per sostenere la permanenza dei \u2018cervelli\u2019 di rientro: sono i numeri del programma \u201cInn-Veneto: cervelli che rientrano per il Veneto del futuro\u201d, che la Regione Veneto ha promosso lo scorso anno con l\u2019obiettivo di attirare professionalit\u00e0 ed eccellenze di \u2018ritorno\u2019 e promuovere la circolarit\u00e0 delle intelligenze e delle idee. Gli esiti del programma verranno presentati mercoled\u00ec 18 dicembre a Venezia, nella sede della Fondazione Querini-Stampalia, in campo Santa Maria Formosa, a Castello, nel corso di un confronto pubblico (ore 9.00-13.30) che vedr\u00e0 protagonisti l\u2019amministrazione pubblica, regionale e centrale, il mondo delle universit\u00e0 e della formazione, i coordinatori e gli attori dei progetti di innovazione sociale e di circolarit\u00e0 dei talenti e delle eccellenze.<\/p>\n<p>&nbsp;<\/p>\n<p>&nbsp;<\/p>\n<p>&nbsp;<\/p>\n<h3>A SINTECO IL PREMIO ITALIANO MECCATRONICA 2019<\/h3>\n<p><strong>REGGIO EMILIA<\/strong>\u00a0 Sinteco, azienda di Longarone (Belluno), entrata nel 2003 nel gruppo Bucci di Faenza, che progetta e produce impianti e linee robotizzate per l\u2019automazione, si aggiudica la tredicesima edizione del Premio Italiano Meccatronica. Il Presidente di Unindustria Reggio Emilia Fabio Storchi ha consegnato il riconoscimento in occasione dell\u2019incontro di fine anno degli imprenditori.<\/p>\n<blockquote><p>\u201c<em>Sinteco ha saputo affermarsi a livello mondiale nella progettazione e produzione di impianti di automazione industriale, medicale ed ospedaliera, con oltre 5.000 installazioni all&#8217;attivo. In particolare, il Premio intende riconoscere la leadership raggiunta nella progettazione e realizzazione di impianti per assemblaggio e collaudo di dispositivi medicali e farmaceutici e per il forte investimento in attivit\u00e0 di ricerca e sviluppo a supporto della digitalizzazione degli impianti in ottica di manutenzione predittiva\u201d.<\/em><\/p><\/blockquote>\n<p>&nbsp;<\/p>\n<p>&nbsp;<\/p>\n<h3>Calendario 2020: ultimo appuntamento con i Mercoled\u00ec della salute<\/h3>\n<p><strong>FELTRE.<\/strong> Come ormai tradizione, il ciclo di incontro con la cittadinanza \u201cMercoled\u00ec della salute\u201d si chiudono con l\u2019ultimo appuntamento dedicato alla presentazione del calendario realizzato dallo SPISAL di Dipartimento di Prevenzione dell\u2019Ulss Dolomiti. Appuntamento questa sera alle 18 nella sala convegni dell\u2019Ospedale di Feltre con Nicoletta De Marzo, medico SPISAL e dell&#8217;ingegner .Nicola Canal che ha realizzato la parte illustrativa. Quest\u2019anno il tema \u00e8 la . informa e si invita la cittadinanza che il giorno 18 dicembre 2019 presso la sicurezza nelle Aziende Metalmeccaniche. Nell\u2019occasione il calendario sar\u00e0 distribuito ai partecipanti. Il calendario sar\u00e0 distribuito nei prossimi giorni nelle aziende e nelle scuole. Ulteriori copie, fino ad esaurimento delle stesse, potranno essere richieste all\u2019Azienda ULSS 1<\/p>\n<p>&nbsp;<\/p>\n<p>&nbsp;<\/p>\n<p>&nbsp;<\/p>\n<h3>\u201cNatale a Feltre\u201d: Centro storico e frazioni cittadine protagonisti del ricco calendario<\/h3>\n<p><a class=\"dt-pswp-item\" href=\"https:\/\/www.radiopiu.net\/wordpress\/wp-content\/uploads\/2019\/12\/Manifesto-Voil\u00e0-Natale-2019.jpg\" data-dt-img-description=\"\" data-large_image_width=\"1344\" data-large_image_height=\"1890\"><img loading=\"lazy\" decoding=\"async\" class=\"size-medium wp-image-110153 alignleft\" src=\"https:\/\/www.radiopiu.net\/wordpress\/wp-content\/uploads\/2019\/12\/Manifesto-Voil\u00e0-Natale-2019-213x300.jpg\" alt=\"\" width=\"213\" height=\"300\" srcset=\"https:\/\/www.radiopiu.net\/wordpress\/wp-content\/uploads\/2019\/12\/Manifesto-Voil\u00e0-Natale-2019-213x300.jpg 213w, https:\/\/www.radiopiu.net\/wordpress\/wp-content\/uploads\/2019\/12\/Manifesto-Voil\u00e0-Natale-2019-728x1024.jpg 728w, https:\/\/www.radiopiu.net\/wordpress\/wp-content\/uploads\/2019\/12\/Manifesto-Voil\u00e0-Natale-2019-768x1080.jpg 768w, https:\/\/www.radiopiu.net\/wordpress\/wp-content\/uploads\/2019\/12\/Manifesto-Voil\u00e0-Natale-2019-1092x1536.jpg 1092w, https:\/\/www.radiopiu.net\/wordpress\/wp-content\/uploads\/2019\/12\/Manifesto-Voil\u00e0-Natale-2019.jpg 1344w\" sizes=\"auto, (max-width: 213px) 100vw, 213px\" \/><\/a><strong>FELTRE<\/strong> Spettacoli di burattini, laboratori creativi e letture animate. Non manca davvero nulla nel ricco carnet del programma natalizio messo a punto dal Comune di Feltre in vista delle prossime festivit\u00e0 per i pi\u00f9 piccoli e per le loro famiglie. Si inizia luned\u00ec 23 dicembre alle 15.30 all\u2019Officinema di Feltre con lo spettacolo di burattini \u201cLa festa di Natale della bella Fiordaliso e della strega Tirovina\u201d, alle 16 alle 18, Palazzo Borgasio, in centro storico, ospiter\u00e0 invece un laboratorio dedicato ai pi\u00f9 piccoli, dai 3 ai 6 anni. Sabato 28 dicembre burattini ancora protagonisti in uno spettacolo con laboratorio che sar\u00e0 gestito, dalle 15.30, presso l\u2019ex scuola elementare di Zermen, mentre la rassegna torner\u00e0 a Palazzo Borgasio luned\u00ec 30 dicembre per un laboratorio creativo dedicato ai bambini dai 6 ai 10 anni dalle 16 alle 18. Venerd\u00ec 3 gennaio, nel pomeriggio, i colori del Natale faranno irruzione alla Casa di Riposo \u201cBrandalise\u201d per uno spettacolo di magia, burattini, musiche e canzoni della tradizione, mentre dalle 16 una lettura animata (prenotazione obbligatoria) allieter\u00e0 le sale di Palazzo Borgasio.\u00a0 Altri tre appuntamenti con i burattini protagonisti di uno spettacolo con laboratorio completano la rassegna: sabato 4 gennaio nella sala canonica a Villabruna, domenica 5 ad Anz\u00f9, sempre presso la canonica, e luned\u00ec 6 presso la sala civica di Mugnai, tutti a partire dalle 15.30.<\/p>\n<p>&nbsp;<\/p>\n<p>&nbsp;<\/p>\n<p>&nbsp;<\/p>\n<p>&nbsp;<\/p>\n<p>&nbsp;<\/p>\n<p class=\"comunicato:-testo-western\"><span style=\"font-size: x-large;\"><b>Mercati festivi: sinergia fra Confcommercio ed i comuni<\/b><\/span><\/p>\n<p class=\"comunicato:-testo-western\"><strong>BELLUNO<\/strong> Come ogni anno il sindacato provinciale commercianti ambulanti si fa promotore presso le amministrazioni comunali di proposte riferite al calendario dei mercati in occasione delle festivit\u00e0 natalizie.<\/p>\n<blockquote>\n<p class=\"comunicato:-testo-western\"><em>\u00abAd Agordo i mercati di Natale e Capodanno si svolgeranno Domenica 22 e Domenica 29 dicembre mattina mentre a Tai di Cadore si terranno il 24 ed il 31 dicembre. Anche a Lentiai gli operatori del mercato hanno chiesto ed ottenuto di anticipare i mercati festivi che si terranno quindi nelle giornate di luned\u00ec 23 e 30 dicembre\u00bb.<\/em><\/p>\n<p>&nbsp;<\/p><\/blockquote>\n<p>&nbsp;<\/p>\n<p>&nbsp;<\/p>\n<h3>CONSIGLI COMUNALI<\/h3>\n<p><strong>ALLEGHE<\/strong> Oggi\u00a0 alle 20.30 consiglio comunale fiume in riva al lago con 13 punti all&#8217;ordine del giorno: prelievo dal fondo di riserva, programma del fondo opere di culto, valorizzazione patrimonio immobiliare, approvazione programma triennale 2020-22, approvazione documento di programmazione (DUP), adesione alla stazione appaltante dell&#8217;Unione Montana Feltrina, delega al consorzio Bim Piave per gli accordi con Enel per il pagamento dell&#8217;Imu per gli anni 2014-15, adozione variante al Prg, istituzione registro comunale elettronico dei crediti edilizi, approvazione regolamento edilizio.<\/p>\n<p><strong>SAN TOMASO<\/strong> Il sindaco di San Tomaso, Moreno De Val, ha convocato per venerd\u00ec alle 20 il consiglio comunale. All&#8217;ordine del giorno ci sono tre punti. Con il primo l&#8217;assemblea delegher\u00e0 il Consorzio Bim per la definizione di accordi con Enel per il pagamento di Imu per gli anni 2014 e 2015 e approver\u00e0 la convenzione da sottoscrivere tra Bim e Enel. Con il secondo si andr\u00e0 ad approvare lo schema di contratto per la costituzione di una servit\u00f9 di elettrodotto per cabina elettrica e linee elettriche afferenti tra il Comune ed e-distribuzione spa. Con il terzo, infine, verr\u00e0 effettuata una ricognizione delle partecipazioni dell&#8217;ente.<\/p>\n<p><strong>CENCENIGHE<\/strong> Consiglio comunale lunedi 23 dicembre alle 21. Ordine del giorno: ricognizione partecipazioni; approvazione convenzione da sottoscrivere tra consorzio Bim Piave ed Enel Promozione; adozione variante al Pat; registro comunale elettronico dei crediti edilizi; approvazione nuovo regolamento per l&#8217;applicazione dell&#8217;imposta comunale sulla pubblicit\u00e0.<\/p>\n<p>&nbsp;<\/p>\n<p>&nbsp;<\/p>\n<p><strong>Chiusura uffici comunali nel periodo delle festivit\u00e0 natalizie.<\/strong><strong>\u00a0<\/strong><\/p>\n<p><strong>FELTRE\u00a0 <\/strong>Il sindaco ha disposto\u00a0la chiusura degli uffici comunali dalle\u00a0 11 alle 13 del 19\/12\/2019; la chiusura degli uffici comunali i pomeriggi del 24 e del 31\/12\/2019.<\/p>\n<p>&nbsp;<\/p>\n<h3>Presentazione Progetto Feltre<\/h3>\n<p><strong>FELTRE<\/strong> Domani alle 14.30 presentazione dei contenuti e delle novit\u00e0 relative al nuovo bando del Progetto \u201cFeltre Rinnova\u201d; Schema di accordo e cooperazione tra amministrazioni per il ripristino arboreo a seguito della Tempesta Vaia. Sar\u00e0 presente l\u2019assessore all\u2019Ambiente Valter Bonan, la dirigente del Settore Gestione del Territorio Enrica De Paulis e Mauro Moretto, dello Sportello Energia del Comune di Feltre.<\/p>\n<p>&nbsp;<\/p>\n<p>&nbsp;<\/p>\n<p>&nbsp;<\/p>\n<h3><a class=\"dt-pswp-item\" href=\"https:\/\/www.radiopiu.net\/wordpress\/wp-content\/uploads\/2019\/12\/17-dic-2019-cosegna-ricavato-giro-del-lago-da-sx-paolo-colleselli-ennio-soccal-antonio-barattin.jpg\" data-dt-img-description=\"\" data-large_image_width=\"1900\" data-large_image_height=\"1069\"><img loading=\"lazy\" decoding=\"async\" class=\" wp-image-110167 alignleft\" src=\"https:\/\/www.radiopiu.net\/wordpress\/wp-content\/uploads\/2019\/12\/17-dic-2019-cosegna-ricavato-giro-del-lago-da-sx-paolo-colleselli-ennio-soccal-antonio-barattin-300x169.jpg\" alt=\"\" width=\"263\" height=\"148\" srcset=\"https:\/\/www.radiopiu.net\/wordpress\/wp-content\/uploads\/2019\/12\/17-dic-2019-cosegna-ricavato-giro-del-lago-da-sx-paolo-colleselli-ennio-soccal-antonio-barattin-300x169.jpg 300w, https:\/\/www.radiopiu.net\/wordpress\/wp-content\/uploads\/2019\/12\/17-dic-2019-cosegna-ricavato-giro-del-lago-da-sx-paolo-colleselli-ennio-soccal-antonio-barattin-1024x576.jpg 1024w, https:\/\/www.radiopiu.net\/wordpress\/wp-content\/uploads\/2019\/12\/17-dic-2019-cosegna-ricavato-giro-del-lago-da-sx-paolo-colleselli-ennio-soccal-antonio-barattin-768x432.jpg 768w, https:\/\/www.radiopiu.net\/wordpress\/wp-content\/uploads\/2019\/12\/17-dic-2019-cosegna-ricavato-giro-del-lago-da-sx-paolo-colleselli-ennio-soccal-antonio-barattin-1536x864.jpg 1536w, https:\/\/www.radiopiu.net\/wordpress\/wp-content\/uploads\/2019\/12\/17-dic-2019-cosegna-ricavato-giro-del-lago-da-sx-paolo-colleselli-ennio-soccal-antonio-barattin.jpg 1900w\" sizes=\"auto, (max-width: 263px) 100vw, 263px\" \/><\/a>Consegnato il ricavato della 25. edizione del Giro del Lago di Santa Croce,\u00a0 Premiati anche i vincitori del concorso fotografico \u201cSport &amp; Solidariet\u00e0\u201d<\/h3>\n<p><strong>ALPAGO<\/strong> Il 2019 del comitato Alpago 2 ruote &amp; solidariet\u00e0 si chiude con la consegna ufficiale del ricavato della 25.ma edizione del Giro del Lago di Santa Croce all&#8217;Associazione Cucchini e alla Via di Natale, le due realt\u00e0 che sono un punto di riferimento nell\u2019assistenza ai malati oncologici e ai loro familiari, con le quali da tempo il comitato collabora. Complessivamente alle due associazioni sono andati 35.343 euro, vale a dire 17.671,5 euro testa. \u00c8 questo il ricavato dell&#8217;evento andato in scena lo scorso agosto, un evento che ha fatto registrare il record di partecipazione, richiamando ben 5.049 concorrenti tra ciclisti, podisti e pattinatori. La consegna \u00e8 avvenuta marted\u00ec 17 dicembre, nella sede della Cucchini, a Belluno.\u00a0 Accanto alla consegna del ricavato, il comitato Alpago 2 ruote &amp; solidariet\u00e0 ha premiato anche i vincitori del concorso fotografico \u201cSport &amp; Solidariet\u00e0\u201d proposto in occasione della 25.ma edizione. A vincere \u00e8 stata l\u2019immagine dal titolo \u201cGoal!\u201d, scattata da Lucia Petti di Siena. Secondo posto per il bellunese Emanuel Chiesura, con la fotografia \u201cMototerapia\u201d, terzo per Mario Vazza, anch&#8217;egli bellunese, con \u201cQualcuno con cui correre\u201d.<\/p>\n<p>&nbsp;<\/p>\n<p>&nbsp;<\/p>\n<h3>IL CONCERTO DEL CORO MINIMO BELLUNESE&#8230; E OSPITI<\/h3>\n<p><strong>BELLUNO<\/strong> Domani\u00a0 nella chiesa parrocchiale di Castion, alle ore 20.30, il Coro Minimo Bellunese terr\u00e0 un concerto che ogni anno, a Natale, offre agli amici ed appassionati del canto corale. Quest&#8217;anno ospiteremo il Coro Bianche Cime di Belluno e la Corale dei Laghi di Tarzo\/Revine Lago, con un repertorio che proporr\u00e0 i tradizionali canti natalizi oltre ai canti delle tradizioni, specie locali.<\/p>\n<p>&nbsp;<\/p>\n<p>&nbsp;<\/p>\n<p>&nbsp;<\/p>\n<h2>QUESTA SERA ALLE 20.10 ALLA RADIO. L&#8217;ULTIMA DELLE SERATE CON LE BIBLIOTECHE DELLA VALLE DEL BIOIS. RACCONTI APPASSIONATI DI GIUSEPPE MENDICINO<\/h2>\n<p><strong> <a class=\"dt-pswp-item\" href=\"https:\/\/www.radiopiu.net\/wordpress\/wp-content\/uploads\/2019\/12\/WhatsApp-Image-2019-12-15-at-19.05.15.jpeg\" data-dt-img-description=\"\" data-large_image_width=\"999\" data-large_image_height=\"613\"><img loading=\"lazy\" decoding=\"async\" class=\"alignnone size-medium wp-image-109949\" src=\"https:\/\/www.radiopiu.net\/wordpress\/wp-content\/uploads\/2019\/12\/WhatsApp-Image-2019-12-15-at-19.05.15-300x184.jpeg\" alt=\"\" width=\"300\" height=\"184\" srcset=\"https:\/\/www.radiopiu.net\/wordpress\/wp-content\/uploads\/2019\/12\/WhatsApp-Image-2019-12-15-at-19.05.15-300x184.jpeg 300w, https:\/\/www.radiopiu.net\/wordpress\/wp-content\/uploads\/2019\/12\/WhatsApp-Image-2019-12-15-at-19.05.15-768x471.jpeg 768w, https:\/\/www.radiopiu.net\/wordpress\/wp-content\/uploads\/2019\/12\/WhatsApp-Image-2019-12-15-at-19.05.15.jpeg 999w\" sizes=\"auto, (max-width: 300px) 100vw, 300px\" \/><\/a><a class=\"dt-pswp-item\" href=\"https:\/\/www.radiopiu.net\/wordpress\/wp-content\/uploads\/2019\/12\/WhatsApp-Image-2019-12-15-at-19.07.30.jpeg\" data-dt-img-description=\"\" data-large_image_width=\"1600\" data-large_image_height=\"1200\"><img loading=\"lazy\" decoding=\"async\" class=\"alignnone wp-image-109950\" src=\"https:\/\/www.radiopiu.net\/wordpress\/wp-content\/uploads\/2019\/12\/WhatsApp-Image-2019-12-15-at-19.07.30-300x225.jpeg\" alt=\"\" width=\"244\" height=\"183\" srcset=\"https:\/\/www.radiopiu.net\/wordpress\/wp-content\/uploads\/2019\/12\/WhatsApp-Image-2019-12-15-at-19.07.30-300x225.jpeg 300w, https:\/\/www.radiopiu.net\/wordpress\/wp-content\/uploads\/2019\/12\/WhatsApp-Image-2019-12-15-at-19.07.30-1024x768.jpeg 1024w, https:\/\/www.radiopiu.net\/wordpress\/wp-content\/uploads\/2019\/12\/WhatsApp-Image-2019-12-15-at-19.07.30-768x576.jpeg 768w, https:\/\/www.radiopiu.net\/wordpress\/wp-content\/uploads\/2019\/12\/WhatsApp-Image-2019-12-15-at-19.07.30-1536x1152.jpeg 1536w, https:\/\/www.radiopiu.net\/wordpress\/wp-content\/uploads\/2019\/12\/WhatsApp-Image-2019-12-15-at-19.07.30.jpeg 1600w\" sizes=\"auto, (max-width: 244px) 100vw, 244px\" \/><\/a><\/strong><\/p>\n<p><strong>DI GIANNI SANTOMASO<\/strong><\/p>\n<div dir=\"auto\">\n<audio class=\"wp-audio-shortcode\" id=\"audio-110144-6\" preload=\"none\" style=\"width: 100%;\" controls=\"controls\"><source type=\"audio\/mpeg\" src=\"https:\/\/www.radiopiu.net\/wordpress\/wp-content\/uploads\/2019\/12\/BIS-PROMO-GIANNI-BIBLIO.mp3?_=6\" \/><a href=\"https:\/\/www.radiopiu.net\/wordpress\/wp-content\/uploads\/2019\/12\/BIS-PROMO-GIANNI-BIBLIO.mp3\">https:\/\/www.radiopiu.net\/wordpress\/wp-content\/uploads\/2019\/12\/BIS-PROMO-GIANNI-BIBLIO.mp3<\/a><\/audio>\n<\/div>\n<blockquote>\n<div dir=\"auto\"><\/div>\n<\/blockquote>\n<p>&nbsp;<\/p>\n<p>&nbsp;<\/p>\n<div class=\"project-header__title\">\n<h1>Il nuovo album di John Wise<\/h1>\n<\/div>\n<p class=\"project-header__excerpt\">Dopo un&#8217;anno di gestazione \u00e8 giunto il momento di registrare il nuovo album che promette novit\u00e0 sotto pi\u00f9 punti di vista.<\/p>\n<h1 class=\"single-post-title\">Un nuovo progetto musicale per il gruppo musicale agordino \u201cJohn Wise\u201d con la collaborazione dei sostenitori del gruppo.<\/h1>\n<p><iframe loading=\"lazy\" title=\"Crowd Founding di John Wise\" width=\"1200\" height=\"675\" src=\"https:\/\/www.youtube.com\/embed\/jAKQfozWdnI?feature=oembed\" frameborder=\"0\" allow=\"accelerometer; autoplay; encrypted-media; gyroscope; picture-in-picture\" allowfullscreen><\/iframe><\/p>\n<p>&nbsp;<\/p>\n<p>&nbsp;<\/p>\n<p>&nbsp;<\/p>\n<p>&nbsp;<\/p>\n<h1><span style=\"color: #ff0000;\">IERI ALLA RADIO<\/span><\/h1>\n<h3>LA VAL CHE URLA, IL FILM DI LUCIA ZANETTIN IL 27 DICEMBRE A TRICHIANA, IL 4 GENNAIO IN SALA DON TAMIS AD AGORDO<\/h3>\n<div id=\"fb-root\"><\/div>\n<p><script async=\"1\" defer=\"1\" crossorigin=\"anonymous\" src=\"https:\/\/connect.facebook.net\/it_IT\/sdk.js#xfbml=1&amp;version=v6.0\"><\/script><\/p>\n<div class=\"fb-video\" data-href=\"https:\/\/www.facebook.com\/Mirkomezziano\/videos\/2538630039753100\/\" data-width=\"1200\">\n<blockquote cite=\"https:\/\/www.facebook.com\/Mirkomezziano\/videos\/2538630039753100\/\" class=\"fb-xfbml-parse-ignore\"><p><a href=\"https:\/\/www.facebook.com\/Mirkomezziano\/videos\/2538630039753100\/\"><\/a><\/p>\n<p>diretta radioLA VAL CHE URLA  OSPITI Lucia Zanettin Fiammetta Nena Luca Zanfron<\/p>\n<p>Pubblicato da <a href=\"https:\/\/www.facebook.com\/Mirkomezziano\">Mezzacasa Mirkobis Mirko<\/a> su Marted\u00ec 17 dicembre 2019<\/p><\/blockquote>\n<\/div>\n<p>&nbsp;<\/p>\n<p>&nbsp;<\/p>\n<p>&nbsp;<\/p>\n<p>&nbsp;<\/p>\n<h2>GRUPPO VIABILITA&#8217;, PRIMO OBIETTIVO 500<\/h2>\n<p><a class=\"dt-pswp-item\" href=\"https:\/\/www.radiopiu.net\/wordpress\/wp-content\/uploads\/2019\/12\/viab.jpg\" data-dt-img-description=\"\" data-large_image_width=\"640\" data-large_image_height=\"640\"><img loading=\"lazy\" decoding=\"async\" class=\" wp-image-110076 alignleft\" src=\"https:\/\/www.radiopiu.net\/wordpress\/wp-content\/uploads\/2019\/12\/viab-300x300.jpg\" alt=\"\" width=\"193\" height=\"193\" srcset=\"https:\/\/www.radiopiu.net\/wordpress\/wp-content\/uploads\/2019\/12\/viab-300x300.jpg 300w, https:\/\/www.radiopiu.net\/wordpress\/wp-content\/uploads\/2019\/12\/viab-150x150.jpg 150w, https:\/\/www.radiopiu.net\/wordpress\/wp-content\/uploads\/2019\/12\/viab.jpg 640w\" sizes=\"auto, (max-width: 193px) 100vw, 193px\" \/><\/a>Ad un mese esatto dalla sua nascita il gruppo Telegram Viabilit\u00e0 Provincia di Belluno ha raggiunto e superato i 500 iscritti. Nel gruppo solo gli aggiornamenti della viabilit\u00e0 in provincia. La prima prova del nove nei giorni della nevicata. Gli iscritti hanno postato in tempo reale le condizioni della viabilit\u00e0 con aggiornamenti importanti e in tempo reale. Prossimo obiettivo: 1000 iscritti. Le regole sono state accolte dal gruppo per la soddisfazionie dell&#8217;ideatore Walter Giolai.<\/p>\n<p>5 semplici regole per una civile convivenza: \u25cf Limitarsi SOLO a segnalazioni sulla viabilit\u00e0 della provincia di Belluno e zone limitrofe. \u25cf NO SEGNALAZIONE DI POSTI DI BLOCCO O ALTRE ATTIVITA DELLE FORZE DELL&#8217; ORDINE. \u25cf NO risegnalazioni di post gi\u00e0 aggiunti da qualcun&#8217;altro pochissimi minuti prima o richieste ripetute di percorribilit\u00e0 delle strade. \u25cf NO istigazione all&#8217;odio o qualsiasi genere di insulto riferito a polizia\/carabinieri\/gdf\/ecc. \u25cf NO provocazioni offese e\/o istigazione al litigio tra membri del gruppo.<\/p>\n<p>&nbsp;<\/p>\n<p>&nbsp;<\/p>\n<p>&nbsp;<\/p>\n<h2>I SEGRETI DEL CIELO, VENERE una specie di stella di Natale che allieter\u00e0 le festivit\u00e0<\/h2>\n<p><strong>DI CLAUDIO PRA<\/strong><\/p>\n<div style=\"width: 854px;\" class=\"wp-video\"><video class=\"wp-video-shortcode\" id=\"video-110144-2\" width=\"854\" height=\"480\" preload=\"metadata\" controls=\"controls\"><source type=\"video\/mp4\" src=\"https:\/\/www.radiopiu.net\/wordpress\/wp-content\/uploads\/2019\/12\/WhatsApp-Video-2019-12-16-at-21.33.19.mp4?_=2\" \/><a href=\"https:\/\/www.radiopiu.net\/wordpress\/wp-content\/uploads\/2019\/12\/WhatsApp-Video-2019-12-16-at-21.33.19.mp4\">https:\/\/www.radiopiu.net\/wordpress\/wp-content\/uploads\/2019\/12\/WhatsApp-Video-2019-12-16-at-21.33.19.mp4<\/a><\/video><\/div>\n<p>&nbsp;<\/p>\n<p>&nbsp;<\/p>\n<p>&nbsp;<\/p>\n<p>&nbsp;<\/p>\n<h3>DA IERI&#8230; PAOLO SOPPELSA ALLA RADIO. IN PODCAST SUL SITO DI RADIO PIU<\/h3>\n<blockquote class=\"wp-embedded-content\" data-secret=\"DhtWpAODna\"><p><a href=\"https:\/\/www.radiopiu.net\/wordpress\/i-racconti-di-paolo-soppelsa\/\">I racconti di Paolo Soppelsa<\/a><\/p><\/blockquote>\n<p><iframe loading=\"lazy\" title=\"&#8220;I racconti di Paolo Soppelsa&#8221; &#8212; Radio Pi\u00f9\" class=\"wp-embedded-content\" sandbox=\"allow-scripts\" security=\"restricted\" style=\"position: absolute; clip: rect(1px, 1px, 1px, 1px);\" src=\"https:\/\/www.radiopiu.net\/wordpress\/i-racconti-di-paolo-soppelsa\/embed\/#?secret=DhtWpAODna\" data-secret=\"DhtWpAODna\" width=\"600\" height=\"338\" frameborder=\"0\" marginwidth=\"0\" marginheight=\"0\" scrolling=\"no\"><\/iframe><\/p>\n<div dir=\"auto\"><\/div>\n<div dir=\"auto\">\n<h3><a class=\"dt-pswp-item\" href=\"http:\/\/www.radiopiu.net\/wordpress\/wp-content\/uploads\/2018\/09\/appuntamenti.jpeg\" data-dt-img-description=\"\" data-large_image_width=\"800\" data-large_image_height=\"100\"><img loading=\"lazy\" decoding=\"async\" class=\"aligncenter wp-image-61958 size-full\" src=\"http:\/\/www.radiopiu.net\/wordpress\/wp-content\/uploads\/2018\/09\/appuntamenti.jpeg\" alt=\"\" width=\"800\" height=\"100\" srcset=\"https:\/\/www.radiopiu.net\/wordpress\/wp-content\/uploads\/2018\/09\/appuntamenti.jpeg 800w, https:\/\/www.radiopiu.net\/wordpress\/wp-content\/uploads\/2018\/09\/appuntamenti-300x38.jpeg 300w, https:\/\/www.radiopiu.net\/wordpress\/wp-content\/uploads\/2018\/09\/appuntamenti-768x96.jpeg 768w\" sizes=\"auto, (max-width: 800px) 100vw, 800px\" \/><\/a><\/h3>\n<\/div>\n<p>&nbsp;<\/p>\n<blockquote><p><strong>TAIBON e l&#8217;albero di San Cipriano. Per il secondo anno con l&#8217;accensione dell&#8217;albero la festa in una frazione del paese &#8220;viva&#8221; &#8230;il 27 dicembre la serata sotto l&#8217;albero<\/strong><\/p><\/blockquote>\n<p>IL COMITATO SAN CIPRIANO, IN COLLABORAZIONE CON LA PRO LOCO DI TAIBON VI INVITA A SERATA SOTTO L&#8217;ALBERO.\u00a0 VENERDI 27 DICEMBRE IN PIAZZA SAN CIPRIANO A TAIBON AGORDINO.\u00a0 DALLE 17.15 VISITA ALLA CHIESA DI SAN CIPRIANO A CURA DI LORIS SERAFINI DOPO LA MESSA DELLE ORE 18 GUSTOSO BUFFET CON DOLCI, BEVANDE E LA PARTECIPAZIONE DI LIVIONE.\u00a0 CI SARA&#8217; ANCHE LA MUSICA DAL VIVO DEI RED RIVER REVIVAL.\u00a0 VI ASPETTIAMO VENERDI 27 DICEMBRE A TAIBON AGODINO. AGORDINO DOVE RINASCONO LE DOLOMITI.<\/p>\n<p><a class=\"dt-pswp-item\" href=\"https:\/\/www.radiopiu.net\/wordpress\/wp-content\/uploads\/2019\/12\/WhatsApp-Image-2019-12-07-at-17.37.51.jpeg\" data-dt-img-description=\"\" data-large_image_width=\"1200\" data-large_image_height=\"1600\"><img loading=\"lazy\" decoding=\"async\" class=\"alignnone size-medium wp-image-109081\" src=\"https:\/\/www.radiopiu.net\/wordpress\/wp-content\/uploads\/2019\/12\/WhatsApp-Image-2019-12-07-at-17.37.51-225x300.jpeg\" alt=\"\" width=\"225\" height=\"300\" srcset=\"https:\/\/www.radiopiu.net\/wordpress\/wp-content\/uploads\/2019\/12\/WhatsApp-Image-2019-12-07-at-17.37.51-225x300.jpeg 225w, https:\/\/www.radiopiu.net\/wordpress\/wp-content\/uploads\/2019\/12\/WhatsApp-Image-2019-12-07-at-17.37.51-768x1024.jpeg 768w, https:\/\/www.radiopiu.net\/wordpress\/wp-content\/uploads\/2019\/12\/WhatsApp-Image-2019-12-07-at-17.37.51-1152x1536.jpeg 1152w, https:\/\/www.radiopiu.net\/wordpress\/wp-content\/uploads\/2019\/12\/WhatsApp-Image-2019-12-07-at-17.37.51.jpeg 1200w\" sizes=\"auto, (max-width: 225px) 100vw, 225px\" \/><\/a><a class=\"dt-pswp-item\" href=\"https:\/\/www.radiopiu.net\/wordpress\/wp-content\/uploads\/2019\/12\/8b8f9fae-47ee-4b5b-b1ab-352181ced682.jpg\" data-dt-img-description=\"\" data-large_image_width=\"1200\" data-large_image_height=\"1600\"><img loading=\"lazy\" decoding=\"async\" class=\"alignnone size-medium wp-image-110187\" src=\"https:\/\/www.radiopiu.net\/wordpress\/wp-content\/uploads\/2019\/12\/8b8f9fae-47ee-4b5b-b1ab-352181ced682-225x300.jpg\" alt=\"\" width=\"225\" height=\"300\" srcset=\"https:\/\/www.radiopiu.net\/wordpress\/wp-content\/uploads\/2019\/12\/8b8f9fae-47ee-4b5b-b1ab-352181ced682-225x300.jpg 225w, https:\/\/www.radiopiu.net\/wordpress\/wp-content\/uploads\/2019\/12\/8b8f9fae-47ee-4b5b-b1ab-352181ced682-768x1024.jpg 768w, https:\/\/www.radiopiu.net\/wordpress\/wp-content\/uploads\/2019\/12\/8b8f9fae-47ee-4b5b-b1ab-352181ced682-1152x1536.jpg 1152w, https:\/\/www.radiopiu.net\/wordpress\/wp-content\/uploads\/2019\/12\/8b8f9fae-47ee-4b5b-b1ab-352181ced682.jpg 1200w\" sizes=\"auto, (max-width: 225px) 100vw, 225px\" \/><\/a><\/p>\n<p>&nbsp;<\/p>\n<p>&nbsp;<\/p>\n<p>&nbsp;<\/p>\n<p>&nbsp;<\/p>\n<p><a class=\"dt-pswp-item\" href=\"https:\/\/www.radiopiu.net\/wordpress\/wp-content\/uploads\/2019\/12\/b2058e50-dac5-4cba-bb99-4b5dca063633.jpg\" data-dt-img-description=\"\" data-large_image_width=\"1200\" data-large_image_height=\"1600\"><img loading=\"lazy\" decoding=\"async\" class=\" wp-image-110157 alignleft\" src=\"https:\/\/www.radiopiu.net\/wordpress\/wp-content\/uploads\/2019\/12\/b2058e50-dac5-4cba-bb99-4b5dca063633-225x300.jpg\" alt=\"\" width=\"225\" height=\"300\" srcset=\"https:\/\/www.radiopiu.net\/wordpress\/wp-content\/uploads\/2019\/12\/b2058e50-dac5-4cba-bb99-4b5dca063633-225x300.jpg 225w, https:\/\/www.radiopiu.net\/wordpress\/wp-content\/uploads\/2019\/12\/b2058e50-dac5-4cba-bb99-4b5dca063633-768x1024.jpg 768w, https:\/\/www.radiopiu.net\/wordpress\/wp-content\/uploads\/2019\/12\/b2058e50-dac5-4cba-bb99-4b5dca063633-1152x1536.jpg 1152w, https:\/\/www.radiopiu.net\/wordpress\/wp-content\/uploads\/2019\/12\/b2058e50-dac5-4cba-bb99-4b5dca063633.jpg 1200w\" sizes=\"auto, (max-width: 225px) 100vw, 225px\" \/><\/a><\/p>\n<h3><\/h3>\n<h3>IL PRESEPE DI AGORDO<\/h3>\n<p><strong>AGORDO<\/strong> &#8220;Verso il presepe&#8221; organizzato dal comitato Vecia Popa Sabato 21 dicembre con la\u00a0 benedizione dei Bambin Ges\u00f9 dei presepi con Monsignor Cesare.<\/p>\n<p>&nbsp;<\/p>\n<h3 dir=\"auto\">SAVIO E COSTA\u00a0 ESPONGONO A CANALE D&#8217;AGORDO<\/h3>\n<div dir=\"auto\"><strong>CANALE D&#8217;AGORDO<\/strong> dal 24 dicembre 2019 al 6 gennaio presso la sala consiliare del Municipio mostra personale di pittura dell&#8217;artista Agordino Walter Savio. Al suo interno un&#8217;altra mostra, con i tipici fienili (&#8220;tabiai&#8221;) in miniatura realizzati dall&#8217;hobbista Germano Costa di San Tomaso Agordino.<\/div>\n<div dir=\"auto\"><\/div>\n<div dir=\"auto\"><\/div>\n<div dir=\"auto\"><\/div>\n<div dir=\"auto\"><\/div>\n<div dir=\"auto\"><\/div>\n<div dir=\"auto\"><strong><a class=\"dt-pswp-item\" href=\"https:\/\/www.radiopiu.net\/wordpress\/wp-content\/uploads\/2019\/12\/documentario-SENSIBILE-Belluno.jpg\" data-dt-img-description=\"\" data-large_image_width=\"720\" data-large_image_height=\"1018\"><img loading=\"lazy\" decoding=\"async\" class=\"size-medium wp-image-109929 alignleft\" src=\"https:\/\/www.radiopiu.net\/wordpress\/wp-content\/uploads\/2019\/12\/documentario-SENSIBILE-Belluno-212x300.jpg\" alt=\"\" width=\"212\" height=\"300\" srcset=\"https:\/\/www.radiopiu.net\/wordpress\/wp-content\/uploads\/2019\/12\/documentario-SENSIBILE-Belluno-212x300.jpg 212w, https:\/\/www.radiopiu.net\/wordpress\/wp-content\/uploads\/2019\/12\/documentario-SENSIBILE-Belluno.jpg 720w\" sizes=\"auto, (max-width: 212px) 100vw, 212px\" \/><\/a>BELLUNO<\/strong> Domani\u00a0 alle 20.15 presso la sala di Un Noce in Via Barozzi 18 l&#8217;Associazione Culturale CENTRO UPM DI BELLUNO proietter\u00e0 il DOCUMENTARIO &#8220;SENSIBILE&#8221;, il primo italiano su MCS e EHS: la Sensibilit\u00e0 Chimica Multipla e la Elettrosensibilit\u00e0.<\/div>\n<div dir=\"auto\"><\/div>\n<div dir=\"auto\"><\/div>\n<div dir=\"auto\"><\/div>\n<div dir=\"auto\"><\/div>\n<div dir=\"auto\"><\/div>\n<div dir=\"auto\"><\/div>\n<div dir=\"auto\"><\/div>\n<div dir=\"auto\"><\/div>\n<div dir=\"auto\"><\/div>\n<div dir=\"auto\"><\/div>\n<div dir=\"auto\"><\/div>\n<div dir=\"auto\"><\/div>\n<div dir=\"auto\"><\/div>\n<div dir=\"auto\">\n<p>.<strong>GOSALDO<\/strong> La Parrocchia B. V. Addolorata organizza il concerto di Natale con i cori Cantores Pagenses e Piccolo Coro San Martino di Paese Treviso. Sabato 21 dicembre alle 20.30 nella chiesa parrocchiale con ingresso libero. Si tratta di una sorta di scambio fra Paese (TV) e Gosaldo. L&#8217;anno scorso, il ricavato del concerto natalizio tenutosi a Paese, era stato devoluto al Comune di Gosaldo in seguito ai danni provocati da Vaia. Ora i cantori &#8220;salgono&#8221; per raggiungere i gosaldini ed esibirsi in chiesa.<\/p>\n<\/div>\n<p>&nbsp;<\/p>\n<div dir=\"auto\">\n<p><strong>LONGARONE<\/strong> Domenica 22 dicembre festa degli anziani ed emigranti del longaronese, 11 messa a Igne, 12.30 pranzo a Villanova di Longarone. Prenotazioni allo 0437 575811<\/p>\n<\/div>\n<p>&nbsp;<\/p>\n<p>&nbsp;<\/p>\n<h2><a class=\"dt-pswp-item\" href=\"http:\/\/www.radiopiu.net\/wordpress\/wp-content\/uploads\/2018\/09\/sport.jpg\" data-dt-img-description=\"\" data-large_image_width=\"800\" data-large_image_height=\"100\"><img loading=\"lazy\" decoding=\"async\" class=\"wp-image-60761 size-full aligncenter\" src=\"http:\/\/www.radiopiu.net\/wordpress\/wp-content\/uploads\/2018\/09\/sport.jpg\" alt=\"\" width=\"800\" height=\"100\" srcset=\"https:\/\/www.radiopiu.net\/wordpress\/wp-content\/uploads\/2018\/09\/sport.jpg 800w, https:\/\/www.radiopiu.net\/wordpress\/wp-content\/uploads\/2018\/09\/sport-300x38.jpg 300w, https:\/\/www.radiopiu.net\/wordpress\/wp-content\/uploads\/2018\/09\/sport-768x96.jpg 768w\" sizes=\"auto, (max-width: 800px) 100vw, 800px\" \/><\/a><\/h2>\n<p>&nbsp;<\/p>\n<h3>IL PUNTO SUL VOLLEY CLUB AGORDINO<\/h3>\n<p><a class=\"dt-pswp-item\" href=\"https:\/\/www.radiopiu.net\/wordpress\/wp-content\/uploads\/2019\/12\/VOLLEY-FESTEGGIAMENTI-1.jpeg\" data-dt-img-description=\"\" data-large_image_width=\"1600\" data-large_image_height=\"1200\"><img loading=\"lazy\" decoding=\"async\" class=\"size-medium wp-image-109243 alignright\" src=\"https:\/\/www.radiopiu.net\/wordpress\/wp-content\/uploads\/2019\/12\/VOLLEY-FESTEGGIAMENTI-1-300x225.jpeg\" alt=\"\" width=\"300\" height=\"225\" srcset=\"https:\/\/www.radiopiu.net\/wordpress\/wp-content\/uploads\/2019\/12\/VOLLEY-FESTEGGIAMENTI-1-300x225.jpeg 300w, https:\/\/www.radiopiu.net\/wordpress\/wp-content\/uploads\/2019\/12\/VOLLEY-FESTEGGIAMENTI-1-1024x768.jpeg 1024w, https:\/\/www.radiopiu.net\/wordpress\/wp-content\/uploads\/2019\/12\/VOLLEY-FESTEGGIAMENTI-1-768x576.jpeg 768w, https:\/\/www.radiopiu.net\/wordpress\/wp-content\/uploads\/2019\/12\/VOLLEY-FESTEGGIAMENTI-1-1536x1152.jpeg 1536w, https:\/\/www.radiopiu.net\/wordpress\/wp-content\/uploads\/2019\/12\/VOLLEY-FESTEGGIAMENTI-1.jpeg 1600w\" sizes=\"auto, (max-width: 300px) 100vw, 300px\" \/><\/a>Si avvicina la fine dell&#8217;anno e le 3 squadre del Volley Club Agordino hanno gi\u00e0 giocato parte della stagione. Un inizio da incorniciare per l&#8217;uner 12 e per la prima squadra che nel giro di pochi mesi hanno avuto delle soddisfazioni. Da dimenticare, invece, il campionato delle under 16.<\/p>\n<p><strong>UNDER 12<\/strong><\/p>\n<p>La squadra pi\u00f9 giovane del Volley Club Agordino ha concluso la prima parte della stagione assicurandosi la prima posizione del campionato. Su 10 partite giocate solo 2 sconfitte e proprio sabato scorso le ragazze di Agordo hanno vinto lo scontro diretto per il primo posto contro il Trichiana.<\/p>\n<p><strong>UNDER 16<\/strong><\/p>\n<p>La squadra \u201cmezzana\u201d non sta facendo un bel percorso nel campionato delle provincie di Treviso e Belluno. Penultima posizione in classifica e soli 5 punti messi a segno in 13 partite giocate. Un gruppo che ha bisogno di una scossa per fare bene nella seconda parte della stagione.<\/p>\n<p><strong>TERZA DIVISIONE<\/strong><\/p>\n<p>Un inizio da incorniciare per la squadra allenata da Livio De Nardin. La prima squadra del Volley Club Agordino ha gi\u00e0 messo in bacheca un trofeo vincendo la Coppa contro le trevigiane della Pro Olympo. Una vittoria indimenticabile per le agordine che la settimana scorsa hanno iniziato il campionato vero e proprio. Fin&#8217;ora 2 partite giocate da cui \u00e8 uscita una vittoria e una sconfitta.<\/p>\n<p><strong>ALESSIA FILAFERRO, GIOCATRICE DEL VOLLEY CLUB AGORDINO DI TERZA DIVISIONE<\/strong><\/p>\n<audio class=\"wp-audio-shortcode\" id=\"audio-110144-7\" preload=\"none\" style=\"width: 100%;\" controls=\"controls\"><source type=\"audio\/mpeg\" src=\"https:\/\/www.radiopiu.net\/wordpress\/wp-content\/uploads\/2019\/12\/ALESSIA-FILAFERRO-PRIME-2-CAMPIONATO.mp3?_=7\" \/><a href=\"https:\/\/www.radiopiu.net\/wordpress\/wp-content\/uploads\/2019\/12\/ALESSIA-FILAFERRO-PRIME-2-CAMPIONATO.mp3\">https:\/\/www.radiopiu.net\/wordpress\/wp-content\/uploads\/2019\/12\/ALESSIA-FILAFERRO-PRIME-2-CAMPIONATO.mp3<\/a><\/audio>\n<p>&nbsp;<\/p>\n<p>&nbsp;<\/p>\n<h3><a class=\"dt-pswp-item\" href=\"http:\/\/www.radiopiu.net\/wordpress\/wp-content\/uploads\/2018\/09\/WhatsApp-Image-2018-09-20-at-16.04.06.jpeg\" data-dt-img-description=\"\" data-large_image_width=\"800\" data-large_image_height=\"100\"><img loading=\"lazy\" decoding=\"async\" class=\"wp-image-61378 size-full aligncenter\" src=\"http:\/\/www.radiopiu.net\/wordpress\/wp-content\/uploads\/2018\/09\/WhatsApp-Image-2018-09-20-at-16.04.06.jpeg\" alt=\"\" width=\"800\" height=\"100\" srcset=\"https:\/\/www.radiopiu.net\/wordpress\/wp-content\/uploads\/2018\/09\/WhatsApp-Image-2018-09-20-at-16.04.06.jpeg 800w, https:\/\/www.radiopiu.net\/wordpress\/wp-content\/uploads\/2018\/09\/WhatsApp-Image-2018-09-20-at-16.04.06-300x38.jpeg 300w, https:\/\/www.radiopiu.net\/wordpress\/wp-content\/uploads\/2018\/09\/WhatsApp-Image-2018-09-20-at-16.04.06-768x96.jpeg 768w\" sizes=\"auto, (max-width: 800px) 100vw, 800px\" \/><\/a><\/h3>\n<p><center><b>Mercoledi 18<\/b><\/center><b>Tempo atteso: <\/b>Al mattino nubi stratiformi, pi\u00f9 estese sulle Prealpi, e qualche squarcio di sereno, pi\u00f9 frequente sulle Dolomiti. Con il passare delle ore la nuvolosit\u00e0 sar\u00e0 sempre pi\u00f9 presente e il cielo risulter\u00e0 molto nuvoloso\/coperto, anche per nubi basse. Relativa mitezza, specie in quota, con clima molto uggioso ovunque, debole escursione termica giornaliera.<br \/>\n<b>Precipitazioni: <\/b>Generalmente assenti (0-10%), eccetto qualche piovasco durante la prossima notte (20-40%), con qualche fiocco di neve oltre i 1900\/2000 m.<br \/>\n<b>Temperature: <\/b>Minime in generale lieve aumento a tutte le quote, massime pressoch\u00e9 stazionarie o il leggera ripresa. Anomala mitezza in quota, con valori di circa 4\/6\u00b0C al di sopra delle medie del periodo. Sono previste punte di 7\/9\u00b0C nei fondovalle e di 5\/6\u00b0C a 1000\/1200 m. Su Prealpi a 1500 m min 3\u00b0C max 5\u00b0C, a 2000 m min 1\u00b0C max 3\u00b0C; su Dolomiti a 2000 m min 1 max 2\u00b0C, a 3000 m min -4\u00b0C max -2\u00b0C.<br \/>\n<b>Venti: <\/b>Nelle valli deboli di direzione variabile, in quota moderati\/tesi da sud-ovest, in temporanea attenuazione al pomeriggio; a 10-25 km\/h a 2000 m, 25-40 km\/h a 3000 m.<\/p>\n<hr \/>\n<p><center><b>Giovedi 19<\/b><\/center><b>Tempo atteso: <\/b>Al primo mattino tempo variabile con nuvolosit\u00e0 spesso estesa, in ulteriore rapida intensificazione ed associata a primi fenomeni sparsi, in estensione dalle Prealpi alle Dolomiti entro le ore centrali. Al pomeriggio tempo in parte perturbato. Clima uggioso in un atmosfera sciroccale.<br \/>\n<b>Precipitazioni: <\/b>Al mattino sporadiche pioviggini (20\/40%). Al pomeriggio sera crescente rischio di precipitazioni fino a (80\/90%), deboli sulle Dolomiti, localmente moderate sulle Prealpi. Limite della neve oltre i 1700\/1900 m.<br \/>\n<b>Temperature: <\/b>Minime senza notevoli variazioni rispetto a mercoled\u00ec nelle valli, in leggero calo ed osservate alla sera in quota; massime stazionarie o in leggero calo. Si prevedono punte di 6\/7\u00b0C nei fondovalle prealpini e di 4\/5\u00b0C a 1000\/1200 m. Su Prealpi a 1500 m min 3\u00b0C max 4\u00b0C, a 2000 m min 1\u00b0C max 2\u00b0C; su Dolomiti a 2000 m min 0 max 2\u00b0C, a 3000 m min -5\u00b0C max -3\u00b0C.<br \/>\n<b>Venti: <\/b>Nelle valli deboli di direzione variabile, in quota moderati\/tesi sciroccali (sud-est); a 15-25 km\/h a 2000 m, 30-50 km\/h a 3000 m.<\/p>\n<hr \/>\n<p><center><b>Venerdi 20<\/b><\/center>Al mattino graduale peggioramento del tempo con cielo molto nuvoloso\/coperto e primi deboli fenomeni sparsi, in estensione da sud verso nord. Al pomeriggio tempo perturbato con precipitazioni diffuse, perlopi\u00f9 di moderata intensit\u00e0 sulle Prealpi e pi\u00f9 deboli sulle Dolomiti, nevose oltre i 1700\/1900 m sulle Prealpi e 1600\/1800 m sulle Dolomiti, limite neve in lieve abbassamento nel tardo pomeriggio\/sera. Temperature minime in rialzo e massime in calo, con minime osservate alla sera. Venti moderati\/tesi da sud-ovest in quota, deboli di direzione variabile nelle valli.<\/p>\n<hr \/>\n<p><center><b>Sabato 21<\/b><\/center>Maltempo tra la notte e parte del mattino con cielo coperto e diffuse precipitazioni perlopi\u00f9 moderate, a tratti forti sulla fascia prealpina. Il limite neve scender\u00e0 sui 1300\/1600 m, localmente a quote pi\u00f9 basse nelle valli dolomitiche pi\u00f9 chiuse (1000\/1200 m). Dalle ore centrali in poi ingresso di venti da nord e rasserenamenti, in estensione a gran parte della montagna veneta entro la sera. Temperature in calo. Venti tesi sud-occidentali nella notte, poi in attenuazione e provenienti da nord al pomeriggio\/sera. Previsore: R.L.Th<\/p>\n","protected":false},"excerpt":{"rendered":"<p>&nbsp; &nbsp; ACC GUARDA AL FUTURO CON CASTRO, AMBIENTALISTI CONTRO L&#8217;UNESCO, GSP I SINDACI DALLA PARTE DELL&#8217;UTENTE, IN TRIBUNALE SETTIMA ASSOLUZIONE PER IL &#8220;BARONE&#8221;, TERZO FURTO IN UNA SETTIMANA AL BOSCARIZ RADIO PIU Buongiorno ai lavoratori della Acc di Mel, giornata importante quella di ieri a Roma, al Ministero \u00e8 stata presa la decisione: commissariamento&hellip;<\/p>\n","protected":false},"author":1,"featured_media":110181,"comment_status":"closed","ping_status":"closed","sticky":false,"template":"","format":"standard","meta":{"_monsterinsights_skip_tracking":false,"_monsterinsights_sitenote_active":false,"_monsterinsights_sitenote_note":"","_monsterinsights_sitenote_category":0,"footnotes":""},"categories":[1,86],"tags":[],"class_list":["post-110144","post","type-post","status-publish","format-standard","has-post-thumbnail","hentry","category-senza-categoria","category-gr","category-1","category-86","description-off"],"img_url":"https:\/\/www.radiopiu.net\/wordpress\/wp-content\/uploads\/2019\/12\/Screenshot_20191204-141811.png","_links":{"self":[{"href":"https:\/\/www.radiopiu.net\/wordpress\/wp-json\/wp\/v2\/posts\/110144","targetHints":{"allow":["GET"]}}],"collection":[{"href":"https:\/\/www.radiopiu.net\/wordpress\/wp-json\/wp\/v2\/posts"}],"about":[{"href":"https:\/\/www.radiopiu.net\/wordpress\/wp-json\/wp\/v2\/types\/post"}],"author":[{"embeddable":true,"href":"https:\/\/www.radiopiu.net\/wordpress\/wp-json\/wp\/v2\/users\/1"}],"replies":[{"embeddable":true,"href":"https:\/\/www.radiopiu.net\/wordpress\/wp-json\/wp\/v2\/comments?post=110144"}],"version-history":[{"count":0,"href":"https:\/\/www.radiopiu.net\/wordpress\/wp-json\/wp\/v2\/posts\/110144\/revisions"}],"wp:featuredmedia":[{"embeddable":true,"href":"https:\/\/www.radiopiu.net\/wordpress\/wp-json\/wp\/v2\/media\/110181"}],"wp:attachment":[{"href":"https:\/\/www.radiopiu.net\/wordpress\/wp-json\/wp\/v2\/media?parent=110144"}],"wp:term":[{"taxonomy":"category","embeddable":true,"href":"https:\/\/www.radiopiu.net\/wordpress\/wp-json\/wp\/v2\/categories?post=110144"},{"taxonomy":"post_tag","embeddable":true,"href":"https:\/\/www.radiopiu.net\/wordpress\/wp-json\/wp\/v2\/tags?post=110144"}],"curies":[{"name":"wp","href":"https:\/\/api.w.org\/{rel}","templated":true}]}}