{"id":110198,"date":"2019-12-18T07:23:02","date_gmt":"2019-12-18T06:23:02","guid":{"rendered":"https:\/\/www.radiopiu.net\/wordpress\/?p=110198"},"modified":"2019-12-18T07:23:02","modified_gmt":"2019-12-18T06:23:02","slug":"il-nuovo-album-di-john-wise-e-ieri-alla-radio","status":"publish","type":"post","link":"https:\/\/www.radiopiu.net\/wordpress\/il-nuovo-album-di-john-wise-e-ieri-alla-radio\/","title":{"rendered":"Il nuovo album di John Wise e&#8230; ieri alla radio"},"content":{"rendered":"<p>&nbsp;<\/p>\n<div class=\"project-header__title\">\n<h1><\/h1>\n<\/div>\n<p class=\"project-header__excerpt\">Dopo un&#8217;anno di gestazione \u00e8 giunto il momento di registrare il nuovo album che promette novit\u00e0 sotto pi\u00f9 punti di vista.<\/p>\n<h1 class=\"single-post-title\">Un nuovo progetto musicale per il gruppo musicale agordino \u201cJohn Wise\u201d con la collaborazione dei sostenitori del gruppo.<\/h1>\n<p><iframe loading=\"lazy\" title=\"Crowd Founding di John Wise\" width=\"1200\" height=\"675\" src=\"https:\/\/www.youtube.com\/embed\/jAKQfozWdnI?feature=oembed\" frameborder=\"0\" allow=\"accelerometer; autoplay; encrypted-media; gyroscope; picture-in-picture\" allowfullscreen><\/iframe><\/p>\n<p>&nbsp;<\/p>\n<p>&nbsp;<\/p>\n<p>&nbsp;<\/p>\n<p>&nbsp;<\/p>\n<h1><span style=\"color: #ff0000;\">IERI ALLA RADIO<\/span><\/h1>\n<h3>LA VAL CHE URLA, IL FILM DI LUCIA ZANETTIN IL 27 DICEMBRE A TRICHIANA, IL 4 GENNAIO IN SALA DON TAMIS AD AGORDO<\/h3>\n<div id=\"fb-root\"><\/div>\n<p><script async=\"1\" defer=\"1\" crossorigin=\"anonymous\" src=\"https:\/\/connect.facebook.net\/it_IT\/sdk.js#xfbml=1&amp;version=v6.0\"><\/script><\/p>\n<div class=\"fb-video\" data-href=\"https:\/\/www.facebook.com\/Mirkomezziano\/videos\/2538630039753100\/\" data-width=\"1200\">\n<blockquote cite=\"https:\/\/www.facebook.com\/Mirkomezziano\/videos\/2538630039753100\/\" class=\"fb-xfbml-parse-ignore\"><p><a href=\"https:\/\/www.facebook.com\/Mirkomezziano\/videos\/2538630039753100\/\"><\/a><\/p>\n<p>diretta radioLA VAL CHE URLA  OSPITI Lucia Zanettin Fiammetta Nena Luca Zanfron<\/p>\n<p>Pubblicato da <a href=\"https:\/\/www.facebook.com\/Mirkomezziano\">Mezzacasa Mirkobis Mirko<\/a> su Marted\u00ec 17 dicembre 2019<\/p><\/blockquote>\n<\/div>\n<p>&nbsp;<\/p>\n<p>&nbsp;<\/p>\n<p>&nbsp;<\/p>\n<p>&nbsp;<\/p>\n","protected":false},"excerpt":{"rendered":"<p>&nbsp; Dopo un&#8217;anno di gestazione \u00e8 giunto il momento di registrare il nuovo album che promette novit\u00e0 sotto pi\u00f9 punti di vista. Un nuovo progetto musicale per il gruppo musicale agordino \u201cJohn Wise\u201d con la collaborazione dei sostenitori del gruppo. &nbsp; &nbsp; &nbsp; &nbsp; IERI ALLA RADIO LA VAL CHE URLA, IL FILM DI LUCIA&hellip;<\/p>\n","protected":false},"author":1,"featured_media":49951,"comment_status":"closed","ping_status":"closed","sticky":false,"template":"","format":"standard","meta":{"_monsterinsights_skip_tracking":false,"_monsterinsights_sitenote_active":false,"_monsterinsights_sitenote_note":"","_monsterinsights_sitenote_category":0,"footnotes":""},"categories":[49],"tags":[],"class_list":["post-110198","post","type-post","status-publish","format-standard","has-post-thumbnail","hentry","category-news-18","category-49","description-off"],"img_url":"https:\/\/www.radiopiu.net\/wordpress\/wp-content\/uploads\/2018\/06\/John-Wise-2.jpg","_links":{"self":[{"href":"https:\/\/www.radiopiu.net\/wordpress\/wp-json\/wp\/v2\/posts\/110198","targetHints":{"allow":["GET"]}}],"collection":[{"href":"https:\/\/www.radiopiu.net\/wordpress\/wp-json\/wp\/v2\/posts"}],"about":[{"href":"https:\/\/www.radiopiu.net\/wordpress\/wp-json\/wp\/v2\/types\/post"}],"author":[{"embeddable":true,"href":"https:\/\/www.radiopiu.net\/wordpress\/wp-json\/wp\/v2\/users\/1"}],"replies":[{"embeddable":true,"href":"https:\/\/www.radiopiu.net\/wordpress\/wp-json\/wp\/v2\/comments?post=110198"}],"version-history":[{"count":0,"href":"https:\/\/www.radiopiu.net\/wordpress\/wp-json\/wp\/v2\/posts\/110198\/revisions"}],"wp:featuredmedia":[{"embeddable":true,"href":"https:\/\/www.radiopiu.net\/wordpress\/wp-json\/wp\/v2\/media\/49951"}],"wp:attachment":[{"href":"https:\/\/www.radiopiu.net\/wordpress\/wp-json\/wp\/v2\/media?parent=110198"}],"wp:term":[{"taxonomy":"category","embeddable":true,"href":"https:\/\/www.radiopiu.net\/wordpress\/wp-json\/wp\/v2\/categories?post=110198"},{"taxonomy":"post_tag","embeddable":true,"href":"https:\/\/www.radiopiu.net\/wordpress\/wp-json\/wp\/v2\/tags?post=110198"}],"curies":[{"name":"wp","href":"https:\/\/api.w.org\/{rel}","templated":true}]}}