{"id":110249,"date":"2019-12-18T23:59:53","date_gmt":"2019-12-18T22:59:53","guid":{"rendered":"https:\/\/www.radiopiu.net\/wordpress\/?p=110249"},"modified":"2019-12-19T07:02:30","modified_gmt":"2019-12-19T06:02:30","slug":"vigili-del-fuoco-di-belluno-2019-anno-record-con-oltre-7000-interventi","status":"publish","type":"post","link":"https:\/\/www.radiopiu.net\/wordpress\/vigili-del-fuoco-di-belluno-2019-anno-record-con-oltre-7000-interventi\/","title":{"rendered":"VIGILI DEL FUOCO DI BELLUNO, 2019 ANNO RECORD CON OLTRE 7000 INTERVENTI"},"content":{"rendered":"<p><a class=\"dt-pswp-item\" href=\"https:\/\/www.radiopiu.net\/wordpress\/wp-content\/uploads\/2019\/12\/6822729f-5565-403a-bba1-62fbb2b994fd-e1576689684123.jpg\" data-dt-img-description=\"\" data-large_image_width=\"2048\" data-large_image_height=\"1024\"><img loading=\"lazy\" decoding=\"async\" class=\"alignnone wp-image-110248 size-large\" src=\"https:\/\/www.radiopiu.net\/wordpress\/wp-content\/uploads\/2019\/12\/6822729f-5565-403a-bba1-62fbb2b994fd-e1576689684123-1024x512.jpg\" alt=\"\" width=\"1024\" height=\"512\" srcset=\"https:\/\/www.radiopiu.net\/wordpress\/wp-content\/uploads\/2019\/12\/6822729f-5565-403a-bba1-62fbb2b994fd-e1576689684123-1024x512.jpg 1024w, https:\/\/www.radiopiu.net\/wordpress\/wp-content\/uploads\/2019\/12\/6822729f-5565-403a-bba1-62fbb2b994fd-e1576689684123-300x150.jpg 300w, https:\/\/www.radiopiu.net\/wordpress\/wp-content\/uploads\/2019\/12\/6822729f-5565-403a-bba1-62fbb2b994fd-e1576689684123-768x384.jpg 768w, https:\/\/www.radiopiu.net\/wordpress\/wp-content\/uploads\/2019\/12\/6822729f-5565-403a-bba1-62fbb2b994fd-e1576689684123-1536x768.jpg 1536w, https:\/\/www.radiopiu.net\/wordpress\/wp-content\/uploads\/2019\/12\/6822729f-5565-403a-bba1-62fbb2b994fd-e1576689684123.jpg 2048w\" sizes=\"auto, (max-width: 1024px) 100vw, 1024px\" \/><\/a><\/p>\n<p><strong><a class=\"dt-pswp-item\" href=\"https:\/\/www.radiopiu.net\/wordpress\/wp-content\/uploads\/2019\/12\/9b082ca9-8c13-47f8-8f32-46ae1acaecee.jpg\" data-dt-img-description=\"\" data-large_image_width=\"799\" data-large_image_height=\"1599\"><img loading=\"lazy\" decoding=\"async\" class=\"wp-image-110244 alignleft\" src=\"https:\/\/www.radiopiu.net\/wordpress\/wp-content\/uploads\/2019\/12\/9b082ca9-8c13-47f8-8f32-46ae1acaecee-150x300.jpg\" alt=\"\" width=\"73\" height=\"146\" srcset=\"https:\/\/www.radiopiu.net\/wordpress\/wp-content\/uploads\/2019\/12\/9b082ca9-8c13-47f8-8f32-46ae1acaecee-150x300.jpg 150w, https:\/\/www.radiopiu.net\/wordpress\/wp-content\/uploads\/2019\/12\/9b082ca9-8c13-47f8-8f32-46ae1acaecee-512x1024.jpg 512w, https:\/\/www.radiopiu.net\/wordpress\/wp-content\/uploads\/2019\/12\/9b082ca9-8c13-47f8-8f32-46ae1acaecee-768x1536.jpg 768w, https:\/\/www.radiopiu.net\/wordpress\/wp-content\/uploads\/2019\/12\/9b082ca9-8c13-47f8-8f32-46ae1acaecee.jpg 799w\" sizes=\"auto, (max-width: 73px) 100vw, 73px\" \/><\/a><\/strong><\/p>\n<p><strong>BELLUNO<\/strong> Tempo di bilanci anche per i Vigili del Fuoco, i dati statistici del 2019 mettono in evidenza un grande lavoro. Tra il 1 novembre 2018 e il 30 novembre scorso 6534 interventi, 487 per incendio boschivo e 418 per incidenti stradali, 962 le uscite per frane, 1621 gli interventi di ordinaria amministrazione. C&#8217;\u00e8 poi l&#8217;attivit\u00e0 giudiziaria (91) servizi di prevenzione incendi (121) e vigilanze (161).<\/p>\n<p><em><a class=\"dt-pswp-item\" href=\"https:\/\/www.radiopiu.net\/wordpress\/wp-content\/uploads\/2019\/12\/91f4365f-e601-4569-8ed3-d3d1cbcbd691-e1576689876470.jpg\" data-dt-img-description=\"\" data-large_image_width=\"2048\" data-large_image_height=\"1024\"><img loading=\"lazy\" decoding=\"async\" class=\"size-medium wp-image-110243 alignleft\" src=\"https:\/\/www.radiopiu.net\/wordpress\/wp-content\/uploads\/2019\/12\/91f4365f-e601-4569-8ed3-d3d1cbcbd691-e1576689876470-300x150.jpg\" alt=\"\" width=\"300\" height=\"150\" srcset=\"https:\/\/www.radiopiu.net\/wordpress\/wp-content\/uploads\/2019\/12\/91f4365f-e601-4569-8ed3-d3d1cbcbd691-e1576689876470-300x150.jpg 300w, https:\/\/www.radiopiu.net\/wordpress\/wp-content\/uploads\/2019\/12\/91f4365f-e601-4569-8ed3-d3d1cbcbd691-e1576689876470-1024x512.jpg 1024w, https:\/\/www.radiopiu.net\/wordpress\/wp-content\/uploads\/2019\/12\/91f4365f-e601-4569-8ed3-d3d1cbcbd691-e1576689876470-768x384.jpg 768w, https:\/\/www.radiopiu.net\/wordpress\/wp-content\/uploads\/2019\/12\/91f4365f-e601-4569-8ed3-d3d1cbcbd691-e1576689876470-1536x768.jpg 1536w, https:\/\/www.radiopiu.net\/wordpress\/wp-content\/uploads\/2019\/12\/91f4365f-e601-4569-8ed3-d3d1cbcbd691-e1576689876470.jpg 2048w\" sizes=\"auto, (max-width: 300px) 100vw, 300px\" \/><\/a>&#8220;Il Comando Provinciale dei Vigili del Fuoco &#8211; dice il comandante provinciale Girolamo Bentivoglio Fiandra &#8211; \u00e8 parte integrante di questa bellissima comunit\u00e0 e in quanto tale ha sempre sostenuto, sostiene e sempre sosterr\u00e0 ogni iniziativa volta alla condivizione, alla risoluzione delle problematiche e all&#8217;integrazione delle competenze per assicurare la sicurezza e il soccorso pubblico alla collettivit\u00e0&#8221;.<\/em><\/p>\n<p><a class=\"dt-pswp-item\" href=\"https:\/\/www.radiopiu.net\/wordpress\/wp-content\/uploads\/2019\/12\/8ed4d661-62ca-4abc-b4af-50186775bba8-e1576689767415.jpg\" data-dt-img-description=\"\" data-large_image_width=\"2048\" data-large_image_height=\"1024\"><img loading=\"lazy\" decoding=\"async\" class=\"alignnone wp-image-110247 size-large\" src=\"https:\/\/www.radiopiu.net\/wordpress\/wp-content\/uploads\/2019\/12\/8ed4d661-62ca-4abc-b4af-50186775bba8-e1576689767415-1024x512.jpg\" alt=\"\" width=\"1024\" height=\"512\" srcset=\"https:\/\/www.radiopiu.net\/wordpress\/wp-content\/uploads\/2019\/12\/8ed4d661-62ca-4abc-b4af-50186775bba8-e1576689767415-1024x512.jpg 1024w, https:\/\/www.radiopiu.net\/wordpress\/wp-content\/uploads\/2019\/12\/8ed4d661-62ca-4abc-b4af-50186775bba8-e1576689767415-300x150.jpg 300w, https:\/\/www.radiopiu.net\/wordpress\/wp-content\/uploads\/2019\/12\/8ed4d661-62ca-4abc-b4af-50186775bba8-e1576689767415-768x384.jpg 768w, https:\/\/www.radiopiu.net\/wordpress\/wp-content\/uploads\/2019\/12\/8ed4d661-62ca-4abc-b4af-50186775bba8-e1576689767415-1536x768.jpg 1536w, https:\/\/www.radiopiu.net\/wordpress\/wp-content\/uploads\/2019\/12\/8ed4d661-62ca-4abc-b4af-50186775bba8-e1576689767415.jpg 2048w\" sizes=\"auto, (max-width: 1024px) 100vw, 1024px\" \/><\/a><\/p>\n<p><em><a class=\"dt-pswp-item\" href=\"https:\/\/www.radiopiu.net\/wordpress\/wp-content\/uploads\/2019\/12\/25f702fc-51d0-4a71-a1ce-ecd2c15ddf73.jpg\" data-dt-img-description=\"\" data-large_image_width=\"1024\" data-large_image_height=\"2048\"><img loading=\"lazy\" decoding=\"async\" class=\"wp-image-110246 alignleft\" src=\"https:\/\/www.radiopiu.net\/wordpress\/wp-content\/uploads\/2019\/12\/25f702fc-51d0-4a71-a1ce-ecd2c15ddf73-150x300.jpg\" alt=\"\" width=\"151\" height=\"302\" srcset=\"https:\/\/www.radiopiu.net\/wordpress\/wp-content\/uploads\/2019\/12\/25f702fc-51d0-4a71-a1ce-ecd2c15ddf73-150x300.jpg 150w, https:\/\/www.radiopiu.net\/wordpress\/wp-content\/uploads\/2019\/12\/25f702fc-51d0-4a71-a1ce-ecd2c15ddf73-512x1024.jpg 512w, https:\/\/www.radiopiu.net\/wordpress\/wp-content\/uploads\/2019\/12\/25f702fc-51d0-4a71-a1ce-ecd2c15ddf73-768x1536.jpg 768w, https:\/\/www.radiopiu.net\/wordpress\/wp-content\/uploads\/2019\/12\/25f702fc-51d0-4a71-a1ce-ecd2c15ddf73.jpg 1024w\" sizes=\"auto, (max-width: 151px) 100vw, 151px\" \/><\/a><a class=\"dt-pswp-item\" href=\"https:\/\/www.radiopiu.net\/wordpress\/wp-content\/uploads\/2019\/12\/772162aa-4015-40b5-87e7-c315f8a56f19.jpg\" data-dt-img-description=\"\" data-large_image_width=\"1024\" data-large_image_height=\"2048\"><img loading=\"lazy\" decoding=\"async\" class=\"size-medium wp-image-110245 alignleft\" src=\"https:\/\/www.radiopiu.net\/wordpress\/wp-content\/uploads\/2019\/12\/772162aa-4015-40b5-87e7-c315f8a56f19-150x300.jpg\" alt=\"\" width=\"150\" height=\"300\" data-wp-editing=\"1\" srcset=\"https:\/\/www.radiopiu.net\/wordpress\/wp-content\/uploads\/2019\/12\/772162aa-4015-40b5-87e7-c315f8a56f19-150x300.jpg 150w, https:\/\/www.radiopiu.net\/wordpress\/wp-content\/uploads\/2019\/12\/772162aa-4015-40b5-87e7-c315f8a56f19-512x1024.jpg 512w, https:\/\/www.radiopiu.net\/wordpress\/wp-content\/uploads\/2019\/12\/772162aa-4015-40b5-87e7-c315f8a56f19-768x1536.jpg 768w, https:\/\/www.radiopiu.net\/wordpress\/wp-content\/uploads\/2019\/12\/772162aa-4015-40b5-87e7-c315f8a56f19.jpg 1024w\" sizes=\"auto, (max-width: 150px) 100vw, 150px\" \/><\/a>&#8220;Non occorrono i numeri &#8211; dice il comandante bellunese &#8211; per affermare quanto il nostro lavoro sia fondamentale per la sicurezza del territorio, ma ritengo doveroso sottolineare che\u00a0 in ciascun intervento di soccorso tecnico urgente effettuato (4500 in un anno) dal pi\u00f9 semplice al pi\u00f9 complesso, ogni vigile del fuoco ha manifestato altruismo, prontezza, tenacia, competenza e professionalit\u00e0&#8221;.<\/em><\/p>\n<p><em>&#8220;Chiudo &#8211; dice Girolamo Bentivoglio Fiandra &#8211; citando la canzone &#8220;Si pu\u00f2 dare di pi\u00f9 (Raf-Morandi-Tozzi) perch\u00e9 \u00e8 dentro di noi, si pu\u00f2 osare senza essere eroi&#8221;. Non so se nel lontano 1987, quando gli autori hanno scritto questo testo abbiano pensato ai vigili del fuoco, ma sicuramente questa frase rispecchia perfettamente il vigile del fuoco&#8221;.<\/em><\/p>\n<p>&nbsp;<\/p>\n<p>&nbsp;<\/p>\n<p>&nbsp;<\/p>\n<p>&nbsp;<\/p>\n","protected":false},"excerpt":{"rendered":"<p>BELLUNO Tempo di bilanci anche per i Vigili del Fuoco, i dati statistici del 2019 mettono in evidenza un grande lavoro. Tra il 1 novembre 2018 e il 30 novembre scorso 6534 interventi, 487 per incendio boschivo e 418 per incidenti stradali, 962 le uscite per frane, 1621 gli interventi di ordinaria amministrazione. C&#8217;\u00e8 poi&hellip;<\/p>\n","protected":false},"author":1,"featured_media":110250,"comment_status":"closed","ping_status":"closed","sticky":false,"template":"","format":"standard","meta":{"_monsterinsights_skip_tracking":false,"_monsterinsights_sitenote_active":false,"_monsterinsights_sitenote_note":"","_monsterinsights_sitenote_category":0,"footnotes":""},"categories":[1,51,49],"tags":[],"class_list":["post-110249","post","type-post","status-publish","format-standard","has-post-thumbnail","hentry","category-senza-categoria","category-evidenza-top","category-news-18","category-1","category-51","category-49","description-off"],"img_url":"https:\/\/www.radiopiu.net\/wordpress\/wp-content\/uploads\/2019\/12\/30a9b5f0-3abf-46a8-9953-635c11e4d698-e1576690052395.jpg","_links":{"self":[{"href":"https:\/\/www.radiopiu.net\/wordpress\/wp-json\/wp\/v2\/posts\/110249","targetHints":{"allow":["GET"]}}],"collection":[{"href":"https:\/\/www.radiopiu.net\/wordpress\/wp-json\/wp\/v2\/posts"}],"about":[{"href":"https:\/\/www.radiopiu.net\/wordpress\/wp-json\/wp\/v2\/types\/post"}],"author":[{"embeddable":true,"href":"https:\/\/www.radiopiu.net\/wordpress\/wp-json\/wp\/v2\/users\/1"}],"replies":[{"embeddable":true,"href":"https:\/\/www.radiopiu.net\/wordpress\/wp-json\/wp\/v2\/comments?post=110249"}],"version-history":[{"count":0,"href":"https:\/\/www.radiopiu.net\/wordpress\/wp-json\/wp\/v2\/posts\/110249\/revisions"}],"wp:featuredmedia":[{"embeddable":true,"href":"https:\/\/www.radiopiu.net\/wordpress\/wp-json\/wp\/v2\/media\/110250"}],"wp:attachment":[{"href":"https:\/\/www.radiopiu.net\/wordpress\/wp-json\/wp\/v2\/media?parent=110249"}],"wp:term":[{"taxonomy":"category","embeddable":true,"href":"https:\/\/www.radiopiu.net\/wordpress\/wp-json\/wp\/v2\/categories?post=110249"},{"taxonomy":"post_tag","embeddable":true,"href":"https:\/\/www.radiopiu.net\/wordpress\/wp-json\/wp\/v2\/tags?post=110249"}],"curies":[{"name":"wp","href":"https:\/\/api.w.org\/{rel}","templated":true}]}}