{"id":110266,"date":"2019-12-19T05:27:06","date_gmt":"2019-12-19T04:27:06","guid":{"rendered":"https:\/\/www.radiopiu.net\/wordpress\/?p=110266"},"modified":"2019-12-19T05:27:38","modified_gmt":"2019-12-19T04:27:38","slug":"colle-bellunese-duro-a-morire","status":"publish","type":"post","link":"https:\/\/www.radiopiu.net\/wordpress\/colle-bellunese-duro-a-morire\/","title":{"rendered":"COLLE BELLUNESE, DURO A MORIRE"},"content":{"rendered":"<p>&nbsp;<\/p>\n<h2><a class=\"dt-pswp-item\" href=\"https:\/\/www.radiopiu.net\/wordpress\/wp-content\/uploads\/2019\/10\/paesaggio-innevato-dellalpe_del_nevegal.jpg\" data-dt-img-description=\"\" data-large_image_width=\"1024\" data-large_image_height=\"400\"><img loading=\"lazy\" decoding=\"async\" class=\"size-medium wp-image-104502 alignleft\" src=\"https:\/\/www.radiopiu.net\/wordpress\/wp-content\/uploads\/2019\/10\/paesaggio-innevato-dellalpe_del_nevegal-300x117.jpg\" alt=\"\" width=\"300\" height=\"117\" srcset=\"https:\/\/www.radiopiu.net\/wordpress\/wp-content\/uploads\/2019\/10\/paesaggio-innevato-dellalpe_del_nevegal-300x117.jpg 300w, https:\/\/www.radiopiu.net\/wordpress\/wp-content\/uploads\/2019\/10\/paesaggio-innevato-dellalpe_del_nevegal-768x300.jpg 768w, https:\/\/www.radiopiu.net\/wordpress\/wp-content\/uploads\/2019\/10\/paesaggio-innevato-dellalpe_del_nevegal.jpg 1024w\" sizes=\"auto, (max-width: 300px) 100vw, 300px\" \/><\/a><\/h2>\n<h2><\/h2>\n<h2>SE IL METEO LO PERMETTERA&#8217; DA SABATO SUL NEVEGAL SI SCIA<\/h2>\n<p><strong>BELLUNO<\/strong><\/p>\n<p><strong>di DAMIANO TORMEN\u00a0<\/strong><\/p>\n<audio class=\"wp-audio-shortcode\" id=\"audio-110266-1\" preload=\"none\" style=\"width: 100%;\" controls=\"controls\"><source type=\"audio\/mpeg\" src=\"https:\/\/www.radiopiu.net\/wordpress\/wp-content\/uploads\/2019\/12\/damiano-sci.mp3?_=1\" \/><a href=\"https:\/\/www.radiopiu.net\/wordpress\/wp-content\/uploads\/2019\/12\/damiano-sci.mp3\">https:\/\/www.radiopiu.net\/wordpress\/wp-content\/uploads\/2019\/12\/damiano-sci.mp3<\/a><\/audio>\n<p>&nbsp;<\/p>\n<p>&nbsp;<\/p>\n<h3>Bus gratuiti per le feste natalizie e linea per il Nevegal Oltre 11mila euro per sostenere ambiente, turismo e commercio<\/h3>\n<p><strong><a class=\"dt-pswp-item\" href=\"https:\/\/www.radiopiu.net\/wordpress\/wp-content\/uploads\/2018\/03\/Autobus.jpg\" data-dt-img-description=\"\" data-large_image_width=\"424\" data-large_image_height=\"283\"><img loading=\"lazy\" decoding=\"async\" class=\"size-medium wp-image-45488 alignleft\" src=\"https:\/\/www.radiopiu.net\/wordpress\/wp-content\/uploads\/2018\/03\/Autobus-300x200.jpg\" alt=\"\" width=\"300\" height=\"200\" srcset=\"https:\/\/www.radiopiu.net\/wordpress\/wp-content\/uploads\/2018\/03\/Autobus-300x200.jpg 300w, https:\/\/www.radiopiu.net\/wordpress\/wp-content\/uploads\/2018\/03\/Autobus.jpg 424w\" sizes=\"auto, (max-width: 300px) 100vw, 300px\" \/><\/a>BELLUNO\u00a0<\/strong> Torna anche per il Natale 2019 il servizio gratuito di trasporto pubblico locale nelle giornate a ridosso delle feste. \u00c8 stato infatti approvato dalla giunta comunale il provvedimento che prevede la gratuit\u00e0 per gli autobus urbani nelle giornate di luned\u00ec 23, marted\u00ec 24, luned\u00ec 30 e marted\u00ec 31 dicembre. Il costo del servizio sar\u00e0 interamente coperto dal Comune di Belluno, a seguito di rendicontazione da parte di DolomitiBus, ed \u00e8 di poco superiore ai 6800 euro. Nel corso della stessa seduta \u00e8 stata anche approvata l&#8217;attivazione, come da tradizione, della Linea Nera di trasporto urbano Belluno \u2013 Nevegal. In questo caso, il servizio \u2013 oltre 1300 km complessivi &#8211; sar\u00e0 operativo da venerd\u00ec 27 dicembre fino a luned\u00ec 6 gennaio 2020, con l&#8217;esclusione della mattina di Capodanno Per il 2019\/2020, il Comune di Belluno investir\u00e0 nella Linea Nera 4500 euro:<em> \u00abRinnoviamo con convinzione anche quest&#8217;anno il nostro impegno per questo servizio per implementare i servizi turistici. &#8211; sottolinea il sindaco Jacopo Massaro \u2013 nel corso degli anni, abbiamo visto premiare questa corsa, un modo diverso per raggiungere e vivere la nostra alpe durante le feste natalizie, e abbiamo quindi ritenuto indispensabile riproporre anche per queste vacanze il collegamento di trasporto pubblico tra la citt\u00e0 e il Nevegal\u00bb.<\/em><\/p>\n","protected":false},"excerpt":{"rendered":"<p>&nbsp; SE IL METEO LO PERMETTERA&#8217; DA SABATO SUL NEVEGAL SI SCIA BELLUNO di DAMIANO TORMEN\u00a0 &nbsp; &nbsp; Bus gratuiti per le feste natalizie e linea per il Nevegal Oltre 11mila euro per sostenere ambiente, turismo e commercio BELLUNO\u00a0 Torna anche per il Natale 2019 il servizio gratuito di trasporto pubblico locale nelle giornate a&hellip;<\/p>\n","protected":false},"author":1,"featured_media":100022,"comment_status":"closed","ping_status":"closed","sticky":false,"template":"","format":"standard","meta":{"_monsterinsights_skip_tracking":false,"_monsterinsights_sitenote_active":false,"_monsterinsights_sitenote_note":"","_monsterinsights_sitenote_category":0,"footnotes":""},"categories":[103,49],"tags":[],"class_list":["post-110266","post","type-post","status-publish","format-standard","has-post-thumbnail","hentry","category-evidenza_2","category-news-18","category-103","category-49","description-off"],"img_url":"https:\/\/www.radiopiu.net\/wordpress\/wp-content\/uploads\/2019\/09\/nevegal-visentin-nogherazza.jpg","_links":{"self":[{"href":"https:\/\/www.radiopiu.net\/wordpress\/wp-json\/wp\/v2\/posts\/110266","targetHints":{"allow":["GET"]}}],"collection":[{"href":"https:\/\/www.radiopiu.net\/wordpress\/wp-json\/wp\/v2\/posts"}],"about":[{"href":"https:\/\/www.radiopiu.net\/wordpress\/wp-json\/wp\/v2\/types\/post"}],"author":[{"embeddable":true,"href":"https:\/\/www.radiopiu.net\/wordpress\/wp-json\/wp\/v2\/users\/1"}],"replies":[{"embeddable":true,"href":"https:\/\/www.radiopiu.net\/wordpress\/wp-json\/wp\/v2\/comments?post=110266"}],"version-history":[{"count":0,"href":"https:\/\/www.radiopiu.net\/wordpress\/wp-json\/wp\/v2\/posts\/110266\/revisions"}],"wp:featuredmedia":[{"embeddable":true,"href":"https:\/\/www.radiopiu.net\/wordpress\/wp-json\/wp\/v2\/media\/100022"}],"wp:attachment":[{"href":"https:\/\/www.radiopiu.net\/wordpress\/wp-json\/wp\/v2\/media?parent=110266"}],"wp:term":[{"taxonomy":"category","embeddable":true,"href":"https:\/\/www.radiopiu.net\/wordpress\/wp-json\/wp\/v2\/categories?post=110266"},{"taxonomy":"post_tag","embeddable":true,"href":"https:\/\/www.radiopiu.net\/wordpress\/wp-json\/wp\/v2\/tags?post=110266"}],"curies":[{"name":"wp","href":"https:\/\/api.w.org\/{rel}","templated":true}]}}