{"id":110304,"date":"2019-12-20T05:50:22","date_gmt":"2019-12-20T04:50:22","guid":{"rendered":"https:\/\/www.radiopiu.net\/wordpress\/?p=110304"},"modified":"2019-12-20T16:26:03","modified_gmt":"2019-12-20T15:26:03","slug":"giornale-radiopiu-20-dicembre-2019-direttore-mirko-mezzacasa","status":"publish","type":"post","link":"https:\/\/www.radiopiu.net\/wordpress\/giornale-radiopiu-20-dicembre-2019-direttore-mirko-mezzacasa\/","title":{"rendered":"GIORNALE RADIOPIU 20 DICEMBRE 2019 DIRETTORE MIRKO MEZZACASA"},"content":{"rendered":"<p>&nbsp;<\/p>\n<h3>LE SCUSE DI POSTE ITALIANE, MENTRE LE SCRIVE LA VALLE REGISTRA L&#8217;ENNESIMO DISSERVIZIO. MONTAGNA SCHIAFFEGGIATA DA CHI PRO TEMPORE DETIENE IL POTERE, LA GENTE PUO&#8217; SOLO CONTARE I DANNI E METTERSELA VIA.<\/h3>\n<p><a class=\"dt-pswp-item\" href=\"https:\/\/www.radiopiu.net\/wordpress\/wp-content\/uploads\/2019\/12\/unnamed.jpg\" data-dt-img-description=\"\" data-large_image_width=\"900\" data-large_image_height=\"900\"><img loading=\"lazy\" decoding=\"async\" class=\" wp-image-110393 alignleft\" src=\"https:\/\/www.radiopiu.net\/wordpress\/wp-content\/uploads\/2019\/12\/unnamed-300x300.jpg\" alt=\"\" width=\"250\" height=\"250\" srcset=\"https:\/\/www.radiopiu.net\/wordpress\/wp-content\/uploads\/2019\/12\/unnamed-300x300.jpg 300w, https:\/\/www.radiopiu.net\/wordpress\/wp-content\/uploads\/2019\/12\/unnamed-150x150.jpg 150w, https:\/\/www.radiopiu.net\/wordpress\/wp-content\/uploads\/2019\/12\/unnamed-768x768.jpg 768w, https:\/\/www.radiopiu.net\/wordpress\/wp-content\/uploads\/2019\/12\/unnamed.jpg 900w\" sizes=\"auto, (max-width: 250px) 100vw, 250px\" \/><\/a><strong>LA VALLE<\/strong> Poste Italiane sceglie la linea difensiva ed \u00e8 pronta la scusante per i disservizi a La Valle dando la colpa al postino. Quali scuse trover\u00e0 Poste Italiane circa tutti gli altri episodi? Sempre colpa del povero postino quando i quotidiani del venerdi sabato e domenica arrivano con quelli del lunedi? Quando il settimanale Amico del Popolo arriva la settimana dopo? Quando gli inviti alle visite mediche arrivano passati i termini? Scuse, solo scuse e gli episodi sono ormai all&#8217;ordine del giorno con lamentele dal fondo valle alle frazioni pi\u00f9 in alto. Mettiamocela via, non abbiamo i numeri e la forza per protestare e ben pochi politici capaci di dare una sferzata ai disservizi, postali, telefonici, idrici, elettrici. Siamo quattro montanari inascoltati e sempre pi\u00f9 schiaffeggiati da chi detiene il potere e sa solo riempirsi la bocca quando arrivano i disastri con false promesse. Ma delle scuse di poste italiane il sindaco di La Valle Ezio Zuanel fa spallucce e rincara da dose <em>\u00abDi pazienza ne abbiamo avuta fin troppa, ieri\u00a0 un conoscente, residente non nella mia frazione mi ha portato 10 buste intestate alla mia famiglia che erano state depositate sul marciapiede di casa sua&#8221;<\/em><\/p>\n<p><strong>POSTE ITALIANE SCARICA TUTTE LE COLPE SUL POVERO POSTINO<\/strong><\/p>\n<blockquote><p><em>\u00abIl nuovo portalettere di La Valle &#8211; spiega Poste Italiane &#8211; \u00e8 in servizio da un mese scarso. Ha finito la fase di apprendimento e ora si sta cimentando nella conoscenza del territorio caratterizzato da varie frazioni. C&#8217;\u00e8 da dire poi che molte case non sono dotate di buca delle lettere o se c&#8217;\u00e8 non reca il nome della famiglia&#8221;.\u00a0<\/em><\/p><\/blockquote>\n<p>&nbsp;<\/p>\n<p>&nbsp;<\/p>\n<p>&nbsp;<\/p>\n<p><span style=\"color: #0000ff;\"><strong>Gestione Servizi Pubblici informa che In TUTTO il COMUNE di ROCCA PIETORE, l&#8217;acqua erogata dall&#8217;acquedotto \u00e8 di nuovo potabile<\/strong><\/span><\/p>\n<p>&nbsp;<\/p>\n<p><span style=\"color: #0000ff;\"><strong>a LIVINALLONGO<\/strong> \u00a0in LOCALITA&#8217; LARZONEI l&#8217;acqua erogata dall&#8217;acquedotto non \u00e8 potabile e pu\u00f2 essere usata per scopi alimentari SOLO PREVIA bollitura.<\/span><\/p>\n<p>&nbsp;<\/p>\n<p>&nbsp;<\/p>\n<p>&nbsp;<\/p>\n<h2><span style=\"color: #ff0000;\">VERGOGNOSO DISSERVIZIO<\/span><\/h2>\n<p><strong><a class=\"dt-pswp-item\" href=\"https:\/\/www.radiopiu.net\/wordpress\/wp-content\/uploads\/2019\/12\/esterno-inverno.jpg\" data-dt-img-description=\"\" data-large_image_width=\"550\" data-large_image_height=\"367\"><img loading=\"lazy\" decoding=\"async\" class=\" wp-image-110379 alignleft\" src=\"https:\/\/www.radiopiu.net\/wordpress\/wp-content\/uploads\/2019\/12\/esterno-inverno-300x200.jpg\" alt=\"\" width=\"227\" height=\"151\" srcset=\"https:\/\/www.radiopiu.net\/wordpress\/wp-content\/uploads\/2019\/12\/esterno-inverno-300x200.jpg 300w, https:\/\/www.radiopiu.net\/wordpress\/wp-content\/uploads\/2019\/12\/esterno-inverno.jpg 550w\" sizes=\"auto, (max-width: 227px) 100vw, 227px\" \/><\/a>ALLEGHE<\/strong> La compagnia telefonica lascia a piedi per quasi un mese le attivit\u00e0 commerciali dei Piani di Pezz\u00e8 e di Col dei Baldi ad Alleghe. Un mese senza telefono fisso per un guasto risolto ieri in poche ore e un colpo di scavatore. Ma dove sono le grandi promesse del dopo Vaia? Cosa ha insegnato la grande tempesta di un anno fa? Nulla, visto che alla prima nevicata \u00e8 arrivato un lungo black out telefonico e le solite scuse del call center &#8220;stiamo intervenendo non si preoccupi&#8221;&#8230;. Altro che non si preoccupi. Un mese\u00a0 con il telefono muto, clienti persi, un danno economico di non poco conto che nessuno ristorer\u00e0, ma siamo certi che alla prima occasione si torner\u00e0 a parlare di spopolamento della montagna, della difficolt\u00e0 di vivere tra le crode. Da Vaia in tanti si sono riempiti la bocca di belle parole spezzando lance a favore del popolo della montagna e quando arrivano le occasioni per\u00a0 passare dalle parole ai fatti le stesse persone diventano improvvisamente latitanti. Un altro esempio di disservizio, un&#8217;altra occasione persa per le associazioni che si professano a favore del consumatore ma quando serve anche queste scompaiono come la neve al sole. (FOTO tripadvisor.it)<\/p>\n<p><strong>DI GIANNI SANTOMASO<\/strong><\/p>\n<audio class=\"wp-audio-shortcode\" id=\"audio-110304-1\" preload=\"none\" style=\"width: 100%;\" controls=\"controls\"><source type=\"audio\/mpeg\" src=\"https:\/\/www.radiopiu.net\/wordpress\/wp-content\/uploads\/2019\/12\/GIANNI-ALLEGHE.mp3?_=1\" \/><a href=\"https:\/\/www.radiopiu.net\/wordpress\/wp-content\/uploads\/2019\/12\/GIANNI-ALLEGHE.mp3\">https:\/\/www.radiopiu.net\/wordpress\/wp-content\/uploads\/2019\/12\/GIANNI-ALLEGHE.mp3<\/a><\/audio>\n<p>&nbsp;<\/p>\n<p>&nbsp;<\/p>\n<p>&nbsp;<\/p>\n<h3>IERI AD AGORDO, IMPROVVISO GUASTO E DISAGI LUNGO LA REGIONALE 203 AGORDINA.<\/h3>\n\n\t\t\t<style type='text\/css'>\n\t\t\t\t#gallery-1 {\n\t\t\t\t\tmargin: auto;\n\t\t\t\t}\n\t\t\t\t#gallery-1 .gallery-item {\n\t\t\t\t\tfloat: left;\n\t\t\t\t\tmargin-top: 10px;\n\t\t\t\t\ttext-align: center;\n\t\t\t\t\twidth: 33%;\n\t\t\t\t}\n\t\t\t\t#gallery-1 img {\n\t\t\t\t\tborder: 2px solid #cfcfcf;\n\t\t\t\t}\n\t\t\t\t#gallery-1 .gallery-caption {\n\t\t\t\t\tmargin-left: 0;\n\t\t\t\t}\n\t\t\t\t\/* see gallery_shortcode() in wp-includes\/media.php *\/\n\t\t\t<\/style>\n\t\t<div id='gallery-1' class='dt-gallery-container gallery galleryid-110304 gallery-columns-3 gallery-size-thumbnail'><dl class='gallery-item'>\n\t\t\t\t<dt class='gallery-icon landscape'>\n\t\t\t\t\t<a class=\"rollover\" href='https:\/\/www.radiopiu.net\/wordpress\/giornale-radiopiu-20-dicembre-2019-direttore-mirko-mezzacasa\/whatsapp-image-2019-12-19-at-12-58-00\/'><img loading=\"lazy\" decoding=\"async\" width=\"150\" height=\"150\" src=\"https:\/\/www.radiopiu.net\/wordpress\/wp-content\/uploads\/2019\/12\/WhatsApp-Image-2019-12-19-at-12.58.00-150x150.jpeg\" class=\"attachment-thumbnail size-thumbnail\" alt=\"\" \/><\/a>\n\t\t\t\t<\/dt><\/dl><dl class='gallery-item'>\n\t\t\t\t<dt class='gallery-icon landscape'>\n\t\t\t\t\t<a class=\"rollover\" href='https:\/\/www.radiopiu.net\/wordpress\/giornale-radiopiu-20-dicembre-2019-direttore-mirko-mezzacasa\/whatsapp-image-2019-12-19-at-12-14-59\/'><img loading=\"lazy\" decoding=\"async\" width=\"150\" height=\"150\" src=\"https:\/\/www.radiopiu.net\/wordpress\/wp-content\/uploads\/2019\/12\/WhatsApp-Image-2019-12-19-at-12.14.59-150x150.jpeg\" class=\"attachment-thumbnail size-thumbnail\" alt=\"\" \/><\/a>\n\t\t\t\t<\/dt><\/dl><dl class='gallery-item'>\n\t\t\t\t<dt class='gallery-icon landscape'>\n\t\t\t\t\t<a class=\"rollover\" href='https:\/\/www.radiopiu.net\/wordpress\/giornale-radiopiu-20-dicembre-2019-direttore-mirko-mezzacasa\/whatsapp-image-2019-12-19-at-12-15-16\/'><img loading=\"lazy\" decoding=\"async\" width=\"150\" height=\"150\" src=\"https:\/\/www.radiopiu.net\/wordpress\/wp-content\/uploads\/2019\/12\/WhatsApp-Image-2019-12-19-at-12.15.16-150x150.jpeg\" class=\"attachment-thumbnail size-thumbnail\" alt=\"\" \/><\/a>\n\t\t\t\t<\/dt><\/dl><br style=\"clear: both\" \/>\n\t\t\t<\/div>\n\n<p>&nbsp;<\/p>\n<p>&nbsp;<\/p>\n<p>&nbsp;<\/p>\n<p>&nbsp;<\/p>\n<h2>GARA DEL GAS, TUTTO DA RIFARE?<\/h2>\n<p><strong><a class=\"dt-pswp-item\" href=\"https:\/\/www.radiopiu.net\/wordpress\/wp-content\/uploads\/2019\/12\/apertura-51-1200x480-1.jpg\" data-dt-img-description=\"\" data-large_image_width=\"1200\" data-large_image_height=\"480\"><img loading=\"lazy\" decoding=\"async\" class=\"size-medium wp-image-110384 alignleft\" src=\"https:\/\/www.radiopiu.net\/wordpress\/wp-content\/uploads\/2019\/12\/apertura-51-1200x480-1-300x120.jpg\" alt=\"\" width=\"300\" height=\"120\" srcset=\"https:\/\/www.radiopiu.net\/wordpress\/wp-content\/uploads\/2019\/12\/apertura-51-1200x480-1-300x120.jpg 300w, https:\/\/www.radiopiu.net\/wordpress\/wp-content\/uploads\/2019\/12\/apertura-51-1200x480-1-1024x410.jpg 1024w, https:\/\/www.radiopiu.net\/wordpress\/wp-content\/uploads\/2019\/12\/apertura-51-1200x480-1-768x307.jpg 768w, https:\/\/www.radiopiu.net\/wordpress\/wp-content\/uploads\/2019\/12\/apertura-51-1200x480-1.jpg 1200w\" sizes=\"auto, (max-width: 300px) 100vw, 300px\" \/><\/a>BELLUNO<\/strong><\/p>\n<p><strong>DAMIANO TORMEN\u00a0<\/strong><\/p>\n<audio class=\"wp-audio-shortcode\" id=\"audio-110304-2\" preload=\"none\" style=\"width: 100%;\" controls=\"controls\"><source type=\"audio\/mpeg\" src=\"https:\/\/www.radiopiu.net\/wordpress\/wp-content\/uploads\/2019\/12\/GARA-GAS-DAMIANO.mp3?_=2\" \/><a href=\"https:\/\/www.radiopiu.net\/wordpress\/wp-content\/uploads\/2019\/12\/GARA-GAS-DAMIANO.mp3\">https:\/\/www.radiopiu.net\/wordpress\/wp-content\/uploads\/2019\/12\/GARA-GAS-DAMIANO.mp3<\/a><\/audio>\n<p>&nbsp;<\/p>\n<p>&nbsp;<\/p>\n<p>&nbsp;<\/p>\n<p>&nbsp;<\/p>\n<h3>BIM BELLUNO INFRASTRUTTURE: PER ZANOLLA SOCIETA\u2019 SANA E SOLIDA<\/h3>\n<p><strong><a class=\"dt-pswp-item\" href=\"https:\/\/www.radiopiu.net\/wordpress\/wp-content\/uploads\/2019\/12\/dowDnload.jpg\" data-dt-img-description=\"\" data-large_image_width=\"398\" data-large_image_height=\"127\"><img loading=\"lazy\" decoding=\"async\" class=\" wp-image-110323 alignleft\" src=\"https:\/\/www.radiopiu.net\/wordpress\/wp-content\/uploads\/2019\/12\/dowDnload-300x96.jpg\" alt=\"\" width=\"238\" height=\"76\" srcset=\"https:\/\/www.radiopiu.net\/wordpress\/wp-content\/uploads\/2019\/12\/dowDnload-300x96.jpg 300w, https:\/\/www.radiopiu.net\/wordpress\/wp-content\/uploads\/2019\/12\/dowDnload.jpg 398w\" sizes=\"auto, (max-width: 238px) 100vw, 238px\" \/><\/a>BELLUNO<\/strong> Si \u00e8 tenuta ieri pomeriggio\u00a0 l\u2019assemblea ordinaria dei soci di Bim Belluno Infrastrutture. Ecco in sintesi alcuni punti significativi presentati alla platea dei presenti dall\u2019amministratore della societ\u00e0, Bruno Zanolla. <strong>Gara gas.<\/strong> Il biennio 2019-20 si prospetta in linea con le aspettative. L\u2019utile, previsto per il 2019 in 1 milione di euro e 1,3 per il 2020, riassume una situazione economica, nei settori gestiti, sostanzialmente in netto miglioramento rispetto al 2018. Nel settore metano i lavori annualmente eseguiti e programmati sono piccoli estensioni ed allacci alla rete gas e ammontano a 700 mila euro per il 2019, mentre per il 2020 si prevedono maggiori investimenti pari a 1,9 milioni. Nel settore idroelettrico, sono in corso di realizzo gli impianti Ru delle Nottole a san Tomaso Agordino e Frison a Santo Stefano di Cadore, la cui ultimazione \u00e8 prevista nel 2020 con un impegno economico di 1,9 milioni di euro per la conclusione delle opere. L\u2019andamento del settore idroelettrico beneficer\u00e0 in prospettiva dell\u2019entrata in esercizio degli impianti ultimati nel 2020. <strong>Patrimonio netto<\/strong>\u00a0Nel triennio 2020-2022 si prevede un valore di circa 70,8 milioni di euro a fine 2022 (+35 milioni di euro dal 2019) principalmente per effetto della plusvalenza conseguita con l\u2019operazione di conferimento del ramo gas. <strong>Prospettive finanziarie <\/strong>Il piano prevede una ristrutturazione delle linee per 7 milioni di euro, rimodulandone tassi e durate con un consistente risparmio finanziario. <strong>Produzione di energia rinnovabile <\/strong>circa un 3% in pi\u00f9 rispetto al 2018. L\u2019energia prodotta, completamente da rinnovabile, ha consentito di evitare emissioni impattanti per l\u2019ambiente: parliamo di circa 10.900 tonnellate di anidride carbonica evitata.<\/p>\n<blockquote><p><em> <a class=\"dt-pswp-item\" href=\"https:\/\/www.radiopiu.net\/wordpress\/wp-content\/uploads\/2019\/12\/download-12.jpg\" data-dt-img-description=\"\" data-large_image_width=\"260\" data-large_image_height=\"194\"><img loading=\"lazy\" decoding=\"async\" class=\"size-full wp-image-110322 alignleft\" src=\"https:\/\/www.radiopiu.net\/wordpress\/wp-content\/uploads\/2019\/12\/download-12.jpg\" alt=\"\" width=\"260\" height=\"194\" \/><\/a>\u201cLa societ\u00e0 dimostra di essere sana e solida \u2013\u00a0 ha detto l\u2019amministratore della societ\u00e0 Bruno Zanolla &#8211; di essere costantemente attiva nello sviluppo energetico rinnovabile della provincia ed orientata verso una crescita sostenibile del territorio a beneficio dell\u2019ambiente. Per quanto riguarda le prospettive future in questi e nei prossimi mesi\u00a0 continueremo, con i soci, nel percorso di analisi delle prospettive da dare alla societ\u00e0 Bim Infrastrutture dopo la vendita delle reti gas. Tra le varie ipotesi, che sottoporremo ai soci con tutte le valutazioni tecnico-economiche del caso, l\u2019eventuale aggregazione con Bim Gsp ma anche l\u2019acquisizione delle grandi concessioni idroelettriche in scadenza dal 2029. Valutazioni e prospettive che, naturalmente, faremo nelle sedi opportune con i comuni soci\u201d.<\/em><\/p><\/blockquote>\n<p>&nbsp;<\/p>\n<p>&nbsp;<\/p>\n<p>&nbsp;<\/p>\n<p>&nbsp;<\/p>\n<p>&nbsp;<\/p>\n<p>&nbsp;<\/p>\n<p>&nbsp;<\/p>\n<p>&nbsp;<\/p>\n<h2>STASERA LA CENA DI NATALE LUXOTTICA<\/h2>\n<p><a class=\"dt-pswp-item\" href=\"https:\/\/www.radiopiu.net\/wordpress\/wp-content\/uploads\/2019\/12\/BEYONCE-JAYZ.jpeg\" data-dt-img-description=\"\" data-large_image_width=\"990\" data-large_image_height=\"826\"><img loading=\"lazy\" decoding=\"async\" class=\" wp-image-110370 alignleft\" src=\"https:\/\/www.radiopiu.net\/wordpress\/wp-content\/uploads\/2019\/12\/BEYONCE-JAYZ-300x250.jpeg\" alt=\"\" width=\"215\" height=\"179\" srcset=\"https:\/\/www.radiopiu.net\/wordpress\/wp-content\/uploads\/2019\/12\/BEYONCE-JAYZ-300x250.jpeg 300w, https:\/\/www.radiopiu.net\/wordpress\/wp-content\/uploads\/2019\/12\/BEYONCE-JAYZ-768x641.jpeg 768w, https:\/\/www.radiopiu.net\/wordpress\/wp-content\/uploads\/2019\/12\/BEYONCE-JAYZ.jpeg 990w\" sizes=\"auto, (max-width: 215px) 100vw, 215px\" \/><\/a>Tutto pronto al PalaLuxottica di Agordo per accogliere le maestranze che si sono iscritte alla Cena Natalizia 2019. Saranno circa 5000 persone che a partire dalle ore 20 potranno cenare in compagnia della dirigenza Luxottica. Il momento pi\u00f9 atteso sicuramente l&#8217;ingresso del presidente di EssilorLuxottica, il Cavalier Leonardo Del Vecchio, accompagnato dal suo enturage. Subito dopo la cena ci sar\u00e0 il concerto a partire dalle 22<\/p>\n<p>&nbsp;<\/p>\n<p>&nbsp;<\/p>\n<h3>PER L&#8217;EVENTO AGORDINO PARRUCCHIERE ED ESTETISTE FANNO GLI STRAORDINARI<\/h3>\n<p style=\"text-align: left;\"><strong><a class=\"dt-pswp-item\" href=\"https:\/\/www.radiopiu.net\/wordpress\/wp-content\/uploads\/2019\/12\/download-14.jpg\" data-dt-img-description=\"\" data-large_image_width=\"290\" data-large_image_height=\"174\"><img loading=\"lazy\" decoding=\"async\" class=\"size-full wp-image-110386 alignleft\" src=\"https:\/\/www.radiopiu.net\/wordpress\/wp-content\/uploads\/2019\/12\/download-14.jpg\" alt=\"\" width=\"290\" height=\"174\" \/><\/a>AGORDO<\/strong><\/p>\n<p><strong>DI GIANNI SANTOMASO\u00a0<\/strong><\/p>\n<p>foto beautydea.it<\/p>\n<audio class=\"wp-audio-shortcode\" id=\"audio-110304-3\" preload=\"none\" style=\"width: 100%;\" controls=\"controls\"><source type=\"audio\/mpeg\" src=\"https:\/\/www.radiopiu.net\/wordpress\/wp-content\/uploads\/2019\/12\/GIANNI-ALLEGHE.mp3?_=3\" \/><a href=\"https:\/\/www.radiopiu.net\/wordpress\/wp-content\/uploads\/2019\/12\/GIANNI-ALLEGHE.mp3\">https:\/\/www.radiopiu.net\/wordpress\/wp-content\/uploads\/2019\/12\/GIANNI-ALLEGHE.mp3<\/a><\/audio>\n<p>&nbsp;<\/p>\n<p>&nbsp;<\/p>\n<p>&nbsp;<\/p>\n<p>&nbsp;<\/p>\n<h3>INFLUENZA. PRIMO REPORT VENETO, 51.200 PERSONE GIA\u2019 COLPITE MA INCIDENZA MOLTO PIU\u2019 BASSA CHE IN ITALIA<\/h3>\n<p><strong><a class=\"dt-pswp-item\" href=\"https:\/\/www.radiopiu.net\/wordpress\/wp-content\/uploads\/2018\/01\/vaccinoinfluenza.jpg\" data-dt-img-description=\"\" data-large_image_width=\"1488\" data-large_image_height=\"973\"><img loading=\"lazy\" decoding=\"async\" class=\" wp-image-42390 alignleft\" src=\"https:\/\/www.radiopiu.net\/wordpress\/wp-content\/uploads\/2018\/01\/vaccinoinfluenza-300x196.jpg\" alt=\"\" width=\"143\" height=\"93\" srcset=\"https:\/\/www.radiopiu.net\/wordpress\/wp-content\/uploads\/2018\/01\/vaccinoinfluenza-300x196.jpg 300w, https:\/\/www.radiopiu.net\/wordpress\/wp-content\/uploads\/2018\/01\/vaccinoinfluenza-768x502.jpg 768w, https:\/\/www.radiopiu.net\/wordpress\/wp-content\/uploads\/2018\/01\/vaccinoinfluenza-1024x670.jpg 1024w, https:\/\/www.radiopiu.net\/wordpress\/wp-content\/uploads\/2018\/01\/vaccinoinfluenza.jpg 1488w\" sizes=\"auto, (max-width: 143px) 100vw, 143px\" \/><\/a>VENEZIA<\/strong>\u00a0 L\u2019influenza stagionale ha finora colpito 51.200 persone in Veneto, pari a un\u2019incidenza di 1,93 casi per mille residenti, significativamente inferiore alla media nazionale di 3,43 casi per mille. Lo indica il primo Rapporto epidemiologico del 2019, redatto dalla Direzione Prevenzione della Regione e diffuso oggi dall\u2019Assessore alla Sanit\u00e0, Manuela Lanzarin. Il monitoraggio, partito a ottobre, nell\u2019ultima settimana elaborata (9-15 dicembre) indica 9.400 nuovi casi, che portano il totale a oltre 51.000. Come nelle precedenti stagioni, anche in questa l\u2019et\u00e0 maggiormente colpita \u00e8 quella dei bambini da zero a quattro anni, con un\u2019incidenza di 2,47 casi per mille. Qui, la differenza con la media nazionale \u00e8 vistosa, perch\u00e9 in Italia si \u00e8 gi\u00e0 raggiunto l\u20198,98 per mille. Anche quest\u2019anno, il Sistema di sorveglianza del Veneto monitora anche le forme gravi e le complicazioni della malattia ma, ad oggi, non sono ancora pervenute segnalazioni di questo tipo.<\/p>\n<p>&nbsp;<\/p>\n<p>&nbsp;<\/p>\n<p>&nbsp;<\/p>\n<p>&nbsp;<\/p>\n<h3>COMUNI BELLUNESI AL COLLASSO, 500 DIPENDENTI IN MENO IN DIECI ANNI<\/h3>\n<p><strong><a class=\"dt-pswp-item\" href=\"https:\/\/www.radiopiu.net\/wordpress\/wp-content\/uploads\/2018\/02\/ANDREA-FIOCCO.jpg\" data-dt-img-description=\"\" data-large_image_width=\"960\" data-large_image_height=\"960\"><img loading=\"lazy\" decoding=\"async\" class=\"wp-image-43617 alignleft\" src=\"https:\/\/www.radiopiu.net\/wordpress\/wp-content\/uploads\/2018\/02\/ANDREA-FIOCCO-300x300.jpg\" alt=\"\" width=\"159\" height=\"159\" srcset=\"https:\/\/www.radiopiu.net\/wordpress\/wp-content\/uploads\/2018\/02\/ANDREA-FIOCCO-300x300.jpg 300w, https:\/\/www.radiopiu.net\/wordpress\/wp-content\/uploads\/2018\/02\/ANDREA-FIOCCO-150x150.jpg 150w, https:\/\/www.radiopiu.net\/wordpress\/wp-content\/uploads\/2018\/02\/ANDREA-FIOCCO-768x768.jpg 768w, https:\/\/www.radiopiu.net\/wordpress\/wp-content\/uploads\/2018\/02\/ANDREA-FIOCCO.jpg 960w\" sizes=\"auto, (max-width: 159px) 100vw, 159px\" \/><\/a>BELLUNO<\/strong> Fine anno e tempo di bilanci da una analisi della CGIL dei dati del conto economico della Ragioneria dello Stato. I Comuni bellunesi che mantengono un rapporto\u00a0 Popolazione\/dipendenti inferiore rispetto a quanto previsto per gli enti in dissesto. L\u2019analisi dei dati del conto annuale della Ragioneria Generale dello Stato ci dimostra che serve un piano straordinario di assunzioni per colmare il gap accumulato negli ultimi anni, con un rapporto negativo tra assunti e cessati dal 2010 al 2017 di complessivamente meno 506 dipendenti nella provincia di Belluno, solo nell\u2019ultimo triennio di riferimento il saldo \u00e8 meno 321 posti di lavoro. I dati confermano l\u2019allarme che il sindacato ha lanciato \u00a0dal 2010, l\u2019anno in cui le<br \/>\npubbliche amministrazioni sono tenute al pareggio di bilancio come stabilito dalla costituzione.<\/p>\n<p><strong>DALLA CGIL-FP ANDREA FIOCCO<\/strong><\/p>\n<audio class=\"wp-audio-shortcode\" id=\"audio-110304-4\" preload=\"none\" style=\"width: 100%;\" controls=\"controls\"><source type=\"audio\/mpeg\" src=\"https:\/\/www.radiopiu.net\/wordpress\/wp-content\/uploads\/2019\/12\/FIOCCO.mp3?_=4\" \/><a href=\"https:\/\/www.radiopiu.net\/wordpress\/wp-content\/uploads\/2019\/12\/FIOCCO.mp3\">https:\/\/www.radiopiu.net\/wordpress\/wp-content\/uploads\/2019\/12\/FIOCCO.mp3<\/a><\/audio>\n<p>&nbsp;<\/p>\n<p>&nbsp;<\/p>\n<p>&nbsp;<\/p>\n<h3>NON SOLO UN ALBERO DI NATALE PER PALAZZO SHERIMAN, MA IL CONSOLIDAMENTO DI UN&#8217;AMICIZIA IMPORTANTE<\/h3>\n<p><a class=\"dt-pswp-item\" href=\"https:\/\/www.radiopiu.net\/wordpress\/wp-content\/uploads\/2019\/12\/66d21420-8c8b-4a57-9942-f4d5bc634bc9.jpg\" data-dt-img-description=\"\" data-large_image_width=\"1512\" data-large_image_height=\"2016\"><img loading=\"lazy\" decoding=\"async\" class=\"alignnone size-medium wp-image-110334\" src=\"https:\/\/www.radiopiu.net\/wordpress\/wp-content\/uploads\/2019\/12\/66d21420-8c8b-4a57-9942-f4d5bc634bc9-225x300.jpg\" alt=\"\" width=\"225\" height=\"300\" srcset=\"https:\/\/www.radiopiu.net\/wordpress\/wp-content\/uploads\/2019\/12\/66d21420-8c8b-4a57-9942-f4d5bc634bc9-225x300.jpg 225w, https:\/\/www.radiopiu.net\/wordpress\/wp-content\/uploads\/2019\/12\/66d21420-8c8b-4a57-9942-f4d5bc634bc9-768x1024.jpg 768w, https:\/\/www.radiopiu.net\/wordpress\/wp-content\/uploads\/2019\/12\/66d21420-8c8b-4a57-9942-f4d5bc634bc9-1152x1536.jpg 1152w, https:\/\/www.radiopiu.net\/wordpress\/wp-content\/uploads\/2019\/12\/66d21420-8c8b-4a57-9942-f4d5bc634bc9.jpg 1512w\" sizes=\"auto, (max-width: 225px) 100vw, 225px\" \/><\/a><a class=\"dt-pswp-item\" href=\"https:\/\/www.radiopiu.net\/wordpress\/wp-content\/uploads\/2019\/12\/7e08ed7d-5565-46c7-be15-d121e23116d3.jpg\" data-dt-img-description=\"\" data-large_image_width=\"1200\" data-large_image_height=\"1599\"><img loading=\"lazy\" decoding=\"async\" class=\"alignnone size-medium wp-image-110333\" src=\"https:\/\/www.radiopiu.net\/wordpress\/wp-content\/uploads\/2019\/12\/7e08ed7d-5565-46c7-be15-d121e23116d3-225x300.jpg\" alt=\"\" width=\"225\" height=\"300\" srcset=\"https:\/\/www.radiopiu.net\/wordpress\/wp-content\/uploads\/2019\/12\/7e08ed7d-5565-46c7-be15-d121e23116d3-225x300.jpg 225w, https:\/\/www.radiopiu.net\/wordpress\/wp-content\/uploads\/2019\/12\/7e08ed7d-5565-46c7-be15-d121e23116d3-768x1023.jpg 768w, https:\/\/www.radiopiu.net\/wordpress\/wp-content\/uploads\/2019\/12\/7e08ed7d-5565-46c7-be15-d121e23116d3-1153x1536.jpg 1153w, https:\/\/www.radiopiu.net\/wordpress\/wp-content\/uploads\/2019\/12\/7e08ed7d-5565-46c7-be15-d121e23116d3.jpg 1200w\" sizes=\"auto, (max-width: 225px) 100vw, 225px\" \/><\/a><\/p>\n<p><strong> ROCCA PIETORE<\/strong> Un albero di Natale di Santa Maria delle Grazie a Venezia, occasione anche per riparlare del progetto Serrai di Sottoguda. Ieri in laguna il sindaco Andrea De Bernardin,\u00a0 con l&#8217;assessore Fabio De Cassan e il presidente del consorzio operatori turistici Lucia Farenzena e<\/p>\n<p><strong>SINDACO ANDREA DE BERNARDIN\u00a0<\/strong><\/p>\n<audio class=\"wp-audio-shortcode\" id=\"audio-110304-5\" preload=\"none\" style=\"width: 100%;\" controls=\"controls\"><source type=\"audio\/mpeg\" src=\"https:\/\/www.radiopiu.net\/wordpress\/wp-content\/uploads\/2019\/12\/andrea-db.mp3?_=5\" \/><a href=\"https:\/\/www.radiopiu.net\/wordpress\/wp-content\/uploads\/2019\/12\/andrea-db.mp3\">https:\/\/www.radiopiu.net\/wordpress\/wp-content\/uploads\/2019\/12\/andrea-db.mp3<\/a><\/audio>\n<h3><\/h3>\n<h3><\/h3>\n<p>&nbsp;<\/p>\n<p>&nbsp;<\/p>\n<p>&nbsp;<\/p>\n<h3>&#8220;FELTRE RINNOVA&#8221;, NEL 2020 TRE FINESTRE E CONTRIBUTI PER 90 MILA EURO<\/h3>\n<p><strong><a class=\"dt-pswp-item\" href=\"https:\/\/www.radiopiu.net\/wordpress\/wp-content\/uploads\/2019\/12\/db6add9a-1527-41c5-86cd-7b76d3faffb1.jpg\" data-dt-img-description=\"\" data-large_image_width=\"2000\" data-large_image_height=\"1500\"><img loading=\"lazy\" decoding=\"async\" class=\" wp-image-110353 alignleft\" src=\"https:\/\/www.radiopiu.net\/wordpress\/wp-content\/uploads\/2019\/12\/db6add9a-1527-41c5-86cd-7b76d3faffb1-300x225.jpg\" alt=\"\" width=\"192\" height=\"144\" srcset=\"https:\/\/www.radiopiu.net\/wordpress\/wp-content\/uploads\/2019\/12\/db6add9a-1527-41c5-86cd-7b76d3faffb1-300x225.jpg 300w, https:\/\/www.radiopiu.net\/wordpress\/wp-content\/uploads\/2019\/12\/db6add9a-1527-41c5-86cd-7b76d3faffb1-1024x768.jpg 1024w, https:\/\/www.radiopiu.net\/wordpress\/wp-content\/uploads\/2019\/12\/db6add9a-1527-41c5-86cd-7b76d3faffb1-768x576.jpg 768w, https:\/\/www.radiopiu.net\/wordpress\/wp-content\/uploads\/2019\/12\/db6add9a-1527-41c5-86cd-7b76d3faffb1-1536x1152.jpg 1536w, https:\/\/www.radiopiu.net\/wordpress\/wp-content\/uploads\/2019\/12\/db6add9a-1527-41c5-86cd-7b76d3faffb1.jpg 2000w\" sizes=\"auto, (max-width: 192px) 100vw, 192px\" \/><\/a>FELTRE<\/strong>\u00a0 Sono molte le novit\u00e0 del nuovo bando di \u201cFeltre Rinnova\u201d, il progetto messo a punto dal Comune di Feltre per incentivare la sostituzione degli impianti di riscaldamento a biomasse obsoleti con strumenti pi\u00f9 moderni ed efficienti, che contribuiscano all&#8217;abbassamento delle emissioni di inquinanti in atmosfera. Per il 2020 sono previste tre finestre, la prima con inizio proprio a gennaio. Tra le novit\u00e0 del nuovo bando, spiccano l&#8217;estensione dei contributi, oltre che a stufe, termostufe, caminetti, cucine a legna o pellet, caldaie a biomasse, e alle canne fumarie, ora anche agli infissi degli ambienti oggetto di rottamazione del vecchio impianto. E&#8217; stata ampliata anche la platea dei potenziali beneficiari, con l&#8217;aumento del massimale ISEE degli aventi diritto fino a 35 mila euro. Va <a class=\"dt-pswp-item\" href=\"https:\/\/www.radiopiu.net\/wordpress\/wp-content\/uploads\/2019\/12\/5d32477c-0a5e-4733-830a-f797244e808c.jpg\" data-dt-img-description=\"\" data-large_image_width=\"2000\" data-large_image_height=\"1500\"><img loading=\"lazy\" decoding=\"async\" class=\"wp-image-110352 alignright\" src=\"https:\/\/www.radiopiu.net\/wordpress\/wp-content\/uploads\/2019\/12\/5d32477c-0a5e-4733-830a-f797244e808c-300x225.jpg\" alt=\"\" width=\"214\" height=\"161\" srcset=\"https:\/\/www.radiopiu.net\/wordpress\/wp-content\/uploads\/2019\/12\/5d32477c-0a5e-4733-830a-f797244e808c-300x225.jpg 300w, https:\/\/www.radiopiu.net\/wordpress\/wp-content\/uploads\/2019\/12\/5d32477c-0a5e-4733-830a-f797244e808c-1024x768.jpg 1024w, https:\/\/www.radiopiu.net\/wordpress\/wp-content\/uploads\/2019\/12\/5d32477c-0a5e-4733-830a-f797244e808c-768x576.jpg 768w, https:\/\/www.radiopiu.net\/wordpress\/wp-content\/uploads\/2019\/12\/5d32477c-0a5e-4733-830a-f797244e808c-1536x1152.jpg 1536w, https:\/\/www.radiopiu.net\/wordpress\/wp-content\/uploads\/2019\/12\/5d32477c-0a5e-4733-830a-f797244e808c.jpg 2000w\" sizes=\"auto, (max-width: 214px) 100vw, 214px\" \/><\/a>ribadito che, combinando i contributi di \u201cFeltre Rinnova\u201d con altre forme incentivanti cumulabili (Conto Termico 2.0 e altre) \u00e8 di fatto possibile arrivare alla quasi totale copertura finanziaria dell&#8217;intero investimento previsto. Lo Sportello Energia del Comune di Feltre \u00e8 come sempre a disposizione per tutte le informazioni e l&#8217;assistenza necessaria.<\/p>\n<p><strong>L&#8217;ASSESSORE VALTER BONAN<\/strong><\/p>\n<audio class=\"wp-audio-shortcode\" id=\"audio-110304-6\" preload=\"none\" style=\"width: 100%;\" controls=\"controls\"><source type=\"audio\/mpeg\" src=\"https:\/\/www.radiopiu.net\/wordpress\/wp-content\/uploads\/2019\/12\/BONAN.mp3?_=6\" \/><a href=\"https:\/\/www.radiopiu.net\/wordpress\/wp-content\/uploads\/2019\/12\/BONAN.mp3\">https:\/\/www.radiopiu.net\/wordpress\/wp-content\/uploads\/2019\/12\/BONAN.mp3<\/a><\/audio>\n<p>&nbsp;<\/p>\n<p>&nbsp;<\/p>\n<p>&nbsp;<\/p>\n<p>&nbsp;<\/p>\n<h3>Taglio dei dipendenti comunali. De Carlo: \u201cS\u00ec a nuove assunzioni, ma i comuni siano liberi di cacciare i fannulloni\u201d.<\/h3>\n<p><strong><a class=\"dt-pswp-item\" href=\"https:\/\/www.radiopiu.net\/wordpress\/wp-content\/uploads\/2018\/03\/DE-CARLO-e1550809667344.jpg\" data-dt-img-description=\"\" data-large_image_width=\"203\" data-large_image_height=\"248\"><img loading=\"lazy\" decoding=\"async\" class=\"size-full wp-image-44920 alignleft\" src=\"https:\/\/www.radiopiu.net\/wordpress\/wp-content\/uploads\/2018\/03\/DE-CARLO-e1550809667344.jpg\" alt=\"\" width=\"203\" height=\"248\" \/><\/a>CALALZO<\/strong>\u00a0 \u201cSiamo pienamente d&#8217;accordo con la necessit\u00e0, segnalata dal sindacato della Funzione Pubblica della CGIL Belluno, di nuove assunzioni nei comuni per tamponare i tagli subiti negli ultimi anni, ma allo stesso tempo va data la possibilit\u00e0 di cacciare dalle amministrazioni i fannulloni, che peggiorano i servizi ai cittadini e inguaiano i colleghi meritevoli\u201d: cos\u00ec il deputato di Fratelli d&#8217;Italia e Sindaco di Calalzo di Cadore, Luca De Carlo, raccoglie la denuncia del sindacato bellunese, che evidenzia come in 10 anni si siano persi oltre 500 posti nei comuni della provincia.<br \/>\nDe Carlo porta l&#8217;esempio di quanto avvenuto nel suo comune: \u201cNell&#8217;arco di pochissimo tempo, siamo passati da 14 a 9 dipendenti, potendo integrarne solo due. Devo ringraziare chi \u00e8 rimasto per l&#8217;impegno che ci ha messo, altrimenti non saremmo stati in grado di garantire i servizi\u201d.<br \/>\nDe Carlo concorda anche con quanto affermato dalla CGIL bellunese, quando afferma che \u201cla politica si \u00e8 riempita la bocca della necessit\u00e0 di potenziare attivit\u00e0 e servizi dei nostri comuni, nel nome della vicinanza di questi enti al cittadino e del federalismo, ma nessun legislatore, a tutti i livelli, ha mai concretamente agito in tal senso\u201d: \u201cQuesti sono i risultati di anni di vulgata grillina anti-casta, che non ha colpito e penalizzato solo i sindaci, i consiglieri comunali, le province, ma ha anche travolto tutti quelli che lavorano per le amministrazioni. Lo svuotamento degli enti di risorse, di personale e, in sostanza, della propria dignit\u00e0 ha come obbiettivo quello di togliere rappresentanza ai territori e di portare all&#8217;eliminazione e alla fusione di realt\u00e0 ormai private di ogni forza\u201d, denuncia De Carlo.<\/p>\n<p>&nbsp;<\/p>\n<p>&nbsp;<\/p>\n<p>&nbsp;<\/p>\n<p>&nbsp;<\/p>\n<p>&nbsp;<\/p>\n<p>&nbsp;<\/p>\n<p>&nbsp;<\/p>\n<h3>CARTOLINE DOLOMITICHE: CONTINUA LA RICERCA DI FOTOGRAFIE PER LA PROMOZIONE TURISTICA<\/h3>\n<p><strong><a class=\"dt-pswp-item\" href=\"https:\/\/www.radiopiu.net\/wordpress\/wp-content\/uploads\/2019\/12\/PHOTO-2019-12-19-12-51-18.jpg\" data-dt-img-description=\"\" data-large_image_width=\"897\" data-large_image_height=\"592\"><img loading=\"lazy\" decoding=\"async\" class=\"size-medium wp-image-110311 alignleft\" src=\"https:\/\/www.radiopiu.net\/wordpress\/wp-content\/uploads\/2019\/12\/PHOTO-2019-12-19-12-51-18-300x198.jpg\" alt=\"\" width=\"300\" height=\"198\" srcset=\"https:\/\/www.radiopiu.net\/wordpress\/wp-content\/uploads\/2019\/12\/PHOTO-2019-12-19-12-51-18-300x198.jpg 300w, https:\/\/www.radiopiu.net\/wordpress\/wp-content\/uploads\/2019\/12\/PHOTO-2019-12-19-12-51-18-768x507.jpg 768w, https:\/\/www.radiopiu.net\/wordpress\/wp-content\/uploads\/2019\/12\/PHOTO-2019-12-19-12-51-18.jpg 897w\" sizes=\"auto, (max-width: 300px) 100vw, 300px\" \/><\/a>BELLUNO<\/strong> La Provincia di Belluno ha concluso nei giorni scorsi l\u2019acquisizione di nuove immagini per comunicare la bellezza e la magia degli scenari dolomitici. Un\u2019attivit\u00e0 in sinergia con la Dmo Dolomiti che rientra nel piano marketing di promozione territoriale \u201cVivere le Dolomiti\u201d, finanziato con Fondo Comuni di confine.\u00a0 Gli ultimi scatti acquisiti ritraggono alcuni degli scorci pi\u00f9 significativi delle montagne bellunesi. E sono opera di Cristian Bigontina e Lorena Bravin. Entrambi fotografi professionisti, hanno alle spalle importanti pubblicazioni e partecipazioni a mostre. Insieme hanno collaborato alla rassegna \u201cLuci sulle Dolomiti. Panorami dolomitici tra poesie, romanzi e narrazioni\u201d. E proprio sulle rocce di dolomia hanno realizzato gli scatti che la Provincia ha voluto acquistare per la sua promozione turistica. Intanto, continua la ricerca di immagini sempre nuove. La campagna di selezione \u00e8 finalizzata all\u2019acquisto di altri scatti che colgano nuove prospettive sulle Dolomiti bellunesi, che ne raccontino i profili e i fianchi millenari, la grazia della fauna che le popola e le tradizioni delle genti che ci abitano, la variet\u00e0 dei colori di fiori e piante, e la cristallinit\u00e0 delle acque che continuano a cesellarne la roccia. Foto che raccontino l\u2019uomo e la natura, la pace dei luoghi, ma anche l\u2019entusiasmo della scoperta, della conquista. I tempi lenti e le grandi passioni. Insomma, la natura complessa e preziosissima degli infiniti equilibri che rendono uniche le Dolomiti. La candidatura \u00e8 aperta esclusivamente a fotografi professionisti italiani e stranieri, in possesso di partita iva e dei requisiti per contrarre con la Pubblica Amministrazione. Per informazioni e candidature \u00e8 sufficiente scrivere all&#8217;indirizzo mail m.zucco@provincia.belluno.it (non ci sono scadenze).<\/p>\n<p>&nbsp;<\/p>\n<p>&nbsp;<\/p>\n<p>&nbsp;<\/p>\n<p>&nbsp;<\/p>\n<p>&nbsp;<\/p>\n<h3>FILM ON DEMAND SULLA PIATTAFORMA MLOL: ECCO L\u2019ULTIMO REGALO DI NATALE PER GLI UTENTI DELLE BIBLIOTECHE BELLUNESI<\/h3>\n<p><strong>BELLUNO<\/strong> Il cinema in compagnia e con tutta la famiglia \u00e8 sicuramente tra le pi\u00f9 belle tradizioni di Natale. Adesso diventa una delle possibilit\u00e0 in pi\u00f9 offerte agli utenti della biblioteche bellunesi. Da casa, su computer o smart tv, gratis. La novit\u00e0 \u00e8 resa possibile dal Servizio Biblioteche della Provincia di Belluno, che ha previsto l\u2019integrazione dei film all\u2019interno dell\u2019offerta di MediaLibraryOnLine, la prima rete italiana di biblioteche pubbliche, accademiche e scolastiche per il prestito digitale. La lista delle pellicole \u00e8 in costante aggiornamento, ma gi\u00e0 oggi conta pi\u00f9 di 400 file, c\u2019\u00e8 anche la possibilit\u00e0 di guardare un film in lingua: sono centinaia quelli in inglese.<br \/>\nL\u2019arrivo delle risorse \u201ccinema\u201d seguono altri due regali di Natale che il Servizio Biblioteche ha riservato agli utenti bellunesi. Nelle settimane scorse, infatti, la piattaforma Mlol aveva accolto l\u2019integrazione con il servizio Spotify per ascoltare musica, ed era stata arricchita con gli ebook del catalogo Giunti-Bompiani (oltre 4mila volumi).<\/p>\n<p>&nbsp;<\/p>\n<p>&nbsp;<\/p>\n<p>&nbsp;<\/p>\n<h3>DA ASCOLI AL POLITECNICO DI CERTOTTICA PER SCOPRIRE I SEGRETI DELL\u2019OCCHIALE<\/h3>\n<p><strong><a class=\"dt-pswp-item\" href=\"https:\/\/www.radiopiu.net\/wordpress\/wp-content\/uploads\/2019\/12\/Fabio-Stramare-allopera.jpg\" data-dt-img-description=\"\" data-large_image_width=\"2016\" data-large_image_height=\"1512\"><img loading=\"lazy\" decoding=\"async\" class=\" wp-image-110314 alignleft\" src=\"https:\/\/www.radiopiu.net\/wordpress\/wp-content\/uploads\/2019\/12\/Fabio-Stramare-allopera-300x225.jpg\" alt=\"\" width=\"215\" height=\"161\" srcset=\"https:\/\/www.radiopiu.net\/wordpress\/wp-content\/uploads\/2019\/12\/Fabio-Stramare-allopera-300x225.jpg 300w, https:\/\/www.radiopiu.net\/wordpress\/wp-content\/uploads\/2019\/12\/Fabio-Stramare-allopera-1024x768.jpg 1024w, https:\/\/www.radiopiu.net\/wordpress\/wp-content\/uploads\/2019\/12\/Fabio-Stramare-allopera-768x576.jpg 768w, https:\/\/www.radiopiu.net\/wordpress\/wp-content\/uploads\/2019\/12\/Fabio-Stramare-allopera-1536x1152.jpg 1536w, https:\/\/www.radiopiu.net\/wordpress\/wp-content\/uploads\/2019\/12\/Fabio-Stramare-allopera.jpg 2016w\" sizes=\"auto, (max-width: 215px) 100vw, 215px\" \/><\/a>LONGARONE\u00a0<\/strong> Ben 60 allievi dell\u2019indirizzo ottico dell&#8217;istituto di istruzione secondaria superiore &#8220;Fermi Sacconi Ceci&#8221; hanno trascorso la mattinata incantati dalla lezione di Fabio Stramare. Stramare, designer di fama internazionale, spesso definito un \u201cvisionario dell\u2019occhiale\u201d, installando un vero e proprio banco di produzione, a colpi di lima e attrezzi del mestiere, ha spiegato come da una tavoletta di acetato si possa dar vita a questo accessorio sempre pi\u00f9 oggetto di studi creativi. A completare la visita, l\u2019introduzione di Fabrizio Pradal, un altro esperto di massimo livello, stavolta nel settore 3D, che ha illustrato gli aspetti di innovazione e le opportunit\u00e0 della progettazione digitale dell&#8217;occhiale, e le testimonianze di due allievi dell\u2019ITS \u2013 Academy in Design e Tecnica dell\u2019Occhiale (che, ricordiamo, \u00e8 finanziato da Regione del Veneto e MIUR e promosso dalla Fashion Academy ITS Cosmo), che hanno raccontato gli stimoli dati dal percorso formativo. Grazie a questa panoramica i ragazzi del corso di ottica si sono potuti approcciare alla parte progettuale, manuale e creativa del mondo dell\u2019occhiale.<\/p>\n<blockquote>\n<p style=\"text-align: left;\"><em><a class=\"dt-pswp-item\" href=\"https:\/\/www.radiopiu.net\/wordpress\/wp-content\/uploads\/2019\/12\/Gli-allievi-ascoltano-Fabrizio-Pradal.jpg\" data-dt-img-description=\"\" data-large_image_width=\"1600\" data-large_image_height=\"1200\"><img loading=\"lazy\" decoding=\"async\" class=\" wp-image-110313 alignleft\" src=\"https:\/\/www.radiopiu.net\/wordpress\/wp-content\/uploads\/2019\/12\/Gli-allievi-ascoltano-Fabrizio-Pradal-300x225.jpg\" alt=\"\" width=\"197\" height=\"148\" srcset=\"https:\/\/www.radiopiu.net\/wordpress\/wp-content\/uploads\/2019\/12\/Gli-allievi-ascoltano-Fabrizio-Pradal-300x225.jpg 300w, https:\/\/www.radiopiu.net\/wordpress\/wp-content\/uploads\/2019\/12\/Gli-allievi-ascoltano-Fabrizio-Pradal-1024x768.jpg 1024w, https:\/\/www.radiopiu.net\/wordpress\/wp-content\/uploads\/2019\/12\/Gli-allievi-ascoltano-Fabrizio-Pradal-768x576.jpg 768w, https:\/\/www.radiopiu.net\/wordpress\/wp-content\/uploads\/2019\/12\/Gli-allievi-ascoltano-Fabrizio-Pradal-1536x1152.jpg 1536w, https:\/\/www.radiopiu.net\/wordpress\/wp-content\/uploads\/2019\/12\/Gli-allievi-ascoltano-Fabrizio-Pradal.jpg 1600w\" sizes=\"auto, (max-width: 197px) 100vw, 197px\" \/><\/a>\u201cApriamo sempre molto volentieri le porte al mondo esterno \u2013 commentano dall\u2019Area Formazione di Certottica \u2013 ed in particolare alle realt\u00e0 scolastiche che ci richiedono sempre pi\u00f9 frequentemente di organizzare appuntamenti di orientamento. Riteniamo, infatti, di poter offrire un\u2019opportunit\u00e0 formativa concreta a chi viene in visita da noi perch\u00e9, da sempre, leghiamo le nostre attivit\u00e0 al mondo del lavoro e delle attivit\u00e0 pratiche e reali. Un esempio esplicativo \u00e8 stato quello di oggi, che ha visto gli allievi prendere in mano per la prima volta gli attrezzi di un mestiere che ancora attinge molto dall\u2019artigianalit\u00e0 e ascoltare da relatori preparati quali sono gli aspetti e le fasi di progettazione e realizzazione dell\u2019occhiale\u201d. \u201cCrediamo sia un modo per completare e stimolare la formazione in aula e, magari, per far intraprendere ai giovani una carriera in questo mondo. E l\u2019entusiasmo negli occhi degli allievi ascolani, ci ha dato un&#8217;altra volta conferma di questo\u201d.<\/em><\/p>\n<\/blockquote>\n<p>&nbsp;<\/p>\n<p>&nbsp;<\/p>\n<p>&nbsp;<\/p>\n<p>&nbsp;<\/p>\n<p>&nbsp;<\/p>\n<h3>ASSOCIAZIONE BELLUNESE PER LA TUTELA DEI DIRITTI DEL MALATO<\/h3>\n<blockquote><p><em>L&#8217;appello: \u00abC&#8217;\u00e8 bisogno di un coordinatore e di forze nuove per proseguire le attivit\u00e0\u00bb.<\/em><\/p><\/blockquote>\n<p><strong><a class=\"dt-pswp-item\" href=\"https:\/\/www.radiopiu.net\/wordpress\/wp-content\/uploads\/2019\/12\/Associazione-bellunese-per-la-tutela-dei-diritti-del-malato-onlus-1.jpg\" data-dt-img-description=\"\" data-large_image_width=\"522\" data-large_image_height=\"768\"><img loading=\"lazy\" decoding=\"async\" class=\" wp-image-110327 alignleft\" src=\"https:\/\/www.radiopiu.net\/wordpress\/wp-content\/uploads\/2019\/12\/Associazione-bellunese-per-la-tutela-dei-diritti-del-malato-onlus-1-204x300.jpg\" alt=\"\" width=\"167\" height=\"246\" srcset=\"https:\/\/www.radiopiu.net\/wordpress\/wp-content\/uploads\/2019\/12\/Associazione-bellunese-per-la-tutela-dei-diritti-del-malato-onlus-1-204x300.jpg 204w, https:\/\/www.radiopiu.net\/wordpress\/wp-content\/uploads\/2019\/12\/Associazione-bellunese-per-la-tutela-dei-diritti-del-malato-onlus-1.jpg 522w\" sizes=\"auto, (max-width: 167px) 100vw, 167px\" \/><\/a>BELLUNO<\/strong>\u00a0 C&#8217;\u00e8 bisogno di linfa nuova per l&#8217;associazione bellunese per la Tutela dei diritti del malato. La Onlus, nata nel 2001, si \u00e8 distinta nel corso di questi 19 anni, per i brillanti traguardi raggiunti in campo sociale e sanitario, perseguendo un preciso intento: fornire supporto concreto al cittadino, spaziando dalle pratiche burocratiche &#8211; come ad esempio la presentazione di una domanda di esenzione da ticket o il cambio del medico di famiglia &#8211; a questioni pi\u00f9 complesse e delicate, come l&#8217;assistenza nel caso di danni subiti a seguito di errore medico o di diritti violati. Ora per\u00f2 l&#8217;associazione necessita di un rinnovo, a partire dalla figura di un coordinatore dei progetti. La presidente Bice Gallo Menegus guarda avanti e fa un appello a giovani e meno giovani che abbiano a cuore il prosieguo delle attivit\u00e0. Per mancanza di ricambio, infatti, l&#8217;associazione rischia di chiudere a fine anno e, a quel punto, verranno meno i numerosi servizi offerti.<\/p>\n<blockquote><p><em>\u00abL&#8217;associazione svolge un servizio di consulenza medico-legale gratuito, tramite un coordinatore, che a sua volta si avvale di una rete di medici legali, consulenti e avvocati che supportano il lavoro dei volontari\u00bb, spiega la presidente. \u00abCerchiamo di assicurare l&#8217;assistenza medico-legale in tutti quei casi che richiedono un&#8217;attenta analisi dei fatti che possono aver procurato danno fisico ed esistenziale al paziente nell&#8217;ambito di strutture pubbliche e private. Inoltre pratichiamo consulenze per questioni di ticket, rimborsi e spese mediche, pratiche di riconoscimento di invalidit\u00e0 civile, ecc\u00bb.\u00a0<\/em><\/p><\/blockquote>\n<p>&nbsp;<\/p>\n<p>&nbsp;<\/p>\n<p>&nbsp;<\/p>\n<p>&nbsp;<\/p>\n<p>&nbsp;<\/p>\n<p>&nbsp;<\/p>\n<h3>LA \u201cBACHECA DEL VOLONTARIATO BELLUNESE\u201d FESTEGGIA UN ANNO<\/h3>\n<blockquote><p><em>Spazio di visibilit\u00e0 gratuita per gli enti del Terzo settore<\/em><\/p><\/blockquote>\n<p><strong><a class=\"dt-pswp-item\" href=\"https:\/\/www.radiopiu.net\/wordpress\/wp-content\/uploads\/2019\/12\/Assia.jpg\" data-dt-img-description=\"\" data-large_image_width=\"683\" data-large_image_height=\"433\"><img loading=\"lazy\" decoding=\"async\" class=\"size-medium wp-image-110310 alignright\" src=\"https:\/\/www.radiopiu.net\/wordpress\/wp-content\/uploads\/2019\/12\/Assia-300x190.jpg\" alt=\"\" width=\"300\" height=\"190\" srcset=\"https:\/\/www.radiopiu.net\/wordpress\/wp-content\/uploads\/2019\/12\/Assia-300x190.jpg 300w, https:\/\/www.radiopiu.net\/wordpress\/wp-content\/uploads\/2019\/12\/Assia.jpg 683w\" sizes=\"auto, (max-width: 300px) 100vw, 300px\" \/><\/a>BELLUNO\u00a0<\/strong> Compie un anno la \u201cBacheca del Volontariato bellunese\u201d, pagina Facebook di riferimento per volontari e associazioni del territorio provinciale. Essa \u00e8 nata, infatti, ormai dodici mesi fa, ad opera del Csv Belluno, per dare spazio alle numerose notizie afferenti agli enti del Terzo settore e sta crescendo di giorno in giorno. L&#8217;obiettivo per\u00f2 \u00e8 quello che divenga punto di riferimento soprattutto per gli utenti alla ricerca di informazioni, dunque c&#8217;\u00e8 bisogno di un ancora maggiore coinvolgimento dei responsabili di enti del Terzo settore, associazioni di promozione sociale e organizzazioni di volontariato, per farla crescere nel numero di utenti e di interazioni. Sulla bacheca virtuale vengono pubblicati e\/o condivisi post relativi alle comunicazioni delle associazioni, agli eventi, a richieste varie (ad esempio di nuovi volontari, ausili, donazioni, ecc.). Ci sono associazioni che compaiono meno frequentemente ed \u00e8 a loro che il Csv di Belluno si rivolge, invitandole a sfruttare il pi\u00f9 possibile questo spazio gratuito per far conoscere la grande potenzialit\u00e0 del volontariato bellunese anche attraverso il social network. Avere visibilit\u00e0 \u00e8 semplicissimo: basta inviare una breve descrizione dell&#8217;evento o della notizia \u2013 con data, luoghi e contenuto sintetico \u2013 e una fotografia. Si pu\u00f2 interagire direttamente con la pagina attraverso messaggi diretti oppure scrivere a ufficiostampa@csvbelluno.it. La si trova scrivendo sul campo ricerca di Facebook \u201cBacheca del Volontariato bellunese\u201d o @volontariatobellunese.<\/p>\n<p>&nbsp;<\/p>\n<p>&nbsp;<\/p>\n<p>&nbsp;<\/p>\n<h3>Farmacia di Pieve: nessuna esternalizzazione alle viste, ma una miglior efficienza del servizio reso ai cittadini<\/h3>\n<p><strong> <a class=\"dt-pswp-item\" href=\"https:\/\/www.radiopiu.net\/wordpress\/wp-content\/uploads\/2019\/12\/images-2.jpg\" data-dt-img-description=\"\" data-large_image_width=\"300\" data-large_image_height=\"168\"><img loading=\"lazy\" decoding=\"async\" class=\" wp-image-110343 alignleft\" src=\"https:\/\/www.radiopiu.net\/wordpress\/wp-content\/uploads\/2019\/12\/images-2.jpg\" alt=\"\" width=\"263\" height=\"147\" \/><\/a>ALPAGO<\/strong>\u00a0 <em>\u201cNon \u00e8 mia abitudine rispondere sulla stampa o sui social alle polemiche strumentali o alle provocazioni (perch\u00e9 di questo si tratta in questo caso) del consigliere Bortoluzzi; l\u2019ultima uscita, legata ad un servizio primario per i cittadini, e per questo molto sensibile, rischia per\u00f2 di creare disinformazione ed inutile allarme tra la popolazione\u201d.<\/em> Cos\u00ec il sindaco del Comune di Alpago, Umberto Soccal, in merito alle dichiarazioni del consigliere Massimo Bortoluzzi sull\u2019incarico conferito dall\u2019Amministrazione ad un professionista per la valutazione dell\u2019opportunit\u00e0 di affidare la gestione della farmacia di Pieve ad un privato.<\/p>\n<blockquote><p><em>\u201cE\u2019 un\u2019operazione che abbiamo deciso di studiare adesso, perch\u00e9 in concomitanza con le dimissioni dell\u2019attuale responsabile del servizio, avvenute per scelte personali e professionali, e quindi non programmabile, ma sulla cui logica ci stiamo confrontando da tempo. Va anzitutto premesso che non c\u2019\u00e8 in ballo nessuna esternalizzazione: la farmacia, e con essa la licenza, resteranno in ogni caso di propriet\u00e0 comunale, cos\u00ec come non verr\u00e0 dislocata la sua ubicazione.\u00a0 L\u2019operazione che stiamo valutando riguarda esclusivamente l\u2019eventuale affitto del ramo d\u2019azienda, ovvero l\u2019affidamento della gestione, ad un soggetto privato, all\u2019interno di un quadro ben definito di utilit\u00e0 pubblica\u201d.<\/em><\/p><\/blockquote>\n<p>&nbsp;<\/p>\n<p>&nbsp;<\/p>\n<p>&nbsp;<\/p>\n<p>&nbsp;<\/p>\n<h3>EX ALUNNI E LAVORATORI PER ORIENTARE ALLA SCUOLA SECONDARIA<\/h3>\n<blockquote><p><em>Istituto Comprensivo di Mel e Lentiai \u2013 l\u2019orientamento scolastico fatto in classe da ex alunni e figure professionali del territorio.<\/em><\/p><\/blockquote>\n<p><strong><a class=\"dt-pswp-item\" href=\"https:\/\/www.radiopiu.net\/wordpress\/wp-content\/uploads\/2019\/12\/IMG-20191209-WA0002-1.jpg\" data-dt-img-description=\"\" data-large_image_width=\"2048\" data-large_image_height=\"1536\"><img loading=\"lazy\" decoding=\"async\" class=\"size-medium wp-image-110328 alignleft\" src=\"https:\/\/www.radiopiu.net\/wordpress\/wp-content\/uploads\/2019\/12\/IMG-20191209-WA0002-1-300x225.jpg\" alt=\"\" width=\"300\" height=\"225\" srcset=\"https:\/\/www.radiopiu.net\/wordpress\/wp-content\/uploads\/2019\/12\/IMG-20191209-WA0002-1-300x225.jpg 300w, https:\/\/www.radiopiu.net\/wordpress\/wp-content\/uploads\/2019\/12\/IMG-20191209-WA0002-1-1024x768.jpg 1024w, https:\/\/www.radiopiu.net\/wordpress\/wp-content\/uploads\/2019\/12\/IMG-20191209-WA0002-1-768x576.jpg 768w, https:\/\/www.radiopiu.net\/wordpress\/wp-content\/uploads\/2019\/12\/IMG-20191209-WA0002-1-1536x1152.jpg 1536w, https:\/\/www.radiopiu.net\/wordpress\/wp-content\/uploads\/2019\/12\/IMG-20191209-WA0002-1.jpg 2048w\" sizes=\"auto, (max-width: 300px) 100vw, 300px\" \/><\/a>BORGOVALBELLUNA<\/strong> Per quanto nella vita si possa pi\u00f9 volte cambiare idea, la scelta della scuola superiore per i ragazzi dell\u2019ultimo anno della secondaria di primo grado \u00e8 sicuramente la prima importante scelta in funzione del futuro. Proprio per questo non \u00e8 semplice e spesso \u00e8 difficile riuscire a capire le proprie inclinazioni e interessi. Consapevoli di ci\u00f2 le insegnanti referenti all\u2019orientamento scolastico dell\u2019Istituto Comprensivo di Mel e Lentiai, Claudia Casagrande e Romina Maffi, hanno pensato di offrire ai ragazzi dell\u2019ultimo anno delle medie un\u2019esperienza diversa dalla semplice e usuale visita alle scuole superiori. In due appuntamenti, di due ore ciascuno, i ragazzi delle classi terze hanno incontrato ex alunni dell\u2019Istituto Comprensivo di Mel, che ora sono all\u2019universit\u00e0, e figure professionali del mondo del lavoro, che hanno raccontato il proprio percorso scolastico e le scelte di vita che li hanno portati alla loro situazione attuale. Gli incontri si sono svolti in due <a class=\"dt-pswp-item\" href=\"https:\/\/www.radiopiu.net\/wordpress\/wp-content\/uploads\/2019\/12\/IMG-20191209-WA0004-1.jpg\" data-dt-img-description=\"\" data-large_image_width=\"2048\" data-large_image_height=\"1536\"><img loading=\"lazy\" decoding=\"async\" class=\"size-medium wp-image-110330 alignright\" src=\"https:\/\/www.radiopiu.net\/wordpress\/wp-content\/uploads\/2019\/12\/IMG-20191209-WA0004-1-300x225.jpg\" alt=\"\" width=\"300\" height=\"225\" srcset=\"https:\/\/www.radiopiu.net\/wordpress\/wp-content\/uploads\/2019\/12\/IMG-20191209-WA0004-1-300x225.jpg 300w, https:\/\/www.radiopiu.net\/wordpress\/wp-content\/uploads\/2019\/12\/IMG-20191209-WA0004-1-1024x768.jpg 1024w, https:\/\/www.radiopiu.net\/wordpress\/wp-content\/uploads\/2019\/12\/IMG-20191209-WA0004-1-768x576.jpg 768w, https:\/\/www.radiopiu.net\/wordpress\/wp-content\/uploads\/2019\/12\/IMG-20191209-WA0004-1-1536x1152.jpg 1536w, https:\/\/www.radiopiu.net\/wordpress\/wp-content\/uploads\/2019\/12\/IMG-20191209-WA0004-1.jpg 2048w\" sizes=\"auto, (max-width: 300px) 100vw, 300px\" \/><\/a>momenti: in un primo step alunni e lavoratori invitati hanno condiviso il proprio percorso formativo e lavorativo. Si \u00e8 parlato di architettura, ingegneria, giornalismo, fashion design, agricoltura biologica, falegnameria e insegnamento, ma soprattutto tutti gli ospiti hanno sottolineato come con la passione si possano affrontare anche esperienze dure ed impegnative e quanto sia importante scegliere ci\u00f2 che piace. Qualunque strada si intraprenda, non pu\u00f2 mancare l\u2019impegno se si vuole riuscire. Alcuni lavoratori hanno parlato anche di insuccessi scolastici e successi poi nel mondo del lavoro. Successivamente i ragazzi si sono divisi in sottogruppi in base agli interessi per poter porre domande specifiche alle varie persone invitate riguardo la scuola frequentata e al percorso lavorativo intrapreso. L\u2019iniziativa \u00e8 stata apprezzata da alunni e professori cos\u00ec come dai relatori, la maggior parte dei quali si \u00e8 reso disponibile ad intervenire anche in futuro.<\/p>\n<p>&nbsp;<\/p>\n<p>&nbsp;<\/p>\n<p>&nbsp;<\/p>\n<p>&nbsp;<\/p>\n<p>&nbsp;<\/p>\n<h3>\u00a0\u201cUn saluto alpino\u201d per gli auguri di Natale. All\u2019ospedale cittadino si \u00e8 tenuto l\u2019evento a cui hanno partecipato i ragazzi del comprensivo, con le autorit\u00e0 cittadine, il coro Ana e il gruppo Monte Cauriol.<\/h3>\n<p><strong><a class=\"dt-pswp-item\" href=\"https:\/\/www.radiopiu.net\/wordpress\/wp-content\/uploads\/2019\/12\/IC-FELTRE-Un-Saluto-Alpino-1.jpg\" data-dt-img-description=\"\" data-large_image_width=\"1440\" data-large_image_height=\"2560\"><img loading=\"lazy\" decoding=\"async\" class=\" wp-image-110315 alignleft\" src=\"https:\/\/www.radiopiu.net\/wordpress\/wp-content\/uploads\/2019\/12\/IC-FELTRE-Un-Saluto-Alpino-1-169x300.jpg\" alt=\"\" width=\"118\" height=\"209\" srcset=\"https:\/\/www.radiopiu.net\/wordpress\/wp-content\/uploads\/2019\/12\/IC-FELTRE-Un-Saluto-Alpino-1-169x300.jpg 169w, https:\/\/www.radiopiu.net\/wordpress\/wp-content\/uploads\/2019\/12\/IC-FELTRE-Un-Saluto-Alpino-1-576x1024.jpg 576w, https:\/\/www.radiopiu.net\/wordpress\/wp-content\/uploads\/2019\/12\/IC-FELTRE-Un-Saluto-Alpino-1-768x1365.jpg 768w, https:\/\/www.radiopiu.net\/wordpress\/wp-content\/uploads\/2019\/12\/IC-FELTRE-Un-Saluto-Alpino-1-864x1536.jpg 864w, https:\/\/www.radiopiu.net\/wordpress\/wp-content\/uploads\/2019\/12\/IC-FELTRE-Un-Saluto-Alpino-1-1152x2048.jpg 1152w, https:\/\/www.radiopiu.net\/wordpress\/wp-content\/uploads\/2019\/12\/IC-FELTRE-Un-Saluto-Alpino-1.jpg 1440w\" sizes=\"auto, (max-width: 118px) 100vw, 118px\" \/><\/a>FELTRE\u00a0<\/strong> Un Babbo Natale Alpino pieno di caramelle per tutti. E\u2019 stato il finale del Concerto Natalizio \u201cUn saluto alpino\u201d che si \u00e8 tenuto questa mattina (19.12.2019) nell\u2019aula conferenze dell\u2019Ospedale civile di Feltre. Protagonisti gli alunni della scuola media \u201cRocca\u201d dell\u2019Istituto Comprensivo Statale, con le classi 1a B, 1a E e 3a D, i bambini della scuola dell\u2019Infanzia di Anz\u00f9, e quelli della scuola primaria di Nemeggio nell\u2019ambito di un progetto di inclusione Scuole Unite, gli allievi della scuola annessa al centro integrazione. Presenti la dirigente scolastica Lorella Lazzaretti dell\u2019I.C. di Feltre, il presidente del Consiglio Comunale, Manuel Sacchet, il capo dipartimento di Chirurgia del nosocomio Santa Maria del Prato, Umberto Mondin. Una mattinata piena di canti e poesie della tradizione natalizia e <a class=\"dt-pswp-item\" href=\"https:\/\/www.radiopiu.net\/wordpress\/wp-content\/uploads\/2019\/12\/IC-FELTRE-Un-Saluto-Alpino-4.jpg\" data-dt-img-description=\"\" data-large_image_width=\"2560\" data-large_image_height=\"1440\"><img loading=\"lazy\" decoding=\"async\" class=\" wp-image-110316 alignright\" src=\"https:\/\/www.radiopiu.net\/wordpress\/wp-content\/uploads\/2019\/12\/IC-FELTRE-Un-Saluto-Alpino-4-300x169.jpg\" alt=\"\" width=\"227\" height=\"128\" srcset=\"https:\/\/www.radiopiu.net\/wordpress\/wp-content\/uploads\/2019\/12\/IC-FELTRE-Un-Saluto-Alpino-4-300x169.jpg 300w, https:\/\/www.radiopiu.net\/wordpress\/wp-content\/uploads\/2019\/12\/IC-FELTRE-Un-Saluto-Alpino-4-1024x576.jpg 1024w, https:\/\/www.radiopiu.net\/wordpress\/wp-content\/uploads\/2019\/12\/IC-FELTRE-Un-Saluto-Alpino-4-768x432.jpg 768w, https:\/\/www.radiopiu.net\/wordpress\/wp-content\/uploads\/2019\/12\/IC-FELTRE-Un-Saluto-Alpino-4-1536x864.jpg 1536w, https:\/\/www.radiopiu.net\/wordpress\/wp-content\/uploads\/2019\/12\/IC-FELTRE-Un-Saluto-Alpino-4-2048x1152.jpg 2048w\" sizes=\"auto, (max-width: 227px) 100vw, 227px\" \/><\/a>della tradizione degli alpini con l\u2019esibizione del coro A.N.A.<\/p>\n<blockquote><p><em>\u201cUn grazie particolare va al Gruppo Alpini Feltre Monte Cauriol \u2013 spiega la docente Tiziana Zatta \u2013 per il loro sostegno all\u2019iniziativa\u201d. \u201cLa manifestazione \u00e8 pensata come un\u2019occasione in cui si riesce a star bene insieme nei diversi ordini di scuola, dall\u2019infanzia alla secondaria di primo grado \u2013 spiega la docente Alessandra De Cecco \u2013 Il senso \u00e8 quello di riunirsi come una grande famiglia in occasione del Natale\u201d.<\/em><\/p><\/blockquote>\n<p>&nbsp;<\/p>\n<p>&nbsp;<\/p>\n<p>&nbsp;<\/p>\n<p>&nbsp;<\/p>\n<p>&nbsp;<\/p>\n<p>&nbsp;<\/p>\n<h3>LA SCUOLA PRIMARIA DI LENTIAI \u201cVOLA CON I LIBRI\u201d ALL&#8217; UNIVERSIT\u00c0 AMERICANA DI RHODE ISLAND<\/h3>\n\n\t\t\t<style type='text\/css'>\n\t\t\t\t#gallery-2 {\n\t\t\t\t\tmargin: auto;\n\t\t\t\t}\n\t\t\t\t#gallery-2 .gallery-item {\n\t\t\t\t\tfloat: left;\n\t\t\t\t\tmargin-top: 10px;\n\t\t\t\t\ttext-align: center;\n\t\t\t\t\twidth: 33%;\n\t\t\t\t}\n\t\t\t\t#gallery-2 img {\n\t\t\t\t\tborder: 2px solid #cfcfcf;\n\t\t\t\t}\n\t\t\t\t#gallery-2 .gallery-caption {\n\t\t\t\t\tmargin-left: 0;\n\t\t\t\t}\n\t\t\t\t\/* see gallery_shortcode() in wp-includes\/media.php *\/\n\t\t\t<\/style>\n\t\t<div id='gallery-2' class='dt-gallery-container gallery galleryid-110304 gallery-columns-3 gallery-size-thumbnail'><dl class='gallery-item'>\n\t\t\t\t<dt class='gallery-icon landscape'>\n\t\t\t\t\t<a class=\"rollover\" href='https:\/\/www.radiopiu.net\/wordpress\/giornale-radiopiu-20-dicembre-2019-direttore-mirko-mezzacasa\/img_20191218_105733_resized_20191218_105806291\/'><img loading=\"lazy\" decoding=\"async\" width=\"150\" height=\"150\" src=\"https:\/\/www.radiopiu.net\/wordpress\/wp-content\/uploads\/2019\/12\/IMG_20191218_105733_resized_20191218_105806291-150x150.jpg\" class=\"attachment-thumbnail size-thumbnail\" alt=\"\" \/><\/a>\n\t\t\t\t<\/dt><\/dl><dl class='gallery-item'>\n\t\t\t\t<dt class='gallery-icon landscape'>\n\t\t\t\t\t<a class=\"rollover\" href='https:\/\/www.radiopiu.net\/wordpress\/giornale-radiopiu-20-dicembre-2019-direttore-mirko-mezzacasa\/bty-19\/'><img loading=\"lazy\" decoding=\"async\" width=\"150\" height=\"150\" src=\"https:\/\/www.radiopiu.net\/wordpress\/wp-content\/uploads\/2019\/12\/volare-con-i-libri-foto-3-150x150.jpg\" class=\"attachment-thumbnail size-thumbnail\" alt=\"\" \/><\/a>\n\t\t\t\t<\/dt><\/dl><dl class='gallery-item'>\n\t\t\t\t<dt class='gallery-icon landscape'>\n\t\t\t\t\t<a class=\"rollover\" href='https:\/\/www.radiopiu.net\/wordpress\/giornale-radiopiu-20-dicembre-2019-direttore-mirko-mezzacasa\/foto-volare-con-i-libri\/'><img loading=\"lazy\" decoding=\"async\" width=\"150\" height=\"150\" src=\"https:\/\/www.radiopiu.net\/wordpress\/wp-content\/uploads\/2019\/12\/FOTO-VOLARE-CON-I-LIBRI-150x150.jpg\" class=\"attachment-thumbnail size-thumbnail\" alt=\"\" \/><\/a>\n\t\t\t\t<\/dt><\/dl><br style=\"clear: both\" \/>\n\t\t\t<\/div>\n\n<blockquote><p><em>L&#8217;Istituto Comprensivo di Mel e Lentia: la scuola primaria di Lentiai legge e fa leggere gli studenti dell\u2019Universit\u00e0 di Rhode Island. <\/em><\/p><\/blockquote>\n<p><strong>BORGOVALBELLUNA\u00a0 <\/strong>E&#8217; nato gi\u00e0 da diversi anni il progetto \u201cVolare con i libri\u201d, un accordo di partenariato tra l&#8217;insegnante Claudia Comel e la professoressa universitaria Caterina Sama, docente di lingua e letteratura italiana negli Stati Uniti (Universit\u00e0 di Rhode Island) per la costituzione di una \u201cgiovane comunit\u00e0 di lettori&#8221; composta da alunni italiani che frequentano la Scuola Primaria a Lentiai di Borgo Valbelluna e studenti universitari americani. Protagonista una classe terza che, da settembre a dicembre, ha potuto sviluppare un importante percorso di lettura attraverso scambi comunicativi internazionali, \u201cvolando oltre oceano\u201d via Skype, grazie all&#8217;utilizzo della lavagna interattiva multimediale. La \u201cgiovane comunit\u00e0 di lettori\u201d si \u00e8 cimentata prima su divertenti filastrocche da imparare a memoria, anche con l&#8217;uso di simpatici personaggi in legno animati, direttamente dai bambini, in un teatrino in aula o di video-filmati girati dagli stessi studenti americani, poi su bizzarri scioglilingua da ripetere pi\u00f9 velocemente possibile, in seguito su favole classiche o reinventate in piccoli gruppi, per coglierne gli insegnamenti morali e infine su fiabe originali scritte ed illustrate in diverse sequenze per realizzare insieme dieci differenti libricini da scambiare e condividere nella lettura.<\/p>\n<p>&nbsp;<\/p>\n<p>&nbsp;<\/p>\n<p>&nbsp;<\/p>\n<p>&nbsp;<\/p>\n<h2>BATTAGLIA DELLA CATALOGNA\u201d DEL \u201838 : L\u2019ORO ALL\u2019AGORDINO OTTORINO BRESSAN<\/h2>\n<p><strong>di RENATO BONA\u00a0<\/strong><\/p>\n<p><strong>BELLUNO<\/strong> Parr\u00e0 strano ma non si riesce a reperire un\u2019immagine di Ottorino Bressan, nato ad Agordo nel 1893, medaglia d\u2019oro (e non solo) al valor militare per fatti dei quali \u00e8 stato protagonista nella guerra di Spagna . Lo conferma il pregevole \u201cLe medaglie d\u2019oro bellunesi al valor militare\u201d edito nel 1993 dalla Tipografia Tiziano di Pieve di Cadore e del quale \u00e8 autore lo storico Emanuele D\u2019Andrea: \u201cOgni tentativo di avere una sua foto \u00e8 risultato vano\u2026 \u201d). Questa la motivazione del conferimento della massima onorificenza al \u201cSenior Mvsn del secondo reggimento fanteria Littorio\u201d: \u201cComandante del battaglione CC.NN. \u2018Inflessibile\u2019 scriveva una delle pi\u00f9 belle pagine di gloria nella battaglia della Catalogna. Chiamato a costituire una testa di ponte, dopo accanito combattimento raggiungeva l\u2019obiettivo alla testa del suo reparto. Quivi respingeva reiterati contrattacchi sferrati dal nemico in due giorni di lotta furibonda. Successivamente, avuto ordine di allargare l\u2019occupazione, riprendeva decisamente l\u2019offensiva e, mentre avanzava tra i primi, cadeva mortalmente ferito. I suoi legionari, quale estremo omaggio al loro intrepido comandante, vollero rendergli l\u2019onore delle armi e dell\u2019appello fascista, mentre ancora infuriava la battaglia, Catalogna-Cogul 26, 27, 28 dicembre 1938\u201d. I fatti &#8211; precisa D\u2019Andrea nel suo libro &#8211; avvennero a sud-est di Lerida. Il 21 dicembre, Franco scaten\u00f2 un\u2019offensiva in direzione della strada che porta da Lerida a Taragona. Il 26 venne contrattaccato dalle Forze internazionali del V Corpo del generale Lisier. I Legionari arrivarono presso Casteldans, mentre nei cieli si combattevano gli aerei avversari, con attacchi alle forze di terra. A Seros, Bressan ricevette l\u2019ordine di aprire un varco per far affluire verso il nemico il grosso delle truppe. Riusc\u00ec nell\u2019intento insieme ai suoi uomini attaccando ed aprendo un passaggio di appena 700 metri, attraverso il quale le truppe fasciste raggiunsero il Rio Segre e, dopo un settimana di battaglia, conquistarono la Catalogna\u201d. C\u2019\u00e8 da aggiungere che Ottorino Bressan, volontario nel secondo reggimento bersaglieri partecip\u00f2 alle operazioni di guerra per la conquista della Libia (1912-1913). Rimpatriato nel giugno 1916 e nominato aspirante ufficiale, fu inviato sul fronte nazionale con la 509. Compagnia mitraglieri. Promosso sottotenente di fanteria, dal 1. gennaio 1917 frequent\u00f2 un corso di pilota d\u2019aeroplano. Tenente dal 1. ottobre 1917 rientr\u00f2 in fanteria, al 9. Reparto mitraglieri nel settembre 1918. Inviato nuovamente in Africa nel gennaio 1919, sbarc\u00f2 a Massaua nel febbraio successivo, assegnato al V battaglione eritreo. Richiamato col grado di capitano e messo a disposizione del Comando generale di Milizia, fu successivamente inviato in missione il 30 giugno 1938. Gli venne conferita la croce di guerra per le azioni sull\u2019Amba Aradan (1936). Aveva perduto il fratello\u00a0 Domenico nella prima guerra; l\u2019altro, Antonio, morir\u00e0 in Grecia nel secondo conflitto. La famiglia all\u2019inizio del secolo si era trasferita in provincia di Perugia.<\/p>\n\n\t\t\t<style type='text\/css'>\n\t\t\t\t#gallery-3 {\n\t\t\t\t\tmargin: auto;\n\t\t\t\t}\n\t\t\t\t#gallery-3 .gallery-item {\n\t\t\t\t\tfloat: left;\n\t\t\t\t\tmargin-top: 10px;\n\t\t\t\t\ttext-align: center;\n\t\t\t\t\twidth: 33%;\n\t\t\t\t}\n\t\t\t\t#gallery-3 img {\n\t\t\t\t\tborder: 2px solid #cfcfcf;\n\t\t\t\t}\n\t\t\t\t#gallery-3 .gallery-caption {\n\t\t\t\t\tmargin-left: 0;\n\t\t\t\t}\n\t\t\t\t\/* see gallery_shortcode() in wp-includes\/media.php *\/\n\t\t\t<\/style>\n\t\t<div id='gallery-3' class='dt-gallery-container gallery galleryid-110304 gallery-columns-3 gallery-size-thumbnail'><dl class='gallery-item'>\n\t\t\t\t<dt class='gallery-icon portrait'>\n\t\t\t\t\t<a class=\"rollover\" href='https:\/\/www.radiopiu.net\/wordpress\/giornale-radiopiu-20-dicembre-2019-direttore-mirko-mezzacasa\/79835500_1083106318687498_7176481779967066112_n\/'><img loading=\"lazy\" decoding=\"async\" width=\"80\" height=\"120\" src=\"https:\/\/www.radiopiu.net\/wordpress\/wp-content\/uploads\/2019\/12\/79835500_1083106318687498_7176481779967066112_n.jpg\" class=\"attachment-thumbnail size-thumbnail\" alt=\"\" \/><\/a>\n\t\t\t\t<\/dt><\/dl><dl class='gallery-item'>\n\t\t\t\t<dt class='gallery-icon landscape'>\n\t\t\t\t\t<a class=\"rollover\" href='https:\/\/www.radiopiu.net\/wordpress\/giornale-radiopiu-20-dicembre-2019-direttore-mirko-mezzacasa\/80389871_1412035218965278_4611525442485092352_n\/'><img loading=\"lazy\" decoding=\"async\" width=\"150\" height=\"150\" src=\"https:\/\/www.radiopiu.net\/wordpress\/wp-content\/uploads\/2019\/12\/80389871_1412035218965278_4611525442485092352_n-150x150.jpg\" class=\"attachment-thumbnail size-thumbnail\" alt=\"\" \/><\/a>\n\t\t\t\t<\/dt><\/dl><dl class='gallery-item'>\n\t\t\t\t<dt class='gallery-icon landscape'>\n\t\t\t\t\t<a class=\"rollover\" href='https:\/\/www.radiopiu.net\/wordpress\/giornale-radiopiu-20-dicembre-2019-direttore-mirko-mezzacasa\/79504914_2407954279316547_9000680937494675456_n\/'><img loading=\"lazy\" decoding=\"async\" width=\"150\" height=\"150\" src=\"https:\/\/www.radiopiu.net\/wordpress\/wp-content\/uploads\/2019\/12\/79504914_2407954279316547_9000680937494675456_n-150x150.jpg\" class=\"attachment-thumbnail size-thumbnail\" alt=\"\" \/><\/a>\n\t\t\t\t<\/dt><\/dl><br style=\"clear: both\" \/>\n\t\t\t<\/div>\n\n<p>NELLE FOTO (Libera enciclopedia Wikipedia): la medaglia d\u2019oro al valor militare; offensiva italiana nella guerra di Spagna; colonna di italiani alla conquista della Catalogna.<\/p>\n<p>&nbsp;<\/p>\n<p>&nbsp;<\/p>\n<p>&nbsp;<\/p>\n<p>&nbsp;<\/p>\n<p>&nbsp;<\/p>\n<h3>CONSORZIO DEI COMUNI DEL BACINO IMBRIFERO MONTANO DEL PIAVE<br \/>\nAPPARTENENTI ALLA PROVINCIA DI BELLUNO<\/h3>\n<p><strong><a class=\"dt-pswp-item\" href=\"https:\/\/www.radiopiu.net\/wordpress\/wp-content\/uploads\/2015\/11\/LogoBIM.jpg\" data-dt-img-description=\"\" data-large_image_width=\"352\" data-large_image_height=\"200\"><img loading=\"lazy\" decoding=\"async\" class=\" wp-image-13204 alignleft\" src=\"https:\/\/www.radiopiu.net\/wordpress\/wp-content\/uploads\/2015\/11\/LogoBIM-300x170.jpg\" alt=\"\" width=\"226\" height=\"128\" \/><\/a>BELLUNO<\/strong> La riunione \u00e8 in calendario per venerdi 27 dicembre alle 14.30 in sala convegni Ana di via Tissi. Ordine del giorno:\u00a0 variazione al Bilancio di previsione 2019\/2021\u201d; \u00a0Approvazione Bilancio di Previsione 2020\/2022; \u00a0Approvazione accordo integrativo con Enel Produzione Spa per il versamento del saldo dell\u2019IMU dovuta per le centrali idroelettriche site nel territorio bellunese per gli anni 2014- 2015;\u00a0 Revisione periodica delle Societ\u00e0 partecipate detenute al 31\/12\/2018 e relazione sull\u2019attuazione delle misure di razionalizzazione ai sensi dell\u2019art. 20 del D.Lgs. 19 agosto 2016, n. 175; \u00a0Definizione criteri per la nomina del rappresentante del Consorzio BIM Piave nel CdA della Fondazione \u201cCentro Studi Tiziano e Cadore\u201d.<\/p>\n<p>&nbsp;<\/p>\n<p>&nbsp;<\/p>\n<p>&nbsp;<\/p>\n<p>&nbsp;<\/p>\n<p>&nbsp;<\/p>\n<p>&nbsp;<\/p>\n<h3>CONSIGLI COMUNALI INTERROGAZIONI PER GRONES (LIVINALLONGO) E DEON (RIVAMONTE)<\/h3>\n<p><strong><a class=\"dt-pswp-item\" href=\"https:\/\/www.radiopiu.net\/wordpress\/wp-content\/uploads\/2019\/12\/download-13.jpg\" data-dt-img-description=\"\" data-large_image_width=\"236\" data-large_image_height=\"214\"><img loading=\"lazy\" decoding=\"async\" class=\" wp-image-110364 alignleft\" src=\"https:\/\/www.radiopiu.net\/wordpress\/wp-content\/uploads\/2019\/12\/download-13.jpg\" alt=\"\" width=\"200\" height=\"181\" \/><\/a>LIVINALLONGO<\/strong> Lunedi alle 18 consiglio comunale Fodom, bilancio, adozione della variante al prg e interrogazione della minoranza sui parcheggi pubblici di Passo Campolongo.<\/p>\n<p>&nbsp;<\/p>\n<p><strong>L&#8217;INTERROGAZIONE DI FODOM NOSTA TIERA NOSTA VITA<\/strong><\/p>\n<p><strong>Parcheggi pubblici al Passo Campolongo<\/strong> \u2022 Dato l\u2019imminente inizio della stagione invernale, ed il consueto problema di mancanza di parcheggi pubblici al Passo Campolongo; \u2022 Dati i due parcheggi costruiti negli ultimi anni: nr. 1 parcheggio vicino all\u2019Hotel Bo\u00e8 e nr. 1 parcheggio vicino all\u2019\u00dctia La Tambra <strong>chiediamo<\/strong> di aggiornare il Consiglio sul prosieguo dei lavori esplicitando la competenza e la data del fine lavori del parcheggio vicino all\u2019Hotel Bo\u00e8, nonch\u00e9 se vi siano state stipulate delle convenzioni per la gestione dei due parcheggi sopra citati.<\/p>\n<p><strong>LA PROPOSTA DI FODOM NOSTA TIERA NOSTA VITA<\/strong><\/p>\n<p><strong>Campo Scuola Sci al Passo Campolong<\/strong>o \u2022 Dato l\u2019imminente inizio della stagione invernale, e l\u2019importante numero di posti letto al Passo Campolongo; \u2022 Data l\u2019adeguatezza della zona pianeggiante e soleggiata al Passo Campolongo; \u2022 Data la necessit\u00e0 di ampliamento dell\u2019offerta turistica per le famiglie; \u2022 Data la disponibilit\u00e0 offerta dalla Scuola Sci Dolomites Reba a collaborare nell\u2019individuazione di un luogo consono per la creazione del campo scuola sci;<br \/>\nproponiamo al Consiglio di prevedere la possibilit\u00e0 di creare un campo scuola sci, con zona ludica per slitte e giochi per bambini al Passo Campolongo. I sottoscritti Consiglieri Comunali chiedono che la presente interrogazione venga trattata e discussa nella prossima seduta consiliare del 29 novembre 2019 integrando l\u2019odg.<\/p>\n<p>&nbsp;<\/p>\n<h3>GLI ALTRI APPUNTAMENTI\u00a0 E L&#8217;INTERROGAZIONE PER DEON<\/h3>\n<p><strong>RIVAMONTE <\/strong>Questa sera \u00a0 alle 19 consiglio comunale a Rivamonte, all&#8217;ordine del giorno variazioni al bilancio, regolamento per la pubblicit\u00e0, adozione variante 1 al PAT, approvazione regolamento per la gestione dei crediti edilizi, interrogazione presentata da un consigliere comunale in merito all&#8217;esecuzione dell&#8217;ordinanza di taglio alberi lungo le strade comunali<\/p>\n<p><strong>SAN TOMASO<\/strong> Il sindaco di San Tomaso, Moreno De Val, ha convocato per questa sera\u00a0 alle 20 il consiglio comunale. All&#8217;ordine del giorno ci sono tre punti. Con il primo l&#8217;assemblea delegher\u00e0 il Consorzio Bim per la definizione di accordi con Enel per il pagamento di Imu per gli anni 2014 e 2015 e approver\u00e0 la convenzione da sottoscrivere tra Bim e Enel. Con il secondo si andr\u00e0 ad approvare lo schema di contratto per la costituzione di una servit\u00f9 di elettrodotto per cabina elettrica e linee elettriche afferenti tra il Comune ed e-distribuzione spa. Con il terzo, infine, verr\u00e0 effettuata una ricognizione delle partecipazioni dell&#8217;ente.<\/p>\n<p><strong>CENCENIGHE<\/strong> Consiglio comunale lunedi 23 dicembre alle 21. Ordine del giorno: ricognizione partecipazioni; approvazione convenzione da sottoscrivere tra consorzio Bim Piave ed Enel Promozione; adozione variante al Pat; registro comunale elettronico dei crediti edilizi; approvazione nuovo regolamento per l&#8217;applicazione dell&#8217;imposta comunale sulla pubblicit\u00e0.<\/p>\n<p><strong>TAIBON<\/strong> Fine anno in Municipio con il consiglio comunale di lunedi 30 dicembre alle 18. Tra gli argomenti in discussione: addizionale Irpef modifica al regolamento, conferimento incarichi di collaborazione autonoma, bilancio 2020-22.<\/p>\n<p>&nbsp;<\/p>\n<p>&nbsp;<\/p>\n<p>&nbsp;<\/p>\n<p>&nbsp;<\/p>\n<h3><span style=\"font-family: Times, serif;\">SERATA DI CORI PER AUGURARE UN \u201cBUON NATALE, TERRA!\u201d<\/span><\/h3>\n<p><span style=\"font-family: Times, serif;\"><a class=\"dt-pswp-item\" href=\"https:\/\/www.radiopiu.net\/wordpress\/wp-content\/uploads\/2019\/12\/Foto-scaled.jpg\" data-dt-img-description=\"\" data-large_image_width=\"2560\" data-large_image_height=\"1703\"><img loading=\"lazy\" decoding=\"async\" class=\"size-medium wp-image-110219 alignleft\" src=\"https:\/\/www.radiopiu.net\/wordpress\/wp-content\/uploads\/2019\/12\/Foto-300x200.jpg\" alt=\"\" width=\"300\" height=\"200\" srcset=\"https:\/\/www.radiopiu.net\/wordpress\/wp-content\/uploads\/2019\/12\/Foto-300x200.jpg 300w, https:\/\/www.radiopiu.net\/wordpress\/wp-content\/uploads\/2019\/12\/Foto-1024x681.jpg 1024w, https:\/\/www.radiopiu.net\/wordpress\/wp-content\/uploads\/2019\/12\/Foto-768x511.jpg 768w, https:\/\/www.radiopiu.net\/wordpress\/wp-content\/uploads\/2019\/12\/Foto-1536x1022.jpg 1536w, https:\/\/www.radiopiu.net\/wordpress\/wp-content\/uploads\/2019\/12\/Foto-2048x1363.jpg 2048w\" sizes=\"auto, (max-width: 300px) 100vw, 300px\" \/><\/a><strong>AGORDO<\/strong> Torna puntuale anche quest\u2019anno, <\/span><span style=\"font-family: Times, serif;\">gioved\u00ec 26 dicembre alle 20.45,<\/span> <span style=\"font-family: Times, serif;\">nella chiesa arcidiaconale di Agordo, <\/span><span style=\"font-family: Times, serif;\">il Concerto di Natale del Coro Agordo. <\/span><span style=\"font-family: Times, serif;\">In questa occasione il coro diretto da Roberta Conedera ospiter\u00e0 il gruppo corale di Vittorio Veneto \u201cGli Sconcertati\u201d<\/span><\/p>\n<p>&nbsp;<\/p>\n<p>&nbsp;<\/p>\n<p>&nbsp;<\/p>\n<p>&nbsp;<\/p>\n<p>&nbsp;<\/p>\n<p>&nbsp;<\/p>\n<p>&nbsp;<\/p>\n<p>&nbsp;<\/p>\n<p>&nbsp;<\/p>\n<h3>AL TEAZ IL LIBRO DI GIAMPAOLO BOTTACIN<\/h3>\n<p><strong><a class=\"dt-pswp-item\" href=\"https:\/\/www.radiopiu.net\/wordpress\/wp-content\/uploads\/2019\/12\/19665f35-0a98-4870-be22-d68cf64b742f.jpg\" data-dt-img-description=\"\" data-large_image_width=\"1125\" data-large_image_height=\"1555\"><img loading=\"lazy\" decoding=\"async\" class=\"wp-image-110332 alignleft\" src=\"https:\/\/www.radiopiu.net\/wordpress\/wp-content\/uploads\/2019\/12\/19665f35-0a98-4870-be22-d68cf64b742f-217x300.jpg\" alt=\"\" width=\"142\" height=\"196\" srcset=\"https:\/\/www.radiopiu.net\/wordpress\/wp-content\/uploads\/2019\/12\/19665f35-0a98-4870-be22-d68cf64b742f-217x300.jpg 217w, https:\/\/www.radiopiu.net\/wordpress\/wp-content\/uploads\/2019\/12\/19665f35-0a98-4870-be22-d68cf64b742f-741x1024.jpg 741w, https:\/\/www.radiopiu.net\/wordpress\/wp-content\/uploads\/2019\/12\/19665f35-0a98-4870-be22-d68cf64b742f-768x1062.jpg 768w, https:\/\/www.radiopiu.net\/wordpress\/wp-content\/uploads\/2019\/12\/19665f35-0a98-4870-be22-d68cf64b742f-1111x1536.jpg 1111w, https:\/\/www.radiopiu.net\/wordpress\/wp-content\/uploads\/2019\/12\/19665f35-0a98-4870-be22-d68cf64b742f.jpg 1125w\" sizes=\"auto, (max-width: 142px) 100vw, 142px\" \/><\/a>ROCCA PIETORE\u00a0<\/strong> La presentazione si terr\u00e0 sabato 28 dicembre 2019, alle ore 20:30 presso la sala &#8220;El Teaz&#8221; di Rocca Pietore. Parte del ricavato sar\u00e0 devoluto a un progetto proposto dalla Protezione Civile dell&#8217;Associazione Nazionale Alpini e destinato al potenziamento dei collegamenti radio in emergenza.\u00a0 Una carrellata di episodi collegati da un filo logico conduttore rappresentato dalla narrazione vissuta sul campo. Emozioni, ansie, paure, ma anche decisioni delicate prese con forza e senza esitazioni, raccontate in un diario che ripercorre il disastro che ha colpito il Veneto nell&#8217;autunno del 2018.<\/p>\n<p><strong>IL SINDACO ANDREA DE BERNARDIN\u00a0<\/strong><\/p>\n<audio class=\"wp-audio-shortcode\" id=\"audio-110304-7\" preload=\"none\" style=\"width: 100%;\" controls=\"controls\"><source type=\"audio\/mpeg\" src=\"https:\/\/www.radiopiu.net\/wordpress\/wp-content\/uploads\/2019\/12\/BOTTAGIN-ANDREA.mp3?_=7\" \/><a href=\"https:\/\/www.radiopiu.net\/wordpress\/wp-content\/uploads\/2019\/12\/BOTTAGIN-ANDREA.mp3\">https:\/\/www.radiopiu.net\/wordpress\/wp-content\/uploads\/2019\/12\/BOTTAGIN-ANDREA.mp3<\/a><\/audio>\n<p>&nbsp;<\/p>\n<p>&nbsp;<\/p>\n<div dir=\"auto\"><\/div>\n<div dir=\"auto\"><\/div>\n<div dir=\"auto\"><\/div>\n<div dir=\"auto\"><\/div>\n<div dir=\"auto\">\n<h3><a class=\"dt-pswp-item\" href=\"http:\/\/www.radiopiu.net\/wordpress\/wp-content\/uploads\/2018\/09\/appuntamenti.jpeg\" data-dt-img-description=\"\" data-large_image_width=\"800\" data-large_image_height=\"100\"><img loading=\"lazy\" decoding=\"async\" class=\"aligncenter wp-image-61958 size-full\" src=\"http:\/\/www.radiopiu.net\/wordpress\/wp-content\/uploads\/2018\/09\/appuntamenti.jpeg\" alt=\"\" width=\"800\" height=\"100\" srcset=\"https:\/\/www.radiopiu.net\/wordpress\/wp-content\/uploads\/2018\/09\/appuntamenti.jpeg 800w, https:\/\/www.radiopiu.net\/wordpress\/wp-content\/uploads\/2018\/09\/appuntamenti-300x38.jpeg 300w, https:\/\/www.radiopiu.net\/wordpress\/wp-content\/uploads\/2018\/09\/appuntamenti-768x96.jpeg 768w\" sizes=\"auto, (max-width: 800px) 100vw, 800px\" \/><\/a><\/h3>\n<\/div>\n<p>&nbsp;<\/p>\n<blockquote><p><strong>ALLEGHE<\/strong> Domenica 22 dicembre KIDS SLED DAY. Sul circuito di Col di Baldi dalle 12.30 alle 16 prova di mini motoslitte gratuita per bambini dai 5 ai 10 anni. Salita in cabinovia da Alleghe a Col dei Baldi gratuita per i bambini. 12.30 incontro con gli istruttori del Moto Club Sled Tech al circuito Col dei Baldi. 12.45 inizio prove libere 16 rientro in cabinovia.<\/p><\/blockquote>\n<p>&nbsp;<\/p>\n<p>&nbsp;<\/p>\n<blockquote><p><strong>TAIBON e l&#8217;albero di San Cipriano. Per il secondo anno con l&#8217;accensione dell&#8217;albero la festa in una frazione del paese &#8220;viva&#8221; &#8230;il 27 dicembre la serata sotto l&#8217;albero<\/strong><\/p><\/blockquote>\n<p>IL COMITATO SAN CIPRIANO, IN COLhttps:\/\/www.radiopiu.net\/wordpress\/i-racconti-di-paolo-soppelsa\/LABORAZIONE CON LA PRO LOCO DI TAIBON VI INVITA A SERATA SOTTO L&#8217;ALBERO.\u00a0 VENERDI 27 DICEMBRE IN PIAZZA SAN CIPRIANO A TAIBON AGORDINO.\u00a0 DALLE 17.15 VISITA ALLA CHIESA DI SAN CIPRIANO A CURA DI LORIS SERAFINI DOPO LA MESSA DELLE ORE 18 GUSTOSO BUFFET CON DOLCI, BEVANDE E LA PARTECIPAZIONE DI LIVIONE.\u00a0 CI SARA&#8217; ANCHE LA MUSICA DAL VIVO DEI RED RIVER REVIVAL.\u00a0 VI ASPETTIAMO VENERDI 27 DICEMBRE A TAIBON AGODINO. AGORDINO DOVE RINASCONO LE DOLOMITI.<\/p>\n<p><a class=\"dt-pswp-item\" href=\"https:\/\/www.radiopiu.net\/wordpress\/wp-content\/uploads\/2019\/12\/WhatsApp-Image-2019-12-07-at-17.37.51.jpeg\" data-dt-img-description=\"\" data-large_image_width=\"1200\" data-large_image_height=\"1600\"><img loading=\"lazy\" decoding=\"async\" class=\"alignnone size-medium wp-image-109081\" src=\"https:\/\/www.radiopiu.net\/wordpress\/wp-content\/uploads\/2019\/12\/WhatsApp-Image-2019-12-07-at-17.37.51-225x300.jpeg\" alt=\"\" width=\"225\" height=\"300\" srcset=\"https:\/\/www.radiopiu.net\/wordpress\/wp-content\/uploads\/2019\/12\/WhatsApp-Image-2019-12-07-at-17.37.51-225x300.jpeg 225w, https:\/\/www.radiopiu.net\/wordpress\/wp-content\/uploads\/2019\/12\/WhatsApp-Image-2019-12-07-at-17.37.51-768x1024.jpeg 768w, https:\/\/www.radiopiu.net\/wordpress\/wp-content\/uploads\/2019\/12\/WhatsApp-Image-2019-12-07-at-17.37.51-1152x1536.jpeg 1152w, https:\/\/www.radiopiu.net\/wordpress\/wp-content\/uploads\/2019\/12\/WhatsApp-Image-2019-12-07-at-17.37.51.jpeg 1200w\" sizes=\"auto, (max-width: 225px) 100vw, 225px\" \/><\/a><a class=\"dt-pswp-item\" href=\"https:\/\/www.radiopiu.net\/wordpress\/wp-content\/uploads\/2019\/12\/8b8f9fae-47ee-4b5b-b1ab-352181ced682.jpg\" data-dt-img-description=\"\" data-large_image_width=\"1200\" data-large_image_height=\"1600\"><img loading=\"lazy\" decoding=\"async\" class=\"alignnone size-medium wp-image-110187\" src=\"https:\/\/www.radiopiu.net\/wordpress\/wp-content\/uploads\/2019\/12\/8b8f9fae-47ee-4b5b-b1ab-352181ced682-225x300.jpg\" alt=\"\" width=\"225\" height=\"300\" srcset=\"https:\/\/www.radiopiu.net\/wordpress\/wp-content\/uploads\/2019\/12\/8b8f9fae-47ee-4b5b-b1ab-352181ced682-225x300.jpg 225w, https:\/\/www.radiopiu.net\/wordpress\/wp-content\/uploads\/2019\/12\/8b8f9fae-47ee-4b5b-b1ab-352181ced682-768x1024.jpg 768w, https:\/\/www.radiopiu.net\/wordpress\/wp-content\/uploads\/2019\/12\/8b8f9fae-47ee-4b5b-b1ab-352181ced682-1152x1536.jpg 1152w, https:\/\/www.radiopiu.net\/wordpress\/wp-content\/uploads\/2019\/12\/8b8f9fae-47ee-4b5b-b1ab-352181ced682.jpg 1200w\" sizes=\"auto, (max-width: 225px) 100vw, 225px\" \/><\/a><\/p>\n<p>&nbsp;<\/p>\n<p>&nbsp;<\/p>\n<p>&nbsp;<\/p>\n<p><a class=\"dt-pswp-item\" href=\"https:\/\/www.radiopiu.net\/wordpress\/wp-content\/uploads\/2019\/12\/b2058e50-dac5-4cba-bb99-4b5dca063633.jpg\" data-dt-img-description=\"\" data-large_image_width=\"1200\" data-large_image_height=\"1600\"><img loading=\"lazy\" decoding=\"async\" class=\" wp-image-110157 alignleft\" src=\"https:\/\/www.radiopiu.net\/wordpress\/wp-content\/uploads\/2019\/12\/b2058e50-dac5-4cba-bb99-4b5dca063633-225x300.jpg\" alt=\"\" width=\"170\" height=\"227\" srcset=\"https:\/\/www.radiopiu.net\/wordpress\/wp-content\/uploads\/2019\/12\/b2058e50-dac5-4cba-bb99-4b5dca063633-225x300.jpg 225w, https:\/\/www.radiopiu.net\/wordpress\/wp-content\/uploads\/2019\/12\/b2058e50-dac5-4cba-bb99-4b5dca063633-768x1024.jpg 768w, https:\/\/www.radiopiu.net\/wordpress\/wp-content\/uploads\/2019\/12\/b2058e50-dac5-4cba-bb99-4b5dca063633-1152x1536.jpg 1152w, https:\/\/www.radiopiu.net\/wordpress\/wp-content\/uploads\/2019\/12\/b2058e50-dac5-4cba-bb99-4b5dca063633.jpg 1200w\" sizes=\"auto, (max-width: 170px) 100vw, 170px\" \/><\/a><\/p>\n<h3 class=\"articlePlainTitle\">Benedizione dei Bambinelli per i presepi<\/h3>\n<div class=\"addthis_sharing_toolbox\" data-url=\"https:\/\/sfoglio.corrierealpi.gelocal.it\/share_article.php?article_id=6149014\" data-title=\"Benedizionedei Bambinelliper i presepi\"><strong>AGORDO\u00a0<\/strong> Il comitato Vecia Popa di Agordo organizza per sabato alle 16 la manifestazione &#8220;Verso il presepe&#8221; in piazza Libert\u00e0. Davanti al presepe che il comitato ha allestito di fianco all&#8217;arcidiaconale, don Cesare Larese impartir\u00e0 la benedizione ai Bambin Ges\u00f9 dei presepi che porteranno i bambini di Agordo e dintorni. Un momento che accompagner\u00e0 dunque il percorso verso il Natale.<\/div>\n<p>.<\/p>\n<div dir=\"auto\"><strong>CANALE D&#8217;AGORDO<\/strong> dal 24 dicembre 2019 al 6 gennaio presso la sala consiliare del Municipio mostra personale di pittura dell&#8217;artista Agordino Walter Savio. Al suo interno un&#8217;altra mostra, con i tipici fienili (&#8220;tabiai&#8221;) in miniatura realizzati dall&#8217;hobbista Germano Costa di San Tomaso Agordino.<\/div>\n<div dir=\"auto\"><\/div>\n<div dir=\"auto\"><strong>SEDICO<\/strong>\u00a0 Christmas Concert, lunedi alle 21alla casa della Dottrina di Sedico. Swingin&#8217; Jazz Orchestra, dirige Enrico Dalle Cort. Musiche di Cole Porter, Duke Ellington, Horace Silver, Bob Mintzer, Frank Sinatra, Michael Bubl\u00e8.<\/div>\n<div dir=\"auto\"><\/div>\n<div dir=\"auto\"><\/div>\n<div dir=\"auto\"><strong>GOSALDO<\/strong> La Parrocchia B. V. Addolorata organizza il concerto di Natale con i cori Cantores Pagenses e Piccolo Coro San Martino di Paese Treviso. Sabato 21 dicembre alle 20.30 nella chiesa parrocchiale con ingresso libero. Si tratta di una sorta di scambio fra Paese (TV) e Gosaldo. L&#8217;anno scorso, il ricavato del concerto natalizio tenutosi a Paese, era stato devoluto al Comune di Gosaldo in seguito ai danni provocati da Vaia. Ora i cantori &#8220;salgono&#8221; per raggiungere i gosaldini ed esibirsi in chiesa.<\/div>\n<p>&nbsp;<\/p>\n<p><strong>LONGARONE<\/strong> Domenica 22 dicembre festa degli anziani ed emigranti del longaronese, 11 messa a Igne, 12.30 pranzo a Villanova di Longarone. Prenotazioni allo 0437 575811<\/p>\n<p>&nbsp;<\/p>\n<p>&nbsp;<\/p>\n<p>&nbsp;<\/p>\n<p>&nbsp;<\/p>\n<h1><span style=\"color: #ff0000;\">IERI ALLA RADIO<\/span><\/h1>\n<p><strong>SESTA PUNTATA CON FRANCESCO ZILLIO<\/strong><\/p>\n<p><iframe loading=\"lazy\" title=\"EPCENTER SESTA PUNTATA impianti tecnologici, verifiche tecniche  secondo il decreto 81 (ex 626)\" width=\"1200\" height=\"675\" src=\"https:\/\/www.youtube.com\/embed\/6srV7V-7mcg?feature=oembed\" frameborder=\"0\" allow=\"accelerometer; autoplay; encrypted-media; gyroscope; picture-in-picture\" allowfullscreen><\/iframe><\/p>\n<blockquote><p>&nbsp;<\/p><\/blockquote>\n<p>&nbsp;<\/p>\n<h1><span style=\"color: #ff0000;\">IERI ALLA RADIO<\/span><\/h1>\n<h2>CON LE BIBLIOTECHE DELLA VALLE DEL BIOIS. RACCONTI APPASSIONATI DI GIUSEPPE MENDICINO<\/h2>\n<p><strong> <a class=\"dt-pswp-item\" href=\"https:\/\/www.radiopiu.net\/wordpress\/wp-content\/uploads\/2019\/12\/WhatsApp-Image-2019-12-15-at-19.05.15.jpeg\" data-dt-img-description=\"\" data-large_image_width=\"999\" data-large_image_height=\"613\"><img loading=\"lazy\" decoding=\"async\" class=\"alignnone size-medium wp-image-109949\" src=\"https:\/\/www.radiopiu.net\/wordpress\/wp-content\/uploads\/2019\/12\/WhatsApp-Image-2019-12-15-at-19.05.15-300x184.jpeg\" alt=\"\" width=\"300\" height=\"184\" srcset=\"https:\/\/www.radiopiu.net\/wordpress\/wp-content\/uploads\/2019\/12\/WhatsApp-Image-2019-12-15-at-19.05.15-300x184.jpeg 300w, https:\/\/www.radiopiu.net\/wordpress\/wp-content\/uploads\/2019\/12\/WhatsApp-Image-2019-12-15-at-19.05.15-768x471.jpeg 768w, https:\/\/www.radiopiu.net\/wordpress\/wp-content\/uploads\/2019\/12\/WhatsApp-Image-2019-12-15-at-19.05.15.jpeg 999w\" sizes=\"auto, (max-width: 300px) 100vw, 300px\" \/><\/a><a class=\"dt-pswp-item\" href=\"https:\/\/www.radiopiu.net\/wordpress\/wp-content\/uploads\/2019\/12\/WhatsApp-Image-2019-12-15-at-19.07.30.jpeg\" data-dt-img-description=\"\" data-large_image_width=\"1600\" data-large_image_height=\"1200\"><img loading=\"lazy\" decoding=\"async\" class=\"alignnone wp-image-109950\" src=\"https:\/\/www.radiopiu.net\/wordpress\/wp-content\/uploads\/2019\/12\/WhatsApp-Image-2019-12-15-at-19.07.30-300x225.jpeg\" alt=\"\" width=\"244\" height=\"183\" srcset=\"https:\/\/www.radiopiu.net\/wordpress\/wp-content\/uploads\/2019\/12\/WhatsApp-Image-2019-12-15-at-19.07.30-300x225.jpeg 300w, https:\/\/www.radiopiu.net\/wordpress\/wp-content\/uploads\/2019\/12\/WhatsApp-Image-2019-12-15-at-19.07.30-1024x768.jpeg 1024w, https:\/\/www.radiopiu.net\/wordpress\/wp-content\/uploads\/2019\/12\/WhatsApp-Image-2019-12-15-at-19.07.30-768x576.jpeg 768w, https:\/\/www.radiopiu.net\/wordpress\/wp-content\/uploads\/2019\/12\/WhatsApp-Image-2019-12-15-at-19.07.30-1536x1152.jpeg 1536w, https:\/\/www.radiopiu.net\/wordpress\/wp-content\/uploads\/2019\/12\/WhatsApp-Image-2019-12-15-at-19.07.30.jpeg 1600w\" sizes=\"auto, (max-width: 244px) 100vw, 244px\" \/><\/a><\/strong><\/p>\n<p><strong>INTRODUZIONE DI GIANNI SANTOMASO<\/strong><\/p>\n<div dir=\"auto\">\n<audio class=\"wp-audio-shortcode\" id=\"audio-110304-8\" preload=\"none\" style=\"width: 100%;\" controls=\"controls\"><source type=\"audio\/mpeg\" src=\"https:\/\/www.radiopiu.net\/wordpress\/wp-content\/uploads\/2019\/12\/BIS-PROMO-GIANNI-BIBLIO.mp3?_=8\" \/><a href=\"https:\/\/www.radiopiu.net\/wordpress\/wp-content\/uploads\/2019\/12\/BIS-PROMO-GIANNI-BIBLIO.mp3\">https:\/\/www.radiopiu.net\/wordpress\/wp-content\/uploads\/2019\/12\/BIS-PROMO-GIANNI-BIBLIO.mp3<\/a><\/audio>\n<\/div>\n<h3>SERATA PARTE PRIMA<\/h3>\n<audio class=\"wp-audio-shortcode\" id=\"audio-110304-9\" preload=\"none\" style=\"width: 100%;\" controls=\"controls\"><source type=\"audio\/mpeg\" src=\"https:\/\/www.radiopiu.net\/wordpress\/wp-content\/uploads\/2019\/12\/parte-1.mp3?_=9\" \/><a href=\"https:\/\/www.radiopiu.net\/wordpress\/wp-content\/uploads\/2019\/12\/parte-1.mp3\">https:\/\/www.radiopiu.net\/wordpress\/wp-content\/uploads\/2019\/12\/parte-1.mp3<\/a><\/audio>\n<h3>SERATA PARTE SECONDA<\/h3>\n<audio class=\"wp-audio-shortcode\" id=\"audio-110304-10\" preload=\"none\" style=\"width: 100%;\" controls=\"controls\"><source type=\"audio\/mpeg\" src=\"https:\/\/www.radiopiu.net\/wordpress\/wp-content\/uploads\/2019\/12\/PARTE2.mp3?_=10\" \/><a href=\"https:\/\/www.radiopiu.net\/wordpress\/wp-content\/uploads\/2019\/12\/PARTE2.mp3\">https:\/\/www.radiopiu.net\/wordpress\/wp-content\/uploads\/2019\/12\/PARTE2.mp3<\/a><\/audio>\n<h3>IL VIDEO<\/h3>\n<p><iframe loading=\"lazy\" title=\"Mario Rigoni Stern  Il coraggio di dire no\" width=\"1200\" height=\"675\" src=\"https:\/\/www.youtube.com\/embed\/kyk4oHbrIOU?feature=oembed\" frameborder=\"0\" allow=\"accelerometer; autoplay; encrypted-media; gyroscope; picture-in-picture\" allowfullscreen><\/iframe><\/p>\n<h3><\/h3>\n<p>&nbsp;<\/p>\n<p>&nbsp;<\/p>\n<blockquote><p>&nbsp;<\/p><\/blockquote>\n<p>&nbsp;<\/p>\n<h1><span style=\"color: #ff0000;\">IERI ALLA RADIO<\/span><\/h1>\n<h3>POCHE ORE AL GRANDE EVENTO IN ALTA BADIA<\/h3>\n<p><strong>di Claudio Fontanive\u00a0<\/strong><\/p>\n<p><strong><a class=\"dt-pswp-item\" href=\"https:\/\/www.radiopiu.net\/wordpress\/wp-content\/uploads\/2019\/12\/audi-fis-ski-world-cup-alta-badia-la-villa-1.jpg\" data-dt-img-description=\"\" data-large_image_width=\"899\" data-large_image_height=\"600\"><img loading=\"lazy\" decoding=\"async\" class=\" wp-image-110405 alignleft\" src=\"https:\/\/www.radiopiu.net\/wordpress\/wp-content\/uploads\/2019\/12\/audi-fis-ski-world-cup-alta-badia-la-villa-1-300x200.jpg\" alt=\"\" width=\"230\" height=\"153\" srcset=\"https:\/\/www.radiopiu.net\/wordpress\/wp-content\/uploads\/2019\/12\/audi-fis-ski-world-cup-alta-badia-la-villa-1-300x200.jpg 300w, https:\/\/www.radiopiu.net\/wordpress\/wp-content\/uploads\/2019\/12\/audi-fis-ski-world-cup-alta-badia-la-villa-1-768x513.jpg 768w, https:\/\/www.radiopiu.net\/wordpress\/wp-content\/uploads\/2019\/12\/audi-fis-ski-world-cup-alta-badia-la-villa-1.jpg 899w\" sizes=\"auto, (max-width: 230px) 100vw, 230px\" \/><\/a>CORVARA<\/strong> Manca davvero poco all&#8217;appuntamento con il grande sci alpino in Alta Badia. Audi fis ski world cup in Alta Badia si terra&#8217; regolarmente domenica e lunedi&#8217; sulla Gran Risa. Le parole del presidente Andy Varallo in collegamento telefonico con i dettagli sul programma. A seguire Alessandro Huber ci parla degli eventi collaterali alla gara, come il &#8220;test the best&#8221; il &#8220;sun gran risa&#8221; e l&#8217;apertura dei parchi in quota Moviment.<\/p>\n<audio class=\"wp-audio-shortcode\" id=\"audio-110304-11\" preload=\"none\" style=\"width: 100%;\" controls=\"controls\"><source type=\"audio\/mpeg\" src=\"https:\/\/www.radiopiu.net\/wordpress\/wp-content\/uploads\/2019\/12\/ski-world-cup-varallo-huber-19-dicembre.mp3?_=11\" \/><a href=\"https:\/\/www.radiopiu.net\/wordpress\/wp-content\/uploads\/2019\/12\/ski-world-cup-varallo-huber-19-dicembre.mp3\">https:\/\/www.radiopiu.net\/wordpress\/wp-content\/uploads\/2019\/12\/ski-world-cup-varallo-huber-19-dicembre.mp3<\/a><\/audio>\n<h3><\/h3>\n<p>&nbsp;<\/p>\n<p>&nbsp;<\/p>\n<p>&nbsp;<\/p>\n<blockquote><p>&nbsp;<\/p><\/blockquote>\n<h3><\/h3>\n<h3><\/h3>\n<h3>LA VAL CHE URLA, IL FILM DI LUCIA ZANETTIN IL 27 DICEMBRE A TRICHIANA, IL 4 GENNAIO IN SALA DON TAMIS AD AGORDO<\/h3>\n<div id=\"fb-root\"><\/div>\n<p><script async=\"1\" defer=\"1\" crossorigin=\"anonymous\" src=\"https:\/\/connect.facebook.net\/it_IT\/sdk.js#xfbml=1&amp;version=v6.0\"><\/script><\/p>\n<div class=\"fb-video\" data-href=\"https:\/\/www.facebook.com\/Mirkomezziano\/videos\/2538630039753100\/\" data-width=\"1200\">\n<blockquote cite=\"https:\/\/www.facebook.com\/Mirkomezziano\/videos\/2538630039753100\/\" class=\"fb-xfbml-parse-ignore\"><p><a href=\"https:\/\/www.facebook.com\/Mirkomezziano\/videos\/2538630039753100\/\"><\/a><\/p>\n<p>diretta radioLA VAL CHE URLA  OSPITI Lucia Zanettin Fiammetta Nena Luca Zanfron<\/p>\n<p>Pubblicato da <a href=\"https:\/\/www.facebook.com\/Mirkomezziano\">Mezzacasa Mirkobis Mirko<\/a> su Marted\u00ec 17 dicembre 2019<\/p><\/blockquote>\n<\/div>\n<p>&nbsp;<\/p>\n<p>&nbsp;<\/p>\n<p>&nbsp;<\/p>\n<p>&nbsp;<\/p>\n<p>&nbsp;<\/p>\n<h2><a class=\"dt-pswp-item\" href=\"http:\/\/www.radiopiu.net\/wordpress\/wp-content\/uploads\/2018\/09\/sport.jpg\" data-dt-img-description=\"\" data-large_image_width=\"800\" data-large_image_height=\"100\"><img loading=\"lazy\" decoding=\"async\" class=\"wp-image-60761 size-full aligncenter\" src=\"http:\/\/www.radiopiu.net\/wordpress\/wp-content\/uploads\/2018\/09\/sport.jpg\" alt=\"\" width=\"800\" height=\"100\" srcset=\"https:\/\/www.radiopiu.net\/wordpress\/wp-content\/uploads\/2018\/09\/sport.jpg 800w, https:\/\/www.radiopiu.net\/wordpress\/wp-content\/uploads\/2018\/09\/sport-300x38.jpg 300w, https:\/\/www.radiopiu.net\/wordpress\/wp-content\/uploads\/2018\/09\/sport-768x96.jpg 768w\" sizes=\"auto, (max-width: 800px) 100vw, 800px\" \/><\/a><\/h2>\n<p>&nbsp;<\/p>\n<h3>A GENNAIO PARTE IL CORSO ARBITRI CSI<\/h3>\n<p><a class=\"dt-pswp-item\" href=\"https:\/\/www.radiopiu.net\/wordpress\/wp-content\/uploads\/2019\/12\/ARBITRO-CALCIO.jpg\" data-dt-img-description=\"\" data-large_image_width=\"678\" data-large_image_height=\"678\"><img loading=\"lazy\" decoding=\"async\" class=\"size-medium wp-image-110357 alignright\" src=\"https:\/\/www.radiopiu.net\/wordpress\/wp-content\/uploads\/2019\/12\/ARBITRO-CALCIO-300x300.jpg\" alt=\"\" width=\"300\" height=\"300\" srcset=\"https:\/\/www.radiopiu.net\/wordpress\/wp-content\/uploads\/2019\/12\/ARBITRO-CALCIO-300x300.jpg 300w, https:\/\/www.radiopiu.net\/wordpress\/wp-content\/uploads\/2019\/12\/ARBITRO-CALCIO-150x150.jpg 150w, https:\/\/www.radiopiu.net\/wordpress\/wp-content\/uploads\/2019\/12\/ARBITRO-CALCIO.jpg 678w\" sizes=\"auto, (max-width: 300px) 100vw, 300px\" \/><\/a>Comincer\u00e0 nel mese di gennaio il corso arbitri organizzato dal CSI di Belluno. Saranno 2 mesi di lezioni presso la sede di Belluno in Piazza Piloni e potranno parterciparvi tutti coloro che abbiano compiuto 15 anni. Il corso \u00e8 dedicato ad atleti, dirigenti o coloro che ne sono interessati e dovranno presentare la domanda d&#8217;iscrizione presso un gruppo sportivo affiliato al CSI. Le lezioni si svolgeranno principalmente il mercoled\u00ec e in base alla disponibilit\u00e0 dei formatori. Le domande d&#8217;iscrizione dovranno essere presentate entro il giorno 30 dicembre tramite mail, in collaborazione con la societ\u00e0 di appartenenza, o direttamente presso la sede del CSI a Belluno. Ai nuovi arbitri verranno impartite delle lezioni teoriche e pratiche e, se abilitati all&#8217;arbitraggio, verranno muniti di divisa, fischietto e taccuino con i cartellini. Inoltre, alla societ\u00e0 di appartenenza, verr\u00e0 riconosciuto un bonus in denaro da poter utilizzare per i pagamenti del tesseramento.<\/p>\n<p>&nbsp;<\/p>\n<p>&nbsp;<\/p>\n<p>&nbsp;<\/p>\n<p>&nbsp;<\/p>\n<p>&nbsp;<\/p>\n<p>&nbsp;<\/p>\n<h3>A CANALE D&#8217;AGORDO IL CAMPIONATO PROVINCIALE DI STAFFETTA<\/h3>\n<p>Domenica, 22 dicembre, la pista \u201cFranco Manfroi\u201d di Gar\u00e8s ospiter\u00e0 il Campionato interprovinciale di staffetta. La manifestazione, proposta da Fisi Belluno e Sci club Canale d\u2019Agordo, sar\u00e0 valida anche quale Campionato provinciale di Belluno di Treviso. Il via alle 10.<\/p>\n<p>&nbsp;<\/p>\n<p>&nbsp;<\/p>\n<h3><a class=\"dt-pswp-item\" href=\"http:\/\/www.radiopiu.net\/wordpress\/wp-content\/uploads\/2018\/09\/WhatsApp-Image-2018-09-20-at-16.04.06.jpeg\" data-dt-img-description=\"\" data-large_image_width=\"800\" data-large_image_height=\"100\"><img loading=\"lazy\" decoding=\"async\" class=\"wp-image-61378 size-full aligncenter\" src=\"http:\/\/www.radiopiu.net\/wordpress\/wp-content\/uploads\/2018\/09\/WhatsApp-Image-2018-09-20-at-16.04.06.jpeg\" alt=\"\" width=\"800\" height=\"100\" srcset=\"https:\/\/www.radiopiu.net\/wordpress\/wp-content\/uploads\/2018\/09\/WhatsApp-Image-2018-09-20-at-16.04.06.jpeg 800w, https:\/\/www.radiopiu.net\/wordpress\/wp-content\/uploads\/2018\/09\/WhatsApp-Image-2018-09-20-at-16.04.06-300x38.jpeg 300w, https:\/\/www.radiopiu.net\/wordpress\/wp-content\/uploads\/2018\/09\/WhatsApp-Image-2018-09-20-at-16.04.06-768x96.jpeg 768w\" sizes=\"auto, (max-width: 800px) 100vw, 800px\" \/><\/a><\/h3>\n<p>&nbsp;<\/p>\n<div id=\"dolomitimeteo_div_testi\">\n<p><strong>venerd\u00ec 20.<\/strong>\u00a0Al mattino graduale peggioramento del tempo con cielo gi\u00e0 molto nuvoloso\/coperto e primi deboli fenomeni sparsi, in estensione da sud-ovest verso nord-est. Al pomeriggio e alla sera tempo perturbato con fenomeni diffusi.<br \/>\n<strong>Precipitazioni.<\/strong>\u00a0Al mattino deboli sporadiche, tendenti a diffuse a partire da ovest entro il primo pomeriggio (40\/60%), poi sempre pi\u00f9 diffuse entro sera (80\/100%), perlopi\u00f9 moderate su Prealpi e pi\u00f9 deboli su Dolomiti; quota neve tra 1600 e 1800 m sulle Prealpi, tra 1400 e 1700 m sulle Dolomiti in funzione dell&#8217;intensit\u00e0, solo localmente inferiore, con un possibile temporaneo rialzo nella notte.<br \/>\n<strong>Temperature.<\/strong>\u00a0Minime stazionarie nelle valli, in lieve calo in quota; massime in moderato calo. Su Prealpi a 1500 m min 0\u00b0C max 3\u00b0C, a 2000 m min -2\u00b0C max 0\u00b0C. Su Dolomiti a 2000 m min -3\u00b0C max -1\u00b0C, a 3000 m min -7\u00b0C max -5\u00b0C.<br \/>\n<strong>Venti.<\/strong>\u00a0Nelle valli deboli meridionali; in quota perlopi\u00f9 tesi meridionali, anche forti alla sera, a 15-40 km\/h a 2000 m, 35-60 km\/h a 3000 m.<\/p>\n<p><strong>sabato 21.<\/strong>\u00a0Maltempo fino al primo mattino con cielo coperto e diffusi fenomeni, che durante la mattinata cesseranno ad iniziare da ovest, con qualche schiarita che potr\u00e0 divenire pi\u00f9 ampia tra mezzogiorno e met\u00e0 pomeriggio; in seguito nuovo rapido aumento della nuvolosit\u00e0 fino a cielo nuovamente coperto in serata e nella notte, con qualche possibile fenomeno.<br \/>\n<strong>Precipitazioni.<\/strong>\u00a0Fino al primo mattino diffuse (80\/90%), in attenuazione su Prealpi occidentali, pi\u00f9 insistenti su provincia di Belluno, dove cesseranno entro mezzogiorno. Quota neve a 1300\/1600 m, localmente a 1000\/1200 m in qualche valle dolomitica. Tra venerd\u00ec e sabato mattina possibili 40\/60 mm su Prealpi, localmente fino a 70\/80 mm, 25\/40 mm su Dolomiti, con altrettanti cm di neve fresca oltre i 1800\/2000 m, meno a quote inferiori per contributo di pioggia e neve bagnata. Possibile ripresa di deboli precipitazioni in serata\/notte, eventualmente nevose a 1000\/1300 m su Dolomiti, 1300\/1500 m su Prealpi.<br \/>\n<strong>Temperature.<\/strong>\u00a0Nelle valli minime in lieve calo e massime in contenuto aumento; in quota in lieve calo. Su Prealpi a 1500 m min 0\u00b0C max 1\u00b0C, a 2000 m min -2\u00b0C max 0\u00b0C. Su Dolomiti a 2000 m min -3\u00b0C max -1\u00b0C, a 3000 m min -9\u00b0C max -7\u00b0C.<br \/>\n<strong>Venti.<\/strong>\u00a0Nelle valli deboli di direzione variabile; in quota in attenuazione da tesi a deboli\/moderati occidentali in giornata, moderati\/tesi da sud-ovest in serata, a 15-40 km\/h a 2000 m, 35-55 km\/h a 3000 m.<\/p>\n<p><strong>domenica 22.<\/strong>\u00a0Fino al primo mattino perturbato, con cielo coperto e precipitazioni perlopi\u00f9 deboli, a tratti moderate specie su Prealpi e zone orientali, nevose a 1000\/1300 m, con limite in rialzo. In giornata schiarite via via pi\u00f9 ampie con qualche residua nube alta. Temperature in lieve calo, eccetto le massime nelle valli, in possibile lieve aumento. Venti in rotazione a nord, con possibile Foehn al pomeriggio\/sera.<\/p>\n<p><strong>luned\u00ec 23.<\/strong>\u00a0Tempo ben soleggiato su Prealpi, con qualche possibile nube alta da sottovento (lee-clouds); parzialmente soleggiato su Dolomiti, specie a nord, per annuvolamenti irregolari e qualche possibile burrasca. Clima ventoso e freddo in quota, pi\u00f9 mite nelle valli per probabile Foehn. Previsore: G.M. Aggiornamento bollettino Dolomiti neve e Valanghe 18\/12\/2019<\/p>\n<\/div>\n","protected":false},"excerpt":{"rendered":"<p>&nbsp; LE SCUSE DI POSTE ITALIANE, MENTRE LE SCRIVE LA VALLE REGISTRA L&#8217;ENNESIMO DISSERVIZIO. MONTAGNA SCHIAFFEGGIATA DA CHI PRO TEMPORE DETIENE IL POTERE, LA GENTE PUO&#8217; SOLO CONTARE I DANNI E METTERSELA VIA. LA VALLE Poste Italiane sceglie la linea difensiva ed \u00e8 pronta la scusante per i disservizi a La Valle dando la colpa&hellip;<\/p>\n","protected":false},"author":1,"featured_media":110306,"comment_status":"closed","ping_status":"closed","sticky":false,"template":"","format":"standard","meta":{"_monsterinsights_skip_tracking":false,"_monsterinsights_sitenote_active":false,"_monsterinsights_sitenote_note":"","_monsterinsights_sitenote_category":0,"footnotes":""},"categories":[1,86],"tags":[],"class_list":["post-110304","post","type-post","status-publish","format-standard","has-post-thumbnail","hentry","category-senza-categoria","category-gr","category-1","category-86","description-off"],"img_url":"https:\/\/www.radiopiu.net\/wordpress\/wp-content\/uploads\/2019\/12\/WhatsApp-Image-2019-12-19-at-12.14.59.jpeg","_links":{"self":[{"href":"https:\/\/www.radiopiu.net\/wordpress\/wp-json\/wp\/v2\/posts\/110304","targetHints":{"allow":["GET"]}}],"collection":[{"href":"https:\/\/www.radiopiu.net\/wordpress\/wp-json\/wp\/v2\/posts"}],"about":[{"href":"https:\/\/www.radiopiu.net\/wordpress\/wp-json\/wp\/v2\/types\/post"}],"author":[{"embeddable":true,"href":"https:\/\/www.radiopiu.net\/wordpress\/wp-json\/wp\/v2\/users\/1"}],"replies":[{"embeddable":true,"href":"https:\/\/www.radiopiu.net\/wordpress\/wp-json\/wp\/v2\/comments?post=110304"}],"version-history":[{"count":0,"href":"https:\/\/www.radiopiu.net\/wordpress\/wp-json\/wp\/v2\/posts\/110304\/revisions"}],"wp:featuredmedia":[{"embeddable":true,"href":"https:\/\/www.radiopiu.net\/wordpress\/wp-json\/wp\/v2\/media\/110306"}],"wp:attachment":[{"href":"https:\/\/www.radiopiu.net\/wordpress\/wp-json\/wp\/v2\/media?parent=110304"}],"wp:term":[{"taxonomy":"category","embeddable":true,"href":"https:\/\/www.radiopiu.net\/wordpress\/wp-json\/wp\/v2\/categories?post=110304"},{"taxonomy":"post_tag","embeddable":true,"href":"https:\/\/www.radiopiu.net\/wordpress\/wp-json\/wp\/v2\/tags?post=110304"}],"curies":[{"name":"wp","href":"https:\/\/api.w.org\/{rel}","templated":true}]}}