{"id":110421,"date":"2019-12-20T10:41:40","date_gmt":"2019-12-20T09:41:40","guid":{"rendered":"https:\/\/www.radiopiu.net\/wordpress\/?p=110421"},"modified":"2019-12-20T10:44:15","modified_gmt":"2019-12-20T09:44:15","slug":"110421-2","status":"publish","type":"post","link":"https:\/\/www.radiopiu.net\/wordpress\/110421-2\/","title":{"rendered":"EX ALUNNI E LAVORATORI PER ORIENTARE ALLA SCUOLA SECONDARIA"},"content":{"rendered":"<h3><\/h3>\n<blockquote><p><em>Istituto Comprensivo di Mel e Lentiai \u2013 l\u2019orientamento scolastico fatto in classe da ex alunni e figure professionali del territorio.<\/em><\/p><\/blockquote>\n<p><strong><a class=\"dt-pswp-item\" href=\"https:\/\/www.radiopiu.net\/wordpress\/wp-content\/uploads\/2019\/12\/IMG-20191209-WA0002-1.jpg\" data-dt-img-description=\"\" data-large_image_width=\"2048\" data-large_image_height=\"1536\"><img loading=\"lazy\" decoding=\"async\" class=\"size-medium wp-image-110328 alignleft\" src=\"https:\/\/www.radiopiu.net\/wordpress\/wp-content\/uploads\/2019\/12\/IMG-20191209-WA0002-1-300x225.jpg\" alt=\"\" width=\"300\" height=\"225\" srcset=\"https:\/\/www.radiopiu.net\/wordpress\/wp-content\/uploads\/2019\/12\/IMG-20191209-WA0002-1-300x225.jpg 300w, https:\/\/www.radiopiu.net\/wordpress\/wp-content\/uploads\/2019\/12\/IMG-20191209-WA0002-1-1024x768.jpg 1024w, https:\/\/www.radiopiu.net\/wordpress\/wp-content\/uploads\/2019\/12\/IMG-20191209-WA0002-1-768x576.jpg 768w, https:\/\/www.radiopiu.net\/wordpress\/wp-content\/uploads\/2019\/12\/IMG-20191209-WA0002-1-1536x1152.jpg 1536w, https:\/\/www.radiopiu.net\/wordpress\/wp-content\/uploads\/2019\/12\/IMG-20191209-WA0002-1.jpg 2048w\" sizes=\"auto, (max-width: 300px) 100vw, 300px\" \/><\/a>BORGOVALBELLUNA<\/strong> Per quanto nella vita si possa pi\u00f9 volte cambiare idea, la scelta della scuola superiore per i ragazzi dell\u2019ultimo anno della secondaria di primo grado \u00e8 sicuramente la prima importante scelta in funzione del futuro. Proprio per questo non \u00e8 semplice e spesso \u00e8 difficile riuscire a capire le proprie inclinazioni e interessi. Consapevoli di ci\u00f2 le insegnanti referenti all\u2019orientamento scolastico dell\u2019Istituto Comprensivo di Mel e Lentiai, Claudia Casagrande e Romina Maffi, hanno pensato di offrire ai ragazzi dell\u2019ultimo anno delle medie un\u2019esperienza diversa dalla semplice e usuale visita alle scuole superiori. In due appuntamenti, di due ore ciascuno, i ragazzi delle classi terze hanno incontrato ex alunni dell\u2019Istituto Comprensivo di Mel, che ora sono all\u2019universit\u00e0, e figure professionali del mondo del lavoro, che hanno raccontato il proprio percorso scolastico e le scelte di vita che li hanno portati alla loro situazione attuale. Gli incontri si sono svolti in due <a class=\"dt-pswp-item\" href=\"https:\/\/www.radiopiu.net\/wordpress\/wp-content\/uploads\/2019\/12\/IMG-20191209-WA0004-1.jpg\" data-dt-img-description=\"\" data-large_image_width=\"2048\" data-large_image_height=\"1536\"><img loading=\"lazy\" decoding=\"async\" class=\"size-medium wp-image-110330 alignright\" src=\"https:\/\/www.radiopiu.net\/wordpress\/wp-content\/uploads\/2019\/12\/IMG-20191209-WA0004-1-300x225.jpg\" alt=\"\" width=\"300\" height=\"225\" srcset=\"https:\/\/www.radiopiu.net\/wordpress\/wp-content\/uploads\/2019\/12\/IMG-20191209-WA0004-1-300x225.jpg 300w, https:\/\/www.radiopiu.net\/wordpress\/wp-content\/uploads\/2019\/12\/IMG-20191209-WA0004-1-1024x768.jpg 1024w, https:\/\/www.radiopiu.net\/wordpress\/wp-content\/uploads\/2019\/12\/IMG-20191209-WA0004-1-768x576.jpg 768w, https:\/\/www.radiopiu.net\/wordpress\/wp-content\/uploads\/2019\/12\/IMG-20191209-WA0004-1-1536x1152.jpg 1536w, https:\/\/www.radiopiu.net\/wordpress\/wp-content\/uploads\/2019\/12\/IMG-20191209-WA0004-1.jpg 2048w\" sizes=\"auto, (max-width: 300px) 100vw, 300px\" \/><\/a>momenti: in un primo step alunni e lavoratori invitati hanno condiviso il proprio percorso formativo e lavorativo. Si \u00e8 parlato di architettura, ingegneria, giornalismo, fashion design, agricoltura biologica, falegnameria e insegnamento, ma soprattutto tutti gli ospiti hanno sottolineato come con la passione si possano affrontare anche esperienze dure ed impegnative e quanto sia importante scegliere ci\u00f2 che piace. Qualunque strada si intraprenda, non pu\u00f2 mancare l\u2019impegno se si vuole riuscire. Alcuni lavoratori hanno parlato anche di insuccessi scolastici e successi poi nel mondo del lavoro. Successivamente i ragazzi si sono divisi in sottogruppi in base agli interessi per poter porre domande specifiche alle varie persone invitate riguardo la scuola frequentata e al percorso lavorativo intrapreso. L\u2019iniziativa \u00e8 stata apprezzata da alunni e professori cos\u00ec come dai relatori, la maggior parte dei quali si \u00e8 reso disponibile ad intervenire anche in futuro.<\/p>\n<p>&nbsp;<\/p>\n<p>&nbsp;<\/p>\n<p>&nbsp;<\/p>\n","protected":false},"excerpt":{"rendered":"<p>Istituto Comprensivo di Mel e Lentiai \u2013 l\u2019orientamento scolastico fatto in classe da ex alunni e figure professionali del territorio. BORGOVALBELLUNA Per quanto nella vita si possa pi\u00f9 volte cambiare idea, la scelta della scuola superiore per i ragazzi dell\u2019ultimo anno della secondaria di primo grado \u00e8 sicuramente la prima importante scelta in funzione del&hellip;<\/p>\n","protected":false},"author":1,"featured_media":110328,"comment_status":"closed","ping_status":"closed","sticky":false,"template":"","format":"standard","meta":{"_monsterinsights_skip_tracking":false,"_monsterinsights_sitenote_active":false,"_monsterinsights_sitenote_note":"","_monsterinsights_sitenote_category":0,"footnotes":""},"categories":[49],"tags":[],"class_list":["post-110421","post","type-post","status-publish","format-standard","has-post-thumbnail","hentry","category-news-18","category-49","description-off"],"img_url":"https:\/\/www.radiopiu.net\/wordpress\/wp-content\/uploads\/2019\/12\/IMG-20191209-WA0002-1.jpg","_links":{"self":[{"href":"https:\/\/www.radiopiu.net\/wordpress\/wp-json\/wp\/v2\/posts\/110421","targetHints":{"allow":["GET"]}}],"collection":[{"href":"https:\/\/www.radiopiu.net\/wordpress\/wp-json\/wp\/v2\/posts"}],"about":[{"href":"https:\/\/www.radiopiu.net\/wordpress\/wp-json\/wp\/v2\/types\/post"}],"author":[{"embeddable":true,"href":"https:\/\/www.radiopiu.net\/wordpress\/wp-json\/wp\/v2\/users\/1"}],"replies":[{"embeddable":true,"href":"https:\/\/www.radiopiu.net\/wordpress\/wp-json\/wp\/v2\/comments?post=110421"}],"version-history":[{"count":0,"href":"https:\/\/www.radiopiu.net\/wordpress\/wp-json\/wp\/v2\/posts\/110421\/revisions"}],"wp:featuredmedia":[{"embeddable":true,"href":"https:\/\/www.radiopiu.net\/wordpress\/wp-json\/wp\/v2\/media\/110328"}],"wp:attachment":[{"href":"https:\/\/www.radiopiu.net\/wordpress\/wp-json\/wp\/v2\/media?parent=110421"}],"wp:term":[{"taxonomy":"category","embeddable":true,"href":"https:\/\/www.radiopiu.net\/wordpress\/wp-json\/wp\/v2\/categories?post=110421"},{"taxonomy":"post_tag","embeddable":true,"href":"https:\/\/www.radiopiu.net\/wordpress\/wp-json\/wp\/v2\/tags?post=110421"}],"curies":[{"name":"wp","href":"https:\/\/api.w.org\/{rel}","templated":true}]}}