{"id":110435,"date":"2019-12-21T05:41:32","date_gmt":"2019-12-21T04:41:32","guid":{"rendered":"https:\/\/www.radiopiu.net\/wordpress\/?p=110435"},"modified":"2019-12-21T09:50:33","modified_gmt":"2019-12-21T08:50:33","slug":"giornale-radiopiu-21-dicembre-2019-direttore-mirko-mezzacasa","status":"publish","type":"post","link":"https:\/\/www.radiopiu.net\/wordpress\/giornale-radiopiu-21-dicembre-2019-direttore-mirko-mezzacasa\/","title":{"rendered":"GIORNALE RADIOPIU 21 DICEMBRE 2019 DIRETTORE MIRKO MEZZACASA"},"content":{"rendered":"<h2><\/h2>\n<h2>LEONARDO: LA VERA STAR PER I 5000 DEL PALALUXOTTICA<\/h2>\n<blockquote><p><em>Striano: &#8220;Il 2020 sar\u00e0 l&#8217;anno del nuovo magazzino\u00a0 ad altissima tecnologia&#8221;. Ruspe al lavoro anche ad Agordo per ampliare lo stabilimento \u00e8 stata spostata la strada comunale\u00bb<\/em><\/p><\/blockquote>\n<p><strong>AGORDO<\/strong> Al PalaLuxottica di Agordo , si \u00e8 svolta la tradizionale Festa di Natale, regalo del Presidente Leonardo Del Vecchio ai dipendenti degli stabilimenti bellunesi. Si \u00e8 trattato di una serata da record che ha ospitato oltre 5000 persone ed \u00e8 proseguita fino a notte inoltrata. <span class=\"s1\">Come sempre tutto organizzato nei minimi particolari con la festa che \u00e8 riuscita nel migliore dei modi. <\/span>Dopo il grande successo dello scorso anno, anche questa cena \u00e8 stata firmata dallo chef Davide Oldani che ha deliziato tutti con la sua cucina stellata. <span class=\"s1\">Come antipasto Asigo setato, caviale D\u2019O, bietola e polenta soffiata. Come primo piatto un timballo morbido di cappelletti con salvia fritta. La seconda portata un vitello all\u2019olio con mela arrostita e profumo di rosmarino, per concludere con il panettone e pandoro firmato Oldani. <\/span>Durante la serata non sono mancati gli auguri del Presidente Leonardo Del Vecchio, del Cavalier Luigi Francavilla e del Vice Presidente e Amministratore Delegato Francesco Milleri. Giorgio Striano ha fatto un breve discorso di ringraziamento. Dopo la cena, a<span class=\"s1\">lle 22:45, l\u2019arrivo sul palco di Laura Pausini e Biagio Antonacci che sulle note di Liberatemi hanno iniziato lo show. Tanti i brani cantanti in medley dal duetto. Non sono mancati i siparietti tra i due che hanno divertito i pi\u00f9 di 5000 ospiti per quasi un&#8217;ora e mezza<\/span>. Per la prima volta tutti gli invitati hanno avuto l\u2019occasione di proseguire la serata ballando fino a notte fonda con il DJ Matteo Milleri. A fine serata ancora una sorpresa per salutare e augurare buone feste, una posata passepartout, cadeau da parte di Davide Oldani<\/p>\n<p><strong>AUDIO<\/strong> <strong>Striano, Milleri, Francavilla e Del Vecchio<\/strong><\/p>\n<audio class=\"wp-audio-shortcode\" id=\"audio-110435-1\" preload=\"none\" style=\"width: 100%;\" controls=\"controls\"><source type=\"audio\/mpeg\" src=\"https:\/\/www.radiopiu.net\/wordpress\/wp-content\/uploads\/2019\/12\/DEL-VECCHIO.mp3?_=1\" \/><a href=\"https:\/\/www.radiopiu.net\/wordpress\/wp-content\/uploads\/2019\/12\/DEL-VECCHIO.mp3\">https:\/\/www.radiopiu.net\/wordpress\/wp-content\/uploads\/2019\/12\/DEL-VECCHIO.mp3<\/a><\/audio>\n<p>&nbsp;<\/p>\n<div style=\"width: 320px;\" class=\"wp-video\"><video class=\"wp-video-shortcode\" id=\"video-110435-1\" width=\"320\" height=\"576\" preload=\"metadata\" controls=\"controls\"><source type=\"video\/mp4\" src=\"https:\/\/www.radiopiu.net\/wordpress\/wp-content\/uploads\/2019\/12\/video-1576877762-1.mp4?_=1\" \/><a href=\"https:\/\/www.radiopiu.net\/wordpress\/wp-content\/uploads\/2019\/12\/video-1576877762-1.mp4\">https:\/\/www.radiopiu.net\/wordpress\/wp-content\/uploads\/2019\/12\/video-1576877762-1.mp4<\/a><\/video><\/div>\n<div style=\"width: 848px;\" class=\"wp-video\"><video class=\"wp-video-shortcode\" id=\"video-110435-2\" width=\"848\" height=\"480\" preload=\"metadata\" controls=\"controls\"><source type=\"video\/mp4\" src=\"https:\/\/www.radiopiu.net\/wordpress\/wp-content\/uploads\/2019\/12\/WhatsApp-Video-2019-12-20-at-22.56.26.mp4?_=2\" \/><a href=\"https:\/\/www.radiopiu.net\/wordpress\/wp-content\/uploads\/2019\/12\/WhatsApp-Video-2019-12-20-at-22.56.26.mp4\">https:\/\/www.radiopiu.net\/wordpress\/wp-content\/uploads\/2019\/12\/WhatsApp-Video-2019-12-20-at-22.56.26.mp4<\/a><\/video><\/div>\n<p><a class=\"dt-pswp-item\" href=\"https:\/\/www.radiopiu.net\/wordpress\/wp-content\/uploads\/2019\/12\/WhatsApp-Image-2019-12-20-at-23.05.51.jpeg\" data-dt-img-description=\"\" data-large_image_width=\"1600\" data-large_image_height=\"900\"><img loading=\"lazy\" decoding=\"async\" class=\"alignnone wp-image-110514\" src=\"https:\/\/www.radiopiu.net\/wordpress\/wp-content\/uploads\/2019\/12\/WhatsApp-Image-2019-12-20-at-23.05.51-300x169.jpeg\" alt=\"\" width=\"398\" height=\"224\" srcset=\"https:\/\/www.radiopiu.net\/wordpress\/wp-content\/uploads\/2019\/12\/WhatsApp-Image-2019-12-20-at-23.05.51-300x169.jpeg 300w, https:\/\/www.radiopiu.net\/wordpress\/wp-content\/uploads\/2019\/12\/WhatsApp-Image-2019-12-20-at-23.05.51-1024x576.jpeg 1024w, https:\/\/www.radiopiu.net\/wordpress\/wp-content\/uploads\/2019\/12\/WhatsApp-Image-2019-12-20-at-23.05.51-768x432.jpeg 768w, https:\/\/www.radiopiu.net\/wordpress\/wp-content\/uploads\/2019\/12\/WhatsApp-Image-2019-12-20-at-23.05.51-1536x864.jpeg 1536w, https:\/\/www.radiopiu.net\/wordpress\/wp-content\/uploads\/2019\/12\/WhatsApp-Image-2019-12-20-at-23.05.51.jpeg 1600w\" sizes=\"auto, (max-width: 398px) 100vw, 398px\" \/><\/a><a class=\"dt-pswp-item\" href=\"https:\/\/www.radiopiu.net\/wordpress\/wp-content\/uploads\/2019\/12\/WhatsApp-Image-2019-12-20-at-23.00.52.jpeg\" data-dt-img-description=\"\" data-large_image_width=\"1024\" data-large_image_height=\"768\"><img loading=\"lazy\" decoding=\"async\" class=\"alignnone size-medium wp-image-110512\" src=\"https:\/\/www.radiopiu.net\/wordpress\/wp-content\/uploads\/2019\/12\/WhatsApp-Image-2019-12-20-at-23.00.52-300x225.jpeg\" alt=\"\" width=\"300\" height=\"225\" srcset=\"https:\/\/www.radiopiu.net\/wordpress\/wp-content\/uploads\/2019\/12\/WhatsApp-Image-2019-12-20-at-23.00.52-300x225.jpeg 300w, https:\/\/www.radiopiu.net\/wordpress\/wp-content\/uploads\/2019\/12\/WhatsApp-Image-2019-12-20-at-23.00.52-768x576.jpeg 768w, https:\/\/www.radiopiu.net\/wordpress\/wp-content\/uploads\/2019\/12\/WhatsApp-Image-2019-12-20-at-23.00.52.jpeg 1024w\" sizes=\"auto, (max-width: 300px) 100vw, 300px\" \/><\/a><a class=\"dt-pswp-item\" href=\"https:\/\/www.radiopiu.net\/wordpress\/wp-content\/uploads\/2019\/12\/WhatsApp-Image-2019-12-20-at-23.00.53.jpeg\" data-dt-img-description=\"\" data-large_image_width=\"1024\" data-large_image_height=\"768\"><img loading=\"lazy\" decoding=\"async\" class=\"alignnone size-medium wp-image-110511\" src=\"https:\/\/www.radiopiu.net\/wordpress\/wp-content\/uploads\/2019\/12\/WhatsApp-Image-2019-12-20-at-23.00.53-300x225.jpeg\" alt=\"\" width=\"300\" height=\"225\" srcset=\"https:\/\/www.radiopiu.net\/wordpress\/wp-content\/uploads\/2019\/12\/WhatsApp-Image-2019-12-20-at-23.00.53-300x225.jpeg 300w, https:\/\/www.radiopiu.net\/wordpress\/wp-content\/uploads\/2019\/12\/WhatsApp-Image-2019-12-20-at-23.00.53-768x576.jpeg 768w, https:\/\/www.radiopiu.net\/wordpress\/wp-content\/uploads\/2019\/12\/WhatsApp-Image-2019-12-20-at-23.00.53.jpeg 1024w\" sizes=\"auto, (max-width: 300px) 100vw, 300px\" \/><\/a><\/p>\n<p>&nbsp;<\/p>\n<p>&nbsp;<\/p>\n<p>&nbsp;<\/p>\n<div><\/div>\n<div><\/div>\n<div>\n<p>&nbsp;<\/p>\n<p><span style=\"color: #0000ff;\"><strong>Gestione Servizi Pubblici informa che In TUTTO il COMUNE di ROCCA PIETORE ed anche a LIVINALLONGO l&#8217;acqua erogata dall&#8217;acquedotto \u00e8 di nuovo potabile<\/strong><\/span><\/p>\n<p>&nbsp;<\/p>\n<\/div>\n<p>&nbsp;<\/p>\n<div>\n<p><strong>BELLUNO<\/strong> In occasione delle prossime festivit\u00e0 natalizie gli orari di apertura al pubblico dell\u2019Ufficio Depenalizzazione e Patenti della Prefettura saranno i seguenti: luned\u00ec 23 dicembre:\u00a0 9-13 e 15 \u2013 17 marted\u00ec 24 dicembre: 9 \u2013 13, pomeriggio chiuso luned\u00ec 30 dicembre: 9-13 e 15 \u2013 17 marted\u00ec 31 dicembre: 9 \u2013 13, pomeriggio chiuso<\/p>\n<\/div>\n<p>&nbsp;<\/p>\n<p>&nbsp;<\/p>\n<div>\n<h3>METEO. VENTO FORTE IN QUOTA E SULLE COSTE, ROVESCI SU PREALPI E AREE LIMITROFE<\/h3>\n<p><strong><a class=\"dt-pswp-item\" href=\"https:\/\/www.radiopiu.net\/wordpress\/wp-content\/uploads\/2018\/08\/instabilita.jpg\" data-dt-img-description=\"\" data-large_image_width=\"1280\" data-large_image_height=\"768\"><img loading=\"lazy\" decoding=\"async\" class=\" wp-image-57488 alignleft\" src=\"https:\/\/www.radiopiu.net\/wordpress\/wp-content\/uploads\/2018\/08\/instabilita-300x180.jpg\" alt=\"\" width=\"223\" height=\"134\" srcset=\"https:\/\/www.radiopiu.net\/wordpress\/wp-content\/uploads\/2018\/08\/instabilita-300x180.jpg 300w, https:\/\/www.radiopiu.net\/wordpress\/wp-content\/uploads\/2018\/08\/instabilita-768x461.jpg 768w, https:\/\/www.radiopiu.net\/wordpress\/wp-content\/uploads\/2018\/08\/instabilita-1024x614.jpg 1024w, https:\/\/www.radiopiu.net\/wordpress\/wp-content\/uploads\/2018\/08\/instabilita.jpg 1280w\" sizes=\"auto, (max-width: 223px) 100vw, 223px\" \/><\/a>VENEZIA<\/strong>\u00a0\u00a0Venti forti con rinforzi di scirocco, sono previsti in Veneto sui rilievi, sulla costa e la pianura, la Protezione Civile del Veneto ha dichiarato la fase operativa di \u201cAttenzione\u201d per vento forte sulle zone montane e costiere della regione. La fase di tempo perturbato\u00a0 interesser\u00e0 il Veneto fino a questa mattina\u00a0 con precipitazioni persistenti sulle zone centro-settentrionali, a tratti forti, in particolare sulle Prealpi e le aree limitrofe. In montagna \u00e8 previsto anche un abbassamento del limite delle nevicate intorno ai 1300\/1400m di altitudine. Oggi \u00a0ci saranno schiarite con un probabile nuovo aumento di nuvolosit\u00e0 in serata che potr\u00e0 protrarsi fino alla mattinata di domenica insieme a piogge anche diffuse.<\/p>\n<\/div>\n<div><\/div>\n<div><\/div>\n<div><\/div>\n<blockquote>\n<div><\/div>\n<\/blockquote>\n<div><\/div>\n<div><\/div>\n<div><\/div>\n<h3>SEQUESTRI A NATALE, L&#8217;ATTENZIONE DELLA GUARDIA DI FINANZA<\/h3>\n<div><strong>BELLUNO<\/strong> La Guardia di Finanza di Belluno ha sequestrato\u00a0 2.500\u00a0 prodotti della Repubblica Popolare Cinese\u00a0 destinati alla vendita, privi di etichette informative e della marcatura CE: 1.877 giocattoli, 230 prodotti di cancelleria, 195 pezzi di bigiotteria, 119 accessori per l&#8217;abbigliamento e 13 quadri. L&#8217;operazione si \u00e8 sviluppata in seguito al controllo del territorio effettuato dai militari della Sezione Mobile del Nucleo di Polizia economico-finanziaria di Belluno contro la commercializzazione di prodotti pericolosi o insicuri, in coincidenza con il periodo natalizio. I commercianti ora sono in attesa delle sanzioni.<\/div>\n<div><\/div>\n<div><\/div>\n<div><\/div>\n<blockquote>\n<div><\/div>\n<\/blockquote>\n<div><\/div>\n<div><\/div>\n<div>\n<h3>LADRI DI CARBURANTE O PERDITA DELLA CISTERNA?<\/h3>\n<div><strong>BORGOVALBELLUNA<\/strong> La chiesa rimane al freddo, la caldaia bloccata. Arrivano i tecnici e scoprono che la cisterna \u00e8 vuota, eppure pochi giorni prima c&#8217;erano 5000 litri di gasolio. Furto? Perdita?\u00a0 Lo chiarir\u00e0 nelle prossime ore una verifica tecnica nella chiesa di Santa Maria Assunta.<\/div>\n<\/div>\n<div><\/div>\n<div><\/div>\n<blockquote>\n<div><\/div>\n<\/blockquote>\n<div><\/div>\n<h3>A PROPOSITO DI DISSERVIZI POSTALI, DOPO LA VALLE UN CASO SINGOLARE AD AGORDO<\/h3>\n<div><\/div>\n<div><strong>da Agordo,\u00a0 Gianniantonio Cassisi<\/strong><\/div>\n<blockquote>\n<div><em>&#8220;Una cosa ancora comica.\u00a0 Continuano a recapitarmi la posta di Diego Favero a casa mia nonostante abbiamo spiegato per dritto e per rovescio che Diego Favero non abita da noi perch\u00e9 la posta \u00e8 intestata a localit\u00e0 Col dei Pass che corrisponde al Rifugio Carestiato,\u00a0 mentre noi stiamo in localit\u00e0 Pass ad Agordo&#8230;&#8221;<\/em><\/div>\n<\/blockquote>\n<div><\/div>\n<div><\/div>\n<blockquote>\n<div><\/div>\n<\/blockquote>\n<div><\/div>\n<div><\/div>\n<div><\/div>\n<h3>&#8220;CACCIAMO I FANULLONI&#8221; ANDREA FIOCCO (CGIL FP) RISPONDE PUNTO SU PUNTO A LUCA DE CARLO SINDACO DI CALALZO<\/h3>\n<p><strong><a class=\"dt-pswp-item\" href=\"https:\/\/www.radiopiu.net\/wordpress\/wp-content\/uploads\/2018\/02\/ANDREA-FIOCCO.jpg\" data-dt-img-description=\"\" data-large_image_width=\"960\" data-large_image_height=\"960\"><img loading=\"lazy\" decoding=\"async\" class=\"wp-image-43617 alignleft\" src=\"https:\/\/www.radiopiu.net\/wordpress\/wp-content\/uploads\/2018\/02\/ANDREA-FIOCCO-300x300.jpg\" alt=\"\" width=\"159\" height=\"159\" srcset=\"https:\/\/www.radiopiu.net\/wordpress\/wp-content\/uploads\/2018\/02\/ANDREA-FIOCCO-300x300.jpg 300w, https:\/\/www.radiopiu.net\/wordpress\/wp-content\/uploads\/2018\/02\/ANDREA-FIOCCO-150x150.jpg 150w, https:\/\/www.radiopiu.net\/wordpress\/wp-content\/uploads\/2018\/02\/ANDREA-FIOCCO-768x768.jpg 768w, https:\/\/www.radiopiu.net\/wordpress\/wp-content\/uploads\/2018\/02\/ANDREA-FIOCCO.jpg 960w\" sizes=\"auto, (max-width: 159px) 100vw, 159px\" \/><\/a><\/strong><\/p>\n<p>&nbsp;<\/p>\n<p>&nbsp;<\/p>\n<p>&nbsp;<\/p>\n<p>&nbsp;<\/p>\n<p>DALLA RASSEGNA STAMPA DELLE OTTO<\/p>\n<div>\n<audio class=\"wp-audio-shortcode\" id=\"audio-110435-2\" preload=\"none\" style=\"width: 100%;\" controls=\"controls\"><source type=\"audio\/mpeg\" src=\"https:\/\/www.radiopiu.net\/wordpress\/wp-content\/uploads\/2019\/12\/FIOCCO-1.mp3?_=2\" \/><a href=\"https:\/\/www.radiopiu.net\/wordpress\/wp-content\/uploads\/2019\/12\/FIOCCO-1.mp3\">https:\/\/www.radiopiu.net\/wordpress\/wp-content\/uploads\/2019\/12\/FIOCCO-1.mp3<\/a><\/audio>\n<\/div>\n<h3><\/h3>\n<h3>COSI&#8217; DE CARLO IERI NEL NOTIZIARIO PRINCIPALE<\/h3>\n<h3>Taglio dei dipendenti comunali. De Carlo: \u201cS\u00ec a nuove assunzioni, ma i comuni siano liberi di cacciare i fannulloni\u201d.<\/h3>\n<p><strong>CALALZO<\/strong>\u00a0 \u201cSiamo pienamente d&#8217;accordo con la necessit\u00e0, segnalata dal sindacato della Funzione Pubblica della CGIL Belluno, di nuove assunzioni nei comuni per tamponare i tagli subiti negli ultimi anni, ma allo stesso tempo va data la possibilit\u00e0 di cacciare dalle amministrazioni i fannulloni, che peggiorano i servizi ai cittadini e inguaiano i colleghi meritevoli\u201d: cos\u00ec il deputato di Fratelli d&#8217;Italia e Sindaco di Calalzo di Cadore, Luca De Carlo, raccoglie la denuncia del sindacato bellunese, che evidenzia come in 10 anni si siano persi oltre 500 posti nei comuni della provincia.<br \/>\nDe Carlo porta l&#8217;esempio di quanto avvenuto nel suo comune: \u201cNell&#8217;arco di pochissimo tempo, siamo passati da 14 a 9 dipendenti, potendo integrarne solo due. Devo ringraziare chi \u00e8 rimasto per l&#8217;impegno che ci ha messo, altrimenti non saremmo stati in grado di garantire i servizi\u201d.<br \/>\nDe Carlo concorda anche con quanto affermato dalla CGIL bellunese, quando afferma che \u201cla politica si \u00e8 riempita la bocca della necessit\u00e0 di potenziare attivit\u00e0 e servizi dei nostri comuni, nel nome della vicinanza di questi enti al cittadino e del federalismo, ma nessun legislatore, a tutti i livelli, ha mai concretamente agito in tal senso\u201d: \u201cQuesti sono i risultati di anni di vulgata grillina anti-casta, che non ha colpito e penalizzato solo i sindaci, i consiglieri comunali, le province, ma ha anche travolto tutti quelli che lavorano per le amministrazioni. Lo svuotamento degli enti di risorse, di personale e, in sostanza, della propria dignit\u00e0 ha come obbiettivo quello di togliere rappresentanza ai territori e di portare all&#8217;eliminazione e alla fusione di realt\u00e0 ormai private di ogni forza\u201d, denuncia De Carlo.<\/p>\n<div><\/div>\n<div><\/div>\n<h2><\/h2>\n<p>&nbsp;<\/p>\n<p>&nbsp;<\/p>\n<blockquote><p>&nbsp;<\/p><\/blockquote>\n<p>&nbsp;<\/p>\n<h2>CAMPO SCUOLA AD ARABBA, IL CONTRIBUTO DI LUCA PALLA VOCE DEL TERRITORIO<\/h2>\n<p>&nbsp;<\/p>\n<p><strong>di Luca Palla<\/strong><\/p>\n<blockquote><p><em>Credo sia il minimo che un ipotetico nuovo campo scuola sul passo Campolongo venga appoggiato da entrambe le scuole sci di Arabba.. e non solo da una. E comunque, prima di intraprendere questa nuova idea, sarebbe da migliorare il campetto di Arabba, visto le numerose proposte di collaborazione e richieste ricevute da parte della Scuola sci Arabba negli ultimi anni. Concludo dicendo che invece di appoggiare sempre solo una scuola sci, per il Paese e per il futuro dei maestri (soprattutto quelli giovani) sarebbe positiva l&#8217;unione delle due associazioni,\u00a0 altrimenti il nostro bel paese rimarr\u00e0 senza maestri e senza una scuola sci.<\/em><\/p><\/blockquote>\n<p>L&#8217;INTERVENTO di Luca a seguito della notizia riportata ieri dal nostro notiziario e che qui riproponiamo:<\/p>\n<blockquote class=\"wp-embedded-content\" data-secret=\"UrVOZMq5OS\"><p><a href=\"https:\/\/www.radiopiu.net\/wordpress\/interrogazioni-e-proposte-per-grones-dalla-minoranza\/\">INTERROGAZIONI E PROPOSTE PER GRONES DALLA MINORANZA<\/a><\/p><\/blockquote>\n<p><iframe loading=\"lazy\" title=\"&#8220;INTERROGAZIONI E PROPOSTE PER GRONES DALLA MINORANZA&#8221; &#8212; Radio Pi\u00f9\" class=\"wp-embedded-content\" sandbox=\"allow-scripts\" security=\"restricted\" style=\"position: absolute; clip: rect(1px, 1px, 1px, 1px);\" src=\"https:\/\/www.radiopiu.net\/wordpress\/interrogazioni-e-proposte-per-grones-dalla-minoranza\/embed\/#?secret=UrVOZMq5OS\" data-secret=\"UrVOZMq5OS\" width=\"600\" height=\"338\" frameborder=\"0\" marginwidth=\"0\" marginheight=\"0\" scrolling=\"no\"><\/iframe><\/p>\n<p>&nbsp;<\/p>\n<p>&nbsp;<\/p>\n<blockquote><p>&nbsp;<\/p><\/blockquote>\n<div><\/div>\n<blockquote>\n<div><\/div>\n<\/blockquote>\n<div><\/div>\n<div>\n<h3>CARENZA DI DIPENDENTI PUBBLICI, PADRIN: \u00abSIAMO POCHI, MA RESISTIAMO<\/h3>\n<p><strong><a class=\"dt-pswp-item\" href=\"https:\/\/www.radiopiu.net\/wordpress\/wp-content\/uploads\/2015\/10\/roberto-padrin-2.jpg\" data-dt-img-description=\"\" data-large_image_width=\"201\" data-large_image_height=\"237\"><img loading=\"lazy\" decoding=\"async\" class=\" wp-image-11554 alignleft\" src=\"https:\/\/www.radiopiu.net\/wordpress\/wp-content\/uploads\/2015\/10\/roberto-padrin-2.jpg\" alt=\"\" width=\"140\" height=\"165\" \/><\/a>BELLUNO<\/strong> \u00abNon mi stupisce l\u2019analisi della Cgil sui dipendenti degli uffici comunali. La carenza di personale la riscontriamo quotidianamente anche in Provincia\u00bb. Cos\u00ec il presidente Roberto Padrin, relativamente allo studio presentato dalla Cgil di Belluno, secondo cui in dieci anni i Comuni bellunesi avrebbero perso oltre 500 dipendenti.\u00a0 Il presidente ha ringraziato tutti i dipendenti durante i tradizionali auguri di Natale. E ha ricordato tre figure recentemente scomparse: il dipendente provinciale Marco Parissenti, l&#8217;ex vicepresidente Massimiliano Pachner e l&#8217;ex assessore Piero Balzan. <em>\u00abQueste figure hanno dato tanto alla Provincia e al nostro territorio. Il 2019 se le \u00e8 portate via. Ci mancheranno\u00bb.<\/em><\/p>\n<p><strong>IL PRESIDENTE DELLA PROVINCIA ROBERTO PADRIN<\/strong><\/p>\n<\/div>\n<div>\n<audio class=\"wp-audio-shortcode\" id=\"audio-110435-3\" preload=\"none\" style=\"width: 100%;\" controls=\"controls\"><source type=\"audio\/mpeg\" src=\"https:\/\/www.radiopiu.net\/wordpress\/wp-content\/uploads\/2019\/12\/PADRIN-1.mp3?_=3\" \/><a href=\"https:\/\/www.radiopiu.net\/wordpress\/wp-content\/uploads\/2019\/12\/PADRIN-1.mp3\">https:\/\/www.radiopiu.net\/wordpress\/wp-content\/uploads\/2019\/12\/PADRIN-1.mp3<\/a><\/audio>\n<\/div>\n<div><\/div>\n<div><\/div>\n<div><\/div>\n<blockquote>\n<div><\/div>\n<\/blockquote>\n<div><\/div>\n<div>\n<h3>STOP AI LAVORI, MA SOLO PER LE FESTIVIT\u00c0: IL CANTIERE DI CANCIA RIPRENDE IL 7 GENNAIO<\/h3>\n\n\t\t\t<style type='text\/css'>\n\t\t\t\t#gallery-1 {\n\t\t\t\t\tmargin: auto;\n\t\t\t\t}\n\t\t\t\t#gallery-1 .gallery-item {\n\t\t\t\t\tfloat: left;\n\t\t\t\t\tmargin-top: 10px;\n\t\t\t\t\ttext-align: center;\n\t\t\t\t\twidth: 33%;\n\t\t\t\t}\n\t\t\t\t#gallery-1 img {\n\t\t\t\t\tborder: 2px solid #cfcfcf;\n\t\t\t\t}\n\t\t\t\t#gallery-1 .gallery-caption {\n\t\t\t\t\tmargin-left: 0;\n\t\t\t\t}\n\t\t\t\t\/* see gallery_shortcode() in wp-includes\/media.php *\/\n\t\t\t<\/style>\n\t\t<div id='gallery-1' class='dt-gallery-container gallery galleryid-110435 gallery-columns-3 gallery-size-thumbnail'><dl class='gallery-item'>\n\t\t\t\t<dt class='gallery-icon landscape'>\n\t\t\t\t\t<a class=\"rollover\" href='https:\/\/www.radiopiu.net\/wordpress\/giornale-radiopiu-21-dicembre-2019-direttore-mirko-mezzacasa\/photo-2019-12-20-15-04-09-1\/'><img loading=\"lazy\" decoding=\"async\" width=\"150\" height=\"150\" src=\"https:\/\/www.radiopiu.net\/wordpress\/wp-content\/uploads\/2019\/12\/PHOTO-2019-12-20-15-04-09-1-150x150.jpg\" class=\"attachment-thumbnail size-thumbnail\" alt=\"\" \/><\/a>\n\t\t\t\t<\/dt><\/dl><dl class='gallery-item'>\n\t\t\t\t<dt class='gallery-icon landscape'>\n\t\t\t\t\t<a class=\"rollover\" href='https:\/\/www.radiopiu.net\/wordpress\/giornale-radiopiu-21-dicembre-2019-direttore-mirko-mezzacasa\/photo-2019-12-20-15-04-08-3\/'><img loading=\"lazy\" decoding=\"async\" width=\"150\" height=\"150\" src=\"https:\/\/www.radiopiu.net\/wordpress\/wp-content\/uploads\/2019\/12\/PHOTO-2019-12-20-15-04-08-3-150x150.jpg\" class=\"attachment-thumbnail size-thumbnail\" alt=\"\" \/><\/a>\n\t\t\t\t<\/dt><\/dl><dl class='gallery-item'>\n\t\t\t\t<dt class='gallery-icon landscape'>\n\t\t\t\t\t<a class=\"rollover\" href='https:\/\/www.radiopiu.net\/wordpress\/giornale-radiopiu-21-dicembre-2019-direttore-mirko-mezzacasa\/photo-2019-12-20-15-03-13-1\/'><img loading=\"lazy\" decoding=\"async\" width=\"150\" height=\"150\" src=\"https:\/\/www.radiopiu.net\/wordpress\/wp-content\/uploads\/2019\/12\/PHOTO-2019-12-20-15-03-13-1-150x150.jpg\" class=\"attachment-thumbnail size-thumbnail\" alt=\"\" \/><\/a>\n\t\t\t\t<\/dt><\/dl><br style=\"clear: both\" \/>\n\t\t\t<\/div>\n\n<p><strong>BORCA DI CADORE\u00a0<\/strong> Non accenna a rallentare l\u2019operazione di messa in sicurezza dell\u2019abitato di Cancia. I lavori di realizzazione della briglia frangicolata e della deviazione del canalone, che fanno parte del primo stralcio, sono in fase avanzata: le maestranze infatti hanno continuato a operare anche in queste settimane, nonostante condizioni meteo non sempre ottimali. Adesso il cantiere si fermer\u00e0 per la pausa natalizia. Ma riprender\u00e0 subito dopo l\u2019Epifania, tempo atmosferico permettendo.\u00a0 Al momento, operai e tecnici stanno lavorando lungo il Bus del Diau, dove il progetto prevede di separare la colata solida (massi) dalla parte liquida (acqua). Di fatto, stanno realizzando la sponda nord tra i due salti in calcestruzzo del canalone, che serviranno a dissipare l\u2019energia dell\u2019acqua in discesa, in modo da ridurre l\u2019effetto di erosione del terreno. Alla ripresa del cantiere, verr\u00e0 completata l\u2019operazione, prima di procedere (in primavera, quando le condizioni di temperatura saranno migliori) con le opere in calcestruzzo e la posa della briglia frangicolata \u201cSabo Dam\u201d, di tecnologia giapponese.<\/p>\n<p><strong>IL CONSIGLIERE MASSIMO BORTOLUZZI<\/strong><\/p>\n<\/div>\n<audio class=\"wp-audio-shortcode\" id=\"audio-110435-4\" preload=\"none\" style=\"width: 100%;\" controls=\"controls\"><source type=\"audio\/mpeg\" src=\"https:\/\/www.radiopiu.net\/wordpress\/wp-content\/uploads\/2019\/12\/bortoluzzi-1.mp3?_=4\" \/><a href=\"https:\/\/www.radiopiu.net\/wordpress\/wp-content\/uploads\/2019\/12\/bortoluzzi-1.mp3\">https:\/\/www.radiopiu.net\/wordpress\/wp-content\/uploads\/2019\/12\/bortoluzzi-1.mp3<\/a><\/audio>\n<p>&nbsp;<\/p>\n<p>&nbsp;<\/p>\n<h3>VACANZE DI NATALE TRA CONSIGLI COMUNALI<\/h3>\n<p><strong><a class=\"dt-pswp-item\" href=\"https:\/\/www.radiopiu.net\/wordpress\/wp-content\/uploads\/2016\/06\/municipio-770x480.jpg\" data-dt-img-description=\"\" data-large_image_width=\"770\" data-large_image_height=\"480\"><img loading=\"lazy\" decoding=\"async\" class=\"wp-image-20239 alignleft\" src=\"https:\/\/www.radiopiu.net\/wordpress\/wp-content\/uploads\/2016\/06\/municipio-770x480-300x187.jpg\" alt=\"\" width=\"197\" height=\"123\" \/><\/a>AGORDINO<\/strong>. Luned\u00ec consigli a Vallada (20) e Cencenighe (21), venerd\u00ec a Canale (7.05) e Falcade (8), luned\u00ec 30 a Taibon (18).<\/p>\n<p><strong>DI GIANNI SANTOMASO<\/strong><\/p>\n<audio class=\"wp-audio-shortcode\" id=\"audio-110435-5\" preload=\"none\" style=\"width: 100%;\" controls=\"controls\"><source type=\"audio\/mpeg\" src=\"https:\/\/www.radiopiu.net\/wordpress\/wp-content\/uploads\/2019\/12\/GIANNI-CONSIGLI.mp3?_=5\" \/><a href=\"https:\/\/www.radiopiu.net\/wordpress\/wp-content\/uploads\/2019\/12\/GIANNI-CONSIGLI.mp3\">https:\/\/www.radiopiu.net\/wordpress\/wp-content\/uploads\/2019\/12\/GIANNI-CONSIGLI.mp3<\/a><\/audio>\n<h3><\/h3>\n<p>&nbsp;<\/p>\n<p>&nbsp;<\/p>\n<p>&nbsp;<\/p>\n<h3><a class=\"dt-pswp-item\" href=\"https:\/\/www.radiopiu.net\/wordpress\/wp-content\/uploads\/2019\/12\/069e0365-478a-4fe1-8c3c-ff2aefc0e6a4.jpg\" data-dt-img-description=\"\" data-large_image_width=\"799\" data-large_image_height=\"1599\"><img loading=\"lazy\" decoding=\"async\" class=\"wp-image-110488 alignleft\" src=\"https:\/\/www.radiopiu.net\/wordpress\/wp-content\/uploads\/2019\/12\/069e0365-478a-4fe1-8c3c-ff2aefc0e6a4-150x300.jpg\" alt=\"\" width=\"100\" height=\"200\" srcset=\"https:\/\/www.radiopiu.net\/wordpress\/wp-content\/uploads\/2019\/12\/069e0365-478a-4fe1-8c3c-ff2aefc0e6a4-150x300.jpg 150w, https:\/\/www.radiopiu.net\/wordpress\/wp-content\/uploads\/2019\/12\/069e0365-478a-4fe1-8c3c-ff2aefc0e6a4-512x1024.jpg 512w, https:\/\/www.radiopiu.net\/wordpress\/wp-content\/uploads\/2019\/12\/069e0365-478a-4fe1-8c3c-ff2aefc0e6a4-768x1536.jpg 768w, https:\/\/www.radiopiu.net\/wordpress\/wp-content\/uploads\/2019\/12\/069e0365-478a-4fe1-8c3c-ff2aefc0e6a4.jpg 799w\" sizes=\"auto, (max-width: 100px) 100vw, 100px\" \/><\/a>DARIO TRICHES, IL FARMACISTA AD AGORDO<\/h3>\n<p><strong>AGORDO<\/strong> Ne ha distribuiti di consigli dalla farmacia di via Insurrezione, dalla storica sede della Farmacia Comunale. Sempre sorridente e aperto verso gli altri, cos\u00ec come nella sua passione, il tennis. E&#8217; mancato Dario, a 80 anni e oggi alle 10.30 si terranno i funerali nella Chiesa Arcidiaconale di Agordo. Tanti i messaggi di solidariet\u00e0 alle figlie, ad iniziare dal Tennis Club Agordo.<\/p>\n<p>&nbsp;<\/p>\n<p>&nbsp;<\/p>\n<p>&nbsp;<\/p>\n<p>&nbsp;<\/p>\n<p>&nbsp;<\/p>\n<p>&nbsp;<\/p>\n<p>&nbsp;<\/p>\n<h2>BENI DI USO CIVICO DEL DISTRETTO AGORDINO<\/h2>\n<p>con la collaborazione di ALESSANDRO SAVIO<\/p>\n<p><strong><a class=\"dt-pswp-item\" href=\"https:\/\/www.radiopiu.net\/wordpress\/wp-content\/uploads\/2019\/12\/80678616_10215531536661186_3451152556166742016_o-scaled.jpg\" data-dt-img-description=\"\" data-large_image_width=\"2560\" data-large_image_height=\"1920\"><img loading=\"lazy\" decoding=\"async\" class=\"size-medium wp-image-110535 alignleft\" src=\"https:\/\/www.radiopiu.net\/wordpress\/wp-content\/uploads\/2019\/12\/80678616_10215531536661186_3451152556166742016_o-300x225.jpg\" alt=\"\" width=\"300\" height=\"225\" srcset=\"https:\/\/www.radiopiu.net\/wordpress\/wp-content\/uploads\/2019\/12\/80678616_10215531536661186_3451152556166742016_o-300x225.jpg 300w, https:\/\/www.radiopiu.net\/wordpress\/wp-content\/uploads\/2019\/12\/80678616_10215531536661186_3451152556166742016_o-1024x768.jpg 1024w, https:\/\/www.radiopiu.net\/wordpress\/wp-content\/uploads\/2019\/12\/80678616_10215531536661186_3451152556166742016_o-768x576.jpg 768w, https:\/\/www.radiopiu.net\/wordpress\/wp-content\/uploads\/2019\/12\/80678616_10215531536661186_3451152556166742016_o-1536x1152.jpg 1536w, https:\/\/www.radiopiu.net\/wordpress\/wp-content\/uploads\/2019\/12\/80678616_10215531536661186_3451152556166742016_o-2048x1536.jpg 2048w\" sizes=\"auto, (max-width: 300px) 100vw, 300px\" \/><\/a>TAIBON<\/strong> I beni di uso civico , in particolare nel periodo della Repubblica di Venezia , erano delle terre a gestione collettiva, per la maggior parte destinate al pascolo e bosco concesse in uso gratuito ai residenti , ed esenti dal pagamento delle imposte. Questi beni comuni hanno costituito negli anni un territorio godibile dalla collettivit\u00e0 di soggetti corrispondenti ai discendenti dei fuochi di famiglia originari oppure vincolati dal regime regoliero. Sono comunque beni inalienabili,indivisibili e inusucapibili fintanto che non abbiano perso i requisiti di uso civico e ovviamente dopo aver ottenuto l\u2019eventuale assenso degli enti preposti. Essi fanno parte di un patrimonio stimato in Regione Veneto intorno ai centocinquantamila ettari, e tanti Comuni devono ancora accertare l\u2019esistenza e la consistenza delle terre di uso civico ,poich\u00e9 risulta effettivamente complesso determinare con certezza l\u2019esatta individuazione catastale a causa delle difficolt\u00e0 per reperire i relativi documenti storici . Molti comuni della Regione Veneto hanno concluso le operazioni di verifica e per altri sono solo state avviate. L\u2019iter burocratico \u00e8 sicuramente lungo e complesso sia per l\u2019accertamento e sia per la eventuale alienazione dei beni che hanno perso i requisiti di uso civico , e i contratti di vendita stipulati in assenza di autorizzazione dell\u2019ente preposto (Giunta Regionale del Veneto) sono considerati nulli. In riferimento a quanto soprascritto sulla materia vorremmo segnalare un episodio pertinente quale \u00e8 stato il recente incontro di collezionisti di oggettistica e antiquariato svoltosi nella frazione di Andraz di Livinallongo presso i locali del caratteristico bar Edelweiss (Trebo) da Luigina, in quanto nell\u2019occasione, fra la esposizione della parte cartacea \u00e8 stato reperito con un fortunato scambio un documento originale datato 12 maggio 1858 con il quale l\u2019Imperiale Regio Commissario distrettuale di Agordo indicava perentoriamente quali erano gli elenchi dei terreni destinati ai beni di uso civico per il pascolo degli animali caprini, lanuti e bovini nei Comuni del distretto e precisamente : Agordo-Alleghe-Canale-Cencenighe-Falcade- Gosaldo-La Valle-Rocca Pietore-San Tomaso-Taibon-Vallada-Voltago. In particolare l\u2019avviso pubblico recita a firma del Regio Commissario :<\/p>\n<blockquote><p><em>\u201c A notizia e norma ,e perch\u00e9 nessuno possa allegare eccezioni di sorta nel caso di contravvenzione ed altro, qui in calce si descrivono le localit\u00e0 destinate pel pascolo degli animali caprini, lanuti e bovini nei sottoelencati Comuni componenti il distretto di Agordo, ritenuta la contravvenzione , nel caso che venissero colte delle bestie fuori dalle localit\u00e0 stesse. resta poi assolutamente vietato qualunque siasi pascolo nei boschi tensi. \u201c<\/em><\/p><\/blockquote>\n<p>A questo segue la descrizione particolareggiata delle localit\u00e0 per ogni Comune con la esatta identificazione dei confini e le avvertenze per l\u2019accesso da strade vicinali o comunali. Il manifesto redatto su cartoncino ha le dimensioni di cm 60 x 80 . La maggior parte dei Comuni citati ha concluso l\u2019accertamento delle terre di uso civico , in fase di istruttoria sono i Comuni di Gosaldo,Taibon, Voltago e Vallada. Certamente il documento sopradescritto sarebbe propedeutico per la identificazione dei beni in questione.<\/p>\n<p>&nbsp;<\/p>\n<p>&nbsp;<\/p>\n<h3><\/h3>\n<h3>DANIELE FRANCO:\u00a0 premio bellunesi nel mondo 2017, nominato direttore di Bankitalia Oscar De Bona: \u00abUn onore e un prestigio per il nostro territorio dolomitico<\/h3>\n<blockquote><p><em><a class=\"dt-pswp-item\" href=\"https:\/\/www.radiopiu.net\/wordpress\/wp-content\/uploads\/2019\/12\/daniele_franco.jpg\" data-dt-img-description=\"\" data-large_image_width=\"1280\" data-large_image_height=\"853\"><img loading=\"lazy\" decoding=\"async\" class=\"size-medium wp-image-110547 alignleft\" src=\"https:\/\/www.radiopiu.net\/wordpress\/wp-content\/uploads\/2019\/12\/daniele_franco-300x200.jpg\" alt=\"\" width=\"300\" height=\"200\" srcset=\"https:\/\/www.radiopiu.net\/wordpress\/wp-content\/uploads\/2019\/12\/daniele_franco-300x200.jpg 300w, https:\/\/www.radiopiu.net\/wordpress\/wp-content\/uploads\/2019\/12\/daniele_franco-1024x682.jpg 1024w, https:\/\/www.radiopiu.net\/wordpress\/wp-content\/uploads\/2019\/12\/daniele_franco-768x512.jpg 768w, https:\/\/www.radiopiu.net\/wordpress\/wp-content\/uploads\/2019\/12\/daniele_franco.jpg 1280w\" sizes=\"auto, (max-width: 300px) 100vw, 300px\" \/><\/a>\u00abAuguriamo a Daniele Franco dice Oscar De bona &#8211; Un buon lavoro, invitandolo a Belluno per una giornata speciale che programmeremo nel 2020\u00bb.<\/em><\/p><\/blockquote>\n<p><strong>BELLUNO<\/strong>\u00a0 \u00c8 il bellunese Daniele Franco, 66 anni, il nuovo direttore generale di Bankitalia. Nato a Trichiana nel 1953, ora comune Borgo Valbelluna, dopo la Laurea in Scienze Politiche e Master a Padova e a York in Gran Bretagna, ha tenuto corsi presso le Universit\u00e0 di Bergamo e Trieste, l\u2019Universit\u00e0 Cattolica di Milano e la Scuola Superiore di pubblica Amministrazione. Entrato in Banca d\u2019Italia ha percorso una brillante carriera fino a rivestire il ruolo di Direttore del Servizio Studi che per l\u2019Istituto Centrale costituisce una delle posizioni pi\u00f9 significative tanto da portarlo a far parte del Direttorio della Banca. In quel periodo ha ricoperto incarichi anche presso la Commissione Europea di Bruxelles. Nel maggio 2013 \u00e8 stato nominato Ragioniere Generale dello Stato.Nel 2017, a Ponte nelle Alpi, aveva ricevuto per il \u201cSettore economico, imprenditoriale, professionale\u201d il premio internazionale \u201cBellunesi nel mondo che hanno onorato la provincia di Belluno in Italia e all\u2019estero\u201d.\u00abQuesta \u00e8 una notizia che deve renderci tutti orgogliosi\u00bb, sono le parole del presidente dell\u2019Associazione Bellunesi nel Mondo Oscar De Bona, \u00abProprio la scorsa settimana a Chies d\u2019Alpago si \u00e8 tenuta la XX edizione del premio bellunesi nel mondo e sempre pi\u00f9 ci dobbiamo rendere conto di quanto, al di fuori della provincia di Belluno, siamo apprezzati e valorizzati\u00bb.<\/p>\n<blockquote><p>&nbsp;<\/p><\/blockquote>\n<p>&nbsp;<\/p>\n<p>&nbsp;<\/p>\n<h3>ISOLE ECOLOGICHE INTERRATE IN PIAZZA DEI MARTIRI, LAVORI CONCLUSI<\/h3>\n<blockquote><p><em>Entro il 2021 presenti anche le campane per secco e umido<\/em><\/p>\n\n\t\t\t<style type='text\/css'>\n\t\t\t\t#gallery-2 {\n\t\t\t\t\tmargin: auto;\n\t\t\t\t}\n\t\t\t\t#gallery-2 .gallery-item {\n\t\t\t\t\tfloat: left;\n\t\t\t\t\tmargin-top: 10px;\n\t\t\t\t\ttext-align: center;\n\t\t\t\t\twidth: 33%;\n\t\t\t\t}\n\t\t\t\t#gallery-2 img {\n\t\t\t\t\tborder: 2px solid #cfcfcf;\n\t\t\t\t}\n\t\t\t\t#gallery-2 .gallery-caption {\n\t\t\t\t\tmargin-left: 0;\n\t\t\t\t}\n\t\t\t\t\/* see gallery_shortcode() in wp-includes\/media.php *\/\n\t\t\t<\/style>\n\t\t<div id='gallery-2' class='dt-gallery-container gallery galleryid-110435 gallery-columns-3 gallery-size-thumbnail'><dl class='gallery-item'>\n\t\t\t\t<dt class='gallery-icon landscape'>\n\t\t\t\t\t<a class=\"rollover\" href='https:\/\/www.radiopiu.net\/wordpress\/giornale-radiopiu-21-dicembre-2019-direttore-mirko-mezzacasa\/mswuydeq\/'><img loading=\"lazy\" decoding=\"async\" width=\"150\" height=\"150\" src=\"https:\/\/www.radiopiu.net\/wordpress\/wp-content\/uploads\/2019\/12\/mSWUyDEQ-150x150.jpg\" class=\"attachment-thumbnail size-thumbnail\" alt=\"\" srcset=\"https:\/\/www.radiopiu.net\/wordpress\/wp-content\/uploads\/2019\/12\/mSWUyDEQ-150x150.jpg 150w, https:\/\/www.radiopiu.net\/wordpress\/wp-content\/uploads\/2019\/12\/mSWUyDEQ.jpg 178w\" sizes=\"auto, (max-width: 150px) 100vw, 150px\" \/><\/a>\n\t\t\t\t<\/dt><\/dl><dl class='gallery-item'>\n\t\t\t\t<dt class='gallery-icon landscape'>\n\t\t\t\t\t<a class=\"rollover\" href='https:\/\/www.radiopiu.net\/wordpress\/giornale-radiopiu-21-dicembre-2019-direttore-mirko-mezzacasa\/3ofvitcq\/'><img loading=\"lazy\" decoding=\"async\" width=\"150\" height=\"150\" src=\"https:\/\/www.radiopiu.net\/wordpress\/wp-content\/uploads\/2019\/12\/3oFVITCQ-150x150.jpg\" class=\"attachment-thumbnail size-thumbnail\" alt=\"\" srcset=\"https:\/\/www.radiopiu.net\/wordpress\/wp-content\/uploads\/2019\/12\/3oFVITCQ-150x150.jpg 150w, https:\/\/www.radiopiu.net\/wordpress\/wp-content\/uploads\/2019\/12\/3oFVITCQ.jpg 178w\" sizes=\"auto, (max-width: 150px) 100vw, 150px\" \/><\/a>\n\t\t\t\t<\/dt><\/dl>\n\t\t\t\t<br style='clear: both' \/>\n\t\t\t<\/div>\n<\/blockquote>\n<p><strong>BELLUNO<\/strong>\u00a0 Si sono conclusi come da programma nei giorni scorsi i lavori di scavo e installazione delle 8 nuove campane interrate per la raccolta differenziata di vetro, plastica, lattine e carta nelle due aree ecologiche di Piazza dei Martiri.<\/p>\n<p><strong>DAVIDE LUCICESARE, AMMINISTRATORE UNICO BELLUNUM<\/strong><\/p>\n<audio class=\"wp-audio-shortcode\" id=\"audio-110435-6\" preload=\"none\" style=\"width: 100%;\" controls=\"controls\"><source type=\"audio\/mpeg\" src=\"https:\/\/www.radiopiu.net\/wordpress\/wp-content\/uploads\/2019\/12\/Davide-Lucicesare-Amministratore-unico-Bellunum.mp3?_=6\" \/><a href=\"https:\/\/www.radiopiu.net\/wordpress\/wp-content\/uploads\/2019\/12\/Davide-Lucicesare-Amministratore-unico-Bellunum.mp3\">https:\/\/www.radiopiu.net\/wordpress\/wp-content\/uploads\/2019\/12\/Davide-Lucicesare-Amministratore-unico-Bellunum.mp3<\/a><\/audio>\n<p><strong>JACOPO MASSARO SINDACO DI BELLUNO<\/strong><\/p>\n<audio class=\"wp-audio-shortcode\" id=\"audio-110435-7\" preload=\"none\" style=\"width: 100%;\" controls=\"controls\"><source type=\"audio\/mpeg\" src=\"https:\/\/www.radiopiu.net\/wordpress\/wp-content\/uploads\/2019\/12\/Jacopo-Massaro-Sindaco-di-Belluno.mp3?_=7\" \/><a href=\"https:\/\/www.radiopiu.net\/wordpress\/wp-content\/uploads\/2019\/12\/Jacopo-Massaro-Sindaco-di-Belluno.mp3\">https:\/\/www.radiopiu.net\/wordpress\/wp-content\/uploads\/2019\/12\/Jacopo-Massaro-Sindaco-di-Belluno.mp3<\/a><\/audio>\n<p><strong>SILVIA DE ZORDO INGEGNERE UFFICIO TECNICO<\/strong><\/p>\n<audio class=\"wp-audio-shortcode\" id=\"audio-110435-8\" preload=\"none\" style=\"width: 100%;\" controls=\"controls\"><source type=\"audio\/mpeg\" src=\"https:\/\/www.radiopiu.net\/wordpress\/wp-content\/uploads\/2019\/12\/Silvia-De-Zordo-Ingegnere-Ufficio-tecnico-Bellunum.mp3?_=8\" \/><a href=\"https:\/\/www.radiopiu.net\/wordpress\/wp-content\/uploads\/2019\/12\/Silvia-De-Zordo-Ingegnere-Ufficio-tecnico-Bellunum.mp3\">https:\/\/www.radiopiu.net\/wordpress\/wp-content\/uploads\/2019\/12\/Silvia-De-Zordo-Ingegnere-Ufficio-tecnico-Bellunum.mp3<\/a><\/audio>\n<p>&nbsp;<\/p>\n<p>&nbsp;<\/p>\n<p>&nbsp;<\/p>\n<h3>VALPE AMBIENTE: IN CONSEGNA GLI ECO CALENDARI 2020 PER LA RACCOLTA DEI RIFIUTI<\/h3>\n<p><strong><a class=\"dt-pswp-item\" href=\"https:\/\/www.radiopiu.net\/wordpress\/wp-content\/uploads\/2017\/05\/valpe.png\" data-dt-img-description=\"\" data-large_image_width=\"324\" data-large_image_height=\"155\"><img loading=\"lazy\" decoding=\"async\" class=\" wp-image-32415 alignleft\" src=\"https:\/\/www.radiopiu.net\/wordpress\/wp-content\/uploads\/2017\/05\/valpe-300x144.png\" alt=\"\" width=\"238\" height=\"114\" \/><\/a>AGORDO<\/strong>\u00a0 I nuovi calendari per l\u2019anno 2020 sono in consegna nelle case di tutti gli utenti proprio in questi giorni.\u00a0 Tra le novit\u00e0, si segnala che nei periodi di alta stagione (mesi di gennaio e di agosto e seconda met\u00e0 di dicembre 2020), nelle zone Fuori Centro Urbano \u00e8 previsto un incremento delle frequenze di raccolta dell\u2019umido (che passer\u00e0 quindi da una a due volte alla settimana) e del vetro plastica lattine (da quindicinale a settimanale), senza alcun costo aggiuntivo per le utenze.\u00a0 \u00a0I nuovi utenti, che hanno attivato il contratto da novembre 2019 in poi, possono ritirare una copia del calendario presso gli sportelli o richiedere la consegna a domicilio chiamando il numero 0437 1835690 (solo per le utenze del Comune di Sedico) oppure i numeri 0437 640462 \/ 0437 643621 (solo per le utenze dell\u2019Unione Montana Agordina)<\/p>\n<p>&nbsp;<\/p>\n<p>&nbsp;<\/p>\n<p>&nbsp;<\/p>\n<h2>L&#8217;AGORDINO MASSIMO RENON TRACCIA LE LINEE GUIDA DEL FUTURO MARCOLIN<\/h2>\n<p>di Moreno Gioli<\/p>\n<audio class=\"wp-audio-shortcode\" id=\"audio-110435-9\" preload=\"none\" style=\"width: 100%;\" controls=\"controls\"><source type=\"audio\/mpeg\" src=\"https:\/\/www.radiopiu.net\/wordpress\/wp-content\/uploads\/2019\/12\/marcolin-1.mp3?_=9\" \/><a href=\"https:\/\/www.radiopiu.net\/wordpress\/wp-content\/uploads\/2019\/12\/marcolin-1.mp3\">https:\/\/www.radiopiu.net\/wordpress\/wp-content\/uploads\/2019\/12\/marcolin-1.mp3<\/a><\/audio>\n<p>&nbsp;<\/p>\n<p><a class=\"dt-pswp-item\" href=\"https:\/\/www.radiopiu.net\/wordpress\/wp-content\/uploads\/2019\/12\/96a8acd1-9081-4081-8fe2-4e09843f24e4.jpg\" data-dt-img-description=\"\" data-large_image_width=\"1600\" data-large_image_height=\"1067\"><img loading=\"lazy\" decoding=\"async\" class=\"alignnone size-medium wp-image-110473\" src=\"https:\/\/www.radiopiu.net\/wordpress\/wp-content\/uploads\/2019\/12\/96a8acd1-9081-4081-8fe2-4e09843f24e4-300x200.jpg\" alt=\"\" width=\"300\" height=\"200\" srcset=\"https:\/\/www.radiopiu.net\/wordpress\/wp-content\/uploads\/2019\/12\/96a8acd1-9081-4081-8fe2-4e09843f24e4-300x200.jpg 300w, https:\/\/www.radiopiu.net\/wordpress\/wp-content\/uploads\/2019\/12\/96a8acd1-9081-4081-8fe2-4e09843f24e4-1024x683.jpg 1024w, https:\/\/www.radiopiu.net\/wordpress\/wp-content\/uploads\/2019\/12\/96a8acd1-9081-4081-8fe2-4e09843f24e4-768x512.jpg 768w, https:\/\/www.radiopiu.net\/wordpress\/wp-content\/uploads\/2019\/12\/96a8acd1-9081-4081-8fe2-4e09843f24e4-1536x1024.jpg 1536w, https:\/\/www.radiopiu.net\/wordpress\/wp-content\/uploads\/2019\/12\/96a8acd1-9081-4081-8fe2-4e09843f24e4.jpg 1600w\" sizes=\"auto, (max-width: 300px) 100vw, 300px\" \/><\/a><a class=\"dt-pswp-item\" href=\"https:\/\/www.radiopiu.net\/wordpress\/wp-content\/uploads\/2019\/12\/2f968a8a-eab4-486a-b67e-af89e7b02da2.jpg\" data-dt-img-description=\"\" data-large_image_width=\"1066\" data-large_image_height=\"1600\"><img loading=\"lazy\" decoding=\"async\" class=\"alignnone wp-image-110472\" src=\"https:\/\/www.radiopiu.net\/wordpress\/wp-content\/uploads\/2019\/12\/2f968a8a-eab4-486a-b67e-af89e7b02da2-200x300.jpg\" alt=\"\" width=\"133\" height=\"200\" srcset=\"https:\/\/www.radiopiu.net\/wordpress\/wp-content\/uploads\/2019\/12\/2f968a8a-eab4-486a-b67e-af89e7b02da2-200x300.jpg 200w, https:\/\/www.radiopiu.net\/wordpress\/wp-content\/uploads\/2019\/12\/2f968a8a-eab4-486a-b67e-af89e7b02da2-682x1024.jpg 682w, https:\/\/www.radiopiu.net\/wordpress\/wp-content\/uploads\/2019\/12\/2f968a8a-eab4-486a-b67e-af89e7b02da2-768x1153.jpg 768w, https:\/\/www.radiopiu.net\/wordpress\/wp-content\/uploads\/2019\/12\/2f968a8a-eab4-486a-b67e-af89e7b02da2-1023x1536.jpg 1023w, https:\/\/www.radiopiu.net\/wordpress\/wp-content\/uploads\/2019\/12\/2f968a8a-eab4-486a-b67e-af89e7b02da2.jpg 1066w\" sizes=\"auto, (max-width: 133px) 100vw, 133px\" \/><\/a><\/p>\n<p>&nbsp;<\/p>\n<p>&nbsp;<\/p>\n<p>&nbsp;<\/p>\n<p>&nbsp;<\/p>\n<h3>L&#8217;ASSESSORE ZATTA NEL COMITATO NAZIONALE VIGILANZA E CONTROLLO SULLA GESTIONE DEI RIFIUTI<\/h3>\n<p><strong><a class=\"dt-pswp-item\" href=\"https:\/\/www.radiopiu.net\/wordpress\/wp-content\/uploads\/2019\/12\/Adis-Zatta-2.jpg\" data-dt-img-description=\"\" data-large_image_width=\"1080\" data-large_image_height=\"1736\"><img loading=\"lazy\" decoding=\"async\" class=\" wp-image-110451 alignleft\" src=\"https:\/\/www.radiopiu.net\/wordpress\/wp-content\/uploads\/2019\/12\/Adis-Zatta-2-187x300.jpg\" alt=\"\" width=\"134\" height=\"215\" srcset=\"https:\/\/www.radiopiu.net\/wordpress\/wp-content\/uploads\/2019\/12\/Adis-Zatta-2-187x300.jpg 187w, https:\/\/www.radiopiu.net\/wordpress\/wp-content\/uploads\/2019\/12\/Adis-Zatta-2-637x1024.jpg 637w, https:\/\/www.radiopiu.net\/wordpress\/wp-content\/uploads\/2019\/12\/Adis-Zatta-2-768x1234.jpg 768w, https:\/\/www.radiopiu.net\/wordpress\/wp-content\/uploads\/2019\/12\/Adis-Zatta-2-956x1536.jpg 956w, https:\/\/www.radiopiu.net\/wordpress\/wp-content\/uploads\/2019\/12\/Adis-Zatta-2.jpg 1080w\" sizes=\"auto, (max-width: 134px) 100vw, 134px\" \/><\/a>FELTRE<\/strong>\u00a0 Feltre fa\u2026scuola.\u00a0 Verrebbe da dire cos\u00ec alla luce della notizia arrivata in queste ore da Roma. L\u2019assessore alla Gestione del Territorio (e alla raccolta differenziata dei rifiuti) Adis Zatta \u00e8 stato infatti nominato quale rappresentante della Conferenza Unificata (l\u2019organismo che raccoglie le rappresentanze degli enti locali) in seno al Comitato di Vigilanza e controllo sulla gestione dei rifiuti di apparecchiature elettriche ed elettroniche, delle pile e accumulatori e dei relativi rifiuti (RAEE). Un incarico che deriva certamente dall\u2019esperienza personale dell\u2019assessore Zatta, anche nell\u2019ambito di ANCI e ANCI Giovani, ma parzialmente anche dalla sua attivit\u00e0 nella gestione delle problematiche relative alla raccolta differenziata e allo smaltimento dei rifiuti in questi anni nel territorio comunale di Feltre e come presidente del Consiglio di Bacino Dolomiti.<\/p>\n<p>&nbsp;<\/p>\n<p>&nbsp;<\/p>\n<p>&nbsp;<\/p>\n<p>&nbsp;<\/p>\n<p>&nbsp;<\/p>\n<p>&nbsp;<\/p>\n<h3>IN OSPEDALE E&#8217; ARRIVATO IL NATALE<\/h3>\n<p><a class=\"dt-pswp-item\" href=\"https:\/\/www.radiopiu.net\/wordpress\/wp-content\/uploads\/2019\/12\/IMG_20191220_095310-scaled.jpg\" data-dt-img-description=\"\" data-large_image_width=\"2560\" data-large_image_height=\"1920\"><img loading=\"lazy\" decoding=\"async\" class=\"alignnone wp-image-110446 size-large\" src=\"https:\/\/www.radiopiu.net\/wordpress\/wp-content\/uploads\/2019\/12\/IMG_20191220_095310-1024x768.jpg\" alt=\"\" width=\"1024\" height=\"768\" srcset=\"https:\/\/www.radiopiu.net\/wordpress\/wp-content\/uploads\/2019\/12\/IMG_20191220_095310-1024x768.jpg 1024w, https:\/\/www.radiopiu.net\/wordpress\/wp-content\/uploads\/2019\/12\/IMG_20191220_095310-300x225.jpg 300w, https:\/\/www.radiopiu.net\/wordpress\/wp-content\/uploads\/2019\/12\/IMG_20191220_095310-768x576.jpg 768w, https:\/\/www.radiopiu.net\/wordpress\/wp-content\/uploads\/2019\/12\/IMG_20191220_095310-1536x1152.jpg 1536w, https:\/\/www.radiopiu.net\/wordpress\/wp-content\/uploads\/2019\/12\/IMG_20191220_095310-2048x1536.jpg 2048w\" sizes=\"auto, (max-width: 1024px) 100vw, 1024px\" \/><\/a><\/p>\n<p><strong>FELTRE\u00a0 <\/strong>Tante iniziative per portare calore e umanit\u00e0 alle persone ricoverate e al personale in servizio in questi giorni all\u2019ospedale di Feltre. Ieri il coro del Liceo Dal Piaz \u201cMusicaliceo\u201d, diretto da Sheila Rech, si \u00e8 esibito nelle varie unit\u00e0 operative di degenza dell\u2019ospedale di Feltre, ed in particolare in geriatria e nell\u2019area medica, con un repertorio di brani natalizi portando sollievo e una nota di calore e buon umore sia ai pazienti ricoverati che agli operatori sanitari in servizio che hanno molto apprezzato l\u2019iniziativa. Sempre ieri gli alpini del Reggimento di Belluno hanno donato dei panettoni ai bambini ricoverati in pediatria mentre l\u2019ensamble di chitarre dell\u2019indirizzo musicale della scuola media Rocca ha magistralmente eseguito dei brani guidati dal maestro Guadagnini e sono state lette delle fiabe. L&#8217;altro ieri, la sala convegni dell\u2019ospedale ha ospitato la festa di natale \u201cUn saluto alpino\u201d dell\u2019istituto comprensivo di Feltre e di Cesio, con la partecipazione di varie scuole di ordine e grado, e del coro ANA, organizzata come momento in inclusione anche per gli alunni con disabilit\u00e0. Con un simpatico fuori programma, i piccoli dell\u2019infanzia di Anz\u00f9 hanno cantato alcuni brani di Natale nell\u2019atrio dell\u2019ospedale, accolti dal direttore medico, facendo commuovere i visitatori.<\/p>\n<p>&nbsp;<\/p>\n<p>&nbsp;<\/p>\n<p>&nbsp;<\/p>\n<h3>ARPAV PRESENTA IL NUOVO DIRETTORE GENERALE<\/h3>\n<p><strong><a class=\"dt-pswp-item\" href=\"https:\/\/www.radiopiu.net\/wordpress\/wp-content\/uploads\/2019\/12\/MARCHESI-4.jpg\" data-dt-img-description=\"\" data-large_image_width=\"768\" data-large_image_height=\"1024\"><img loading=\"lazy\" decoding=\"async\" class=\" wp-image-110440 alignleft\" src=\"https:\/\/www.radiopiu.net\/wordpress\/wp-content\/uploads\/2019\/12\/MARCHESI-4-225x300.jpg\" alt=\"\" width=\"151\" height=\"201\" srcset=\"https:\/\/www.radiopiu.net\/wordpress\/wp-content\/uploads\/2019\/12\/MARCHESI-4-225x300.jpg 225w, https:\/\/www.radiopiu.net\/wordpress\/wp-content\/uploads\/2019\/12\/MARCHESI-4.jpg 768w\" sizes=\"auto, (max-width: 151px) 100vw, 151px\" \/><\/a>PADOVA<\/strong> Si \u00e8 insediato a met\u00e0 settembre, Luca Marchesi \u00e8 il nuovo Direttore Generale Arpav. Ha cinquantaquattro anni ed \u00e8 nato a Milano ma \u00e8 padovano d&#8217;adozione. Il nuovo DG di ARPAV \u00e8 stato nominato dal Consiglio Regionale per un mandato quinquennale, con una amplissima maggioranza dei voti espressi dall&#8217;Aula. Laureato al Politecnico di Milano, perfezionatosi all&#8217;Universit\u00e0 di Bologna e all&#8217;Universit\u00e0 Bocconi, Luca Marchesi approda alla Direzione generale di ARPA Veneto dopo una pi\u00f9 che ventennale e prestigiosa carriera nel settore ambientale e in particolare nel Sistema delle Agenzie Ambientali. \u00c8 stato infatti\u00a0Presidente dell&#8217;Associazione nazionale delle ARPA, Vice presidente del Sistema nazionale di protezione ambientale coordinato da ISPRA,\u00a0Direttore generale di ARPA Friuli Venezia Giulia, Direttore Tecnico Scientifico e Vice Direttore generale di ARPA Lombardia,\u00a0Direttore generale vicario all&#8217;Ambiente di Regione Lombardia, oltre che Presidente degli Organismi indipendenti di valutazione di ARPA Puglia, ARPA Calabria e ARPA Piemonte.<\/p>\n<p>&nbsp;<\/p>\n<p>&nbsp;<\/p>\n<p>&nbsp;<\/p>\n<p>&nbsp;<\/p>\n<h3>DOMANI IL SOLSTIZIO INVERNALE NEL GIORNO PIU&#8217; CORTO DELL&#8217;ANNO.<\/h3>\n<div style=\"width: 854px;\" class=\"wp-video\"><video class=\"wp-video-shortcode\" id=\"video-110435-3\" width=\"854\" height=\"480\" preload=\"metadata\" controls=\"controls\"><source type=\"video\/mp4\" src=\"https:\/\/www.radiopiu.net\/wordpress\/wp-content\/uploads\/2019\/12\/WhatsApp-Video-2019-12-20-at-15.53.43.mp4?_=3\" \/><a href=\"https:\/\/www.radiopiu.net\/wordpress\/wp-content\/uploads\/2019\/12\/WhatsApp-Video-2019-12-20-at-15.53.43.mp4\">https:\/\/www.radiopiu.net\/wordpress\/wp-content\/uploads\/2019\/12\/WhatsApp-Video-2019-12-20-at-15.53.43.mp4<\/a><\/video><\/div>\n<p><strong>DI CLAUDIO PRA<\/strong><\/p>\n<p><a class=\"dt-pswp-item\" href=\"https:\/\/www.radiopiu.net\/wordpress\/wp-content\/uploads\/2019\/12\/SOLSTIZIO-INVERNO-2017-1.jpg\" data-dt-img-description=\"\" data-large_image_width=\"600\" data-large_image_height=\"400\"><img loading=\"lazy\" decoding=\"async\" class=\" wp-image-110439 alignleft\" src=\"https:\/\/www.radiopiu.net\/wordpress\/wp-content\/uploads\/2019\/12\/SOLSTIZIO-INVERNO-2017-1-300x200.jpg\" alt=\"\" width=\"221\" height=\"147\" srcset=\"https:\/\/www.radiopiu.net\/wordpress\/wp-content\/uploads\/2019\/12\/SOLSTIZIO-INVERNO-2017-1-300x200.jpg 300w, https:\/\/www.radiopiu.net\/wordpress\/wp-content\/uploads\/2019\/12\/SOLSTIZIO-INVERNO-2017-1.jpg 600w\" sizes=\"auto, (max-width: 221px) 100vw, 221px\" \/><\/a>Domani mattina, domenica 22 dicembre, poco prima dell\u2019alba si verifica il Solstizio Invernale con il Sole che alle 5.20 raggiunger\u00e0 la massima declinazione australe, che per le nostre localit\u00e0 significa il suo punto pi\u00f9 basso in cielo situato tra le stelle del Sagittario. Per noi e in generale per l\u2019Emisfero Boreale, domani sar\u00e0 il giorno pi\u00f9 corto dell\u2019anno, con la nostra stella che sorger\u00e0 alle 7.53 e tramonter\u00e0 alle 16.27, rimanendo sopra l\u2019orizzonte per poco pi\u00f9 di otto ore e mezza contro le quasi 16 in cui resta visibile al solstizio estivo. Per spiegare il fenomeno in maniera molto elementare dobbiamo considerare che la Terra gira attorno al Sole con il proprio asse di rotazione inclinato di oltre 23\u00b0. Ci\u00f2 crea un movimento di oscillazione che ci espone in maniera differente alla nostra stella a seconda del periodo considerato. Nel Solstizio d\u2019Inverno l\u2019emisfero nord risulta inclinato all\u2019indietro rispetto al Sole, che ci appare dunque basso in cielo e i cui raggi ci colpiscono in maniera molto meno efficace che d\u2019estate quando invece siamo inclinati in avanti. Con il Solstizio Invernale comincia anche l\u2019inverno, che terminer\u00e0 il 20 marzo lasciando posto alla primavera. Qualcuno crede ancora che la giornata pi\u00f9 corta sia il 13 dicembre, S. Lucia, soprattutto per l\u2019antico detto \u201cS. Lucia,il giorno pi\u00f9 corto che ci sia\u201d. Questo era vero prima dell\u2019introduzione del Calendario Gregoriano, avvenuta nel 1582, quello usato ancora oggi, che sostitu\u00ec il Calendario Giuliano in cui S. Lucia cadeva in effetti in prossimit\u00e0 del solstizio invernale dando senso a un detto che invece oggi non ha pi\u00f9 motivo di esistere. Solstizio deriva dal latino solstitium e significa Sole fermo. Questo perch\u00e9 nei giorni in cui il fenomeno si verifica, la nostra stella pare arrestare il suo movimento che lo ha visto per mesi abbassarsi sempre pi\u00f9 in cielo (nel caso di solstizio invernale) o al contrario alzarsi sempre pi\u00f9 nel caso del Solstizio Estivo, per poi invertirlo. Passato il Solstizio Invernale le ore di luce cominceranno dunque lentamente a crescere. \u201cA Nadal en pas de en gal\u201d, dice un detto, che sta a significare che in qualche giorno il Sole avr\u00e0 compiuto un piccolo passo verso l\u2019alto donandoci qualche istante di luce in pi\u00f9.<\/p>\n<p>&nbsp;<\/p>\n<p>&nbsp;<\/p>\n<h3>In occasione del Natale, il Comitato Alpago 2 ruote &amp; solidariet\u00e0 regala 300 panettoni agli ospiti delle case di riposo di Puos e Santa Croce d&#8217;Alpago<\/h3>\n<p><strong>ALPAGO<\/strong>\u00a0 Anche quest&#8217;anno il Comitato Alpago 2 ruote &amp; solidariet\u00e0 ha rispettato la tradizione e, qualche giorno prima di Natale, ha portato in dono agli ospiti delle case di riposo dell&#8217;Alpago, Puos e Santa Croce, il panettone. La consegna in occasione del Natale 2019 \u00e8 avvenuta venerd\u00ec 20 dicembre e come gi\u00e0 lo scorso anno insieme ai rappresentanti del Comitato Alpago 2 ruote &amp; solidariet\u00e0 c&#8217;erano i ragazzi della Consulta Giovani dell&#8217;Alpago. Nella visita alla casa di riposo di Santa Croce c&#8217;\u00e8 stato anche l&#8217;incontro con il vescovo di Belluno-Feltre, Renato Marangoni.<\/p>\n\n\t\t\t<style type='text\/css'>\n\t\t\t\t#gallery-3 {\n\t\t\t\t\tmargin: auto;\n\t\t\t\t}\n\t\t\t\t#gallery-3 .gallery-item {\n\t\t\t\t\tfloat: left;\n\t\t\t\t\tmargin-top: 10px;\n\t\t\t\t\ttext-align: center;\n\t\t\t\t\twidth: 33%;\n\t\t\t\t}\n\t\t\t\t#gallery-3 img {\n\t\t\t\t\tborder: 2px solid #cfcfcf;\n\t\t\t\t}\n\t\t\t\t#gallery-3 .gallery-caption {\n\t\t\t\t\tmargin-left: 0;\n\t\t\t\t}\n\t\t\t\t\/* see gallery_shortcode() in wp-includes\/media.php *\/\n\t\t\t<\/style>\n\t\t<div id='gallery-3' class='dt-gallery-container gallery galleryid-110435 gallery-columns-3 gallery-size-thumbnail'><dl class='gallery-item'>\n\t\t\t\t<dt class='gallery-icon landscape'>\n\t\t\t\t\t<a class=\"rollover\" href='https:\/\/www.radiopiu.net\/wordpress\/giornale-radiopiu-21-dicembre-2019-direttore-mirko-mezzacasa\/panettoni-2-ruote-solidarieta-20-dic-2019-santa-croce\/'><img loading=\"lazy\" decoding=\"async\" width=\"150\" height=\"150\" src=\"https:\/\/www.radiopiu.net\/wordpress\/wp-content\/uploads\/2019\/12\/panettoni-2-ruote-solidariet\u00e0-20-dic-2019-SANTA-CROCE-150x150.jpeg\" class=\"attachment-thumbnail size-thumbnail\" alt=\"\" \/><\/a>\n\t\t\t\t<\/dt><\/dl><dl class='gallery-item'>\n\t\t\t\t<dt class='gallery-icon landscape'>\n\t\t\t\t\t<a class=\"rollover\" href='https:\/\/www.radiopiu.net\/wordpress\/giornale-radiopiu-21-dicembre-2019-direttore-mirko-mezzacasa\/panettoni-2-ruote-solidarieta-20-dic-2019-puos\/'><img loading=\"lazy\" decoding=\"async\" width=\"150\" height=\"150\" src=\"https:\/\/www.radiopiu.net\/wordpress\/wp-content\/uploads\/2019\/12\/panettoni-2-ruote-solidariet\u00e0-20-dic-2019-PUOS-150x150.jpeg\" class=\"attachment-thumbnail size-thumbnail\" alt=\"\" \/><\/a>\n\t\t\t\t<\/dt><\/dl>\n\t\t\t\t<br style='clear: both' \/>\n\t\t\t<\/div>\n\n<p>&nbsp;<\/p>\n<p>&nbsp;<\/p>\n<p>&nbsp;<\/p>\n<h3>LUNEDI\u00a0 ARCHIATRI IN CONCERTO IN OSPEDALE<\/h3>\n<p><strong><a class=\"dt-pswp-item\" href=\"https:\/\/www.radiopiu.net\/wordpress\/wp-content\/uploads\/2019\/12\/NataleSorriso2019-ULSS1.jpg\" data-dt-img-description=\"\" data-large_image_width=\"1240\" data-large_image_height=\"1754\"><img loading=\"lazy\" decoding=\"async\" class=\" wp-image-110447 alignleft\" src=\"https:\/\/www.radiopiu.net\/wordpress\/wp-content\/uploads\/2019\/12\/NataleSorriso2019-ULSS1-212x300.jpg\" alt=\"\" width=\"165\" height=\"233\" srcset=\"https:\/\/www.radiopiu.net\/wordpress\/wp-content\/uploads\/2019\/12\/NataleSorriso2019-ULSS1-212x300.jpg 212w, https:\/\/www.radiopiu.net\/wordpress\/wp-content\/uploads\/2019\/12\/NataleSorriso2019-ULSS1-724x1024.jpg 724w, https:\/\/www.radiopiu.net\/wordpress\/wp-content\/uploads\/2019\/12\/NataleSorriso2019-ULSS1-768x1086.jpg 768w, https:\/\/www.radiopiu.net\/wordpress\/wp-content\/uploads\/2019\/12\/NataleSorriso2019-ULSS1-1086x1536.jpg 1086w, https:\/\/www.radiopiu.net\/wordpress\/wp-content\/uploads\/2019\/12\/NataleSorriso2019-ULSS1.jpg 1240w\" sizes=\"auto, (max-width: 165px) 100vw, 165px\" \/><\/a>FELTRE<\/strong> Luned\u00ec alle 15.00 nella hall dell\u2019ospedale di Feltre si esibiranno \u201cGli archiatri\u201d, nell\u2019ambito dell\u2019iniziativa promossa dalla Regione Veneto \u201cViaggio nella musica, la medicina dello spirito\u201d promossa dalla Regione Veneto e organizzata da Arteven. L\u2019obiettivo \u00e8 di regalare, attraverso la musica, momenti di serenit\u00e0 e di conforto a chi ne ha pi\u00f9 bisogno. Un modo originale e rispettoso per esprimere vicinanza alle persone ricoverate e ai loro familiari, per dire grazie al personale medico e a quanti operano in queste strutture come sottolineato dall\u2019assessore alla cultura della Regione del Veneto, Cristiano Corazzari, che ha promosso l\u2019iniziativa insieme all\u2019assessore alla sanit\u00e0 Manuela Lanzarin. L\u2019Ulss Dolomiti ha aderito all\u2019iniziativa proponendo alcuni concerti nelle varie strutture dell\u2019azienda tra cui quello di luned\u00ec all\u2019ospedale di Feltre. Sempre lunedi gli stessi musicisti si esibiranno anche all&#8217;ospedale di Belluno alle 18.<\/p>\n<p>&nbsp;<\/p>\n<p>&nbsp;<\/p>\n<p>&nbsp;<\/p>\n<p>&nbsp;<\/p>\n<p>&nbsp;<\/p>\n<p>&nbsp;<\/p>\n<h3>CONSORZIO DEI COMUNI DEL BACINO IMBRIFERO MONTANO DEL PIAVE<br \/>\nAPPARTENENTI ALLA PROVINCIA DI BELLUNO<\/h3>\n<p><strong><a class=\"dt-pswp-item\" href=\"https:\/\/www.radiopiu.net\/wordpress\/wp-content\/uploads\/2015\/11\/LogoBIM.jpg\" data-dt-img-description=\"\" data-large_image_width=\"352\" data-large_image_height=\"200\"><img loading=\"lazy\" decoding=\"async\" class=\" wp-image-13204 alignleft\" src=\"https:\/\/www.radiopiu.net\/wordpress\/wp-content\/uploads\/2015\/11\/LogoBIM-300x170.jpg\" alt=\"\" width=\"226\" height=\"128\" \/><\/a>BELLUNO<\/strong> La riunione \u00e8 in calendario per venerdi 27 dicembre alle 14.30 in sala convegni Ana di via Tissi. Ordine del giorno:\u00a0 variazione al Bilancio di previsione 2019\/2021\u201d; \u00a0Approvazione Bilancio di Previsione 2020\/2022; \u00a0Approvazione accordo integrativo con Enel Produzione Spa per il versamento del saldo dell\u2019IMU dovuta per le centrali idroelettriche site nel territorio bellunese per gli anni 2014- 2015;\u00a0 Revisione periodica delle Societ\u00e0 partecipate detenute al 31\/12\/2018 e relazione sull\u2019attuazione delle misure di razionalizzazione ai sensi dell\u2019art. 20 del D.Lgs. 19 agosto 2016, n. 175; \u00a0Definizione criteri per la nomina del rappresentante del Consorzio BIM Piave nel CdA della Fondazione \u201cCentro Studi Tiziano e Cadore\u201d.<\/p>\n<p>&nbsp;<\/p>\n<p>&nbsp;<\/p>\n<p>&nbsp;<\/p>\n<p>&nbsp;<\/p>\n<p>&nbsp;<\/p>\n<h3>AD ARABBA LA MOSTRA FOTOGRAFICA VAIA: 217 km\/h &#8220;La tempesta pefetta&#8221;<\/h3>\n<p><strong><a class=\"dt-pswp-item\" href=\"https:\/\/www.radiopiu.net\/wordpress\/wp-content\/uploads\/2019\/12\/Arabba-Fodom_mostra-fotografica-OLIMPIO-FANTUZ-fino_01.02.20-8.jpg\" data-dt-img-description=\"\" data-large_image_width=\"2016\" data-large_image_height=\"1512\"><img loading=\"lazy\" decoding=\"async\" class=\"wp-image-110443 alignleft\" src=\"https:\/\/www.radiopiu.net\/wordpress\/wp-content\/uploads\/2019\/12\/Arabba-Fodom_mostra-fotografica-OLIMPIO-FANTUZ-fino_01.02.20-8-300x225.jpg\" alt=\"\" width=\"173\" height=\"130\" srcset=\"https:\/\/www.radiopiu.net\/wordpress\/wp-content\/uploads\/2019\/12\/Arabba-Fodom_mostra-fotografica-OLIMPIO-FANTUZ-fino_01.02.20-8-300x225.jpg 300w, https:\/\/www.radiopiu.net\/wordpress\/wp-content\/uploads\/2019\/12\/Arabba-Fodom_mostra-fotografica-OLIMPIO-FANTUZ-fino_01.02.20-8-1024x768.jpg 1024w, https:\/\/www.radiopiu.net\/wordpress\/wp-content\/uploads\/2019\/12\/Arabba-Fodom_mostra-fotografica-OLIMPIO-FANTUZ-fino_01.02.20-8-768x576.jpg 768w, https:\/\/www.radiopiu.net\/wordpress\/wp-content\/uploads\/2019\/12\/Arabba-Fodom_mostra-fotografica-OLIMPIO-FANTUZ-fino_01.02.20-8-1536x1152.jpg 1536w, https:\/\/www.radiopiu.net\/wordpress\/wp-content\/uploads\/2019\/12\/Arabba-Fodom_mostra-fotografica-OLIMPIO-FANTUZ-fino_01.02.20-8.jpg 2016w\" sizes=\"auto, (max-width: 173px) 100vw, 173px\" \/><\/a>LIVINALLONGO<\/strong> Sar\u00e0 allestita ad Arabba al piano terra dell&#8217;ufficio turistico la mostra fotografica di Olimpio Fantuz di Conegliano, le immagini\u00a0 raccontano con grande efficacia la ferita che ha segnato le Dolomiti, un territorio colpito dalla violenza del maltempo a fine ottobre 2018. Quindici sono le opere esposte e si potranno vedere tutti i giorni fino al 1 febbraio 2020 dalle\u00a0 8:30 alle\u00a0 12 e dalle 15:30 alle 18:30. L\u2019ingresso \u00e8 libero, tutti sono invitati.\u00a0nfo@arabba.it sito www.arabba.it<\/p>\n<p>&nbsp;<\/p>\n<p>&nbsp;<\/p>\n<p>&nbsp;<\/p>\n<p>&nbsp;<\/p>\n<p>&nbsp;<\/p>\n<h3><a class=\"dt-pswp-item\" href=\"https:\/\/www.radiopiu.net\/wordpress\/wp-content\/uploads\/2019\/12\/687b6db2-79d3-4c05-afc7-0b045836d94b.jpg\" data-dt-img-description=\"\" data-large_image_width=\"1125\" data-large_image_height=\"1582\"><img loading=\"lazy\" decoding=\"async\" class=\"wp-image-110466 alignleft\" src=\"https:\/\/www.radiopiu.net\/wordpress\/wp-content\/uploads\/2019\/12\/687b6db2-79d3-4c05-afc7-0b045836d94b-213x300.jpg\" alt=\"\" width=\"106\" height=\"149\" srcset=\"https:\/\/www.radiopiu.net\/wordpress\/wp-content\/uploads\/2019\/12\/687b6db2-79d3-4c05-afc7-0b045836d94b-213x300.jpg 213w, https:\/\/www.radiopiu.net\/wordpress\/wp-content\/uploads\/2019\/12\/687b6db2-79d3-4c05-afc7-0b045836d94b-728x1024.jpg 728w, https:\/\/www.radiopiu.net\/wordpress\/wp-content\/uploads\/2019\/12\/687b6db2-79d3-4c05-afc7-0b045836d94b-768x1080.jpg 768w, https:\/\/www.radiopiu.net\/wordpress\/wp-content\/uploads\/2019\/12\/687b6db2-79d3-4c05-afc7-0b045836d94b-1092x1536.jpg 1092w, https:\/\/www.radiopiu.net\/wordpress\/wp-content\/uploads\/2019\/12\/687b6db2-79d3-4c05-afc7-0b045836d94b.jpg 1125w\" sizes=\"auto, (max-width: 106px) 100vw, 106px\" \/><\/a>LE FESTE DI NATALE A VOLTAGO<\/h3>\n<p><strong>VOLTAGO<\/strong> Dopo il successo dei Krampus in piazza a Frassen\u00e9 domenica scorsa ed aver ascoltato la voce di Jessica Lena, il gruppo giovani di Voltago e Frassen\u00e9 propone un&#8217;altra occasione di ritrovo. Ecco quindi il ritrovo in piazza a Voltago, marted\u00ec 24 dicembre prossimo: dopo la Messa nella notte di Natale che verr\u00e0 celebrata alle ore 20, ecco l&#8217;appuntamento musicale insieme a Jessica.<\/p>\n<p>&nbsp;<\/p>\n<p>&nbsp;<\/p>\n<p>&nbsp;<\/p>\n<p>&nbsp;<\/p>\n<p>&nbsp;<\/p>\n<h3>BELLUNO LASTRICATO DI NOTE, SUL LISTON ANCHE IL SINDACO CANTANTE<\/h3>\n<p><a class=\"dt-pswp-item\" href=\"https:\/\/www.radiopiu.net\/wordpress\/wp-content\/uploads\/2019\/12\/image.jpg\" data-dt-img-description=\"\" data-large_image_width=\"680\" data-large_image_height=\"383\"><img loading=\"lazy\" decoding=\"async\" class=\"size-medium wp-image-110541 alignleft\" src=\"https:\/\/www.radiopiu.net\/wordpress\/wp-content\/uploads\/2019\/12\/image-300x169.jpg\" alt=\"\" width=\"300\" height=\"169\" srcset=\"https:\/\/www.radiopiu.net\/wordpress\/wp-content\/uploads\/2019\/12\/image-300x169.jpg 300w, https:\/\/www.radiopiu.net\/wordpress\/wp-content\/uploads\/2019\/12\/image.jpg 680w\" sizes=\"auto, (max-width: 300px) 100vw, 300px\" \/><\/a><\/p>\n<p>&nbsp;<\/p>\n<p>&nbsp;<\/p>\n<p>&nbsp;<\/p>\n<p>di Damiano Tormen<\/p>\n<p>foto Corriere delle Alpi<\/p>\n<audio class=\"wp-audio-shortcode\" id=\"audio-110435-10\" preload=\"none\" style=\"width: 100%;\" controls=\"controls\"><source type=\"audio\/mpeg\" src=\"https:\/\/www.radiopiu.net\/wordpress\/wp-content\/uploads\/2019\/12\/DAMIANO-BELLUNO.mp3?_=10\" \/><a href=\"https:\/\/www.radiopiu.net\/wordpress\/wp-content\/uploads\/2019\/12\/DAMIANO-BELLUNO.mp3\">https:\/\/www.radiopiu.net\/wordpress\/wp-content\/uploads\/2019\/12\/DAMIANO-BELLUNO.mp3<\/a><\/audio>\n<p>&nbsp;<\/p>\n<p>&nbsp;<\/p>\n<p>&nbsp;<\/p>\n<p>&nbsp;<\/p>\n<h2>Buon compleanno a <span style=\"color: #0000ff;\">www.parrocchiedelpoi.it<\/span><\/h2>\n<p><strong>di Don Fabiano Del Favero<\/strong><\/p>\n<blockquote><p><strong>VOLTAGO<\/strong> A ridosso di Natale del 2018 proprio come questi giorni, usciva sulla &#8220;piazza virtuale&#8221; il sito delle parrocchie che gravitano intorno al P\u00f3i. \u00c9 stata un&#8217;intuizione felice\u00a0 voce del cammino delle nostre comunit\u00e0&#8221;. Nulla di nuovo in questo tempo, si potrebbe obiettare&#8230;eppure \u00e8 interessante come i piccoli paesi e le piccole comunit\u00e0 stiano cercando di percorrere le strade pi\u00f9 opportune ed attuali per farsi conoscere. E allora&#8230;buon compleanno al sito!<\/p><\/blockquote>\n<p>&nbsp;<\/p>\n<p>&nbsp;<\/p>\n<p>&nbsp;<\/p>\n<h3><span style=\"font-family: Times, serif;\">SERATA DI CORI PER AUGURARE UN \u201cBUON NATALE, TERRA!\u201d<\/span><\/h3>\n<p><span style=\"font-family: Times, serif;\"><a class=\"dt-pswp-item\" href=\"https:\/\/www.radiopiu.net\/wordpress\/wp-content\/uploads\/2019\/12\/Foto-scaled.jpg\" data-dt-img-description=\"\" data-large_image_width=\"2560\" data-large_image_height=\"1703\"><img loading=\"lazy\" decoding=\"async\" class=\"size-medium wp-image-110219 alignleft\" src=\"https:\/\/www.radiopiu.net\/wordpress\/wp-content\/uploads\/2019\/12\/Foto-300x200.jpg\" alt=\"\" width=\"300\" height=\"200\" srcset=\"https:\/\/www.radiopiu.net\/wordpress\/wp-content\/uploads\/2019\/12\/Foto-300x200.jpg 300w, https:\/\/www.radiopiu.net\/wordpress\/wp-content\/uploads\/2019\/12\/Foto-1024x681.jpg 1024w, https:\/\/www.radiopiu.net\/wordpress\/wp-content\/uploads\/2019\/12\/Foto-768x511.jpg 768w, https:\/\/www.radiopiu.net\/wordpress\/wp-content\/uploads\/2019\/12\/Foto-1536x1022.jpg 1536w, https:\/\/www.radiopiu.net\/wordpress\/wp-content\/uploads\/2019\/12\/Foto-2048x1363.jpg 2048w\" sizes=\"auto, (max-width: 300px) 100vw, 300px\" \/><\/a><strong>AGORDO<\/strong> Torna puntuale anche quest\u2019anno, <\/span><span style=\"font-family: Times, serif;\">gioved\u00ec 26 dicembre alle 20.45,<\/span> <span style=\"font-family: Times, serif;\">nella chiesa arcidiaconale di Agordo, <\/span><span style=\"font-family: Times, serif;\">il Concerto di Natale del Coro Agordo. <\/span><span style=\"font-family: Times, serif;\">In questa occasione il coro diretto da Roberta Conedera ospiter\u00e0 il gruppo corale di Vittorio Veneto \u201cGli Sconcertati\u201d<\/span><\/p>\n<p>&nbsp;<\/p>\n<p>&nbsp;<\/p>\n<p>&nbsp;<\/p>\n<p>&nbsp;<\/p>\n<p>&nbsp;<\/p>\n<p>&nbsp;<\/p>\n<p>&nbsp;<\/p>\n<blockquote class=\"wp-embedded-content\" data-secret=\"T5qg1A7P1V\"><p><a href=\"https:\/\/www.radiopiu.net\/wordpress\/alla-seconda-edizione-il-santuario-maria-immacolata-del-col-nevegal-di-renato-bona\/\">ALLA SECONDA EDIZIONE \u201cIL SANTUARIO MARIA IMMACOLATA\u201d DEL COL NEVEGAL di RENATO BONA<\/a><\/p><\/blockquote>\n<p><iframe loading=\"lazy\" title=\"&#8220;ALLA SECONDA EDIZIONE \u201cIL SANTUARIO MARIA IMMACOLATA\u201d DEL COL NEVEGAL di RENATO BONA&#8221; &#8212; Radio Pi\u00f9\" class=\"wp-embedded-content\" sandbox=\"allow-scripts\" security=\"restricted\" style=\"position: absolute; clip: rect(1px, 1px, 1px, 1px);\" src=\"https:\/\/www.radiopiu.net\/wordpress\/alla-seconda-edizione-il-santuario-maria-immacolata-del-col-nevegal-di-renato-bona\/embed\/#?secret=T5qg1A7P1V\" data-secret=\"T5qg1A7P1V\" width=\"600\" height=\"338\" frameborder=\"0\" marginwidth=\"0\" marginheight=\"0\" scrolling=\"no\"><\/iframe><\/p>\n<p>&nbsp;<\/p>\n<p>&nbsp;<\/p>\n<h3>La val che urla venerdi al centro San Felice di Trichiana, il 4 gennaio la prima nell&#8217;Agordino<\/h3>\n<p><strong>\u00a0<\/strong><br \/>\n<strong>BORGO VALBELLUNA. <\/strong>La pellicola della regista Lucia Zanettin\u00a0 verr\u00e0 proiettata venerd\u00ec alle 21 al centro San Felice di Trichiana, in piazza Merlin. La regista vicentina d&#8217;origine avr\u00e0 l&#8217;occasione di stupire anche i bellunesi, dopo averlo gi\u00e0 fatto la scorsa settimana con gli abitanti del Primiero e prima ancora alla Mostra di Venezia, dove la pellicola \u00e8 stata presentata e ben accolta anche dalla critica.Per la regista si tratta inoltre del secondo film dopo &#8220;Le stelle di Celi&#8221;, incentrato sulla vicenda sportiva e umana di Marcello De Dorigo,. Il biglietto costa 7 euro.<\/p>\n<p>&nbsp;<\/p>\n<p>&nbsp;<\/p>\n<p>&nbsp;<\/p>\n<h3>MINI SERIE TV \u201cL&#8217;uomo vestito di bianco\u201d<\/h3>\n<p><strong>CANALE D&#8217;AGORDO\u00a0 <\/strong>La Fondazione Papa Luciani Onlus ha il piacere di comunicare la prossima messa in onda della puntata della miniserie di Rai Premium e Rai Vaticano dal titolo &#8220;L&#8217;uomo vestito di bianco&#8221; dedicata a Papa Luciani, mercoled\u00ec 25 dicembre alle ore 23.20. La fiction, gi\u00e0 iniziata ed in programma ogni mercoled\u00ec su Rai Premium, \u00e8 dedicata agli ultimi quattro papi defunti, messi in luce dal loro punto di vista umano. Si ringraziano Massimo Milone, Stefano Girotti, Martha Michelini e Nicola Vicenti, Daniela Molinaro,Francesco Puglielli, Paolo Vivaldi e soprattutto la regista, Carlotta Bernabei, la quale ha diretto con competenza e professionalit\u00e0 le riprese a Canale d&#8217;Agordo. Vi ricordiamo, inoltre, che sempre nel giorno di Natale, su TeleBelluno \u00e8 prevista la trasmissione (indicativamente alle ore 19.30) di un servizio sul Museo e sulla Casa natale di Papa Luciani a Canale d\u2019Agordo.<\/p>\n<p>&nbsp;<\/p>\n<p>&nbsp;<\/p>\n<p>&nbsp;<\/p>\n<div dir=\"auto\"><\/div>\n<div dir=\"auto\">\n<h3><a class=\"dt-pswp-item\" href=\"http:\/\/www.radiopiu.net\/wordpress\/wp-content\/uploads\/2018\/09\/appuntamenti.jpeg\" data-dt-img-description=\"\" data-large_image_width=\"800\" data-large_image_height=\"100\"><img loading=\"lazy\" decoding=\"async\" class=\"aligncenter wp-image-61958 size-full\" src=\"http:\/\/www.radiopiu.net\/wordpress\/wp-content\/uploads\/2018\/09\/appuntamenti.jpeg\" alt=\"\" width=\"800\" height=\"100\" srcset=\"https:\/\/www.radiopiu.net\/wordpress\/wp-content\/uploads\/2018\/09\/appuntamenti.jpeg 800w, https:\/\/www.radiopiu.net\/wordpress\/wp-content\/uploads\/2018\/09\/appuntamenti-300x38.jpeg 300w, https:\/\/www.radiopiu.net\/wordpress\/wp-content\/uploads\/2018\/09\/appuntamenti-768x96.jpeg 768w\" sizes=\"auto, (max-width: 800px) 100vw, 800px\" \/><\/a><\/h3>\n<\/div>\n<p><strong>AGORDO\u00a0<\/strong> Il comitato Vecia Popa di Agordo organizza pero ggi alle 16 la manifestazione &#8220;Verso il presepe&#8221; in piazza Libert\u00e0. Davanti al presepe che il comitato ha allestito di fianco all&#8217;arcidiaconale, don Cesare Larese impartir\u00e0 la benedizione ai Bambin Ges\u00f9 dei presepi che porteranno i bambini di Agordo e dintorni. Un momento che accompagner\u00e0 dunque il percorso verso il Natale<\/p>\n<p><strong>ALLEGHE<\/strong> Oggi alle 16 in sala Antonio Franceschini ad Alleghe sar\u00e0 presentato il nuovo libro &#8220;Sci Club Alleghe, 40 anni di sport&#8221;. Sar\u00e0 il giorno della festa per i 40 anni di attivit\u00e0 del sodalizio.<\/p>\n<div style=\"text-align: left;\" align=\"center\">\n<p><strong>SOSPIROLO<\/strong> Questa sera al Centro Civico alle 20.45 Concerto di Natale<br \/>\ncon l&#8217;Orchestra Giovanile bellunese diretta da Matteo Andri<\/p>\n<\/div>\n<p><strong>ALLEGHE<\/strong> Domani KIDS SLED DAY. Sul circuito di Col di Baldi dalle 12.30 alle 16 prova di mini motoslitte gratuita per bambini dai 5 ai 10 anni. Salita in cabinovia da Alleghe a Col dei Baldi gratuita per i bambini. 12.30 incontro con gli istruttori del Moto Club Sled Tech al circuito Col dei Baldi. 12.45 inizio prove libere 16 rientro in cabinovia.<\/p>\n<p><strong>TAIBON<\/strong> e l&#8217;albero di San Cipriano. Per il secondo anno con l&#8217;accensione dell&#8217;albero la festa in una frazione del paese &#8220;viva&#8221; &#8230;il 27 dicembre la serata sotto l&#8217;albero dalle 17.15 visita alla chiesa di San Cipriano con Loris Serafini, alle 18 messa e a seguire rinfresco con la musica dei Red River Revival<\/p>\n<div dir=\"auto\"><strong>CANALE D&#8217;AGORDO<\/strong> dal 24 dicembre 2019 al 6 gennaio presso la sala consiliare del Municipio mostra personale di pittura dell&#8217;artista Agordino Walter Savio. Al suo interno un&#8217;altra mostra, con i tipici fienili (&#8220;tabiai&#8221;) in miniatura realizzati dall&#8217;hobbista Germano Costa di San Tomaso Agordino.<\/div>\n<div dir=\"auto\"><\/div>\n<div dir=\"auto\"><strong>SEDICO<\/strong>\u00a0 Christmas Concert, lunedi alle 21alla casa della Dottrina di Sedico. Swingin&#8217; Jazz Orchestra, dirige Enrico Dalle Cort. Musiche di Cole Porter, Duke Ellington, Horace Silver, Bob Mintzer, Frank Sinatra, Michael Bubl\u00e8.<\/div>\n<div dir=\"auto\"><\/div>\n<div dir=\"auto\"><strong>GOSALDO<\/strong> La Parrocchia B. V. Addolorata organizza il concerto di Natale con i cori Cantores Pagenses e Piccolo Coro San Martino di Paese Treviso. Sabato 21 dicembre alle 20.30 nella chiesa parrocchiale con ingresso libero. Si tratta di una sorta di scambio fra Paese (TV) e Gosaldo. L&#8217;anno scorso, il ricavato del concerto natalizio tenutosi a Paese, era stato devoluto al Comune di Gosaldo in seguito ai danni provocati da Vaia. Ora i cantori &#8220;salgono&#8221; per raggiungere i gosaldini ed esibirsi in chiesa.<\/div>\n<p>&nbsp;<\/p>\n<p><strong>LONGARONE<\/strong> Domenica 22 dicembre festa degli anziani ed emigranti del longaronese, 11 messa a Igne, 12.30 pranzo a Villanova di Longarone. Prenotazioni allo 0437 575811<\/p>\n<p>&nbsp;<\/p>\n<p>&nbsp;<\/p>\n<p>&nbsp;<\/p>\n<h1><span style=\"color: #ff0000;\">IERI ALLA RADIO<\/span><\/h1>\n<p>L&#8217;ultimo numero del 2019 di Cassa Solidarieta&#8217; Aziendale Luxottica con Paolo Chissal\u00e8 e Fabrizio Campedel. Notizie ed auguri<\/p>\n<audio class=\"wp-audio-shortcode\" id=\"audio-110435-11\" preload=\"none\" style=\"width: 100%;\" controls=\"controls\"><source type=\"audio\/mpeg\" src=\"https:\/\/www.radiopiu.net\/wordpress\/wp-content\/uploads\/2019\/12\/ca-sol-lux-dicembre.mp3?_=11\" \/><a href=\"https:\/\/www.radiopiu.net\/wordpress\/wp-content\/uploads\/2019\/12\/ca-sol-lux-dicembre.mp3\">https:\/\/www.radiopiu.net\/wordpress\/wp-content\/uploads\/2019\/12\/ca-sol-lux-dicembre.mp3<\/a><\/audio>\n<p>&nbsp;<\/p>\n<p>&nbsp;<\/p>\n<p>&nbsp;<\/p>\n<h1><span style=\"color: #ff0000;\">L&#8217;ALTRO IERI ALLA RADIO<\/span><\/h1>\n<p><strong>SESTA PUNTATA CON FRANCESCO ZILLIO<\/strong><\/p>\n<p><iframe loading=\"lazy\" title=\"EPCENTER SESTA PUNTATA impianti tecnologici, verifiche tecniche  secondo il decreto 81 (ex 626)\" width=\"1200\" height=\"675\" src=\"https:\/\/www.youtube.com\/embed\/6srV7V-7mcg?feature=oembed\" frameborder=\"0\" allow=\"accelerometer; autoplay; encrypted-media; gyroscope; picture-in-picture\" allowfullscreen><\/iframe><\/p>\n<p>&nbsp;<\/p>\n<p>&nbsp;<\/p>\n<p>&nbsp;<\/p>\n<h2><a class=\"dt-pswp-item\" href=\"http:\/\/www.radiopiu.net\/wordpress\/wp-content\/uploads\/2018\/09\/sport.jpg\" data-dt-img-description=\"\" data-large_image_width=\"800\" data-large_image_height=\"100\"><img loading=\"lazy\" decoding=\"async\" class=\"wp-image-60761 size-full aligncenter\" src=\"http:\/\/www.radiopiu.net\/wordpress\/wp-content\/uploads\/2018\/09\/sport.jpg\" alt=\"\" width=\"800\" height=\"100\" srcset=\"https:\/\/www.radiopiu.net\/wordpress\/wp-content\/uploads\/2018\/09\/sport.jpg 800w, https:\/\/www.radiopiu.net\/wordpress\/wp-content\/uploads\/2018\/09\/sport-300x38.jpg 300w, https:\/\/www.radiopiu.net\/wordpress\/wp-content\/uploads\/2018\/09\/sport-768x96.jpg 768w\" sizes=\"auto, (max-width: 800px) 100vw, 800px\" \/><\/a><\/h2>\n<h3><\/h3>\n<h3>DOMANI L&#8217;ATTO CONCLUSIVO DEL TORNEO DEGLI ANGELI<\/h3>\n<p><a class=\"dt-pswp-item\" href=\"https:\/\/www.radiopiu.net\/wordpress\/wp-content\/uploads\/2019\/12\/TORNEO-ANGELI-2019.jpeg\" data-dt-img-description=\"\" data-large_image_width=\"696\" data-large_image_height=\"416\"><img loading=\"lazy\" decoding=\"async\" class=\"size-medium wp-image-108343 alignright\" src=\"https:\/\/www.radiopiu.net\/wordpress\/wp-content\/uploads\/2019\/12\/TORNEO-ANGELI-2019-300x179.jpeg\" alt=\"\" width=\"300\" height=\"179\" srcset=\"https:\/\/www.radiopiu.net\/wordpress\/wp-content\/uploads\/2019\/12\/TORNEO-ANGELI-2019-300x179.jpeg 300w, https:\/\/www.radiopiu.net\/wordpress\/wp-content\/uploads\/2019\/12\/TORNEO-ANGELI-2019.jpeg 696w\" sizes=\"auto, (max-width: 300px) 100vw, 300px\" \/><\/a>Si giocano domani le ultime partite della quattordicesima edizione del Torneo Degli Angeli, la manifestazione di calcio a 5 organizzata da l&#8217;U.S. Le Ville in memoria di Thierry Brancaleone e Denis Benvegn\u00f9. Al Palarova di Agordo si giocheranno domani pomeriggio le semifinali del torneo. Alle ore 18 la finalissima e subito dopo le premiazioni a cura di Radio Pi\u00f9. Per concludere la serata anche il buffet offerto dal Le Ville per scambiarsi gli auguri di Natale.<\/p>\n<p><strong>ANDREA RUMOR, PRESIDENTE DEL LE VILLE<\/strong><\/p>\n<audio class=\"wp-audio-shortcode\" id=\"audio-110435-12\" preload=\"none\" style=\"width: 100%;\" controls=\"controls\"><source type=\"audio\/mpeg\" src=\"https:\/\/www.radiopiu.net\/wordpress\/wp-content\/uploads\/2019\/12\/ANDREA-RUMOR-FINALE-ANGELI-2019.mp3?_=12\" \/><a href=\"https:\/\/www.radiopiu.net\/wordpress\/wp-content\/uploads\/2019\/12\/ANDREA-RUMOR-FINALE-ANGELI-2019.mp3\">https:\/\/www.radiopiu.net\/wordpress\/wp-content\/uploads\/2019\/12\/ANDREA-RUMOR-FINALE-ANGELI-2019.mp3<\/a><\/audio>\n<p>&nbsp;<\/p>\n<p>&nbsp;<\/p>\n<h3>LO SPORT DEL FINE SETTIMANA<\/h3>\n<p><b>VOLLEY <\/b>Questo fine settimana in programma una sola partita per il Volley Club Agordino che sar\u00e0 impegnato questa sera con la prima squadra al Palarova di Agordo. Alle 20:30 \u00e8 in programma la sfida contro il Santa Giustina valida per la quarta giornata della Terza Divisione.<\/p>\n<p><b>HOCKEY <\/b>Ventunesima giornata della IHL che vede impegnato l&#8217;Alleghe Hockey contro il Caldaro. Trasferta in terra altoatesina per gli uomini di Matikainen che cercheranno di racimolare punti per abbandonare in fretta l&#8217;ultima posizione in classifica. Ingaggio alle 19:30 e diretta su Radio Pi\u00f9 all&#8217;interno di \u201cHockey Al Punto Giusto\u201d. Giovanili dell&#8217;Alleghe con l&#8217;under 19 che domani alle 14 giocher\u00e0 al De Toni contro il Bolzano. Fassa\/Alleghe under 17 in campo oggi alle 17 ad Alba di Canazei dove arriva il Torino. L&#8217;under 15 delle civette giocher\u00e0 in trasferta contro l&#8217;Appiano domani mattina alle 10:30 mentre l&#8217;Alleghe\/Alta Badia under 13 dovr\u00e0 scontrarsi con il Padova oggi alle 16:30.<\/p>\n<p><b>CALCIO <\/b>Solo una partita in programma nel fine settimana per quanto riguarda le squadre seguite da Radio Pi\u00f9. Domani alle 14:30 ultima partita del 2019 per il Fiori Barp Mas che recuperer\u00e0 la sfida contro il Limana.<\/p>\n<p>&nbsp;<\/p>\n<p>&nbsp;<\/p>\n<p>&nbsp;<\/p>\n<h3>LA BELLUNO-FELTRE RUN TORNA IL 4 OTTOBRE 2020<\/h3>\n<p><a class=\"dt-pswp-item\" href=\"https:\/\/www.radiopiu.net\/wordpress\/wp-content\/uploads\/2019\/12\/Belluno_Feltre_b_Passaggio-con-montagne-1.jpg\" data-dt-img-description=\"\" data-large_image_width=\"1024\" data-large_image_height=\"683\"><img loading=\"lazy\" decoding=\"async\" class=\" wp-image-110445 alignleft\" src=\"https:\/\/www.radiopiu.net\/wordpress\/wp-content\/uploads\/2019\/12\/Belluno_Feltre_b_Passaggio-con-montagne-1-300x200.jpg\" alt=\"\" width=\"200\" height=\"133\" srcset=\"https:\/\/www.radiopiu.net\/wordpress\/wp-content\/uploads\/2019\/12\/Belluno_Feltre_b_Passaggio-con-montagne-1-300x200.jpg 300w, https:\/\/www.radiopiu.net\/wordpress\/wp-content\/uploads\/2019\/12\/Belluno_Feltre_b_Passaggio-con-montagne-1-768x512.jpg 768w, https:\/\/www.radiopiu.net\/wordpress\/wp-content\/uploads\/2019\/12\/Belluno_Feltre_b_Passaggio-con-montagne-1.jpg 1024w\" sizes=\"auto, (max-width: 200px) 100vw, 200px\" \/><\/a><strong>BELLUNO\u00a0<\/strong> Manca dal 2016, quattro anni senza una classica che aveva conquistato il cuore di tanti appassionati, diventando anche un ottimo veicolo di promozione del territorio della Sinistra Piave bellunese. Adesso, per\u00f2, l\u2019assenza \u00e8 destinata a finire.\u00a0 Nella stagione in cui festeggia i vent\u2019anni di attivit\u00e0, il Gs La Piave 2000 rilancer\u00e0 anche la Belluno-Feltre Run. Dopo la nona edizione, andata in scena nel 2016, la gara da Belluno a Feltre, in occasione della decima edizione, si era trasformata in una maratona &#8211; unica e irripetibile &#8211; con partenza da Fortogna e arrivo a Busche, nel comune di Cesiomaggiore. Il percorso della Belluno-Feltre Run gara sar\u00e0 quello di sempre: raduno degli atleti nella centrale Piazza dei Martini a Belluno, partenza ufficiale nei pressi del Ponte della Vittoria e traguardo in via Campogiorgio a Feltre.\u00a0 Alla Mezza di Borgo Valbelluna sar\u00e0 anche possibile partecipare in modalit\u00e0 staffetta con tre atleti per ogni squadra che si alterneranno attraverso tre frazioni.\u00a0 Non mancher\u00e0 un fine benefico: parte del ricavato delle iscrizioni alla prova di staffetta verr\u00e0 devoluto ad alcune associazioni di volontariato indicate dagli organizzatori. L\u2019apertura delle iscrizioni \u00e8 prevista per marzo.<\/p>\n<p>&nbsp;<\/p>\n<h1><\/h1>\n<h3>POCHE ORE AL GRANDE EVENTO IN ALTA BADIA<\/h3>\n<p><strong>di Claudio Fontanive\u00a0<\/strong><\/p>\n<p><strong><a class=\"dt-pswp-item\" href=\"https:\/\/www.radiopiu.net\/wordpress\/wp-content\/uploads\/2019\/12\/audi-fis-ski-world-cup-alta-badia-la-villa-1.jpg\" data-dt-img-description=\"\" data-large_image_width=\"899\" data-large_image_height=\"600\"><img loading=\"lazy\" decoding=\"async\" class=\" wp-image-110405 alignleft\" src=\"https:\/\/www.radiopiu.net\/wordpress\/wp-content\/uploads\/2019\/12\/audi-fis-ski-world-cup-alta-badia-la-villa-1-300x200.jpg\" alt=\"\" width=\"230\" height=\"153\" srcset=\"https:\/\/www.radiopiu.net\/wordpress\/wp-content\/uploads\/2019\/12\/audi-fis-ski-world-cup-alta-badia-la-villa-1-300x200.jpg 300w, https:\/\/www.radiopiu.net\/wordpress\/wp-content\/uploads\/2019\/12\/audi-fis-ski-world-cup-alta-badia-la-villa-1-768x513.jpg 768w, https:\/\/www.radiopiu.net\/wordpress\/wp-content\/uploads\/2019\/12\/audi-fis-ski-world-cup-alta-badia-la-villa-1.jpg 899w\" sizes=\"auto, (max-width: 230px) 100vw, 230px\" \/><\/a>CORVARA<\/strong> Manca davvero poco all&#8217;appuntamento con il grande sci alpino in Alta Badia. Audi fis ski world cup in Alta Badia si terra&#8217; regolarmente domenica e lunedi&#8217; sulla Gran Risa. Le parole del presidente Andy Varallo in collegamento telefonico con i dettagli sul programma. A seguire Alessandro Huber ci parla degli eventi collaterali alla gara, come il &#8220;test the best&#8221; il &#8220;sun gran risa&#8221; e l&#8217;apertura dei parchi in quota Moviment.<\/p>\n<audio class=\"wp-audio-shortcode\" id=\"audio-110435-13\" preload=\"none\" style=\"width: 100%;\" controls=\"controls\"><source type=\"audio\/mpeg\" src=\"https:\/\/www.radiopiu.net\/wordpress\/wp-content\/uploads\/2019\/12\/ski-world-cup-varallo-huber-19-dicembre.mp3?_=13\" \/><a href=\"https:\/\/www.radiopiu.net\/wordpress\/wp-content\/uploads\/2019\/12\/ski-world-cup-varallo-huber-19-dicembre.mp3\">https:\/\/www.radiopiu.net\/wordpress\/wp-content\/uploads\/2019\/12\/ski-world-cup-varallo-huber-19-dicembre.mp3<\/a><\/audio>\n<h3><\/h3>\n<p>&nbsp;<\/p>\n<h3><a class=\"dt-pswp-item\" href=\"http:\/\/www.radiopiu.net\/wordpress\/wp-content\/uploads\/2018\/09\/WhatsApp-Image-2018-09-20-at-16.04.06.jpeg\" data-dt-img-description=\"\" data-large_image_width=\"800\" data-large_image_height=\"100\"><img loading=\"lazy\" decoding=\"async\" class=\"wp-image-61378 size-full aligncenter\" src=\"http:\/\/www.radiopiu.net\/wordpress\/wp-content\/uploads\/2018\/09\/WhatsApp-Image-2018-09-20-at-16.04.06.jpeg\" alt=\"\" width=\"800\" height=\"100\" srcset=\"https:\/\/www.radiopiu.net\/wordpress\/wp-content\/uploads\/2018\/09\/WhatsApp-Image-2018-09-20-at-16.04.06.jpeg 800w, https:\/\/www.radiopiu.net\/wordpress\/wp-content\/uploads\/2018\/09\/WhatsApp-Image-2018-09-20-at-16.04.06-300x38.jpeg 300w, https:\/\/www.radiopiu.net\/wordpress\/wp-content\/uploads\/2018\/09\/WhatsApp-Image-2018-09-20-at-16.04.06-768x96.jpeg 768w\" sizes=\"auto, (max-width: 800px) 100vw, 800px\" \/><\/a><\/h3>\n<p>&nbsp;<\/p>\n<p><center><b>Sabato 21<\/b><\/center><b>Tempo atteso: <\/b>Maltempo notturno, poi pausa dei fenomeni sotto una nuvolosit\u00e0 meno intensa, prima di un nuovo aumento della copertura nuvolosa, con ripresa delle precipitazioni. In seguito probabili rasserenamenti, localmente e temporaneamente ampi. In serata nuovo rapido aumento della nuvolosit\u00e0 fino a cielo coperto. Clima leggermente pi\u00f9 fresco in quota.<br \/>\n<b>Precipitazioni: <\/b>Fino al primo mattino diffuse (90\/100%), poi vi sar\u00e0 un intervallo senza fenomeni a partire dalle Prealpi occidentali, dalla tarda mattinata fino al primo pomeriggio nuovo breve episodio precipitativo, pi\u00f9 insistente sul Bellunese, dove cesseranno solo dopo met\u00e0 pomeriggio. Quota neve tra 1200\/1400 m sulle Dolomiti, localmente a 1000\/1100 m in qualche valle chiusa, e 1400\/1500 m sulle Prealpi. Nella ripresa diurna il limite sar\u00e0 sopra i 1500\/1600 m. Tra venerd\u00ec e sabato sono previsti 40\/50 mm su Prealpi, localmente fino a 80\/100 mm su Prealpi, 25\/35 mm su Dolomiti centro-meridionali, un po&#8217; meno su quelle settentrionali, con altrettanti cm di neve fresca oltre i 1800\/2000 m, meno alle quote inferiori per contributo di pioggia e neve bagnata.<br \/>\n<b>Temperature: <\/b>Minime in lieve calo e massime in contenuto aumento nelle valli; in quota in generale contenuta diminuzione. Su Prealpi a 1500 m min 0\u00b0C max 1\u00b0C, a 2000 m min -2\u00b0C max 2\u00b0C. Su Dolomiti a 2000 m min -3\u00b0C max -1\u00b0C, a 3000 m min -9\u00b0C max -7\u00b0C.<br \/>\n<b>Venti: <\/b>Nelle valli deboli di direzione variabile; in quota in attenuazione da tesi\/forti da sud-ovest, a moderati da nord-ovest al pomeriggio, prima di ruotare di nuovo a sud-ovest alla sera, a 15-40 km\/h a 2000 m, 25-60 km\/h a 3000 m.<\/p>\n<hr \/>\n<p><center><b>Domenica 22<\/b><\/center><b>Tempo atteso: <\/b>Fino a met\u00e0 mattinata tempo perturbato, con cielo coperto e precipitazioni diffuse. Dalle ore centrali miglioramento del tempo con rasserenamenti man mano pi\u00f9 ampi, assieme a banchi di nubi alte.<br \/>\n<b>Precipitazioni: <\/b>Probabilit\u00e0 medio-alta (60\/80%) per fenomeni diffusi tra la notte e prima parte del mattino, generalmente deboli, a tratti moderati su alcuni settori prealpini, nevosi sopra i 1100\/1400 m, con limite in lieve rialzo a fine episodio.<br \/>\n<b>Temperature: <\/b>Senza notevoli variazioni, eccetto lieve aumento delle massime nelle valli e calo delle minime in alta quota (oltre i 2500 m), le quali saranno osservate alla sera. Su Prealpi a 1500 m min -1\u00b0C max 2\u00b0C, a 2000 m min -2\u00b0C max 0\u00b0C. Su Dolomiti a 2000 m min -3\u00b0C max 0\u00b0C, a 3000 m min -11\u00b0C max -7\u00b0C.<br \/>\n<b>Venti: <\/b>Nelle valli deboli di direzione variabile; in quota in attenuazione da tesi a deboli\/moderati dai quadranti occidentali occidentali, prima di rafforzarsi fino a tesi da Nord-ovest in serata, a 10-25 km\/h a 2000 m, 15-45 km\/h a 3000 m.<\/p>\n<hr \/>\n<p><center><b>Lunedi 23<\/b><\/center>Tempo ben soleggiato su Prealpi, con qualche nube medio-alta da sottovento (lee-clouds); da soleggiato a parzialmente soleggiato su Dolomiti per annuvolamenti irregolari in arrivo da nord, con qualche burrasca nevosa. Clima ventoso e freddo in quota, pi\u00f9 mite nelle valli per episodi di Foehn.<\/p>\n<hr \/>\n<p><center><b>Martedi 24<\/b><\/center>Estesa copertura nuvolosa per nubi alte e medio-alte stratiformi al mattino. In seguito netto miglioramento, con sole e cielo sereno. Temperature in rialzo, specie le massime in quota. In quota venti moderati\/tesi da nord-ovest al mattino, tesi\/forti al pomeriggio. Nelle valli deboli al mattino ed episodi di Foehn al pomeriggio. Previsore: R.L.Th<\/p>\n<p>&nbsp;<\/p>\n<p>&nbsp;<\/p>\n<p>&nbsp;<\/p>\n<p>&nbsp;<\/p>\n","protected":false},"excerpt":{"rendered":"<p>LEONARDO: LA VERA STAR PER I 5000 DEL PALALUXOTTICA Striano: &#8220;Il 2020 sar\u00e0 l&#8217;anno del nuovo magazzino\u00a0 ad altissima tecnologia&#8221;. Ruspe al lavoro anche ad Agordo per ampliare lo stabilimento \u00e8 stata spostata la strada comunale\u00bb AGORDO Al PalaLuxottica di Agordo , si \u00e8 svolta la tradizionale Festa di Natale, regalo del Presidente Leonardo Del&hellip;<\/p>\n","protected":false},"author":1,"featured_media":110550,"comment_status":"closed","ping_status":"closed","sticky":false,"template":"","format":"standard","meta":{"_monsterinsights_skip_tracking":false,"_monsterinsights_sitenote_active":false,"_monsterinsights_sitenote_note":"","_monsterinsights_sitenote_category":0,"footnotes":""},"categories":[86],"tags":[],"class_list":["post-110435","post","type-post","status-publish","format-standard","has-post-thumbnail","hentry","category-gr","category-86","description-off"],"img_url":"https:\/\/www.radiopiu.net\/wordpress\/wp-content\/uploads\/2019\/12\/WhatsApp-Image-2019-12-20-at-22.48.15.jpeg","_links":{"self":[{"href":"https:\/\/www.radiopiu.net\/wordpress\/wp-json\/wp\/v2\/posts\/110435","targetHints":{"allow":["GET"]}}],"collection":[{"href":"https:\/\/www.radiopiu.net\/wordpress\/wp-json\/wp\/v2\/posts"}],"about":[{"href":"https:\/\/www.radiopiu.net\/wordpress\/wp-json\/wp\/v2\/types\/post"}],"author":[{"embeddable":true,"href":"https:\/\/www.radiopiu.net\/wordpress\/wp-json\/wp\/v2\/users\/1"}],"replies":[{"embeddable":true,"href":"https:\/\/www.radiopiu.net\/wordpress\/wp-json\/wp\/v2\/comments?post=110435"}],"version-history":[{"count":0,"href":"https:\/\/www.radiopiu.net\/wordpress\/wp-json\/wp\/v2\/posts\/110435\/revisions"}],"wp:featuredmedia":[{"embeddable":true,"href":"https:\/\/www.radiopiu.net\/wordpress\/wp-json\/wp\/v2\/media\/110550"}],"wp:attachment":[{"href":"https:\/\/www.radiopiu.net\/wordpress\/wp-json\/wp\/v2\/media?parent=110435"}],"wp:term":[{"taxonomy":"category","embeddable":true,"href":"https:\/\/www.radiopiu.net\/wordpress\/wp-json\/wp\/v2\/categories?post=110435"},{"taxonomy":"post_tag","embeddable":true,"href":"https:\/\/www.radiopiu.net\/wordpress\/wp-json\/wp\/v2\/tags?post=110435"}],"curies":[{"name":"wp","href":"https:\/\/api.w.org\/{rel}","templated":true}]}}