{"id":110484,"date":"2019-12-20T17:49:33","date_gmt":"2019-12-20T16:49:33","guid":{"rendered":"https:\/\/www.radiopiu.net\/wordpress\/?p=110484"},"modified":"2019-12-21T06:03:07","modified_gmt":"2019-12-21T05:03:07","slug":"valpe-ambiente-in-consegna-gli-eco-calendari-2020","status":"publish","type":"post","link":"https:\/\/www.radiopiu.net\/wordpress\/valpe-ambiente-in-consegna-gli-eco-calendari-2020\/","title":{"rendered":"VALPE AMBIENTE: IN CONSEGNA GLI ECO CALENDARI 2020"},"content":{"rendered":"<h3><\/h3>\n<p><strong><a class=\"dt-pswp-item\" href=\"https:\/\/www.radiopiu.net\/wordpress\/wp-content\/uploads\/2017\/05\/valpe.png\" data-dt-img-description=\"\" data-large_image_width=\"324\" data-large_image_height=\"155\"><img loading=\"lazy\" decoding=\"async\" class=\" wp-image-32415 alignleft\" src=\"https:\/\/www.radiopiu.net\/wordpress\/wp-content\/uploads\/2017\/05\/valpe-300x144.png\" alt=\"\" width=\"238\" height=\"114\" \/><\/a>AGORDO<\/strong>\u00a0 I nuovi calendari per l\u2019anno 2020 sono in consegna nelle case di tutti gli utenti proprio in questi giorni.\u00a0 Tra le novit\u00e0, si segnala che nei periodi di alta stagione (mesi di gennaio e di agosto e seconda met\u00e0 di dicembre 2020), nelle zone Fuori Centro Urbano \u00e8 previsto un incremento delle frequenze di raccolta dell\u2019umido (che passer\u00e0 quindi da una a due volte alla settimana) e del vetro plastica lattine (da quindicinale a settimanale), senza alcun costo aggiuntivo per le utenze.\u00a0 \u00a0I nuovi utenti, che hanno attivato il contratto da novembre 2019 in poi, possono ritirare una copia del calendario presso gli sportelli o richiedere la consegna a domicilio chiamando il numero 0437 1835690 (solo per le utenze del Comune di Sedico) oppure i numeri 0437 640462 \/ 0437 643621 (solo per le utenze dell\u2019Unione Montana Agordina)<\/p>\n","protected":false},"excerpt":{"rendered":"<p>AGORDO\u00a0 I nuovi calendari per l\u2019anno 2020 sono in consegna nelle case di tutti gli utenti proprio in questi giorni.\u00a0 Tra le novit\u00e0, si segnala che nei periodi di alta stagione (mesi di gennaio e di agosto e seconda met\u00e0 di dicembre 2020), nelle zone Fuori Centro Urbano \u00e8 previsto un incremento delle frequenze di&hellip;<\/p>\n","protected":false},"author":1,"featured_media":0,"comment_status":"closed","ping_status":"closed","sticky":false,"template":"","format":"standard","meta":{"_monsterinsights_skip_tracking":false,"_monsterinsights_sitenote_active":false,"_monsterinsights_sitenote_note":"","_monsterinsights_sitenote_category":0,"footnotes":""},"categories":[103,49],"tags":[],"class_list":["post-110484","post","type-post","status-publish","format-standard","hentry","category-evidenza_2","category-news-18","category-103","category-49","description-off"],"img_url":false,"_links":{"self":[{"href":"https:\/\/www.radiopiu.net\/wordpress\/wp-json\/wp\/v2\/posts\/110484","targetHints":{"allow":["GET"]}}],"collection":[{"href":"https:\/\/www.radiopiu.net\/wordpress\/wp-json\/wp\/v2\/posts"}],"about":[{"href":"https:\/\/www.radiopiu.net\/wordpress\/wp-json\/wp\/v2\/types\/post"}],"author":[{"embeddable":true,"href":"https:\/\/www.radiopiu.net\/wordpress\/wp-json\/wp\/v2\/users\/1"}],"replies":[{"embeddable":true,"href":"https:\/\/www.radiopiu.net\/wordpress\/wp-json\/wp\/v2\/comments?post=110484"}],"version-history":[{"count":0,"href":"https:\/\/www.radiopiu.net\/wordpress\/wp-json\/wp\/v2\/posts\/110484\/revisions"}],"wp:attachment":[{"href":"https:\/\/www.radiopiu.net\/wordpress\/wp-json\/wp\/v2\/media?parent=110484"}],"wp:term":[{"taxonomy":"category","embeddable":true,"href":"https:\/\/www.radiopiu.net\/wordpress\/wp-json\/wp\/v2\/categories?post=110484"},{"taxonomy":"post_tag","embeddable":true,"href":"https:\/\/www.radiopiu.net\/wordpress\/wp-json\/wp\/v2\/tags?post=110484"}],"curies":[{"name":"wp","href":"https:\/\/api.w.org\/{rel}","templated":true}]}}