{"id":110486,"date":"2019-12-20T23:59:04","date_gmt":"2019-12-20T22:59:04","guid":{"rendered":"https:\/\/www.radiopiu.net\/wordpress\/?p=110486"},"modified":"2019-12-20T17:50:56","modified_gmt":"2019-12-20T16:50:56","slug":"domani-il-solstizio-invernale-nel-giorno-piu-corto-dellanno","status":"publish","type":"post","link":"https:\/\/www.radiopiu.net\/wordpress\/domani-il-solstizio-invernale-nel-giorno-piu-corto-dellanno\/","title":{"rendered":"DOMANI IL SOLSTIZIO INVERNALE NEL GIORNO PIU&#8217; CORTO DELL&#8217;ANNO."},"content":{"rendered":"<h3><\/h3>\n<div style=\"width: 854px;\" class=\"wp-video\"><video class=\"wp-video-shortcode\" id=\"video-110486-1\" width=\"854\" height=\"480\" preload=\"metadata\" controls=\"controls\"><source type=\"video\/mp4\" src=\"https:\/\/www.radiopiu.net\/wordpress\/wp-content\/uploads\/2019\/12\/WhatsApp-Video-2019-12-20-at-15.53.43.mp4?_=1\" \/><a href=\"https:\/\/www.radiopiu.net\/wordpress\/wp-content\/uploads\/2019\/12\/WhatsApp-Video-2019-12-20-at-15.53.43.mp4\">https:\/\/www.radiopiu.net\/wordpress\/wp-content\/uploads\/2019\/12\/WhatsApp-Video-2019-12-20-at-15.53.43.mp4<\/a><\/video><\/div>\n<p><strong>DI CLAUDIO PRA<\/strong><\/p>\n<p><a class=\"dt-pswp-item\" href=\"https:\/\/www.radiopiu.net\/wordpress\/wp-content\/uploads\/2019\/12\/SOLSTIZIO-INVERNO-2017-1.jpg\" data-dt-img-description=\"\" data-large_image_width=\"600\" data-large_image_height=\"400\"><img loading=\"lazy\" decoding=\"async\" class=\" wp-image-110439 alignleft\" src=\"https:\/\/www.radiopiu.net\/wordpress\/wp-content\/uploads\/2019\/12\/SOLSTIZIO-INVERNO-2017-1-300x200.jpg\" alt=\"\" width=\"221\" height=\"147\" srcset=\"https:\/\/www.radiopiu.net\/wordpress\/wp-content\/uploads\/2019\/12\/SOLSTIZIO-INVERNO-2017-1-300x200.jpg 300w, https:\/\/www.radiopiu.net\/wordpress\/wp-content\/uploads\/2019\/12\/SOLSTIZIO-INVERNO-2017-1.jpg 600w\" sizes=\"auto, (max-width: 221px) 100vw, 221px\" \/><\/a>Domani mattina, domenica 22 dicembre, poco prima dell\u2019alba si verifica il Solstizio Invernale con il Sole che alle 5.20 raggiunger\u00e0 la massima declinazione australe, che per le nostre localit\u00e0 significa il suo punto pi\u00f9 basso in cielo situato tra le stelle del Sagittario. Per noi e in generale per l\u2019Emisfero Boreale, domani sar\u00e0 il giorno pi\u00f9 corto dell\u2019anno, con la nostra stella che sorger\u00e0 alle 7.53 e tramonter\u00e0 alle 16.27, rimanendo sopra l\u2019orizzonte per poco pi\u00f9 di otto ore e mezza contro le quasi 16 in cui resta visibile al solstizio estivo. Per spiegare il fenomeno in maniera molto elementare dobbiamo considerare che la Terra gira attorno al Sole con il proprio asse di rotazione inclinato di oltre 23\u00b0. Ci\u00f2 crea un movimento di oscillazione che ci espone in maniera differente alla nostra stella a seconda del periodo considerato. Nel Solstizio d\u2019Inverno l\u2019emisfero nord risulta inclinato all\u2019indietro rispetto al Sole, che ci appare dunque basso in cielo e i cui raggi ci colpiscono in maniera molto meno efficace che d\u2019estate quando invece siamo inclinati in avanti. Con il Solstizio Invernale comincia anche l\u2019inverno, che terminer\u00e0 il 20 marzo lasciando posto alla primavera. Qualcuno crede ancora che la giornata pi\u00f9 corta sia il 13 dicembre, S. Lucia, soprattutto per l\u2019antico detto \u201cS. Lucia,il giorno pi\u00f9 corto che ci sia\u201d. Questo era vero prima dell\u2019introduzione del Calendario Gregoriano, avvenuta nel 1582, quello usato ancora oggi, che sostitu\u00ec il Calendario Giuliano in cui S. Lucia cadeva in effetti in prossimit\u00e0 del solstizio invernale dando senso a un detto che invece oggi non ha pi\u00f9 motivo di esistere. Solstizio deriva dal latino solstitium e significa Sole fermo. Questo perch\u00e9 nei giorni in cui il fenomeno si verifica, la nostra stella pare arrestare il suo movimento che lo ha visto per mesi abbassarsi sempre pi\u00f9 in cielo (nel caso di solstizio invernale) o al contrario alzarsi sempre pi\u00f9 nel caso del Solstizio Estivo, per poi invertirlo. Passato il Solstizio Invernale le ore di luce cominceranno dunque lentamente a crescere. \u201cA Nadal en pas de en gal\u201d, dice un detto, che sta a significare che in qualche giorno il Sole avr\u00e0 compiuto un piccolo passo verso l\u2019alto donandoci qualche istante di luce in pi\u00f9.<\/p>\n<p>&nbsp;<\/p>\n<p>&nbsp;<\/p>\n<p>&nbsp;<\/p>\n<p>&nbsp;<\/p>\n<p>&nbsp;<\/p>\n","protected":false},"excerpt":{"rendered":"<p>DI CLAUDIO PRA Domani mattina, domenica 22 dicembre, poco prima dell\u2019alba si verifica il Solstizio Invernale con il Sole che alle 5.20 raggiunger\u00e0 la massima declinazione australe, che per le nostre localit\u00e0 significa il suo punto pi\u00f9 basso in cielo situato tra le stelle del Sagittario. Per noi e in generale per l\u2019Emisfero Boreale, domani&hellip;<\/p>\n","protected":false},"author":1,"featured_media":110439,"comment_status":"closed","ping_status":"closed","sticky":false,"template":"","format":"standard","meta":{"_monsterinsights_skip_tracking":false,"_monsterinsights_sitenote_active":false,"_monsterinsights_sitenote_note":"","_monsterinsights_sitenote_category":0,"footnotes":""},"categories":[104,49],"tags":[],"class_list":["post-110486","post","type-post","status-publish","format-standard","has-post-thumbnail","hentry","category-evidenza_3","category-news-18","category-104","category-49","description-off"],"img_url":"https:\/\/www.radiopiu.net\/wordpress\/wp-content\/uploads\/2019\/12\/SOLSTIZIO-INVERNO-2017-1.jpg","_links":{"self":[{"href":"https:\/\/www.radiopiu.net\/wordpress\/wp-json\/wp\/v2\/posts\/110486","targetHints":{"allow":["GET"]}}],"collection":[{"href":"https:\/\/www.radiopiu.net\/wordpress\/wp-json\/wp\/v2\/posts"}],"about":[{"href":"https:\/\/www.radiopiu.net\/wordpress\/wp-json\/wp\/v2\/types\/post"}],"author":[{"embeddable":true,"href":"https:\/\/www.radiopiu.net\/wordpress\/wp-json\/wp\/v2\/users\/1"}],"replies":[{"embeddable":true,"href":"https:\/\/www.radiopiu.net\/wordpress\/wp-json\/wp\/v2\/comments?post=110486"}],"version-history":[{"count":0,"href":"https:\/\/www.radiopiu.net\/wordpress\/wp-json\/wp\/v2\/posts\/110486\/revisions"}],"wp:featuredmedia":[{"embeddable":true,"href":"https:\/\/www.radiopiu.net\/wordpress\/wp-json\/wp\/v2\/media\/110439"}],"wp:attachment":[{"href":"https:\/\/www.radiopiu.net\/wordpress\/wp-json\/wp\/v2\/media?parent=110486"}],"wp:term":[{"taxonomy":"category","embeddable":true,"href":"https:\/\/www.radiopiu.net\/wordpress\/wp-json\/wp\/v2\/categories?post=110486"},{"taxonomy":"post_tag","embeddable":true,"href":"https:\/\/www.radiopiu.net\/wordpress\/wp-json\/wp\/v2\/tags?post=110486"}],"curies":[{"name":"wp","href":"https:\/\/api.w.org\/{rel}","templated":true}]}}