{"id":110609,"date":"2019-12-21T21:21:45","date_gmt":"2019-12-21T20:21:45","guid":{"rendered":"https:\/\/www.radiopiu.net\/wordpress\/?p=110609"},"modified":"2019-12-21T21:21:45","modified_gmt":"2019-12-21T20:21:45","slug":"valanga-in-valparola-nessun-ferito","status":"publish","type":"post","link":"https:\/\/www.radiopiu.net\/wordpress\/valanga-in-valparola-nessun-ferito\/","title":{"rendered":"VALANGA IN VALPAROLA, NESSUN FERITO"},"content":{"rendered":"<p>&nbsp;<\/p>\n<p>Belluno, 21 &#8211; 12 &#8211; 19<br \/>\nNessuno \u00e8 rimasto fortunatamente ferito in seguito alla caduta della valanga che ha interessato un tornante della strada della Valparola, tra Livinallongo del Col di Lana e Cortina d&#8217;Ampezzo, accumulandosi con tre metri di spessore. Il distacco \u00e8 avvenuto 250 metri circa pi\u00f9 in alto, con un fronte di 200 metri, e si \u00e8 incanalato finendo sulla strada dove stavano transitando tre pulmini investiti su un lato. Gli occupanti sono riusciti a uscire senza riportare danni. Sul posto l&#8217;elicottero dell&#8217;Aiut Alpin Dolomites di Bolzano, il Soccorso alpino di Livonallongo e San Vigilio, il Sagf di Cortina, Vigili del fioco. Pronto in supporto il Soccorso alpino di Cortina.<\/p>\n\n\t\t\t<style type='text\/css'>\n\t\t\t\t#gallery-1 {\n\t\t\t\t\tmargin: auto;\n\t\t\t\t}\n\t\t\t\t#gallery-1 .gallery-item {\n\t\t\t\t\tfloat: left;\n\t\t\t\t\tmargin-top: 10px;\n\t\t\t\t\ttext-align: center;\n\t\t\t\t\twidth: 33%;\n\t\t\t\t}\n\t\t\t\t#gallery-1 img {\n\t\t\t\t\tborder: 2px solid #cfcfcf;\n\t\t\t\t}\n\t\t\t\t#gallery-1 .gallery-caption {\n\t\t\t\t\tmargin-left: 0;\n\t\t\t\t}\n\t\t\t\t\/* see gallery_shortcode() in wp-includes\/media.php *\/\n\t\t\t<\/style>\n\t\t<div id='gallery-1' class='dt-gallery-container gallery galleryid-110609 gallery-columns-3 gallery-size-thumbnail'><dl class='gallery-item'>\n\t\t\t\t<dt class='gallery-icon landscape'>\n\t\t\t\t\t<a class=\"rollover\" href='https:\/\/www.radiopiu.net\/wordpress\/valanga-in-valparola-nessun-ferito\/img-20191221-wa0018\/'><img loading=\"lazy\" decoding=\"async\" width=\"150\" height=\"150\" src=\"https:\/\/www.radiopiu.net\/wordpress\/wp-content\/uploads\/2019\/12\/IMG-20191221-WA0018-150x150.jpg\" class=\"attachment-thumbnail size-thumbnail\" alt=\"\" \/><\/a>\n\t\t\t\t<\/dt><\/dl><dl class='gallery-item'>\n\t\t\t\t<dt class='gallery-icon landscape'>\n\t\t\t\t\t<a class=\"rollover\" href='https:\/\/www.radiopiu.net\/wordpress\/valanga-in-valparola-nessun-ferito\/img-20191221-wa0019\/'><img loading=\"lazy\" decoding=\"async\" width=\"150\" height=\"150\" src=\"https:\/\/www.radiopiu.net\/wordpress\/wp-content\/uploads\/2019\/12\/IMG-20191221-WA0019-150x150.jpg\" class=\"attachment-thumbnail size-thumbnail\" alt=\"\" \/><\/a>\n\t\t\t\t<\/dt><\/dl><dl class='gallery-item'>\n\t\t\t\t<dt class='gallery-icon portrait'>\n\t\t\t\t\t<a class=\"rollover\" href='https:\/\/www.radiopiu.net\/wordpress\/valanga-in-valparola-nessun-ferito\/img-20191221-wa0016\/'><img loading=\"lazy\" decoding=\"async\" width=\"150\" height=\"150\" src=\"https:\/\/www.radiopiu.net\/wordpress\/wp-content\/uploads\/2019\/12\/IMG-20191221-WA0016-150x150.jpg\" class=\"attachment-thumbnail size-thumbnail\" alt=\"\" \/><\/a>\n\t\t\t\t<\/dt><\/dl><br style=\"clear: both\" \/>\n\t\t\t<\/div>\n\n","protected":false},"excerpt":{"rendered":"<p>&nbsp; Belluno, 21 &#8211; 12 &#8211; 19 Nessuno \u00e8 rimasto fortunatamente ferito in seguito alla caduta della valanga che ha interessato un tornante della strada della Valparola, tra Livinallongo del Col di Lana e Cortina d&#8217;Ampezzo, accumulandosi con tre metri di spessore. Il distacco \u00e8 avvenuto 250 metri circa pi\u00f9 in alto, con un fronte&hellip;<\/p>\n","protected":false},"author":1,"featured_media":110610,"comment_status":"closed","ping_status":"closed","sticky":false,"template":"","format":"standard","meta":{"_monsterinsights_skip_tracking":false,"_monsterinsights_sitenote_active":false,"_monsterinsights_sitenote_note":"","_monsterinsights_sitenote_category":0,"footnotes":""},"categories":[51,49],"tags":[],"class_list":["post-110609","post","type-post","status-publish","format-standard","has-post-thumbnail","hentry","category-evidenza-top","category-news-18","category-51","category-49","description-off"],"img_url":"https:\/\/www.radiopiu.net\/wordpress\/wp-content\/uploads\/2019\/12\/IMG-20191221-WA0018.jpg","_links":{"self":[{"href":"https:\/\/www.radiopiu.net\/wordpress\/wp-json\/wp\/v2\/posts\/110609","targetHints":{"allow":["GET"]}}],"collection":[{"href":"https:\/\/www.radiopiu.net\/wordpress\/wp-json\/wp\/v2\/posts"}],"about":[{"href":"https:\/\/www.radiopiu.net\/wordpress\/wp-json\/wp\/v2\/types\/post"}],"author":[{"embeddable":true,"href":"https:\/\/www.radiopiu.net\/wordpress\/wp-json\/wp\/v2\/users\/1"}],"replies":[{"embeddable":true,"href":"https:\/\/www.radiopiu.net\/wordpress\/wp-json\/wp\/v2\/comments?post=110609"}],"version-history":[{"count":0,"href":"https:\/\/www.radiopiu.net\/wordpress\/wp-json\/wp\/v2\/posts\/110609\/revisions"}],"wp:featuredmedia":[{"embeddable":true,"href":"https:\/\/www.radiopiu.net\/wordpress\/wp-json\/wp\/v2\/media\/110610"}],"wp:attachment":[{"href":"https:\/\/www.radiopiu.net\/wordpress\/wp-json\/wp\/v2\/media?parent=110609"}],"wp:term":[{"taxonomy":"category","embeddable":true,"href":"https:\/\/www.radiopiu.net\/wordpress\/wp-json\/wp\/v2\/categories?post=110609"},{"taxonomy":"post_tag","embeddable":true,"href":"https:\/\/www.radiopiu.net\/wordpress\/wp-json\/wp\/v2\/tags?post=110609"}],"curies":[{"name":"wp","href":"https:\/\/api.w.org\/{rel}","templated":true}]}}