{"id":110839,"date":"2019-12-23T20:37:37","date_gmt":"2019-12-23T19:37:37","guid":{"rendered":"https:\/\/www.radiopiu.net\/wordpress\/?p=110839"},"modified":"2019-12-24T05:36:39","modified_gmt":"2019-12-24T04:36:39","slug":"recupero-e-soccorso-della-fauna-selvatica-legge-da-rivedere-ma-mai-applicata-a-belluno","status":"publish","type":"post","link":"https:\/\/www.radiopiu.net\/wordpress\/recupero-e-soccorso-della-fauna-selvatica-legge-da-rivedere-ma-mai-applicata-a-belluno\/","title":{"rendered":"Recupero e soccorso della fauna selvatica &#8211; legge da rivedere- anche se mai applicata a Belluno."},"content":{"rendered":"<blockquote><p><strong>Il consigliere De Bon delegato a caccia e pesca per la provincia di Belluno ritiene si debba rivedere la legge che prevede il recupero e assistenza della fauna selvatica, alla luce dei costi visto che gli animali rimessi in libert\u00e0 cadono poi spesso vittime dei cacciatori. La tutela di fauna non protetta \u00e8 inutile secondo il consigliere.<\/strong><\/p><\/blockquote>\n<p><strong>di ILIANA COMINA<\/strong><\/p>\n<p><strong><a class=\"dt-pswp-item\" href=\"https:\/\/www.radiopiu.net\/wordpress\/wp-content\/uploads\/2019\/12\/sfondo_-730x410-1.png\" data-dt-img-description=\"\" data-large_image_width=\"730\" data-large_image_height=\"410\"><img loading=\"lazy\" decoding=\"async\" class=\"size-medium wp-image-110864 alignleft\" src=\"https:\/\/www.radiopiu.net\/wordpress\/wp-content\/uploads\/2019\/12\/sfondo_-730x410-1-300x168.png\" alt=\"\" width=\"300\" height=\"168\" srcset=\"https:\/\/www.radiopiu.net\/wordpress\/wp-content\/uploads\/2019\/12\/sfondo_-730x410-1-300x168.png 300w, https:\/\/www.radiopiu.net\/wordpress\/wp-content\/uploads\/2019\/12\/sfondo_-730x410-1.png 730w\" sizes=\"auto, (max-width: 300px) 100vw, 300px\" \/><\/a>AGORDO<\/strong> Le parole di De Bon sono assolutamente gravi, alla luce di una totale inadempienza nel soccorso della fauna in provincia che non \u00e8 mai esistito, mancando un centro di recupero, attrezzature veterinarie, veterinari specializzati e ricoveri adeguai nonostante sia previsto per legge per ogni provincia (a Treviso c\u2019\u00e8) se qualche recupero \u00e8 stato fatto \u00e8 grazie all\u2019eroismo di qualche veterinario privato e di qualche volontario. Inutile dire che ad oggi se si investe un animale il problema rimane solo della persona e del selvatico, abbandonati a loro stessi. Interessante come l\u2019inadempienza possa diventare una leva politica per modificare una legge scomoda. O sar\u00e0 forse la convenzione che doveva essere stipulata con i veterinari privati il problema? Che mostra delle macro criticit\u00e0 ovvie (mezzi di trasporto, assicurazioni, reperibilit\u00e0 H24, uso dei farmaci, ricoveri impossibili per mancanza di struttura) ma che si sono liquidate facendone una mera questione di denaro, per altro con poco rispetto verso i professionisti\u2026 Il Ragionamento di De Bon \u00e8 pericoloso perch\u00e8 sottende che la tutela del bene pubblico &#8211; la fauna \u00e8 bene indisponibile dello Stato per cui di tutti, non solo dei cacciatori e pescatori della provincia &#8211; e dell\u2019ambiente \u00e8 solo un costo. Oggi tocca agli animali perch\u00e8 nessuno protesta, ma le parole \u201cDobbiamo fare economie\u201d &#8211; suonano predittive di un pessimo modus operandi della politica degli ultimi anni. Domani quindi toccher\u00e0 ai deboli, gli anziani, i disabili, che sono un costo per la sanit\u00e0, l\u2019assistenza, il lavoro? I costi della caccia non li calcoliamo? Incidenti, danni, soccorsi in montagna, attivit\u00e0 di sorveglianza ecc. Vogliamo dare la colpa dello spopolamento agli animali? Siamo seri? Ci era sembrato che le criticit\u00e0 fossero sanit\u00e0, lavoro, viabilit\u00e0, servizi (per cominciare). Un briciolo di autocritica? Di soluzioni? Di capacit\u00e0 progettuale? Le associazioni animaliste e tutta la societ\u00e0 civile si fanno la stessa domanda. Amministrare caccia e pesca vuole dire usare gli animali come si vuole? Non certo per il nostro ambiente, non certo in questi anni di disastri ambientali, cambiamenti climatici e crisi di valori sociali. Quale progettualit\u00e0 per la provincia? Nascondersi dietro le corna del cervo? Ce lo chiediamo tutti.<\/p>\n","protected":false},"excerpt":{"rendered":"<p>Il consigliere De Bon delegato a caccia e pesca per la provincia di Belluno ritiene si debba rivedere la legge che prevede il recupero e assistenza della fauna selvatica, alla luce dei costi visto che gli animali rimessi in libert\u00e0 cadono poi spesso vittime dei cacciatori. La tutela di fauna non protetta \u00e8 inutile secondo&hellip;<\/p>\n","protected":false},"author":1,"featured_media":110864,"comment_status":"closed","ping_status":"closed","sticky":false,"template":"","format":"standard","meta":{"_monsterinsights_skip_tracking":false,"_monsterinsights_sitenote_active":false,"_monsterinsights_sitenote_note":"","_monsterinsights_sitenote_category":0,"footnotes":""},"categories":[1,51],"tags":[],"class_list":["post-110839","post","type-post","status-publish","format-standard","has-post-thumbnail","hentry","category-senza-categoria","category-evidenza-top","category-1","category-51","description-off"],"img_url":"https:\/\/www.radiopiu.net\/wordpress\/wp-content\/uploads\/2019\/12\/sfondo_-730x410-1.png","_links":{"self":[{"href":"https:\/\/www.radiopiu.net\/wordpress\/wp-json\/wp\/v2\/posts\/110839","targetHints":{"allow":["GET"]}}],"collection":[{"href":"https:\/\/www.radiopiu.net\/wordpress\/wp-json\/wp\/v2\/posts"}],"about":[{"href":"https:\/\/www.radiopiu.net\/wordpress\/wp-json\/wp\/v2\/types\/post"}],"author":[{"embeddable":true,"href":"https:\/\/www.radiopiu.net\/wordpress\/wp-json\/wp\/v2\/users\/1"}],"replies":[{"embeddable":true,"href":"https:\/\/www.radiopiu.net\/wordpress\/wp-json\/wp\/v2\/comments?post=110839"}],"version-history":[{"count":0,"href":"https:\/\/www.radiopiu.net\/wordpress\/wp-json\/wp\/v2\/posts\/110839\/revisions"}],"wp:featuredmedia":[{"embeddable":true,"href":"https:\/\/www.radiopiu.net\/wordpress\/wp-json\/wp\/v2\/media\/110864"}],"wp:attachment":[{"href":"https:\/\/www.radiopiu.net\/wordpress\/wp-json\/wp\/v2\/media?parent=110839"}],"wp:term":[{"taxonomy":"category","embeddable":true,"href":"https:\/\/www.radiopiu.net\/wordpress\/wp-json\/wp\/v2\/categories?post=110839"},{"taxonomy":"post_tag","embeddable":true,"href":"https:\/\/www.radiopiu.net\/wordpress\/wp-json\/wp\/v2\/tags?post=110839"}],"curies":[{"name":"wp","href":"https:\/\/api.w.org\/{rel}","templated":true}]}}