{"id":110968,"date":"2019-12-27T05:47:43","date_gmt":"2019-12-27T04:47:43","guid":{"rendered":"https:\/\/www.radiopiu.net\/wordpress\/?p=110968"},"modified":"2019-12-27T08:52:13","modified_gmt":"2019-12-27T07:52:13","slug":"giornale-radiopiu-27-dicembre-2019-direttore-mirko-mezzacasa","status":"publish","type":"post","link":"https:\/\/www.radiopiu.net\/wordpress\/giornale-radiopiu-27-dicembre-2019-direttore-mirko-mezzacasa\/","title":{"rendered":"GIORNALE RADIOPIU 27 DICEMBRE 2019 DIRETTORE MIRKO MEZZACASA"},"content":{"rendered":"<p>&nbsp;<\/p>\n<p>&nbsp;<\/p>\n<p>&nbsp;<\/p>\n<h2><span style=\"color: #ff0000;\">IL MIRACOLO FELTRINO,<\/span><\/h2>\n<p lang=\"it-IT\" align=\"CENTER\"><span style=\"font-family: Calibri, sans-serif;\"><span style=\"font-size: x-large;\"><b>Dall\u2019Albania a Feltre per un intervento chirurgico<\/b><\/span><\/span><\/p>\n<p lang=\"it-IT\" align=\"CENTER\"><span style=\"font-family: Calibri, sans-serif;\"><span style=\"font-size: x-large;\"><b>Asportata una neoplasia di 20 cm<\/b><\/span><\/span><\/p>\n<p align=\"JUSTIFY\"><span style=\"font-family: Calibri, sans-serif;\"><span lang=\"it-IT\"><b><a class=\"dt-pswp-item\" href=\"https:\/\/www.radiopiu.net\/wordpress\/wp-content\/uploads\/2019\/12\/Montin-Dal-SOler-scaled.jpg\" data-dt-img-description=\"\" data-large_image_width=\"2560\" data-large_image_height=\"2429\"><img loading=\"lazy\" decoding=\"async\" class=\"size-medium wp-image-111004 alignleft\" src=\"https:\/\/www.radiopiu.net\/wordpress\/wp-content\/uploads\/2019\/12\/Montin-Dal-SOler-300x285.jpg\" alt=\"\" width=\"300\" height=\"285\" srcset=\"https:\/\/www.radiopiu.net\/wordpress\/wp-content\/uploads\/2019\/12\/Montin-Dal-SOler-300x285.jpg 300w, https:\/\/www.radiopiu.net\/wordpress\/wp-content\/uploads\/2019\/12\/Montin-Dal-SOler-1024x971.jpg 1024w, https:\/\/www.radiopiu.net\/wordpress\/wp-content\/uploads\/2019\/12\/Montin-Dal-SOler-768x729.jpg 768w, https:\/\/www.radiopiu.net\/wordpress\/wp-content\/uploads\/2019\/12\/Montin-Dal-SOler-1536x1457.jpg 1536w, https:\/\/www.radiopiu.net\/wordpress\/wp-content\/uploads\/2019\/12\/Montin-Dal-SOler-2048x1943.jpg 2048w\" sizes=\"auto, (max-width: 300px) 100vw, 300px\" \/><\/a>Feltre<\/b><\/span><\/span><span style=\"font-family: Calibri, sans-serif;\"><span lang=\"it-IT\">. L\u2019anno si chiude con un importante intervento alla Chirurgia di Feltre diretta da Umberto Montin. <\/span><\/span><span style=\"font-family: Calibri, sans-serif;\">Un uomo di 60 anni, <\/span><span style=\"font-family: Calibri, sans-serif;\"><span lang=\"it-IT\">a<\/span><\/span><span style=\"font-family: Calibri, sans-serif;\">lbanese di origine, affetto da una rara neoplasia di oltre 20 cm di diametro che coinvolgeva le ultime costole toraciche di destra, la parete addominale e il diaframma \u00e8 stato sottoposto ad un intervento chirurgico presso la chirurgia generale dell&#8217;Ospedale Santa Maria del Prato, che ha richiesto il ricorso di tutte le capacit\u00e0 professionali dei nostri chirurghi oltre all&#8217;utilizzo di una particolare protesi a garantire una impalcatura a sostituzione della parete toracica, addominale e diaframmatica asportate. <\/span><span style=\"font-family: Calibri, sans-serif;\"><b>La storia <\/b><\/span><span style=\"font-family: Calibri, sans-serif;\"><span lang=\"it-IT\">L\u2019uomo,<\/span><\/span><span style=\"font-family: Calibri, sans-serif;\"> nato in Albania nel 1959 e ivi residente, ma con fratelli e sorelle da anni integrati nella comunit\u00e0 Feltrina, si \u00e8 presentato presso l&#8217;ambulatoriao del nostro nosocomio mostrando l&#8217;enorme massa tumorale che lo affligeva da alcuni mesi e che modificava il normale profilo fisico, lasciando<\/span><span style=\"font-family: Calibri, sans-serif;\"><span lang=\"it-IT\">lo<\/span><\/span><span style=\"font-family: Calibri, sans-serif;\"> con enorme sofferenza per i coinvolgimento da parte del tumore delle costole con difficolt\u00e0 alla respirazione e alla normale attivit\u00e0 fisica. Giudicato non operabile al proprio paese, dopo aver ottenuto la tessera sanitaria provvisoria, \u00e8 stato preso in carico dal reparto di chirurgia. Da subito i sanitari si sono resi conto dell&#8217;enorme difficolt\u00e0 rappresentata dal trattare una neoplasia dalle dimensioni cos\u00ec cospicue e soprattuto dal fatto che essa coinvolgeva oltre al costato, anche il muscolo diaframmatico e la parete addominale.<\/span><span style=\"font-family: Calibri, sans-serif;\">\u00a0<\/span><span style=\"font-family: Calibri, sans-serif;\">La soddisfazione pi\u00f9 grande, oltre alla buona riuscita dell&#8217;intervento <\/span><span style=\"font-family: Calibri, sans-serif;\"><span lang=\"it-IT\">\u00e8 stata <\/span><\/span><span style=\"font-family: Calibri, sans-serif;\">vedere il paziente con il sorriso<\/span><span style=\"font-family: Calibri, sans-serif;\"><span lang=\"it-IT\">. <\/span><\/span><span style=\"font-family: Calibri, sans-serif;\">\u00ab<\/span><span style=\"font-family: Calibri, sans-serif;\"><span lang=\"it-IT\">U<\/span><\/span><span style=\"font-family: Calibri, sans-serif;\">n ringraziamento mio e dei mie figli alle vostre famiglie tutte, che per dare a noi pazienti la possibilit\u00e0 di essere curate da queste mani, si privano per tanto tempo della vostra presenza ed<\/span><span style=\"font-family: Calibri, sans-serif;\"><span lang=\"it-IT\"> i<\/span><\/span><span style=\"font-family: Calibri, sans-serif;\">l vostro affetto, un grazie per tutto quello che prestate a questa professione al pari di una vera missione. Voi in Italia avete una sanit\u00e0 all&#8217;avanguardia, fatta di professionisti di alto livello e di questo dovete esserne orgogliosi\u00bb<\/span><span style=\"font-family: Calibri, sans-serif;\"><span lang=\"it-IT\">, ha detto il paziente ai medici alla dimissione . <\/span><\/span><span style=\"font-family: Calibri, sans-serif;\">\u00abQueste parole ci affrancano del nostro lavoro\u00bb, afferm<\/span><span style=\"font-family: Calibri, sans-serif;\"><span lang=\"it-IT\">a<\/span><\/span><span style=\"font-family: Calibri, sans-serif;\"> Dal Soler, \u00abperch\u00e8 ci restituiscono l&#8217;umanit\u00e0 e il senso profondo di quello che facciamo ed inoltre ci fanno capire quanto sia importante la <\/span><span style=\"font-family: Calibri, sans-serif;\"><span lang=\"it-IT\">nostra sanit\u00e0<\/span><\/span><span style=\"font-family: Calibri, sans-serif;\"> e non dovrebbe mai essere data per scontata\u00bb.<\/span><\/p>\n<p>&nbsp;<\/p>\n<p>&nbsp;<\/p>\n<p>&nbsp;<\/p>\n<p>&nbsp;<\/p>\n<h3>ANZIANI, SOLI E PURE SENZA TELEFONO. LA DENUNCIA DEL NIPOTE.<\/h3>\n<p><strong><a class=\"dt-pswp-item\" href=\"https:\/\/www.radiopiu.net\/wordpress\/wp-content\/uploads\/2019\/12\/download-15.jpg\" data-dt-img-description=\"\" data-large_image_width=\"271\" data-large_image_height=\"186\"><img loading=\"lazy\" decoding=\"async\" class=\" wp-image-110991 alignleft\" src=\"https:\/\/www.radiopiu.net\/wordpress\/wp-content\/uploads\/2019\/12\/download-15.jpg\" alt=\"\" width=\"182\" height=\"125\" \/><\/a>BOLOGNA<\/strong> &#8220;I miei nonni sono senza telefono dallo scorso sabato. Isolati in casa senza possibilit\u00e0 di poter comunicare con l&#8217;esterno, e poi si continua a parlare di spopolamento della montagna&#8230;&#8221; La denuncia \u00e8 di Marco De Vallier, secondo il quale ci sarebbero i soliti problemi tecnici ormai tipici del territorio montano, per un mese senza telefono sono rimaste le attivit\u00e0 ai Piani di Pezz\u00e8 sopra Alleghe, solo a furia di telefonate e minacce l&#8217;intervento un mese dopo alla vigilia del Natale. A Rocca Pietore in localit\u00e0 Pezz\u00e8 il problema al call center della Telecom \u00e8 noto da sabato ma tant&#8217;\u00e8 chiamare la signorina telecom risulta sempre e solo una perdita di tempo, i tecnici intervengono quando vogliono, sempre in ritardo come denunciano da tempo gli utenti dei costosi servizi, come sempre il problema \u00e8 di chi paga la bolletta e sono senza alcuna difesa. &#8220;Mi dispiace per i miei nonni &#8211; insiste Marco &#8211;\u00a0 perch\u00e9 capisco che c\u2019\u00e8 una discriminazione. A Bologna dopo due ore intervengono i tecnici se serve. Mi chiedo perch\u00e9 nessuno si decide a denunciare questi episodi\u00a0 \u00a0palese interruzione\u00a0 di pubblico servizio. E se i mie nonni \u00a0avessero avuto bisogno del telesoccorso? Sono non vedente &#8211; conclude Marco &#8211; se questa cosa si protrarr\u00e0 nei prossimi giorni mi trover\u00f2 costretto a segnalare la compagnia telefonica a chi di dovere, perch\u00e9 sar\u00f2 costretto a recarmi in montagna e non avr\u00f2 il segnale telefonico. Discriminazione, sempre per i pi\u00f9 deboli&#8221;<\/p>\n<p>&nbsp;<\/p>\n<p>&nbsp;<\/p>\n<p>&nbsp;<\/p>\n<h3>LA FOTO DEL GIORNO<\/h3>\n<p><strong>Di Antonio Cadorin<\/strong><\/p>\n<p><strong>Mongolfiera in transito sul monte Imperina.<\/strong><\/p>\n<p><a class=\"dt-pswp-item\" href=\"https:\/\/www.radiopiu.net\/wordpress\/wp-content\/uploads\/2019\/12\/81720921_2546527265625156_2712441000415985664_n.jpg\" data-dt-img-description=\"\" data-large_image_width=\"720\" data-large_image_height=\"960\"><img loading=\"lazy\" decoding=\"async\" class=\"alignnone wp-image-110979\" src=\"https:\/\/www.radiopiu.net\/wordpress\/wp-content\/uploads\/2019\/12\/81720921_2546527265625156_2712441000415985664_n-225x300.jpg\" alt=\"\" width=\"262\" height=\"349\" srcset=\"https:\/\/www.radiopiu.net\/wordpress\/wp-content\/uploads\/2019\/12\/81720921_2546527265625156_2712441000415985664_n-225x300.jpg 225w, https:\/\/www.radiopiu.net\/wordpress\/wp-content\/uploads\/2019\/12\/81720921_2546527265625156_2712441000415985664_n.jpg 720w\" sizes=\"auto, (max-width: 262px) 100vw, 262px\" \/><\/a><\/p>\n<p>&nbsp;<\/p>\n<p>&nbsp;<\/p>\n<p>&nbsp;<\/p>\n<p>&nbsp;<\/p>\n<h3>QUANDO IL TURISMO TIRA E LA VALLATA SI POPOLA DI TURISTI, VACANZE DI NATALE COL BOTTO<\/h3>\n<p><strong><a class=\"dt-pswp-item\" href=\"https:\/\/www.radiopiu.net\/wordpress\/wp-content\/uploads\/2019\/12\/WhatsApp-Image-2019-12-26-at-10.40.04.jpeg\" data-dt-img-description=\"\" data-large_image_width=\"1599\" data-large_image_height=\"1200\"><img loading=\"lazy\" decoding=\"async\" class=\" wp-image-110958 alignleft\" src=\"https:\/\/www.radiopiu.net\/wordpress\/wp-content\/uploads\/2019\/12\/WhatsApp-Image-2019-12-26-at-10.40.04-300x225.jpeg\" alt=\"\" width=\"173\" height=\"130\" srcset=\"https:\/\/www.radiopiu.net\/wordpress\/wp-content\/uploads\/2019\/12\/WhatsApp-Image-2019-12-26-at-10.40.04-300x225.jpeg 300w, https:\/\/www.radiopiu.net\/wordpress\/wp-content\/uploads\/2019\/12\/WhatsApp-Image-2019-12-26-at-10.40.04-1024x768.jpeg 1024w, https:\/\/www.radiopiu.net\/wordpress\/wp-content\/uploads\/2019\/12\/WhatsApp-Image-2019-12-26-at-10.40.04-768x576.jpeg 768w, https:\/\/www.radiopiu.net\/wordpress\/wp-content\/uploads\/2019\/12\/WhatsApp-Image-2019-12-26-at-10.40.04-1536x1153.jpeg 1536w, https:\/\/www.radiopiu.net\/wordpress\/wp-content\/uploads\/2019\/12\/WhatsApp-Image-2019-12-26-at-10.40.04.jpeg 1599w\" sizes=\"auto, (max-width: 173px) 100vw, 173px\" \/><\/a>TAIBON<\/strong>\u00a0 Traffico intenso ieri sulle strade per l&#8217;Agordino, in serata i problemi maggiori si sono registrati in Valle del Biois con la 346 intasata, auto in colonna da Falcade al solito bivio di Cencenighe da tempo il vero punto &#8220;nero&#8221; della vallata. In mattinata flusso cojntinuo di mezzi verso le piste di sci, Carabinieri impegnati con diverse pattuglie ed anche l&#8217;elicottero dell&#8217;elinucleo di Belluno\u00a0 per pattugliare soprattutto la regionale 203 agordina. Ecco l&#8217;operazione a Taibon a pochi metri dalla sede di Radio Piu&#8217;<\/p>\n<div id=\"fb-root\"><\/div>\n<p><script async=\"1\" defer=\"1\" crossorigin=\"anonymous\" src=\"https:\/\/connect.facebook.net\/it_IT\/sdk.js#xfbml=1&amp;version=v6.0\"><\/script><\/p>\n<div class=\"fb-video\" data-href=\"https:\/\/www.facebook.com\/Mirkomezziano\/videos\/2547262115556559\/\" data-width=\"1200\">\n<blockquote cite=\"https:\/\/www.facebook.com\/Mirkomezziano\/videos\/2547262115556559\/\" class=\"fb-xfbml-parse-ignore\"><p><a href=\"https:\/\/www.facebook.com\/Mirkomezziano\/videos\/2547262115556559\/\"><\/a><\/p>\n<p>Pubblicato da <a href=\"https:\/\/www.facebook.com\/Mirkomezziano\">Mezzacasa Mirkobis Mirko<\/a> su Gioved\u00ec 26 dicembre 2019<\/p><\/blockquote>\n<\/div>\n<p>&nbsp;<\/p>\n<p><a class=\"dt-pswp-item\" href=\"https:\/\/www.radiopiu.net\/wordpress\/wp-content\/uploads\/2019\/12\/WhatsApp-Image-2019-12-26-at-10.40.05-3.jpeg\" data-dt-img-description=\"\" data-large_image_width=\"1599\" data-large_image_height=\"1200\"><img loading=\"lazy\" decoding=\"async\" class=\"alignnone size-medium wp-image-110952\" src=\"https:\/\/www.radiopiu.net\/wordpress\/wp-content\/uploads\/2019\/12\/WhatsApp-Image-2019-12-26-at-10.40.05-3-300x225.jpeg\" alt=\"\" width=\"300\" height=\"225\" srcset=\"https:\/\/www.radiopiu.net\/wordpress\/wp-content\/uploads\/2019\/12\/WhatsApp-Image-2019-12-26-at-10.40.05-3-300x225.jpeg 300w, https:\/\/www.radiopiu.net\/wordpress\/wp-content\/uploads\/2019\/12\/WhatsApp-Image-2019-12-26-at-10.40.05-3-1024x768.jpeg 1024w, https:\/\/www.radiopiu.net\/wordpress\/wp-content\/uploads\/2019\/12\/WhatsApp-Image-2019-12-26-at-10.40.05-3-768x576.jpeg 768w, https:\/\/www.radiopiu.net\/wordpress\/wp-content\/uploads\/2019\/12\/WhatsApp-Image-2019-12-26-at-10.40.05-3-1536x1153.jpeg 1536w, https:\/\/www.radiopiu.net\/wordpress\/wp-content\/uploads\/2019\/12\/WhatsApp-Image-2019-12-26-at-10.40.05-3.jpeg 1599w\" sizes=\"auto, (max-width: 300px) 100vw, 300px\" \/><\/a><a class=\"dt-pswp-item\" href=\"https:\/\/www.radiopiu.net\/wordpress\/wp-content\/uploads\/2019\/12\/WhatsApp-Image-2019-12-26-at-10.40.05-1.jpeg\" data-dt-img-description=\"\" data-large_image_width=\"1599\" data-large_image_height=\"1200\"><img loading=\"lazy\" decoding=\"async\" class=\"alignnone size-medium wp-image-110953\" src=\"https:\/\/www.radiopiu.net\/wordpress\/wp-content\/uploads\/2019\/12\/WhatsApp-Image-2019-12-26-at-10.40.05-1-300x225.jpeg\" alt=\"\" width=\"300\" height=\"225\" srcset=\"https:\/\/www.radiopiu.net\/wordpress\/wp-content\/uploads\/2019\/12\/WhatsApp-Image-2019-12-26-at-10.40.05-1-300x225.jpeg 300w, https:\/\/www.radiopiu.net\/wordpress\/wp-content\/uploads\/2019\/12\/WhatsApp-Image-2019-12-26-at-10.40.05-1-1024x768.jpeg 1024w, https:\/\/www.radiopiu.net\/wordpress\/wp-content\/uploads\/2019\/12\/WhatsApp-Image-2019-12-26-at-10.40.05-1-768x576.jpeg 768w, https:\/\/www.radiopiu.net\/wordpress\/wp-content\/uploads\/2019\/12\/WhatsApp-Image-2019-12-26-at-10.40.05-1-1536x1153.jpeg 1536w, https:\/\/www.radiopiu.net\/wordpress\/wp-content\/uploads\/2019\/12\/WhatsApp-Image-2019-12-26-at-10.40.05-1.jpeg 1599w\" sizes=\"auto, (max-width: 300px) 100vw, 300px\" \/><\/a><a class=\"dt-pswp-item\" href=\"https:\/\/www.radiopiu.net\/wordpress\/wp-content\/uploads\/2019\/12\/WhatsApp-Image-2019-12-26-at-10.40.05-2.jpeg\" data-dt-img-description=\"\" data-large_image_width=\"1599\" data-large_image_height=\"1200\"><img loading=\"lazy\" decoding=\"async\" class=\"alignnone size-medium wp-image-110954\" src=\"https:\/\/www.radiopiu.net\/wordpress\/wp-content\/uploads\/2019\/12\/WhatsApp-Image-2019-12-26-at-10.40.05-2-300x225.jpeg\" alt=\"\" width=\"300\" height=\"225\" srcset=\"https:\/\/www.radiopiu.net\/wordpress\/wp-content\/uploads\/2019\/12\/WhatsApp-Image-2019-12-26-at-10.40.05-2-300x225.jpeg 300w, https:\/\/www.radiopiu.net\/wordpress\/wp-content\/uploads\/2019\/12\/WhatsApp-Image-2019-12-26-at-10.40.05-2-1024x768.jpeg 1024w, https:\/\/www.radiopiu.net\/wordpress\/wp-content\/uploads\/2019\/12\/WhatsApp-Image-2019-12-26-at-10.40.05-2-768x576.jpeg 768w, https:\/\/www.radiopiu.net\/wordpress\/wp-content\/uploads\/2019\/12\/WhatsApp-Image-2019-12-26-at-10.40.05-2-1536x1153.jpeg 1536w, https:\/\/www.radiopiu.net\/wordpress\/wp-content\/uploads\/2019\/12\/WhatsApp-Image-2019-12-26-at-10.40.05-2.jpeg 1599w\" sizes=\"auto, (max-width: 300px) 100vw, 300px\" \/><\/a><a class=\"dt-pswp-item\" href=\"https:\/\/www.radiopiu.net\/wordpress\/wp-content\/uploads\/2019\/12\/WhatsApp-Image-2019-12-26-at-10.40.05.jpeg\" data-dt-img-description=\"\" data-large_image_width=\"1599\" data-large_image_height=\"1200\"><img loading=\"lazy\" decoding=\"async\" class=\"alignnone size-medium wp-image-110955\" src=\"https:\/\/www.radiopiu.net\/wordpress\/wp-content\/uploads\/2019\/12\/WhatsApp-Image-2019-12-26-at-10.40.05-300x225.jpeg\" alt=\"\" width=\"300\" height=\"225\" srcset=\"https:\/\/www.radiopiu.net\/wordpress\/wp-content\/uploads\/2019\/12\/WhatsApp-Image-2019-12-26-at-10.40.05-300x225.jpeg 300w, https:\/\/www.radiopiu.net\/wordpress\/wp-content\/uploads\/2019\/12\/WhatsApp-Image-2019-12-26-at-10.40.05-1024x768.jpeg 1024w, https:\/\/www.radiopiu.net\/wordpress\/wp-content\/uploads\/2019\/12\/WhatsApp-Image-2019-12-26-at-10.40.05-768x576.jpeg 768w, https:\/\/www.radiopiu.net\/wordpress\/wp-content\/uploads\/2019\/12\/WhatsApp-Image-2019-12-26-at-10.40.05-1536x1153.jpeg 1536w, https:\/\/www.radiopiu.net\/wordpress\/wp-content\/uploads\/2019\/12\/WhatsApp-Image-2019-12-26-at-10.40.05.jpeg 1599w\" sizes=\"auto, (max-width: 300px) 100vw, 300px\" \/><\/a><a class=\"dt-pswp-item\" href=\"https:\/\/www.radiopiu.net\/wordpress\/wp-content\/uploads\/2019\/12\/WhatsApp-Image-2019-12-26-at-10.40.04-2.jpeg\" data-dt-img-description=\"\" data-large_image_width=\"1599\" data-large_image_height=\"1200\"><img loading=\"lazy\" decoding=\"async\" class=\"alignnone size-medium wp-image-110956\" src=\"https:\/\/www.radiopiu.net\/wordpress\/wp-content\/uploads\/2019\/12\/WhatsApp-Image-2019-12-26-at-10.40.04-2-300x225.jpeg\" alt=\"\" width=\"300\" height=\"225\" srcset=\"https:\/\/www.radiopiu.net\/wordpress\/wp-content\/uploads\/2019\/12\/WhatsApp-Image-2019-12-26-at-10.40.04-2-300x225.jpeg 300w, https:\/\/www.radiopiu.net\/wordpress\/wp-content\/uploads\/2019\/12\/WhatsApp-Image-2019-12-26-at-10.40.04-2-1024x768.jpeg 1024w, https:\/\/www.radiopiu.net\/wordpress\/wp-content\/uploads\/2019\/12\/WhatsApp-Image-2019-12-26-at-10.40.04-2-768x576.jpeg 768w, https:\/\/www.radiopiu.net\/wordpress\/wp-content\/uploads\/2019\/12\/WhatsApp-Image-2019-12-26-at-10.40.04-2-1536x1153.jpeg 1536w, https:\/\/www.radiopiu.net\/wordpress\/wp-content\/uploads\/2019\/12\/WhatsApp-Image-2019-12-26-at-10.40.04-2.jpeg 1599w\" sizes=\"auto, (max-width: 300px) 100vw, 300px\" \/><\/a><a class=\"dt-pswp-item\" href=\"https:\/\/www.radiopiu.net\/wordpress\/wp-content\/uploads\/2019\/12\/WhatsApp-Image-2019-12-26-at-10.40.04-1.jpeg\" data-dt-img-description=\"\" data-large_image_width=\"1599\" data-large_image_height=\"1200\"><img loading=\"lazy\" decoding=\"async\" class=\"alignnone size-medium wp-image-110957\" src=\"https:\/\/www.radiopiu.net\/wordpress\/wp-content\/uploads\/2019\/12\/WhatsApp-Image-2019-12-26-at-10.40.04-1-300x225.jpeg\" alt=\"\" width=\"300\" height=\"225\" srcset=\"https:\/\/www.radiopiu.net\/wordpress\/wp-content\/uploads\/2019\/12\/WhatsApp-Image-2019-12-26-at-10.40.04-1-300x225.jpeg 300w, https:\/\/www.radiopiu.net\/wordpress\/wp-content\/uploads\/2019\/12\/WhatsApp-Image-2019-12-26-at-10.40.04-1-1024x768.jpeg 1024w, https:\/\/www.radiopiu.net\/wordpress\/wp-content\/uploads\/2019\/12\/WhatsApp-Image-2019-12-26-at-10.40.04-1-768x576.jpeg 768w, https:\/\/www.radiopiu.net\/wordpress\/wp-content\/uploads\/2019\/12\/WhatsApp-Image-2019-12-26-at-10.40.04-1-1536x1153.jpeg 1536w, https:\/\/www.radiopiu.net\/wordpress\/wp-content\/uploads\/2019\/12\/WhatsApp-Image-2019-12-26-at-10.40.04-1.jpeg 1599w\" sizes=\"auto, (max-width: 300px) 100vw, 300px\" \/><\/a><\/p>\n<p>&nbsp;<\/p>\n<p>&nbsp;<\/p>\n<p>&nbsp;<\/p>\n<p>&nbsp;<\/p>\n<h2>DA NATALE A SANTO STEFANO&#8230; E&#8217; SUCCESSO ANCHE QUESTO<\/h2>\n<p><strong>PIEVE DI CADORE<\/strong> Nel giorno di Natale \u00e8 scattato l&#8217;allarme per un uomo che non si era presentato per il pranzo di famiglia, dopo essere andato in montagna, forse gi\u00e0 da ieri, in una baita nella zona di San Dioniso, sotto il Rifugio Antelao. Verificato che la macchina si trovava alla partenza dei sentieri, l&#8217;elicottero del <a class=\"dt-pswp-item\" href=\"https:\/\/www.radiopiu.net\/wordpress\/wp-content\/uploads\/2019\/08\/SOCCORSO-ALPINO-2019.jpg\" data-dt-img-description=\"\" data-large_image_width=\"1600\" data-large_image_height=\"1200\"><img loading=\"lazy\" decoding=\"async\" class=\"size-medium wp-image-96479 alignleft\" src=\"https:\/\/www.radiopiu.net\/wordpress\/wp-content\/uploads\/2019\/08\/SOCCORSO-ALPINO-2019-300x225.jpg\" alt=\"\" width=\"300\" height=\"225\" srcset=\"https:\/\/www.radiopiu.net\/wordpress\/wp-content\/uploads\/2019\/08\/SOCCORSO-ALPINO-2019-300x225.jpg 300w, https:\/\/www.radiopiu.net\/wordpress\/wp-content\/uploads\/2019\/08\/SOCCORSO-ALPINO-2019-768x576.jpg 768w, https:\/\/www.radiopiu.net\/wordpress\/wp-content\/uploads\/2019\/08\/SOCCORSO-ALPINO-2019-1024x768.jpg 1024w, https:\/\/www.radiopiu.net\/wordpress\/wp-content\/uploads\/2019\/08\/SOCCORSO-ALPINO-2019.jpg 1600w\" sizes=\"auto, (max-width: 300px) 100vw, 300px\" \/><\/a>Suem di Pieve di Cadore al rientro da una missione ha sorvolato la zona, rinvenendo purtroppo presto il corpo senza vita di Roberto Lorenzet &#8220;Bauer&#8221;, 48 anni, di Pieve di Cadore, che era probabilmente scivolato dal sentiero lungo le ripide pale sopra Nebbi\u00f9, fermandosi 200 metri pi\u00f9 sotto. Dopo aver imbarcato due tecnici del Soccorso alpino di Pieve di Cadore in supporto alle operazioni e un soccorritore del Sagf per i rilievi, l&#8217;eliambulanza li ha sbarcati sul posto assieme al tecnico di elisoccorso e al medico che ha potuto solamente constatare il decesso dell&#8217;uomo. La salma ricomposta e imbarellata \u00e8 stata recuperata e trasportata all&#8217;ospedale di Pieve<\/p>\n<p><strong><a class=\"dt-pswp-item\" href=\"https:\/\/www.radiopiu.net\/wordpress\/wp-content\/uploads\/2019\/12\/SANTA-CROCE-2.jpeg\" data-dt-img-description=\"\" data-large_image_width=\"480\" data-large_image_height=\"640\"><img loading=\"lazy\" decoding=\"async\" class=\"size-medium wp-image-110935 alignright\" src=\"https:\/\/www.radiopiu.net\/wordpress\/wp-content\/uploads\/2019\/12\/SANTA-CROCE-2-225x300.jpeg\" alt=\"\" width=\"225\" height=\"300\" srcset=\"https:\/\/www.radiopiu.net\/wordpress\/wp-content\/uploads\/2019\/12\/SANTA-CROCE-2-225x300.jpeg 225w, https:\/\/www.radiopiu.net\/wordpress\/wp-content\/uploads\/2019\/12\/SANTA-CROCE-2.jpeg 480w\" sizes=\"auto, (max-width: 225px) 100vw, 225px\" \/><\/a>MISURINA<\/strong>\u00a0 Ieri attorno alle 13 il Soccorso alpino di Auronzo \u00e8 stato allertato dal 118 per intervenire in supporto al personale di un&#8217;ambulanza inviata in aiuto di un&#8217;escursionista, scivolata lungo un sentiero scosceso a un centinaio di metri di distanza dall&#8217;albergo Miralago di Misurina. La donna, A.C., 37 anni, di Rimini, che aveva riportato un sospetto trauma alla gamba, \u00e8 stata trasportata fino alla strada e da l\u00ec accompagnata all&#8217;ospedale di Cortina.<\/p>\n<p><strong>ALPAGO<\/strong> Vigili del fuoco al lavoro anche il giorno di Natale. Alle 11:20 sono intervenuti su una delle spiagge del Lago di Santa Croce in Alpago dove un uomo \u00e8 finito nel lago con il suo parapendio sbagliando l&#8217;atterraggio. Il parapendista \u00e8 stato subito soccorso da un passante trovandolo in stato di ipotermia. Subito l&#8217;arrivo dei Vigili del fuoco e del personale del SUEM che sono arrivati sul luogo assieme. L&#8217;uomo \u00e8 stato assistito dal personale sanitario e trasferito in ospedale.<\/p>\n<p><strong>SULLE PISTE<\/strong> Tanta gente e immancabili incidenti sulle piste, fortunatamente nessun episodio di estrema gravit\u00e0 ma danni lievi. Un uomo di 43 anni di San Candido dopo un scontro portato in ospedale a Belluno, un 22enne tedesco coinvolto nello stesso incidente \u00e8 invece stato portato ad Agordo per accertamenti. Un sessantenne di Montebelluna \u00e8 caduto a Livinallongo riportando lievi traumi, anche per lui si \u00e8 reso necessario il trasporto a Belluno.<\/p>\n<p><strong>SEDICO<\/strong> Fate attenzione, chiudete le porte, tutelate i vostri anziani,\u00a0 chiedete ai vicini di dare un occhio alle vostre abitazioni in caso di assenza, ma sopratutto non aprite a sconosciuti i soliti ignoti sono al &#8220;lavoro&#8221;, hanno gi\u00e0 messo le <img decoding=\"async\" class=\"alignleft\" src=\"https:\/\/www.radiopiu.net\/wordpress\/wp-content\/uploads\/2019\/12\/CARABINIERI-FELTRE-1-300x225.jpg\" \/>mani in un&#8217;abitazione a Sedico. Due donne si sono introdotte in casa di un 83enne asportando 3.000 euro in contanti dal Cassetto. Si sono allontanate con un auto di colore grigio purtroppo non meglio identificata condotta da un uomo Indagano i Carabinieri.<\/p>\n<p><strong>FELTRE BELLUNO <\/strong>Con le feste di Natale via\u00a0 ai controlli straordinari del territorio da parte delle compagnie dei Carabinieri di Feltre e Belluno. Controlli che proseguiranno anche nella giornata di oggi ma il lavoro dei militari dell&#8217;arma ha gi\u00e0 dato dei frutti.Nove le pattuglie in pi\u00f9 rispetto ai normali controlli abitudinari solo nella giornata del 23 dicembre. Oltre 100 automobili controllate e 230 persone identificate in una giornata. Il tutto per prevenire gravi infrazioni al codice della strada e la guida sotto effetto di alcool o stupefacenti. Cinque le patenti ritirate per tassi alcoolemici superiori al limite consentito. S.T. classe 58 di Feltre (1.18) : T.L. classe 94 di Arsi\u00e8 (0.98) P.C. donna classe 89 (1.03) di Borgo Valbelluna, D.R. classe 72 di Montebelluna (1.42) e C.M. classe 78 di Feltre ( 1.47).Inoltre 4 infrazioni per velocit\u00e0 non commisurata alle condizioni del traffico e 2 infrazioni per guida del veicolo senza revisione. Da segnalare anche diversi incidenti stradali avvenuti per distrazione alla guida o eccessiva fretta. Oltre ai controlli stradali, sono sotto controllo con agenti in borghese anche i centri commerciali e in generale anche le aree appetibili per eventuali azioni criminose in vista degli ultimi acquisti natalizi.Anche la compagnia di Belluno sta operando con le stesse finalit\u00e0. Novanta le auto controllate e circa 200 persone identificate. Anche qui sono state combinate contravvenzioni per <a class=\"dt-pswp-item\" href=\"https:\/\/www.radiopiu.net\/wordpress\/wp-content\/uploads\/2019\/12\/Incidente-Valle-251219.jpg\" data-dt-img-description=\"\" data-large_image_width=\"1429\" data-large_image_height=\"690\"><img loading=\"lazy\" decoding=\"async\" class=\"size-medium wp-image-110981 alignright\" src=\"https:\/\/www.radiopiu.net\/wordpress\/wp-content\/uploads\/2019\/12\/Incidente-Valle-251219-300x145.jpg\" alt=\"\" width=\"300\" height=\"145\" srcset=\"https:\/\/www.radiopiu.net\/wordpress\/wp-content\/uploads\/2019\/12\/Incidente-Valle-251219-300x145.jpg 300w, https:\/\/www.radiopiu.net\/wordpress\/wp-content\/uploads\/2019\/12\/Incidente-Valle-251219-1024x494.jpg 1024w, https:\/\/www.radiopiu.net\/wordpress\/wp-content\/uploads\/2019\/12\/Incidente-Valle-251219-768x371.jpg 768w, https:\/\/www.radiopiu.net\/wordpress\/wp-content\/uploads\/2019\/12\/Incidente-Valle-251219.jpg 1429w\" sizes=\"auto, (max-width: 300px) 100vw, 300px\" \/><\/a>guida in stato di ebrezza e per norme comportamentali. Tre\u00a0 le patenti ritirate per abuso di alcol: L.S. classe 92 di Ponte Nelle Alpi ( 1.07). C.S. Di Belluno classe 90 ( 0.95) T.L. classe 68 di Longarone ( 1.12).<\/p>\n<p><strong>VALLE DI CADORE<\/strong> Nel giorno di Natale la viabilit\u00e0 a Valle di Cadore \u00e8\u00a0 rimasta bloccata per oltre un\u2019ora in entrambe i sensi di marcia in seguito ad un incidente frontale che si \u00e8 verificato verso le 16.30 sul rettilineo di via Rusecco. Nello scontro fra una Skoda Fabia ed un\u2019Opel Meriva \u00e8 rimasta ferita una persona che \u00e8 stata estratta dalla vettura dai Vigili del Fuoco e trasportata dai sanitari del Suem all\u2019ospedale di Pieve di Cadore. La dinamica dell\u2019incidente \u00e8 al vaglio dei Carabinieri.<\/p>\n<p><strong>BELLUNO<\/strong> T.R. trentenne bellunese \u00e8 stato denunciato a piede libero dai Carabinieri di Padova a Rubano mentre rubava superacolici per una valore di quasi 200 euro, era intento nel nasconderli in uno zaino, \u00e8 stato prima fermato dagli addetti all&#8217;antitaccheggio, quindi sono intervenuti gli uomini dell&#8217;arma.<\/p>\n<p><strong>FELTRE<\/strong> Uomini e donne del Palio piangono Alfonso Sampieri anima di quartier Port&#8217;Oria (presidente per 4 anni e per 7 vice presidente con Stefano Antonetti). Il Palio ha perso una figura storica, un granda appassionato della manifestazione.<\/p>\n<p><strong>SEDICO<\/strong> I carabinieri di Sedico hanno individuato e denunciato in stato di libert\u00e0 un 80enne del luogo per il reato di danneggiamento aggravato. L&#8217;uomo vandalo seriale dal mese di agosto 2019 e fino a pochi giorni fa avrebbe danneggiato ben 13 autovetture parcheggiate in localit\u00e0 Peron\u00a0 utilizzando una chiave per graffiare la carrozzeria dei mezzi. L&#8217;identificazione \u00e9 stata possibile grazie all&#8217;attivit\u00e0 informativa sul territorio e all&#8217;ausilio delle telecamere presenti in zona. Sequestrata anche la chiave presumibilmente usata per i danneggiamenti. Ancora da chiarire i motivi dei ripetuti gesti<\/p>\n<p>&nbsp;<\/p>\n<p>&nbsp;<\/p>\n<p>&nbsp;<\/p>\n<p>&nbsp;<\/p>\n<h2>OSPEDALE DI AGORDO, ORTOPEDIA COL &#8220;BOTTO&#8221;<\/h2>\n<blockquote>\n<p align=\"CENTER\"><span style=\"font-size: large;\"><b><em>chirurgia del ginocchio in crescit<\/em>a<\/b><\/span><\/p>\n<\/blockquote>\n<p><span style=\"font-size: large;\"><b><a class=\"dt-pswp-item\" href=\"https:\/\/www.radiopiu.net\/wordpress\/wp-content\/uploads\/2017\/11\/botto.jpg\" data-dt-img-description=\"\" data-large_image_width=\"2448\" data-large_image_height=\"3264\"><img loading=\"lazy\" decoding=\"async\" class=\"size-medium wp-image-38002 alignleft\" src=\"https:\/\/www.radiopiu.net\/wordpress\/wp-content\/uploads\/2017\/11\/botto-225x300.jpg\" alt=\"\" width=\"225\" height=\"300\" \/><\/a>AGORDO <\/b><\/span><span style=\"font-size: medium;\">L\u2019ortopedia di Agordo si conferma attrattiva, soprattutto per la chirurgia del ginocchio.<\/span><\/p>\n<blockquote><p><span style=\"font-size: medium;\">\u00abLe statistiche operatorie dell&#8217;anno in corso confermano i dati dell&#8217;anno precedente, con trend in crescita per quanto riguarda l&#8217;attrattivit\u00e0 della chirurgia del ginocchio\u00bb, spiega Federico Botto, direttore della Ortopedia di Agordo. <\/span><span style=\"font-size: medium;\">Nel corso del 2019 gli interventi al ginocchio sono stati: <\/span><span style=\"font-size: medium;\">135 interventi di protesi; <\/span><span style=\"font-size: medium;\">100 interventi di ricostruzione legamentosa;\u00a0 <\/span><span style=\"font-size: medium;\">200 interventi artroscopici di ginocchio. <\/span><span style=\"font-size: medium;\">Numeri di rilievo per un ospedale di montagna.<\/span><\/p><\/blockquote>\n<h3>ORTOPEDIA BELLUNO, SUPERATI DI 1700 INTERVENTI<\/h3>\n<p><strong>BELLUNO<\/strong> Nel corso del 2019 la UOC di Ortopedia e Traumatologia di belluno, diretta da Corrado D\u2019Antimo, ha implementato il numero degli interventi chirurgici raggiungendo i 1.700 interventi annui. \u00abLo scorso novembre, grazie alla sensibilit\u00e0 e lungimiranza della Direzione Medica,ricorrendo a nuove tecnologie di &#8220;frontiera&#8221;, \u00e8 stato possibile ricostruire un cotile su artroprotesi d&#8217;anca mobilizzata. Si tratta del progetto Promade Lima che utilizzando scansioni TC dell&#8217;anca da trattare \u00e8 in grado di costruire una protesi dedicata che si adatta alle esigenze specifiche del caso mediante tecnologia di fusione delle polveri di titanio\u00bb racconta il direttore Corrado D\u2019Antimo.<\/p>\n<h3 style=\"text-align: left;\" align=\"CENTER\"><span style=\"font-family: Calibri, serif;\"><span style=\"font-size: large;\"><b>FARMACIA: ALLESITI NELL&#8217;UFA I FARMACI BIOLOGICI<\/b><\/span><\/span><\/h3>\n<p align=\"JUSTIFY\"><span style=\"font-family: Calibri, serif;\"><span style=\"font-size: medium;\"><strong>BELLUNO<\/strong> L\u2019allestimento dell\u2019unit\u00e0 Farmaci Antiblastici della Farmacia, diretta da Marina Coppola, ha portato importanti risultati sia in termini di qualit\u00e0 e sicurezza dei farmaci preparati in loco sia in termini di risparmio. Da qualche mese vengono allestiti, oltre agli antiblastici, anche i farmaci biotecnologici per la cura di patologie gastroenterologi che, reumatologiche e neurologiche. <\/span><\/span><span style=\"font-family: Calibri, serif;\"><span style=\"font-size: medium;\">Dopo una valutazione di costi benefici, grazie anche a un\u2019importante donazione che ha permesso la creazione del laboratorio, \u00e8 stata avviata l\u2019Unit\u00e0 Farmaci Antiblastici finalizzata anche <\/span><\/span><span style=\"font-size: medium;\">al miglioramento del percorso di cura del paziente oncologico.<\/span><\/p>\n<p>&nbsp;<\/p>\n<p>&nbsp;<\/p>\n<p>&nbsp;<\/p>\n<p>&nbsp;<\/p>\n<h3>LE BARACADE A LE VILLE DI AGORDO NELLA NOTTE TRA IL 24 E IL 25 DICEMBRE<\/h3>\n<blockquote><p><strong><a class=\"dt-pswp-item\" href=\"https:\/\/www.radiopiu.net\/wordpress\/wp-content\/uploads\/2019\/12\/WhatsApp-Image-2019-12-26-at-17.06.29-5.jpeg\" data-dt-img-description=\"\" data-large_image_width=\"1545\" data-large_image_height=\"1600\"><img loading=\"lazy\" decoding=\"async\" class=\"size-medium wp-image-110972 alignleft\" src=\"https:\/\/www.radiopiu.net\/wordpress\/wp-content\/uploads\/2019\/12\/WhatsApp-Image-2019-12-26-at-17.06.29-5-290x300.jpeg\" alt=\"\" width=\"290\" height=\"300\" srcset=\"https:\/\/www.radiopiu.net\/wordpress\/wp-content\/uploads\/2019\/12\/WhatsApp-Image-2019-12-26-at-17.06.29-5-290x300.jpeg 290w, https:\/\/www.radiopiu.net\/wordpress\/wp-content\/uploads\/2019\/12\/WhatsApp-Image-2019-12-26-at-17.06.29-5-989x1024.jpeg 989w, https:\/\/www.radiopiu.net\/wordpress\/wp-content\/uploads\/2019\/12\/WhatsApp-Image-2019-12-26-at-17.06.29-5-768x795.jpeg 768w, https:\/\/www.radiopiu.net\/wordpress\/wp-content\/uploads\/2019\/12\/WhatsApp-Image-2019-12-26-at-17.06.29-5-1483x1536.jpeg 1483w, https:\/\/www.radiopiu.net\/wordpress\/wp-content\/uploads\/2019\/12\/WhatsApp-Image-2019-12-26-at-17.06.29-5.jpeg 1545w\" sizes=\"auto, (max-width: 290px) 100vw, 290px\" \/><\/a>AGORDO<\/strong> Succede da anni in zone le VIlle di Agordo, ragazzi e ragazze della frazione &#8220;rubano&#8221; da cortili e giardini le cose che trovano (ceppi, tappeti, panchine, carriole, scuri, etc) e li portano alla piazzetta di Parech (la Lobia) Perch\u00e9? Interpretazioni varie: Stravolgere lo status quo? Iniziali vendette verso i rompiscatole di paese poi generalizzato a tutti? Altri significati pi\u00f9 arcaici?<\/p><\/blockquote>\n<p><strong>CONSIDERAZIONI POST-BARACADE 2019<\/strong>: i gruppi quest\u2019anno hanno cominciato a razziare prima di tutto la zona di Farenzena e Toccol-Cal de le Mule notando che la roba lasciata fuori casa era meno del solito, sempre pi\u00f9 gente comincia a ricordarsi della tradizione e gli oggetti \u201cspostabili\u201d vengono messi al sicuro dentro casa. Molto numerosi sono stati\u00a0 gli zerbini di casa, ma non sono mancate panchine, cancelli, carriole e biciclette, pochi i pi\u00f9 tradizionali ceppi da legna. <em>&#8220;Come sempre non \u00e8 mancata la gente che lascia immondizia o oggetti rotti fuori casa\u00a0 pronta per essere smaltita,\u00a0 ma ce ne siamo guardati dal farlo&#8221;.<\/em> Dalle 2:30 hanno cominciato a passare sempre pi\u00f9 spesso i carabinieri, <em>&#8220;per questo non\u00a0 era facile proseguire perch\u00e9 ci toccava mollare tutto anche in mezzo alla strada e scappare a nasconderci e tornare a riprendersi la roba pi\u00f9 tardi. Questo ci ha fatto\u00a0 perdere un\u2019ora e mezza, tempo che poteva essere speso per setacciare Parech e Prompicai invece che correre e nascondersi tra i vicoli delle Ville.\u00a0 Ricordiamo che noi passiamo la notte fonda di Natale in questo modo e al freddo per non far estinguere una tradizione secolare&#8221;.<\/em> Una coppia di Farenzena alle 3 di notte si \u00e8 presa la briga per ben due volte di scendere in auto a Parech invocando e imperando che fosse riportato al suo posto il loro stendibiancheria che era stato \u201crubato\u201d poco prima ma che doveva ancora arrivare in piazza a essere depositato, dietro all\u2019organizzazione di questo piccolo evento ci sono dei giovani che si prendono impegni, responsabilit\u00e0 e tempo per dare del proprio. <em>&#8220;Verso le 4:30 siamo riusciti a portare il malloppo di Farenzena in piazzetta, ad appendere lo striscione in piazza a Toccol con gli auguri e a tornare tutti a casa illesi e mai braccati&#8221;.<\/em><\/p>\n\n\t\t\t<style type='text\/css'>\n\t\t\t\t#gallery-1 {\n\t\t\t\t\tmargin: auto;\n\t\t\t\t}\n\t\t\t\t#gallery-1 .gallery-item {\n\t\t\t\t\tfloat: left;\n\t\t\t\t\tmargin-top: 10px;\n\t\t\t\t\ttext-align: center;\n\t\t\t\t\twidth: 33%;\n\t\t\t\t}\n\t\t\t\t#gallery-1 img {\n\t\t\t\t\tborder: 2px solid #cfcfcf;\n\t\t\t\t}\n\t\t\t\t#gallery-1 .gallery-caption {\n\t\t\t\t\tmargin-left: 0;\n\t\t\t\t}\n\t\t\t\t\/* see gallery_shortcode() in wp-includes\/media.php *\/\n\t\t\t<\/style>\n\t\t<div id='gallery-1' class='dt-gallery-container gallery galleryid-110968 gallery-columns-3 gallery-size-thumbnail'><dl class='gallery-item'>\n\t\t\t\t<dt class='gallery-icon landscape'>\n\t\t\t\t\t<a class=\"rollover\" href='https:\/\/www.radiopiu.net\/wordpress\/giornale-radiopiu-27-dicembre-2019-direttore-mirko-mezzacasa\/whatsapp-image-2019-12-26-at-17-06-29\/'><img loading=\"lazy\" decoding=\"async\" width=\"150\" height=\"150\" src=\"https:\/\/www.radiopiu.net\/wordpress\/wp-content\/uploads\/2019\/12\/WhatsApp-Image-2019-12-26-at-17.06.29-e1577383106441-150x150.jpeg\" class=\"attachment-thumbnail size-thumbnail\" alt=\"\" \/><\/a>\n\t\t\t\t<\/dt><\/dl><dl class='gallery-item'>\n\t\t\t\t<dt class='gallery-icon landscape'>\n\t\t\t\t\t<a class=\"rollover\" href='https:\/\/www.radiopiu.net\/wordpress\/giornale-radiopiu-27-dicembre-2019-direttore-mirko-mezzacasa\/whatsapp-image-2019-12-26-at-17-06-29-2\/'><img loading=\"lazy\" decoding=\"async\" width=\"150\" height=\"150\" src=\"https:\/\/www.radiopiu.net\/wordpress\/wp-content\/uploads\/2019\/12\/WhatsApp-Image-2019-12-26-at-17.06.29-2-150x150.jpeg\" class=\"attachment-thumbnail size-thumbnail\" alt=\"\" \/><\/a>\n\t\t\t\t<\/dt><\/dl><dl class='gallery-item'>\n\t\t\t\t<dt class='gallery-icon landscape'>\n\t\t\t\t\t<a class=\"rollover\" href='https:\/\/www.radiopiu.net\/wordpress\/giornale-radiopiu-27-dicembre-2019-direttore-mirko-mezzacasa\/whatsapp-image-2019-12-26-at-17-06-29-3\/'><img loading=\"lazy\" decoding=\"async\" width=\"150\" height=\"150\" src=\"https:\/\/www.radiopiu.net\/wordpress\/wp-content\/uploads\/2019\/12\/WhatsApp-Image-2019-12-26-at-17.06.29-3-150x150.jpeg\" class=\"attachment-thumbnail size-thumbnail\" alt=\"\" \/><\/a>\n\t\t\t\t<\/dt><\/dl><br style=\"clear: both\" \/><dl class='gallery-item'>\n\t\t\t\t<dt class='gallery-icon landscape'>\n\t\t\t\t\t<a class=\"rollover\" href='https:\/\/www.radiopiu.net\/wordpress\/giornale-radiopiu-27-dicembre-2019-direttore-mirko-mezzacasa\/whatsapp-image-2019-12-26-at-17-06-29-4\/'><img loading=\"lazy\" decoding=\"async\" width=\"150\" height=\"150\" src=\"https:\/\/www.radiopiu.net\/wordpress\/wp-content\/uploads\/2019\/12\/WhatsApp-Image-2019-12-26-at-17.06.29-4-150x150.jpeg\" class=\"attachment-thumbnail size-thumbnail\" alt=\"\" \/><\/a>\n\t\t\t\t<\/dt><\/dl>\n\t\t\t\t<br style='clear: both' \/>\n\t\t\t<\/div>\n\n<p>&nbsp;<\/p>\n<p>&nbsp;<\/p>\n<p>&nbsp;<\/p>\n<p>&nbsp;<\/p>\n<h3>DAL CONSIGLIO COMUNALE DEI RAGAZZI LA PANCHINA ROSSA INTINERANTE<\/h3>\n<p><strong>TAIBON<\/strong><\/p>\n<p><strong>DI GIANNI SANTOMASO<\/strong><\/p>\n<audio class=\"wp-audio-shortcode\" id=\"audio-110968-1\" preload=\"none\" style=\"width: 100%;\" controls=\"controls\"><source type=\"audio\/mpeg\" src=\"https:\/\/www.radiopiu.net\/wordpress\/wp-content\/uploads\/2019\/12\/gianni.mp3?_=1\" \/><a href=\"https:\/\/www.radiopiu.net\/wordpress\/wp-content\/uploads\/2019\/12\/gianni.mp3\">https:\/\/www.radiopiu.net\/wordpress\/wp-content\/uploads\/2019\/12\/gianni.mp3<\/a><\/audio>\n<p>&nbsp;<\/p>\n<div id=\"fb-root\"><\/div>\n<p><script async=\"1\" defer=\"1\" crossorigin=\"anonymous\" src=\"https:\/\/connect.facebook.net\/it_IT\/sdk.js#xfbml=1&amp;version=v6.0\"><\/script><\/p>\n<div class=\"fb-video\" data-href=\"https:\/\/www.facebook.com\/mirko.mezzacasa\/videos\/10221713587535787\/\" data-width=\"1200\">\n<blockquote cite=\"https:\/\/www.facebook.com\/mirko.mezzacasa\/videos\/10221713587535787\/\" class=\"fb-xfbml-parse-ignore\"><p><a href=\"https:\/\/www.facebook.com\/mirko.mezzacasa\/videos\/10221713587535787\/\"><\/a><\/p>\n<p>Taibon gli auguri di Natale<\/p>\n<p>Pubblicato da <a href=\"https:\/\/www.facebook.com\/mirko.mezzacasa\">Mirko Mezzacasa<\/a> su Luned\u00ec 23 dicembre 2019<\/p><\/blockquote>\n<\/div>\n<p>&nbsp;<\/p>\n<p>&nbsp;<\/p>\n<p>&nbsp;<\/p>\n<p>&nbsp;<\/p>\n<h3><a class=\"dt-pswp-item\" href=\"https:\/\/www.radiopiu.net\/wordpress\/wp-content\/uploads\/2018\/05\/Mauro-Soppelsa-libero-professionista-perito-edile-56-anni.jpg\" data-dt-img-description=\"\" data-large_image_width=\"1852\" data-large_image_height=\"2218\"><img loading=\"lazy\" decoding=\"async\" class=\"wp-image-48070 alignleft\" src=\"https:\/\/www.radiopiu.net\/wordpress\/wp-content\/uploads\/2018\/05\/Mauro-Soppelsa-libero-professionista-perito-edile-56-anni-250x300.jpg\" alt=\"\" width=\"122\" height=\"146\" srcset=\"https:\/\/www.radiopiu.net\/wordpress\/wp-content\/uploads\/2018\/05\/Mauro-Soppelsa-libero-professionista-perito-edile-56-anni-250x300.jpg 250w, https:\/\/www.radiopiu.net\/wordpress\/wp-content\/uploads\/2018\/05\/Mauro-Soppelsa-libero-professionista-perito-edile-56-anni-768x920.jpg 768w, https:\/\/www.radiopiu.net\/wordpress\/wp-content\/uploads\/2018\/05\/Mauro-Soppelsa-libero-professionista-perito-edile-56-anni-855x1024.jpg 855w, https:\/\/www.radiopiu.net\/wordpress\/wp-content\/uploads\/2018\/05\/Mauro-Soppelsa-libero-professionista-perito-edile-56-anni.jpg 1852w\" sizes=\"auto, (max-width: 122px) 100vw, 122px\" \/><\/a>DAL CONSIGLIO COMUNALE DI CENCENIGHE AGORDINO CON SEI ARGOMENTI IN DISCUSSIONE<\/h3>\n<p>&nbsp;<\/p>\n<p><strong>Intervento del sindaco MAURO SOPPELSA, raccolto da Matteo Manfroi<\/strong><\/p>\n<p><strong>CENCENIGHE<\/strong><\/p>\n<audio class=\"wp-audio-shortcode\" id=\"audio-110968-2\" preload=\"none\" style=\"width: 100%;\" controls=\"controls\"><source type=\"audio\/mpeg\" src=\"https:\/\/www.radiopiu.net\/wordpress\/wp-content\/uploads\/2019\/12\/MAURO-1.mp3?_=2\" \/><a href=\"https:\/\/www.radiopiu.net\/wordpress\/wp-content\/uploads\/2019\/12\/MAURO-1.mp3\">https:\/\/www.radiopiu.net\/wordpress\/wp-content\/uploads\/2019\/12\/MAURO-1.mp3<\/a><\/audio>\n<p>&nbsp;<\/p>\n<p>&nbsp;<\/p>\n<p>&nbsp;<\/p>\n<h2><a class=\"dt-pswp-item\" href=\"https:\/\/www.radiopiu.net\/wordpress\/wp-content\/uploads\/2019\/12\/download-16.jpg\" data-dt-img-description=\"\" data-large_image_width=\"194\" data-large_image_height=\"259\"><img loading=\"lazy\" decoding=\"async\" class=\"wp-image-111002 alignleft\" src=\"https:\/\/www.radiopiu.net\/wordpress\/wp-content\/uploads\/2019\/12\/download-16.jpg\" alt=\"\" width=\"101\" height=\"134\" \/><\/a>BUON LAVORO A DIEGO DE BATTISTA<\/h2>\n<p><strong>LIVINALLONGO<\/strong> Diego De Battista gi\u00e0 vice presidente regioanale dell&#8217;Anef (associazione esercenti funiviari)\u00a0 \u00e8 il nuovo presidente del Consorzio impianti a fune Arabba Marmolada. Succede a Stefano Illing, alla guida del consorzio dal 2009. Il consiglio \u00e8 formato da un membro per ognuna delle cinque societ\u00e0 che raggruppa il Cifam: De Battista per la Sit Bo\u00e9, Mario Vascellari, vicepresidente per la Societ\u00e0 funivie Marmolada, Diego Cazzaniga (Arabba Fly), Francesco Martini (Sofma), Marco Grigoletto (Padon), Gianpaolo Soratroi (Pordoi) e Stefano Illing (Col di Lana).<\/p>\n<p>&nbsp;<\/p>\n<p>&nbsp;<\/p>\n<p>&nbsp;<\/p>\n<p>&nbsp;<\/p>\n<h3>AREE INTERNE, LA STRATEGIA RIFINANZIATA NELLA LEGGE DI BILANCIO CON 200 MILIONI.<\/h3>\n<p><a class=\"dt-pswp-item\" href=\"https:\/\/www.radiopiu.net\/wordpress\/wp-content\/uploads\/2018\/12\/argentera_ferrere-3.jpg\" data-dt-img-description=\"\" data-large_image_width=\"865\" data-large_image_height=\"330\"><img loading=\"lazy\" decoding=\"async\" class=\"alignnone wp-image-71005 size-full\" src=\"https:\/\/www.radiopiu.net\/wordpress\/wp-content\/uploads\/2018\/12\/argentera_ferrere-3.jpg\" alt=\"\" width=\"865\" height=\"330\" srcset=\"https:\/\/www.radiopiu.net\/wordpress\/wp-content\/uploads\/2018\/12\/argentera_ferrere-3.jpg 865w, https:\/\/www.radiopiu.net\/wordpress\/wp-content\/uploads\/2018\/12\/argentera_ferrere-3-300x114.jpg 300w, https:\/\/www.radiopiu.net\/wordpress\/wp-content\/uploads\/2018\/12\/argentera_ferrere-3-768x293.jpg 768w\" sizes=\"auto, (max-width: 865px) 100vw, 865px\" \/><\/a>La Strategia nazionale per le aree interne torna nella legge di bilancio. Con tre articoli nati da un&#8217;azione istituzionale di Uncem verso i Parlamentari e il Governo, ottenendo stanziamenti buoni e un impegno politico volto a fermare spopolamento e abbandono delle zone montane e rurali, pi\u00f9 lontane dai servizi, del Paese. 200 milioni di euro per ampliare la Snai con nuove aree, dopo le prime 72 &#8220;pilota&#8221; finanziate con fondi statali e regionali dal 2013 a oggi (comma 314). Altri 90 milioni in tre anni per un nuovo fondo di sostegno alle attivit\u00e0 economiche, artigianali e commerciali nei Comuni delle aree interne (comma 313). Grazie alla mobilitazione dell&#8217;Uncem a ottobre 2019, la legge di bilancio al comma 315 prevede un fondo da 1,5 milioni per interventi delle Regioni volti alla realizzazione di tralicci di propriet\u00e0 pubblica in zone prevalentemente montane, ove \u00e8 palese il fallimento di mercato dell&#8217;offerta di servizi di telefonia mobile degli operatori fisici cellulari. &#8220;Si tratta di tre articoli molto importanti &#8211; commenta Marco Bussone, Presidente Uncem &#8211; La Strategia aree interne torna in un bilancio dello Stato e per la prima volta arrivano contributi per le imprese e le attivit\u00e0 di privati in questi territori. Uncem aveva sempre chiesto quest&#8217;intervento perch\u00e9 non c&#8217;\u00e8 sviluppo senza sostegno alle aziende e agli esercizi commerciali nelle zone rurali e montane. 90 milioni sono una buona cifra. Per il potenziamento dei tralicci invier\u00f2 una lettera a tutti i Presidenti di Regioni, descrivendo l&#8217;importanza di questo milione e mezzo di euro in finanziaria. Le Regioni, come ha fatto l&#8217;Emilia-Romagna, possono aggiungere loro risorse ad esempio del Fesr. E le compagnie telefoniche devono fare fino in fondo la loro parte per interventi sulla rete mobile, riducendo il divario digitale che interessa 1.200 Comuni italiani dove \u00e8 impossibile o quasi telefonare o mandare un whatsapp. La Strada \u00e8 quella giusta&#8221;.<\/p>\n<p>&nbsp;<\/p>\n<p>&nbsp;<\/p>\n<p>&nbsp;<\/p>\n<h3>Introdotto criterio di \u2018montanit\u00e0\u2019 nella spesa pubblica Approvato ordine del giorno di De Menech<\/h3>\n<p>dalla rassegna stampa delle otto<\/p>\n<audio class=\"wp-audio-shortcode\" id=\"audio-110968-3\" preload=\"none\" style=\"width: 100%;\" controls=\"controls\"><source type=\"audio\/mpeg\" src=\"https:\/\/www.radiopiu.net\/wordpress\/wp-content\/uploads\/2019\/12\/ROGER-1.mp3?_=3\" \/><a href=\"https:\/\/www.radiopiu.net\/wordpress\/wp-content\/uploads\/2019\/12\/ROGER-1.mp3\">https:\/\/www.radiopiu.net\/wordpress\/wp-content\/uploads\/2019\/12\/ROGER-1.mp3<\/a><\/audio>\n<p>&nbsp;<\/p>\n<p><strong>ROMA\u00a0<\/strong> Con la manovra di bilancio, il Parlamento ha approvato anche un ordine del giorno che impegna il governo a introdurre il criterio della montanit\u00e0 nel riparto dei fondi per investimenti finanziati nel bilancio 2020. L\u2019ordine del giorno \u00e8 stato presentato dai deputati Roger De Menech, Parolo ed Enrico Borghi, dell\u2019intergruppo parlamentare per lo sviluppo della montagna\u00a0 \u00abCon l\u2019intergruppo abbiamo fatto un lavoro trasversale\u00bb, afferma De Menech \u00abtrovando ampia condivisione dei contenuti anche tra i colleghi degli altri partiti\u00bb. Con l\u2019ordine del giorno il governo viene impegnato \u00aba valutare la possibilit\u00e0\u00bb, si legge testualmente, \u201cnell\u2019ambito della ripartizione delle risorse del Fondo investimenti delle amministrazioni centrali, di includere anche progetti di sviluppo in aree montane finalizzati al raggiungimento di obiettivi di qualit\u00e0 ambientale: nell\u2019ambito dell\u2019esame delle richieste dei comuni ai fini del riparto dei contributi per investimenti relativi a opere pubbliche di messa in sicurezza degli edifici e del territorio, di riservare una premialit\u00e0 agli enti e territori montani\u201d. Per quanto riguarda i contributi ai Comuni per investimenti di rigenerazione urbana, il governo si impegna ad \u201cadottare opportune iniziative per estendere le previsioni e i criteri del riparto dei fondi anche alla riduzione dei fenomeni di spopolamento, soprattutto attraverso il recupero dei centri storici rurali nelle aree montane o interne del paese\u201d.<\/p>\n<p>&nbsp;<\/p>\n<p>&nbsp;<\/p>\n<h3>L\u2019impatto per Belluno della legge di bilancio Venerd\u00ec alle 11 al caff\u00e8 Manin con Roger De Menech e Monica Lotto<\/h3>\n<p><strong>BELLUNO<\/strong> Oggi, il deputato bellunese Roger De Menech e la segretaria provinciale del Partito democratico, Monica Lotto, presentano agli organi di informazione gli effetti della legge di bilancio 2020 per il Bellunese e la montagna. \u00abLa manovra appena approvata\u00bb, spiega De Menech, \u00absostiene la crescita, con l\u2019obiettivo di invertire il contesto di stagnazione della nostra economia e procedere lungo la strada di uno sviluppo sostenibile. Dopo anni, infatti, aumentano le risorse per gli investimenti pubblici, per il lavoro e per il welfare. Si tratta, nel complesso, di un intervento da 32 miliardi \u2013 pi\u00f9 di 3 sono quelli che provengono dal contrasto all\u2019evasione fiscale \u2013 con misure che vanno dall\u2019aumento degli stipendi netti dei lavoratori dipendenti grazie ad un taglio del cuneo fiscale di 3 miliardi per il 2020, al rinnovo dei contratti pubblici, all\u2019abolizione del superticket sanitario e ad una serie di provvedimenti a sostegno delle famiglie, cos\u00ec come delle imprese e del sistema produttivo\u00bb. A fronte di questo quadro generale sono diverse le novit\u00e0 anche per il Bellunese, i piccoli comuni e le realt\u00e0 della montagna.<\/p>\n<p>&nbsp;<\/p>\n<p>&nbsp;<\/p>\n<p>&nbsp;<\/p>\n<h3>RIFIUTI, RACCOLTA AGGIUNTIVA<\/h3>\n<p><strong>Gosaldo \u2013 Rivamonte Agordino \u2013 Vallada Agordina. Raccolta del rifiuto umido per le utenze della zona Fuori Centro Urbano<\/strong><\/p>\n<p><a class=\"dt-pswp-item\" href=\"https:\/\/www.radiopiu.net\/wordpress\/wp-content\/uploads\/2018\/10\/logo-valpe-verticale.jpg\" data-dt-img-description=\"\" data-large_image_width=\"370\" data-large_image_height=\"367\"><img loading=\"lazy\" decoding=\"async\" class=\"wp-image-65542 alignleft\" src=\"https:\/\/www.radiopiu.net\/wordpress\/wp-content\/uploads\/2018\/10\/logo-valpe-verticale-300x298.jpg\" alt=\"\" width=\"131\" height=\"130\" srcset=\"https:\/\/www.radiopiu.net\/wordpress\/wp-content\/uploads\/2018\/10\/logo-valpe-verticale-300x298.jpg 300w, https:\/\/www.radiopiu.net\/wordpress\/wp-content\/uploads\/2018\/10\/logo-valpe-verticale-150x150.jpg 150w, https:\/\/www.radiopiu.net\/wordpress\/wp-content\/uploads\/2018\/10\/logo-valpe-verticale.jpg 370w\" sizes=\"auto, (max-width: 131px) 100vw, 131px\" \/><\/a>Con l\u2019obiettivo di offrire all\u2019utenza un migliore servizio in occasione del periodo festivo, si segnala che \u00e8 stata prevista una raccolta aggiuntiva del rifiuto umido per le zone Fuori Centro Urbano dei Comuni di Gosaldo, Rivamonte Agordino e Vallada Agordina nelle seguenti date: Gosaldo Fuori Centro Urbano: venerd\u00ec 27 dicembre 2019 Rivamonte Agordino Fuori Centro Urbano: venerd\u00ec 27 dicembre 2019 Vallada Agordina Fuori Centro Urbano: gioved\u00ec 26 dicembre 2019 Si tratta di raccolte che non sono indicate nel calendario per l\u2019anno 2019, messe a disposizione delle utenze di queste zone per gestire l\u2019eventuale maggiore produzione di rifiuto in occasione delle festivit\u00e0.<\/p>\n<p>&nbsp;<\/p>\n<p>&nbsp;<\/p>\n<p>&nbsp;<\/p>\n<p>&nbsp;<\/p>\n<h3>CONSORZIO DEI COMUNI DEL BACINO IMBRIFERO MONTANO DEL PIAVE<br \/>\nAPPARTENENTI ALLA PROVINCIA DI BELLUNO<\/h3>\n<p><strong><a class=\"dt-pswp-item\" href=\"https:\/\/www.radiopiu.net\/wordpress\/wp-content\/uploads\/2015\/11\/LogoBIM.jpg\" data-dt-img-description=\"\" data-large_image_width=\"352\" data-large_image_height=\"200\"><img loading=\"lazy\" decoding=\"async\" class=\" wp-image-13204 alignleft\" src=\"https:\/\/www.radiopiu.net\/wordpress\/wp-content\/uploads\/2015\/11\/LogoBIM-300x170.jpg\" alt=\"\" width=\"226\" height=\"128\" \/><\/a>BELLUNO<\/strong> La riunione \u00e8 in calendario per oggi alle 14.30 in sala convegni Ana di via Tissi. Ordine del giorno:\u00a0 variazione al Bilancio di previsione 2019\/2021\u201d; \u00a0Approvazione Bilancio di Previsione 2020\/2022; \u00a0Approvazione accordo integrativo con Enel Produzione Spa per il versamento del saldo dell\u2019IMU dovuta per le centrali idroelettriche site nel territorio bellunese per gli anni 2014- 2015;\u00a0 Revisione periodica delle Societ\u00e0 partecipate detenute al 31\/12\/2018 e relazione sull\u2019attuazione delle misure di razionalizzazione ai sensi dell\u2019art. 20 del D.Lgs. 19 agosto 2016, n. 175; \u00a0Definizione criteri per la nomina del rappresentante del Consorzio BIM Piave nel CdA della Fondazione \u201cCentro Studi Tiziano e Cadore\u201d.<\/p>\n<p>&nbsp;<\/p>\n<p>&nbsp;<\/p>\n<p>&nbsp;<\/p>\n<h3>CONCERTO DI NATALE PER SAN LIBERALE STASERA A CAVARZANO CON FORNASIER di RENATO BONA<\/h3>\n<p><strong>BELLUNO<\/strong> Torna oggi, venerd\u00ec 27 dicembre l\u2019ormai tradizionale \u201cConcerto di Natale per San Liberale\u201d, iniziativa filantropica dell\u2019Associazione Emigranti e Lavoratori dell\u2019Oltrardo detta \u201cdella Bandiera\u201d. A partire dalle 20,30, nella sala parrocchiale di Cavarzano (ingresso libero) si esibir\u00e0 infatti il noto cantautore bellunese Giorgio Fornasier (non ha certo bisogno di presentazione essendo noto ed apprezzato in ogni parte d\u2019Italia e del Mondo), che presenter\u00e0 lo spettacolo \u201cSe illumina el cielo. Il Natale cristiano nel mondo\u201d. Il sodalizio dell\u2019Oltrardo, costituito il 12 febbraio 1903 ad iniziativa di dodici capifamiglia delle frazioni bellunesi di Cusighe e Sala, inizialmente era denominato \u201cPatria e Religione\u201d, e dal 1964 \u201cDella Bandiera-Fradei de valise\u201d. Fin dalle origini era stata espressa la volont\u00e0 di rivolgere attenzioni particolari alla chiesa di San Liberale che era considerata il punto di aggregazione degli associati che non a caso hanno voluto che nello stendardo, costituito dal tricolore italiano,da un lato vi fosse l\u2019immagine appunto di San Liberale, considerato il simbolo del paese d\u2019origine, e dall\u2019altro quella di Santa Barbara, patrona dei minatori, categoria che ha visto impegnati anche numerosi emigranti di origine bellunese e segnatamente delle due frazioni. Lo stendardo era stato benedetto il 12 febbraio di quello stesso 1903, con una cerimonia che si era svolta proprio nell\u2019edificio sacro che oggi \u00e8 uno dei simboli di Belluno, di alto valore storico-architettonico anche per la sua posizione altamente suggestiva e panoramica, su un poggio a quota 510 metri alle pendici del Monte Serva, tappa numero 12 dell\u2019\u201dItinerario tematico delle Chiesette pedemontane\u201d. Va infine ricordato che poche settimane fa, domenica 6 ottobre, secondo tradizione, \u201cAssociazione emigranti e lavoratori dell\u2019Oltrardo detta della Bandiera\u201d ha celebrato la festa annuale con la deposizione di una corona d\u2019alloro nella Piazza dell\u2019Esempon\u201d di Sala, sotto il grande murale, altro importante simbolo del benemerito sodalizio. Qui in rappresentanza del comune di Belluno \u00e8 intervenuta la dott. Francesca De Biasi mentre per la Bellunesi nel Mondo ha parlato, anch\u2019ella elogiando l\u2019ultrasecolare attivit\u00e0 del sodalizio, la vice presidente Patrizia Burigo. Poi il parroco di Cusighe, don Gino Dal Borgo ha celebrato nella vicina chiesa-simbolo di San Liberale a Pedeserva l\u2019eucarestia a ricordo di tutti i lavoratori dell\u2019Oltrardo che nell\u2019arco di un secolo abbondante: 116 anni, hanno cercato e trovato occupazione all\u2019estero. Hanno fatto seguito il pranzo sociale nelle strutture parrocchiali di Cusighe, musiche e votazioni per le nuove cariche sociali.<\/p>\n\n\t\t\t<style type='text\/css'>\n\t\t\t\t#gallery-2 {\n\t\t\t\t\tmargin: auto;\n\t\t\t\t}\n\t\t\t\t#gallery-2 .gallery-item {\n\t\t\t\t\tfloat: left;\n\t\t\t\t\tmargin-top: 10px;\n\t\t\t\t\ttext-align: center;\n\t\t\t\t\twidth: 33%;\n\t\t\t\t}\n\t\t\t\t#gallery-2 img {\n\t\t\t\t\tborder: 2px solid #cfcfcf;\n\t\t\t\t}\n\t\t\t\t#gallery-2 .gallery-caption {\n\t\t\t\t\tmargin-left: 0;\n\t\t\t\t}\n\t\t\t\t\/* see gallery_shortcode() in wp-includes\/media.php *\/\n\t\t\t<\/style>\n\t\t<div id='gallery-2' class='dt-gallery-container gallery galleryid-110968 gallery-columns-3 gallery-size-thumbnail'><dl class='gallery-item'>\n\t\t\t\t<dt class='gallery-icon portrait'>\n\t\t\t\t\t<a class=\"rollover\" href='https:\/\/www.radiopiu.net\/wordpress\/concerto-di-natale-per-san-liberale-stasera-a-cavarzano-con-fornasier-di-renato-bona\/80302150_2948170328527649_4111759775157452800_n\/'><img loading=\"lazy\" decoding=\"async\" width=\"150\" height=\"150\" src=\"https:\/\/www.radiopiu.net\/wordpress\/wp-content\/uploads\/2019\/12\/80302150_2948170328527649_4111759775157452800_n-150x150.png\" class=\"attachment-thumbnail size-thumbnail\" alt=\"\" \/><\/a>\n\t\t\t\t<\/dt><\/dl><dl class='gallery-item'>\n\t\t\t\t<dt class='gallery-icon landscape'>\n\t\t\t\t\t<a class=\"rollover\" href='https:\/\/www.radiopiu.net\/wordpress\/concerto-di-natale-per-san-liberale-stasera-a-cavarzano-con-fornasier-di-renato-bona\/80852341_2447743935466791_6936743805085286400_n\/'><img loading=\"lazy\" decoding=\"async\" width=\"150\" height=\"150\" src=\"https:\/\/www.radiopiu.net\/wordpress\/wp-content\/uploads\/2019\/12\/80852341_2447743935466791_6936743805085286400_n-150x150.jpg\" class=\"attachment-thumbnail size-thumbnail\" alt=\"\" \/><\/a>\n\t\t\t\t<\/dt><\/dl><dl class='gallery-item'>\n\t\t\t\t<dt class='gallery-icon landscape'>\n\t\t\t\t\t<a class=\"rollover\" href='https:\/\/www.radiopiu.net\/wordpress\/concerto-di-natale-per-san-liberale-stasera-a-cavarzano-con-fornasier-di-renato-bona\/80364331_456597321692753_3848398595384410112_n\/'><img loading=\"lazy\" decoding=\"async\" width=\"150\" height=\"150\" src=\"https:\/\/www.radiopiu.net\/wordpress\/wp-content\/uploads\/2019\/12\/80364331_456597321692753_3848398595384410112_n-150x150.jpg\" class=\"attachment-thumbnail size-thumbnail\" alt=\"\" \/><\/a>\n\t\t\t\t<\/dt><\/dl><br style=\"clear: both\" \/><dl class='gallery-item'>\n\t\t\t\t<dt class='gallery-icon portrait'>\n\t\t\t\t\t<a class=\"rollover\" href='https:\/\/www.radiopiu.net\/wordpress\/concerto-di-natale-per-san-liberale-stasera-a-cavarzano-con-fornasier-di-renato-bona\/80507943_467764393937709_685948178872139776_n\/'><img loading=\"lazy\" decoding=\"async\" width=\"150\" height=\"150\" src=\"https:\/\/www.radiopiu.net\/wordpress\/wp-content\/uploads\/2019\/12\/80507943_467764393937709_685948178872139776_n-150x150.jpg\" class=\"attachment-thumbnail size-thumbnail\" alt=\"\" \/><\/a>\n\t\t\t\t<\/dt><\/dl><dl class='gallery-item'>\n\t\t\t\t<dt class='gallery-icon landscape'>\n\t\t\t\t\t<a class=\"rollover\" href='https:\/\/www.radiopiu.net\/wordpress\/concerto-di-natale-per-san-liberale-stasera-a-cavarzano-con-fornasier-di-renato-bona\/80832971_445762069428145_1630848074983145472_n\/'><img loading=\"lazy\" decoding=\"async\" width=\"150\" height=\"150\" src=\"https:\/\/www.radiopiu.net\/wordpress\/wp-content\/uploads\/2019\/12\/80832971_445762069428145_1630848074983145472_n-150x150.jpg\" class=\"attachment-thumbnail size-thumbnail\" alt=\"\" \/><\/a>\n\t\t\t\t<\/dt><\/dl><dl class='gallery-item'>\n\t\t\t\t<dt class='gallery-icon portrait'>\n\t\t\t\t\t<a class=\"rollover\" href='https:\/\/www.radiopiu.net\/wordpress\/concerto-di-natale-per-san-liberale-stasera-a-cavarzano-con-fornasier-di-renato-bona\/81515976_448237596081856_3312727130311229440_n\/'><img loading=\"lazy\" decoding=\"async\" width=\"150\" height=\"150\" src=\"https:\/\/www.radiopiu.net\/wordpress\/wp-content\/uploads\/2019\/12\/81515976_448237596081856_3312727130311229440_n-150x150.jpg\" class=\"attachment-thumbnail size-thumbnail\" alt=\"\" \/><\/a>\n\t\t\t\t<\/dt><\/dl><br style=\"clear: both\" \/><dl class='gallery-item'>\n\t\t\t\t<dt class='gallery-icon portrait'>\n\t\t\t\t\t<a class=\"rollover\" href='https:\/\/www.radiopiu.net\/wordpress\/concerto-di-natale-per-san-liberale-stasera-a-cavarzano-con-fornasier-di-renato-bona\/80571166_451363472459343_4675444210936053760_n\/'><img loading=\"lazy\" decoding=\"async\" width=\"150\" height=\"150\" src=\"https:\/\/www.radiopiu.net\/wordpress\/wp-content\/uploads\/2019\/12\/80571166_451363472459343_4675444210936053760_n-150x150.jpg\" class=\"attachment-thumbnail size-thumbnail\" alt=\"\" \/><\/a>\n\t\t\t\t<\/dt><\/dl><dl class='gallery-item'>\n\t\t\t\t<dt class='gallery-icon landscape'>\n\t\t\t\t\t<a class=\"rollover\" href='https:\/\/www.radiopiu.net\/wordpress\/concerto-di-natale-per-san-liberale-stasera-a-cavarzano-con-fornasier-di-renato-bona\/80004065_465694101010626_5510704398117896192_n\/'><img loading=\"lazy\" decoding=\"async\" width=\"150\" height=\"150\" src=\"https:\/\/www.radiopiu.net\/wordpress\/wp-content\/uploads\/2019\/12\/80004065_465694101010626_5510704398117896192_n-150x150.jpg\" class=\"attachment-thumbnail size-thumbnail\" alt=\"\" \/><\/a>\n\t\t\t\t<\/dt><\/dl>\n\t\t\t\t<br style='clear: both' \/>\n\t\t\t<\/div>\n\n<p>NELLE FOTO (Giampietro Paris, Renato Bona, Bellunesi nel Mondo): La chiesetta di San Liberale a Pedeserva; il cantautore Giorgio Fornasier; Piazza dell\u2019Esempon di Sala a Belluno, anche con l\u2019originale presepe; il murale che richiama il lavoro di tanti emigranti di Sala e Cusighe; libro di Antonella De Biasi edito da Grafiche Trabella di Lentiai nel 1995; \u201cLa Bandiera e San Liberale. Belluno\u201d: copertina della pubblicazione del 2002 di Grafiche Longaronesi.<\/p>\n<h3><\/h3>\n<p>&nbsp;<\/p>\n<h3><a class=\"dt-pswp-item\" href=\"http:\/\/www.radiopiu.net\/wordpress\/wp-content\/uploads\/2018\/09\/appuntamenti.jpeg\" data-dt-img-description=\"\" data-large_image_width=\"800\" data-large_image_height=\"100\"><img loading=\"lazy\" decoding=\"async\" class=\"aligncenter wp-image-61958 size-full\" src=\"http:\/\/www.radiopiu.net\/wordpress\/wp-content\/uploads\/2018\/09\/appuntamenti.jpeg\" alt=\"\" width=\"800\" height=\"100\" srcset=\"https:\/\/www.radiopiu.net\/wordpress\/wp-content\/uploads\/2018\/09\/appuntamenti.jpeg 800w, https:\/\/www.radiopiu.net\/wordpress\/wp-content\/uploads\/2018\/09\/appuntamenti-300x38.jpeg 300w, https:\/\/www.radiopiu.net\/wordpress\/wp-content\/uploads\/2018\/09\/appuntamenti-768x96.jpeg 768w\" sizes=\"auto, (max-width: 800px) 100vw, 800px\" \/><\/a><\/h3>\n<h3><\/h3>\n<blockquote>\n<h3><em>&#8220;La val che urla&#8221; venerdi al centro San Felice di Trichiana, il 4 gennaio la prima nell&#8217;Agordino La pellicola della regista Lucia Zanettin\u00a0 verr\u00e0 proiettata venerd\u00ec alle 21 al centro San Felice di Trichiana, in piazza Merlin.<\/em><\/h3>\n<\/blockquote>\n<p><strong>TAIBON<\/strong> <strong>e l&#8217;albero di San Cipriano. Per il secondo anno con l&#8217;accensione dell&#8217;albero la festa in una frazione del paese &#8220;viva&#8221; &#8230;questa sera sotto l&#8217;albero dalle 17.15 visita alla chiesa di San Cipriano con Loris Serafini, alle 18 messa e a seguire rinfresco con la musica dei Red River Revival<\/strong><\/p>\n<p>&nbsp;<\/p>\n<p><strong>FALCADE<\/strong> Domani sera alle 21 in chiesa concerto dei cori Val Biois del maestro Attilio Costa e del Coro Nova Symphonia Patavina di Martina Frigo. concerto promosso nell&#8217;ambito del progetto &#8220;Incontri Corali Veneti&#8221; per dare il giusto risalto al raggiungimento del 40\u00b0 di fondazione dell&#8217;ASAC.<\/p>\n<p>&nbsp;<\/p>\n<p><strong>SAN GREGORIO NELLE ALPI<\/strong> <strong>Domenica alle 17 in chiesa il concerto di Natale con il Piccolo coro di Cesiomaggiore del maestro Damiano Del Monego.<\/strong><\/p>\n<p>&nbsp;<\/p>\n<h3>IL CONCERTO PER DANTE MORO<\/h3>\n<p><strong>BELLUNO<\/strong>\u00a0 Oggi\u00a0 alle 11.30 a Palazzo Piloni sede della Provincia conferenza stampa di \u00a0presentazione del concerto per\u00a0 &#8220;Dante Moro\u201d con pianoforte e orchestra\u00a0 in cui avverr\u00e0 anche la premiazione del Concorso Internazionale di Composizione Dante Moro (terza edizione). Il concerto si terr\u00e0 a Falcade, il 3 gennaio 2020 alle 21. Interverranno alla conferenza stampa Delio Cassetta: direttore d\u2019orchestra, Silvia Tessari: pianista, direttrice artistica del Concorso Dante Moro,\u00a0 Stefano Fregni: attore di cinema e teatro e Michele Costa, Sindaco di Falcade<\/p>\n<p>&nbsp;<\/p>\n<p>&nbsp;<\/p>\n<h2><span style=\"color: #ff0000;\"><a class=\"dt-pswp-item\" href=\"https:\/\/www.radiopiu.net\/wordpress\/wp-content\/uploads\/2019\/12\/WhatsApp-Image-2019-12-23-at-02.23.45.jpeg\" data-dt-img-description=\"\" data-large_image_width=\"1024\" data-large_image_height=\"1478\"><img loading=\"lazy\" decoding=\"async\" class=\" wp-image-110692 alignleft\" src=\"https:\/\/www.radiopiu.net\/wordpress\/wp-content\/uploads\/2019\/12\/WhatsApp-Image-2019-12-23-at-02.23.45-208x300.jpeg\" alt=\"\" width=\"114\" height=\"164\" srcset=\"https:\/\/www.radiopiu.net\/wordpress\/wp-content\/uploads\/2019\/12\/WhatsApp-Image-2019-12-23-at-02.23.45-208x300.jpeg 208w, https:\/\/www.radiopiu.net\/wordpress\/wp-content\/uploads\/2019\/12\/WhatsApp-Image-2019-12-23-at-02.23.45-709x1024.jpeg 709w, https:\/\/www.radiopiu.net\/wordpress\/wp-content\/uploads\/2019\/12\/WhatsApp-Image-2019-12-23-at-02.23.45-768x1109.jpeg 768w, https:\/\/www.radiopiu.net\/wordpress\/wp-content\/uploads\/2019\/12\/WhatsApp-Image-2019-12-23-at-02.23.45.jpeg 1024w\" sizes=\"auto, (max-width: 114px) 100vw, 114px\" \/><\/a>L&#8217;APPUNTAMENTO GEOLOGICO<\/span><\/h2>\n<p><strong>AGORDO<\/strong> Questa sera in Biblioteca ad Agordo alle 20.30 da un&#8217;idea di Manuel Conedera conferenza dal Gamp, ospite della serata il Dott. Michele Vallati, un giovane geologo feltrino. Laureatosi a Padova nel campo dell&#8217; Oil &amp; Gas, prosegue la sua specializzazione presso l&#8217;Universit\u00e0 tedesca di Potsdam con un dottorato di ricerca che lo porta a scoprire, studiare, fotografare un angolo remoto dell&#8217;Argentina. Ma cosa hanno di cos\u00ec interessante le rocce e gli ambienti che compongono questo altopiano desertico? e cosa porta un gruppo di geologi a studiare quest&#8217;area dove, apparentemente, non esiste alcun giacimento petrolifero? Lo scopriremo venerd\u00ec 27, accompagnati dalle fotografie e dai racconti di un giovane geologo &#8220;partito dalle Vette Feltrine&#8221;.<\/p>\n<p>&nbsp;<\/p>\n<p>&nbsp;<\/p>\n<p>&nbsp;<\/p>\n<p>&nbsp;<\/p>\n<h2><span style=\"color: #ff0000;\">LA RIFLESSIONE<\/span><\/h2>\n<h3>Dal Tricolore nel cesso alla profanazione dell\u2019inno nazionale<\/h3>\n<p><strong>di Giovanni Perenzin, FELTRE\u00a0<\/strong><\/p>\n<p>Tra poco sar\u00e0 Natale,col crescente profluvio di luminarie,regali, consumi ecc.ecc. Il Mammona d\u2019Occidente, tenta di oscurare sempre pi\u00f9 quello che capit\u00f2 in Oriente 2019 anni fa. Maria di Nazaret, del Nord (della Palestina s\u2019intende) moglie di Giuseppe del Sud emigrato al Nord, per superiori disposizioni di legge, incinta, dovette raggiungere Betlemme al Sud, patria di Giuseppe, a piedi s\u2019intende e non trovando posto in albergo dovette partorire in una stalla. Felici e contenti? Diciamo si e no, perch\u00e9 dopo qualche giorno, Giuseppe, avendo intuito un pericolo di morte per il figlio, decise di farsi migrante, fuggendo clandestino al Sud, in Egitto, ed in seguito, calmatesi le acque, tornare al Nord. Queste cose mi sono venute in mente quando mi \u00e8 toccato vedere il segretario della Lega Nord, alla vigilia del voto europeo, brandire il Vangelo e baciare il rosario. Mi sono passati per la mente alcuni pensieri in merito che mi pare utile comunicare al prossimo, in sostanza una meditazione sullo \u201cspirito (?)\u201d di un partito il cui capo ha reclamato \u201ci pieni poteri\u201d, non tanto come l\u2019imitato Duce che aveva comunque al di sopra, o al di sotto o al fianco il Re, bens\u00ec come social-selfie-supermanager. Ma andiamo al 14 settembre 1997. In un comizio a Venezia, guarda caso, in riva degli Schiavoni, l\u2019allora segretario della Lega nord, Umberto Bossi aveva proclamato \u201coperativa\u201d dalla mezzanotte del successivo 15: \u201cla Repubblica Federale di Padania\u201d nata sotto gli auspici del pagano Dio Po\u2019; parola d\u2019ordine: \u201cSecessione\u201d. Alla signora Lucia Massarotto, che aveva sventolato il Tricolore alla finestra aveva urlato: \u201cMa signora\u2026! quel tricolore lo metta nel cesso !\u201d.<br \/>\nLa bandiera della nuova Repubblica di Padania, non so se ancora in vigore, constava invece di un lenzuolo bianco con al centro una verde foglia non di Fico, ma della Maria Giovanna (dicasi: cannabis indica). Il 7 gennaio dello stesso anno, bicentenario del Tricolore, il poeta Mario Luzi in Reggio Emilia, riprendendo il discorso di un secolo prima di Giosu\u00e8 Carducci, affermava che: \u201cIl Tricolore non \u00e8 una bandiera particolare, \u00e8 la bandiera universale, della libert\u00e0 e dell\u2019indipendenza\u2026 ne ha di macchie e abusi, tanti quanti la societ\u00e0 del nostro paese ne ha di involuzioni, di vergogne di smarrimenti\u2026 non per questo dobbiamo rimuoverlo o rinnegarlo. Nulla sarebbe pi\u00f9 empio e privo di carit\u00e0\u201d. Se il Tricolore andava messo nel cesso, era perci\u00f2, pi\u00f9 che rinnegato. Dunque atto empio e privo di carit\u00e0. E\u2019 lecito chiedersi: se la nuova Repubblica federale di Padania nasceva, senza carit\u00e0; su che cosa si sarebbe fondata? Gli anni passano e Salvini, gi\u00e0 fedelissimo di Bossi, allora sempre del tutto con lui consenziente, ma ora, divenuto nuovo capo della Lega, cambia astutamente le carte in tavola, da nordico si italianizza e, conversione ancora pi\u00f9 grande, fa passare il partito da pagano a cristiano con ostentato plateale bacio a Cristi e Madonne; nuova parola d\u2019ordine:\u201cPrima gli Italiani\u201d. Vale la pena di citare un recente discorso di Berlusconi: \u201cLega e fascisti li abbiamo fatti entrare noi al governo, li abbiamo legittimati noi, li abbiamo costituzionalizzati noi\u201d. Replica immediatamente Salvini: \u201cQualcuno avvisi Berlusconi che parlare di fascismo nel 2019 non ha pi\u00f9 senso, lo lasci fare a quelli del Pd, a Saviano a Gad Lerner. Ormai si confrontano partiti a favore degli italiani e partiti contro gli italiani, telecomandati dall\u2019estero. Chi si allea con la Lega deve avere ben chiaro questo: Prima gli Italiani\u201d. Parlare di fascismo, dice Salvini, non ha pi\u00f9 senso, ma se, come detto, si fanno le stesse cose che fece il duce: giubbetti polizieschi, pompati Me ne frego, improperi ai migranti, ecc.ecc. non si sta sulla stessa barca? Non aveva parlato un nostro ottimo filosofo napoletano, Gian Battista Vico, ancora tre secoli fa di :\u201cCorsi e ricorsi storici\u201d? Dire: \u201cPrima gli Italiani\u201d e baciare il crocefisso \u00e8 una totale contraddizione, ma se i cuchi abboccano, va bene lo stesso. Da Natale andiamo a Pasqua. Dal Nord, Ges\u00f9 and\u00f2 al Sud, a Gerusalemme, dove sar\u00e0 crocefisso per l\u2019accanita ostilit\u00e0 del partito nazional-farisaico, per il quale valeva, guarda caso (mutatis mutandis) la stessa parola d\u2019ordine:\u201cPrima gli Ebrei\u201d. Non erano essi dopotutto: \u201cil popolo eletto\u201d? La separazione con gli altri popoli, si vedano le leggi sui matrimoni,doveva essere netta, mentre Ges\u00f9, pure lui ebreo, aveva inaugurato una nuova era, dove ogni uomo \u00e8 mio fratello, ogni uomo \u00e8 figlio di Dio. Una cosa per il partito nazional-farisaico inconcepibile, di qui l\u2019accusa a Ges\u00f9, davanti a Pilato, di essere un \u201csovvertitore del nostro popolo\u201d, e per ci\u00f2 meritevole di morte. Ges\u00f9 insegn\u00f2 e pratic\u00f2 la fratellanza universale che trov\u00f2 duemila anni dopo, a livello mondiale, dopo due feroci guerre mondiali e la Sho\u00e0, la sua consacrazione nella dichiarazione dei diritti dell\u2019uomo del 1948. Sta scritto nell\u2019articolo 1: \u201cTutti gli esseri umani nascono liberi ed eguali in dignit\u00e0 e diritti. Essi sono dotati di ragione e di coscienza e devono agire gli uni verso gli altri in spirito di fratellanza\u201d. Ma chiediamoci, quanti oggi, capi di nazioni, potenti vari o semplici cittadini condividono ci\u00f2? Il detto\u201cPrima gli Italiani\u201d altro non \u00e8 che un subdolo distillato dalla precedente legge razziale fascista del 1938, una vergogna assoluta che macchia tutta la cultura dell\u2019umanesimo italiano. Vale la pena di rileggere l\u2019articolo 1 della citata legge: \u201cIl matrimonio del cittadino italiano di razza ariana con persona appartenente ad altra razza \u00e8 proibito. Il matrimonio celebrato in contrasto con tale divieto \u00e8 nullo\u201d. Ma che cosa era la razza ariana? E quanti italiani sapevano di esserlo? Ricordo di aver letto un certificato del podest\u00e0 di Seren che dichiarava che il sig. Tal dei tali era di razza \u201carianna\u201d. Lasciando perdere le facezie, veniva stabilito, a norma di legge, che gli italiani erano di serie A, e quindi non potevano sposarsi con le altre razze di serie B o C. Ma il vero scopo della legge era l\u2019emarginazione e successiva eliminazione (con la repubblica di Sal\u00f2) della \u201crazza ebraica\u201d. Una specie di contrapasso dopo duemila anni. Come non dare ragione a Vico? E come veniva individuata la razza ebraica? Non certo dall\u2019aspetto fisico, ma dalla religione, una autentica mostruosit\u00e0 scientifica e giuridica. Cristianamente parlando, il \u201cPrima gli italiani\u201d \u00e8 una eres\u00eca perch\u00e9 per Cristo ed il suo Vangelo, il \u201cprima\u201d spetta agli ultimi: i poveri, i forestieri, i carcerati\u2026 Non sar\u00e0 male anche ricordare che dalla bocca di Cristo \u00e8 uscita anche una tremenda maledizione: \u201cVia lontano da me maledetti! perch\u00e9 \u201cavevo fame e non mi avete dato da mangiare&#8230; forestiero e non mi avete accolto, carcerato e non siete venuti a visitarmi\u2026\u201d Aggiungerei in coda a quella famosa lista\u2026 \u201cVeneziani gran signori, Padovani gran dotori, Vicentini magna gati, Veronesi tuti mati \u201c\u2026 con: \u201cma dei Veneti p\u00ec visti, i Lombardi basa Cristi\u201d. Ma torniamo all\u2019inizio. Dopo la fase del Dio Po, del Tricolore nel cesso, eccoci alla mutazione genetica: \u201cPrima gli Italiani\u201d, consacrata al Papeete beach dove \u00e8 andata in onda, atto altrettanto empio, la profanazione dell\u2019inno nazionale \u201cFratelli d\u2019Italia\u201d di Goffredo Mameli. Il grande capo dei leghisti, in veste di Ministro dell\u2019Interno: braghesse da bagno, ciccia verace in vista, ha fatto cantare e ballare al codazzo delle sue (s)costumate figone: \u201cSiam pronti alla morte l\u2019Italia chiam\u00f2\u2026\u201d. Scena che ha fatto il giro del mondo, tal quale il famoso Bunga Bunga del gran maestro Berlusca. Nessun rispetto per i morti per la patria e tanto meno per Goffredo Mameli, autore del nostro inno nazionale, che mor\u00ec a 21 anni di cancrena per una ferita ad una gamba, riportata, combattendo nel 1849 in la difesa della Repubblica romana, la cui Costituzione \u00e8 alla base della nostra. il giornalista Pansa cos\u00ec si \u00e8 espresso: \u201cAbbiamo assistito a una versione sexy di \u201cFratelli d\u2019Italia\u201d, degna di uno dei bordelli che la deputata socialista Lina Merlin si era illusa di aver abolito\u201d. Passando dai grandi capi a casa nostra, non posso non ricordare che il giorno 13 giugno 2019, il Consiglio comunale di Feltre ha discusso e poi approvato (16 presenti, 14 favorevoli 2 contrari: Forlin e Vettoretto della Lega Nord) la delibera n.35: \u201cProposta di iniziativa popolare che impegna l\u2019Ente a subordinare la concessione di spazi pubblici all\u2019esplicito riconoscimento da parte dei richiedenti dei principi costituzionali e al ripudio di principi e pratiche fasciste, razziste e discriminatorie\u201d. Come uno dei sostenitori della mozione firmata da quasi 250 cittadini, ero in Consiglio ad ascoltare. Il consigliere della Lega Nord: Vettoretto, dopo avere affermato di non essere \u201cn\u00e9 xenofobo, n\u00e9 razzista\u201d, ha votato contro la delibera stessa, avvertendo che in provincia di Belluno il 50% aveva votato Lega e concludendo con un: \u201cGrazie me ne vanto\u201d. Classico esempio di doppia morale: Noi non siamo: n\u00e9 fascisti, n\u00e9 xenofobi, n\u00e9 razzisti ma se altri vogliono esserlo, perch\u00e9 negare loro gli spazi pubblici? Non posso allora dimenticare che Il nostro concittadino Giordano Schenal il partigiano \u201cCaronte\u201d, il cui sacrificio per la patria abbiamo ricordato lo scorso 5 ottobre, prima che il cappio nazifascista lo stroncasse, ebbe la forza di gridare: \u201cCoraggio Italiani !\u201d<\/p>\n<p>&nbsp;<\/p>\n<p>&nbsp;<\/p>\n<p>&nbsp;<\/p>\n<h2><a class=\"dt-pswp-item\" href=\"http:\/\/www.radiopiu.net\/wordpress\/wp-content\/uploads\/2018\/09\/sport.jpg\" data-dt-img-description=\"\" data-large_image_width=\"800\" data-large_image_height=\"100\"><img loading=\"lazy\" decoding=\"async\" class=\"wp-image-60761 size-full aligncenter\" src=\"http:\/\/www.radiopiu.net\/wordpress\/wp-content\/uploads\/2018\/09\/sport.jpg\" alt=\"\" width=\"800\" height=\"100\" srcset=\"https:\/\/www.radiopiu.net\/wordpress\/wp-content\/uploads\/2018\/09\/sport.jpg 800w, https:\/\/www.radiopiu.net\/wordpress\/wp-content\/uploads\/2018\/09\/sport-300x38.jpg 300w, https:\/\/www.radiopiu.net\/wordpress\/wp-content\/uploads\/2018\/09\/sport-768x96.jpg 768w\" sizes=\"auto, (max-width: 800px) 100vw, 800px\" \/><\/a><\/h2>\n<p>&nbsp;<\/p>\n<h3>ALLEGHE HOCKEY IN CAMPO PER TOMMASO<\/h3>\n<p><a class=\"dt-pswp-item\" href=\"https:\/\/www.radiopiu.net\/wordpress\/wp-content\/uploads\/2019\/12\/79701271_108765560622589_8946099805902340096_o.jpg\" data-dt-img-description=\"\" data-large_image_width=\"1440\" data-large_image_height=\"832\"><img loading=\"lazy\" decoding=\"async\" class=\" wp-image-110662 alignleft\" src=\"https:\/\/www.radiopiu.net\/wordpress\/wp-content\/uploads\/2019\/12\/79701271_108765560622589_8946099805902340096_o-300x173.jpg\" alt=\"\" width=\"215\" height=\"124\" srcset=\"https:\/\/www.radiopiu.net\/wordpress\/wp-content\/uploads\/2019\/12\/79701271_108765560622589_8946099805902340096_o-300x173.jpg 300w, https:\/\/www.radiopiu.net\/wordpress\/wp-content\/uploads\/2019\/12\/79701271_108765560622589_8946099805902340096_o-1024x592.jpg 1024w, https:\/\/www.radiopiu.net\/wordpress\/wp-content\/uploads\/2019\/12\/79701271_108765560622589_8946099805902340096_o-768x444.jpg 768w, https:\/\/www.radiopiu.net\/wordpress\/wp-content\/uploads\/2019\/12\/79701271_108765560622589_8946099805902340096_o.jpg 1440w\" sizes=\"auto, (max-width: 215px) 100vw, 215px\" \/><\/a>Si giocher\u00e0 domani sera la 22\u00b0 giornata della IHL. Le civette tornano a giocare al De Toni e si troveranno di fronte il Bressanone. Prima delle due partite in programma sotto le festivit\u00e0 natalizie e la dirigenza dell&#8217;Alleghe ha colto l&#8217;occasione per fare della beneficenza. Infatti verr\u00e0 organizzato il \u201cGioco del disco\u201d e il ricavato sar\u00e0 devoluto per aiutare il piccolo Tommaso Quaggiotto, il bambino che soffre di una paralisi celebrale dalla nascita e che ha bisogno di molte cure per poter recuperare. Intanto il finlandese Huovinen, coinvolto nell&#8217;incidente di Caprile sabato sera, sta bene e ritorner\u00e0 in campo domani.<\/p>\n<p><strong>ADRIANO LEVIS, AMMINISTRATORE DELEGATO DELL&#8217;ALLEGHE HOCKEY<\/strong><\/p>\n<audio class=\"wp-audio-shortcode\" id=\"audio-110968-4\" preload=\"none\" style=\"width: 100%;\" controls=\"controls\"><source type=\"audio\/mpeg\" src=\"https:\/\/www.radiopiu.net\/wordpress\/wp-content\/uploads\/2019\/12\/ADRIANO-LEVIS-BRESSANONE-29-DICEMBRE.mp3?_=4\" \/><a href=\"https:\/\/www.radiopiu.net\/wordpress\/wp-content\/uploads\/2019\/12\/ADRIANO-LEVIS-BRESSANONE-29-DICEMBRE.mp3\">https:\/\/www.radiopiu.net\/wordpress\/wp-content\/uploads\/2019\/12\/ADRIANO-LEVIS-BRESSANONE-29-DICEMBRE.mp3<\/a><\/audio>\n<p>&nbsp;<\/p>\n<p>&nbsp;<\/p>\n<h3>TORNEO AGORDINO DI HOCKEY 2020<\/h3>\n<div id=\"content\" class=\"content\" role=\"main\">\n<article id=\"post-110982\" class=\"horizontal-fancy-style post-110982 post type-post status-future format-standard has-post-thumbnail category-evidenza_2 category-news-18 category-sport category-103 category-49 category-72 description-off\">\n<div class=\"entry-content\">\n<p class=\"photoswipe-wrapper\"><a class=\"dt-pswp-item pspw-wrap-ready\" href=\"https:\/\/www.radiopiu.net\/wordpress\/wp-content\/uploads\/2019\/12\/TORNEO-AGORDINO-HOCKEY-2020-OK.jpg\" data-dt-img-description=\"\" data-large_image_width=\"1125\" data-large_image_height=\"596\"><img loading=\"lazy\" decoding=\"async\" class=\"size-medium wp-image-110984 alignleft\" src=\"https:\/\/www.radiopiu.net\/wordpress\/wp-content\/uploads\/2019\/12\/TORNEO-AGORDINO-HOCKEY-2020-OK-300x159.jpg\" sizes=\"auto, (max-width: 300px) 100vw, 300px\" srcset=\"https:\/\/www.radiopiu.net\/wordpress\/wp-content\/uploads\/2019\/12\/TORNEO-AGORDINO-HOCKEY-2020-OK-300x159.jpg 300w, https:\/\/www.radiopiu.net\/wordpress\/wp-content\/uploads\/2019\/12\/TORNEO-AGORDINO-HOCKEY-2020-OK-1024x542.jpg 1024w, https:\/\/www.radiopiu.net\/wordpress\/wp-content\/uploads\/2019\/12\/TORNEO-AGORDINO-HOCKEY-2020-OK-768x407.jpg 768w, https:\/\/www.radiopiu.net\/wordpress\/wp-content\/uploads\/2019\/12\/TORNEO-AGORDINO-HOCKEY-2020-OK.jpg 1125w\" alt=\"\" width=\"300\" height=\"159\" \/><\/a>Inizier\u00e0 tra una settimana la settima edizione del Torneo Agordino di Hockey. Alleghe Old Timers, Canale, La Valle, Vallada e Red Muss Feltre le 5 squadre che si sfideranno in un unico girone di sola andata. Una formula nuova dove al termine verranno giocati i playoff per decretare quali saranno le squadre che si affronteranno al De Toni di Alleghe per aggiudicarsi la Thierry Cup. Calendario gi\u00e0 divulgato e la partita che inaugurer\u00e0 il torneo sar\u00e0 quella tra Alleghe Old Timers e Vallada che si giocher\u00e0 sabato 4 gennaio alle 20:40. Manifestazione che vedr\u00e0 giocare l\u2019ultima partita del girone unico venerd\u00ec 17 gennaio. 3 i campi utilizzati per questa prima fase e tutti all\u2019aperto: Vallada, La Valle e Falcade. Radio Pi\u00f9 seguir\u00e0 la settima edizione della Thierry Cup con gli interventi di Alberto Fontanive.<\/p>\n<p><strong>IL CALENDARIO DEL TORNEO<\/strong><\/p>\n<p class=\"photoswipe-wrapper\"><a class=\"dt-pswp-item pspw-wrap-ready\" href=\"https:\/\/www.radiopiu.net\/wordpress\/wp-content\/uploads\/2019\/12\/CALENDARIO-TORNEO-AGORDINO-HOCKEY-2020.jpeg\" data-dt-img-description=\"\" data-large_image_width=\"970\" data-large_image_height=\"476\"><img loading=\"lazy\" decoding=\"async\" class=\"alignnone wp-image-110985 size-full\" src=\"https:\/\/www.radiopiu.net\/wordpress\/wp-content\/uploads\/2019\/12\/CALENDARIO-TORNEO-AGORDINO-HOCKEY-2020.jpeg\" sizes=\"auto, (max-width: 970px) 100vw, 970px\" srcset=\"https:\/\/www.radiopiu.net\/wordpress\/wp-content\/uploads\/2019\/12\/CALENDARIO-TORNEO-AGORDINO-HOCKEY-2020.jpeg 970w, https:\/\/www.radiopiu.net\/wordpress\/wp-content\/uploads\/2019\/12\/CALENDARIO-TORNEO-AGORDINO-HOCKEY-2020-300x147.jpeg 300w, https:\/\/www.radiopiu.net\/wordpress\/wp-content\/uploads\/2019\/12\/CALENDARIO-TORNEO-AGORDINO-HOCKEY-2020-768x377.jpeg 768w\" alt=\"\" width=\"970\" height=\"476\" \/><\/a><\/p>\n<\/div>\n<\/article>\n<\/div>\n<div class=\"sidebar-content\"><\/div>\n<div><\/div>\n<p>&nbsp;<\/p>\n<h3><a class=\"dt-pswp-item\" href=\"http:\/\/www.radiopiu.net\/wordpress\/wp-content\/uploads\/2018\/09\/WhatsApp-Image-2018-09-20-at-16.04.06.jpeg\" data-dt-img-description=\"\" data-large_image_width=\"800\" data-large_image_height=\"100\"><img loading=\"lazy\" decoding=\"async\" class=\"wp-image-61378 size-full aligncenter\" src=\"http:\/\/www.radiopiu.net\/wordpress\/wp-content\/uploads\/2018\/09\/WhatsApp-Image-2018-09-20-at-16.04.06.jpeg\" alt=\"\" width=\"800\" height=\"100\" srcset=\"https:\/\/www.radiopiu.net\/wordpress\/wp-content\/uploads\/2018\/09\/WhatsApp-Image-2018-09-20-at-16.04.06.jpeg 800w, https:\/\/www.radiopiu.net\/wordpress\/wp-content\/uploads\/2018\/09\/WhatsApp-Image-2018-09-20-at-16.04.06-300x38.jpeg 300w, https:\/\/www.radiopiu.net\/wordpress\/wp-content\/uploads\/2018\/09\/WhatsApp-Image-2018-09-20-at-16.04.06-768x96.jpeg 768w\" sizes=\"auto, (max-width: 800px) 100vw, 800px\" \/><\/a><\/h3>\n<p><center><b>Venerdi 27<\/b><\/center><b>Tempo atteso: <\/b>Nella mattinata estesa nuvolosit\u00e0 stratiforme medio-alta, in allontanamento verso sud. Dalle ore centrali tempo ben soleggiato con nuvolosit\u00e0 sempre pi\u00f9 residua. Aria tersa ed ottima visibilit\u00e0. Clima un po&#8217; meno freddo nelle valli per minore irraggiamento notturno, assieme ad un avvezione d&#8217;aria un po&#8217; pi\u00f9 mite in quota.<br \/>\n<b>Precipitazioni: <\/b>Assenti (0%).<br \/>\n<b>Temperature: <\/b>Minime in calo ed osservate alla sera in quota, in leggero aumento nelle valli; massime pressoch\u00e9 stazionarie a tutte le quote o in leggera flessione sulle cime pi\u00f9 alte. Su Prealpi a 1500 m min -3\u00b0C max 0\u00b0C, a 2000 m min -5\u00b0C max -2\u00b0C. Su Dolomiti a 2000 m min -6\u00b0C max -3\u00b0C, a 3000 m min -11\u00b0C max -9\u00b0C.<br \/>\n<b>Venti: <\/b>nelle valli perlopi\u00f9 deboli di direzione variabile, ma non si potr\u00e0 escludere qualche episodio di Foehn nel tardo pomeriggio\/sera; In quota moderati, a tratti tesi, da nord-ovest fino al primo pomeriggio, nel tardo pomeriggio\/sera in rinforzo fino a forti, a 10\/35 km\/h a 2000 m, a 30\/70 km\/h a 3000 m.<\/p>\n<hr \/>\n<p><center><b>Sabato 28<\/b><\/center><b>Tempo atteso: <\/b>Tempo ben soleggiato con cielo sereno, aria tersa ed ottima visibilit\u00e0. Qualche nuvola verso nord al primo mattino. Clima freddo e molto ventoso in quota, con effetto wind chill, non tanto per il freddo stesso quanto per l&#8217;intensit\u00e0 del vento; freddo nelle valli, nonostante i frequenti episodi di Foehn.<br \/>\n<b>Precipitazioni: <\/b>Assenti (0%).<br \/>\n<b>Temperature: <\/b>Minime in generale calo, eccetto locali aumenti per Foehn in alcune valli. Massime in leggera ripresa nelle valli interessate dal favonio, in diminuzione altrove. Su Prealpi a 1500 m min -4\u00b0C max 1\u00b0C, a 2000 m min -8\u00b0C max -4\u00b0C. Su Dolomiti a 2000 m min -9\u00b0C max -5\u00b0C, a 3000 m min -12\u00b0C max -7\u00b0C.<br \/>\n<b>Venti: <\/b>Nelle valli moderati da nord-est, con rinforzi per Foehn; in quota tesi\/forti da nord-est, anche molto forti a inizio giornata, con tendenza a scemare leggermente nel corso del pomeriggio, a 25\/50 km\/h a 2000 m, a 70\/90 km\/h a 3000 m, con raffiche che potrebbero toccare i 110\/120 km\/h.<\/p>\n<hr \/>\n<p><center><b>Domenica 29<\/b><\/center>Tempo stabile con sole e sottili velature del cielo. Al pomeriggio temporaneo transito di nubi medio-alte. Temperature in generale rialzo, eccetto calo delle minime nelle valli. In quota venti tesi nella notte e al primo mattino, in seguito in attenuazione fino a moderati; nelle valli deboli\/moderati di direzione variabile.<\/p>\n<hr \/>\n<p><center><b>Lunedi 30<\/b><\/center>Tempo ben soleggiato, con cielo sereno,aria tersa, ottima visibiit\u00e0. In alcuni fondovalle prealpini non escluse foschie durante le ore pi\u00f9 fredde. Temperature in ulteriore sensibile rialzo in quota, mentre l&#8217;inversione termica crescer\u00e0 nelle valli. Venti deboli da Nord-Est in quota, deboli di direzione variabile nelle valli. Previsore: R.L.Th<\/p>\n","protected":false},"excerpt":{"rendered":"<p>&nbsp; &nbsp; &nbsp; IL MIRACOLO FELTRINO, Dall\u2019Albania a Feltre per un intervento chirurgico Asportata una neoplasia di 20 cm Feltre. L\u2019anno si chiude con un importante intervento alla Chirurgia di Feltre diretta da Umberto Montin. Un uomo di 60 anni, albanese di origine, affetto da una rara neoplasia di oltre 20 cm di diametro che&hellip;<\/p>\n","protected":false},"author":1,"featured_media":110981,"comment_status":"closed","ping_status":"closed","sticky":false,"template":"","format":"standard","meta":{"_monsterinsights_skip_tracking":false,"_monsterinsights_sitenote_active":false,"_monsterinsights_sitenote_note":"","_monsterinsights_sitenote_category":0,"footnotes":""},"categories":[1,86],"tags":[],"class_list":["post-110968","post","type-post","status-publish","format-standard","has-post-thumbnail","hentry","category-senza-categoria","category-gr","category-1","category-86","description-off"],"img_url":"https:\/\/www.radiopiu.net\/wordpress\/wp-content\/uploads\/2019\/12\/Incidente-Valle-251219.jpg","_links":{"self":[{"href":"https:\/\/www.radiopiu.net\/wordpress\/wp-json\/wp\/v2\/posts\/110968","targetHints":{"allow":["GET"]}}],"collection":[{"href":"https:\/\/www.radiopiu.net\/wordpress\/wp-json\/wp\/v2\/posts"}],"about":[{"href":"https:\/\/www.radiopiu.net\/wordpress\/wp-json\/wp\/v2\/types\/post"}],"author":[{"embeddable":true,"href":"https:\/\/www.radiopiu.net\/wordpress\/wp-json\/wp\/v2\/users\/1"}],"replies":[{"embeddable":true,"href":"https:\/\/www.radiopiu.net\/wordpress\/wp-json\/wp\/v2\/comments?post=110968"}],"version-history":[{"count":0,"href":"https:\/\/www.radiopiu.net\/wordpress\/wp-json\/wp\/v2\/posts\/110968\/revisions"}],"wp:featuredmedia":[{"embeddable":true,"href":"https:\/\/www.radiopiu.net\/wordpress\/wp-json\/wp\/v2\/media\/110981"}],"wp:attachment":[{"href":"https:\/\/www.radiopiu.net\/wordpress\/wp-json\/wp\/v2\/media?parent=110968"}],"wp:term":[{"taxonomy":"category","embeddable":true,"href":"https:\/\/www.radiopiu.net\/wordpress\/wp-json\/wp\/v2\/categories?post=110968"},{"taxonomy":"post_tag","embeddable":true,"href":"https:\/\/www.radiopiu.net\/wordpress\/wp-json\/wp\/v2\/tags?post=110968"}],"curies":[{"name":"wp","href":"https:\/\/api.w.org\/{rel}","templated":true}]}}