{"id":111084,"date":"2019-12-27T15:28:20","date_gmt":"2019-12-27T14:28:20","guid":{"rendered":"https:\/\/www.radiopiu.net\/wordpress\/?p=111084"},"modified":"2019-12-27T15:28:20","modified_gmt":"2019-12-27T14:28:20","slug":"il-concerto-nel-ricordo-di-dante-moro-il-3-gennaio-a-falcade","status":"publish","type":"post","link":"https:\/\/www.radiopiu.net\/wordpress\/il-concerto-nel-ricordo-di-dante-moro-il-3-gennaio-a-falcade\/","title":{"rendered":"IL CONCERTO NEL RICORDO DI DANTE MORO, IL 3 GENNAIO A FALCADE"},"content":{"rendered":"<p><b><a class=\"dt-pswp-item\" href=\"https:\/\/www.radiopiu.net\/wordpress\/wp-content\/uploads\/2019\/12\/Dolomiti-Symphonia.jpg\" data-dt-img-description=\"\" data-large_image_width=\"800\" data-large_image_height=\"532\"><img loading=\"lazy\" decoding=\"async\" class=\"size-medium wp-image-111085 alignleft\" src=\"https:\/\/www.radiopiu.net\/wordpress\/wp-content\/uploads\/2019\/12\/Dolomiti-Symphonia-300x200.jpg\" alt=\"\" width=\"300\" height=\"200\" srcset=\"https:\/\/www.radiopiu.net\/wordpress\/wp-content\/uploads\/2019\/12\/Dolomiti-Symphonia-300x200.jpg 300w, https:\/\/www.radiopiu.net\/wordpress\/wp-content\/uploads\/2019\/12\/Dolomiti-Symphonia-768x511.jpg 768w, https:\/\/www.radiopiu.net\/wordpress\/wp-content\/uploads\/2019\/12\/Dolomiti-Symphonia.jpg 800w\" sizes=\"auto, (max-width: 300px) 100vw, 300px\" \/><\/a>FALCADE\u00a0 <\/b>Come le linee delle sculture di Dante Moro (1933-2009), cos\u00ec profonde, sognanti e slanciate verso l\u2019alto saranno le melodie che ascolteremo nel concerto sinfonico del prossimo 3 gennaio alle 21, con l\u2019orchestra Dolomiti Symphonia, diretta da Delio Cassetta, e Silvia Tessari\u00a0 (foto copertina) al pianoforte. Sede dell\u2019evento: la chiesa parrocchiale di Falcade. La musica classica del Romanticismo europeo sar\u00e0 protagonista, con il meditativo e affettuoso concerto di Robert Schumann (1810-1856), a volte ruvido e improvvisamente grandioso. L\u2019organico \u00e8 molto ampio, con timpani, flauti, oboi, clarinetti, fagotti, trombe, archi, e naturalmente il pianoforte, che si esprime con tinte ora virtuosistiche, ora dolcemente cantabili. Ci sar\u00e0 spazio anche (e soprattutto) per la premiazione della terza edizione del concorso <a class=\"dt-pswp-item\" href=\"https:\/\/www.radiopiu.net\/wordpress\/wp-content\/uploads\/2019\/12\/Gabriele-Caselli.jpg\" data-dt-img-description=\"\" data-large_image_width=\"1024\" data-large_image_height=\"767\"><img loading=\"lazy\" decoding=\"async\" class=\" wp-image-111086 alignright\" src=\"https:\/\/www.radiopiu.net\/wordpress\/wp-content\/uploads\/2019\/12\/Gabriele-Caselli-300x225.jpg\" alt=\"\" width=\"227\" height=\"170\" srcset=\"https:\/\/www.radiopiu.net\/wordpress\/wp-content\/uploads\/2019\/12\/Gabriele-Caselli-300x225.jpg 300w, https:\/\/www.radiopiu.net\/wordpress\/wp-content\/uploads\/2019\/12\/Gabriele-Caselli-768x575.jpg 768w, https:\/\/www.radiopiu.net\/wordpress\/wp-content\/uploads\/2019\/12\/Gabriele-Caselli.jpg 1024w\" sizes=\"auto, (max-width: 227px) 100vw, 227px\" \/><\/a>internazionale di composizione Dante Moro. Il primo premio non \u00e8 stato assegnato (nell\u2019ottica di un concorso che mira non a scegliere semplicemente la miglior partitura ricevuta, ma a premiare uno standard di assoluta eccellenza). Per le qualit\u00e0 molto buone sono per\u00f2 stati assegnati due secondi premi: al pisano Gabriele Caselli (foto a lato), che ha tratto ispirazione dalla scultura \u201cLa fanciulla che sorride\u201d di Moro, e a Maria Beatrice Orlando, di Gorizia, con \u201cRagazza nel vento\u201d. Entrambe le composizioni si potranno ascoltare in prima assoluta mondiale nel concerto del 3 gennaio a Falcade, durante il quale avverr\u00e0 anche la premiazione. Una menzione speciale \u00e8 stata inoltre assegnata al veronese Michael Romio, con il brano Riposo in Egitto. Una novit\u00e0 del concerto di quest\u2019anno: tra gli artisti, introdotti dalla voce di Giovanni Soppelsa, ci sar\u00e0 anche il noto attore Stefano Fregni, che interpreter\u00e0 dei brevi monologhi scritti da lui, che ci faranno ancora pi\u00f9 immergere nella preziosa spiritualit\u00e0 della scultura di Dante Moro e della musica.<\/p>\n<p align=\"JUSTIFY\">\n","protected":false},"excerpt":{"rendered":"<p>FALCADE\u00a0 Come le linee delle sculture di Dante Moro (1933-2009), cos\u00ec profonde, sognanti e slanciate verso l\u2019alto saranno le melodie che ascolteremo nel concerto sinfonico del prossimo 3 gennaio alle 21, con l\u2019orchestra Dolomiti Symphonia, diretta da Delio Cassetta, e Silvia Tessari\u00a0 (foto copertina) al pianoforte. Sede dell\u2019evento: la chiesa parrocchiale di Falcade. La musica&hellip;<\/p>\n","protected":false},"author":1,"featured_media":111087,"comment_status":"closed","ping_status":"closed","sticky":false,"template":"","format":"standard","meta":{"_monsterinsights_skip_tracking":false,"_monsterinsights_sitenote_active":false,"_monsterinsights_sitenote_note":"","_monsterinsights_sitenote_category":0,"footnotes":""},"categories":[104,49],"tags":[],"class_list":["post-111084","post","type-post","status-publish","format-standard","has-post-thumbnail","hentry","category-evidenza_3","category-news-18","category-104","category-49","description-off"],"img_url":"https:\/\/www.radiopiu.net\/wordpress\/wp-content\/uploads\/2019\/12\/Silvia-Tessari.jpg","_links":{"self":[{"href":"https:\/\/www.radiopiu.net\/wordpress\/wp-json\/wp\/v2\/posts\/111084","targetHints":{"allow":["GET"]}}],"collection":[{"href":"https:\/\/www.radiopiu.net\/wordpress\/wp-json\/wp\/v2\/posts"}],"about":[{"href":"https:\/\/www.radiopiu.net\/wordpress\/wp-json\/wp\/v2\/types\/post"}],"author":[{"embeddable":true,"href":"https:\/\/www.radiopiu.net\/wordpress\/wp-json\/wp\/v2\/users\/1"}],"replies":[{"embeddable":true,"href":"https:\/\/www.radiopiu.net\/wordpress\/wp-json\/wp\/v2\/comments?post=111084"}],"version-history":[{"count":0,"href":"https:\/\/www.radiopiu.net\/wordpress\/wp-json\/wp\/v2\/posts\/111084\/revisions"}],"wp:featuredmedia":[{"embeddable":true,"href":"https:\/\/www.radiopiu.net\/wordpress\/wp-json\/wp\/v2\/media\/111087"}],"wp:attachment":[{"href":"https:\/\/www.radiopiu.net\/wordpress\/wp-json\/wp\/v2\/media?parent=111084"}],"wp:term":[{"taxonomy":"category","embeddable":true,"href":"https:\/\/www.radiopiu.net\/wordpress\/wp-json\/wp\/v2\/categories?post=111084"},{"taxonomy":"post_tag","embeddable":true,"href":"https:\/\/www.radiopiu.net\/wordpress\/wp-json\/wp\/v2\/tags?post=111084"}],"curies":[{"name":"wp","href":"https:\/\/api.w.org\/{rel}","templated":true}]}}