{"id":111120,"date":"2019-12-27T23:51:13","date_gmt":"2019-12-27T22:51:13","guid":{"rendered":"https:\/\/www.radiopiu.net\/wordpress\/?p=111120"},"modified":"2019-12-27T17:52:24","modified_gmt":"2019-12-27T16:52:24","slug":"i-cinque-anni-di-preziosa-attivita-della-farmacia-dellimmacolata-di-renato-bona","status":"publish","type":"post","link":"https:\/\/www.radiopiu.net\/wordpress\/i-cinque-anni-di-preziosa-attivita-della-farmacia-dellimmacolata-di-renato-bona\/","title":{"rendered":"I CINQUE ANNI DI PREZIOSA ATTIVITA\u2019 DELLA FARMACIA DELL\u2019IMMACOLATA di RENATO BONA"},"content":{"rendered":"<p>Don Giuseppe Bratti, direttore dell\u2019ufficio diocesano di Pastorale dell\u2019ecumenismo e del dialogo interreligioso, preside del Liceo \u201cLollino\u201d di Belluno e vicario parrocchiale di Santa Giustina, ha firmato sul sito della Diocesi di Belluno-Feltre un esaustivo servizio sui cinque anni di attivit\u00e0 della \u201cFarmacia dell\u2019Immacolata\u201d,associazione privata di fedeli composta da molte nazionalit\u00e0 e da tutte le religioni, e che opera nei locali della parrocchia dei santi Gervasio e Protasio nella bellunese localit\u00e0 Mier. E\u2019 stata fondata l\u20198 dicembre 2014 e riconosciuta dall\u2019allora vescovo di Belluno-Feltre mons. Giuseppe Andrich Esordisce ricordando che Giorgio Corradini d\u2019Elia e la moglie Serena, responsabili del servizio (attivo dalle 8,30 alle 13) che 5 anni fa hanno fondato con il salesiano don Luigi Vian di Felice memoria, sono sicuri dei dati: \u201cBussano alla nostra porta circa 30 persone alla settimana, molti si presentano tutte le settimane, quindi abbiamo un migliaio di persone all\u2019anno ed ogni settimana ci sono 2 o 3 accessi nuovi\u201d. La coppia spiega ancora sempre tramite don Bratti: \u201c\u2026 Incontriamo vedove con la pensione minima, donne sole, donne vittime di violenza, persone anziane che non possono pi\u00f9 entrare in comunit\u00e0 o persone adulte che non possono pi\u00f9 entrare nel mondo del lavoro, dipendenti da alcol, gioco, droga, ex carcerati, giovani donne vittime del pensiero che l\u2019aborto sia l\u2019unica risposta a una gravidanza non prevista; gli italiani sono molto aumentati da 5 anni a questa parte\u201d. Alla \u201cFarmacia dell\u2019Immacolata\u201d sono distribuiti farmaci da banco, prodotti per l\u2019igiene, pannolini, prodotti per l\u2019infanzia (tutto ci\u00f2 che si riceve viene donato: \u2026 \u201cma il catalogo pi\u00f9 bello, dice Serena, \u00e8 quello delle relazioni: diamo indirizzi di associazioni, di avvocati, di persone che possano aiutare a risollevarsi da situazioni che sembrano senza via d\u2019uscita; e un bel campionario da esibire \u00e8 anche quello delle opere della Provvidenza, che sa anticipare le necessit\u00e0 dei poveri e prendere l\u2019iniziativa\u201d. Detto che Primo assistente spirituale \u00e8 stato don Luigi Vian \u201cil pretre degli ultimi\u201d, scomparso tre anni fa, e dopo di lui sono venuti don Samuel Gallardo, ora parroco a Cesiomaggiore e Soranzen, e don Francesco Soccol, ecco la conclusione del servizio di Bratti, sempre con le parole di Giorgio e Serena: \u201cAlla mail servizio.farmaciadellimmacolata@diocesi.it ci si pu\u00f2 rivolgere per dare disponibilit\u00e0, chiedere informazioni, donare qualcosa come fanno tanti pensionati che si autotassano e tanta buona gente; siamo comunque in convenzione con il Banco farmaceutico e con la fondazione Rava. Di che cosa c\u2019\u00e8 bisogno? \u00c8 ovvio, soprattutto di persone: cerchiamo un secondo dentista volontario e attendiamo chiunque voglia darci una mano\u201d. Perch\u00e9 &#8211; come accennato &#8211; \u00e8 decisamente impegnativo prendersi cura degli ultimi e dei pi\u00f9 bisognosi e promuovere nel contempo attivit\u00e0 volte alla cura della sofferenza fisica e del disagio morale. La \u201cFarmacia dell\u2019Immacolata\u201d &#8211; come si legge nel sito caritas-diocesi.it \u2013 \u201caccoglie nel nome del Signore tutte le persone bisognose in condizione di disagio socio-economico della Diocesi di Belluno-Feltre, con accesso preferenziale tramite il Centro di ascolto della propria Parrocchia, della Caritas o il servizio di Assistenza sociale del comune di residenza. Il servizio pu\u00f2 essere sostenuto donando parte del proprio tempo per servire il prossimo; con offerte in denaro per l\u2019acquisto di farmaci ed attrezzature; donando farmaci da banco nuovi o avanzati purch\u00e9 non scaduti (in particolare vengono richiesti antipiretici ed antinfiammatori), farmaci per l\u2019allergia, gel antidolorifici, sciroppi per la tosse, pannolini, latte in polvere integratori polivitaminici per bambini; infine \u201cfacendo conoscere il servizio a chi ne potrebbe aver bisogno o a chi potrebbe sostenerlo\u201d.<\/p>\n<p>&nbsp;<\/p>\n\n\t\t\t<style type='text\/css'>\n\t\t\t\t#gallery-1 {\n\t\t\t\t\tmargin: auto;\n\t\t\t\t}\n\t\t\t\t#gallery-1 .gallery-item {\n\t\t\t\t\tfloat: left;\n\t\t\t\t\tmargin-top: 10px;\n\t\t\t\t\ttext-align: center;\n\t\t\t\t\twidth: 33%;\n\t\t\t\t}\n\t\t\t\t#gallery-1 img {\n\t\t\t\t\tborder: 2px solid #cfcfcf;\n\t\t\t\t}\n\t\t\t\t#gallery-1 .gallery-caption {\n\t\t\t\t\tmargin-left: 0;\n\t\t\t\t}\n\t\t\t\t\/* see gallery_shortcode() in wp-includes\/media.php *\/\n\t\t\t<\/style>\n\t\t<div id='gallery-1' class='dt-gallery-container gallery galleryid-111120 gallery-columns-3 gallery-size-thumbnail'><dl class='gallery-item'>\n\t\t\t\t<dt class='gallery-icon landscape'>\n\t\t\t\t\t<a class=\"rollover\" href='https:\/\/www.radiopiu.net\/wordpress\/i-cinque-anni-di-preziosa-attivita-della-farmacia-dellimmacolata-di-renato-bona\/81152549_484613568856883_708550104964923392_n\/'><img loading=\"lazy\" decoding=\"async\" width=\"150\" height=\"150\" src=\"https:\/\/www.radiopiu.net\/wordpress\/wp-content\/uploads\/2019\/12\/81152549_484613568856883_708550104964923392_n-150x150.png\" class=\"attachment-thumbnail size-thumbnail\" alt=\"\" \/><\/a>\n\t\t\t\t<\/dt><\/dl><dl class='gallery-item'>\n\t\t\t\t<dt class='gallery-icon portrait'>\n\t\t\t\t\t<a class=\"rollover\" href='https:\/\/www.radiopiu.net\/wordpress\/i-cinque-anni-di-preziosa-attivita-della-farmacia-dellimmacolata-di-renato-bona\/81031256_970899663290176_3549426149543116800_n\/'><img loading=\"lazy\" decoding=\"async\" width=\"150\" height=\"150\" src=\"https:\/\/www.radiopiu.net\/wordpress\/wp-content\/uploads\/2019\/12\/81031256_970899663290176_3549426149543116800_n-150x150.png\" class=\"attachment-thumbnail size-thumbnail\" alt=\"\" \/><\/a>\n\t\t\t\t<\/dt><\/dl><dl class='gallery-item'>\n\t\t\t\t<dt class='gallery-icon portrait'>\n\t\t\t\t\t<a class=\"rollover\" href='https:\/\/www.radiopiu.net\/wordpress\/i-cinque-anni-di-preziosa-attivita-della-farmacia-dellimmacolata-di-renato-bona\/81728550_730213787385247_8211082909868621824_n\/'><img loading=\"lazy\" decoding=\"async\" width=\"150\" height=\"150\" src=\"https:\/\/www.radiopiu.net\/wordpress\/wp-content\/uploads\/2019\/12\/81728550_730213787385247_8211082909868621824_n-150x150.jpg\" class=\"attachment-thumbnail size-thumbnail\" alt=\"\" \/><\/a>\n\t\t\t\t<\/dt><\/dl><br style=\"clear: both\" \/><dl class='gallery-item'>\n\t\t\t\t<dt class='gallery-icon portrait'>\n\t\t\t\t\t<a class=\"rollover\" href='https:\/\/www.radiopiu.net\/wordpress\/i-cinque-anni-di-preziosa-attivita-della-farmacia-dellimmacolata-di-renato-bona\/81346222_471280260257072_8137803354685308928_n\/'><img loading=\"lazy\" decoding=\"async\" width=\"150\" height=\"150\" src=\"https:\/\/www.radiopiu.net\/wordpress\/wp-content\/uploads\/2019\/12\/81346222_471280260257072_8137803354685308928_n-150x150.jpg\" class=\"attachment-thumbnail size-thumbnail\" alt=\"\" \/><\/a>\n\t\t\t\t<\/dt><\/dl>\n\t\t\t\t<br style='clear: both' \/>\n\t\t\t<\/div>\n\n<p>&nbsp;<\/p>\n<p>NELLE FOTO (siti chiesabellunofeltre e caritas-diocesi.it): gruppo in posa nel quinto anniversario di attivit\u00e0 a Belluno della Farmacia dell\u2019Immacolata\u201d; l\u2019entrata e la sede dove viene svolto il prezioso servizio; don Luigi Vian, il \u201cprete degli ultimi\u201d.<\/p>\n","protected":false},"excerpt":{"rendered":"<p>Don Giuseppe Bratti, direttore dell\u2019ufficio diocesano di Pastorale dell\u2019ecumenismo e del dialogo interreligioso, preside del Liceo \u201cLollino\u201d di Belluno e vicario parrocchiale di Santa Giustina, ha firmato sul sito della Diocesi di Belluno-Feltre un esaustivo servizio sui cinque anni di attivit\u00e0 della \u201cFarmacia dell\u2019Immacolata\u201d,associazione privata di fedeli composta da molte nazionalit\u00e0 e da tutte le&hellip;<\/p>\n","protected":false},"author":1,"featured_media":111123,"comment_status":"closed","ping_status":"closed","sticky":false,"template":"","format":"standard","meta":{"_monsterinsights_skip_tracking":false,"_monsterinsights_sitenote_active":false,"_monsterinsights_sitenote_note":"","_monsterinsights_sitenote_category":0,"footnotes":""},"categories":[49],"tags":[],"class_list":["post-111120","post","type-post","status-publish","format-standard","has-post-thumbnail","hentry","category-news-18","category-49","description-off"],"img_url":"https:\/\/www.radiopiu.net\/wordpress\/wp-content\/uploads\/2019\/12\/81728550_730213787385247_8211082909868621824_n.jpg","_links":{"self":[{"href":"https:\/\/www.radiopiu.net\/wordpress\/wp-json\/wp\/v2\/posts\/111120","targetHints":{"allow":["GET"]}}],"collection":[{"href":"https:\/\/www.radiopiu.net\/wordpress\/wp-json\/wp\/v2\/posts"}],"about":[{"href":"https:\/\/www.radiopiu.net\/wordpress\/wp-json\/wp\/v2\/types\/post"}],"author":[{"embeddable":true,"href":"https:\/\/www.radiopiu.net\/wordpress\/wp-json\/wp\/v2\/users\/1"}],"replies":[{"embeddable":true,"href":"https:\/\/www.radiopiu.net\/wordpress\/wp-json\/wp\/v2\/comments?post=111120"}],"version-history":[{"count":0,"href":"https:\/\/www.radiopiu.net\/wordpress\/wp-json\/wp\/v2\/posts\/111120\/revisions"}],"wp:featuredmedia":[{"embeddable":true,"href":"https:\/\/www.radiopiu.net\/wordpress\/wp-json\/wp\/v2\/media\/111123"}],"wp:attachment":[{"href":"https:\/\/www.radiopiu.net\/wordpress\/wp-json\/wp\/v2\/media?parent=111120"}],"wp:term":[{"taxonomy":"category","embeddable":true,"href":"https:\/\/www.radiopiu.net\/wordpress\/wp-json\/wp\/v2\/categories?post=111120"},{"taxonomy":"post_tag","embeddable":true,"href":"https:\/\/www.radiopiu.net\/wordpress\/wp-json\/wp\/v2\/tags?post=111120"}],"curies":[{"name":"wp","href":"https:\/\/api.w.org\/{rel}","templated":true}]}}