{"id":111134,"date":"2019-12-27T20:42:34","date_gmt":"2019-12-27T19:42:34","guid":{"rendered":"https:\/\/www.radiopiu.net\/wordpress\/?p=111134"},"modified":"2019-12-27T20:50:09","modified_gmt":"2019-12-27T19:50:09","slug":"donna-investita-a-feltre","status":"publish","type":"post","link":"https:\/\/www.radiopiu.net\/wordpress\/donna-investita-a-feltre\/","title":{"rendered":"DONNA INVESTITA A FELTRE"},"content":{"rendered":"<p><strong>FELTRE<\/strong> Oggi in Via Mazzini a Feltre \u00e8 intervenuta la volante dei Carabinieri per un pedone investito. Una donna feltrina di 65 anni al volante della sua Citroen C3, ha investito un\u2019altra donna di Feltre, L.G. classe 1950. Mentre stava percorrendo il viale in direzione Pedavena, la conducente dell\u2019auto, in prossimit\u00e0 del attraversamento pedonale di fronte all\u2019ex caserma Zannettelli, non si \u00e8 accorta che il pedone stava attraversando la strada andando cos\u00ec ad investirlo. La donna investita \u00e8 caduta a terra. \u00c8 stata poi trasportata al Pronto Soccorso dell\u2019ospedale di Feltre per accertamenti, non in pericolo di vita.<\/p>\n","protected":false},"excerpt":{"rendered":"<p>FELTRE Oggi in Via Mazzini a Feltre \u00e8 intervenuta la volante dei Carabinieri per un pedone investito. Una donna feltrina di 65 anni al volante della sua Citroen C3, ha investito un\u2019altra donna di Feltre, L.G. classe 1950. Mentre stava percorrendo il viale in direzione Pedavena, la conducente dell\u2019auto, in prossimit\u00e0 del attraversamento pedonale di&hellip;<\/p>\n","protected":false},"author":4,"featured_media":110916,"comment_status":"closed","ping_status":"closed","sticky":false,"template":"","format":"standard","meta":{"_monsterinsights_skip_tracking":false,"_monsterinsights_sitenote_active":false,"_monsterinsights_sitenote_note":"","_monsterinsights_sitenote_category":0,"footnotes":""},"categories":[103,49],"tags":[],"class_list":["post-111134","post","type-post","status-publish","format-standard","has-post-thumbnail","hentry","category-evidenza_2","category-news-18","category-103","category-49","description-off"],"img_url":"https:\/\/www.radiopiu.net\/wordpress\/wp-content\/uploads\/2019\/12\/CARABINIERI-FELTRE-5.jpg","_links":{"self":[{"href":"https:\/\/www.radiopiu.net\/wordpress\/wp-json\/wp\/v2\/posts\/111134","targetHints":{"allow":["GET"]}}],"collection":[{"href":"https:\/\/www.radiopiu.net\/wordpress\/wp-json\/wp\/v2\/posts"}],"about":[{"href":"https:\/\/www.radiopiu.net\/wordpress\/wp-json\/wp\/v2\/types\/post"}],"author":[{"embeddable":true,"href":"https:\/\/www.radiopiu.net\/wordpress\/wp-json\/wp\/v2\/users\/4"}],"replies":[{"embeddable":true,"href":"https:\/\/www.radiopiu.net\/wordpress\/wp-json\/wp\/v2\/comments?post=111134"}],"version-history":[{"count":0,"href":"https:\/\/www.radiopiu.net\/wordpress\/wp-json\/wp\/v2\/posts\/111134\/revisions"}],"wp:featuredmedia":[{"embeddable":true,"href":"https:\/\/www.radiopiu.net\/wordpress\/wp-json\/wp\/v2\/media\/110916"}],"wp:attachment":[{"href":"https:\/\/www.radiopiu.net\/wordpress\/wp-json\/wp\/v2\/media?parent=111134"}],"wp:term":[{"taxonomy":"category","embeddable":true,"href":"https:\/\/www.radiopiu.net\/wordpress\/wp-json\/wp\/v2\/categories?post=111134"},{"taxonomy":"post_tag","embeddable":true,"href":"https:\/\/www.radiopiu.net\/wordpress\/wp-json\/wp\/v2\/tags?post=111134"}],"curies":[{"name":"wp","href":"https:\/\/api.w.org\/{rel}","templated":true}]}}