{"id":111246,"date":"2019-12-29T23:59:05","date_gmt":"2019-12-29T22:59:05","guid":{"rendered":"https:\/\/www.radiopiu.net\/wordpress\/?p=111246"},"modified":"2019-12-30T10:25:34","modified_gmt":"2019-12-30T09:25:34","slug":"si-va-a-carfon-solo-ed-esclusivamente-a-senso-unico-dopo-la-frana-di-meta-novembre","status":"publish","type":"post","link":"https:\/\/www.radiopiu.net\/wordpress\/si-va-a-carfon-solo-ed-esclusivamente-a-senso-unico-dopo-la-frana-di-meta-novembre\/","title":{"rendered":"SI VA A CARFON, SOLO ED ESCLUSIVAMENTE A SENSO UNICO DOPO LA FRANA DI META&#8217; NOVEMBRE\u00a0"},"content":{"rendered":"<p>&nbsp;<\/p>\n<p><a class=\"dt-pswp-item\" href=\"https:\/\/www.radiopiu.net\/wordpress\/wp-content\/uploads\/2019\/12\/WhatsApp-Image-2019-12-29-at-17.21.54.jpeg\" data-dt-img-description=\"\" data-large_image_width=\"960\" data-large_image_height=\"720\"><img loading=\"lazy\" decoding=\"async\" class=\"wp-image-111232 alignleft\" src=\"https:\/\/www.radiopiu.net\/wordpress\/wp-content\/uploads\/2019\/12\/WhatsApp-Image-2019-12-29-at-17.21.54-300x225.jpeg\" alt=\"\" width=\"212\" height=\"159\" srcset=\"https:\/\/www.radiopiu.net\/wordpress\/wp-content\/uploads\/2019\/12\/WhatsApp-Image-2019-12-29-at-17.21.54-300x225.jpeg 300w, https:\/\/www.radiopiu.net\/wordpress\/wp-content\/uploads\/2019\/12\/WhatsApp-Image-2019-12-29-at-17.21.54-768x576.jpeg 768w, https:\/\/www.radiopiu.net\/wordpress\/wp-content\/uploads\/2019\/12\/WhatsApp-Image-2019-12-29-at-17.21.54.jpeg 960w\" sizes=\"auto, (max-width: 212px) 100vw, 212px\" \/><\/a><strong>CANALE D&#8217;AGORDO<\/strong> La strada per Carfon \u00e8 sempre chiusa, ormai da oltre cinquanta giorni. Era il 15 novembre quando sassi e alberi sono stati trascinati a valle con l&#8217;immediata chiusura della comunale che dalla regionale 346 sale alla frazione dal bivio in prossimit\u00e0 di Caviola. La frazione non \u00e8 rimasta isolata solo perch\u00e9 c&#8217;\u00e8 una stradina a tornanti che da Vallada si arrampica fin lass\u00f9, brutta e stretta al punto da obbligare al senso unico con semaforo e nei giorni delle nevicate la situazione era ulteriormente peggiorata. Ieri siamo saliti fin lass\u00f9, la frazione in questi giorni \u00e8 molto popopolata, tutte le case sono aperte e illuminate e la gente nonostante tutto \u00e8 sorridente in un ambiente decisamente fiabesco. In questi ultimi quaranta giorni il versante \u00e8 stato ripulito, sono state messe anche delle protezioni sopra la strada regionale. Lo abbiamo documentato con video e foto.<\/p>\n<h3>IL SINDACO DI CANALE D&#8217;AGORDO FLAVIO COLCERGNAN<\/h3>\n<audio class=\"wp-audio-shortcode\" id=\"audio-111246-1\" preload=\"none\" style=\"width: 100%;\" controls=\"controls\"><source type=\"audio\/mpeg\" src=\"https:\/\/www.radiopiu.net\/wordpress\/wp-content\/uploads\/2019\/12\/FLAVIO-1.mp3?_=1\" \/><a href=\"https:\/\/www.radiopiu.net\/wordpress\/wp-content\/uploads\/2019\/12\/FLAVIO-1.mp3\">https:\/\/www.radiopiu.net\/wordpress\/wp-content\/uploads\/2019\/12\/FLAVIO-1.mp3<\/a><\/audio>\n<p>&nbsp;<\/p>\n<p>&nbsp;<\/p>\n<p>&nbsp;<\/p>\n<p>&nbsp;<\/p>\n<div style=\"width: 640px;\" class=\"wp-video\"><video class=\"wp-video-shortcode\" id=\"video-111246-1\" width=\"640\" height=\"352\" preload=\"metadata\" controls=\"controls\"><source type=\"video\/mp4\" src=\"https:\/\/www.radiopiu.net\/wordpress\/wp-content\/uploads\/2019\/12\/WhatsApp-Video-2019-12-29-at-17.20.04.mp4?_=1\" \/><a href=\"https:\/\/www.radiopiu.net\/wordpress\/wp-content\/uploads\/2019\/12\/WhatsApp-Video-2019-12-29-at-17.20.04.mp4\">https:\/\/www.radiopiu.net\/wordpress\/wp-content\/uploads\/2019\/12\/WhatsApp-Video-2019-12-29-at-17.20.04.mp4<\/a><\/video><\/div>\n<h3>dal GIORNALE RADIO PIU DEL 15 NOVEMBRE<\/h3>\n<blockquote class=\"wp-embedded-content\" data-secret=\"f6cjSG36an\"><p><a href=\"https:\/\/www.radiopiu.net\/wordpress\/carfon-la-frana-alla-luce-del-giorno-foto\/\">CARFON, LA FRANA ALLA LUCE DEL GIORNO. FOTO<\/a><\/p><\/blockquote>\n<p><iframe loading=\"lazy\" title=\"&#8220;CARFON, LA FRANA ALLA LUCE DEL GIORNO. FOTO&#8221; &#8212; Radio Pi\u00f9\" class=\"wp-embedded-content\" sandbox=\"allow-scripts\" security=\"restricted\" style=\"position: absolute; clip: rect(1px, 1px, 1px, 1px);\" src=\"https:\/\/www.radiopiu.net\/wordpress\/carfon-la-frana-alla-luce-del-giorno-foto\/embed\/#?secret=f6cjSG36an\" data-secret=\"f6cjSG36an\" width=\"600\" height=\"338\" frameborder=\"0\" marginwidth=\"0\" marginheight=\"0\" scrolling=\"no\"><\/iframe><\/p>\n<p>&nbsp;<\/p>\n","protected":false},"excerpt":{"rendered":"<p>&nbsp; CANALE D&#8217;AGORDO La strada per Carfon \u00e8 sempre chiusa, ormai da oltre cinquanta giorni. Era il 15 novembre quando sassi e alberi sono stati trascinati a valle con l&#8217;immediata chiusura della comunale che dalla regionale 346 sale alla frazione dal bivio in prossimit\u00e0 di Caviola. La frazione non \u00e8 rimasta isolata solo perch\u00e9 c&#8217;\u00e8&hellip;<\/p>\n","protected":false},"author":1,"featured_media":111234,"comment_status":"closed","ping_status":"closed","sticky":false,"template":"","format":"standard","meta":{"_monsterinsights_skip_tracking":false,"_monsterinsights_sitenote_active":false,"_monsterinsights_sitenote_note":"","_monsterinsights_sitenote_category":0,"footnotes":""},"categories":[51,49],"tags":[],"class_list":["post-111246","post","type-post","status-publish","format-standard","has-post-thumbnail","hentry","category-evidenza-top","category-news-18","category-51","category-49","description-off"],"img_url":"https:\/\/www.radiopiu.net\/wordpress\/wp-content\/uploads\/2019\/12\/WhatsApp-Image-2019-12-29-at-17.20.39.jpeg","_links":{"self":[{"href":"https:\/\/www.radiopiu.net\/wordpress\/wp-json\/wp\/v2\/posts\/111246","targetHints":{"allow":["GET"]}}],"collection":[{"href":"https:\/\/www.radiopiu.net\/wordpress\/wp-json\/wp\/v2\/posts"}],"about":[{"href":"https:\/\/www.radiopiu.net\/wordpress\/wp-json\/wp\/v2\/types\/post"}],"author":[{"embeddable":true,"href":"https:\/\/www.radiopiu.net\/wordpress\/wp-json\/wp\/v2\/users\/1"}],"replies":[{"embeddable":true,"href":"https:\/\/www.radiopiu.net\/wordpress\/wp-json\/wp\/v2\/comments?post=111246"}],"version-history":[{"count":0,"href":"https:\/\/www.radiopiu.net\/wordpress\/wp-json\/wp\/v2\/posts\/111246\/revisions"}],"wp:featuredmedia":[{"embeddable":true,"href":"https:\/\/www.radiopiu.net\/wordpress\/wp-json\/wp\/v2\/media\/111234"}],"wp:attachment":[{"href":"https:\/\/www.radiopiu.net\/wordpress\/wp-json\/wp\/v2\/media?parent=111246"}],"wp:term":[{"taxonomy":"category","embeddable":true,"href":"https:\/\/www.radiopiu.net\/wordpress\/wp-json\/wp\/v2\/categories?post=111246"},{"taxonomy":"post_tag","embeddable":true,"href":"https:\/\/www.radiopiu.net\/wordpress\/wp-json\/wp\/v2\/tags?post=111246"}],"curies":[{"name":"wp","href":"https:\/\/api.w.org\/{rel}","templated":true}]}}