{"id":111302,"date":"2019-12-30T05:23:20","date_gmt":"2019-12-30T04:23:20","guid":{"rendered":"https:\/\/www.radiopiu.net\/wordpress\/?p=111302"},"modified":"2019-12-30T05:23:20","modified_gmt":"2019-12-30T04:23:20","slug":"alpago-corso-base-di-sci-alpinismo-proposto-dalla-saviane-del-cai-di-renato-bona","status":"publish","type":"post","link":"https:\/\/www.radiopiu.net\/wordpress\/alpago-corso-base-di-sci-alpinismo-proposto-dalla-saviane-del-cai-di-renato-bona\/","title":{"rendered":"ALPAGO. CORSO BASE DI SCI ALPINISMO PROPOSTO DALLA \u201cSAVIANE\u201d DEL CAI di RENATO BONA\u00a0"},"content":{"rendered":"<p>&nbsp;<\/p>\n<h3><\/h3>\n<p><strong><a class=\"dt-pswp-item\" href=\"https:\/\/www.radiopiu.net\/wordpress\/wp-content\/uploads\/2019\/12\/81063524_569230067245915_5719192848083976192_n.jpg\" data-dt-img-description=\"\" data-large_image_width=\"310\" data-large_image_height=\"190\"><img loading=\"lazy\" decoding=\"async\" class=\"size-medium wp-image-111300 alignleft\" src=\"https:\/\/www.radiopiu.net\/wordpress\/wp-content\/uploads\/2019\/12\/81063524_569230067245915_5719192848083976192_n-300x184.jpg\" alt=\"\" width=\"300\" height=\"184\" srcset=\"https:\/\/www.radiopiu.net\/wordpress\/wp-content\/uploads\/2019\/12\/81063524_569230067245915_5719192848083976192_n-300x184.jpg 300w, https:\/\/www.radiopiu.net\/wordpress\/wp-content\/uploads\/2019\/12\/81063524_569230067245915_5719192848083976192_n.jpg 310w\" sizes=\"auto, (max-width: 300px) 100vw, 300px\" \/><\/a>ALPAGO<\/strong> Bella iniziativa della sezione \u201cBenito Saviane\u201d del Club alpino italiano dell\u2019Alpago, che propone un corso base SA1 per frequentatori abituali della montagna che siano in possesso di una modesta tecnica sciistica su pista e che intendano provare ad aumentare il personale livello tecnico con approfondimenti teorici e pratici sulla montagna in veste invernale. Lo slogan che promuove il corso: \u201cSe amate lo sci e vi piace la montagna anche nella sua veste invernale&#8230; Se avete voglia di calpestare e scivolare su neve immacolata&#8230; Se desiderate raggiungere vette candide, lontane dal frastuono e dalle code degli impianti di risalita&#8230; Se vi piace un po&#8217; di avventura negli spazi aperti&#8230; allora&#8230; siete dei nostri!\u201d. Negli intendimenti, il corso base SA1 dovrebbe fornire l\u00ec opportunit\u00e0 di provare questa suggestiva esperienza in compagnia di esperti. Viene precisato che la proposta riguarda abituali frequentatori della montagna (et\u00e0 minima 18 anni) che siano in possesso di una modesta tecnica sciistica su pista e che desiderino aumentare il loro livello tecnico con approfondimenti teorici e pratici sulla montagna in veste invernale. <a class=\"dt-pswp-item\" href=\"https:\/\/www.radiopiu.net\/wordpress\/wp-content\/uploads\/2019\/12\/81658388_2752921068088015_5356105328016490496_n.jpg\" data-dt-img-description=\"\" data-large_image_width=\"485\" data-large_image_height=\"635\"><img loading=\"lazy\" decoding=\"async\" class=\"size-medium wp-image-111301 alignright\" src=\"https:\/\/www.radiopiu.net\/wordpress\/wp-content\/uploads\/2019\/12\/81658388_2752921068088015_5356105328016490496_n-229x300.jpg\" alt=\"\" width=\"229\" height=\"300\" srcset=\"https:\/\/www.radiopiu.net\/wordpress\/wp-content\/uploads\/2019\/12\/81658388_2752921068088015_5356105328016490496_n-229x300.jpg 229w, https:\/\/www.radiopiu.net\/wordpress\/wp-content\/uploads\/2019\/12\/81658388_2752921068088015_5356105328016490496_n.jpg 485w\" sizes=\"auto, (max-width: 229px) 100vw, 229px\" \/><\/a>Per quanto riguarda in particolare la proposta del Cai Alpago si precisa che il corso (sar\u00e0 presentato a partire dalle 20,45 di venerd\u00ec 10 gennaio e si svolger\u00e0 tra gennaio e marzo tenendo conto delle condizioni della neve e delle previsioni meteorologiche) si articoler\u00e0 in 8 lezioni teoriche il venerd\u00ec sera (nella sala della via IV Novembre a Puos d\u2019Alpago, stabile sede Eva Alpago) e 7 uscite pratiche in ambiente (prevalentemente nel territorio montano delle Dolomiti Bellunesi e delle zone limitrofe) la domenica con uscita finale di 2-3 giorni in rifugio. Questi i contenuti della proposta:tecniche in salita e in discesa, nozioni base su neve e valanghe, lettura ed interpretazione del bollettino nivo-meteorologico, criteri per la scelta e preparazione della gita, elementi di topografia e orientamento, ricerca di travolti mediante Artva e sondaggio. Detto che la quota di iscriione +\u00e8 fissata in 170 euro e che servono: certificato medico di idoneit\u00e0 All\u2019attivit\u00e0 sportiva non agonistica; iscrizione Cai in regola per il 2020; discreta preparazione sciistica in pista per ulteriori informazioni e per le iscrizioni si deve fare riferimento ad Angelo De Valerio, telefono 347-6485310, e-mail: a.devalerio@gmail.com. Intanto la sezione intitolata a Benito Saviane, avverte che il rinnovo del tesseramento per il 2020 sar\u00e0 possibile in queste date: gennaio: venerd\u00ec 10 a Puos dalle 2 alle 21,30 nella sala sopra la sede di Eva e venerd\u00ec 24 nella sede sociale di San Martino; febbraio (stesso orario): venerd\u00ec 7 nella sala consiliare di Pieve;venerd\u00ec 14 nella sede della Biblioteca comunale a Farra; gioved\u00ec 19 al \u201cPortego\u201d di Tambre; marzo: venerd\u00ec 6 a Puos (dalle 20 alle 22): venerd\u00ec 13 nella sede sociale di San Martino dalle 20,30 alle 22). Infine \u00e8 prevista per venerd\u00ec 27 marzo prossimo, alle 20 in prima ed alle 20,30 in seconda convocazione, l\u2019annuale assemblea ordinaria dei soci. NELLE FOTO (Sito della Sezione e Wikipedia): l\u2019annuncio su Internet del corso; praticanti dello sci alpinismo.<\/p>\n<p>&nbsp;<\/p>\n","protected":false},"excerpt":{"rendered":"<p>&nbsp; ALPAGO Bella iniziativa della sezione \u201cBenito Saviane\u201d del Club alpino italiano dell\u2019Alpago, che propone un corso base SA1 per frequentatori abituali della montagna che siano in possesso di una modesta tecnica sciistica su pista e che intendano provare ad aumentare il personale livello tecnico con approfondimenti teorici e pratici sulla montagna in veste invernale.&hellip;<\/p>\n","protected":false},"author":1,"featured_media":111300,"comment_status":"closed","ping_status":"closed","sticky":false,"template":"","format":"standard","meta":{"_monsterinsights_skip_tracking":false,"_monsterinsights_sitenote_active":false,"_monsterinsights_sitenote_note":"","_monsterinsights_sitenote_category":0,"footnotes":""},"categories":[49],"tags":[],"class_list":["post-111302","post","type-post","status-publish","format-standard","has-post-thumbnail","hentry","category-news-18","category-49","description-off"],"img_url":"https:\/\/www.radiopiu.net\/wordpress\/wp-content\/uploads\/2019\/12\/81063524_569230067245915_5719192848083976192_n.jpg","_links":{"self":[{"href":"https:\/\/www.radiopiu.net\/wordpress\/wp-json\/wp\/v2\/posts\/111302","targetHints":{"allow":["GET"]}}],"collection":[{"href":"https:\/\/www.radiopiu.net\/wordpress\/wp-json\/wp\/v2\/posts"}],"about":[{"href":"https:\/\/www.radiopiu.net\/wordpress\/wp-json\/wp\/v2\/types\/post"}],"author":[{"embeddable":true,"href":"https:\/\/www.radiopiu.net\/wordpress\/wp-json\/wp\/v2\/users\/1"}],"replies":[{"embeddable":true,"href":"https:\/\/www.radiopiu.net\/wordpress\/wp-json\/wp\/v2\/comments?post=111302"}],"version-history":[{"count":0,"href":"https:\/\/www.radiopiu.net\/wordpress\/wp-json\/wp\/v2\/posts\/111302\/revisions"}],"wp:featuredmedia":[{"embeddable":true,"href":"https:\/\/www.radiopiu.net\/wordpress\/wp-json\/wp\/v2\/media\/111300"}],"wp:attachment":[{"href":"https:\/\/www.radiopiu.net\/wordpress\/wp-json\/wp\/v2\/media?parent=111302"}],"wp:term":[{"taxonomy":"category","embeddable":true,"href":"https:\/\/www.radiopiu.net\/wordpress\/wp-json\/wp\/v2\/categories?post=111302"},{"taxonomy":"post_tag","embeddable":true,"href":"https:\/\/www.radiopiu.net\/wordpress\/wp-json\/wp\/v2\/tags?post=111302"}],"curies":[{"name":"wp","href":"https:\/\/api.w.org\/{rel}","templated":true}]}}