{"id":111374,"date":"2019-12-30T12:44:29","date_gmt":"2019-12-30T11:44:29","guid":{"rendered":"https:\/\/www.radiopiu.net\/wordpress\/?p=111374"},"modified":"2019-12-30T12:44:29","modified_gmt":"2019-12-30T11:44:29","slug":"trenta-minori-in-affido-in-aumento-gli-eterofamiliari","status":"publish","type":"post","link":"https:\/\/www.radiopiu.net\/wordpress\/trenta-minori-in-affido-in-aumento-gli-eterofamiliari\/","title":{"rendered":"TRENTA MINORI IN AFFIDO, IN AUMENTO GLI ETEROFAMILIARI"},"content":{"rendered":"<p>&nbsp;<\/p>\n<p><a class=\"dt-pswp-item\" href=\"https:\/\/www.radiopiu.net\/wordpress\/wp-content\/uploads\/2019\/12\/IMG-20191223-WA0013.jpg\" data-dt-img-description=\"\" data-large_image_width=\"1165\" data-large_image_height=\"458\"><img loading=\"lazy\" decoding=\"async\" class=\"size-medium wp-image-111375 alignleft\" src=\"https:\/\/www.radiopiu.net\/wordpress\/wp-content\/uploads\/2019\/12\/IMG-20191223-WA0013-300x118.jpg\" alt=\"\" width=\"300\" height=\"118\" srcset=\"https:\/\/www.radiopiu.net\/wordpress\/wp-content\/uploads\/2019\/12\/IMG-20191223-WA0013-300x118.jpg 300w, https:\/\/www.radiopiu.net\/wordpress\/wp-content\/uploads\/2019\/12\/IMG-20191223-WA0013-1024x403.jpg 1024w, https:\/\/www.radiopiu.net\/wordpress\/wp-content\/uploads\/2019\/12\/IMG-20191223-WA0013-768x302.jpg 768w, https:\/\/www.radiopiu.net\/wordpress\/wp-content\/uploads\/2019\/12\/IMG-20191223-WA0013.jpg 1165w\" sizes=\"auto, (max-width: 300px) 100vw, 300px\" \/><\/a>Negli ultimi anni, grazie alle attivit\u00e0 di promozione dell&#8217;affido ed all&#8217;ottima risposta del territorio feltrino, si registra un trend positivo di aumento di famiglie affidatarie. Dai 15 minori in affido del 2014 si \u00e8 passati nel 2018 a 33 minori in affido, dato rimasto costante nel 2019. Di questi, \u00e8 significativo il passaggio da 4 a 17 minori in collocamento etero-familiare, cio\u00e8 fuori dalla propria famiglia. \u00abIl 2019 \u00e8 stato un anno ricco di eventi e di sinergie intorno al tema dell&#8217;affido familiare, che ricordiamo essere la possibilit\u00e0, per un bambino o un ragazzo la cui famiglia si trova in difficolt\u00e0, di passare qualche ora al giorno, alcuni giorni o tutta la settimana, a casa di persone che si rendono disponibili ad accoglierlo. La &#8220;marcia in pi\u00f9&#8221; del 2019 \u00e8 stata il lavoro di rete che si \u00e8 costruito con con associazioni, Comuni, Scuole, Biblioteche, a dimostrazione di un territorio sensibile e disponibile a prendersi cura di chi si trova in difficolt\u00e0, come \u00e8 da sempre la Provincia di Belluno.Si \u00e8 cominciato in primavera, nella prima settimana di aprile, quando in diverse realt\u00e0 di tutta la Provincia si \u00e8 potuto parlare a grandi e piccini, attraverso incontri e letture animate, di questa importante risorsa. Alla fine dell&#8217;estate, il 14 settembre, Feltre si \u00e8 colorata con la &#8220;Color Fun&#8221;, una passeggiata di 5 km per le vie del centro cui hanno partecipato 450 persone, che si sono colorate dei colori della fiducia, dell&#8217;amore e della solidariet\u00e0. Alla conclusione della marcia, in Pra del Moro, ci sono stati giochi, letture, animazioni per grandi e piccini\u00bb, spiegano Mara Frare e Silvia Stefani dell\u2019et\u00e0 Evolutiva di Feltre.In Provincia sono stati organizzati anche due corsi di formazione\/informazioni sull&#8217;affido familiare, uno a Belluno in primavera e uno a Feltre in autunno, a cura degli operatori del Centro per l&#8217;Affido e la Solidariet\u00e0 Familiare. Inoltre, quest&#8217;anno si \u00e8 tenuto un corso per operatori dei servizi socio-sanitari della durata di 8 ore. Tutte queste inziative hanno lo scopo di ampliare la possibilit\u00e0 per bambini che si trovano a vivere situazioni familiari difficilissime di trovare serenit\u00e0 in una famiglia del territorio, mantenendo i rapporti con la propria famiglia con i propri cari e senza sradicamenti fuori Provincia. Per chi fosse incuriosito da queste iniziative, pu\u00f2 contattare gli operatori del Centro per l&#8217;Affido Familiare dell&#8217;Azienda ULSS 1 Dolomiti, in qualsiasi periodo dell&#8217;anno, allo 0437514975 (Belluno) o 0439883170 (Feltre), oppure agli indirizzi mail centroaffido.bl@aulss1.veneto.it o centroaffido.fe@aulss1.veneto.it . Seguite anche la nostra pagina facebook \u201cSe mi Fido, mi Affido\u201d<\/p>\n","protected":false},"excerpt":{"rendered":"<p>&nbsp; Negli ultimi anni, grazie alle attivit\u00e0 di promozione dell&#8217;affido ed all&#8217;ottima risposta del territorio feltrino, si registra un trend positivo di aumento di famiglie affidatarie. Dai 15 minori in affido del 2014 si \u00e8 passati nel 2018 a 33 minori in affido, dato rimasto costante nel 2019. Di questi, \u00e8 significativo il passaggio da&hellip;<\/p>\n","protected":false},"author":1,"featured_media":111375,"comment_status":"closed","ping_status":"closed","sticky":false,"template":"","format":"standard","meta":{"_monsterinsights_skip_tracking":false,"_monsterinsights_sitenote_active":false,"_monsterinsights_sitenote_note":"","_monsterinsights_sitenote_category":0,"footnotes":""},"categories":[49],"tags":[],"class_list":["post-111374","post","type-post","status-publish","format-standard","has-post-thumbnail","hentry","category-news-18","category-49","description-off"],"img_url":"https:\/\/www.radiopiu.net\/wordpress\/wp-content\/uploads\/2019\/12\/IMG-20191223-WA0013.jpg","_links":{"self":[{"href":"https:\/\/www.radiopiu.net\/wordpress\/wp-json\/wp\/v2\/posts\/111374","targetHints":{"allow":["GET"]}}],"collection":[{"href":"https:\/\/www.radiopiu.net\/wordpress\/wp-json\/wp\/v2\/posts"}],"about":[{"href":"https:\/\/www.radiopiu.net\/wordpress\/wp-json\/wp\/v2\/types\/post"}],"author":[{"embeddable":true,"href":"https:\/\/www.radiopiu.net\/wordpress\/wp-json\/wp\/v2\/users\/1"}],"replies":[{"embeddable":true,"href":"https:\/\/www.radiopiu.net\/wordpress\/wp-json\/wp\/v2\/comments?post=111374"}],"version-history":[{"count":0,"href":"https:\/\/www.radiopiu.net\/wordpress\/wp-json\/wp\/v2\/posts\/111374\/revisions"}],"wp:featuredmedia":[{"embeddable":true,"href":"https:\/\/www.radiopiu.net\/wordpress\/wp-json\/wp\/v2\/media\/111375"}],"wp:attachment":[{"href":"https:\/\/www.radiopiu.net\/wordpress\/wp-json\/wp\/v2\/media?parent=111374"}],"wp:term":[{"taxonomy":"category","embeddable":true,"href":"https:\/\/www.radiopiu.net\/wordpress\/wp-json\/wp\/v2\/categories?post=111374"},{"taxonomy":"post_tag","embeddable":true,"href":"https:\/\/www.radiopiu.net\/wordpress\/wp-json\/wp\/v2\/tags?post=111374"}],"curies":[{"name":"wp","href":"https:\/\/api.w.org\/{rel}","templated":true}]}}