{"id":111422,"date":"2019-12-30T17:07:03","date_gmt":"2019-12-30T16:07:03","guid":{"rendered":"https:\/\/www.radiopiu.net\/wordpress\/?p=111422"},"modified":"2019-12-31T11:49:42","modified_gmt":"2019-12-31T10:49:42","slug":"giornale-radiopiu-31-dicembre-2019-direttore-mirko-mezzacasa","status":"publish","type":"post","link":"https:\/\/www.radiopiu.net\/wordpress\/giornale-radiopiu-31-dicembre-2019-direttore-mirko-mezzacasa\/","title":{"rendered":"GIORNALE RADIOPIU  31 DICEMBRE 2019 DIRETTORE MIRKO MEZZACASA"},"content":{"rendered":"<h3>ULTIM&#8217;ORA, 11.00 DEL 31 DICEMBRE<\/h3>\n<blockquote class=\"wp-embedded-content\" data-secret=\"aef3mLWfp8\"><p><a href=\"https:\/\/www.radiopiu.net\/wordpress\/a-fuoco-la-canna-fumaria-della-nuova-abitazione-ai-pass\/\">A FUOCO LA CANNA FUMARIA DELLA NUOVA ABITAZIONE AI PASS<\/a><\/p><\/blockquote>\n<p><iframe loading=\"lazy\" title=\"&#8220;A FUOCO LA CANNA FUMARIA DELLA NUOVA ABITAZIONE AI PASS&#8221; &#8212; Radio Pi\u00f9\" class=\"wp-embedded-content\" sandbox=\"allow-scripts\" security=\"restricted\" style=\"position: absolute; clip: rect(1px, 1px, 1px, 1px);\" src=\"https:\/\/www.radiopiu.net\/wordpress\/a-fuoco-la-canna-fumaria-della-nuova-abitazione-ai-pass\/embed\/#?secret=aef3mLWfp8\" data-secret=\"aef3mLWfp8\" width=\"600\" height=\"338\" frameborder=\"0\" marginwidth=\"0\" marginheight=\"0\" scrolling=\"no\"><\/iframe><\/p>\n<blockquote>\n<h3><span style=\"color: #ff0000;\">OGGI ALLE 12.30 L&#8217;INTERVISTA DI FINE ANNO AL PRESIDENTE DELL&#8217;UNIONE MONTANA AGORDINA MICHELE COSTA. SU RADIO PIU&#8217; FM 104.400 BELLUNO, 88.30 FELTRE 97 600 E 103 800 FALCADE 102 200 97 800 88 400 91 600 MEDIO ALTO AGORDINO 88 200 97 800 AGORDO 102 200 GOSALDO POI PRIMIERO<\/span><\/h3>\n<\/blockquote>\n<p>&nbsp;<\/p>\n<div class=\"articlePlainSubHead\"><strong>AGORDO\u00a0 Il Calendario Agordino regala frammenti d&#8217;arte fotografia e religione, OGGI ALLE 16\u00a0 alla RADIO PIU&#8217; l&#8217;intervista a Loris Santomaso.<br \/>\n<\/strong><strong>di Gianni Santomaso<\/strong><\/div>\n<div>L&#8217;arte di Lucio Andrich, la fotografia di Federico Costa e il passaggio di testimone tra don Giorgio e don Cesare. Esaurita la serie dei significativi anniversari degli ultimi anni, relativi a importanti eventi e istituzioni della comunit\u00e0 (il 50\u00b0 dell&#8217;alluvione del 1966, il 150\u00b0 dell&#8217;Istituto \u00abFollador\u00bb e della Sezione agordina del Cai), il Calendario Agordino 2020 (giunto alla quarantaquattresima edizione) regala agli agordini della vallata e a quelli sparsi per il mondo tre temi a cavallo tra bellezza e cronaca<\/div>\n<p>&nbsp;<\/p>\n<p>&nbsp;<\/p>\n<p>&nbsp;<\/p>\n<h2><span style=\"color: #ff0000;\">PRECEDENTI PREOCCUPANTI<\/span><\/h2>\n<p>di Mirko Mezzacasa<\/p>\n<p><strong><a class=\"dt-pswp-item\" href=\"https:\/\/www.radiopiu.net\/wordpress\/wp-content\/uploads\/2019\/12\/WhatsApp-Image-2019-12-31-at-05.11.51.jpeg\" data-dt-img-description=\"\" data-large_image_width=\"2048\" data-large_image_height=\"1024\"><img loading=\"lazy\" decoding=\"async\" class=\"size-medium wp-image-111492 alignleft\" src=\"https:\/\/www.radiopiu.net\/wordpress\/wp-content\/uploads\/2019\/12\/WhatsApp-Image-2019-12-31-at-05.11.51-300x150.jpeg\" alt=\"\" width=\"300\" height=\"150\" srcset=\"https:\/\/www.radiopiu.net\/wordpress\/wp-content\/uploads\/2019\/12\/WhatsApp-Image-2019-12-31-at-05.11.51-300x150.jpeg 300w, https:\/\/www.radiopiu.net\/wordpress\/wp-content\/uploads\/2019\/12\/WhatsApp-Image-2019-12-31-at-05.11.51-1024x512.jpeg 1024w, https:\/\/www.radiopiu.net\/wordpress\/wp-content\/uploads\/2019\/12\/WhatsApp-Image-2019-12-31-at-05.11.51-768x384.jpeg 768w, https:\/\/www.radiopiu.net\/wordpress\/wp-content\/uploads\/2019\/12\/WhatsApp-Image-2019-12-31-at-05.11.51-1536x768.jpeg 1536w, https:\/\/www.radiopiu.net\/wordpress\/wp-content\/uploads\/2019\/12\/WhatsApp-Image-2019-12-31-at-05.11.51.jpeg 2048w\" sizes=\"auto, (max-width: 300px) 100vw, 300px\" \/><\/a>LA\u00a0 VALLE\u00a0<\/strong> Avete presente la galleria dei Castei quando piove? Sembra di entrare nel Parco di Gardaland tra grandi pozzanghere, tra volate d&#8217;acqua improvvise che si schiantano sui cristalli delle auto, tra luci lampeggianti tipo le &#8220;strobo&#8221; delle discoteche anni ottanta. Scene da panico pi\u00f9 volte denunciate attraverso la radio e questo sito, non una volta ogni tanto, piuttosto ripetutamente. Poco oltre la galleria artificiale del Ponte del Cristo anche qui come pi\u00f9 volte gi\u00e0 denunciato dove ci sono delle travi di legno ormai marce e sopra tonnellate di materiale il famoso &#8220;materasso&#8221; o almeno cos\u00ec veniva presentato a suo tempo, ovvero uno strato di materiale che dovrebbe attutire eventuali cadute di sassi dal monte Celo e anche questo non \u00e8 episodio raro. Abbiamo ripreso l&#8217;argomento in seguito a quanto successo\u00a0 sulla A 26 a Genova\u00a0 in una galleria \u00e8 caduto un pezzo di volta del tunnel con la speranza che ai Castei e al Ponte del Cristo (difronte all&#8217;ex villaggio di Valle Imperina da tempo\u00a0 abbandonato al suo destino)\u00a0 non accada mai&#8230; DAL GIORNALE IL SECOLO XIX <strong><span style=\"color: #0000ff;\"><a style=\"color: #0000ff;\" href=\"https:\/\/www.ilsecoloxix.it\/genova\/2019\/12\/30\/news\/caduta-calcinacci-in-galleria-chiusa-l-a26-tra-masone-e-voltri-1.38270356?fbclid=IwAR3XiyPx2Nn6Nr-kyBwgchleB8Biuqa6VSvOb-Jz5A3wWs14qLzhDrlY4m4\">CLICCA QUI<\/a><\/span><\/strong><\/p>\n<p>&nbsp;<\/p>\n<p>&nbsp;<\/p>\n<p>&nbsp;<\/p>\n<p>&nbsp;<\/p>\n<h2><span style=\"color: #ff0000;\">IERI ALLA RADIO<\/span><\/h2>\n<h3>LA CASA DI BABBO NATALE PURTROPPO QUEST&#8217;ANNO CHIUDE IN ANTICIPO<\/h3>\n<p><strong><a class=\"dt-pswp-item\" href=\"https:\/\/www.radiopiu.net\/wordpress\/wp-content\/uploads\/2019\/12\/81078370_2487259574733533_6186249496184225792_o.jpg\" data-dt-img-description=\"\" data-large_image_width=\"480\" data-large_image_height=\"960\"><img loading=\"lazy\" decoding=\"async\" class=\"size-medium wp-image-111446 alignleft\" src=\"https:\/\/www.radiopiu.net\/wordpress\/wp-content\/uploads\/2019\/12\/81078370_2487259574733533_6186249496184225792_o-150x300.jpg\" alt=\"\" width=\"150\" height=\"300\" srcset=\"https:\/\/www.radiopiu.net\/wordpress\/wp-content\/uploads\/2019\/12\/81078370_2487259574733533_6186249496184225792_o-150x300.jpg 150w, https:\/\/www.radiopiu.net\/wordpress\/wp-content\/uploads\/2019\/12\/81078370_2487259574733533_6186249496184225792_o.jpg 480w\" sizes=\"auto, (max-width: 150px) 100vw, 150px\" \/><\/a>GOSALDO<\/strong> Di norma l&#8217;Epifania tutte le feste porta via comprese palline di Natale e statuine del Presepe ma non a Gosaldo dove il Presepe \u00e8 stato smantellato con una settimana d&#8217;anticipo senza l&#8217;atteso arrivo del nuovo anno e dei Re Magi. Gli Amici della Piazza di Gosaldo ammettono l&#8217;errore, ma non si aspettavano certo di dover smantellare la struttura esterna in tempo zero, anche perch\u00e8 erano stati consigliati di inviare un&#8217;apposita domanda ma a quanto pare non \u00e8 servito nemmeno incanalarsi nei binari dell&#8217;ordinaria burocrazia.<\/p>\n<blockquote><p><em>&#8220;Tutto inizia &#8211; raccontano i volontari &#8211;\u00a0 con un nostro errore,\u00a0 quest&#8217;anno abbiamo pensato di arricchire la Casa di Babbo Natale con un&#8217;entrata. Ben coscienti di non poter piantare nemmeno un chiodo nei muri della Chiesetta di San Giacomo e per questo\u00a0 abbiamo costruito una struttura autoportante, senza per\u00f2 presentare domanda. <span class=\"text_exposed_show\">Siamo stati redarguiti\u00a0 dal Comune il giorno seguente la costruzione. Abbiamo proposto di smantellare seduta stante; ci \u00e8 stato detto invece di presentare domanda, seppur tardiva. <\/span>Cos\u00ec abbiamo fatto il giorno 09\/12\/2019. Il\u00a0 30\/12\/2019 siamo stati invitati a smontare prontamente l&#8217;entrata in quanto deturpa l&#8217;antica struttura della chiesa&#8221;.<\/em><\/p><\/blockquote>\n<h3><\/h3>\n<h3>IL SINDACO DI GOSALDO GIOCONDO DALLE FESTE<\/h3>\n<audio class=\"wp-audio-shortcode\" id=\"audio-111422-1\" preload=\"none\" style=\"width: 100%;\" controls=\"controls\"><source type=\"audio\/mpeg\" src=\"https:\/\/www.radiopiu.net\/wordpress\/wp-content\/uploads\/2019\/12\/GIOCONDO-DALLEFESTE.mp3?_=1\" \/><a href=\"https:\/\/www.radiopiu.net\/wordpress\/wp-content\/uploads\/2019\/12\/GIOCONDO-DALLEFESTE.mp3\">https:\/\/www.radiopiu.net\/wordpress\/wp-content\/uploads\/2019\/12\/GIOCONDO-DALLEFESTE.mp3<\/a><\/audio>\n<p>&nbsp;<\/p>\n<p style=\"text-align: left;\"><a class=\"dt-pswp-item\" href=\"https:\/\/www.radiopiu.net\/wordpress\/wp-content\/uploads\/2019\/12\/80631191_2487259898066834_3723604614042353664_o.jpg\" data-dt-img-description=\"\" data-large_image_width=\"960\" data-large_image_height=\"480\"><img loading=\"lazy\" decoding=\"async\" class=\"size-medium wp-image-111448 alignleft\" src=\"https:\/\/www.radiopiu.net\/wordpress\/wp-content\/uploads\/2019\/12\/80631191_2487259898066834_3723604614042353664_o-300x150.jpg\" alt=\"\" width=\"300\" height=\"150\" srcset=\"https:\/\/www.radiopiu.net\/wordpress\/wp-content\/uploads\/2019\/12\/80631191_2487259898066834_3723604614042353664_o-300x150.jpg 300w, https:\/\/www.radiopiu.net\/wordpress\/wp-content\/uploads\/2019\/12\/80631191_2487259898066834_3723604614042353664_o-768x384.jpg 768w, https:\/\/www.radiopiu.net\/wordpress\/wp-content\/uploads\/2019\/12\/80631191_2487259898066834_3723604614042353664_o.jpg 960w\" sizes=\"auto, (max-width: 300px) 100vw, 300px\" \/><\/a>La chiesa \u00e8 da tempo sconsacrata e sinceramente guardando la struttura tutto si pu\u00f2 dire ma non certo che la\u00a0 \u00a0e tanto meno la rovini come confermano foto e video di ieri pomeriggio a &#8220;decoro&#8221; ripristinato. Nessun tassello \u00e8 stato piantato nel muro della chiesa per fissare la struttura piuttosto altri in passato lo hanno fatto, i chiodi piantati hanno infatti risentito del passare degli anni.<\/p>\n<div class=\"text_exposed_show\">\n<blockquote><p><em><a class=\"dt-pswp-item\" href=\"https:\/\/www.radiopiu.net\/wordpress\/wp-content\/uploads\/2019\/12\/81618191_2487259778066846_7646041225769779200_o.jpg\" data-dt-img-description=\"\" data-large_image_width=\"480\" data-large_image_height=\"960\"><img loading=\"lazy\" decoding=\"async\" class=\"size-medium wp-image-111447 alignright\" src=\"https:\/\/www.radiopiu.net\/wordpress\/wp-content\/uploads\/2019\/12\/81618191_2487259778066846_7646041225769779200_o-150x300.jpg\" alt=\"\" width=\"150\" height=\"300\" srcset=\"https:\/\/www.radiopiu.net\/wordpress\/wp-content\/uploads\/2019\/12\/81618191_2487259778066846_7646041225769779200_o-150x300.jpg 150w, https:\/\/www.radiopiu.net\/wordpress\/wp-content\/uploads\/2019\/12\/81618191_2487259778066846_7646041225769779200_o.jpg 480w\" sizes=\"auto, (max-width: 150px) 100vw, 150px\" \/><\/a>&#8220;Ci sentiamo presi in giro &#8211; dicono gli Amici della Piazza-\u00a0 perch\u00e9 non dirci subito &#8220;toglietela&#8221;, perch\u00e9 giocare ai burattinai con chi mette da parte gli impegni personali\u00a0 e impegna energie, tempo ferie e risorse personali per dare un segno di vita al\u00a0 paese che a detta di chiunque \u00e8 condannato a morire. Se Gosaldo muore \u00e8 perch\u00e9 chi cerca con sforzi e fatica di farsi spuntare le ali se le vede subito tarpate&#8221;. <\/em><\/p><\/blockquote>\n<p>Quest&#8217;anno finisce cos\u00ec, il prossimo anno \u00e8 probabile che oltre alla chiusura della pizzeria, del bar e di altre attivit\u00e0 chiuda anche &#8230; la casa di Babbo Natale, proprio un peccato.<\/p>\n<blockquote><p><em>\u00a0&#8220;L&#8217;invidia \u00e8 una brutta bestia &#8211; concludono i volontari gosaldini &#8211;\u00a0 e se tra di voi qualcuno sar\u00e0 dispiaciuto a leggere queste note, sicuramente qualcun&#8217;altro gongoler\u00e0, qualcuno che qui a Gosaldo magari neanche ci vive nemmeno&#8221;.<\/em><\/p><\/blockquote>\n<\/div>\n<p>&nbsp;<\/p>\n<p>&nbsp;<\/p>\n<p>&nbsp;<\/p>\n<h2><span style=\"color: #ff0000;\">DI ARIANNA DA ZANCHE<\/span><\/h2>\n<blockquote><p><em>Con grande dispiacere mi trovo a leggere della &#8220;non pi\u00f9 casa&#8221; di Babbo Natale. Ho letto ed ascoltato attentamente l&#8217;intervista di\u00a0<a class=\"profileLink\" title=\"Mirko Mezzacasa\" href=\"https:\/\/www.facebook.com\/mirko.mezzacasa?__tn__=K-R&amp;eid=ARBn53bPsnVLBDsbgVDGuvBGseZbyAU__44uTpo9u2Ct5kXNMHdesp4USdOm8HUeZEWcxdE2MPOxymPd&amp;fref=mentions&amp;__xts__%5B0%5D=68.ARAD9FF-hwvVf5_W5GTUDcpKtJy-BdUs2Tw2U2MmDB7XA7XbFMXmaa8GeZREfQfVdiYEPBwv7sf3wHbPktCcHzCleXvFIk-xCuhqnoYtpRWt3nqONQM72CIL6wbP8jHX0yoZSL0u_uBmKMjsoozksh7ZqFgzORXh0LdAGl_dB11RSHi_bNYy3CD1q1SNsD5D-LLDOTLhwY2tWIE5CiiRx5faKGHKrt48VTU3Od0YCmGu_S0f5QGimflCEY9p95AbeP0qTSK3YY2MS_Xbmn6-VQHR3qZ4GWr8lPJOzAugXBIq_WsbniZhlWxnQ7oY83ybwYgQaH1CkACEoiSTxw\" data-hovercard=\"\/ajax\/hovercard\/user.php?id=1438301562&amp;extragetparams=%7B%22__tn__%22%3A%22%2CdK-R-R%22%2C%22eid%22%3A%22ARBn53bPsnVLBDsbgVDGuvBGseZbyAU__44uTpo9u2Ct5kXNMHdesp4USdOm8HUeZEWcxdE2MPOxymPd%22%2C%22fref%22%3A%22mentions%22%7D\" data-hovercard-prefer-more-content-show=\"1\">Mirko Mezzacasa<\/a>\u00a0e mi permetto di esprimere la mia modesta opinione. Trovo a dir poco imbarazzante quello che \u00e8 successo, nessuno vuole far passare gli\u00a0<a class=\"profileLink\" href=\"https:\/\/www.facebook.com\/Amici-della-Piazza-Gosaldo-1822780267848137\/?__tn__=K-R&amp;eid=ARDK4XsCArFqoyXGI6PuizPZvwNFRaMUJxEfFgqhZiyfoYK9YTjtQj39X8cZpGpsChrqfo_4tBvRmAva&amp;fref=mentions&amp;__xts__%5B0%5D=68.ARAD9FF-hwvVf5_W5GTUDcpKtJy-BdUs2Tw2U2MmDB7XA7XbFMXmaa8GeZREfQfVdiYEPBwv7sf3wHbPktCcHzCleXvFIk-xCuhqnoYtpRWt3nqONQM72CIL6wbP8jHX0yoZSL0u_uBmKMjsoozksh7ZqFgzORXh0LdAGl_dB11RSHi_bNYy3CD1q1SNsD5D-LLDOTLhwY2tWIE5CiiRx5faKGHKrt48VTU3Od0YCmGu_S0f5QGimflCEY9p95AbeP0qTSK3YY2MS_Xbmn6-VQHR3qZ4GWr8lPJOzAugXBIq_WsbniZhlWxnQ7oY83ybwYgQaH1CkACEoiSTxw\" data-hovercard=\"\/ajax\/hovercard\/page.php?id=1822780267848137&amp;extragetparams=%7B%22__tn__%22%3A%22%2CdK-R-R%22%2C%22eid%22%3A%22ARDK4XsCArFqoyXGI6PuizPZvwNFRaMUJxEfFgqhZiyfoYK9YTjtQj39X8cZpGpsChrqfo_4tBvRmAva%22%2C%22fref%22%3A%22mentions%22%7D\" data-hovercard-prefer-more-content-show=\"1\">Amici della Piazza Gosaldo<\/a>\u00a0come vittime od eroi o che ne so, ma queste persone, tempo fa, hanno deciso di togliersi il loro tempo per darlo agli altri, per far rivivere il nostro paesino tanto bello<span class=\"text_exposed_show\"> quanto dannato&#8230; gi\u00e0&#8230;!! Con spirito positivo, impegno, risorse, si sono adoperati per inventare qualcosina, piccoli eventi dove i paesani ed i villeggianti si possono incontrare, scambiare due parole, bere un bicchiere e passare un pomeriggio in compagnia. E poi succede che quattro rami di abete e due &#8220;stek&#8221; messi insieme per rendere la casa di Babbo Natale pi\u00f9 accogliente diventino deturpamento della chiesetta sconsacrata. Loro sono i primi ad ammettere di aver commesso l&#8217;errore ma l&#8217;assurdit\u00e0 sta nel fatto che alla contestazione dell&#8217;opera e alla loro proposta\/decisione di smantellare vengono invece invitati a fare la domanda (seppur in ritardo ) e il 30\/12&#8230;.capito??? Il 30\/12 gli viene ordinato di sgomberare,mancavano sei gg alla chiusura. Ma ragazzi \u00e8 ovvio&#8230;a Natale sono tutti pi\u00f9 buoni ma natale ormai \u00e8 passato da 5 giorni!!! La cosa bella sarebbe che i cittadini che hanno avuto tutto il &#8220;bon temp&#8221; di andare a disturbare le notti del sindaco, perch\u00e9 sembra si siano riversati in massa, si facessero vivi ,cos\u00ec, per discutere dei problemi del paese insieme, perch\u00e9 se c&#8217;\u00e8 stato un interesse cos\u00ec forte per la chiesetta sono sicura che queste stesse persone passano le notti a pensare come rendere Gosaldo un paese migliore. <\/span>Non \u00e8 facile dirvi &#8220;andate avanti&#8221; perch\u00e9 le delusioni e la rabbia fanno male ma siate fieri di quello che avete fatto fino ad ora&#8230;.e poi dai, Babbo Natale non \u00e8 pratico di Airbnb o\u00a0<a href=\"http:\/\/booking.com\/?fbclid=IwAR0dNQsOQ0NQ2eSbgBbRYsQmWJIPPUqYNZDNiC3MXzheCLF6c58NB99d6mo\" target=\"_blank\" rel=\"noopener nofollow noreferrer\" data-ft=\"{&quot;tn&quot;:&quot;-U&quot;}\" data-lynx-mode=\"async\" data-lynx-uri=\"https:\/\/l.facebook.com\/l.php?u=http%3A%2F%2FBooking.com%2F%3Ffbclid%3DIwAR0dNQsOQ0NQ2eSbgBbRYsQmWJIPPUqYNZDNiC3MXzheCLF6c58NB99d6mo&amp;h=AT1xrT-IQDxCv29aShK3nRiWFIco7bT5ORt4IwP2c3C13dtAiCnmWLrgx091X0hbsBeItZOtU-Yq_FwWPP2RKbaOvUPaHK5hMQeojrempvCRCwx43FZVx4c3TtF_hGZNUm41Ay7sfD1e43J3i5tBxmjQ0WqSkLNYJijSGmECDYMxkE7UT-a4e4N62Vn58aZ--VXTZuZu1B6bfrsJbgjFbixc79JuV5r_VFDDHp_py3CURNlFwp-cJZ80KfVZ3H8dATS8EEP9ZfzLiQWZPuLrwNUARfuQsQLkTPcNjKpVka9-_7dVdoQ1WEeuqRZVBquUFlYwqHroSYRkS3m6TnpTikNFyykLGm5cH62AZ2EaVnuvxrXn3Ah5VoXZU981ffLMu4Sy_Y2Epa7BVhQa_CW78Js5uHMYlhenZPgwNt_WlSX_Z5XVv1Jh4lH35YAF4R9LiR2pnWuW1UZ_Fv9ZcoXW_3cGitX31UWgurVHYcijFQ1-MKXZtS3J1r-hpgfPPrvpkJ4qBiiJ8HuH1U471S9R2cCwyh_UfzwJ5gEaHCH2E_qn6m2M_0UEeKS0qj9geT_0LgZ1WP4gZOmXmNgVS3aQzVwtTexTNMI08A4oaK-aCQLDi2PLmClP3z6IvNw\">Booking.com.<\/a>&#8230;lui sa che arriva a Gosaldo e ci sono i suoi folletti pronti a prendersi cura di lui<\/em><\/p><\/blockquote>\n<p>&nbsp;<\/p>\n<h1>CASA DI BABBO NATALE, L&#8217;INTERVENTO DI YARI MASOCH<\/h1>\n<p><strong>GOSALDO<\/strong> Mi trovo costretto a postare una mia opinione personale in merito ai fatti occorsi circa la Casa di Babbo Natale. Non avrei voluto farlo in questo termini (usando i social), ma ritengo anche sia giusto prendere una posizione decisa e personale sull&#8217;accaduto. La mia non vuole essere una critica, ma una delucidazione. Inizio con il dire che da componente dell&#8217;amministrazione mi sento molto dispiaciuto. Per gli amici della piazza in primis, che ho sempre appoggiato, che ho gi\u00e0 sentito personalmente in merito alla vicenda e che si danno da fare per animare il paese. E per me stesso, come cittadino e compaesano, perch\u00e9 anche io nel mio piccolo e con i miei evidenti limiti, continuo a fare e ho sempre fatto del volontariato a Gosaldo, barcamenandomi tra la presidenza dell&#8217;ASD GOSALDO, l&#8217;attivit\u00e0 politica qui e in unione montana (per i malpensanti invito a provare e a valutare se si tratti o meno di volontariato) e non ultimo nella gestione di questa pagina FB, che ho aperto e amministro io, che da VOCE a qualunque lingua sia essa autoctona o alloctona, in qualunque forma e modo, senza bannare nessuno, senza eliminare post, a dimostrazione che da parte mia l&#8217;invidia proprio non esiste. Sono dispiaciuto perch\u00e9 il post scritto dagli Amici lascia intendere che dietro a tutto questo ci sia l&#8217;amministrazione tutta. Non \u00e8 esatto. La decisione dello smantellamento della STRUTTURA ESTERNA alla chiesa, pur priva di buon senso a mio personale avviso, \u00e8 dettata da leggi che la TECNICA comunale ha voluto\/dovuto far rispettare e con essa sindaco e guardia Comunale. Eccesso di zelo? Sicuramente s\u00ec, ma la burocrazia in Italia non la si scopre certo oggi. Fatto sta che chi poi firma i documenti prendendosi la responsabilit\u00e0 delle cose lo pu\u00f2 fare nel modo che ritiene pi\u00f9 opportuno, seguendo alla lettera i dettami dell&#8217;alta politica o meno. Scelte OPINABILI s\u00ec, ma non condannabili a priori. Peraltro l&#8217;istanza di chiusura non \u00e8 mai pervenuta, in quanto era stato imposto solo lo smantellamento della parte esterna alla chiesa che poggiava sui muri della stessa. Nessuno ha mai imposto di chiudere tutto, tant&#8217;\u00e8 che gli stessi Amici rispondono di aver abbassato le serrande per protesta. Ora, ci\u00f2 che resta di tutta la vicenda \u00e8 una grande amarezza. Tutti abbiamo perso qualcosa, tutti ci abbiamo rimesso ancora una volta, Gosaldo intera, e questo \u00e8 il lato pi\u00f9 sinistro e macabro dell&#8217;intera vicenda. Una cattiva gestione di procedimenti tanto macchinosi quanto necessari da entrambe le parti (carte e permessi), e un eccesso di tecnicismo nel far rispettare le regole da parte degli uffici comunali. Un cocktail esplosivo e nocivo, da lotta fraterna, Caino e Abele. Non \u00e8 mia intenzione chiedere scusa a nessuno in quanto a livello personale non ho nessuna colpa, cos\u00ec come non voglio puntare il dito. Sicuramente aver gestito la situazione in questo modo non giova a nessuno. Ripeto, la chiusura della casetta mi lascia affranto. Ho un figlio piccolo, appena qualche mese&#8230;.per l&#8217;anno nuovo mi auguro di potergli far vivere la magia del Natale nella mia amata Gosaldo.<\/p>\n<p>&nbsp;<\/p>\n<p>&nbsp;<\/p>\n<p>&nbsp;<\/p>\n<p>&nbsp;<\/p>\n<h3>INCENDIO A ROCCA PIETORE, USTIONI PER UN UOMO CHE HA TENTATO DI SPEGNERE LE FIAMME<\/h3>\n<p><strong>ROCCA PIETORE<\/strong> I vigili del fuoco\u00a0 volontari di Caprile e Selva di Cadore con i permanenti di Agordo sono intervenuti per un principio d&#8217;incendio subito domato a Rocca Pietore in centro al civico 25. La causa accidentale,\u00a0 il malfunzionamento di un\u00a0 fornello da campo collegato ad una bombola di gas. Ferito un uomo il proprietario dell&#8217;appartamento, G.B. 43 anni di Mestre che il fornello lo stava utilizzando, si \u00e8 ustionato alle mani ed alla fronte nel tentativo di spegnere le fiamme, \u00e8 stato medicato all&#8217;ospedale di Agordo e dimesso con una prognosi di guarigione di 15 giorni per ustioni di primo e secondo grado . Sul posto i Carabinieri della stazione di Caprile. I danni ammontano ad almeno 30 mila euro. MEZZI INTERVENUTI: volontari Caprile-Selva di Cadore con 5 Aps e Autobotte, Agordo 5 Aps 1 autobotte e l&#8217;autoscala da Belluno.<\/p>\n<p><a class=\"dt-pswp-item\" href=\"https:\/\/www.radiopiu.net\/wordpress\/wp-content\/uploads\/2019\/12\/1-1.jpg\" data-dt-img-description=\"\" data-large_image_width=\"1280\" data-large_image_height=\"960\"><img loading=\"lazy\" decoding=\"async\" class=\"alignnone wp-image-111386\" src=\"https:\/\/www.radiopiu.net\/wordpress\/wp-content\/uploads\/2019\/12\/1-1-300x225.jpg\" alt=\"\" width=\"228\" height=\"171\" srcset=\"https:\/\/www.radiopiu.net\/wordpress\/wp-content\/uploads\/2019\/12\/1-1-300x225.jpg 300w, https:\/\/www.radiopiu.net\/wordpress\/wp-content\/uploads\/2019\/12\/1-1-1024x768.jpg 1024w, https:\/\/www.radiopiu.net\/wordpress\/wp-content\/uploads\/2019\/12\/1-1-768x576.jpg 768w, https:\/\/www.radiopiu.net\/wordpress\/wp-content\/uploads\/2019\/12\/1-1.jpg 1280w\" sizes=\"auto, (max-width: 228px) 100vw, 228px\" \/><\/a><a class=\"dt-pswp-item\" href=\"https:\/\/www.radiopiu.net\/wordpress\/wp-content\/uploads\/2019\/12\/6-1.jpg\" data-dt-img-description=\"\" data-large_image_width=\"960\" data-large_image_height=\"1280\"><img loading=\"lazy\" decoding=\"async\" class=\"alignnone wp-image-111391\" src=\"https:\/\/www.radiopiu.net\/wordpress\/wp-content\/uploads\/2019\/12\/6-1-225x300.jpg\" alt=\"\" width=\"125\" height=\"167\" srcset=\"https:\/\/www.radiopiu.net\/wordpress\/wp-content\/uploads\/2019\/12\/6-1-225x300.jpg 225w, https:\/\/www.radiopiu.net\/wordpress\/wp-content\/uploads\/2019\/12\/6-1-768x1024.jpg 768w, https:\/\/www.radiopiu.net\/wordpress\/wp-content\/uploads\/2019\/12\/6-1.jpg 960w\" sizes=\"auto, (max-width: 125px) 100vw, 125px\" \/><\/a><a class=\"dt-pswp-item\" href=\"https:\/\/www.radiopiu.net\/wordpress\/wp-content\/uploads\/2019\/12\/5-1.jpg\" data-dt-img-description=\"\" data-large_image_width=\"960\" data-large_image_height=\"1280\"><img loading=\"lazy\" decoding=\"async\" class=\"alignnone wp-image-111390\" src=\"https:\/\/www.radiopiu.net\/wordpress\/wp-content\/uploads\/2019\/12\/5-1-225x300.jpg\" alt=\"\" width=\"125\" height=\"166\" srcset=\"https:\/\/www.radiopiu.net\/wordpress\/wp-content\/uploads\/2019\/12\/5-1-225x300.jpg 225w, https:\/\/www.radiopiu.net\/wordpress\/wp-content\/uploads\/2019\/12\/5-1-768x1024.jpg 768w, https:\/\/www.radiopiu.net\/wordpress\/wp-content\/uploads\/2019\/12\/5-1.jpg 960w\" sizes=\"auto, (max-width: 125px) 100vw, 125px\" \/><\/a><\/p>\n<p><a class=\"dt-pswp-item\" href=\"https:\/\/www.radiopiu.net\/wordpress\/wp-content\/uploads\/2019\/12\/3-1.jpg\" data-dt-img-description=\"\" data-large_image_width=\"960\" data-large_image_height=\"1280\"><img loading=\"lazy\" decoding=\"async\" class=\"alignnone wp-image-111388\" src=\"https:\/\/www.radiopiu.net\/wordpress\/wp-content\/uploads\/2019\/12\/3-1-225x300.jpg\" alt=\"\" width=\"158\" height=\"211\" srcset=\"https:\/\/www.radiopiu.net\/wordpress\/wp-content\/uploads\/2019\/12\/3-1-225x300.jpg 225w, https:\/\/www.radiopiu.net\/wordpress\/wp-content\/uploads\/2019\/12\/3-1-768x1024.jpg 768w, https:\/\/www.radiopiu.net\/wordpress\/wp-content\/uploads\/2019\/12\/3-1.jpg 960w\" sizes=\"auto, (max-width: 158px) 100vw, 158px\" \/><\/a><a class=\"dt-pswp-item\" href=\"https:\/\/www.radiopiu.net\/wordpress\/wp-content\/uploads\/2019\/12\/4-1.jpg\" data-dt-img-description=\"\" data-large_image_width=\"960\" data-large_image_height=\"1280\"><img loading=\"lazy\" decoding=\"async\" class=\"alignnone wp-image-111389\" src=\"https:\/\/www.radiopiu.net\/wordpress\/wp-content\/uploads\/2019\/12\/4-1-225x300.jpg\" alt=\"\" width=\"157\" height=\"209\" srcset=\"https:\/\/www.radiopiu.net\/wordpress\/wp-content\/uploads\/2019\/12\/4-1-225x300.jpg 225w, https:\/\/www.radiopiu.net\/wordpress\/wp-content\/uploads\/2019\/12\/4-1-768x1024.jpg 768w, https:\/\/www.radiopiu.net\/wordpress\/wp-content\/uploads\/2019\/12\/4-1.jpg 960w\" sizes=\"auto, (max-width: 157px) 100vw, 157px\" \/><\/a><a class=\"dt-pswp-item\" href=\"https:\/\/www.radiopiu.net\/wordpress\/wp-content\/uploads\/2019\/12\/8-1.jpg\" data-dt-img-description=\"\" data-large_image_width=\"960\" data-large_image_height=\"1280\"><img loading=\"lazy\" decoding=\"async\" class=\"alignnone wp-image-111387\" src=\"https:\/\/www.radiopiu.net\/wordpress\/wp-content\/uploads\/2019\/12\/8-1-225x300.jpg\" alt=\"\" width=\"157\" height=\"209\" srcset=\"https:\/\/www.radiopiu.net\/wordpress\/wp-content\/uploads\/2019\/12\/8-1-225x300.jpg 225w, https:\/\/www.radiopiu.net\/wordpress\/wp-content\/uploads\/2019\/12\/8-1-768x1024.jpg 768w, https:\/\/www.radiopiu.net\/wordpress\/wp-content\/uploads\/2019\/12\/8-1.jpg 960w\" sizes=\"auto, (max-width: 157px) 100vw, 157px\" \/><\/a><\/p>\n<blockquote><p>&nbsp;<\/p><\/blockquote>\n<p>&nbsp;<\/p>\n<p>&nbsp;<\/p>\n<p>&nbsp;<\/p>\n<h3>16 anni&#8230; UBRIACO A CORTINA<\/h3>\n<p><strong>CORTINA<\/strong> Alle 2.30 di questa notte una pattuglia della stazione\u00a0 Carabinieri ha affiancato il\u00a0 118 nei pressi di una discoteca, un 16enne della provincia di Roma necessitava di un ricovero per il suo stato di ubriachezza. I Carabinieri hanno avviato le indagini per capire dove il giovane abbia assunto bevande alcooliche visto che non era all&#8217;interno del locale e se qualche amico maggiorenne abbia acquistato le bevande\u00a0 per lui visto che non si\u00a0 devono vendere ai minorenni.<\/p>\n<p>&nbsp;<\/p>\n<p>&nbsp;<\/p>\n<p>&nbsp;<\/p>\n<p>&nbsp;<\/p>\n<h3>TAMPONAMENTO A TRE IN ZONA INDUSTRIALE<\/h3>\n<p><strong>FELTRE<\/strong> Tamponamento a tre\u00a0 lungo via Montelungo. La Citroen C3 condotta da una 62enne di Feltre \u00e8 stata tamponata da un autocarro a sua volta tamponato dalla Opel Astra, al volante un 33enne feltrino. Per i rilievi sono intervenuti i Carabinieri di Feltre. Fortunatamente non \u00e8 stato necessario l&#8217;intervento dei sanitari<\/p>\n<p><a class=\"dt-pswp-item\" href=\"https:\/\/www.radiopiu.net\/wordpress\/wp-content\/uploads\/2019\/12\/9b9fd1bf-6faa-4ef8-b0d1-34e07cf11bb1.jpg\" data-dt-img-description=\"\" data-large_image_width=\"320\" data-large_image_height=\"240\"><img loading=\"lazy\" decoding=\"async\" class=\"alignnone wp-image-111396\" src=\"https:\/\/www.radiopiu.net\/wordpress\/wp-content\/uploads\/2019\/12\/9b9fd1bf-6faa-4ef8-b0d1-34e07cf11bb1-300x225.jpg\" alt=\"\" width=\"227\" height=\"170\" srcset=\"https:\/\/www.radiopiu.net\/wordpress\/wp-content\/uploads\/2019\/12\/9b9fd1bf-6faa-4ef8-b0d1-34e07cf11bb1-300x225.jpg 300w, https:\/\/www.radiopiu.net\/wordpress\/wp-content\/uploads\/2019\/12\/9b9fd1bf-6faa-4ef8-b0d1-34e07cf11bb1.jpg 320w\" sizes=\"auto, (max-width: 227px) 100vw, 227px\" \/><\/a><a class=\"dt-pswp-item\" href=\"https:\/\/www.radiopiu.net\/wordpress\/wp-content\/uploads\/2019\/12\/71f8910b-980d-49f6-92ca-38fd77cd874e.jpg\" data-dt-img-description=\"\" data-large_image_width=\"320\" data-large_image_height=\"240\"><img loading=\"lazy\" decoding=\"async\" class=\"alignnone wp-image-111397\" src=\"https:\/\/www.radiopiu.net\/wordpress\/wp-content\/uploads\/2019\/12\/71f8910b-980d-49f6-92ca-38fd77cd874e-300x225.jpg\" alt=\"\" width=\"224\" height=\"168\" srcset=\"https:\/\/www.radiopiu.net\/wordpress\/wp-content\/uploads\/2019\/12\/71f8910b-980d-49f6-92ca-38fd77cd874e-300x225.jpg 300w, https:\/\/www.radiopiu.net\/wordpress\/wp-content\/uploads\/2019\/12\/71f8910b-980d-49f6-92ca-38fd77cd874e.jpg 320w\" sizes=\"auto, (max-width: 224px) 100vw, 224px\" \/><\/a><a class=\"dt-pswp-item\" href=\"https:\/\/www.radiopiu.net\/wordpress\/wp-content\/uploads\/2019\/12\/cdd6c5c6-c304-4d2e-b7a5-1ce888b8b306.jpg\" data-dt-img-description=\"\" data-large_image_width=\"320\" data-large_image_height=\"240\"><img loading=\"lazy\" decoding=\"async\" class=\"alignnone wp-image-111398\" src=\"https:\/\/www.radiopiu.net\/wordpress\/wp-content\/uploads\/2019\/12\/cdd6c5c6-c304-4d2e-b7a5-1ce888b8b306-300x225.jpg\" alt=\"\" width=\"225\" height=\"169\" srcset=\"https:\/\/www.radiopiu.net\/wordpress\/wp-content\/uploads\/2019\/12\/cdd6c5c6-c304-4d2e-b7a5-1ce888b8b306-300x225.jpg 300w, https:\/\/www.radiopiu.net\/wordpress\/wp-content\/uploads\/2019\/12\/cdd6c5c6-c304-4d2e-b7a5-1ce888b8b306.jpg 320w\" sizes=\"auto, (max-width: 225px) 100vw, 225px\" \/><\/a><\/p>\n<p>&nbsp;<\/p>\n<p>&nbsp;<\/p>\n<p>&nbsp;<\/p>\n<p>&nbsp;<\/p>\n<h3>PARCHEGGI SELVAGGI SUL FALZAREGO FIOCCANO&#8230; LE MULTE<\/h3>\n<p><strong>CORTINA<\/strong> Viabilit\u00e0 in tilt, pullman bloccati, proteste e decine di multe comminate dagli agenti della Polstrada di Valle di Cadore. E&#8217; accaduto sul passo Falzarego, dove decine e decine di auto parcheggiate lungo la strada hanno di fatto ridotto a una corsia la regionale 48 delle Dolomiti. Macchine parcheggiate a bordo strada e bus impossibilitati a muoversi hanno causato il blocco stradale, che si \u00e8 risolto solo verso mezzogiorno.<\/p>\n<p><a class=\"dt-pswp-item\" href=\"https:\/\/www.radiopiu.net\/wordpress\/wp-content\/uploads\/2019\/12\/f37d2072-4dd4-4f15-8d1b-a4d32d678785.jpg\" data-dt-img-description=\"\" data-large_image_width=\"240\" data-large_image_height=\"320\"><img loading=\"lazy\" decoding=\"async\" class=\"alignnone wp-image-111474\" src=\"https:\/\/www.radiopiu.net\/wordpress\/wp-content\/uploads\/2019\/12\/f37d2072-4dd4-4f15-8d1b-a4d32d678785-225x300.jpg\" alt=\"\" width=\"144\" height=\"192\" srcset=\"https:\/\/www.radiopiu.net\/wordpress\/wp-content\/uploads\/2019\/12\/f37d2072-4dd4-4f15-8d1b-a4d32d678785-225x300.jpg 225w, https:\/\/www.radiopiu.net\/wordpress\/wp-content\/uploads\/2019\/12\/f37d2072-4dd4-4f15-8d1b-a4d32d678785.jpg 240w\" sizes=\"auto, (max-width: 144px) 100vw, 144px\" \/><\/a><a class=\"dt-pswp-item\" href=\"https:\/\/www.radiopiu.net\/wordpress\/wp-content\/uploads\/2019\/12\/387418f4-767b-442d-8de4-08bd60fd86d9.jpg\" data-dt-img-description=\"\" data-large_image_width=\"240\" data-large_image_height=\"320\"><img loading=\"lazy\" decoding=\"async\" class=\"alignnone wp-image-111475\" src=\"https:\/\/www.radiopiu.net\/wordpress\/wp-content\/uploads\/2019\/12\/387418f4-767b-442d-8de4-08bd60fd86d9-225x300.jpg\" alt=\"\" width=\"143\" height=\"191\" srcset=\"https:\/\/www.radiopiu.net\/wordpress\/wp-content\/uploads\/2019\/12\/387418f4-767b-442d-8de4-08bd60fd86d9-225x300.jpg 225w, https:\/\/www.radiopiu.net\/wordpress\/wp-content\/uploads\/2019\/12\/387418f4-767b-442d-8de4-08bd60fd86d9.jpg 240w\" sizes=\"auto, (max-width: 143px) 100vw, 143px\" \/><\/a><a class=\"dt-pswp-item\" href=\"https:\/\/www.radiopiu.net\/wordpress\/wp-content\/uploads\/2019\/12\/8604d0ed-f9fe-442f-8ac2-3116090482a8.jpg\" data-dt-img-description=\"\" data-large_image_width=\"240\" data-large_image_height=\"320\"><img loading=\"lazy\" decoding=\"async\" class=\"alignnone wp-image-111476\" src=\"https:\/\/www.radiopiu.net\/wordpress\/wp-content\/uploads\/2019\/12\/8604d0ed-f9fe-442f-8ac2-3116090482a8-225x300.jpg\" alt=\"\" width=\"139\" height=\"186\" srcset=\"https:\/\/www.radiopiu.net\/wordpress\/wp-content\/uploads\/2019\/12\/8604d0ed-f9fe-442f-8ac2-3116090482a8-225x300.jpg 225w, https:\/\/www.radiopiu.net\/wordpress\/wp-content\/uploads\/2019\/12\/8604d0ed-f9fe-442f-8ac2-3116090482a8.jpg 240w\" sizes=\"auto, (max-width: 139px) 100vw, 139px\" \/><\/a><\/p>\n<p>&nbsp;<\/p>\n<p>&nbsp;<\/p>\n<h3>LADRI IN CHIESA SE NE VANNO CON 700 EURO<\/h3>\n<p><strong>ALPAGO<\/strong> Furto nel pomeriggio di ieri\u00a0 presso la canonica della chiesa di Pieve D&#8217; Alpago. Ignoti dopo aver forzato una porta sono entrati nel locale asportando 700 euro custoditi in un cassetto<\/p>\n<p><a class=\"dt-pswp-item\" href=\"https:\/\/www.radiopiu.net\/wordpress\/wp-content\/uploads\/2019\/12\/8c074c59-05c0-4e98-9dcb-7500f377b2a9.jpg\" data-dt-img-description=\"\" data-large_image_width=\"240\" data-large_image_height=\"320\"><img loading=\"lazy\" decoding=\"async\" class=\"alignnone wp-image-111487\" src=\"https:\/\/www.radiopiu.net\/wordpress\/wp-content\/uploads\/2019\/12\/8c074c59-05c0-4e98-9dcb-7500f377b2a9-225x300.jpg\" alt=\"\" width=\"169\" height=\"225\" srcset=\"https:\/\/www.radiopiu.net\/wordpress\/wp-content\/uploads\/2019\/12\/8c074c59-05c0-4e98-9dcb-7500f377b2a9-225x300.jpg 225w, https:\/\/www.radiopiu.net\/wordpress\/wp-content\/uploads\/2019\/12\/8c074c59-05c0-4e98-9dcb-7500f377b2a9.jpg 240w\" sizes=\"auto, (max-width: 169px) 100vw, 169px\" \/><\/a><a class=\"dt-pswp-item\" href=\"https:\/\/www.radiopiu.net\/wordpress\/wp-content\/uploads\/2019\/12\/4d8ecc5e-4d90-460d-a9ba-c3c2a11da558.jpg\" data-dt-img-description=\"\" data-large_image_width=\"320\" data-large_image_height=\"240\"><img loading=\"lazy\" decoding=\"async\" class=\"alignnone size-medium wp-image-111488\" src=\"https:\/\/www.radiopiu.net\/wordpress\/wp-content\/uploads\/2019\/12\/4d8ecc5e-4d90-460d-a9ba-c3c2a11da558-300x225.jpg\" alt=\"\" width=\"300\" height=\"225\" srcset=\"https:\/\/www.radiopiu.net\/wordpress\/wp-content\/uploads\/2019\/12\/4d8ecc5e-4d90-460d-a9ba-c3c2a11da558-300x225.jpg 300w, https:\/\/www.radiopiu.net\/wordpress\/wp-content\/uploads\/2019\/12\/4d8ecc5e-4d90-460d-a9ba-c3c2a11da558.jpg 320w\" sizes=\"auto, (max-width: 300px) 100vw, 300px\" \/><\/a><\/p>\n<p>&nbsp;<\/p>\n<p>&nbsp;<\/p>\n<p>&nbsp;<\/p>\n<p><strong>PRESENTAZIONE DELLA CAMPAGNA SULLA SICUREZZA STRADALE IN VENETO<\/strong><\/p>\n<p>Il Presidente della Regione, Luca Zaia, ha presentato a Spresiano (TV) una nuova campagna sulla sicurezza stradale che verr\u00e0 condotta in Veneto. Ai seguenti link sono scaricabili foto, dichiarazioni a margine e un appello ai giovani alla guida.<\/p>\n<p>&nbsp;<\/p>\n<div style=\"width: 848px;\" class=\"wp-video\"><video class=\"wp-video-shortcode\" id=\"video-111422-1\" width=\"848\" height=\"480\" preload=\"metadata\" controls=\"controls\"><source type=\"video\/mp4\" src=\"https:\/\/www.radiopiu.net\/wordpress\/wp-content\/uploads\/2019\/12\/Margine-campagna-sicurezza-stradale.mp4?_=1\" \/><a href=\"https:\/\/www.radiopiu.net\/wordpress\/wp-content\/uploads\/2019\/12\/Margine-campagna-sicurezza-stradale.mp4\">https:\/\/www.radiopiu.net\/wordpress\/wp-content\/uploads\/2019\/12\/Margine-campagna-sicurezza-stradale.mp4<\/a><\/video><\/div>\n<div style=\"width: 848px;\" class=\"wp-video\"><video class=\"wp-video-shortcode\" id=\"video-111422-2\" width=\"848\" height=\"480\" preload=\"metadata\" controls=\"controls\"><source type=\"video\/mp4\" src=\"https:\/\/www.radiopiu.net\/wordpress\/wp-content\/uploads\/2019\/12\/Appello-ai-giovani-alla-guida.mp4?_=2\" \/><a href=\"https:\/\/www.radiopiu.net\/wordpress\/wp-content\/uploads\/2019\/12\/Appello-ai-giovani-alla-guida.mp4\">https:\/\/www.radiopiu.net\/wordpress\/wp-content\/uploads\/2019\/12\/Appello-ai-giovani-alla-guida.mp4<\/a><\/video><\/div>\n<p>&nbsp;<\/p>\n<p>&nbsp;<\/p>\n<p>&nbsp;<\/p>\n<p>&nbsp;<\/p>\n<p>&nbsp;<\/p>\n<h3>A MORI PENDIO IN SICUREZZA, PER SELLE PASSAGGIO PEDONALE GARANTITO<\/h3>\n<p><strong>GOSALDO<\/strong> A Mori Ercole, Lucia e gli abitanti delle seconde case presenti in queste festivit\u00e0 di Natale dormono sonni pi\u00f9 tranquilli, il pendio in frana \u00e8 ormai in sicurezza, i lavori eseguiti dalla Provincia sono stati celeri e importanti con la collaborazione della ditta De Nardin. Reti metalliche di qualit\u00e0 e strutture adatte\u00a0 hanno &#8220;imbragato&#8221; il pendio. Per Selle la strada non \u00e8 ancora aperta ai veicoli, ma almeno chi \u00e8 rientrato nelle abitazioni per le festivit\u00e0, oltre a coloro che vi abitano tutto l&#8217;anno, possono ora raggiungere la frazione in sicurezza grazie all&#8217;intervento del Comune. A primavera con il disgelo saranno necessari lavori importanti che non potr\u00e0 accollarsi l&#8217;amministrazione del sindaco Giocondo Dalle Feste che abbiamo sentito ai microfoni di RADIO PIU&#8217;.<\/p>\n<audio class=\"wp-audio-shortcode\" id=\"audio-111422-2\" preload=\"none\" style=\"width: 100%;\" controls=\"controls\"><source type=\"audio\/mpeg\" src=\"https:\/\/www.radiopiu.net\/wordpress\/wp-content\/uploads\/2019\/12\/GIOCONDO-1.mp3?_=2\" \/><a href=\"https:\/\/www.radiopiu.net\/wordpress\/wp-content\/uploads\/2019\/12\/GIOCONDO-1.mp3\">https:\/\/www.radiopiu.net\/wordpress\/wp-content\/uploads\/2019\/12\/GIOCONDO-1.mp3<\/a><\/audio>\n<h3><\/h3>\n<h3>VIDEO E FOTO FRAZIONE MORI A RENON DI GOSALDO<\/h3>\n<div style=\"width: 640px;\" class=\"wp-video\"><video class=\"wp-video-shortcode\" id=\"video-111422-3\" width=\"640\" height=\"352\" preload=\"metadata\" controls=\"controls\"><source type=\"video\/mp4\" src=\"https:\/\/www.radiopiu.net\/wordpress\/wp-content\/uploads\/2019\/12\/WhatsApp-Video-2019-12-30-at-15.09.40.mp4?_=3\" \/><a href=\"https:\/\/www.radiopiu.net\/wordpress\/wp-content\/uploads\/2019\/12\/WhatsApp-Video-2019-12-30-at-15.09.40.mp4\">https:\/\/www.radiopiu.net\/wordpress\/wp-content\/uploads\/2019\/12\/WhatsApp-Video-2019-12-30-at-15.09.40.mp4<\/a><\/video><\/div>\n<h3><a class=\"dt-pswp-item\" href=\"https:\/\/www.radiopiu.net\/wordpress\/wp-content\/uploads\/2019\/12\/d2df36bd-6e74-4de5-ab60-73cc0c24ae00.jpg\" data-dt-img-description=\"\" data-large_image_width=\"960\" data-large_image_height=\"720\"><img loading=\"lazy\" decoding=\"async\" class=\"alignnone wp-image-111419\" src=\"https:\/\/www.radiopiu.net\/wordpress\/wp-content\/uploads\/2019\/12\/d2df36bd-6e74-4de5-ab60-73cc0c24ae00-300x225.jpg\" alt=\"\" width=\"226\" height=\"169\" srcset=\"https:\/\/www.radiopiu.net\/wordpress\/wp-content\/uploads\/2019\/12\/d2df36bd-6e74-4de5-ab60-73cc0c24ae00-300x225.jpg 300w, https:\/\/www.radiopiu.net\/wordpress\/wp-content\/uploads\/2019\/12\/d2df36bd-6e74-4de5-ab60-73cc0c24ae00-768x576.jpg 768w, https:\/\/www.radiopiu.net\/wordpress\/wp-content\/uploads\/2019\/12\/d2df36bd-6e74-4de5-ab60-73cc0c24ae00.jpg 960w\" sizes=\"auto, (max-width: 226px) 100vw, 226px\" \/><\/a><a class=\"dt-pswp-item\" href=\"https:\/\/www.radiopiu.net\/wordpress\/wp-content\/uploads\/2019\/12\/b584e1cc-51d9-4adf-8e60-4c037897fdca.jpg\" data-dt-img-description=\"\" data-large_image_width=\"960\" data-large_image_height=\"720\"><img loading=\"lazy\" decoding=\"async\" class=\"alignnone wp-image-111418\" src=\"https:\/\/www.radiopiu.net\/wordpress\/wp-content\/uploads\/2019\/12\/b584e1cc-51d9-4adf-8e60-4c037897fdca-300x225.jpg\" alt=\"\" width=\"226\" height=\"169\" srcset=\"https:\/\/www.radiopiu.net\/wordpress\/wp-content\/uploads\/2019\/12\/b584e1cc-51d9-4adf-8e60-4c037897fdca-300x225.jpg 300w, https:\/\/www.radiopiu.net\/wordpress\/wp-content\/uploads\/2019\/12\/b584e1cc-51d9-4adf-8e60-4c037897fdca-768x576.jpg 768w, https:\/\/www.radiopiu.net\/wordpress\/wp-content\/uploads\/2019\/12\/b584e1cc-51d9-4adf-8e60-4c037897fdca.jpg 960w\" sizes=\"auto, (max-width: 226px) 100vw, 226px\" \/><\/a><a class=\"dt-pswp-item\" href=\"https:\/\/www.radiopiu.net\/wordpress\/wp-content\/uploads\/2019\/12\/64eb3a32-6dd6-4cc2-813f-6384a7fdce92.jpg\" data-dt-img-description=\"\" data-large_image_width=\"960\" data-large_image_height=\"720\"><img loading=\"lazy\" decoding=\"async\" class=\"alignnone wp-image-111417\" src=\"https:\/\/www.radiopiu.net\/wordpress\/wp-content\/uploads\/2019\/12\/64eb3a32-6dd6-4cc2-813f-6384a7fdce92-300x225.jpg\" alt=\"\" width=\"227\" height=\"170\" srcset=\"https:\/\/www.radiopiu.net\/wordpress\/wp-content\/uploads\/2019\/12\/64eb3a32-6dd6-4cc2-813f-6384a7fdce92-300x225.jpg 300w, https:\/\/www.radiopiu.net\/wordpress\/wp-content\/uploads\/2019\/12\/64eb3a32-6dd6-4cc2-813f-6384a7fdce92-768x576.jpg 768w, https:\/\/www.radiopiu.net\/wordpress\/wp-content\/uploads\/2019\/12\/64eb3a32-6dd6-4cc2-813f-6384a7fdce92.jpg 960w\" sizes=\"auto, (max-width: 227px) 100vw, 227px\" \/><\/a><\/h3>\n<h3><\/h3>\n<h3>VIDEO E FOTO FRAZIONE SELLE<\/h3>\n<div style=\"width: 640px;\" class=\"wp-video\"><video class=\"wp-video-shortcode\" id=\"video-111422-4\" width=\"640\" height=\"352\" preload=\"metadata\" controls=\"controls\"><source type=\"video\/mp4\" src=\"https:\/\/www.radiopiu.net\/wordpress\/wp-content\/uploads\/2019\/12\/WhatsApp-Video-2019-12-30-at-15.07.30-1.mp4?_=4\" \/><a href=\"https:\/\/www.radiopiu.net\/wordpress\/wp-content\/uploads\/2019\/12\/WhatsApp-Video-2019-12-30-at-15.07.30-1.mp4\">https:\/\/www.radiopiu.net\/wordpress\/wp-content\/uploads\/2019\/12\/WhatsApp-Video-2019-12-30-at-15.07.30-1.mp4<\/a><\/video><\/div>\n<p><a class=\"dt-pswp-item\" href=\"https:\/\/www.radiopiu.net\/wordpress\/wp-content\/uploads\/2019\/12\/86cbb88c-89b5-43fc-b86c-8ce1ccc2a6ee.jpg\" data-dt-img-description=\"\" data-large_image_width=\"960\" data-large_image_height=\"720\"><img loading=\"lazy\" decoding=\"async\" class=\"alignnone wp-image-111404\" src=\"https:\/\/www.radiopiu.net\/wordpress\/wp-content\/uploads\/2019\/12\/86cbb88c-89b5-43fc-b86c-8ce1ccc2a6ee-300x225.jpg\" alt=\"\" width=\"226\" height=\"169\" srcset=\"https:\/\/www.radiopiu.net\/wordpress\/wp-content\/uploads\/2019\/12\/86cbb88c-89b5-43fc-b86c-8ce1ccc2a6ee-300x225.jpg 300w, https:\/\/www.radiopiu.net\/wordpress\/wp-content\/uploads\/2019\/12\/86cbb88c-89b5-43fc-b86c-8ce1ccc2a6ee-768x576.jpg 768w, https:\/\/www.radiopiu.net\/wordpress\/wp-content\/uploads\/2019\/12\/86cbb88c-89b5-43fc-b86c-8ce1ccc2a6ee.jpg 960w\" sizes=\"auto, (max-width: 226px) 100vw, 226px\" \/><\/a><a class=\"dt-pswp-item\" href=\"https:\/\/www.radiopiu.net\/wordpress\/wp-content\/uploads\/2019\/12\/b1a87495-dab9-4da4-afaa-930667b27be9.jpg\" data-dt-img-description=\"\" data-large_image_width=\"960\" data-large_image_height=\"720\"><img loading=\"lazy\" decoding=\"async\" class=\"alignnone wp-image-111402\" src=\"https:\/\/www.radiopiu.net\/wordpress\/wp-content\/uploads\/2019\/12\/b1a87495-dab9-4da4-afaa-930667b27be9-300x225.jpg\" alt=\"\" width=\"226\" height=\"169\" srcset=\"https:\/\/www.radiopiu.net\/wordpress\/wp-content\/uploads\/2019\/12\/b1a87495-dab9-4da4-afaa-930667b27be9-300x225.jpg 300w, https:\/\/www.radiopiu.net\/wordpress\/wp-content\/uploads\/2019\/12\/b1a87495-dab9-4da4-afaa-930667b27be9-768x576.jpg 768w, https:\/\/www.radiopiu.net\/wordpress\/wp-content\/uploads\/2019\/12\/b1a87495-dab9-4da4-afaa-930667b27be9.jpg 960w\" sizes=\"auto, (max-width: 226px) 100vw, 226px\" \/><\/a><a class=\"dt-pswp-item\" href=\"https:\/\/www.radiopiu.net\/wordpress\/wp-content\/uploads\/2019\/12\/674bf7f7-988c-4d84-af6e-67f1c12a7adb.jpg\" data-dt-img-description=\"\" data-large_image_width=\"960\" data-large_image_height=\"720\"><img loading=\"lazy\" decoding=\"async\" class=\"alignnone wp-image-111403\" src=\"https:\/\/www.radiopiu.net\/wordpress\/wp-content\/uploads\/2019\/12\/674bf7f7-988c-4d84-af6e-67f1c12a7adb-300x225.jpg\" alt=\"\" width=\"226\" height=\"169\" srcset=\"https:\/\/www.radiopiu.net\/wordpress\/wp-content\/uploads\/2019\/12\/674bf7f7-988c-4d84-af6e-67f1c12a7adb-300x225.jpg 300w, https:\/\/www.radiopiu.net\/wordpress\/wp-content\/uploads\/2019\/12\/674bf7f7-988c-4d84-af6e-67f1c12a7adb-768x576.jpg 768w, https:\/\/www.radiopiu.net\/wordpress\/wp-content\/uploads\/2019\/12\/674bf7f7-988c-4d84-af6e-67f1c12a7adb.jpg 960w\" sizes=\"auto, (max-width: 226px) 100vw, 226px\" \/><\/a><\/p>\n<div style=\"width: 640px;\" class=\"wp-video\"><video class=\"wp-video-shortcode\" id=\"video-111422-5\" width=\"640\" height=\"352\" preload=\"metadata\" controls=\"controls\"><source type=\"video\/mp4\" src=\"https:\/\/www.radiopiu.net\/wordpress\/wp-content\/uploads\/2019\/12\/WhatsApp-Video-2019-12-30-at-15.11.49.mp4?_=5\" \/><a href=\"https:\/\/www.radiopiu.net\/wordpress\/wp-content\/uploads\/2019\/12\/WhatsApp-Video-2019-12-30-at-15.11.49.mp4\">https:\/\/www.radiopiu.net\/wordpress\/wp-content\/uploads\/2019\/12\/WhatsApp-Video-2019-12-30-at-15.11.49.mp4<\/a><\/video><\/div>\n<p>&nbsp;<\/p>\n<p>&nbsp;<\/p>\n<p>&nbsp;<\/p>\n<p>&nbsp;<\/p>\n<h2>RIFUGIO CAVALLERA C&#8217;E&#8217; IL GESTORE<\/h2>\n\n\t\t\t<style type='text\/css'>\n\t\t\t\t#gallery-1 {\n\t\t\t\t\tmargin: auto;\n\t\t\t\t}\n\t\t\t\t#gallery-1 .gallery-item {\n\t\t\t\t\tfloat: left;\n\t\t\t\t\tmargin-top: 10px;\n\t\t\t\t\ttext-align: center;\n\t\t\t\t\twidth: 33%;\n\t\t\t\t}\n\t\t\t\t#gallery-1 img {\n\t\t\t\t\tborder: 2px solid #cfcfcf;\n\t\t\t\t}\n\t\t\t\t#gallery-1 .gallery-caption {\n\t\t\t\t\tmargin-left: 0;\n\t\t\t\t}\n\t\t\t\t\/* see gallery_shortcode() in wp-includes\/media.php *\/\n\t\t\t<\/style>\n\t\t<div id='gallery-1' class='dt-gallery-container gallery galleryid-111422 gallery-columns-3 gallery-size-thumbnail'><dl class='gallery-item'>\n\t\t\t\t<dt class='gallery-icon landscape'>\n\t\t\t\t\t<a class=\"rollover\" href='https:\/\/www.radiopiu.net\/wordpress\/attivita-finanziarie-fraudolente-in-uno-stabilimento-di-essilor-in-tailandia\/2e444b6a-5562-4af9-a0f8-15dfd83d29b7-2\/'><img loading=\"lazy\" decoding=\"async\" width=\"150\" height=\"150\" src=\"https:\/\/www.radiopiu.net\/wordpress\/wp-content\/uploads\/2019\/12\/2e444b6a-5562-4af9-a0f8-15dfd83d29b7-150x150.jpg\" class=\"attachment-thumbnail size-thumbnail\" alt=\"\" \/><\/a>\n\t\t\t\t<\/dt><\/dl><dl class='gallery-item'>\n\t\t\t\t<dt class='gallery-icon landscape'>\n\t\t\t\t\t<a class=\"rollover\" href='https:\/\/www.radiopiu.net\/wordpress\/attivita-finanziarie-fraudolente-in-uno-stabilimento-di-essilor-in-tailandia\/91bf3ab6-83a4-41d9-96a4-c1a1655dc013-2\/'><img loading=\"lazy\" decoding=\"async\" width=\"150\" height=\"150\" src=\"https:\/\/www.radiopiu.net\/wordpress\/wp-content\/uploads\/2019\/12\/91bf3ab6-83a4-41d9-96a4-c1a1655dc013-150x150.jpg\" class=\"attachment-thumbnail size-thumbnail\" alt=\"\" \/><\/a>\n\t\t\t\t<\/dt><\/dl><dl class='gallery-item'>\n\t\t\t\t<dt class='gallery-icon landscape'>\n\t\t\t\t\t<a class=\"rollover\" href='https:\/\/www.radiopiu.net\/wordpress\/attivita-finanziarie-fraudolente-in-uno-stabilimento-di-essilor-in-tailandia\/badcdd0c-4ad0-487c-b819-2eb9490ce351-2\/'><img loading=\"lazy\" decoding=\"async\" width=\"150\" height=\"150\" src=\"https:\/\/www.radiopiu.net\/wordpress\/wp-content\/uploads\/2019\/12\/badcdd0c-4ad0-487c-b819-2eb9490ce351-150x150.jpg\" class=\"attachment-thumbnail size-thumbnail\" alt=\"\" \/><\/a>\n\t\t\t\t<\/dt><\/dl><br style=\"clear: both\" \/>\n\t\t\t<\/div>\n\n<p><strong>GOSALDO<\/strong><\/p>\n<p><strong>DI GIANNI SANTOMASO<\/strong><\/p>\n<audio class=\"wp-audio-shortcode\" id=\"audio-111422-3\" preload=\"none\" style=\"width: 100%;\" controls=\"controls\"><source type=\"audio\/mpeg\" src=\"https:\/\/www.radiopiu.net\/wordpress\/wp-content\/uploads\/2019\/12\/GIANNI-CAVALLERA.mp3?_=3\" \/><a href=\"https:\/\/www.radiopiu.net\/wordpress\/wp-content\/uploads\/2019\/12\/GIANNI-CAVALLERA.mp3\">https:\/\/www.radiopiu.net\/wordpress\/wp-content\/uploads\/2019\/12\/GIANNI-CAVALLERA.mp3<\/a><\/audio>\n<p>&nbsp;<\/p>\n<p>&nbsp;<\/p>\n<p>&nbsp;<\/p>\n<h2>PROMOZIONE TURISTICA SENZA CONFINI IN VALLE DEL BIOIS<\/h2>\n<p>di Mirko Mezzacasa<\/p>\n<p><strong><a class=\"dt-pswp-item\" href=\"https:\/\/www.radiopiu.net\/wordpress\/wp-content\/uploads\/2018\/06\/Falcade.jpg\" data-dt-img-description=\"\" data-large_image_width=\"1536\" data-large_image_height=\"2048\"><img loading=\"lazy\" decoding=\"async\" class=\"wp-image-50776 alignleft\" src=\"https:\/\/www.radiopiu.net\/wordpress\/wp-content\/uploads\/2018\/06\/Falcade-225x300.jpg\" alt=\"\" width=\"110\" height=\"147\" srcset=\"https:\/\/www.radiopiu.net\/wordpress\/wp-content\/uploads\/2018\/06\/Falcade-225x300.jpg 225w, https:\/\/www.radiopiu.net\/wordpress\/wp-content\/uploads\/2018\/06\/Falcade-768x1024.jpg 768w, https:\/\/www.radiopiu.net\/wordpress\/wp-content\/uploads\/2018\/06\/Falcade.jpg 1536w\" sizes=\"auto, (max-width: 110px) 100vw, 110px\" \/><\/a>FALCADE\u00a0<\/strong> Dopo la &#8220;morte&#8221; del Consorzio Turistico di Falcade ecco\u00a0 &#8220;Promo Falcade&#8221; hanno aderito in 170 ed ora la nuova associazione \u00e8 pronta a promuovere la Valle del Biois in accordo con la Dmo.<\/p>\n<p>Nel gruppo il Comune di Falcade, l&#8217;Associazione albergatori ristoratori e rifugi Val Biois, la societ\u00e0 impianti Col Margherita-Falcade, le scuole di sci\u00a0 e la Fondazione Papa Luciani. Promuover\u00e0 il comprensorio della valle del Biois senza confini comunali. Si \u00e8 svolto il primo incontro con artigiani e commercianti della valle, erano in 130 allo stesso tavolo e con lo stesso entusiasmo,\u00a0 In futuro verranno coinvolti anche gli affittacamere.<\/p>\n<p>Gli uffici saranno ospitati in municipio a Falcade con una sola addetta alla quale saranno affiancati i vari soggetti fondatori per dare una mano nelle mansioni; poi l&#8217;idea \u00e8 assumere ancora qualche altro impiegato.<\/p>\n<p>&nbsp;<\/p>\n<p>&nbsp;<\/p>\n<p>&nbsp;<\/p>\n<p>&nbsp;<\/p>\n<h3>OGGI SUL CORRIERE DELLE ALPI DI FRANCESCO DAL MAS<\/h3>\n<div class=\"articlePlainSubHead\">Al lavoro su un quarto progetto: da Caprile a Cortina in galleria Slitta al 2023 l&#8217;elettrificazione della Feltre-Montebelluna. L&#8217;assalto degli agordini al Treno delle Dolomiti \u00abDeve passare di qua\u00bb. L&#8217;anno scade, il progetto del Treno delle Dolomiti \u00e8 sostanzialmente pronto, ma non \u00e8 stato presentato. Il motivo? Molto semplice: ai tre itinerari (Val Boite, Val D&#8217;Ansiei, Auronzo\/San Vito di Cadore) se n&#8217;\u00e8 aggiunto un quarto, la linea per l&#8217;Agordino che, arrivata a Caprile, si fionderebbe in galleria verso Cortina&#8230;. \u00a0<em>interviene Silvia Cestaro, sindaco di Selva di Cadore. \u00abL&#8217;Agordino \u00e8 stato tagliato fuori da ogni scelta in ordine ai Mondiali di sci e alle Olimpiadi. Eppure si era detto che questi eventi dovevano avere una ricaduta provinciale, anzi regionale. Ecco perch\u00e9 un gruppo di sindaci dell&#8217;Agordino si \u00e8 messo di buona \u00e8 sta lavorando intorno a un&#8217;idea di collegamento ferroviario tra Belluno, Agordo (leggi anche Luxottica), i comprensori sciistici di Alleghe e dello Zoldano, quello di Falcade-San Pellegrino, Fodom e Marmolada, i passi\u00bb. Il treno arriverebbe a Caprile e da qui raggiungerebbe Cortina in pochi chilometri di galleria.<\/em><\/div>\n<p>&nbsp;<\/p>\n<p>&nbsp;<\/p>\n<p>&nbsp;<\/p>\n<p>&nbsp;<\/p>\n<h2>Sicurezza stradale Attivit\u00e0 di prevenzione Polizia Locale e Polizia Stradale<\/h2>\n<p><strong><a class=\"dt-pswp-item\" href=\"https:\/\/www.radiopiu.net\/wordpress\/wp-content\/uploads\/2019\/12\/Controllo-congiunto-Polizia-Locale-e-Stradale-Valle-29-29-12-2019-2.jpeg\" data-dt-img-description=\"\" data-large_image_width=\"1600\" data-large_image_height=\"1062\"><img loading=\"lazy\" decoding=\"async\" class=\" wp-image-111462 alignleft\" src=\"https:\/\/www.radiopiu.net\/wordpress\/wp-content\/uploads\/2019\/12\/Controllo-congiunto-Polizia-Locale-e-Stradale-Valle-29-29-12-2019-2-300x199.jpeg\" alt=\"\" width=\"207\" height=\"137\" srcset=\"https:\/\/www.radiopiu.net\/wordpress\/wp-content\/uploads\/2019\/12\/Controllo-congiunto-Polizia-Locale-e-Stradale-Valle-29-29-12-2019-2-300x199.jpeg 300w, https:\/\/www.radiopiu.net\/wordpress\/wp-content\/uploads\/2019\/12\/Controllo-congiunto-Polizia-Locale-e-Stradale-Valle-29-29-12-2019-2-1024x680.jpeg 1024w, https:\/\/www.radiopiu.net\/wordpress\/wp-content\/uploads\/2019\/12\/Controllo-congiunto-Polizia-Locale-e-Stradale-Valle-29-29-12-2019-2-768x510.jpeg 768w, https:\/\/www.radiopiu.net\/wordpress\/wp-content\/uploads\/2019\/12\/Controllo-congiunto-Polizia-Locale-e-Stradale-Valle-29-29-12-2019-2-1536x1020.jpeg 1536w, https:\/\/www.radiopiu.net\/wordpress\/wp-content\/uploads\/2019\/12\/Controllo-congiunto-Polizia-Locale-e-Stradale-Valle-29-29-12-2019-2.jpeg 1600w\" sizes=\"auto, (max-width: 207px) 100vw, 207px\" \/><\/a>BELLUNO<\/strong>\u00a0 Si \u00e8 svolta nella notte tra sabato 28 e domenica 29 dicembre l&#8217;attivit\u00e0 di controllo e prevenzione sulle strade del capoluogo che ha impegnato due pattuglie della Polizia Locale di Belluno e altrettante pattuglie della Polizia Stradale di Valle di Cadore. Decine le auto fermate ai due posti di blocco presenti fino alle 4 del mattino agli ingressi della citt\u00e0.\u00a0<em> \u00abIo sar\u00f2 contento solamente quando al termine di queste attivit\u00e0 non avremo ritirato nessuna patente. Non voglio giocare alla guerra delle cifre; la prevenzione, in questo caso, \u00e8 molto pi\u00f9 efficace della repressione\u00bb, spiega il comandante. <\/em>Dalla C\u00e0 porta un esempio a sostegno di questo:<em> <a class=\"dt-pswp-item\" href=\"https:\/\/www.radiopiu.net\/wordpress\/wp-content\/uploads\/2019\/12\/Controllo-congiunto-Polizia-Locale-e-Stradale-Valle-29-29-12-2019-1.jpeg\" data-dt-img-description=\"\" data-large_image_width=\"1600\" data-large_image_height=\"1109\"><img loading=\"lazy\" decoding=\"async\" class=\" wp-image-111461 alignright\" src=\"https:\/\/www.radiopiu.net\/wordpress\/wp-content\/uploads\/2019\/12\/Controllo-congiunto-Polizia-Locale-e-Stradale-Valle-29-29-12-2019-1-300x208.jpeg\" alt=\"\" width=\"237\" height=\"164\" srcset=\"https:\/\/www.radiopiu.net\/wordpress\/wp-content\/uploads\/2019\/12\/Controllo-congiunto-Polizia-Locale-e-Stradale-Valle-29-29-12-2019-1-300x208.jpeg 300w, https:\/\/www.radiopiu.net\/wordpress\/wp-content\/uploads\/2019\/12\/Controllo-congiunto-Polizia-Locale-e-Stradale-Valle-29-29-12-2019-1-1024x710.jpeg 1024w, https:\/\/www.radiopiu.net\/wordpress\/wp-content\/uploads\/2019\/12\/Controllo-congiunto-Polizia-Locale-e-Stradale-Valle-29-29-12-2019-1-768x532.jpeg 768w, https:\/\/www.radiopiu.net\/wordpress\/wp-content\/uploads\/2019\/12\/Controllo-congiunto-Polizia-Locale-e-Stradale-Valle-29-29-12-2019-1-1536x1065.jpeg 1536w, https:\/\/www.radiopiu.net\/wordpress\/wp-content\/uploads\/2019\/12\/Controllo-congiunto-Polizia-Locale-e-Stradale-Valle-29-29-12-2019-1.jpeg 1600w\" sizes=\"auto, (max-width: 237px) 100vw, 237px\" \/><\/a>\u00abAbbiamo fermato una signora, a bordo dell&#8217;auto aveva tre ragazzi. Ha soffiato nell&#8217;etilometro e aveva un tasso alcolemico pari a zero; ha voluto ringraziare gli agenti per il lavoro svolto, ed \u00e8 stata un esempio corretto per i suoi giovani passeggeri\u00bb. <\/em>Soddisfazione per l&#8217;operato arriva dal sindaco di Belluno, Jacopo Massaro: \u00abNon pu\u00f2 che fare piacere la forte collaborazione della nostra Polizia Locale con le forze dell&#8217;ordine, soprattutto quando si parla di prevenzione e di sicurezza. Sono iniziative che rimarcano l&#8217;impegno dei nostri agenti su queste tematiche, cos\u00ec sentite anche tra la popolazione; un impegno che li vede protagonisti anche nelle ore notturne, nonostante l&#8217;organico ridotto, e li ringrazio quindi per la loro dedizione\u00bb.<\/p>\n<p>&nbsp;<\/p>\n<p>&nbsp;<\/p>\n<p>&nbsp;<\/p>\n<h3>TRENTA MINORI IN AFFIDO, IN AUMENTO GLI ETEROFAMILIARI<\/h3>\n<p><a class=\"dt-pswp-item\" href=\"https:\/\/www.radiopiu.net\/wordpress\/wp-content\/uploads\/2019\/12\/IMG-20191223-WA0013.jpg\" data-dt-img-description=\"\" data-large_image_width=\"1165\" data-large_image_height=\"458\"><img loading=\"lazy\" decoding=\"async\" class=\"size-medium wp-image-111375 alignleft\" src=\"https:\/\/www.radiopiu.net\/wordpress\/wp-content\/uploads\/2019\/12\/IMG-20191223-WA0013-300x118.jpg\" alt=\"\" width=\"300\" height=\"118\" srcset=\"https:\/\/www.radiopiu.net\/wordpress\/wp-content\/uploads\/2019\/12\/IMG-20191223-WA0013-300x118.jpg 300w, https:\/\/www.radiopiu.net\/wordpress\/wp-content\/uploads\/2019\/12\/IMG-20191223-WA0013-1024x403.jpg 1024w, https:\/\/www.radiopiu.net\/wordpress\/wp-content\/uploads\/2019\/12\/IMG-20191223-WA0013-768x302.jpg 768w, https:\/\/www.radiopiu.net\/wordpress\/wp-content\/uploads\/2019\/12\/IMG-20191223-WA0013.jpg 1165w\" sizes=\"auto, (max-width: 300px) 100vw, 300px\" \/><\/a><strong>BELLUNO<\/strong> Negli ultimi anni, grazie alle attivit\u00e0 di promozione dell&#8217;affido ed all&#8217;ottima risposta del territorio feltrino, si registra un trend positivo di aumento di famiglie affidatarie. Dai 15 minori in affido del 2014 si \u00e8 passati nel 2018 a 33 minori in affido, dato rimasto costante nel 2019. Di questi, \u00e8 significativo il passaggio da 4 a 17 minori in collocamento etero-familiare, cio\u00e8 fuori dalla propria famiglia. \u00abIl 2019 \u00e8 stato un anno ricco di eventi e di sinergie intorno al tema dell&#8217;affido familiare, che ricordiamo essere la possibilit\u00e0, per un bambino o un ragazzo la cui famiglia si trova in difficolt\u00e0, di passare qualche ora al giorno, alcuni giorni o tutta la settimana, a casa di persone che si rendono disponibili ad accoglierlo. La &#8220;marcia in pi\u00f9&#8221; del 2019 \u00e8 stata il lavoro di rete che si \u00e8 costruito con con associazioni, Comuni, Scuole, Biblioteche, a dimostrazione di un territorio sensibile e disponibile a prendersi cura di chi si trova in difficolt\u00e0, come \u00e8 da sempre la Provincia di Belluno.Si \u00e8 cominciato in primavera, nella prima settimana di aprile, quando in diverse realt\u00e0 di tutta la Provincia si \u00e8 potuto parlare a grandi e piccini, attraverso incontri e letture animate, di questa importante risorsa. Alla fine dell&#8217;estate, il 14 settembre, Feltre si \u00e8 colorata con la &#8220;Color Fun&#8221;, una passeggiata di 5 km per le vie del centro cui hanno partecipato 450 persone, che si sono colorate dei colori della fiducia, dell&#8217;amore e della solidariet\u00e0. Alla conclusione della marcia, in Pra del Moro, ci sono stati giochi, letture, animazioni per grandi e piccini\u00bb, spiegano Mara Frare e Silvia Stefani dell\u2019et\u00e0 Evolutiva di Feltre.In Provincia sono stati organizzati anche due corsi di formazione\/informazioni sull&#8217;affido familiare, uno a Belluno in primavera e uno a Feltre in autunno, a cura degli operatori del Centro per l&#8217;Affido e la Solidariet\u00e0 Familiare. Inoltre, quest&#8217;anno si \u00e8 tenuto un corso per operatori dei servizi socio-sanitari della durata di 8 ore. Tutte queste inziative hanno lo scopo di ampliare la possibilit\u00e0 per bambini che si trovano a vivere situazioni familiari difficilissime di trovare serenit\u00e0 in una famiglia del territorio, mantenendo i rapporti con la propria famiglia con i propri cari e senza sradicamenti fuori Provincia. Per chi fosse incuriosito da queste iniziative, pu\u00f2 contattare gli operatori del Centro per l&#8217;Affido Familiare dell&#8217;Azienda ULSS 1 Dolomiti, in qualsiasi periodo dell&#8217;anno, allo 0437514975 (Belluno) o 0439883170 (Feltre), oppure agli indirizzi mail centroaffido.bl@aulss1.veneto.it o centroaffido.fe@aulss1.veneto.it . Seguite anche la nostra pagina facebook \u201cSe mi Fido, mi Affido\u201d<\/p>\n<p>&nbsp;<\/p>\n<p>&nbsp;<\/p>\n<p>&nbsp;<\/p>\n<h3>PONTE SUL GAVON DISTRUTTO DAL CAMION DELLA CADORE ASFALTI, A MARGINE DELL&#8217;ARTICOLO DI IERI DA FALCADE RODOLFO PELLEGRINON SCRIVE<\/h3>\n<blockquote>\n<div><em>&#8220;Nel giornale RADIOPIU ho letto del \u201cCamion fantasma\u201d che era finito sulla ciclabile con un carico sospetto. Vorremo tutti sapere i risvolti di quello che sembra essere un \u201c Film giallo\u201d. Riusciremo a sapere la verit\u00e0? O per vari motivi si archivier\u00e0 il tutto e nessuno sapr\u00e0 mai il perch\u00e9\u00a0 e il per come? Gli elementi per una veloce chiarezza c\u2019erano tutti:\u00a0 1) il camion carico ( che era sul posto) 2) l\u2019autista ( Che non era fuggito) 3) la pista ciclabile ( distrutta) <\/em><em>4) la destinazione del materiale. Una faccenda che in qualsiasi\u00a0 comunit\u00e0 &#8220;normale&#8221; sarebbe stata risolta in un paio di giorni. Ma si sa siamo in Italia.<\/em><\/div>\n<\/blockquote>\n<h3>DAL GIORNALE RADIOPIU&#8217; DI IERI<\/h3>\n<div>\n<p><strong><a class=\"dt-pswp-item\" href=\"https:\/\/www.radiopiu.net\/wordpress\/wp-content\/uploads\/2019\/12\/3c-768x373-2.jpg\" data-dt-img-description=\"\" data-large_image_width=\"768\" data-large_image_height=\"373\"><img loading=\"lazy\" decoding=\"async\" class=\"alignnone size-medium wp-image-111260\" src=\"https:\/\/www.radiopiu.net\/wordpress\/wp-content\/uploads\/2019\/12\/3c-768x373-2-300x146.jpg\" alt=\"\" width=\"300\" height=\"146\" srcset=\"https:\/\/www.radiopiu.net\/wordpress\/wp-content\/uploads\/2019\/12\/3c-768x373-2-300x146.jpg 300w, https:\/\/www.radiopiu.net\/wordpress\/wp-content\/uploads\/2019\/12\/3c-768x373-2.jpg 768w\" sizes=\"auto, (max-width: 300px) 100vw, 300px\" \/><\/a><\/strong><\/p>\n<p><strong>FALCADE<\/strong><\/p>\n<p><strong>DI GIANNI SANTOMASO<\/strong><\/p>\n<audio class=\"wp-audio-shortcode\" id=\"audio-111422-4\" preload=\"none\" style=\"width: 100%;\" controls=\"controls\"><source type=\"audio\/mpeg\" src=\"https:\/\/www.radiopiu.net\/wordpress\/wp-content\/uploads\/2019\/12\/gianni-gavon.mp3?_=4\" \/><a href=\"https:\/\/www.radiopiu.net\/wordpress\/wp-content\/uploads\/2019\/12\/gianni-gavon.mp3\">https:\/\/www.radiopiu.net\/wordpress\/wp-content\/uploads\/2019\/12\/gianni-gavon.mp3<\/a><\/audio>\n<p>GIORNALE RADIO PIU 4 SETTEMBRE 2019<\/p>\n<blockquote class=\"wp-embedded-content\" data-secret=\"drcdY3gaIW\"><p><a href=\"https:\/\/www.radiopiu.net\/wordpress\/gavon\/\">IL PONTE SUL TORRENTE GAVON &#8220;TRAVOLTO&#8221; DAL CAMION<\/a><\/p><\/blockquote>\n<p><iframe loading=\"lazy\" title=\"&#8220;IL PONTE SUL TORRENTE GAVON &#8220;TRAVOLTO&#8221; DAL CAMION&#8221; &#8212; Radio Pi\u00f9\" class=\"wp-embedded-content\" sandbox=\"allow-scripts\" security=\"restricted\" style=\"position: absolute; clip: rect(1px, 1px, 1px, 1px);\" src=\"https:\/\/www.radiopiu.net\/wordpress\/gavon\/embed\/#?secret=drcdY3gaIW\" data-secret=\"drcdY3gaIW\" width=\"600\" height=\"338\" frameborder=\"0\" marginwidth=\"0\" marginheight=\"0\" scrolling=\"no\"><\/iframe><\/p>\n<p>&nbsp;<\/p>\n<\/div>\n<p>&nbsp;<\/p>\n<p>&nbsp;<\/p>\n<h3>BILANCIO DI FINE ANNO, PADRIN: \u00ab2019 ANNO IMPEGNATIVO, CONDIZIONATO DALLA RICOSTRUZIONE POST-VAIA; IL 2020 DOVR\u00c0 ESSERE QUELLO DELLA SVOLTA PER L\u2019ENTE PROVINCIA\u00bb<\/h3>\n<p><strong>BELLUNO<\/strong>\u00a0 Il presidente della Provincia e i consiglieri hanno tracciato questa mattina, in conferenza stampa, il bilancio del 2019, fissando anche gli obiettivi per il prossimo anno. <em>\u00abIl 2020 ci regala qualche prospettiva in pi\u00f9 rispetto al passato, quando la parola d\u2019ordine era stata spending review\u00bb. <\/em><strong>Nel bilancio del 2019,<\/strong> il presidente Padrin ha tracciato l\u2019attivit\u00e0 svolta. Per quanto riguarda le progettazioni da Fondo Comuni di confine, la Provincia ha gestito direttamente progetti per 25 milioni di euro.\u00a0 <strong>Sul tema bilancio<\/strong>, \u00e8 intervenuta la consigliera Serenella Bogana: <em>\u00abNel 2019 siamo riusciti a fare qualcosa di straordinario con i contributi ai Comuni di seconda e terza fascia, che non hanno accesso ai Fondi dei Comuni di confine&#8221;. <\/em>\u00a0<strong>Per quanto riguarda il patrimonio<\/strong>, <em>\u00abnel 2019 siamo riusciti a portare a conclusione alcune operazioni importanti &#8211; ha spiegato il consigliere Ivan Minella -. Penso all\u2019accordo con Feltre per Palazzo Bizzarrini, che oggi \u00e8 in comodato a servizio del Comune. O alla caserma dei Carabinieri di Feltre, data in comodato all\u2019Unione Montana Feltrina&#8221;<\/em>. <strong>Importanti anche i lavori della Difesa del Suolo<\/strong>, in un anno &#8211; il 2019 &#8211; pesantemente condizionato dalla ricostruzione post-Vaia oltre che da nuovi episodi di maltempo. <em>\u00abAbbiamo messo in campo opere per circa 10 milioni di euro, nella ricostruzione post-Vaia &#8211; ha spiegato il consigliere delegato Massimo Bortoluzzi -. Il piano triennale prevede opere da 17 milioni. <\/em><strong>Per quanto riguarda Caccia e Pesca e Minoranze linguistiche,<\/strong> <em>\u00abnel 2019 l\u2019amministrazione ha portato a termine l\u2019atto politico pi\u00f9 importante che riconosce alla Provincia competenze tolte in precedenza, dando funzioni, personale e risorse su caccia e pesca &#8211; ha detto il consigliere Franco De Bon -. Ci stiamo occupando anche della situazione delle minoranze linguistiche, perch\u00e9 questo pu\u00f2 diventare un tema fondamentale per il riconoscimento della specificit\u00e0 rappresentata dal nostro territorio\u00bb<\/em>. De Bon ha ricordato anche i numeri delle predazioni da lupo dell\u2019anno in corso (aggiornate al 5 dicembre): 52 attacchi, che hanno causato la morte di 45 pecore, 18 agnelli, 1 montone, 10 capre, 1 bovino, 22 asini, 12 daini e 1 cane. Da parte del consigliere Pierluigi Svaluto Ferro, una considerazione finale sulla situazione dell\u2019ente Provincia, soprattutto in previsione del 2020. <em>\u00abLa normativa in vigore ha creato problemi enormi alla Provincia. Lo vediamo sulle funzioni non fondamentali, dove gli uffici sono in apnea, perch\u00e9 non ci sono le risorse umane sufficienti per mandare avanti quello che dovremmo fare. Il passaggio alla Regione del personale delle funzioni non fondamentali \u00e8 stato deleterio. L\u2019augurio \u00e8 che cambi qualcosa nel 2020\u00bb.<\/em><\/p>\n<div><\/div>\n<div><\/div>\n<div><\/div>\n<blockquote>\n<div><\/div>\n<\/blockquote>\n<div><\/div>\n<div>\n<h3>ANNO NUOVO, VITA NUOVA PER I DISOCCUPATI: PARTE IL CORSO PER MANUTENTORE NEL SETTORE OCCHIALERIA<\/h3>\n<p><strong><a class=\"dt-pswp-item\" href=\"https:\/\/www.radiopiu.net\/wordpress\/wp-content\/uploads\/2018\/01\/da-certottica-2-corsi-specialistici-richiesti-dalle-aziende_Platform_Optic.jpg\" data-dt-img-description=\"\" data-large_image_width=\"785\" data-large_image_height=\"454\"><img loading=\"lazy\" decoding=\"async\" class=\" wp-image-42612 alignleft\" src=\"https:\/\/www.radiopiu.net\/wordpress\/wp-content\/uploads\/2018\/01\/da-certottica-2-corsi-specialistici-richiesti-dalle-aziende_Platform_Optic-300x174.jpg\" alt=\"\" width=\"245\" height=\"142\" srcset=\"https:\/\/www.radiopiu.net\/wordpress\/wp-content\/uploads\/2018\/01\/da-certottica-2-corsi-specialistici-richiesti-dalle-aziende_Platform_Optic-300x174.jpg 300w, https:\/\/www.radiopiu.net\/wordpress\/wp-content\/uploads\/2018\/01\/da-certottica-2-corsi-specialistici-richiesti-dalle-aziende_Platform_Optic-768x444.jpg 768w, https:\/\/www.radiopiu.net\/wordpress\/wp-content\/uploads\/2018\/01\/da-certottica-2-corsi-specialistici-richiesti-dalle-aziende_Platform_Optic.jpg 785w\" sizes=\"auto, (max-width: 245px) 100vw, 245px\" \/><\/a>LONGARONE<\/strong> \u00a0\u201cAnno nuovo, vita nuova\u201d recita il detto, e potr\u00e0 esserlo davvero per 12 disoccupati interessati ad ampliare le proprie competenze professionali: Certottica promuove a fine gennaio il corso per \u201cManutentore di macchine\/impianti\/sistemi di automazione 4.0 per il settore occhialeria\u201d una figura sempre pi\u00f9 richiesta tra le aziende del Distretto. I candidati, al termine dell\u2019iter, saranno in grado di utilizzare, controllare e ripristinare il corretto funzionamento di apparati e impianti, sulla base delle normative tecniche di riferimento e in conformit\u00e0 alle disposizioni previste in materia di salute e sicurezza sul lavoro. Questo grazie alla formula della work experience, che prevede 288 ore di formazione specialistica in aula, 24 ore di laboratorio, 15 ore di orientamento al ruolo (individuale e di gruppo), 8 ore di visita di studio in territorio regionale, e ben 300 ore di tirocinio in aziende del settore occhialeria. Tra gli obiettivi del percorso formativo, troviamo, ad esempio, la comprensione delle nozioni fondamentali delle grandezze elettriche, l\u2019utilizzo della strumentazione e della componentistica di comune utilizzo nei processi industriali, e l\u2019interpretazione degli schemi elettrici. Come si diceva, il corso \u00e8 destinato a 12 disoccupati\/inoccupati di entrambi i sessi in possesso almeno di diploma o attestato di qualifica professionale coerente con il profilo professionale e della DID (Dichiarazione di Immediata Disponibilit\u00e0 al lavoro, rilasciata dal centro per l\u2019impiego di competenza). C\u2019\u00e8 inoltre da sottolineare che l\u2019opportunit\u00e0 offerta dall\u2019Area Formazione di Certottica, inoltre, \u00e8 totalmente gratuita, in quanto finanziata grazie alle risorse messe a disposizione dal protocollo d\u2019intesa siglato da ANFAO, Associazione Nazionale Fabbricanti e Articoli Ottici, e dalla Regione del Vento, nel solco del Fondo Sociale Europeo. Le selezioni sono fissate per il 22 gennaio: invitiamo tutti gli interessati a consultare il sito www.certottica.it per approfondire tutti i dettagli e a contattare l\u2019Area Formazione di Certottica (formazione@certottica.it, 0437 573157) a partire dal 7 gennaio.<\/p>\n<\/div>\n<p>&nbsp;<\/p>\n<p>&nbsp;<\/p>\n<p>&nbsp;<\/p>\n<h3>CENTRO TRASFUSIONALE SUPERATE LE 13.400 SACCHE DI SANGUE INTERO RACCOLTE<\/h3>\n<p><strong>BELLUNO<\/strong>\u00a0 Superate le 13.500 sacche di sangue intero e 1.000 di plasma raccolte dal Dipartimento Trasfusionale dell\u2019Ulss Dolomiti diretto da Stefano Capelli.Il bilancio si chiude in positivo per il Dipartimento di Medicina Trasfusionale dell\u2019Ulss Dolomiti che, grazie alla generosit\u00e0 dei Bellunesi e all\u2019organizzazione del Dipartimento riesce a far fronte ai bisogni del territorio ed anche a cedere sangue ad altri Centri.Al 30 novembre le cessioni di sangue sono state 6.300 e, oltre al Veneto, sono state in Sardegna e Lazio.Rispetto al 2018, la raccolta di sangue intero \u00e8 in crescita sia a Belluno che a Agordo, Pieve di Cadore e Feltre mentre la raccolta di plasma \u00e8 stabile a Feltre e in deciso incremento a Belluno.In crescita anche gli aspiranti donatori. Al 30 novembre erano complessivamente gi\u00e0 1.146 rispetto ai 1.112 del 2018. Le donazioni su chiamata dei donatori hanno rappresentato l\u20198,5% delle donazioni totali.In crescita anche l\u2019attivit\u00e0 di consulenza di medicina generativa con 437 consulenze per la gestione di pazienti affetti da patologie degenerative osteo-artro-tendinee e ulcere cutanee di difficile guarigione (+28% rispetto allo scorso anno); l\u2019attivit\u00e0 di reclutamento di donatori di midollo osseo (+9%) e l\u2019attivit\u00e0 di consulenze per la gestione del patrimonio ematico di pazienti candidati a interventi chirurgici in elezione (+39%). L\u2019anno i chiude anche con la grande soddisfazione per la pubblicazione sulla rivista scientifica Nature di un articolo sulla medicina generativa firmato anche dai dottori Alessio Borean e Stefano Capelli.<\/p>\n<p>&nbsp;<\/p>\n<p>&nbsp;<\/p>\n<p>&nbsp;<\/p>\n<h3>CARABINIERI E SCUOLE SCI A FIANCO DEI PICCOLI SCIATORI<\/h3>\n<p><strong>CORTINA\u00a0<\/strong> Questa mattina primo incontro con i ragazzi delle scuole sci di Cortina nell&#8217;ambito del progetto \u201cSki School Safety Moment\u201d. Con questa iniziativa l\u2019Arma dei Carabinieri e le Scuole Sci hanno inteso promuovere un\u2019attivit\u00e0 di informazione e prevenzione di sicurezza sulle piste in occasione dell\u2019avvio dei corsi sciistici settimanali per bambini. Durante i corsi\u00a0 ai pi\u00f9 piccoli\u00a0 \u00e8 stato donato\u00a0 \u201cil decalogo dello sciatore\u201d che illustra in modo simpatico le norme di comportamento per chi pratica lo sci alpino e lo snowboard . Il Capitano della Compagnia di Cortina Stefano Biasone ha dato il via con i suoi collaboratori all&#8217;attivita riscuotendo grande interesse da parte dei &#8221; futuri campioni di sci&#8221;. L\u2019iniziativa, nata dalla partnership tra l\u2019Arma dei Carabinieri, Difesa Servizi S.p.A., Mercedes Benz e K_Bek, si inserisce nell\u2019ambito delle attivit\u00e0 di valorizzazione del marchio sportivo \u201cArma 1814\u201d in collaborazione con le scuole sci di Cortina e Folgaria \u2013 Madonna di Campiglio.<\/p>\n\n\t\t\t<style type='text\/css'>\n\t\t\t\t#gallery-2 {\n\t\t\t\t\tmargin: auto;\n\t\t\t\t}\n\t\t\t\t#gallery-2 .gallery-item {\n\t\t\t\t\tfloat: left;\n\t\t\t\t\tmargin-top: 10px;\n\t\t\t\t\ttext-align: center;\n\t\t\t\t\twidth: 33%;\n\t\t\t\t}\n\t\t\t\t#gallery-2 img {\n\t\t\t\t\tborder: 2px solid #cfcfcf;\n\t\t\t\t}\n\t\t\t\t#gallery-2 .gallery-caption {\n\t\t\t\t\tmargin-left: 0;\n\t\t\t\t}\n\t\t\t\t\/* see gallery_shortcode() in wp-includes\/media.php *\/\n\t\t\t<\/style>\n\t\t<div id='gallery-2' class='dt-gallery-container gallery galleryid-111422 gallery-columns-3 gallery-size-thumbnail'><dl class='gallery-item'>\n\t\t\t\t<dt class='gallery-icon portrait'>\n\t\t\t\t\t<a class=\"rollover\" href='https:\/\/www.radiopiu.net\/wordpress\/carabinieri-e-scuole-sci-a-fianco-dei-piccoli-sciatori-ecco-il-decalogo\/f66fad2b-82fd-4987-81eb-e919c0de294e\/'><img loading=\"lazy\" decoding=\"async\" width=\"150\" height=\"150\" src=\"https:\/\/www.radiopiu.net\/wordpress\/wp-content\/uploads\/2019\/12\/f66fad2b-82fd-4987-81eb-e919c0de294e-150x150.jpg\" class=\"attachment-thumbnail size-thumbnail\" alt=\"\" \/><\/a>\n\t\t\t\t<\/dt><\/dl><dl class='gallery-item'>\n\t\t\t\t<dt class='gallery-icon portrait'>\n\t\t\t\t\t<a class=\"rollover\" href='https:\/\/www.radiopiu.net\/wordpress\/carabinieri-e-scuole-sci-a-fianco-dei-piccoli-sciatori-ecco-il-decalogo\/596884e6-e134-4341-abc1-d51df1ab4af9\/'><img loading=\"lazy\" decoding=\"async\" width=\"150\" height=\"150\" src=\"https:\/\/www.radiopiu.net\/wordpress\/wp-content\/uploads\/2019\/12\/596884e6-e134-4341-abc1-d51df1ab4af9-150x150.jpg\" class=\"attachment-thumbnail size-thumbnail\" alt=\"\" \/><\/a>\n\t\t\t\t<\/dt><\/dl><dl class='gallery-item'>\n\t\t\t\t<dt class='gallery-icon portrait'>\n\t\t\t\t\t<a class=\"rollover\" href='https:\/\/www.radiopiu.net\/wordpress\/carabinieri-e-scuole-sci-a-fianco-dei-piccoli-sciatori-ecco-il-decalogo\/dd9c583b-1438-48a2-a8a4-4af3462972b0\/'><img loading=\"lazy\" decoding=\"async\" width=\"150\" height=\"150\" src=\"https:\/\/www.radiopiu.net\/wordpress\/wp-content\/uploads\/2019\/12\/dd9c583b-1438-48a2-a8a4-4af3462972b0-150x150.jpg\" class=\"attachment-thumbnail size-thumbnail\" alt=\"\" \/><\/a>\n\t\t\t\t<\/dt><\/dl><br style=\"clear: both\" \/>\n\t\t\t<\/div>\n\n<p>&nbsp;<\/p>\n<p>&nbsp;<\/p>\n<p>&nbsp;<\/p>\n<h2><span style=\"color: #ff0000;\">IERI ALLA RADIO<\/span><\/h2>\n<h3>ATTIVITA&#8217; FINANZIARIE FRAUDOLENTE IN UNO STABILIMENTO ESSILOR_LUXOTTICA IN TAILANDIA<\/h3>\n<p><strong><a class=\"dt-pswp-item\" href=\"https:\/\/www.radiopiu.net\/wordpress\/wp-content\/uploads\/2019\/12\/download.png\" data-dt-img-description=\"\" data-large_image_width=\"300\" data-large_image_height=\"168\"><img loading=\"lazy\" decoding=\"async\" class=\"size-full wp-image-111352 alignleft\" src=\"https:\/\/www.radiopiu.net\/wordpress\/wp-content\/uploads\/2019\/12\/download.png\" alt=\"\" width=\"300\" height=\"168\" \/><\/a>Charenton-Le-Pont, Francia <\/strong>EssilorLuxottica comunica che la controllata Essilor International ha recentemente accertato attivit\u00e0 finanziarie fraudolente in uno dei suoi stabilimenti in Thailandia. Essilor International ha sporto denuncia in Thailandia e in altre giurisdizioni e ha mobilitato tutte le risorse opportune, interne ed esterne, per porre immediatamente fine alle attivit\u00e0 fraudolente e adottare le misure necessarie. La societ\u00e0 sta inoltre svolgendo indagini serrate e perseguendo tutte le possibili iniziative per cercare di recuperare i fondi indebitamente sottratti e mitigare l&#8217;impatto sul Gruppo. Tutti i dipendenti che risultano ad oggi coinvolti nelle attivit\u00e0 fraudolente sono stati licenziati. Essilor International ha introdotto inoltre ulteriori controlli interni in tutto il mondo al fine di rafforzare i protocolli di sicurezza esistenti. L&#8217;impatto finanziario atteso potrebbe essere pari ad un massimo di 190 milioni di Euro o ridursi per effetto di eventuali rimborsi assicurativi, ritorni dalle azioni legali e recuperi di ulteriori somme attualmente congelate su vari conti bancari. Tale impatto sar\u00e0 registrato nei risultati operativi del 2019 e sar\u00e0 trattato come un fattore di aggiustamento per determinare i valori adjusted dell\u2019esercizio. Il Consiglio di Amministrazione di EssilorLuxottica \u00e8 informato e monitorer\u00e0 attentamente la situazione con il supporto di advisor esterni; esaminer\u00e0 inoltre eventuali ulteriori iniziative affinch\u00e9 tali attivit\u00e0 fraudolente non si ripetano in futuro<\/p>\n<p>&nbsp;<\/p>\n<p>&nbsp;<\/p>\n<p>&nbsp;<\/p>\n<p>&nbsp;<\/p>\n<blockquote>\n<h3><strong>OCCHI BELLI, CONTROLLO GRATUITO DELLA VISTA<\/strong><\/h3>\n<p><strong><a class=\"dt-pswp-item\" href=\"https:\/\/www.radiopiu.net\/wordpress\/wp-content\/uploads\/2019\/12\/f6c6493f-d5ae-4360-93f1-55d2398e750b.jpg\" data-dt-img-description=\"\" data-large_image_width=\"900\" data-large_image_height=\"1600\"><img loading=\"lazy\" decoding=\"async\" class=\"wp-image-111442 alignleft\" src=\"https:\/\/www.radiopiu.net\/wordpress\/wp-content\/uploads\/2019\/12\/f6c6493f-d5ae-4360-93f1-55d2398e750b-169x300.jpg\" alt=\"\" width=\"109\" height=\"194\" srcset=\"https:\/\/www.radiopiu.net\/wordpress\/wp-content\/uploads\/2019\/12\/f6c6493f-d5ae-4360-93f1-55d2398e750b-169x300.jpg 169w, https:\/\/www.radiopiu.net\/wordpress\/wp-content\/uploads\/2019\/12\/f6c6493f-d5ae-4360-93f1-55d2398e750b-576x1024.jpg 576w, https:\/\/www.radiopiu.net\/wordpress\/wp-content\/uploads\/2019\/12\/f6c6493f-d5ae-4360-93f1-55d2398e750b-768x1365.jpg 768w, https:\/\/www.radiopiu.net\/wordpress\/wp-content\/uploads\/2019\/12\/f6c6493f-d5ae-4360-93f1-55d2398e750b-864x1536.jpg 864w, https:\/\/www.radiopiu.net\/wordpress\/wp-content\/uploads\/2019\/12\/f6c6493f-d5ae-4360-93f1-55d2398e750b.jpg 900w\" sizes=\"auto, (max-width: 109px) 100vw, 109px\" \/><\/a>ALLEGHE Sabato 18 gennaio dalle 14.30 alle 17.30 e domenica 19 dalle 9 alle 12 e dalle 14 alle 17 alle scuole elementari di Alleghe i medici oculisti e ortottisti dell&#8217;ospedale di Castelfranco Veneto e Montebelluna danno la possibilit\u00e0 a tutti i bambini fino a 13 anni di eseguire uno screening per la prevenzione dello strabismo ed ambliopia, occasione unica e gratuita per ottenere una valutazione preliminare.\u00a0<\/strong><\/p><\/blockquote>\n<p>&nbsp;<\/p>\n<p>&nbsp;<\/p>\n<p>&nbsp;<\/p>\n<p>&nbsp;<\/p>\n<p>&nbsp;<\/p>\n<p>&nbsp;<\/p>\n<h3>A CAPODANNO E PER TUTTO IL 2020, SCEGLI LA MONTAGNA<br \/>\nACQUISTA NEI NEGOZI DEI TERRITORI, RICONOSCI IL VALORE SOCIALE DEI PRESIDI COMMERCIALI<\/h3>\n<blockquote><p><em><a class=\"dt-pswp-item\" href=\"https:\/\/www.radiopiu.net\/wordpress\/wp-content\/uploads\/2018\/12\/argentera_ferrere-3.jpg\" data-dt-img-description=\"\" data-large_image_width=\"865\" data-large_image_height=\"330\"><img loading=\"lazy\" decoding=\"async\" class=\"alignnone wp-image-71005 size-full\" src=\"https:\/\/www.radiopiu.net\/wordpress\/wp-content\/uploads\/2018\/12\/argentera_ferrere-3.jpg\" alt=\"\" width=\"865\" height=\"330\" srcset=\"https:\/\/www.radiopiu.net\/wordpress\/wp-content\/uploads\/2018\/12\/argentera_ferrere-3.jpg 865w, https:\/\/www.radiopiu.net\/wordpress\/wp-content\/uploads\/2018\/12\/argentera_ferrere-3-300x114.jpg 300w, https:\/\/www.radiopiu.net\/wordpress\/wp-content\/uploads\/2018\/12\/argentera_ferrere-3-768x293.jpg 768w\" sizes=\"auto, (max-width: 865px) 100vw, 865px\" \/><\/a><\/em><\/p>\n<p><em>Da oggi all&#8217;Epifania, le montagne italiane, tutte le localit\u00e0 alpine e appenniniche saranno scelte da centinaia di migliaia di turisti che vi passeranno momenti di svago, festa, riposo, divertimento, sport<\/em><\/p><\/blockquote>\n<p>Uncem lo fa tutti gli anni, d&#8217;intesa con molte associazioni di imprese e Unioncamere: l&#8217;appello a &#8220;comprare in valle&#8221;, nel paese dove ti trovi, a non portare tutto da casa, a entrare nella bottega, a pagare anche qualche centesimo in pi\u00f9 quel prodotto, lo rinnoviamo anche oggi, 31 dicembre 2019. Il 2020 sar\u00e0 un anno nel quale i commercianti, anche i pi\u00f9 piccoli dovranno fare i conti con scontrino elettronico e altre necessit\u00e0 burocratiche. Ci si modernizza e si guarda avanti, anche se non sempre \u00e8 semplice, in particolare per i pi\u00f9 piccoli. \u00c8 anche l&#8217;anno, il 2020, nel quale per la prima volta sono stanziati dallo Stato 40 milioni di euro per supportare le imprese e gli esercizi commerciali presenti nelle aree interne. Era stata un&#8217;istanza Uncem, con tanti altri Amici, sin dall&#8217;avvio della Strategia nazionale per le Aree interne, nel 2012 e poi per dare concretezza alla legge sui piccoli Comuni 158 del 2017. Ora ci siamo e queste risorse certificano la necessit\u00e0 di un migliore e pi\u00f9 forte legame degli Enti locali con le imprese. La Politica, nazionale e regionale, deve fare il suo, con opportune scelte. Vale ad esempio la necessit\u00e0 di ampliare le Zone economiche ambientali previste nel Decreto Ambiente all&#8217;interno dei Parchi nazionali. Una buona scelta. Ora per\u00f2 queste differenziazioni fiscali vanno estese alle aree interne e montane che veramente ne hanno bisogno. Vi sono livelli di marginalit\u00e0 socio-econonomica, nelle Alpi e negli Appennini, differenti e da riconoscere per opportuni investimenti e sgravi. Un percorso da fare che gi\u00e0 nella legge 97 del 1994 era stato abbozzato. Ripartire con nuove politiche per la montagna, superando disuguaglianze e sperequazioni, \u00e8 gi\u00e0 un fatto concreto.<\/p>\n<p>&nbsp;<\/p>\n<p>&nbsp;<\/p>\n<p>&nbsp;<\/p>\n<p>&nbsp;<\/p>\n<h3>CONTRIBUTI E GRATUITA&#8217; 2019, ALLE ASSOCIAZIONI 335 MILA EURO<\/h3>\n<p><strong>BELLUNO<\/strong> Ammontano a oltre 335mila euro i contributi diretti e indiretti erogati dall&#8217;amministrazione comunale di Belluno alle associazioni che nel corso dell&#8217;anno 2019 hanno svolto attivit\u00e0 e organizzato eventi nel capoluogo. <strong>Le ripartizioni <\/strong>Sono poco pi\u00f9 di 45mila euro i contributi diretti erogati alle associazioni per le varie attivit\u00e0 culturali, sportive, sociali e turistiche organizzate sul territorio comunale nell&#8217;anno che si appresta a concludersi; a questi, si aggiungono 15mila euro (5mila euro ciascuno) destinati alla Fondazione Angelini, al Circolo Culturale Bellunese e all&#8217;Istituto Storico Bellunese della Resistenza e dell&#8217;Et\u00e0 Contemporanea \u2013 ISBREC. Ci sono poi i contributi indiretti, quel sostegno meno visibile, ma ugualmente importante conferito dal Comune: si tratta di uso gratuito di spazi, canoni di affitto ridotti, forniture di servizi, etc. I benefici economici per concessioni e autorizzazioni temporanee ammontano a 12mila euro; ben pi\u00f9 significative le cifre legate alle convenzioni pluriennali, 145mila euro, e alla concessione di attrezzature, spazi e servizi, 117mila. Queste cifre vengono considerate come \u201cmancate entrate\u201d e come tali vengono messe a bilancio.<\/p>\n<p><strong>IL SINDACO JACOPO MASSARO\u00a0<\/strong><\/p>\n<audio class=\"wp-audio-shortcode\" id=\"audio-111422-5\" preload=\"none\" style=\"width: 100%;\" controls=\"controls\"><source type=\"audio\/mpeg\" src=\"https:\/\/www.radiopiu.net\/wordpress\/wp-content\/uploads\/2019\/12\/Massaro-Contributi-associazioni-2019.mp3?_=5\" \/><a href=\"https:\/\/www.radiopiu.net\/wordpress\/wp-content\/uploads\/2019\/12\/Massaro-Contributi-associazioni-2019.mp3\">https:\/\/www.radiopiu.net\/wordpress\/wp-content\/uploads\/2019\/12\/Massaro-Contributi-associazioni-2019.mp3<\/a><\/audio>\n<p>&nbsp;<\/p>\n<p>&nbsp;<\/p>\n<p>&nbsp;<\/p>\n<p>&nbsp;<\/p>\n<h2>E A CAPODANNO FUOCHI OFF LIMITS NEI LUOGHI PUBBLICI<\/h2>\n<p><strong>BELLUNO\u00a0<\/strong> Stop ai botti di Capodanno in citt\u00e0: il Sindaco di Belluno, Jacopo Massaro, ha firmato questa mattina l&#8217;ordinanza che da domani, marted\u00ec 31 dicembre, fino a venerd\u00ec 3 gennaio 2020 vieta il lancio di petardi, botti e fuochi pirotecnici negli spazi pubblici.<\/p>\n<p><strong>IL SINDACO JACOPO MASSARO<\/strong><\/p>\n<audio class=\"wp-audio-shortcode\" id=\"audio-111422-6\" preload=\"none\" style=\"width: 100%;\" controls=\"controls\"><source type=\"audio\/mpeg\" src=\"https:\/\/www.radiopiu.net\/wordpress\/wp-content\/uploads\/2019\/12\/Massaro-Ordinanza-botti-2019.mp3?_=6\" \/><a href=\"https:\/\/www.radiopiu.net\/wordpress\/wp-content\/uploads\/2019\/12\/Massaro-Ordinanza-botti-2019.mp3\">https:\/\/www.radiopiu.net\/wordpress\/wp-content\/uploads\/2019\/12\/Massaro-Ordinanza-botti-2019.mp3<\/a><\/audio>\n<p>&nbsp;<\/p>\n<p>&nbsp;<\/p>\n<p>&nbsp;<\/p>\n<p>&nbsp;<\/p>\n<h3>TERZA EDIZIONE A BELLUNO DEL \u201cCAMMINO DELLA PACE di RENATO BONA<\/h3>\n<p><a class=\"dt-pswp-item\" href=\"https:\/\/www.radiopiu.net\/wordpress\/wp-content\/uploads\/2019\/12\/81950324_469829800638560_5425362684981805056_n.jpg\" data-dt-img-description=\"\" data-large_image_width=\"768\" data-large_image_height=\"327\"><img loading=\"lazy\" decoding=\"async\" class=\"size-medium wp-image-111498 alignleft\" src=\"https:\/\/www.radiopiu.net\/wordpress\/wp-content\/uploads\/2019\/12\/81950324_469829800638560_5425362684981805056_n-300x128.jpg\" alt=\"\" width=\"300\" height=\"128\" srcset=\"https:\/\/www.radiopiu.net\/wordpress\/wp-content\/uploads\/2019\/12\/81950324_469829800638560_5425362684981805056_n-300x128.jpg 300w, https:\/\/www.radiopiu.net\/wordpress\/wp-content\/uploads\/2019\/12\/81950324_469829800638560_5425362684981805056_n.jpg 768w\" sizes=\"auto, (max-width: 300px) 100vw, 300px\" \/><\/a>\u201d Terza edizione, mercoled\u00ec 1 gennaio 2020, a Belluno, dell\u2019iniziativa \u201cIl cammino della pace\u201d proposta a livello diocesano nell\u2019ambito della 53. \u201cGiornata mondiale della pace\u201d. L\u2019organizzazione \u00e8 della Caritas diocesana, di Scuole in rete, Libera Belluno e dall\u2019associazione di volontariato missionario \u201cInsieme si pu\u00f2\u2026\u201d..Lo annuncia il sito chiesabellunofeltre precisando che la manifestazione sar\u00e0 \u201cincentrata sul tema proposto da Papa Francesco per la Giornata e aperta a tutti, fedeli e non, che abbiano a cuore le sorti dell\u2019umanit\u00e0 e intendano esprimere la propria adesione all\u2019impegno comune di costruire la pace nella giustizia e nella solidariet\u00e0\u201d. Appuntamento alle 17, davanti al Teatro comunale, nella Piazza Vittorio Emanuele da dove muover\u00e0 il corteo che arriver\u00e0 fino al Duomo con il vescovo di Belluno-Feltre, monsignor Renato Marangoni, che presieder\u00e0 nella cattedrale-basilica la concelebrazione della <a class=\"dt-pswp-item\" href=\"https:\/\/www.radiopiu.net\/wordpress\/wp-content\/uploads\/2019\/12\/80805871_471614203545424_2815960222034558976_n.png\" data-dt-img-description=\"\" data-large_image_width=\"779\" data-large_image_height=\"769\"><img loading=\"lazy\" decoding=\"async\" class=\" wp-image-111499 alignright\" src=\"https:\/\/www.radiopiu.net\/wordpress\/wp-content\/uploads\/2019\/12\/80805871_471614203545424_2815960222034558976_n-300x296.png\" alt=\"\" width=\"169\" height=\"167\" srcset=\"https:\/\/www.radiopiu.net\/wordpress\/wp-content\/uploads\/2019\/12\/80805871_471614203545424_2815960222034558976_n-300x296.png 300w, https:\/\/www.radiopiu.net\/wordpress\/wp-content\/uploads\/2019\/12\/80805871_471614203545424_2815960222034558976_n-768x758.png 768w, https:\/\/www.radiopiu.net\/wordpress\/wp-content\/uploads\/2019\/12\/80805871_471614203545424_2815960222034558976_n.png 779w\" sizes=\"auto, (max-width: 169px) 100vw, 169px\" \/><\/a>messa. Il tema scelto dal Papa quest\u2019anno &#8211; si pu\u00f2 leggere nel sito diocesano &#8211; \u00e8 \u201cLa pace come cammino di speranza: dialogo, riconciliazione e conversione ecologica\u201d. E\u2019 stato annunciato solo da pochi giorni, contrariamente a quanto accadeva negli scorsi anni, \u201csegno forse che il Papa desiderava far risuonare in esso echi di esperienze recenti come la visita in Giappone dove ha incontrato i sopravvissuti di Hiroshima e Nagasaki, il sinodo per l\u2019Amazzonia, con una forte attenzione alle culture minoritarie e al dramma ambientale, la questione migratoria , con le infinite storie di disperazione e speranze, ma anche tener conto di ci\u00f2 che agita il nostro mondo, per offrirlo alla riflessione di tutti\u201d. Tutto questo &#8211; \u00e8 la conclusione \u2013 perch\u00e9 dall\u2019impegno di tutti \u201c\u2026 deve nascere uno sguardo nuovo sulla vita, sugli altri, sul mondo. Costruire relazioni fraterne implica anche un rapporto di pace tra l\u2019umanit\u00e0 e la terra: c\u2019\u00e8 bisogno di una vera conversione ecologica che permetta di condividere ci\u00f2 che si \u00e8 ricevuto in dono dal Creatore, origine di ogni vita. Mettersi in cammino, anche simbolicamente condividendo riflessioni e testimoniane nel giorno di Capodanno, pu\u00f2 ricordare che la costruzione della pace \u00e8 un processo che va affrontato ogni giorno\u201d. NELLE FOTO (sito chiesabellunofeltre e Amico del Popolo): il logo della manifestazione e un momento di quella dello scorso anno.<\/p>\n<p>&nbsp;<\/p>\n<p>&nbsp;<\/p>\n<p>&nbsp;<\/p>\n<p>&nbsp;<\/p>\n<h2><span style=\"color: #ff0000;\">IERI ALLA RADIO<\/span><\/h2>\n<p style=\"text-align: left;\"><strong><a class=\"dt-pswp-item\" href=\"https:\/\/www.radiopiu.net\/wordpress\/wp-content\/uploads\/2019\/12\/92961f54-bde9-42b6-bbb8-b0a2e3955a07.jpg\" data-dt-img-description=\"\" data-large_image_width=\"1200\" data-large_image_height=\"1600\"><img loading=\"lazy\" decoding=\"async\" class=\"wp-image-111425 alignleft\" src=\"https:\/\/www.radiopiu.net\/wordpress\/wp-content\/uploads\/2019\/12\/92961f54-bde9-42b6-bbb8-b0a2e3955a07-225x300.jpg\" alt=\"\" width=\"107\" height=\"143\" srcset=\"https:\/\/www.radiopiu.net\/wordpress\/wp-content\/uploads\/2019\/12\/92961f54-bde9-42b6-bbb8-b0a2e3955a07-225x300.jpg 225w, https:\/\/www.radiopiu.net\/wordpress\/wp-content\/uploads\/2019\/12\/92961f54-bde9-42b6-bbb8-b0a2e3955a07-768x1024.jpg 768w, https:\/\/www.radiopiu.net\/wordpress\/wp-content\/uploads\/2019\/12\/92961f54-bde9-42b6-bbb8-b0a2e3955a07-1152x1536.jpg 1152w, https:\/\/www.radiopiu.net\/wordpress\/wp-content\/uploads\/2019\/12\/92961f54-bde9-42b6-bbb8-b0a2e3955a07.jpg 1200w\" sizes=\"auto, (max-width: 107px) 100vw, 107px\" \/><\/a>ALLEGHE<\/strong> Inizia la stagione anche per le motoslitte. Max Tosi quest&#8217;anno avra&#8217; la base per la sua scuola, le motoslitte e le snowbike nei pressi di Col dei Baldi, e propone anche eventi serali inseriti nel contesto Alleghe Nights. Nell&#8217;intervista con Max si parla anche del grande evento della Domintaor Night che si svolgera&#8217; ai Piani di Pezze&#8217; Alleghe il 3 gennaio.<\/p>\n<audio class=\"wp-audio-shortcode\" id=\"audio-111422-7\" preload=\"none\" style=\"width: 100%;\" controls=\"controls\"><source type=\"audio\/mpeg\" src=\"https:\/\/www.radiopiu.net\/wordpress\/wp-content\/uploads\/2019\/12\/max-tosi-scade-3-gennaio-1.mp3?_=7\" \/><a href=\"https:\/\/www.radiopiu.net\/wordpress\/wp-content\/uploads\/2019\/12\/max-tosi-scade-3-gennaio-1.mp3\">https:\/\/www.radiopiu.net\/wordpress\/wp-content\/uploads\/2019\/12\/max-tosi-scade-3-gennaio-1.mp3<\/a><\/audio>\n<p>&nbsp;<\/p>\n<p>&nbsp;<\/p>\n<p>&nbsp;<\/p>\n<p>&nbsp;<\/p>\n<p>&nbsp;<\/p>\n<h3><a class=\"dt-pswp-item\" href=\"http:\/\/www.radiopiu.net\/wordpress\/wp-content\/uploads\/2018\/09\/appuntamenti.jpeg\" data-dt-img-description=\"\" data-large_image_width=\"800\" data-large_image_height=\"100\"><img loading=\"lazy\" decoding=\"async\" class=\"aligncenter wp-image-61958 size-full\" src=\"http:\/\/www.radiopiu.net\/wordpress\/wp-content\/uploads\/2018\/09\/appuntamenti.jpeg\" alt=\"\" width=\"800\" height=\"100\" srcset=\"https:\/\/www.radiopiu.net\/wordpress\/wp-content\/uploads\/2018\/09\/appuntamenti.jpeg 800w, https:\/\/www.radiopiu.net\/wordpress\/wp-content\/uploads\/2018\/09\/appuntamenti-300x38.jpeg 300w, https:\/\/www.radiopiu.net\/wordpress\/wp-content\/uploads\/2018\/09\/appuntamenti-768x96.jpeg 768w\" sizes=\"auto, (max-width: 800px) 100vw, 800px\" \/><\/a><\/h3>\n<h3><\/h3>\n<blockquote>\n<h3><em>&#8220;La val che urla&#8221; venerdi al centro San Felice di Trichiana ha fatto il pienone, il 4 gennaio la prima nell&#8217;Agordino in sala Don Tamis.\u00a0<\/em><\/h3>\n<\/blockquote>\n<p>&nbsp;<\/p>\n<p><strong>CANALE D&#8217;AGORDO<\/strong> Gli orari di apertura per la stagione invernale del Museo Latteria di Feder: dal 29 dicembre al 5 gennaio\u00a0 aperto tutti i giorni dalle 14.00 alle 15.30 Per informazioni e apertura a richiesta telefonare al 334 3292191 oppure al 320 1195806 Dal 6 gennaio al 31 marzo aperto su richiesta<\/p>\n<p>&nbsp;<\/p>\n<p><strong>CANALE D&#8217;AGORDO<\/strong> Venerd\u00ec 3 gennaio alle ore 20.30 presso la Chiesa Parrocchiale di San Giovanni Battista di Canale d&#8217;Agordo serata con Giorgio Fornasier dal titolo &#8220;Mare Maria&#8221;, con canti popolari e di autore.<\/p>\n<p>&nbsp;<\/p>\n<p>&nbsp;<\/p>\n<h2><span style=\"color: #ff0000;\">I DELL&#8217;AGNOLA&#8230; OGGI ALLE 15 10\u00a0 SPECIALE ALLA RADIO<\/span><\/h2>\n<p><strong><a class=\"dt-pswp-item\" href=\"https:\/\/www.radiopiu.net\/wordpress\/wp-content\/uploads\/2019\/12\/WhatsApp-Image-2019-12-30-at-11.51.14.jpeg\" data-dt-img-description=\"\" data-large_image_width=\"680\" data-large_image_height=\"604\"><img loading=\"lazy\" decoding=\"async\" class=\" wp-image-111472 alignleft\" src=\"https:\/\/www.radiopiu.net\/wordpress\/wp-content\/uploads\/2019\/12\/WhatsApp-Image-2019-12-30-at-11.51.14-300x266.jpeg\" alt=\"\" width=\"215\" height=\"191\" srcset=\"https:\/\/www.radiopiu.net\/wordpress\/wp-content\/uploads\/2019\/12\/WhatsApp-Image-2019-12-30-at-11.51.14-300x266.jpeg 300w, https:\/\/www.radiopiu.net\/wordpress\/wp-content\/uploads\/2019\/12\/WhatsApp-Image-2019-12-30-at-11.51.14.jpeg 680w\" sizes=\"auto, (max-width: 215px) 100vw, 215px\" \/><\/a>TAIBON <\/strong>Dopo i Benvegn\u00f9 dai Pr\u00e0, i Benvegn\u00f9 del Brasile e i Ben \u00e8 ora la volta della genealogia di un\u2019altra antica famiglia \u201ctaibon\u00e8ra\u201d: i Dell\u2019Agnola da Listolade. Si tratta di una nuova interessante pubblicazione, dovuta all\u2019iniziativa di Livio Benvegn\u00f9 (discendente dei Dell\u2019Agnola per nonna paterna) e realizzata grazie all\u2019esperto Aldo Soccol, originario di Taibon che vive a Milano, la cui grande esperienza ha risolto anche in questo caso complessi problemi di ricerca, facendo emergere molte figure importanti e quasi sconosciute su questa linea di discendenza, risalente alla met\u00e0 del \u2018500, che meritavano di essere riportate alla memoria. Va ricordato che una prima bozza sui Dell\u2019Agnola era stata fatta dal compianto Fabrizio Orsolin, sotto la guida del pap\u00e0 Marcello, rimasta ovviamente incompiuta per l\u2019improvvisa immatura morte di Fabrizio avvenuta nell\u2019agosto del 2006 a soli 30 anni. A titolo di curiosit\u00e0 va detto che di questa discendenza fa parte, fra altre notevoli figure distintesi in vari ambiti, anche l\u2019alpinista, scrittore e fotografo di fama internazionale Manrico Dell\u2019Agnola (foto). Il nuovo libro con la genealogia dei Dell\u2019Agnola verr\u00e0 presentato venerd\u00ec 3 gennaio 2020, alle 16, alla locanda Monte Civetta di Listolade, con invito rivolto a tutti i cittadini della frazione.<\/p>\n<p>&nbsp;<\/p>\n<p>&nbsp;<\/p>\n<p><strong>ALLEGHE<\/strong> Venerdi alle 17 all&#8217;ufficio turistico di Alleghe presentazione del libro I Colori del tempo di Chiara Sbrissa, vincitrice della sezione inediti del Premio Prunola. Conversazione con l&#8217;autrice, presentazione di Vania Russo editor e scrittrice.<\/p>\n<p>&nbsp;<\/p>\n<p><strong>CENCENIGHE<\/strong> Domenica alle 19.30 Pavarui 2020 al Nof Filo&#8217; di Cencenighe, gnoch co la puina e all&#8217;imbrunire si accendono i falo&#8217; sulle montagne. Musica e ballo con Die Original Fleimstaler con ingresso libero.<\/p>\n<h3>I RACCONTI DI PAOLO SOPPELSA, TERZA PUNTATA.<\/h3>\n<h3><strong>I PAVARUOI 1985<\/strong><\/h3>\n<p>AUDIO<\/p>\n<audio class=\"wp-audio-shortcode\" id=\"audio-111422-8\" preload=\"none\" style=\"width: 100%;\" controls=\"controls\"><source type=\"audio\/mpeg\" src=\"https:\/\/www.radiopiu.net\/wordpress\/wp-content\/uploads\/2019\/12\/PAOLO-PAVA.mp3?_=8\" \/><a href=\"https:\/\/www.radiopiu.net\/wordpress\/wp-content\/uploads\/2019\/12\/PAOLO-PAVA.mp3\">https:\/\/www.radiopiu.net\/wordpress\/wp-content\/uploads\/2019\/12\/PAOLO-PAVA.mp3<\/a><\/audio>\n<p>&nbsp;<\/p>\n<p><strong><a class=\"dt-pswp-item\" href=\"https:\/\/www.radiopiu.net\/wordpress\/wp-content\/uploads\/2019\/12\/WhatsApp-Image-2019-12-29-at-16.41.05.jpeg\" data-dt-img-description=\"\" data-large_image_width=\"1080\" data-large_image_height=\"810\"><img loading=\"lazy\" decoding=\"async\" class=\"size-medium wp-image-111240 alignleft\" src=\"https:\/\/www.radiopiu.net\/wordpress\/wp-content\/uploads\/2019\/12\/WhatsApp-Image-2019-12-29-at-16.41.05-300x225.jpeg\" alt=\"\" width=\"300\" height=\"225\" srcset=\"https:\/\/www.radiopiu.net\/wordpress\/wp-content\/uploads\/2019\/12\/WhatsApp-Image-2019-12-29-at-16.41.05-300x225.jpeg 300w, https:\/\/www.radiopiu.net\/wordpress\/wp-content\/uploads\/2019\/12\/WhatsApp-Image-2019-12-29-at-16.41.05-1024x768.jpeg 1024w, https:\/\/www.radiopiu.net\/wordpress\/wp-content\/uploads\/2019\/12\/WhatsApp-Image-2019-12-29-at-16.41.05-768x576.jpeg 768w, https:\/\/www.radiopiu.net\/wordpress\/wp-content\/uploads\/2019\/12\/WhatsApp-Image-2019-12-29-at-16.41.05.jpeg 1080w\" sizes=\"auto, (max-width: 300px) 100vw, 300px\" \/><\/a>SAN TOMASO<\/strong>\u00a0 Sabato. Il fornel della casa dei nonni sprigionava calore come un&#8217;altoforno. La cucina economica aveva i cerchi roventi ed i camini di Col Zares\u00e8 fumavano come le ciminiere del Titanic alla massima potenza. Ero al caldo sul fornel quando, all\u2019imbrunire, pap\u00e0 disse \u201c\u2026dai pareceve che don a vede i pavarui a Cence\u2026\u201d . Mamma disse \u201c\u2026no vegne, le masa fret\u2026\u201d Io e mio fratello ci vestimmo per bene e ci preparammo all\u2019uscita. Mi piaceva l\u2019idea di andare a vedere questi pavarui, ed uscire al buio con quel freddo aveva il sapore di una piccola avventura. Appena fuori di casa, oltre al gelo, si materializz\u00f2 uno splendido spettacolo. Sopra le cime del Pelsa un tripudio di stelle pianeti e costellazioni. Pareva di poterle toccare tutte quelle luci che decoravano il cielo perfettamente limpido. Salimmo \u201csu inte stradon\u201d alla luce della pila. Non c\u2019era nessun lampione allora, solo un piatto di ferro con una lampadina da 30 Watt sopra la \u201cbrenta\u201d. La neve ghiacciata scricchiolava sotto le scarpe ad ogni passo mentre il filo d\u2019acqua che usciva dal tubo di ferro andava ghiacciandosi pressoch\u00e9 istantaneamente, formando astratte sculture di ghiaccio. La luce stanca della lampadina si divideva in infiniti bagliori illuminando quelle strane opere d\u2019arte che il gelo scolpiva con tanta maestria. Salimmo in macchina, pap\u00e0 armeggi\u00f2 con l\u2019aria e la Ritmo con un rantolo si mise in moto. Scendemmo per pochi minuti lungo la provinciale e ci fermammo sotto a Balestier, alla curva delle \u201ccrepe\u201d. Ci chiudemmo bene le giacche a vento e poi affrontiamo di nuovo il gelo. Faceva male il freddo quella sera. Bucava giacche maglioni e guanti come se nemmeno li avessimo avuti addosso. Eravamo vicini ai -20 gradi. Ormai era buio ed i grandi fal\u00f2 andavano man mano accendendosi. Ai \u201cCanet\u201d, a Foch, ad Avoscan. E poi a \u201cCamp\u201d, a \u201cPrademez\u201d e Martin. Ed ancora pi\u00f9 su, quasi ad volersi unire a quelle infinite e lucenti stelle. Si scorgevano i fuochi fin sulle cime dello \u201cSpiz de Medod\u00ec\u201d e della \u201cZima de Pape\u201d. Pensai a quanto freddo doveva esserci lass\u00f9, che gi\u00e0 dove eravamo noi dovevamo battere i piedi per scaldarci. Fu un gran spettacolo, il degno finale delle feste natalizie. Poi i fal\u00f2 iniziarono a scemare e la Ritmo ci riport\u00f2 a scongelarci a San Tomaso. Una breve sosta sul fornel e poi ci preparammo per il ritorno a Belluno. Le vacanze di Natale erano terminate. Auto con gli sci sul tetto iniziavano una lenta discesa lungo la 203. Il serpente di fari prendeva la via della pianura mentre una notte di gelo scendeva sui paesi. Ancora poche ore e le luminarie di Natale si sarebbero spente. Rimanevano i camini fumanti ed i profondi silenzi dell\u2019inverno.<\/p>\n<p>&nbsp;<\/p>\n<p>&nbsp;<\/p>\n<p>&nbsp;<\/p>\n<h3>CAPODANNO\u00a0 A FALCADE<\/h3>\n<p><strong><a class=\"dt-pswp-item\" href=\"https:\/\/www.radiopiu.net\/wordpress\/wp-content\/uploads\/2019\/12\/dowFnload.jpg\" data-dt-img-description=\"\" data-large_image_width=\"259\" data-large_image_height=\"194\"><img loading=\"lazy\" decoding=\"async\" class=\"wp-image-111058 alignleft\" src=\"https:\/\/www.radiopiu.net\/wordpress\/wp-content\/uploads\/2019\/12\/dowFnload.jpg\" alt=\"\" width=\"238\" height=\"178\" \/><\/a>FALCADE<\/strong>\u00a0Anche quest&#8217;anno \u00e8 Falcade la capitale del capodanno nell&#8217;Agordino, una formula semplice ma ben collaudata ormai da oltre 10 anni, fin da quella prima edizione proposta da Cristian Massarenti e Radio Pi\u00f9. Ad organizzare il capodanno per turisti e valligiani anche quest&#8217;anno il Comune di Falcade. A mezzanotte conto alla rovescia, panettone, brul\u00e8, fuochi artificiali e tanta musica. Ingresso alla piazza libero e gratuito per chiunque senza alcun limite.<\/p>\n<p><strong>LO SPOT ALLA RADIO\u00a0<\/strong><\/p>\n<audio class=\"wp-audio-shortcode\" id=\"audio-111422-9\" preload=\"none\" style=\"width: 100%;\" controls=\"controls\"><source type=\"audio\/mpeg\" src=\"https:\/\/www.radiopiu.net\/wordpress\/wp-content\/uploads\/2019\/12\/CAPODANNO-FALCADE.mp3?_=9\" \/><a href=\"https:\/\/www.radiopiu.net\/wordpress\/wp-content\/uploads\/2019\/12\/CAPODANNO-FALCADE.mp3\">https:\/\/www.radiopiu.net\/wordpress\/wp-content\/uploads\/2019\/12\/CAPODANNO-FALCADE.mp3<\/a><\/audio>\n<p>&nbsp;<\/p>\n<p>&nbsp;<\/p>\n<p>&nbsp;<\/p>\n<p>&nbsp;<\/p>\n<h2><a class=\"dt-pswp-item\" href=\"http:\/\/www.radiopiu.net\/wordpress\/wp-content\/uploads\/2018\/09\/sport.jpg\" data-dt-img-description=\"\" data-large_image_width=\"800\" data-large_image_height=\"100\"><img loading=\"lazy\" decoding=\"async\" class=\"wp-image-60761 size-full aligncenter\" src=\"http:\/\/www.radiopiu.net\/wordpress\/wp-content\/uploads\/2018\/09\/sport.jpg\" alt=\"\" width=\"800\" height=\"100\" srcset=\"https:\/\/www.radiopiu.net\/wordpress\/wp-content\/uploads\/2018\/09\/sport.jpg 800w, https:\/\/www.radiopiu.net\/wordpress\/wp-content\/uploads\/2018\/09\/sport-300x38.jpg 300w, https:\/\/www.radiopiu.net\/wordpress\/wp-content\/uploads\/2018\/09\/sport-768x96.jpg 768w\" sizes=\"auto, (max-width: 800px) 100vw, 800px\" \/><\/a><\/h2>\n<h3><\/h3>\n<h3><\/h3>\n<h3 class=\"p1\"><span class=\"s1\">RICCARDO BROGLIO, UN\u2019ALTRO AGORDINO TRA LE FILA DEL BELLUNO CALCIO<\/span><\/h3>\n<p class=\"p1\"><span class=\"s1\"><a class=\"dt-pswp-item\" href=\"https:\/\/www.radiopiu.net\/wordpress\/wp-content\/uploads\/2019\/12\/RICCARDO-BROGLIO.jpg\" data-dt-img-description=\"\" data-large_image_width=\"573\" data-large_image_height=\"1050\"><img loading=\"lazy\" decoding=\"async\" class=\"size-medium wp-image-111479 alignleft\" src=\"https:\/\/www.radiopiu.net\/wordpress\/wp-content\/uploads\/2019\/12\/RICCARDO-BROGLIO-164x300.jpg\" alt=\"\" width=\"164\" height=\"300\" srcset=\"https:\/\/www.radiopiu.net\/wordpress\/wp-content\/uploads\/2019\/12\/RICCARDO-BROGLIO-164x300.jpg 164w, https:\/\/www.radiopiu.net\/wordpress\/wp-content\/uploads\/2019\/12\/RICCARDO-BROGLIO-559x1024.jpg 559w, https:\/\/www.radiopiu.net\/wordpress\/wp-content\/uploads\/2019\/12\/RICCARDO-BROGLIO.jpg 573w\" sizes=\"auto, (max-width: 164px) 100vw, 164px\" \/><\/a>Gli agordini che sono passati per il Belluno Calcio negli ultimi anni sono veramente pochi. Di convocati in prima squadra negli ultimi 10 anni ancora meno. Una delle colonne portanti della squadra del capoluogo \u00e8 sicuramente Stefano Mosca che da quasi 12 anni fa il terzino sinistro a Belluno. Nel 2009, a fare compagnia a Stefano, \u00e8 arrivato Yari Masoch. Il centrocampista gosaldino, figlio del pluriscudettato agordino Viviano, quest\u2019anno \u00e8 entrato nel tabellino marcatori per 4 volte da inizio stagione. Il 15 dicembre scorso anche Riccardo Broglio \u00e8 stato convocato per la partita contro il Montebelluna. Riccardo \u00e8 figlio di Roberto Broglio, maestro di nuoto alla piscina di Agordo e allenatore del Taibon giovanile nel campionato Agordino di Calcio. Negli ultimi 2 anni padre e figlio sono stati a fianco nel torneo giovanile rispettivamente come allenatore e viceallenatore vincendo il trofeo 2 volte consecutive. Riccardo, come il fratello Ludovico, hanno sempre giocato a calcio e praticato sport in generale, anche grazie ad un pap\u00e0 che ha insegnato le basi dell\u2019attivit\u00e0 sportiva. Riccardo ha iniziato la sua carriera all\u2019Agordina Calcio e ora si ritrova a giocare nella Juniores del Belluno. Con la compagine di Agordo tante le soddisfazioni, che ha portato il ragazzo di Taibon ad intraprendere una carriera calcistica a livelli pi\u00f9 alti<\/span><\/p>\n<p>&nbsp;<\/p>\n<p class=\"p1\"><strong><span class=\"s1\">RICCARDO BROGLIO GIOCATORE DEL BELLUNO<\/span><\/strong><\/p>\n<audio class=\"wp-audio-shortcode\" id=\"audio-111422-10\" preload=\"none\" style=\"width: 100%;\" controls=\"controls\"><source type=\"audio\/mpeg\" src=\"https:\/\/www.radiopiu.net\/wordpress\/wp-content\/uploads\/2019\/12\/RICCARDO-BROGLIO-BELLUNO.mp3?_=10\" \/><a href=\"https:\/\/www.radiopiu.net\/wordpress\/wp-content\/uploads\/2019\/12\/RICCARDO-BROGLIO-BELLUNO.mp3\">https:\/\/www.radiopiu.net\/wordpress\/wp-content\/uploads\/2019\/12\/RICCARDO-BROGLIO-BELLUNO.mp3<\/a><\/audio>\n<p>&nbsp;<\/p>\n<p>&nbsp;<\/p>\n<p>&nbsp;<\/p>\n<h2><a class=\"dt-pswp-item\" href=\"https:\/\/www.radiopiu.net\/wordpress\/wp-content\/uploads\/2019\/09\/AGORDINA-CALCIO.jpeg\" data-dt-img-description=\"\" data-large_image_width=\"225\" data-large_image_height=\"225\"><img loading=\"lazy\" decoding=\"async\" class=\"wp-image-97575 alignleft\" src=\"https:\/\/www.radiopiu.net\/wordpress\/wp-content\/uploads\/2019\/09\/AGORDINA-CALCIO.jpeg\" alt=\"\" width=\"149\" height=\"149\" srcset=\"https:\/\/www.radiopiu.net\/wordpress\/wp-content\/uploads\/2019\/09\/AGORDINA-CALCIO.jpeg 225w, https:\/\/www.radiopiu.net\/wordpress\/wp-content\/uploads\/2019\/09\/AGORDINA-CALCIO-150x150.jpeg 150w\" sizes=\"auto, (max-width: 149px) 100vw, 149px\" \/><\/a>AGORDINA CALCIO, UN ANNO DA RICORDARE<\/h2>\n<p><strong>DI ROBERTO BONA<\/strong><\/p>\n<audio class=\"wp-audio-shortcode\" id=\"audio-111422-11\" preload=\"none\" style=\"width: 100%;\" controls=\"controls\"><source type=\"audio\/mpeg\" src=\"https:\/\/www.radiopiu.net\/wordpress\/wp-content\/uploads\/2019\/12\/ROBERTO-BONA-2.mp3?_=11\" \/><a href=\"https:\/\/www.radiopiu.net\/wordpress\/wp-content\/uploads\/2019\/12\/ROBERTO-BONA-2.mp3\">https:\/\/www.radiopiu.net\/wordpress\/wp-content\/uploads\/2019\/12\/ROBERTO-BONA-2.mp3<\/a><\/audio>\n<p>&nbsp;<\/p>\n<p>&nbsp;<\/p>\n<p>&nbsp;<\/p>\n<p>&nbsp;<\/p>\n<h3><a class=\"dt-pswp-item\" href=\"http:\/\/www.radiopiu.net\/wordpress\/wp-content\/uploads\/2018\/09\/WhatsApp-Image-2018-09-20-at-16.04.06.jpeg\" data-dt-img-description=\"\" data-large_image_width=\"800\" data-large_image_height=\"100\"><img loading=\"lazy\" decoding=\"async\" class=\"wp-image-61378 size-full aligncenter\" src=\"http:\/\/www.radiopiu.net\/wordpress\/wp-content\/uploads\/2018\/09\/WhatsApp-Image-2018-09-20-at-16.04.06.jpeg\" alt=\"\" width=\"800\" height=\"100\" srcset=\"https:\/\/www.radiopiu.net\/wordpress\/wp-content\/uploads\/2018\/09\/WhatsApp-Image-2018-09-20-at-16.04.06.jpeg 800w, https:\/\/www.radiopiu.net\/wordpress\/wp-content\/uploads\/2018\/09\/WhatsApp-Image-2018-09-20-at-16.04.06-300x38.jpeg 300w, https:\/\/www.radiopiu.net\/wordpress\/wp-content\/uploads\/2018\/09\/WhatsApp-Image-2018-09-20-at-16.04.06-768x96.jpeg 768w\" sizes=\"auto, (max-width: 800px) 100vw, 800px\" \/><\/a><\/h3>\n<p><center><b>Martedi 31<\/b><\/center><b>Tempo atteso: <\/b>Ancora in prevalenza soleggiato ed insolitamente mite durante il giorno in quota e nelle valli soleggiate, anche se ventilato sui monti. Transito di nubi medio-alte che a tratti potranno velare parzialmente il cielo.<br \/>\n<b>Precipitazioni: <\/b>Assenti (0%)<br \/>\n<b>Temperature: <\/b>In ulteriore aumento, pi\u00f9 sensibile in quota e nei valori massimi, che risulteranno 6-8\u00b0C superiori alla norma. Forte inversione termica nelle ore pi\u00f9 fredde, con minime sottozero solo a fondovalle e sui monti oltre i 2500 m. Su Prealpi a 1500 m min 4\u00b0C max 9\u00b0C, a 2000 m min 1\u00b0C max 5\u00b0C. Su Dolomiti a 2000 m min 0\u00b0C max 4\u00b0C, a 3000 m min -3\u00b0C max -1\u00b0C.<br \/>\n<b>Venti: <\/b>Nelle valli in genere deboli; in quota moderati o tesi da nord, 15-25 km\/h a 2000 m, 30-60 km\/h a 3000 m.<\/p>\n<hr \/>\n<p><center><b>Mercoledi 1<\/b><\/center><b>Tempo atteso: <\/b>Giornata splendida e ancora molto mite di giorno, con cielo totalmente sereno e terso.<br \/>\n<b>Precipitazioni: <\/b>Assenti (0%)<br \/>\n<b>Temperature: <\/b>Senza variazioni di rilievo, salvo una diminuzione in quota sulle Prealpi. Inversione termica ancora marcata e gelate notturne solo a fondovalle e in alta quota. Su Prealpi a 1500 m min 2\u00b0C max 4\u00b0C, a 2000 m min 1\u00b0C max 4\u00b0C. Su Dolomiti a 2000 m min 1\u00b0C max 5\u00b0C, a 3000 m min -3\u00b0C max -2\u00b0C<br \/>\n<b>Venti: <\/b>Nelle valli in genere deboli; in quota deboli o moderati da nord, inizialmente ancora tesi sulle vette al primo mattino, 5-15 km\/h a 2000 m, 20-30 km\/h a 3000 m.<\/p>\n<hr \/>\n<p><center><b>Giovedi 2<\/b><\/center>Tempo ancora bello e molto mite, con cielo sempre sereno. Temperature pressoch\u00e9 stazionarie, salvo un rialzo in quota sulle Prealpi, con valori massimi 5-6\u00b0C superiori alla norma. Persistenza dell&#8217;inversione termica notturna. Venti in quota meridionali, in graduale rinforzo, da deboli\/moderati a moderati\/tesi<\/p>\n<hr \/>\n<p><center><b>Venerdi 3<\/b><\/center>Parzialmente soleggiato per arrivo di nubi medio-alte. Temperature diurne ancora insolitamente alte per il periodo, ancora con inversione termica. Venti in quota moderati o tesi da ovest nord-ovest Previsore: B.R.<\/p>\n","protected":false},"excerpt":{"rendered":"<p>ULTIM&#8217;ORA, 11.00 DEL 31 DICEMBRE A FUOCO LA CANNA FUMARIA DELLA NUOVA ABITAZIONE AI PASS OGGI ALLE 12.30 L&#8217;INTERVISTA DI FINE ANNO AL PRESIDENTE DELL&#8217;UNIONE MONTANA AGORDINA MICHELE COSTA. SU RADIO PIU&#8217; FM 104.400 BELLUNO, 88.30 FELTRE 97 600 E 103 800 FALCADE 102 200 97 800 88 400 91 600 MEDIO ALTO AGORDINO 88&hellip;<\/p>\n","protected":false},"author":1,"featured_media":111474,"comment_status":"closed","ping_status":"closed","sticky":false,"template":"","format":"standard","meta":{"_monsterinsights_skip_tracking":false,"_monsterinsights_sitenote_active":false,"_monsterinsights_sitenote_note":"","_monsterinsights_sitenote_category":0,"footnotes":""},"categories":[1,86],"tags":[],"class_list":["post-111422","post","type-post","status-publish","format-standard","has-post-thumbnail","hentry","category-senza-categoria","category-gr","category-1","category-86","description-off"],"img_url":"https:\/\/www.radiopiu.net\/wordpress\/wp-content\/uploads\/2019\/12\/f37d2072-4dd4-4f15-8d1b-a4d32d678785.jpg","_links":{"self":[{"href":"https:\/\/www.radiopiu.net\/wordpress\/wp-json\/wp\/v2\/posts\/111422","targetHints":{"allow":["GET"]}}],"collection":[{"href":"https:\/\/www.radiopiu.net\/wordpress\/wp-json\/wp\/v2\/posts"}],"about":[{"href":"https:\/\/www.radiopiu.net\/wordpress\/wp-json\/wp\/v2\/types\/post"}],"author":[{"embeddable":true,"href":"https:\/\/www.radiopiu.net\/wordpress\/wp-json\/wp\/v2\/users\/1"}],"replies":[{"embeddable":true,"href":"https:\/\/www.radiopiu.net\/wordpress\/wp-json\/wp\/v2\/comments?post=111422"}],"version-history":[{"count":0,"href":"https:\/\/www.radiopiu.net\/wordpress\/wp-json\/wp\/v2\/posts\/111422\/revisions"}],"wp:featuredmedia":[{"embeddable":true,"href":"https:\/\/www.radiopiu.net\/wordpress\/wp-json\/wp\/v2\/media\/111474"}],"wp:attachment":[{"href":"https:\/\/www.radiopiu.net\/wordpress\/wp-json\/wp\/v2\/media?parent=111422"}],"wp:term":[{"taxonomy":"category","embeddable":true,"href":"https:\/\/www.radiopiu.net\/wordpress\/wp-json\/wp\/v2\/categories?post=111422"},{"taxonomy":"post_tag","embeddable":true,"href":"https:\/\/www.radiopiu.net\/wordpress\/wp-json\/wp\/v2\/tags?post=111422"}],"curies":[{"name":"wp","href":"https:\/\/api.w.org\/{rel}","templated":true}]}}