{"id":111444,"date":"2019-12-30T17:06:26","date_gmt":"2019-12-30T16:06:26","guid":{"rendered":"https:\/\/www.radiopiu.net\/wordpress\/?p=111444"},"modified":"2019-12-31T12:55:13","modified_gmt":"2019-12-31T11:55:13","slug":"la-casa-di-babbo-natale-purtroppo-questanno-chiude-in-anticipo","status":"publish","type":"post","link":"https:\/\/www.radiopiu.net\/wordpress\/la-casa-di-babbo-natale-purtroppo-questanno-chiude-in-anticipo\/","title":{"rendered":"LA CASA DI BABBO NATALE PURTROPPO QUEST&#8217;ANNO CHIUDE IN ANTICIPO"},"content":{"rendered":"<h3>LA CASA DI BABBO NATALE PURTROPPO QUEST&#8217;ANNO CHIUDE IN ANTICIPO<\/h3>\n<p><strong><a class=\"dt-pswp-item\" href=\"https:\/\/www.radiopiu.net\/wordpress\/wp-content\/uploads\/2019\/12\/81078370_2487259574733533_6186249496184225792_o.jpg\" data-dt-img-description=\"\" data-large_image_width=\"480\" data-large_image_height=\"960\"><img loading=\"lazy\" decoding=\"async\" class=\"size-medium wp-image-111446 alignleft\" src=\"https:\/\/www.radiopiu.net\/wordpress\/wp-content\/uploads\/2019\/12\/81078370_2487259574733533_6186249496184225792_o-150x300.jpg\" alt=\"\" width=\"150\" height=\"300\" srcset=\"https:\/\/www.radiopiu.net\/wordpress\/wp-content\/uploads\/2019\/12\/81078370_2487259574733533_6186249496184225792_o-150x300.jpg 150w, https:\/\/www.radiopiu.net\/wordpress\/wp-content\/uploads\/2019\/12\/81078370_2487259574733533_6186249496184225792_o.jpg 480w\" sizes=\"auto, (max-width: 150px) 100vw, 150px\" \/><\/a>GOSALDO<\/strong> Di norma l&#8217;Epifania tutte le feste porta via comprese palline di Natale e statuine del Presepe ma non a Gosaldo dove il Presepe \u00e8 stato smantellato con una settimana d&#8217;anticipo senza l&#8217;atteso arrivo del nuovo anno e dei Re Magi. Gli Amici della Piazza di Gosaldo ammettono l&#8217;errore, ma non si aspettavano certo di dover smantellare la struttura esterna in tempo zero, anche perch\u00e8 erano stati consigliati di inviare un&#8217;apposita domanda ma a quanto pare non \u00e8 servito nemmeno incanalarsi nei binari dell&#8217;ordinaria burocrazia.<\/p>\n<blockquote><p><em>&#8220;Tutto inizia &#8211; raccontano i volontari &#8211;\u00a0 con un nostro errore,\u00a0 quest&#8217;anno abbiamo pensato di arricchire la Casa di Babbo Natale con un&#8217;entrata. Ben coscienti di non poter piantare nemmeno un chiodo nei muri della Chiesetta di San Giacomo e per questo\u00a0 abbiamo costruito una struttura autoportante, senza per\u00f2 presentare domanda. <span class=\"text_exposed_show\">Siamo stati redarguiti\u00a0 dal Comune il giorno seguente la costruzione. Abbiamo proposto di smantellare seduta stante; ci \u00e8 stato detto invece di presentare domanda, seppur tardiva. <\/span>Cos\u00ec abbiamo fatto il giorno 09\/12\/2019. Il\u00a0 30\/12\/2019 siamo stati invitati a smontare prontamente l&#8217;entrata in quanto deturpa l&#8217;antica struttura della chiesa&#8221;.<\/em><\/p><\/blockquote>\n<h3><\/h3>\n<h3>IL SINDACO DI GOSALDO GIOCONDO DALLE FESTE<\/h3>\n<audio class=\"wp-audio-shortcode\" id=\"audio-111444-1\" preload=\"none\" style=\"width: 100%;\" controls=\"controls\"><source type=\"audio\/mpeg\" src=\"https:\/\/www.radiopiu.net\/wordpress\/wp-content\/uploads\/2019\/12\/GIOCONDO-DALLEFESTE.mp3?_=1\" \/><a href=\"https:\/\/www.radiopiu.net\/wordpress\/wp-content\/uploads\/2019\/12\/GIOCONDO-DALLEFESTE.mp3\">https:\/\/www.radiopiu.net\/wordpress\/wp-content\/uploads\/2019\/12\/GIOCONDO-DALLEFESTE.mp3<\/a><\/audio>\n<p>&nbsp;<\/p>\n<p style=\"text-align: left;\"><a class=\"dt-pswp-item\" href=\"https:\/\/www.radiopiu.net\/wordpress\/wp-content\/uploads\/2019\/12\/80631191_2487259898066834_3723604614042353664_o.jpg\" data-dt-img-description=\"\" data-large_image_width=\"960\" data-large_image_height=\"480\"><img loading=\"lazy\" decoding=\"async\" class=\"size-medium wp-image-111448 alignleft\" src=\"https:\/\/www.radiopiu.net\/wordpress\/wp-content\/uploads\/2019\/12\/80631191_2487259898066834_3723604614042353664_o-300x150.jpg\" alt=\"\" width=\"300\" height=\"150\" srcset=\"https:\/\/www.radiopiu.net\/wordpress\/wp-content\/uploads\/2019\/12\/80631191_2487259898066834_3723604614042353664_o-300x150.jpg 300w, https:\/\/www.radiopiu.net\/wordpress\/wp-content\/uploads\/2019\/12\/80631191_2487259898066834_3723604614042353664_o-768x384.jpg 768w, https:\/\/www.radiopiu.net\/wordpress\/wp-content\/uploads\/2019\/12\/80631191_2487259898066834_3723604614042353664_o.jpg 960w\" sizes=\"auto, (max-width: 300px) 100vw, 300px\" \/><\/a>La chiesa \u00e8 da tempo sconsacrata e sinceramente guardando la struttura tutto si pu\u00f2 dire ma non certo che la\u00a0 \u00a0e tanto meno la rovini come confermano foto e video di ieri pomeriggio a &#8220;decoro&#8221; ripristinato. Nessun tassello \u00e8 stato piantato nel muro della chiesa per fissare la struttura piuttosto altri in passato lo hanno fatto, i chiodi piantati hanno infatti risentito del passare degli anni.<\/p>\n<div class=\"text_exposed_show\">\n<blockquote><p><em><a class=\"dt-pswp-item\" href=\"https:\/\/www.radiopiu.net\/wordpress\/wp-content\/uploads\/2019\/12\/81618191_2487259778066846_7646041225769779200_o.jpg\" data-dt-img-description=\"\" data-large_image_width=\"480\" data-large_image_height=\"960\"><img loading=\"lazy\" decoding=\"async\" class=\"size-medium wp-image-111447 alignright\" src=\"https:\/\/www.radiopiu.net\/wordpress\/wp-content\/uploads\/2019\/12\/81618191_2487259778066846_7646041225769779200_o-150x300.jpg\" alt=\"\" width=\"150\" height=\"300\" srcset=\"https:\/\/www.radiopiu.net\/wordpress\/wp-content\/uploads\/2019\/12\/81618191_2487259778066846_7646041225769779200_o-150x300.jpg 150w, https:\/\/www.radiopiu.net\/wordpress\/wp-content\/uploads\/2019\/12\/81618191_2487259778066846_7646041225769779200_o.jpg 480w\" sizes=\"auto, (max-width: 150px) 100vw, 150px\" \/><\/a>&#8220;Ci sentiamo presi in giro &#8211; dicono gli Amici della Piazza-\u00a0 perch\u00e9 non dirci subito &#8220;toglietela&#8221;, perch\u00e9 giocare ai burattinai con chi mette da parte gli impegni personali\u00a0 e impegna energie, tempo ferie e risorse personali per dare un segno di vita al\u00a0 paese che a detta di chiunque \u00e8 condannato a morire. Se Gosaldo muore \u00e8 perch\u00e9 chi cerca con sforzi e fatica di farsi spuntare le ali se le vede subito tarpate&#8221;. <\/em><\/p><\/blockquote>\n<p>Quest&#8217;anno finisce cos\u00ec, il prossimo anno \u00e8 probabile che oltre alla chiusura della pizzeria, del bar e di altre attivit\u00e0 chiuda anche &#8230; la casa di Babbo Natale, proprio un peccato.<\/p>\n<blockquote><p><em>\u00a0&#8220;L&#8217;invidia \u00e8 una brutta bestia &#8211; concludono i volontari gosaldini &#8211;\u00a0 e se tra di voi qualcuno sar\u00e0 dispiaciuto a leggere queste note, sicuramente qualcun&#8217;altro gongoler\u00e0, qualcuno che qui a Gosaldo magari neanche ci vive nemmeno&#8221;.<\/em><\/p><\/blockquote>\n<\/div>\n<p>&nbsp;<\/p>\n<p>&nbsp;<\/p>\n<p>&nbsp;<\/p>\n<h2><span style=\"color: #ff0000;\">DI ARIANNA DA ZANCHE<\/span><\/h2>\n<blockquote><p><em>Con grande dispiacere mi trovo a leggere della &#8220;non pi\u00f9 casa&#8221; di Babbo Natale. Ho letto ed ascoltato attentamente l&#8217;intervista di\u00a0<a class=\"profileLink\" title=\"Mirko Mezzacasa\" href=\"https:\/\/www.facebook.com\/mirko.mezzacasa?__tn__=K-R&amp;eid=ARBn53bPsnVLBDsbgVDGuvBGseZbyAU__44uTpo9u2Ct5kXNMHdesp4USdOm8HUeZEWcxdE2MPOxymPd&amp;fref=mentions&amp;__xts__%5B0%5D=68.ARAD9FF-hwvVf5_W5GTUDcpKtJy-BdUs2Tw2U2MmDB7XA7XbFMXmaa8GeZREfQfVdiYEPBwv7sf3wHbPktCcHzCleXvFIk-xCuhqnoYtpRWt3nqONQM72CIL6wbP8jHX0yoZSL0u_uBmKMjsoozksh7ZqFgzORXh0LdAGl_dB11RSHi_bNYy3CD1q1SNsD5D-LLDOTLhwY2tWIE5CiiRx5faKGHKrt48VTU3Od0YCmGu_S0f5QGimflCEY9p95AbeP0qTSK3YY2MS_Xbmn6-VQHR3qZ4GWr8lPJOzAugXBIq_WsbniZhlWxnQ7oY83ybwYgQaH1CkACEoiSTxw\" data-hovercard=\"\/ajax\/hovercard\/user.php?id=1438301562&amp;extragetparams=%7B%22__tn__%22%3A%22%2CdK-R-R%22%2C%22eid%22%3A%22ARBn53bPsnVLBDsbgVDGuvBGseZbyAU__44uTpo9u2Ct5kXNMHdesp4USdOm8HUeZEWcxdE2MPOxymPd%22%2C%22fref%22%3A%22mentions%22%7D\" data-hovercard-prefer-more-content-show=\"1\">Mirko Mezzacasa<\/a>\u00a0e mi permetto di esprimere la mia modesta opinione. Trovo a dir poco imbarazzante quello che \u00e8 successo, nessuno vuole far passare gli\u00a0<a class=\"profileLink\" href=\"https:\/\/www.facebook.com\/Amici-della-Piazza-Gosaldo-1822780267848137\/?__tn__=K-R&amp;eid=ARDK4XsCArFqoyXGI6PuizPZvwNFRaMUJxEfFgqhZiyfoYK9YTjtQj39X8cZpGpsChrqfo_4tBvRmAva&amp;fref=mentions&amp;__xts__%5B0%5D=68.ARAD9FF-hwvVf5_W5GTUDcpKtJy-BdUs2Tw2U2MmDB7XA7XbFMXmaa8GeZREfQfVdiYEPBwv7sf3wHbPktCcHzCleXvFIk-xCuhqnoYtpRWt3nqONQM72CIL6wbP8jHX0yoZSL0u_uBmKMjsoozksh7ZqFgzORXh0LdAGl_dB11RSHi_bNYy3CD1q1SNsD5D-LLDOTLhwY2tWIE5CiiRx5faKGHKrt48VTU3Od0YCmGu_S0f5QGimflCEY9p95AbeP0qTSK3YY2MS_Xbmn6-VQHR3qZ4GWr8lPJOzAugXBIq_WsbniZhlWxnQ7oY83ybwYgQaH1CkACEoiSTxw\" data-hovercard=\"\/ajax\/hovercard\/page.php?id=1822780267848137&amp;extragetparams=%7B%22__tn__%22%3A%22%2CdK-R-R%22%2C%22eid%22%3A%22ARDK4XsCArFqoyXGI6PuizPZvwNFRaMUJxEfFgqhZiyfoYK9YTjtQj39X8cZpGpsChrqfo_4tBvRmAva%22%2C%22fref%22%3A%22mentions%22%7D\" data-hovercard-prefer-more-content-show=\"1\">Amici della Piazza Gosaldo<\/a>\u00a0come vittime od eroi o che ne so, ma queste persone, tempo fa, hanno deciso di togliersi il loro tempo per darlo agli altri, per far rivivere il nostro paesino tanto bello<span class=\"text_exposed_show\"> quanto dannato&#8230; gi\u00e0&#8230;!! Con spirito positivo, impegno, risorse, si sono adoperati per inventare qualcosina, piccoli eventi dove i paesani ed i villeggianti si possono incontrare, scambiare due parole, bere un bicchiere e passare un pomeriggio in compagnia. E poi succede che quattro rami di abete e due &#8220;stek&#8221; messi insieme per rendere la casa di Babbo Natale pi\u00f9 accogliente diventino deturpamento della chiesetta sconsacrata. Loro sono i primi ad ammettere di aver commesso l&#8217;errore ma l&#8217;assurdit\u00e0 sta nel fatto che alla contestazione dell&#8217;opera e alla loro proposta\/decisione di smantellare vengono invece invitati a fare la domanda (seppur in ritardo ) e il 30\/12&#8230;.capito??? Il 30\/12 gli viene ordinato di sgomberare,mancavano sei gg alla chiusura. Ma ragazzi \u00e8 ovvio&#8230;a Natale sono tutti pi\u00f9 buoni ma natale ormai \u00e8 passato da 5 giorni!!! La cosa bella sarebbe che i cittadini che hanno avuto tutto il &#8220;bon temp&#8221; di andare a disturbare le notti del sindaco, perch\u00e9 sembra si siano riversati in massa, si facessero vivi ,cos\u00ec, per discutere dei problemi del paese insieme, perch\u00e9 se c&#8217;\u00e8 stato un interesse cos\u00ec forte per la chiesetta sono sicura che queste stesse persone passano le notti a pensare come rendere Gosaldo un paese migliore. <\/span>Non \u00e8 facile dirvi &#8220;andate avanti&#8221; perch\u00e9 le delusioni e la rabbia fanno male ma siate fieri di quello che avete fatto fino ad ora&#8230;.e poi dai, Babbo Natale non \u00e8 pratico di Airbnb o\u00a0<a href=\"http:\/\/booking.com\/?fbclid=IwAR0dNQsOQ0NQ2eSbgBbRYsQmWJIPPUqYNZDNiC3MXzheCLF6c58NB99d6mo\" target=\"_blank\" rel=\"noopener nofollow noreferrer\" data-ft=\"{&quot;tn&quot;:&quot;-U&quot;}\" data-lynx-mode=\"async\" data-lynx-uri=\"https:\/\/l.facebook.com\/l.php?u=http%3A%2F%2FBooking.com%2F%3Ffbclid%3DIwAR0dNQsOQ0NQ2eSbgBbRYsQmWJIPPUqYNZDNiC3MXzheCLF6c58NB99d6mo&amp;h=AT1xrT-IQDxCv29aShK3nRiWFIco7bT5ORt4IwP2c3C13dtAiCnmWLrgx091X0hbsBeItZOtU-Yq_FwWPP2RKbaOvUPaHK5hMQeojrempvCRCwx43FZVx4c3TtF_hGZNUm41Ay7sfD1e43J3i5tBxmjQ0WqSkLNYJijSGmECDYMxkE7UT-a4e4N62Vn58aZ--VXTZuZu1B6bfrsJbgjFbixc79JuV5r_VFDDHp_py3CURNlFwp-cJZ80KfVZ3H8dATS8EEP9ZfzLiQWZPuLrwNUARfuQsQLkTPcNjKpVka9-_7dVdoQ1WEeuqRZVBquUFlYwqHroSYRkS3m6TnpTikNFyykLGm5cH62AZ2EaVnuvxrXn3Ah5VoXZU981ffLMu4Sy_Y2Epa7BVhQa_CW78Js5uHMYlhenZPgwNt_WlSX_Z5XVv1Jh4lH35YAF4R9LiR2pnWuW1UZ_Fv9ZcoXW_3cGitX31UWgurVHYcijFQ1-MKXZtS3J1r-hpgfPPrvpkJ4qBiiJ8HuH1U471S9R2cCwyh_UfzwJ5gEaHCH2E_qn6m2M_0UEeKS0qj9geT_0LgZ1WP4gZOmXmNgVS3aQzVwtTexTNMI08A4oaK-aCQLDi2PLmClP3z6IvNw\">Booking.com.<\/a>&#8230;lui sa che arriva a Gosaldo e ci sono i suoi folletti pronti a prendersi cura di lui<\/em><\/p><\/blockquote>\n<p>&nbsp;<\/p>\n<p>&nbsp;<\/p>\n<div id=\"fb-root\"><\/div>\n<p><script async=\"1\" defer=\"1\" crossorigin=\"anonymous\" src=\"https:\/\/connect.facebook.net\/it_IT\/sdk.js#xfbml=1&amp;version=v6.0\"><\/script><\/p>\n<div class=\"fb-video\" data-href=\"https:\/\/www.facebook.com\/1822780267848137\/videos\/1316195885248262\/\" data-width=\"1200\">\n<blockquote cite=\"https:\/\/www.facebook.com\/1822780267848137\/videos\/1316195885248262\/\" class=\"fb-xfbml-parse-ignore\"><p><a href=\"https:\/\/www.facebook.com\/1822780267848137\/videos\/1316195885248262\/\"><\/a><\/p>\n<p>Perdonate la ripresa precaria<\/p>\n<p>Pubblicato da <a href=\"https:\/\/www.facebook.com\/Amici-della-Piazza-Gosaldo-1822780267848137\/\">Amici della Piazza Gosaldo<\/a> su Luned\u00ec 30 dicembre 2019<\/p><\/blockquote>\n<\/div>\n","protected":false},"excerpt":{"rendered":"<p>LA CASA DI BABBO NATALE PURTROPPO QUEST&#8217;ANNO CHIUDE IN ANTICIPO GOSALDO Di norma l&#8217;Epifania tutte le feste porta via comprese palline di Natale e statuine del Presepe ma non a Gosaldo dove il Presepe \u00e8 stato smantellato con una settimana d&#8217;anticipo senza l&#8217;atteso arrivo del nuovo anno e dei Re Magi. Gli Amici della Piazza&hellip;<\/p>\n","protected":false},"author":1,"featured_media":111446,"comment_status":"closed","ping_status":"closed","sticky":false,"template":"","format":"standard","meta":{"_monsterinsights_skip_tracking":false,"_monsterinsights_sitenote_active":false,"_monsterinsights_sitenote_note":"","_monsterinsights_sitenote_category":0,"footnotes":""},"categories":[104,49],"tags":[],"class_list":["post-111444","post","type-post","status-publish","format-standard","has-post-thumbnail","hentry","category-evidenza_3","category-news-18","category-104","category-49","description-off"],"img_url":"https:\/\/www.radiopiu.net\/wordpress\/wp-content\/uploads\/2019\/12\/81078370_2487259574733533_6186249496184225792_o.jpg","_links":{"self":[{"href":"https:\/\/www.radiopiu.net\/wordpress\/wp-json\/wp\/v2\/posts\/111444","targetHints":{"allow":["GET"]}}],"collection":[{"href":"https:\/\/www.radiopiu.net\/wordpress\/wp-json\/wp\/v2\/posts"}],"about":[{"href":"https:\/\/www.radiopiu.net\/wordpress\/wp-json\/wp\/v2\/types\/post"}],"author":[{"embeddable":true,"href":"https:\/\/www.radiopiu.net\/wordpress\/wp-json\/wp\/v2\/users\/1"}],"replies":[{"embeddable":true,"href":"https:\/\/www.radiopiu.net\/wordpress\/wp-json\/wp\/v2\/comments?post=111444"}],"version-history":[{"count":0,"href":"https:\/\/www.radiopiu.net\/wordpress\/wp-json\/wp\/v2\/posts\/111444\/revisions"}],"wp:featuredmedia":[{"embeddable":true,"href":"https:\/\/www.radiopiu.net\/wordpress\/wp-json\/wp\/v2\/media\/111446"}],"wp:attachment":[{"href":"https:\/\/www.radiopiu.net\/wordpress\/wp-json\/wp\/v2\/media?parent=111444"}],"wp:term":[{"taxonomy":"category","embeddable":true,"href":"https:\/\/www.radiopiu.net\/wordpress\/wp-json\/wp\/v2\/categories?post=111444"},{"taxonomy":"post_tag","embeddable":true,"href":"https:\/\/www.radiopiu.net\/wordpress\/wp-json\/wp\/v2\/tags?post=111444"}],"curies":[{"name":"wp","href":"https:\/\/api.w.org\/{rel}","templated":true}]}}