{"id":111497,"date":"2019-12-30T23:22:06","date_gmt":"2019-12-30T22:22:06","guid":{"rendered":"https:\/\/www.radiopiu.net\/wordpress\/?p=111497"},"modified":"2019-12-31T06:09:50","modified_gmt":"2019-12-31T05:09:50","slug":"terza-edizione-a-belluno-del-cammino-della-pace-di-renato-bona","status":"publish","type":"post","link":"https:\/\/www.radiopiu.net\/wordpress\/terza-edizione-a-belluno-del-cammino-della-pace-di-renato-bona\/","title":{"rendered":"TERZA EDIZIONE A BELLUNO DEL \u201cCAMMINO DELLA PACE di RENATO BONA"},"content":{"rendered":"<p><a class=\"dt-pswp-item\" href=\"https:\/\/www.radiopiu.net\/wordpress\/wp-content\/uploads\/2019\/12\/81950324_469829800638560_5425362684981805056_n.jpg\" data-dt-img-description=\"\" data-large_image_width=\"768\" data-large_image_height=\"327\"><img loading=\"lazy\" decoding=\"async\" class=\"size-medium wp-image-111498 alignleft\" src=\"https:\/\/www.radiopiu.net\/wordpress\/wp-content\/uploads\/2019\/12\/81950324_469829800638560_5425362684981805056_n-300x128.jpg\" alt=\"\" width=\"300\" height=\"128\" srcset=\"https:\/\/www.radiopiu.net\/wordpress\/wp-content\/uploads\/2019\/12\/81950324_469829800638560_5425362684981805056_n-300x128.jpg 300w, https:\/\/www.radiopiu.net\/wordpress\/wp-content\/uploads\/2019\/12\/81950324_469829800638560_5425362684981805056_n.jpg 768w\" sizes=\"auto, (max-width: 300px) 100vw, 300px\" \/><\/a>\u201d Terza edizione, mercoled\u00ec 1 gennaio 2020, a Belluno, dell\u2019iniziativa \u201cIl cammino della pace\u201d proposta a livello diocesano nell\u2019ambito della 53. \u201cGiornata mondiale della pace\u201d. L\u2019organizzazione \u00e8 della Caritas diocesana, di Scuole in rete, Libera Belluno e dall\u2019associazione di volontariato missionario \u201cInsieme si pu\u00f2\u2026\u201d..Lo annuncia il sito chiesabellunofeltre precisando che la manifestazione sar\u00e0 \u201cincentrata sul tema proposto da Papa Francesco per la Giornata e aperta a tutti, fedeli e non, che abbiano a cuore le sorti dell\u2019umanit\u00e0 e intendano esprimere la propria adesione all\u2019impegno comune di costruire la pace nella giustizia e nella solidariet\u00e0\u201d. Appuntamento alle 17, davanti al Teatro comunale, nella Piazza Vittorio Emanuele da dove muover\u00e0 il corteo che arriver\u00e0 fino al Duomo con il vescovo di Belluno-Feltre, monsignor Renato Marangoni, che presieder\u00e0 nella cattedrale-basilica la concelebrazione della <a class=\"dt-pswp-item\" href=\"https:\/\/www.radiopiu.net\/wordpress\/wp-content\/uploads\/2019\/12\/80805871_471614203545424_2815960222034558976_n.png\" data-dt-img-description=\"\" data-large_image_width=\"779\" data-large_image_height=\"769\"><img loading=\"lazy\" decoding=\"async\" class=\" wp-image-111499 alignright\" src=\"https:\/\/www.radiopiu.net\/wordpress\/wp-content\/uploads\/2019\/12\/80805871_471614203545424_2815960222034558976_n-300x296.png\" alt=\"\" width=\"169\" height=\"167\" srcset=\"https:\/\/www.radiopiu.net\/wordpress\/wp-content\/uploads\/2019\/12\/80805871_471614203545424_2815960222034558976_n-300x296.png 300w, https:\/\/www.radiopiu.net\/wordpress\/wp-content\/uploads\/2019\/12\/80805871_471614203545424_2815960222034558976_n-768x758.png 768w, https:\/\/www.radiopiu.net\/wordpress\/wp-content\/uploads\/2019\/12\/80805871_471614203545424_2815960222034558976_n.png 779w\" sizes=\"auto, (max-width: 169px) 100vw, 169px\" \/><\/a>messa. Il tema scelto dal Papa quest\u2019anno &#8211; si pu\u00f2 leggere nel sito diocesano &#8211; \u00e8 \u201cLa pace come cammino di speranza: dialogo, riconciliazione e conversione ecologica\u201d. E\u2019 stato annunciato solo da pochi giorni, contrariamente a quanto accadeva negli scorsi anni, \u201csegno forse che il Papa desiderava far risuonare in esso echi di esperienze recenti come la visita in Giappone dove ha incontrato i sopravvissuti di Hiroshima e Nagasaki, il sinodo per l\u2019Amazzonia, con una forte attenzione alle culture minoritarie e al dramma ambientale, la questione migratoria , con le infinite storie di disperazione e speranze, ma anche tener conto di ci\u00f2 che agita il nostro mondo, per offrirlo alla riflessione di tutti\u201d. Tutto questo &#8211; \u00e8 la conclusione \u2013 perch\u00e9 dall\u2019impegno di tutti \u201c\u2026 deve nascere uno sguardo nuovo sulla vita, sugli altri, sul mondo. Costruire relazioni fraterne implica anche un rapporto di pace tra l\u2019umanit\u00e0 e la terra: c\u2019\u00e8 bisogno di una vera conversione ecologica che permetta di condividere ci\u00f2 che si \u00e8 ricevuto in dono dal Creatore, origine di ogni vita. Mettersi in cammino, anche simbolicamente condividendo riflessioni e testimoniane nel giorno di Capodanno, pu\u00f2 ricordare che la costruzione della pace \u00e8 un processo che va affrontato ogni giorno\u201d. NELLE FOTO (sito chiesabellunofeltre e Amico del Popolo): il logo della manifestazione e un momento di quella dello scorso anno.<\/p>\n","protected":false},"excerpt":{"rendered":"<p>\u201d Terza edizione, mercoled\u00ec 1 gennaio 2020, a Belluno, dell\u2019iniziativa \u201cIl cammino della pace\u201d proposta a livello diocesano nell\u2019ambito della 53. \u201cGiornata mondiale della pace\u201d. L\u2019organizzazione \u00e8 della Caritas diocesana, di Scuole in rete, Libera Belluno e dall\u2019associazione di volontariato missionario \u201cInsieme si pu\u00f2\u2026\u201d..Lo annuncia il sito chiesabellunofeltre precisando che la manifestazione sar\u00e0 \u201cincentrata sul&hellip;<\/p>\n","protected":false},"author":1,"featured_media":111499,"comment_status":"closed","ping_status":"closed","sticky":false,"template":"","format":"standard","meta":{"_monsterinsights_skip_tracking":false,"_monsterinsights_sitenote_active":false,"_monsterinsights_sitenote_note":"","_monsterinsights_sitenote_category":0,"footnotes":""},"categories":[49],"tags":[],"class_list":["post-111497","post","type-post","status-publish","format-standard","has-post-thumbnail","hentry","category-news-18","category-49","description-off"],"img_url":"https:\/\/www.radiopiu.net\/wordpress\/wp-content\/uploads\/2019\/12\/80805871_471614203545424_2815960222034558976_n.png","_links":{"self":[{"href":"https:\/\/www.radiopiu.net\/wordpress\/wp-json\/wp\/v2\/posts\/111497","targetHints":{"allow":["GET"]}}],"collection":[{"href":"https:\/\/www.radiopiu.net\/wordpress\/wp-json\/wp\/v2\/posts"}],"about":[{"href":"https:\/\/www.radiopiu.net\/wordpress\/wp-json\/wp\/v2\/types\/post"}],"author":[{"embeddable":true,"href":"https:\/\/www.radiopiu.net\/wordpress\/wp-json\/wp\/v2\/users\/1"}],"replies":[{"embeddable":true,"href":"https:\/\/www.radiopiu.net\/wordpress\/wp-json\/wp\/v2\/comments?post=111497"}],"version-history":[{"count":0,"href":"https:\/\/www.radiopiu.net\/wordpress\/wp-json\/wp\/v2\/posts\/111497\/revisions"}],"wp:featuredmedia":[{"embeddable":true,"href":"https:\/\/www.radiopiu.net\/wordpress\/wp-json\/wp\/v2\/media\/111499"}],"wp:attachment":[{"href":"https:\/\/www.radiopiu.net\/wordpress\/wp-json\/wp\/v2\/media?parent=111497"}],"wp:term":[{"taxonomy":"category","embeddable":true,"href":"https:\/\/www.radiopiu.net\/wordpress\/wp-json\/wp\/v2\/categories?post=111497"},{"taxonomy":"post_tag","embeddable":true,"href":"https:\/\/www.radiopiu.net\/wordpress\/wp-json\/wp\/v2\/tags?post=111497"}],"curies":[{"name":"wp","href":"https:\/\/api.w.org\/{rel}","templated":true}]}}