{"id":111592,"date":"2020-01-02T05:46:38","date_gmt":"2020-01-02T04:46:38","guid":{"rendered":"https:\/\/www.radiopiu.net\/wordpress\/?p=111592"},"modified":"2020-01-02T05:46:57","modified_gmt":"2020-01-02T04:46:57","slug":"sessantenne-muore-per-cause-naturali","status":"publish","type":"post","link":"https:\/\/www.radiopiu.net\/wordpress\/sessantenne-muore-per-cause-naturali\/","title":{"rendered":"SESSANTENNE MUORE PER CAUSE NATURALI"},"content":{"rendered":"<p>&nbsp;<\/p>\n<h3><\/h3>\n<p><strong>LAMON<\/strong> I Carabinieri sono intervenuti nel primo pomeriggio\u00a0 \u00a0in via Piei dove \u00e8 stato ritrovato senza vita\u00a0 Domenico Piazza. Il decesso, risalente probabilmente al 31 dicembre \u00e8\u00a0 riconducibile a cause naturali. La salma \u00e9 gi\u00e0 nella disponibilit\u00e0 dei familiari<\/p>\n","protected":false},"excerpt":{"rendered":"<p>&nbsp; LAMON I Carabinieri sono intervenuti nel primo pomeriggio\u00a0 \u00a0in via Piei dove \u00e8 stato ritrovato senza vita\u00a0 Domenico Piazza. Il decesso, risalente probabilmente al 31 dicembre \u00e8\u00a0 riconducibile a cause naturali. La salma \u00e9 gi\u00e0 nella disponibilit\u00e0 dei familiari<\/p>\n","protected":false},"author":1,"featured_media":0,"comment_status":"closed","ping_status":"closed","sticky":false,"template":"","format":"standard","meta":{"_monsterinsights_skip_tracking":false,"_monsterinsights_sitenote_active":false,"_monsterinsights_sitenote_note":"","_monsterinsights_sitenote_category":0,"footnotes":""},"categories":[49],"tags":[],"class_list":["post-111592","post","type-post","status-publish","format-standard","hentry","category-news-18","category-49","description-off"],"img_url":false,"_links":{"self":[{"href":"https:\/\/www.radiopiu.net\/wordpress\/wp-json\/wp\/v2\/posts\/111592","targetHints":{"allow":["GET"]}}],"collection":[{"href":"https:\/\/www.radiopiu.net\/wordpress\/wp-json\/wp\/v2\/posts"}],"about":[{"href":"https:\/\/www.radiopiu.net\/wordpress\/wp-json\/wp\/v2\/types\/post"}],"author":[{"embeddable":true,"href":"https:\/\/www.radiopiu.net\/wordpress\/wp-json\/wp\/v2\/users\/1"}],"replies":[{"embeddable":true,"href":"https:\/\/www.radiopiu.net\/wordpress\/wp-json\/wp\/v2\/comments?post=111592"}],"version-history":[{"count":0,"href":"https:\/\/www.radiopiu.net\/wordpress\/wp-json\/wp\/v2\/posts\/111592\/revisions"}],"wp:attachment":[{"href":"https:\/\/www.radiopiu.net\/wordpress\/wp-json\/wp\/v2\/media?parent=111592"}],"wp:term":[{"taxonomy":"category","embeddable":true,"href":"https:\/\/www.radiopiu.net\/wordpress\/wp-json\/wp\/v2\/categories?post=111592"},{"taxonomy":"post_tag","embeddable":true,"href":"https:\/\/www.radiopiu.net\/wordpress\/wp-json\/wp\/v2\/tags?post=111592"}],"curies":[{"name":"wp","href":"https:\/\/api.w.org\/{rel}","templated":true}]}}