{"id":111644,"date":"2020-01-03T04:45:15","date_gmt":"2020-01-03T03:45:15","guid":{"rendered":"https:\/\/www.radiopiu.net\/wordpress\/?p=111644"},"modified":"2020-01-03T05:45:10","modified_gmt":"2020-01-03T04:45:10","slug":"il-buon-anno-con-il-cai-di-agordo-e-i-pavaroi-dal-broi","status":"publish","type":"post","link":"https:\/\/www.radiopiu.net\/wordpress\/il-buon-anno-con-il-cai-di-agordo-e-i-pavaroi-dal-broi\/","title":{"rendered":"IL BUON ANNO CON IL CAI DI AGORDO&#8230; E I PAVAROI DAL BROI"},"content":{"rendered":"<blockquote><p><em>domenica 5 gennaio con inizio alle ore 17.30<\/em><\/p><\/blockquote>\n<p><strong><a class=\"dt-pswp-item\" href=\"https:\/\/www.radiopiu.net\/wordpress\/wp-content\/uploads\/2018\/01\/AGORDO-PAVAROI-1.jpg\" data-dt-img-description=\"\" data-large_image_width=\"720\" data-large_image_height=\"960\"><img loading=\"lazy\" decoding=\"async\" class=\"size-medium wp-image-41142 alignleft\" src=\"https:\/\/www.radiopiu.net\/wordpress\/wp-content\/uploads\/2018\/01\/AGORDO-PAVAROI-1-225x300.jpg\" alt=\"\" width=\"225\" height=\"300\" srcset=\"https:\/\/www.radiopiu.net\/wordpress\/wp-content\/uploads\/2018\/01\/AGORDO-PAVAROI-1-225x300.jpg 225w, https:\/\/www.radiopiu.net\/wordpress\/wp-content\/uploads\/2018\/01\/AGORDO-PAVAROI-1.jpg 720w\" sizes=\"auto, (max-width: 225px) 100vw, 225px\" \/><\/a>AGORDO<\/strong>\u00a0 E&#8217; l&#8217;augurio semplice e sincero che la Sezione Agordina del Club Alpino Italiano porge ai Soci e loro Famiglie e a tutti gli amanti della montagna. Inizia un nuovo anno e la nostra Sezione comincia i propri impegni con un appuntamento tradizionale di questo periodo. I PAVAROI fanno parte della tradizione agordina nella serata della vigilia dell&#8217;Epifania.\u00a0 In collaborazione con nostri soci ed i vari gruppi pi\u00f9 o meno ufficiali (talvolta anche un gruppo di pochi amici) verranno accese sulle cime delle principali vette della conca Agordina, ma anche della Valle del Biois e del Cordevole le fiaccole (ecologiche) che illumineranno la via ai Re Magi. Sul Broi di Agordo verr\u00e0 allestito un chiosco che distribuir\u00e0 vin brul\u00e8, panettone e dolci vari, mentre al centro della piazza verde un gran fal\u00f2 riscalder\u00e0 i presenti, in contemporanea con l&#8217;accensione delle fiaccole sulle cime. Per favorire la visione dello spettacolo, l&#8217;illuminazione pubblica sull&#8217;intera piazza della Libert\u00e0, sar\u00e0 attenuata, grazie all&#8217;impegno dell&#8217;Amministrazione Comunale.<\/p>\n<div class=\"su-document su-u-responsive-media-no\"><iframe loading=\"lazy\" src=\"\/\/docs.google.com\/viewer?embedded=true&url=https:\/\/www.radiopiu.net\/wordpress\/wp-content\/uploads\/2020\/01\/MANIFESTO_Pavaroi_2020_Colore.pdf\" width=\"600\" height=\"800\" class=\"su-document\" title=\"cc\"><\/iframe><\/div>\n<p>&nbsp;<\/p>\n","protected":false},"excerpt":{"rendered":"<p>domenica 5 gennaio con inizio alle ore 17.30 AGORDO\u00a0 E&#8217; l&#8217;augurio semplice e sincero che la Sezione Agordina del Club Alpino Italiano porge ai Soci e loro Famiglie e a tutti gli amanti della montagna. Inizia un nuovo anno e la nostra Sezione comincia i propri impegni con un appuntamento tradizionale di questo periodo. I&hellip;<\/p>\n","protected":false},"author":1,"featured_media":41144,"comment_status":"closed","ping_status":"closed","sticky":false,"template":"","format":"standard","meta":{"_monsterinsights_skip_tracking":false,"_monsterinsights_sitenote_active":false,"_monsterinsights_sitenote_note":"","_monsterinsights_sitenote_category":0,"footnotes":""},"categories":[49],"tags":[],"class_list":["post-111644","post","type-post","status-publish","format-standard","has-post-thumbnail","hentry","category-news-18","category-49","description-off"],"img_url":"https:\/\/www.radiopiu.net\/wordpress\/wp-content\/uploads\/2018\/01\/AGORDO-PAVAROI-3.jpg","_links":{"self":[{"href":"https:\/\/www.radiopiu.net\/wordpress\/wp-json\/wp\/v2\/posts\/111644","targetHints":{"allow":["GET"]}}],"collection":[{"href":"https:\/\/www.radiopiu.net\/wordpress\/wp-json\/wp\/v2\/posts"}],"about":[{"href":"https:\/\/www.radiopiu.net\/wordpress\/wp-json\/wp\/v2\/types\/post"}],"author":[{"embeddable":true,"href":"https:\/\/www.radiopiu.net\/wordpress\/wp-json\/wp\/v2\/users\/1"}],"replies":[{"embeddable":true,"href":"https:\/\/www.radiopiu.net\/wordpress\/wp-json\/wp\/v2\/comments?post=111644"}],"version-history":[{"count":0,"href":"https:\/\/www.radiopiu.net\/wordpress\/wp-json\/wp\/v2\/posts\/111644\/revisions"}],"wp:featuredmedia":[{"embeddable":true,"href":"https:\/\/www.radiopiu.net\/wordpress\/wp-json\/wp\/v2\/media\/41144"}],"wp:attachment":[{"href":"https:\/\/www.radiopiu.net\/wordpress\/wp-json\/wp\/v2\/media?parent=111644"}],"wp:term":[{"taxonomy":"category","embeddable":true,"href":"https:\/\/www.radiopiu.net\/wordpress\/wp-json\/wp\/v2\/categories?post=111644"},{"taxonomy":"post_tag","embeddable":true,"href":"https:\/\/www.radiopiu.net\/wordpress\/wp-json\/wp\/v2\/tags?post=111644"}],"curies":[{"name":"wp","href":"https:\/\/api.w.org\/{rel}","templated":true}]}}