{"id":111678,"date":"2020-01-02T23:59:32","date_gmt":"2020-01-02T22:59:32","guid":{"rendered":"https:\/\/www.radiopiu.net\/wordpress\/?p=111678"},"modified":"2020-01-02T16:47:51","modified_gmt":"2020-01-02T15:47:51","slug":"campregana","status":"publish","type":"post","link":"https:\/\/www.radiopiu.net\/wordpress\/campregana\/","title":{"rendered":"LA COMPAGNIA DELLA CAMPREGANA FIRMA UNA ASSEGNO DA 8000 EURO PER IL CEOD"},"content":{"rendered":"<h3><a class=\"dt-pswp-item\" href=\"https:\/\/www.radiopiu.net\/wordpress\/wp-content\/uploads\/2020\/01\/24761e02-3871-4988-a1b5-6b645e791e3d.jpg\" data-dt-img-description=\"\" data-large_image_width=\"1599\" data-large_image_height=\"1200\"><img loading=\"lazy\" decoding=\"async\" class=\"alignnone wp-image-111683 size-full\" src=\"https:\/\/www.radiopiu.net\/wordpress\/wp-content\/uploads\/2020\/01\/24761e02-3871-4988-a1b5-6b645e791e3d.jpg\" alt=\"\" width=\"1599\" height=\"1200\" srcset=\"https:\/\/www.radiopiu.net\/wordpress\/wp-content\/uploads\/2020\/01\/24761e02-3871-4988-a1b5-6b645e791e3d.jpg 1599w, https:\/\/www.radiopiu.net\/wordpress\/wp-content\/uploads\/2020\/01\/24761e02-3871-4988-a1b5-6b645e791e3d-300x225.jpg 300w, https:\/\/www.radiopiu.net\/wordpress\/wp-content\/uploads\/2020\/01\/24761e02-3871-4988-a1b5-6b645e791e3d-1024x768.jpg 1024w, https:\/\/www.radiopiu.net\/wordpress\/wp-content\/uploads\/2020\/01\/24761e02-3871-4988-a1b5-6b645e791e3d-768x576.jpg 768w, https:\/\/www.radiopiu.net\/wordpress\/wp-content\/uploads\/2020\/01\/24761e02-3871-4988-a1b5-6b645e791e3d-1536x1153.jpg 1536w\" sizes=\"auto, (max-width: 1599px) 100vw, 1599px\" \/><\/a><\/h3>\n<p><strong>AGORDO<\/strong> Il mondo dei ragazzi e delle ragazze del Centro Diurno di Agordo \u00e8 fatto di piccole cose e grandi soddisfazioni, ma ieri tra le loro piccole cose quotidiane si \u00e8 inserita una fetta di panettore, un bicchiere di aranciata, uno scrosciare di applausi e per loro \u00e8 stato un momento di festa, di sorrisi e di lacrime di commozione. Davanti all&#8217;obiettivo della macchina fotografia un &#8220;cis&#8221; di quelli veri, diritto dal cuore che sa di grazie, per quell&#8217;assegno da 8000 euro che il gruppo de la Campregana ha voluto donare. E&#8217; il ricavato dell&#8217;iniziativa di San Vincenzo dello scorso aprile al Molin de La Pipi. Un&#8217;idea del compianto Tita Zasso nei primi anni del percorso dei Pop, per tenere la gente nella frazione con un chiosco per le bibite e per un piatto caldo. Da 18 anni il gruppo de La Campregana devolve il ricavato di questa impegnativa giornata, da cinque anni per il Ceod. Contributi importanti per quei ragazzi, per ristrutturare la cucina e per tante altre piccole cose che compongono il loro mondo. Quest&#8217;anno il contributo ancora pi\u00f9 sostanzioso, importante per quella nuova struttura che sta nascendo in via Insurrezione. Da Helena Zardin del gruppo di animatori del Ceod il grazie ad Anna Gavaz e agli amici che ieri si sono presentati al Polifunzionale accanto all&#8217;ospedale di Agordo come documentato dal video della consegna e dalle foto.<\/p>\n<h3>VIDEO<\/h3>\n<div style=\"width: 640px;\" class=\"wp-video\"><video class=\"wp-video-shortcode\" id=\"video-111678-1\" width=\"640\" height=\"352\" preload=\"metadata\" controls=\"controls\"><source type=\"video\/mp4\" src=\"https:\/\/www.radiopiu.net\/wordpress\/wp-content\/uploads\/2020\/01\/WhatsApp-Video-2020-01-02-at-15.29.12.mp4?_=1\" \/><a href=\"https:\/\/www.radiopiu.net\/wordpress\/wp-content\/uploads\/2020\/01\/WhatsApp-Video-2020-01-02-at-15.29.12.mp4\">https:\/\/www.radiopiu.net\/wordpress\/wp-content\/uploads\/2020\/01\/WhatsApp-Video-2020-01-02-at-15.29.12.mp4<\/a><\/video><\/div>\n<h3>FOTO<\/h3>\n<h3><a class=\"dt-pswp-item\" href=\"https:\/\/www.radiopiu.net\/wordpress\/wp-content\/uploads\/2020\/01\/1d9ce38f-1458-4274-a733-a619a8d71f12.jpg\" data-dt-img-description=\"\" data-large_image_width=\"2048\" data-large_image_height=\"1152\"><img loading=\"lazy\" decoding=\"async\" class=\"alignnone size-medium wp-image-111681\" src=\"https:\/\/www.radiopiu.net\/wordpress\/wp-content\/uploads\/2020\/01\/1d9ce38f-1458-4274-a733-a619a8d71f12-300x169.jpg\" alt=\"\" width=\"300\" height=\"169\" srcset=\"https:\/\/www.radiopiu.net\/wordpress\/wp-content\/uploads\/2020\/01\/1d9ce38f-1458-4274-a733-a619a8d71f12-300x169.jpg 300w, https:\/\/www.radiopiu.net\/wordpress\/wp-content\/uploads\/2020\/01\/1d9ce38f-1458-4274-a733-a619a8d71f12-1024x576.jpg 1024w, https:\/\/www.radiopiu.net\/wordpress\/wp-content\/uploads\/2020\/01\/1d9ce38f-1458-4274-a733-a619a8d71f12-768x432.jpg 768w, https:\/\/www.radiopiu.net\/wordpress\/wp-content\/uploads\/2020\/01\/1d9ce38f-1458-4274-a733-a619a8d71f12-1536x864.jpg 1536w, https:\/\/www.radiopiu.net\/wordpress\/wp-content\/uploads\/2020\/01\/1d9ce38f-1458-4274-a733-a619a8d71f12.jpg 2048w\" sizes=\"auto, (max-width: 300px) 100vw, 300px\" \/><\/a><a class=\"dt-pswp-item\" href=\"https:\/\/www.radiopiu.net\/wordpress\/wp-content\/uploads\/2020\/01\/1fd5c9fc-afd3-4c80-a0f6-a87e3d30172e.jpg\" data-dt-img-description=\"\" data-large_image_width=\"1599\" data-large_image_height=\"1200\"><img loading=\"lazy\" decoding=\"async\" class=\"alignnone wp-image-111680\" src=\"https:\/\/www.radiopiu.net\/wordpress\/wp-content\/uploads\/2020\/01\/1fd5c9fc-afd3-4c80-a0f6-a87e3d30172e-300x225.jpg\" alt=\"\" width=\"223\" height=\"167\" srcset=\"https:\/\/www.radiopiu.net\/wordpress\/wp-content\/uploads\/2020\/01\/1fd5c9fc-afd3-4c80-a0f6-a87e3d30172e-300x225.jpg 300w, https:\/\/www.radiopiu.net\/wordpress\/wp-content\/uploads\/2020\/01\/1fd5c9fc-afd3-4c80-a0f6-a87e3d30172e-1024x768.jpg 1024w, https:\/\/www.radiopiu.net\/wordpress\/wp-content\/uploads\/2020\/01\/1fd5c9fc-afd3-4c80-a0f6-a87e3d30172e-768x576.jpg 768w, https:\/\/www.radiopiu.net\/wordpress\/wp-content\/uploads\/2020\/01\/1fd5c9fc-afd3-4c80-a0f6-a87e3d30172e-1536x1153.jpg 1536w, https:\/\/www.radiopiu.net\/wordpress\/wp-content\/uploads\/2020\/01\/1fd5c9fc-afd3-4c80-a0f6-a87e3d30172e.jpg 1599w\" sizes=\"auto, (max-width: 223px) 100vw, 223px\" \/><\/a><\/h3>\n<p>&nbsp;<\/p>\n","protected":false},"excerpt":{"rendered":"<p>AGORDO Il mondo dei ragazzi e delle ragazze del Centro Diurno di Agordo \u00e8 fatto di piccole cose e grandi soddisfazioni, ma ieri tra le loro piccole cose quotidiane si \u00e8 inserita una fetta di panettore, un bicchiere di aranciata, uno scrosciare di applausi e per loro \u00e8 stato un momento di festa, di sorrisi&hellip;<\/p>\n","protected":false},"author":1,"featured_media":111682,"comment_status":"closed","ping_status":"closed","sticky":false,"template":"","format":"standard","meta":{"_monsterinsights_skip_tracking":false,"_monsterinsights_sitenote_active":false,"_monsterinsights_sitenote_note":"","_monsterinsights_sitenote_category":0,"footnotes":""},"categories":[51,49],"tags":[],"class_list":["post-111678","post","type-post","status-publish","format-standard","has-post-thumbnail","hentry","category-evidenza-top","category-news-18","category-51","category-49","description-off"],"img_url":"https:\/\/www.radiopiu.net\/wordpress\/wp-content\/uploads\/2020\/01\/9285d600-e1c2-43d7-b0ca-a2e0fb570b2b.jpg","_links":{"self":[{"href":"https:\/\/www.radiopiu.net\/wordpress\/wp-json\/wp\/v2\/posts\/111678","targetHints":{"allow":["GET"]}}],"collection":[{"href":"https:\/\/www.radiopiu.net\/wordpress\/wp-json\/wp\/v2\/posts"}],"about":[{"href":"https:\/\/www.radiopiu.net\/wordpress\/wp-json\/wp\/v2\/types\/post"}],"author":[{"embeddable":true,"href":"https:\/\/www.radiopiu.net\/wordpress\/wp-json\/wp\/v2\/users\/1"}],"replies":[{"embeddable":true,"href":"https:\/\/www.radiopiu.net\/wordpress\/wp-json\/wp\/v2\/comments?post=111678"}],"version-history":[{"count":0,"href":"https:\/\/www.radiopiu.net\/wordpress\/wp-json\/wp\/v2\/posts\/111678\/revisions"}],"wp:featuredmedia":[{"embeddable":true,"href":"https:\/\/www.radiopiu.net\/wordpress\/wp-json\/wp\/v2\/media\/111682"}],"wp:attachment":[{"href":"https:\/\/www.radiopiu.net\/wordpress\/wp-json\/wp\/v2\/media?parent=111678"}],"wp:term":[{"taxonomy":"category","embeddable":true,"href":"https:\/\/www.radiopiu.net\/wordpress\/wp-json\/wp\/v2\/categories?post=111678"},{"taxonomy":"post_tag","embeddable":true,"href":"https:\/\/www.radiopiu.net\/wordpress\/wp-json\/wp\/v2\/tags?post=111678"}],"curies":[{"name":"wp","href":"https:\/\/api.w.org\/{rel}","templated":true}]}}