{"id":111704,"date":"2020-01-03T05:36:08","date_gmt":"2020-01-03T04:36:08","guid":{"rendered":"https:\/\/www.radiopiu.net\/wordpress\/?p=111704"},"modified":"2020-01-03T10:10:58","modified_gmt":"2020-01-03T09:10:58","slug":"giornale-radiopiu-03-gennaio-2020-direttore-mirko-mezzacasa","status":"publish","type":"post","link":"https:\/\/www.radiopiu.net\/wordpress\/giornale-radiopiu-03-gennaio-2020-direttore-mirko-mezzacasa\/","title":{"rendered":"GIORNALE RADIOPIU 03 GENNAIO 2020 DIRETTORE MIRKO MEZZACASA"},"content":{"rendered":"<p>&nbsp;<\/p>\n<h3><a class=\"dt-pswp-item\" href=\"https:\/\/www.radiopiu.net\/wordpress\/wp-content\/uploads\/2020\/01\/82198817_117948639704281_8853676516328865792_n.jpg\" data-dt-img-description=\"\" data-large_image_width=\"654\" data-large_image_height=\"818\"><img loading=\"lazy\" decoding=\"async\" class=\"wp-image-111763 alignleft\" src=\"https:\/\/www.radiopiu.net\/wordpress\/wp-content\/uploads\/2020\/01\/82198817_117948639704281_8853676516328865792_n-240x300.jpg\" alt=\"\" width=\"117\" height=\"147\" srcset=\"https:\/\/www.radiopiu.net\/wordpress\/wp-content\/uploads\/2020\/01\/82198817_117948639704281_8853676516328865792_n-240x300.jpg 240w, https:\/\/www.radiopiu.net\/wordpress\/wp-content\/uploads\/2020\/01\/82198817_117948639704281_8853676516328865792_n.jpg 654w\" sizes=\"auto, (max-width: 117px) 100vw, 117px\" \/><\/a>SIAMO TUTTI CON TOMMASO<\/h3>\n<p><strong>MONTEBELLUNA-FALCADE<\/strong> \u00c8 iniziato un nuovo anno per noi e soprattutto per Tommaso. Quest&#8217;anno avremo molte opportunit\u00e0 per aiutare il nostro piccolino e non vediamo l&#8217;ora di coglierle tutte. Iniziamo con la Conductive education, faremo una settimana a Monselice dove Tommaso far\u00e0 ogni mattina fisioterapia con un metodo riabilitavo ungherese. Noi siamo molto positivi, speriamo di aver trovato il metodo giusto per Tommaso e che dia i suoi frutti. Come sempre vi teniamo aggiornati su tutto, soprattutt<span class=\"text_exposed_show\">o nella settimana della Conductive Education. <\/span>Inoltre tra gennaio e febbraio proveremo il Crosystem, ma un passo alla volta, intanto pensiamo alla Conductive. Buon anno nuovo a tutti, &#x2764;&#xfe0f; Mamma Alexia<\/p>\n<p>PER CONTRIBUZIONE VOLONTARIE <strong>IBAN: IT21Q0814066070000005054361, intestato a Ki da Fargona, casuale: contributo volontario per Tommaso<\/strong><\/p>\n<p>&nbsp;<\/p>\n<p>&nbsp;<\/p>\n<h2>OPERAZIONE PREVENZIONE ANTI DROGA DEI CARABINIERI DI FELTRE<\/h2>\n<p><strong><a class=\"dt-pswp-item\" href=\"https:\/\/www.radiopiu.net\/wordpress\/wp-content\/uploads\/2020\/01\/3af59272-e0a6-42e7-9cc4-c114bd73e059.jpg\" data-dt-img-description=\"\" data-large_image_width=\"320\" data-large_image_height=\"240\"><img loading=\"lazy\" decoding=\"async\" class=\"size-medium wp-image-111675 alignleft\" src=\"https:\/\/www.radiopiu.net\/wordpress\/wp-content\/uploads\/2020\/01\/3af59272-e0a6-42e7-9cc4-c114bd73e059-300x225.jpg\" alt=\"\" width=\"300\" height=\"225\" srcset=\"https:\/\/www.radiopiu.net\/wordpress\/wp-content\/uploads\/2020\/01\/3af59272-e0a6-42e7-9cc4-c114bd73e059-300x225.jpg 300w, https:\/\/www.radiopiu.net\/wordpress\/wp-content\/uploads\/2020\/01\/3af59272-e0a6-42e7-9cc4-c114bd73e059.jpg 320w\" sizes=\"auto, (max-width: 300px) 100vw, 300px\" \/><\/a>FELTRE <\/strong>\u00a0 Nel corso di un servizio coordinato di controllo del territorio svolto il 30 e 31 dicembre in tutto il feltrino dalla compagnia carabinieri di Feltre con l&#8217;ausilio anche del nucleo cinofilo carabinieri di Torreglia (Pd), sono stati effettuati numerosi controlli preventivi ai molti veicoli in transito sulle principali arterie per il periodo festivo, nonch\u00e9 in zone dove maggiormente possibile individuare consumatori di stupefacenti. Al termine dell&#8217;attivit\u00e0 che ha visto impiegati 31 uomini e 14 mezzi specificatamente dedicati in aggiunta ai normali servizi presenti sul territorio, sono stati sequestrati nel complesso 15 grammi di diverso stupefacente (hashish e marijuana) ed alcuni spinelli gi\u00e0 confezionati, sono state svolte quindi 3 perquisizioni domiciliari e ad alcuni veicoli fermati a campione tra quelli soggetti ai normali controlli. Nel complesso sono state controllate 100 autovetture e 160 persone, 3 esercizi pubblici. Tre persone sono state segnalate: il\u00a0 feltrino D.O. 35 anni, N.R. 20 anni, Z.A. di 40 anni residente in Lombardia, tutti fermati nel corso di controlli stradali. Sono state elevate inoltre alcune contravvenzioni per inosservanze del codice della strada per mancato uso di cinture, l&#8217;immancabile utilizzo del telefono cellulare e revisione scaduta nonch\u00e9 un ritiro carta di circolazione per modifiche al veicolo senza essere sottoposte a collaudo.<\/p>\n<p>&nbsp;<\/p>\n<p>&nbsp;<\/p>\n<p>&nbsp;<\/p>\n<h3>FURTO A CORTINA RUBATI ROLEX ED ANELLI PER 8000 EURO<\/h3>\n<div dir=\"auto\"><strong>CORTINA I Carabinieri hanno segnalato\u00a0<\/strong> un 24enne di Reggio Emilia che alle 4.30 dell&#8217;ultimo giorno dell&#8217;anno davanti ad un esercizio pubblico si stava fumando tranquillamente una &#8221; canna&#8221; di marijuana. Segnalato anche un\u00a0 minorenne romano (15 anni) che con lo stesso comportamento si stava fumando anche lui una canna. A Cortina furto al centro benessere dell&#8217;Hotel Savoia. Un 23enne bolognese denunciava che ignoti gli avrebbero asportato dall&#8217;armadietto un orologio rolex e un paio di anelli dal valore complessivo di 8000 euro<\/div>\n<div dir=\"auto\"><\/div>\n<div dir=\"auto\"><\/div>\n<div dir=\"auto\"><\/div>\n<blockquote>\n<div dir=\"auto\"><\/div>\n<\/blockquote>\n<div dir=\"auto\"><\/div>\n<div dir=\"auto\"><\/div>\n<h3 dir=\"auto\">FURTO MANCATO AL FAMILA, DENUNCIATO 32ENNE DI BELLUNO GIA&#8217; NOTO PER SIMILI EPISODI<\/h3>\n<div dir=\"auto\"><strong>BELLUNO<\/strong> I\u00a0 Carabinieri del Norm di Belluno hanno denunciato in stato di libert\u00e0 T.F.\u00a0 32 anni di Belluno per furto aggravato,\u00a0 l&#8217;uomo nel pomeriggio del 31 tentava di oltrepassare una cassa chiusa del supermercato Famila di Viale Europa ovviamente senza pagare. Nel \u00a0carrello\u00a0 generi alimentari del valore complessivo di circa 200 euro, dapprima fermato dalla guardia giurata ha poi dovuto rispondere della sua azione ai Carabinieri<\/div>\n<p>&nbsp;<\/p>\n<p>&nbsp;<\/p>\n<p>&nbsp;<\/p>\n<h3>DUE DECESSI PER CAUSE NATURALI A SEDICO E FELTRE<\/h3>\n<p><strong><a class=\"dt-pswp-item\" href=\"https:\/\/www.radiopiu.net\/wordpress\/wp-content\/uploads\/2020\/01\/2a834dea-6552-4f91-ab1e-9ed488614c57.jpg\" data-dt-img-description=\"\" data-large_image_width=\"799\" data-large_image_height=\"1599\"><img loading=\"lazy\" decoding=\"async\" class=\"wp-image-111668 alignleft\" src=\"https:\/\/www.radiopiu.net\/wordpress\/wp-content\/uploads\/2020\/01\/2a834dea-6552-4f91-ab1e-9ed488614c57-150x300.jpg\" alt=\"\" width=\"91\" height=\"182\" srcset=\"https:\/\/www.radiopiu.net\/wordpress\/wp-content\/uploads\/2020\/01\/2a834dea-6552-4f91-ab1e-9ed488614c57-150x300.jpg 150w, https:\/\/www.radiopiu.net\/wordpress\/wp-content\/uploads\/2020\/01\/2a834dea-6552-4f91-ab1e-9ed488614c57-512x1024.jpg 512w, https:\/\/www.radiopiu.net\/wordpress\/wp-content\/uploads\/2020\/01\/2a834dea-6552-4f91-ab1e-9ed488614c57-768x1536.jpg 768w, https:\/\/www.radiopiu.net\/wordpress\/wp-content\/uploads\/2020\/01\/2a834dea-6552-4f91-ab1e-9ed488614c57.jpg 799w\" sizes=\"auto, (max-width: 91px) 100vw, 91px\" \/><\/a><\/strong><\/p>\n<p><strong>BELLUNO<\/strong> E&#8217; toccato agli uomini dell&#8217;Arma constatare il decesso di Gabriele Gallina, 45 di Sedico residente in via Dante\u00a0 e Paola Maritan\u00a0 49 anni di Feltre residente in via Tortesen. Entrambi se ne sono andati per cause naturali e sono stati ritrovati all&#8217;interno delle loro abitazioni. Le salme sono gi\u00e0 a disposizione delle famiglie. I funerali di Gabriele Gallina\u00a0 che lascia i fratelli Marilena e Denis si terranno nella chiesa di Bribano oggi\u00a0 alle 11.<\/p>\n<p>&nbsp;<\/p>\n<p>&nbsp;<\/p>\n<p>&nbsp;<\/p>\n<p>&nbsp;<\/p>\n<p>&nbsp;<\/p>\n<h3>RECUPERATA COPPIA IN DIFFICOLT\u00c0<\/h3>\n<p><strong>COMELICO<\/strong>\u00a0 Ieri pomeriggio poco prima delle 17 il Soccorso alpino della Val Comelico \u00e8 stato allertato per una coppia di escursionisti in difficolt\u00e0. Scendendo con le ciaspe da Coltrondo verso Passo Monte Croce Comelico, i due avevano perso l&#8217;orientamento tagliando il sentiero numero 149 ed erano fermi in un bosco incapaci di proseguire. Una squadra \u00e8 partita con il quad e li ha individuati non distante dal Lago dei rospi. Caricati a bordo i due sono stati riaccompagnati alla loro macchina al Passo.<\/p>\n<p>&nbsp;<\/p>\n<p>&nbsp;<\/p>\n<h3>CIRCOLA CON LA MOTO DA CROSS DA COMPETIZIONE SENZA TARGHE \u2013 SANZIONATO GIOVANE MOTOCICLISTA<\/h3>\n<p><span style=\"font-family: Times New Roman, serif;\"><span style=\"font-size: large;\"><span style=\"font-family: Garamond, serif;\"><span style=\"font-size: small;\"><a class=\"dt-pswp-item\" href=\"https:\/\/www.radiopiu.net\/wordpress\/wp-content\/uploads\/2018\/07\/image1.jpeg\" data-dt-img-description=\"\" data-large_image_width=\"259\" data-large_image_height=\"194\"><img loading=\"lazy\" decoding=\"async\" class=\"size-full wp-image-54495 alignleft\" src=\"https:\/\/www.radiopiu.net\/wordpress\/wp-content\/uploads\/2018\/07\/image1.jpeg\" alt=\"\" width=\"259\" height=\"194\" \/><\/a><strong>SEDICO<\/strong> Un giovane centauro residente a Sedico (A.S.) \u00e8 stato\u00a0 trovato dalla Volante della Questura mentre circolava lungo le strade del suo Comune a bordo di una moto da competizione mai immatricolata.\u00a0 Lo scorso 30 dicembre gli agenti, all\u2019altezza della rotonda del Mas di Sedico, notavano due centauri a bordo delle loro moto da cross; subito la loro attenzione cadeva sull\u2019assenza della targa di immatricolazione di uno dei due motocicli. Il conducente di quest\u2019ultimo alla vista della pattuglia accelerava e nonostante l\u2019attivazione di sirena e lampeggiante continuava la marcia, ad alta velocit\u00e0, tentando la fuga in direzione Sedico. Grazie alle abilit\u00e0 di guida dell\u2019autista della volante e ad alcune manovre mal riuscite, a causa dell\u2019agitazione, del centauro questo veniva fermato dopo alcune centinaia di metri. Dal controllo emergeva che la moto condotta dal giovane, un veicolo da competizione, non \u00e8 mai stata immatricolata quindi priva di targa. Essendo un mezzo da gara, senza targhe e senza documenti \u00e8 risultato anche privo di assicurazione RCA, obbligatoria per poter circolare sulle strade. Inoltre la patente di guida in possesso del giovane gli consentiva la sola conduzione di auto o motocicli con una potenza inferiore agli 11 kw, potenza ben inferiore a quella della moto utilizzata. Il ragazzo veniva pertanto contravvenzionato per aver circolato con un veicolo mai immatricolato (sanzione da 431 a 1734 \u20ac e il sequestro ai fini della confisca della moto) e privo di copertura assicurativa (sanzione da 868 a 3471 \u20ac e il sequestro ai fini della confisca della moto), con patente di guida di categoria diversa (sanzione da 1023 a 4092 \u20ac e la sospensione della patente da 4 a 8 mesi), per non essersi fermato all\u2019alt della pattuglia (sanzione da 87 a 345 \u20ac) e per aver tenuto una guida a velocit\u00e0 pericolosa (sanzione da 87 a 345 \u20ac).<\/span><\/span><\/span><\/span><\/p>\n<p>&nbsp;<\/p>\n<p>&nbsp;<\/p>\n<p>&nbsp;<\/p>\n<h3>LE FOTO DEL GIORNO, DI MANUEL CONEDERA<\/h3>\n<blockquote>\n<h3><em><strong>Casera de la Roa a La Valle. Nelle foto si vede il Castello di Moschesin<\/strong><\/em><\/h3>\n<\/blockquote>\n<p><a class=\"dt-pswp-item\" href=\"https:\/\/www.radiopiu.net\/wordpress\/wp-content\/uploads\/2020\/01\/WhatsApp-Image-2020-01-02-at-09.52.56.jpeg\" data-dt-img-description=\"\" data-large_image_width=\"685\" data-large_image_height=\"1599\"><img loading=\"lazy\" decoding=\"async\" class=\"alignnone wp-image-111720\" src=\"https:\/\/www.radiopiu.net\/wordpress\/wp-content\/uploads\/2020\/01\/WhatsApp-Image-2020-01-02-at-09.52.56-129x300.jpeg\" alt=\"\" width=\"86\" height=\"200\" srcset=\"https:\/\/www.radiopiu.net\/wordpress\/wp-content\/uploads\/2020\/01\/WhatsApp-Image-2020-01-02-at-09.52.56-129x300.jpeg 129w, https:\/\/www.radiopiu.net\/wordpress\/wp-content\/uploads\/2020\/01\/WhatsApp-Image-2020-01-02-at-09.52.56-439x1024.jpeg 439w, https:\/\/www.radiopiu.net\/wordpress\/wp-content\/uploads\/2020\/01\/WhatsApp-Image-2020-01-02-at-09.52.56-658x1536.jpeg 658w, https:\/\/www.radiopiu.net\/wordpress\/wp-content\/uploads\/2020\/01\/WhatsApp-Image-2020-01-02-at-09.52.56.jpeg 685w\" sizes=\"auto, (max-width: 86px) 100vw, 86px\" \/><\/a><a class=\"dt-pswp-item\" href=\"https:\/\/www.radiopiu.net\/wordpress\/wp-content\/uploads\/2020\/01\/WhatsApp-Image-2020-01-01-at-02.37.13.jpeg\" data-dt-img-description=\"\" data-large_image_width=\"1069\" data-large_image_height=\"1600\"><img loading=\"lazy\" decoding=\"async\" class=\"alignnone wp-image-111716\" src=\"https:\/\/www.radiopiu.net\/wordpress\/wp-content\/uploads\/2020\/01\/WhatsApp-Image-2020-01-01-at-02.37.13-200x300.jpeg\" alt=\"\" width=\"134\" height=\"200\" srcset=\"https:\/\/www.radiopiu.net\/wordpress\/wp-content\/uploads\/2020\/01\/WhatsApp-Image-2020-01-01-at-02.37.13-200x300.jpeg 200w, https:\/\/www.radiopiu.net\/wordpress\/wp-content\/uploads\/2020\/01\/WhatsApp-Image-2020-01-01-at-02.37.13-684x1024.jpeg 684w, https:\/\/www.radiopiu.net\/wordpress\/wp-content\/uploads\/2020\/01\/WhatsApp-Image-2020-01-01-at-02.37.13-768x1149.jpeg 768w, https:\/\/www.radiopiu.net\/wordpress\/wp-content\/uploads\/2020\/01\/WhatsApp-Image-2020-01-01-at-02.37.13-1026x1536.jpeg 1026w, https:\/\/www.radiopiu.net\/wordpress\/wp-content\/uploads\/2020\/01\/WhatsApp-Image-2020-01-01-at-02.37.13.jpeg 1069w\" sizes=\"auto, (max-width: 134px) 100vw, 134px\" \/><\/a><a class=\"dt-pswp-item\" href=\"https:\/\/www.radiopiu.net\/wordpress\/wp-content\/uploads\/2020\/01\/WhatsApp-Image-2020-01-02-at-09.55.05.jpeg\" data-dt-img-description=\"\" data-large_image_width=\"1600\" data-large_image_height=\"1069\"><img loading=\"lazy\" decoding=\"async\" class=\"alignnone size-medium wp-image-111718\" src=\"https:\/\/www.radiopiu.net\/wordpress\/wp-content\/uploads\/2020\/01\/WhatsApp-Image-2020-01-02-at-09.55.05-300x200.jpeg\" alt=\"\" width=\"300\" height=\"200\" srcset=\"https:\/\/www.radiopiu.net\/wordpress\/wp-content\/uploads\/2020\/01\/WhatsApp-Image-2020-01-02-at-09.55.05-300x200.jpeg 300w, https:\/\/www.radiopiu.net\/wordpress\/wp-content\/uploads\/2020\/01\/WhatsApp-Image-2020-01-02-at-09.55.05-1024x684.jpeg 1024w, https:\/\/www.radiopiu.net\/wordpress\/wp-content\/uploads\/2020\/01\/WhatsApp-Image-2020-01-02-at-09.55.05-768x513.jpeg 768w, https:\/\/www.radiopiu.net\/wordpress\/wp-content\/uploads\/2020\/01\/WhatsApp-Image-2020-01-02-at-09.55.05-1536x1026.jpeg 1536w, https:\/\/www.radiopiu.net\/wordpress\/wp-content\/uploads\/2020\/01\/WhatsApp-Image-2020-01-02-at-09.55.05.jpeg 1600w\" sizes=\"auto, (max-width: 300px) 100vw, 300px\" \/><\/a><a class=\"dt-pswp-item\" href=\"https:\/\/www.radiopiu.net\/wordpress\/wp-content\/uploads\/2020\/01\/WhatsApp-Image-2020-01-02-at-09.54.15.jpeg\" data-dt-img-description=\"\" data-large_image_width=\"1600\" data-large_image_height=\"1069\"><img loading=\"lazy\" decoding=\"async\" class=\"alignnone size-medium wp-image-111719\" src=\"https:\/\/www.radiopiu.net\/wordpress\/wp-content\/uploads\/2020\/01\/WhatsApp-Image-2020-01-02-at-09.54.15-300x200.jpeg\" alt=\"\" width=\"300\" height=\"200\" srcset=\"https:\/\/www.radiopiu.net\/wordpress\/wp-content\/uploads\/2020\/01\/WhatsApp-Image-2020-01-02-at-09.54.15-300x200.jpeg 300w, https:\/\/www.radiopiu.net\/wordpress\/wp-content\/uploads\/2020\/01\/WhatsApp-Image-2020-01-02-at-09.54.15-1024x684.jpeg 1024w, https:\/\/www.radiopiu.net\/wordpress\/wp-content\/uploads\/2020\/01\/WhatsApp-Image-2020-01-02-at-09.54.15-768x513.jpeg 768w, https:\/\/www.radiopiu.net\/wordpress\/wp-content\/uploads\/2020\/01\/WhatsApp-Image-2020-01-02-at-09.54.15-1536x1026.jpeg 1536w, https:\/\/www.radiopiu.net\/wordpress\/wp-content\/uploads\/2020\/01\/WhatsApp-Image-2020-01-02-at-09.54.15.jpeg 1600w\" sizes=\"auto, (max-width: 300px) 100vw, 300px\" \/><\/a><\/p>\n<p>&nbsp;<\/p>\n<p>&nbsp;<\/p>\n<p>&nbsp;<\/p>\n<h3>PALAFALCADE PER UNA SERA LA PICCOLA FENICE CON LA MUSICA DEI BEATLES<\/h3>\n<blockquote><p><em>SOLO APPLAUSI PER LA MAGICAL MYSTERY ORCHESTRA\u00a0<\/em><\/p>\n<p><a class=\"dt-pswp-item\" href=\"https:\/\/www.radiopiu.net\/wordpress\/wp-content\/uploads\/2020\/01\/WhatsApp-Image-2020-01-02-at-22.40.29.jpeg\" data-dt-img-description=\"\" data-large_image_width=\"1599\" data-large_image_height=\"899\"><img loading=\"lazy\" decoding=\"async\" class=\"alignnone size-medium wp-image-111747\" src=\"https:\/\/www.radiopiu.net\/wordpress\/wp-content\/uploads\/2020\/01\/WhatsApp-Image-2020-01-02-at-22.40.29-300x169.jpeg\" alt=\"\" width=\"300\" height=\"169\" srcset=\"https:\/\/www.radiopiu.net\/wordpress\/wp-content\/uploads\/2020\/01\/WhatsApp-Image-2020-01-02-at-22.40.29-300x169.jpeg 300w, https:\/\/www.radiopiu.net\/wordpress\/wp-content\/uploads\/2020\/01\/WhatsApp-Image-2020-01-02-at-22.40.29-1024x576.jpeg 1024w, https:\/\/www.radiopiu.net\/wordpress\/wp-content\/uploads\/2020\/01\/WhatsApp-Image-2020-01-02-at-22.40.29-768x432.jpeg 768w, https:\/\/www.radiopiu.net\/wordpress\/wp-content\/uploads\/2020\/01\/WhatsApp-Image-2020-01-02-at-22.40.29-1536x864.jpeg 1536w, https:\/\/www.radiopiu.net\/wordpress\/wp-content\/uploads\/2020\/01\/WhatsApp-Image-2020-01-02-at-22.40.29.jpeg 1599w\" sizes=\"auto, (max-width: 300px) 100vw, 300px\" \/><\/a><a class=\"dt-pswp-item\" href=\"https:\/\/www.radiopiu.net\/wordpress\/wp-content\/uploads\/2020\/01\/WhatsApp-Image-2020-01-02-at-22.41.19.jpeg\" data-dt-img-description=\"\" data-large_image_width=\"1599\" data-large_image_height=\"899\"><img loading=\"lazy\" decoding=\"async\" class=\"alignnone size-medium wp-image-111748\" src=\"https:\/\/www.radiopiu.net\/wordpress\/wp-content\/uploads\/2020\/01\/WhatsApp-Image-2020-01-02-at-22.41.19-300x169.jpeg\" alt=\"\" width=\"300\" height=\"169\" srcset=\"https:\/\/www.radiopiu.net\/wordpress\/wp-content\/uploads\/2020\/01\/WhatsApp-Image-2020-01-02-at-22.41.19-300x169.jpeg 300w, https:\/\/www.radiopiu.net\/wordpress\/wp-content\/uploads\/2020\/01\/WhatsApp-Image-2020-01-02-at-22.41.19-1024x576.jpeg 1024w, https:\/\/www.radiopiu.net\/wordpress\/wp-content\/uploads\/2020\/01\/WhatsApp-Image-2020-01-02-at-22.41.19-768x432.jpeg 768w, https:\/\/www.radiopiu.net\/wordpress\/wp-content\/uploads\/2020\/01\/WhatsApp-Image-2020-01-02-at-22.41.19-1536x864.jpeg 1536w, https:\/\/www.radiopiu.net\/wordpress\/wp-content\/uploads\/2020\/01\/WhatsApp-Image-2020-01-02-at-22.41.19.jpeg 1599w\" sizes=\"auto, (max-width: 300px) 100vw, 300px\" \/><\/a><a class=\"dt-pswp-item\" href=\"https:\/\/www.radiopiu.net\/wordpress\/wp-content\/uploads\/2020\/01\/WhatsApp-Image-2020-01-03-at-05.09.38.jpeg\" data-dt-img-description=\"\" data-large_image_width=\"1599\" data-large_image_height=\"1200\"><img loading=\"lazy\" decoding=\"async\" class=\"alignnone wp-image-111749\" src=\"https:\/\/www.radiopiu.net\/wordpress\/wp-content\/uploads\/2020\/01\/WhatsApp-Image-2020-01-03-at-05.09.38-300x225.jpeg\" alt=\"\" width=\"224\" height=\"168\" srcset=\"https:\/\/www.radiopiu.net\/wordpress\/wp-content\/uploads\/2020\/01\/WhatsApp-Image-2020-01-03-at-05.09.38-300x225.jpeg 300w, https:\/\/www.radiopiu.net\/wordpress\/wp-content\/uploads\/2020\/01\/WhatsApp-Image-2020-01-03-at-05.09.38-1024x768.jpeg 1024w, https:\/\/www.radiopiu.net\/wordpress\/wp-content\/uploads\/2020\/01\/WhatsApp-Image-2020-01-03-at-05.09.38-768x576.jpeg 768w, https:\/\/www.radiopiu.net\/wordpress\/wp-content\/uploads\/2020\/01\/WhatsApp-Image-2020-01-03-at-05.09.38-1536x1153.jpeg 1536w, https:\/\/www.radiopiu.net\/wordpress\/wp-content\/uploads\/2020\/01\/WhatsApp-Image-2020-01-03-at-05.09.38.jpeg 1599w\" sizes=\"auto, (max-width: 224px) 100vw, 224px\" \/><\/a><\/p><\/blockquote>\n<p><strong>FALCADE\u00a0 <\/strong>Musica per &#8220;palati fini&#8221; ieri sera al PalaDolomiti di Falcade, quello messo in scena dal Comune di Falcade per turisti e valligiani sar\u00e0 ricordato come l&#8217;evento musicale delle festivit\u00e0 nell&#8217;Agordino. Due ore di musica a marchio Beatles non solo con un quintetto base di musicisti con le contro note, ma un&#8217;orchestra d&#8217;archi, fiati, cori ed anche un attore che ha interpretato le canzoni rendendo ancora pi\u00f9 coinvolgente lo spettacolo. Canzoni e musiche dalle grandi emozioni, ma anche ritmo ed energia che hanno fatto alzare il pubblico dalle sedie fino a ballare tra bis e tris che hanno saputo trascinare. Oltre la solita birra e wurstel, Falcade ha ospitato una serata di gran classe.<\/p>\n<div id=\"fb-root\"><\/div>\n<p><script async=\"1\" defer=\"1\" crossorigin=\"anonymous\" src=\"https:\/\/connect.facebook.net\/it_IT\/sdk.js#xfbml=1&amp;version=v6.0\"><\/script><\/p>\n<div class=\"fb-video\" data-href=\"https:\/\/www.facebook.com\/Mirkomezziano\/videos\/2555118714770899\/\" data-width=\"1200\">\n<blockquote cite=\"https:\/\/www.facebook.com\/Mirkomezziano\/videos\/2555118714770899\/\" class=\"fb-xfbml-parse-ignore\"><p><a href=\"https:\/\/www.facebook.com\/Mirkomezziano\/videos\/2555118714770899\/\"><\/a><\/p>\n<p>MAGICAL MYSTERY ORCHESTRA AL PALADOLOMITI DI FALCADE<\/p>\n<p>Pubblicato da <a href=\"https:\/\/www.facebook.com\/Mirkomezziano\">Mezzacasa Mirkobis Mirko<\/a> su Gioved\u00ec 2 gennaio 2020<\/p><\/blockquote>\n<\/div>\n<p>&nbsp;<\/p>\n<p>&nbsp;<\/p>\n<p>&nbsp;<\/p>\n<p>&nbsp;<\/p>\n<h3>E QUESTA SERA NEL RICORDO DI DANTE MORO LA DOLOMITI SYMPHONIA<\/h3>\n<p><b><a class=\"dt-pswp-item\" href=\"https:\/\/www.radiopiu.net\/wordpress\/wp-content\/uploads\/2019\/12\/Dolomiti-Symphonia.jpg\" data-dt-img-description=\"\" data-large_image_width=\"800\" data-large_image_height=\"532\"><img loading=\"lazy\" decoding=\"async\" class=\"size-medium wp-image-111085 alignleft\" src=\"https:\/\/www.radiopiu.net\/wordpress\/wp-content\/uploads\/2019\/12\/Dolomiti-Symphonia-300x200.jpg\" alt=\"\" width=\"300\" height=\"200\" srcset=\"https:\/\/www.radiopiu.net\/wordpress\/wp-content\/uploads\/2019\/12\/Dolomiti-Symphonia-300x200.jpg 300w, https:\/\/www.radiopiu.net\/wordpress\/wp-content\/uploads\/2019\/12\/Dolomiti-Symphonia-768x511.jpg 768w, https:\/\/www.radiopiu.net\/wordpress\/wp-content\/uploads\/2019\/12\/Dolomiti-Symphonia.jpg 800w\" sizes=\"auto, (max-width: 300px) 100vw, 300px\" \/><\/a>FALCADE\u00a0 <\/b>Come le linee delle sculture di Dante Moro (1933-2009), cos\u00ec profonde, sognanti e slanciate verso l\u2019alto saranno le melodie che ascolteremo nel concerto sinfonico QUESTA SERA\u00a0 alle 21, con l\u2019orchestra Dolomiti Symphonia, diretta da Delio Cassetta, e Silvia Tessari\u00a0 (foto copertina) al pianoforte. Sede dell\u2019evento: la chiesa parrocchiale di Falcade. La musica classica del Romanticismo europeo sar\u00e0 protagonista, con il meditativo e affettuoso concerto di Robert Schumann (1810-1856), a volte ruvido e improvvisamente grandioso. L\u2019organico \u00e8 molto ampio, con timpani, flauti, oboi, clarinetti, fagotti, trombe, archi, e naturalmente il pianoforte, che si esprime con tinte ora virtuosistiche, ora dolcemente cantabili. Ci sar\u00e0 spazio anche (e soprattutto) per la premiazione della terza edizione del concorso <a class=\"dt-pswp-item\" href=\"https:\/\/www.radiopiu.net\/wordpress\/wp-content\/uploads\/2019\/12\/Gabriele-Caselli.jpg\" data-dt-img-description=\"\" data-large_image_width=\"1024\" data-large_image_height=\"767\"><img loading=\"lazy\" decoding=\"async\" class=\" wp-image-111086 alignright\" src=\"https:\/\/www.radiopiu.net\/wordpress\/wp-content\/uploads\/2019\/12\/Gabriele-Caselli-300x225.jpg\" alt=\"\" width=\"227\" height=\"170\" srcset=\"https:\/\/www.radiopiu.net\/wordpress\/wp-content\/uploads\/2019\/12\/Gabriele-Caselli-300x225.jpg 300w, https:\/\/www.radiopiu.net\/wordpress\/wp-content\/uploads\/2019\/12\/Gabriele-Caselli-768x575.jpg 768w, https:\/\/www.radiopiu.net\/wordpress\/wp-content\/uploads\/2019\/12\/Gabriele-Caselli.jpg 1024w\" sizes=\"auto, (max-width: 227px) 100vw, 227px\" \/><\/a>internazionale di composizione Dante Moro. Il primo premio non \u00e8 stato assegnato (nell\u2019ottica di un concorso che mira non a scegliere semplicemente la miglior partitura ricevuta, ma a premiare uno standard di assoluta eccellenza). Per le qualit\u00e0 molto buone sono per\u00f2 stati assegnati due secondi premi: al pisano Gabriele Caselli (foto a lato), che ha tratto ispirazione dalla scultura \u201cLa fanciulla che sorride\u201d di Moro, e a Maria Beatrice Orlando, di Gorizia, con \u201cRagazza nel vento\u201d. Entrambe le composizioni si potranno ascoltare in prima assoluta mondiale nel concerto del 3 gennaio a Falcade, durante il quale avverr\u00e0 anche la premiazione. Una menzione speciale \u00e8 stata inoltre assegnata al veronese Michael Romio, con il brano Riposo in Egitto. Una novit\u00e0 del concerto di quest\u2019anno: tra gli artisti, introdotti dalla voce di Giovanni Soppelsa, ci sar\u00e0 anche il noto attore Stefano Fregni, che interpreter\u00e0 dei brevi monologhi scritti da lui, che ci faranno ancora pi\u00f9 immergere nella preziosa spiritualit\u00e0 della scultura di Dante Moro e della musica.<\/p>\n<p>&nbsp;<\/p>\n<p>&nbsp;<\/p>\n<p>&nbsp;<\/p>\n<p>&nbsp;<\/p>\n<h3>IL PIANO COMUNALE DI PROTEZIONE CIVILE<\/h3>\n<p><strong> <img loading=\"lazy\" decoding=\"async\" class=\"alignleft\" src=\"https:\/\/www.radiopiu.net\/wordpress\/wp-content\/uploads\/2018\/11\/e78976c0-3fc0-40e7-bb41-8c6b14734bd4.jpg\" width=\"94\" height=\"125\" \/>AGORDO<\/strong> Vaia non \u00e8 un ricordo lontano, tutt&#8217;altro e la paura di un altro uragano come quello di fine ottobre 2018 difficilmente passer\u00e0. Il Comune di Agordo tra pochi giorni presenter\u00e0 il piano comunale di protezione civile opportunamento aggiornato secondo il nuovo codice di protezione civile. Il sindaco Roberto Chissal\u00e8 al proposito intende informare la popolazione sugli scenari di rischio, sulla pianificazione di protezione civile e sulle situazioni di pericolo determinate dai rischi naturali o comunque derivanti dall&#8217;attivit\u00e0 dell&#8217;uomo e che potrebbero verificarsi sul territorio del Comune. Il piano di protezione civile sar\u00e0 presentato da chi lo ha redatto, ovvero l&#8217;ingegner Maurizio Girola, venerdi 10 gennaio alle 20 in sala Don Tamis ad Agordo, incontro aperto a tutta la cittadinanza.<\/p>\n<p><strong>IL SINDACO ROBERTO CHISSALE&#8217;<\/strong><\/p>\n<audio class=\"wp-audio-shortcode\" id=\"audio-111704-1\" preload=\"none\" style=\"width: 100%;\" controls=\"controls\"><source type=\"audio\/mpeg\" src=\"https:\/\/www.radiopiu.net\/wordpress\/wp-content\/uploads\/2020\/01\/chissale.mp3?_=1\" \/><a href=\"https:\/\/www.radiopiu.net\/wordpress\/wp-content\/uploads\/2020\/01\/chissale.mp3\">https:\/\/www.radiopiu.net\/wordpress\/wp-content\/uploads\/2020\/01\/chissale.mp3<\/a><\/audio>\n<p>&nbsp;<\/p>\n<p>&nbsp;<\/p>\n<p>&nbsp;<\/p>\n<p>&nbsp;<\/p>\n<h3>5 G MINACCIA INVISIBILE? A LA VALLE L&#8217;INCONTRO<\/h3>\n<p>di GIANNI SANTOMASO<\/p>\n<audio class=\"wp-audio-shortcode\" id=\"audio-111704-2\" preload=\"none\" style=\"width: 100%;\" controls=\"controls\"><source type=\"audio\/mpeg\" src=\"https:\/\/www.radiopiu.net\/wordpress\/wp-content\/uploads\/2020\/01\/gianni-5g.mp3?_=2\" \/><a href=\"https:\/\/www.radiopiu.net\/wordpress\/wp-content\/uploads\/2020\/01\/gianni-5g.mp3\">https:\/\/www.radiopiu.net\/wordpress\/wp-content\/uploads\/2020\/01\/gianni-5g.mp3<\/a><\/audio>\n<p>&nbsp;<\/p>\n<p><strong><a class=\"dt-pswp-item\" href=\"https:\/\/www.radiopiu.net\/wordpress\/wp-content\/uploads\/2019\/12\/5g-antenna.jpg\" data-dt-img-description=\"\" data-large_image_width=\"1156\" data-large_image_height=\"650\"><img loading=\"lazy\" decoding=\"async\" class=\"size-medium wp-image-110176 alignleft\" src=\"https:\/\/www.radiopiu.net\/wordpress\/wp-content\/uploads\/2019\/12\/5g-antenna-300x169.jpg\" alt=\"\" width=\"300\" height=\"169\" srcset=\"https:\/\/www.radiopiu.net\/wordpress\/wp-content\/uploads\/2019\/12\/5g-antenna-300x169.jpg 300w, https:\/\/www.radiopiu.net\/wordpress\/wp-content\/uploads\/2019\/12\/5g-antenna-1024x576.jpg 1024w, https:\/\/www.radiopiu.net\/wordpress\/wp-content\/uploads\/2019\/12\/5g-antenna-768x432.jpg 768w, https:\/\/www.radiopiu.net\/wordpress\/wp-content\/uploads\/2019\/12\/5g-antenna.jpg 1156w\" sizes=\"auto, (max-width: 300px) 100vw, 300px\" \/><\/a>LA VALLE<\/strong> Come noto ormai da tempo sono due i Comuni Agordini scelti come &#8220;cavie&#8221; per la nuova tegnologia 5G della quale pochi ne sanno qualche cosa. Per questo motivo l&#8217;amministrazione comunale lavallese ha messo in calendario per sabato 18 gennaio alle 20.30 un importante incontro. Una serata sul tema dell&#8217;inquinamento da campi elettromagnetici perch\u00e9 la conoscenza dei rischi per la salute \u00e8 un diritto di tutti.<\/p>\n<p>Elettrosmog e 5G il titolo della serata con sottotitolo sibillino &#8220;la minaccia invisibile&#8221;. Ne parler\u00e0 il dottor Achille Sacchi, in sala Valmassoni (ex latteria). Siamo quotidianamente immersi dentro un grande campo magnetico le cui onde influiscono sulla salute, l&#8217;uso del 5G quanto contribuir\u00e0 ad aumentare il rischio?<br \/>\nIl dottor Achille Sacchi, esperto di elettrosmog e autore del libro &#8220;inquinamento invisibile&#8221; parler\u00e0 dei rischi di questa forma di inquinamento. L&#8217;incontro \u00e8 organizzato da Comune di La Valle Agordina e Associazione culturale Centro UPM di Belluno, ingresso libero.<\/p>\n<p>&nbsp;<\/p>\n<p>&nbsp;<\/p>\n<p>&nbsp;<\/p>\n<p>&nbsp;<\/p>\n<h3>FORZA LUCA! DA UN&#8217;INTERA CITTA&#8217;<\/h3>\n<p><strong><a class=\"dt-pswp-item\" href=\"https:\/\/www.radiopiu.net\/wordpress\/wp-content\/uploads\/2020\/01\/80832232_2648208265465349_7623182082675572736_o.jpg\" data-dt-img-description=\"\" data-large_image_width=\"769\" data-large_image_height=\"960\"><img loading=\"lazy\" decoding=\"async\" class=\" wp-image-111701 alignleft\" src=\"https:\/\/www.radiopiu.net\/wordpress\/wp-content\/uploads\/2020\/01\/80832232_2648208265465349_7623182082675572736_o-240x300.jpg\" alt=\"\" width=\"178\" height=\"223\" srcset=\"https:\/\/www.radiopiu.net\/wordpress\/wp-content\/uploads\/2020\/01\/80832232_2648208265465349_7623182082675572736_o-240x300.jpg 240w, https:\/\/www.radiopiu.net\/wordpress\/wp-content\/uploads\/2020\/01\/80832232_2648208265465349_7623182082675572736_o.jpg 769w\" sizes=\"auto, (max-width: 178px) 100vw, 178px\" \/><\/a>FELTRE<\/strong> Dopo l&#8217;incendio dell&#8217;altra sera interviene ai microfoni di Radio Pi\u00f9 il proprietario Luca Cargnel. <em>&#8220;Ci rivedremo, non so quanto presto. Intanto grazie a tutti&#8221;.<\/em><\/p>\n<p>Questa sera alle 17 al campo sportivo di Nemeggio aperitivo e buffet ad offerta libera per la ripartenza. Anche il Quartier Port&#8217;Oria che inizialmente aveva previsto la pastasciutta per domenica ha cambiato i programmi e in un post su facebook comunica:\u00a0 ci accodiamo all&#8217;iniziativa prevista per oggi pomeriggio ANNULLANDO LA NOSTRA PASTA ed aspettandovi tutti per un unico grande evento agli impianti sportivi di Nemeggio dalle 17<\/p>\n<p>con la collaborazione di Nicola Maccagnan<\/p>\n<blockquote><p><strong>ATTENZIONE L&#8217;INTERVISTA REALIZZATA IERI FA RIFERIMENTO A &#8220;DOMANI&#8221; OVVIAMENTE PER DOMANI SI INTENDE OGGI VENERDI 3 GENNAIO\u00a0<\/strong><\/p><\/blockquote>\n<audio class=\"wp-audio-shortcode\" id=\"audio-111704-3\" preload=\"none\" style=\"width: 100%;\" controls=\"controls\"><source type=\"audio\/mpeg\" src=\"https:\/\/www.radiopiu.net\/wordpress\/wp-content\/uploads\/2020\/01\/luca.mp3?_=3\" \/><a href=\"https:\/\/www.radiopiu.net\/wordpress\/wp-content\/uploads\/2020\/01\/luca.mp3\">https:\/\/www.radiopiu.net\/wordpress\/wp-content\/uploads\/2020\/01\/luca.mp3<\/a><\/audio>\n<p>&nbsp;<\/p>\n<p>&nbsp;<\/p>\n<p>&nbsp;<\/p>\n<p>&nbsp;<\/p>\n<h3>ZONA PESCHIERE, LAVORI IN CORSO<\/h3>\n<p><strong><a class=\"dt-pswp-item\" href=\"https:\/\/www.radiopiu.net\/wordpress\/wp-content\/uploads\/2020\/01\/e8be1586-1bbc-44cd-89e2-f7798001df5f.jpg\" data-dt-img-description=\"\" data-large_image_width=\"960\" data-large_image_height=\"720\"><img loading=\"lazy\" decoding=\"async\" class=\" wp-image-111693 alignleft\" src=\"https:\/\/www.radiopiu.net\/wordpress\/wp-content\/uploads\/2020\/01\/e8be1586-1bbc-44cd-89e2-f7798001df5f-300x225.jpg\" alt=\"\" width=\"269\" height=\"202\" srcset=\"https:\/\/www.radiopiu.net\/wordpress\/wp-content\/uploads\/2020\/01\/e8be1586-1bbc-44cd-89e2-f7798001df5f-300x225.jpg 300w, https:\/\/www.radiopiu.net\/wordpress\/wp-content\/uploads\/2020\/01\/e8be1586-1bbc-44cd-89e2-f7798001df5f-768x576.jpg 768w, https:\/\/www.radiopiu.net\/wordpress\/wp-content\/uploads\/2020\/01\/e8be1586-1bbc-44cd-89e2-f7798001df5f.jpg 960w\" sizes=\"auto, (max-width: 269px) 100vw, 269px\" \/><\/a>TAIBON<\/strong> Le ditte che hanno in appalto i lavori hanno messo ordine, un fianco della montagna che guarda il laghetto e la baita alle Peschiere (gi\u00e0 After Hour) ora si presenta in modo decisamente diverso. Non pi\u00f9 alberi disordinatamente a terra, ma un bosco ripulito che con il verde avr\u00e0 ben altro aspetto. Accanto al laghetto, verso nord i lavori devono ancora iniziare, qui gli alberi sono come Vaia li ha lasciati.<\/p>\n<p>Nonostante l&#8217;inferno tutt&#8217;attorno c&#8217;\u00e8 chi ha continuato a lavorare per costruire l&#8217;Arena. Alle moderne pareti di cemento si aggiungono le travi in legno, ma non \u00e8 quello rovesciato da Vaia, ben altro e pregiato anche perch\u00e9 il portafoglio dei fondi di confine \u00e8 talmente gonfio che permette di non fare debiti. Dall&#8217;Arena lo spettacolo verso valle \u00e8 desolante, l&#8217;intero versante delle Pale di San Lucano \u00e8 esattamente come un anno fa, pi\u00f9 di un anno fa. Il passaggio del fuoco e dell&#8217;uragano Vaia ha stravolto l&#8217;ambiente e per ora di costruire una strada taglia fuoco che permetta anche di poter operare sui fianchi delle montagne non se ne parla proprio e un&#8217;altra estate sta per arrivare, la seconda dopo il disastro dell&#8217;ottobre 2018.<\/p>\n<p><strong>VIDEO 1, AL LAGHETTO DELLE PESCHIERE DA FORNO VAL<\/strong><\/p>\n<div style=\"width: 640px;\" class=\"wp-video\"><video class=\"wp-video-shortcode\" id=\"video-111704-1\" width=\"640\" height=\"352\" preload=\"metadata\" controls=\"controls\"><source type=\"video\/mp4\" src=\"https:\/\/www.radiopiu.net\/wordpress\/wp-content\/uploads\/2020\/01\/WhatsApp-Video-2020-01-02-at-13.47.12.mp4?_=1\" \/><a href=\"https:\/\/www.radiopiu.net\/wordpress\/wp-content\/uploads\/2020\/01\/WhatsApp-Video-2020-01-02-at-13.47.12.mp4\">https:\/\/www.radiopiu.net\/wordpress\/wp-content\/uploads\/2020\/01\/WhatsApp-Video-2020-01-02-at-13.47.12.mp4<\/a><\/video><\/div>\n<p><strong>VIDEO 2, AL LAGHETTO DELLE PESCHIERE DALLA STRADA COMUNALE CHE ATTRAVERSA LA VALLE DI SAN LUCANO TRA ALBERI ABBATTUTI (NORD) L&#8217;ARENA IN COSTRUZIONE<\/strong><\/p>\n<div style=\"width: 640px;\" class=\"wp-video\"><video class=\"wp-video-shortcode\" id=\"video-111704-2\" width=\"640\" height=\"352\" preload=\"metadata\" controls=\"controls\"><source type=\"video\/mp4\" src=\"https:\/\/www.radiopiu.net\/wordpress\/wp-content\/uploads\/2020\/01\/WhatsApp-Video-2020-01-02-at-13.47.45.mp4?_=2\" \/><a href=\"https:\/\/www.radiopiu.net\/wordpress\/wp-content\/uploads\/2020\/01\/WhatsApp-Video-2020-01-02-at-13.47.45.mp4\">https:\/\/www.radiopiu.net\/wordpress\/wp-content\/uploads\/2020\/01\/WhatsApp-Video-2020-01-02-at-13.47.45.mp4<\/a><\/video><\/div>\n<p>&nbsp;<\/p>\n<p>&nbsp;<\/p>\n<p>&nbsp;<\/p>\n<h3>TRE PROGETTI AL VIA NEI PUNTI CRITICI CON SOGGETTO ATTUATTORE IL COMUNE<\/h3>\n\n\t\t\t<style type='text\/css'>\n\t\t\t\t#gallery-1 {\n\t\t\t\t\tmargin: auto;\n\t\t\t\t}\n\t\t\t\t#gallery-1 .gallery-item {\n\t\t\t\t\tfloat: left;\n\t\t\t\t\tmargin-top: 10px;\n\t\t\t\t\ttext-align: center;\n\t\t\t\t\twidth: 33%;\n\t\t\t\t}\n\t\t\t\t#gallery-1 img {\n\t\t\t\t\tborder: 2px solid #cfcfcf;\n\t\t\t\t}\n\t\t\t\t#gallery-1 .gallery-caption {\n\t\t\t\t\tmargin-left: 0;\n\t\t\t\t}\n\t\t\t\t\/* see gallery_shortcode() in wp-includes\/media.php *\/\n\t\t\t<\/style>\n\t\t<div id='gallery-1' class='dt-gallery-container gallery galleryid-111704 gallery-columns-3 gallery-size-thumbnail'><dl class='gallery-item'>\n\t\t\t\t<dt class='gallery-icon landscape'>\n\t\t\t\t\t<a class=\"rollover\" href='https:\/\/www.radiopiu.net\/wordpress\/giornale-radiopiu-03-gennaio-2020-direttore-mirko-mezzacasa\/cc10edbb-e82e-42c7-9352-de75e49258c4\/'><img loading=\"lazy\" decoding=\"async\" width=\"150\" height=\"150\" src=\"https:\/\/www.radiopiu.net\/wordpress\/wp-content\/uploads\/2020\/01\/cc10edbb-e82e-42c7-9352-de75e49258c4-150x150.jpg\" class=\"attachment-thumbnail size-thumbnail\" alt=\"\" \/><\/a>\n\t\t\t\t<\/dt><\/dl><dl class='gallery-item'>\n\t\t\t\t<dt class='gallery-icon landscape'>\n\t\t\t\t\t<a class=\"rollover\" href='https:\/\/www.radiopiu.net\/wordpress\/giornale-radiopiu-03-gennaio-2020-direttore-mirko-mezzacasa\/1ff13b12-ce15-4f86-8f83-1b4256fe8b05\/'><img loading=\"lazy\" decoding=\"async\" width=\"150\" height=\"150\" src=\"https:\/\/www.radiopiu.net\/wordpress\/wp-content\/uploads\/2020\/01\/1ff13b12-ce15-4f86-8f83-1b4256fe8b05-150x150.jpg\" class=\"attachment-thumbnail size-thumbnail\" alt=\"\" \/><\/a>\n\t\t\t\t<\/dt><\/dl><dl class='gallery-item'>\n\t\t\t\t<dt class='gallery-icon landscape'>\n\t\t\t\t\t<a class=\"rollover\" href='https:\/\/www.radiopiu.net\/wordpress\/giornale-radiopiu-03-gennaio-2020-direttore-mirko-mezzacasa\/9da0da5b-0872-450e-bf5f-84cfe857d449\/'><img loading=\"lazy\" decoding=\"async\" width=\"150\" height=\"150\" src=\"https:\/\/www.radiopiu.net\/wordpress\/wp-content\/uploads\/2020\/01\/9da0da5b-0872-450e-bf5f-84cfe857d449-150x150.jpg\" class=\"attachment-thumbnail size-thumbnail\" alt=\"\" \/><\/a>\n\t\t\t\t<\/dt><\/dl><br style=\"clear: both\" \/>\n\t\t\t<\/div>\n\n<p><strong>TAIBON<\/strong> <strong>Primo cantiere<\/strong> alla Roa del Forn nei pressi della discarica, importo per 270 mila euro per l&#8217;esecuzione dei lavori di mitigazione e difesa del dissesto in atto.<\/p>\n<p><strong>Seconda opera<\/strong> a difesa del ponte sul Tegnas verso la centralina idroelettrica. Rifacimento della scogliera. Importo 310 mila euro.<\/p>\n\n\t\t\t<style type='text\/css'>\n\t\t\t\t#gallery-2 {\n\t\t\t\t\tmargin: auto;\n\t\t\t\t}\n\t\t\t\t#gallery-2 .gallery-item {\n\t\t\t\t\tfloat: left;\n\t\t\t\t\tmargin-top: 10px;\n\t\t\t\t\ttext-align: center;\n\t\t\t\t\twidth: 33%;\n\t\t\t\t}\n\t\t\t\t#gallery-2 img {\n\t\t\t\t\tborder: 2px solid #cfcfcf;\n\t\t\t\t}\n\t\t\t\t#gallery-2 .gallery-caption {\n\t\t\t\t\tmargin-left: 0;\n\t\t\t\t}\n\t\t\t\t\/* see gallery_shortcode() in wp-includes\/media.php *\/\n\t\t\t<\/style>\n\t\t<div id='gallery-2' class='dt-gallery-container gallery galleryid-111704 gallery-columns-3 gallery-size-thumbnail'><dl class='gallery-item'>\n\t\t\t\t<dt class='gallery-icon landscape'>\n\t\t\t\t\t<a class=\"rollover\" href='https:\/\/www.radiopiu.net\/wordpress\/giornale-radiopiu-03-gennaio-2020-direttore-mirko-mezzacasa\/814939a5-f596-417a-a1a9-fc2d43376f12\/'><img loading=\"lazy\" decoding=\"async\" width=\"150\" height=\"150\" src=\"https:\/\/www.radiopiu.net\/wordpress\/wp-content\/uploads\/2020\/01\/814939a5-f596-417a-a1a9-fc2d43376f12-150x150.jpg\" class=\"attachment-thumbnail size-thumbnail\" alt=\"\" \/><\/a>\n\t\t\t\t<\/dt><\/dl><dl class='gallery-item'>\n\t\t\t\t<dt class='gallery-icon landscape'>\n\t\t\t\t\t<a class=\"rollover\" href='https:\/\/www.radiopiu.net\/wordpress\/giornale-radiopiu-03-gennaio-2020-direttore-mirko-mezzacasa\/049f6a90-e345-4e9a-af71-2ebe8ccd26f4\/'><img loading=\"lazy\" decoding=\"async\" width=\"150\" height=\"150\" src=\"https:\/\/www.radiopiu.net\/wordpress\/wp-content\/uploads\/2020\/01\/049f6a90-e345-4e9a-af71-2ebe8ccd26f4-150x150.jpg\" class=\"attachment-thumbnail size-thumbnail\" alt=\"\" \/><\/a>\n\t\t\t\t<\/dt><\/dl><dl class='gallery-item'>\n\t\t\t\t<dt class='gallery-icon landscape'>\n\t\t\t\t\t<a class=\"rollover\" href='https:\/\/www.radiopiu.net\/wordpress\/giornale-radiopiu-03-gennaio-2020-direttore-mirko-mezzacasa\/a2dff787-3872-4b4a-b723-55f171d4426d\/'><img loading=\"lazy\" decoding=\"async\" width=\"150\" height=\"150\" src=\"https:\/\/www.radiopiu.net\/wordpress\/wp-content\/uploads\/2020\/01\/a2dff787-3872-4b4a-b723-55f171d4426d-150x150.jpg\" class=\"attachment-thumbnail size-thumbnail\" alt=\"\" \/><\/a>\n\t\t\t\t<\/dt><\/dl><br style=\"clear: both\" \/>\n\t\t\t<\/div>\n\n<p><strong>Terzo intervento<\/strong> in localit\u00e0 Scalette, posa reti elastiche paramassi per un importo di 286 mila euro.<\/p>\n<p><strong>IL SINDACO SILVIA TORMEN<\/strong><\/p>\n<audio class=\"wp-audio-shortcode\" id=\"audio-111704-4\" preload=\"none\" style=\"width: 100%;\" controls=\"controls\"><source type=\"audio\/mpeg\" src=\"https:\/\/www.radiopiu.net\/wordpress\/wp-content\/uploads\/2020\/01\/SILVIA-TORMEN.mp3?_=4\" \/><a href=\"https:\/\/www.radiopiu.net\/wordpress\/wp-content\/uploads\/2020\/01\/SILVIA-TORMEN.mp3\">https:\/\/www.radiopiu.net\/wordpress\/wp-content\/uploads\/2020\/01\/SILVIA-TORMEN.mp3<\/a><\/audio>\n<p>&nbsp;<\/p>\n<p>&nbsp;<\/p>\n<p>&nbsp;<\/p>\n<p>&nbsp;<\/p>\n<h3>GRAZIE BRUNA, 41 ANNI DI IMPEGNO IMPORTANTE PER IL PAESE<\/h3>\n<p><strong><a class=\"dt-pswp-item\" href=\"https:\/\/www.radiopiu.net\/wordpress\/wp-content\/uploads\/2020\/01\/2d811694-0d63-418c-a026-4bf2f19c7ccc.jpg\" data-dt-img-description=\"\" data-large_image_width=\"1069\" data-large_image_height=\"1599\"><img loading=\"lazy\" decoding=\"async\" class=\"size-medium wp-image-111696 alignright\" src=\"https:\/\/www.radiopiu.net\/wordpress\/wp-content\/uploads\/2020\/01\/2d811694-0d63-418c-a026-4bf2f19c7ccc-201x300.jpg\" alt=\"\" width=\"201\" height=\"300\" srcset=\"https:\/\/www.radiopiu.net\/wordpress\/wp-content\/uploads\/2020\/01\/2d811694-0d63-418c-a026-4bf2f19c7ccc-201x300.jpg 201w, https:\/\/www.radiopiu.net\/wordpress\/wp-content\/uploads\/2020\/01\/2d811694-0d63-418c-a026-4bf2f19c7ccc-685x1024.jpg 685w, https:\/\/www.radiopiu.net\/wordpress\/wp-content\/uploads\/2020\/01\/2d811694-0d63-418c-a026-4bf2f19c7ccc-768x1149.jpg 768w, https:\/\/www.radiopiu.net\/wordpress\/wp-content\/uploads\/2020\/01\/2d811694-0d63-418c-a026-4bf2f19c7ccc-1027x1536.jpg 1027w, https:\/\/www.radiopiu.net\/wordpress\/wp-content\/uploads\/2020\/01\/2d811694-0d63-418c-a026-4bf2f19c7ccc.jpg 1069w\" sizes=\"auto, (max-width: 201px) 100vw, 201px\" \/><\/a>ALLEGHE<\/strong> Eccome se mancher\u00e0 quel punto vendita in centro a Caprile di Alleghe lungo la regionale 203 agordina, gli alimentari, la frutta, la verdura, i giornali ed anche i giocattoli. Dopo 41 anni Bruna Dell&#8217;Antone lo scorso 31 dicembre ha abbassato per l&#8217;ultima volta la serranda e pi\u00f9 nessuno la rialzer\u00e0, non in quella sede. Va in &#8220;pensione&#8221; Bruna ed \u00e8 pure arrabbiata con il suo Stato, l&#8217;obbligo di aggiornare il misuratore fiscale, la necessit\u00e0 di informatizzarsi, gli ha tolto la voglia di tornare dietro al bancone e sedersi su quella panchina dispensando sorrisi ai paesani e agli ospiti della sua Caprile. <em>\u00a0&#8220;C&#8217;\u00e8 poco da dire &#8211; ci dice Bruna &#8211; lo Stato ha la sua responsabilit\u00e0, a 73 anni non posso certo cambiare completamente il mio modo di vivere&#8221;. <\/em>Il negozio fu aperto tanti anni fa da Lucinda Della Santa che era la nonna del marito di Bruna. <em>&#8220;Mi sono sposata nel 1966 l&#8217;anno dell&#8217;alluvione ed allora il negozio era gi\u00e0 aperto&#8221;.<\/em> Bruna ha iniziato il suo servizio nel 1978 lavorando tutti i giorni fino a poche ore fa e al contempo crescendo quattro figli.<em> &#8220;Sono stati anni belli, importanti, soprattutto quando qui si vendevano tanti souvenir. Per ora non mi manca,\u00a0 ma ho il presentimento che con il tempo sar\u00e0 un po&#8217; dura&#8221;.<\/em> Il paese di Caprile, ma anche coloro che gravitano tutto attorno hanno gi\u00e0 detto il grazie a Bruna per il suo impegno con l&#8217;augurio di godere del tempo libero da oggi e per sempre.<\/p>\n<p>&nbsp;<\/p>\n<p>&nbsp;<\/p>\n<p>&nbsp;<\/p>\n<p>&nbsp;<\/p>\n<h3>LA COMPAGNIA DELLA CAMPREGANA FIRMA UN ASSEGNO DA 8000 EURO PER IL CEOD<\/h3>\n<h3><a class=\"dt-pswp-item\" href=\"https:\/\/www.radiopiu.net\/wordpress\/wp-content\/uploads\/2020\/01\/24761e02-3871-4988-a1b5-6b645e791e3d.jpg\" data-dt-img-description=\"\" data-large_image_width=\"1599\" data-large_image_height=\"1200\"><img loading=\"lazy\" decoding=\"async\" class=\"alignnone wp-image-111683 size-full\" src=\"https:\/\/www.radiopiu.net\/wordpress\/wp-content\/uploads\/2020\/01\/24761e02-3871-4988-a1b5-6b645e791e3d.jpg\" alt=\"\" width=\"1599\" height=\"1200\" srcset=\"https:\/\/www.radiopiu.net\/wordpress\/wp-content\/uploads\/2020\/01\/24761e02-3871-4988-a1b5-6b645e791e3d.jpg 1599w, https:\/\/www.radiopiu.net\/wordpress\/wp-content\/uploads\/2020\/01\/24761e02-3871-4988-a1b5-6b645e791e3d-300x225.jpg 300w, https:\/\/www.radiopiu.net\/wordpress\/wp-content\/uploads\/2020\/01\/24761e02-3871-4988-a1b5-6b645e791e3d-1024x768.jpg 1024w, https:\/\/www.radiopiu.net\/wordpress\/wp-content\/uploads\/2020\/01\/24761e02-3871-4988-a1b5-6b645e791e3d-768x576.jpg 768w, https:\/\/www.radiopiu.net\/wordpress\/wp-content\/uploads\/2020\/01\/24761e02-3871-4988-a1b5-6b645e791e3d-1536x1153.jpg 1536w\" sizes=\"auto, (max-width: 1599px) 100vw, 1599px\" \/><\/a><\/h3>\n<p><strong>AGORDO<\/strong> Il mondo dei ragazzi e delle ragazze del Centro Diurno di Agordo \u00e8 fatto di piccole cose e grandi soddisfazioni, ma ieri tra le loro piccole cose quotidiane si \u00e8 inserita una fetta di panettone, un bicchiere di aranciata, uno scrosciare di applausi e per loro \u00e8 stato un momento di festa, di sorrisi e di lacrime di commozione. Davanti all&#8217;obiettivo della macchina fotografia un &#8220;cis&#8221; di quelli veri, diritto dal cuore che sa di grazie, per quell&#8217;assegno da 8000 euro che il gruppo de la Campregana ha voluto donare. E&#8217; il ricavato dell&#8217;iniziativa di San Vincenzo dello scorso aprile al Molin de La Pipi. Un&#8217;idea del compianto Tita Zasso nei primi anni del percorso dei Pop, per tenere la gente nella frazione con un chiosco per le bibite e per un piatto caldo. Da 18 anni il gruppo de La Campregana devolve il ricavato di questa impegnativa giornata, da cinque anni al Ceod. Contributi importanti per quei ragazzi, per ristrutturare la cucina e per tante altre piccole cose che compongono il loro mondo. Quest&#8217;anno il contributo ancora pi\u00f9 sostanzioso, importante per quella nuova struttura che sta nascendo in via Insurrezione. Da Helena Zardin del gruppo di animatori del Ceod il grazie ad Anna Gavaz e agli amici che ieri si sono presentati al Polifunzionale accanto all&#8217;ospedale di Agordo come documentato dal video della consegna e dalle foto.<\/p>\n<h3>VIDEO<\/h3>\n<div style=\"width: 640px;\" class=\"wp-video\"><video class=\"wp-video-shortcode\" id=\"video-111704-3\" width=\"640\" height=\"352\" preload=\"metadata\" controls=\"controls\"><source type=\"video\/mp4\" src=\"https:\/\/www.radiopiu.net\/wordpress\/wp-content\/uploads\/2020\/01\/WhatsApp-Video-2020-01-02-at-15.29.12.mp4?_=3\" \/><a href=\"https:\/\/www.radiopiu.net\/wordpress\/wp-content\/uploads\/2020\/01\/WhatsApp-Video-2020-01-02-at-15.29.12.mp4\">https:\/\/www.radiopiu.net\/wordpress\/wp-content\/uploads\/2020\/01\/WhatsApp-Video-2020-01-02-at-15.29.12.mp4<\/a><\/video><\/div>\n<h3>FOTO<\/h3>\n<h3><a class=\"dt-pswp-item\" href=\"https:\/\/www.radiopiu.net\/wordpress\/wp-content\/uploads\/2020\/01\/1d9ce38f-1458-4274-a733-a619a8d71f12.jpg\" data-dt-img-description=\"\" data-large_image_width=\"2048\" data-large_image_height=\"1152\"><img loading=\"lazy\" decoding=\"async\" class=\"alignnone size-medium wp-image-111681\" src=\"https:\/\/www.radiopiu.net\/wordpress\/wp-content\/uploads\/2020\/01\/1d9ce38f-1458-4274-a733-a619a8d71f12-300x169.jpg\" alt=\"\" width=\"300\" height=\"169\" srcset=\"https:\/\/www.radiopiu.net\/wordpress\/wp-content\/uploads\/2020\/01\/1d9ce38f-1458-4274-a733-a619a8d71f12-300x169.jpg 300w, https:\/\/www.radiopiu.net\/wordpress\/wp-content\/uploads\/2020\/01\/1d9ce38f-1458-4274-a733-a619a8d71f12-1024x576.jpg 1024w, https:\/\/www.radiopiu.net\/wordpress\/wp-content\/uploads\/2020\/01\/1d9ce38f-1458-4274-a733-a619a8d71f12-768x432.jpg 768w, https:\/\/www.radiopiu.net\/wordpress\/wp-content\/uploads\/2020\/01\/1d9ce38f-1458-4274-a733-a619a8d71f12-1536x864.jpg 1536w, https:\/\/www.radiopiu.net\/wordpress\/wp-content\/uploads\/2020\/01\/1d9ce38f-1458-4274-a733-a619a8d71f12.jpg 2048w\" sizes=\"auto, (max-width: 300px) 100vw, 300px\" \/><\/a><a class=\"dt-pswp-item\" href=\"https:\/\/www.radiopiu.net\/wordpress\/wp-content\/uploads\/2020\/01\/1fd5c9fc-afd3-4c80-a0f6-a87e3d30172e.jpg\" data-dt-img-description=\"\" data-large_image_width=\"1599\" data-large_image_height=\"1200\"><img loading=\"lazy\" decoding=\"async\" class=\"alignnone wp-image-111680\" src=\"https:\/\/www.radiopiu.net\/wordpress\/wp-content\/uploads\/2020\/01\/1fd5c9fc-afd3-4c80-a0f6-a87e3d30172e-300x225.jpg\" alt=\"\" width=\"223\" height=\"167\" srcset=\"https:\/\/www.radiopiu.net\/wordpress\/wp-content\/uploads\/2020\/01\/1fd5c9fc-afd3-4c80-a0f6-a87e3d30172e-300x225.jpg 300w, https:\/\/www.radiopiu.net\/wordpress\/wp-content\/uploads\/2020\/01\/1fd5c9fc-afd3-4c80-a0f6-a87e3d30172e-1024x768.jpg 1024w, https:\/\/www.radiopiu.net\/wordpress\/wp-content\/uploads\/2020\/01\/1fd5c9fc-afd3-4c80-a0f6-a87e3d30172e-768x576.jpg 768w, https:\/\/www.radiopiu.net\/wordpress\/wp-content\/uploads\/2020\/01\/1fd5c9fc-afd3-4c80-a0f6-a87e3d30172e-1536x1153.jpg 1536w, https:\/\/www.radiopiu.net\/wordpress\/wp-content\/uploads\/2020\/01\/1fd5c9fc-afd3-4c80-a0f6-a87e3d30172e.jpg 1599w\" sizes=\"auto, (max-width: 223px) 100vw, 223px\" \/><\/a><\/h3>\n<p>&nbsp;<\/p>\n<p>&nbsp;<\/p>\n<h2>CRISI SUL NEVEGAL, ATTIVITA&#8217; IN VENDITA.<\/h2>\n<p><strong><a class=\"dt-pswp-item\" href=\"https:\/\/www.radiopiu.net\/wordpress\/wp-content\/uploads\/2019\/09\/nevegal-visentin-nogherazza.jpg\" data-dt-img-description=\"\" data-large_image_width=\"957\" data-large_image_height=\"714\"><img loading=\"lazy\" decoding=\"async\" class=\"wp-image-100022 alignleft\" src=\"https:\/\/www.radiopiu.net\/wordpress\/wp-content\/uploads\/2019\/09\/nevegal-visentin-nogherazza-300x224.jpg\" alt=\"\" width=\"233\" height=\"174\" srcset=\"https:\/\/www.radiopiu.net\/wordpress\/wp-content\/uploads\/2019\/09\/nevegal-visentin-nogherazza-300x224.jpg 300w, https:\/\/www.radiopiu.net\/wordpress\/wp-content\/uploads\/2019\/09\/nevegal-visentin-nogherazza-768x573.jpg 768w, https:\/\/www.radiopiu.net\/wordpress\/wp-content\/uploads\/2019\/09\/nevegal-visentin-nogherazza.jpg 957w\" sizes=\"auto, (max-width: 233px) 100vw, 233px\" \/><\/a><\/strong><\/p>\n<p>&nbsp;<\/p>\n<p>&nbsp;<\/p>\n<p><strong>BELLUNO<\/strong><\/p>\n<p><strong>di DAMIANO TORMEN\u00a0<\/strong><\/p>\n<audio class=\"wp-audio-shortcode\" id=\"audio-111704-5\" preload=\"none\" style=\"width: 100%;\" controls=\"controls\"><source type=\"audio\/mpeg\" src=\"https:\/\/www.radiopiu.net\/wordpress\/wp-content\/uploads\/2020\/01\/damiano.mp3?_=5\" \/><a href=\"https:\/\/www.radiopiu.net\/wordpress\/wp-content\/uploads\/2020\/01\/damiano.mp3\">https:\/\/www.radiopiu.net\/wordpress\/wp-content\/uploads\/2020\/01\/damiano.mp3<\/a><\/audio>\n<p>&nbsp;<\/p>\n<p>&nbsp;<\/p>\n<p>&nbsp;<\/p>\n<h3>L&#8217;IMPORTANZA DELLA DONAZIONE AFFIDATA AI CALCIATORI FELTRINI<\/h3>\n<blockquote><p><em>L\u2019AFDVS ringrazia i due calciatori e augura grandi risultati sportivi alle rispettive squadre e aspetta ancora gli atleti in centro trasfusionale!<\/em><\/p><\/blockquote>\n<p><strong><a class=\"dt-pswp-item\" href=\"https:\/\/www.radiopiu.net\/wordpress\/wp-content\/uploads\/2020\/01\/WhatsApp-Image-2019-12-30-at-12.23.57-1.jpeg\" data-dt-img-description=\"\" data-large_image_width=\"1600\" data-large_image_height=\"1196\"><img loading=\"lazy\" decoding=\"async\" class=\"size-medium wp-image-111651 alignleft\" src=\"https:\/\/www.radiopiu.net\/wordpress\/wp-content\/uploads\/2020\/01\/WhatsApp-Image-2019-12-30-at-12.23.57-1-300x224.jpeg\" alt=\"\" width=\"300\" height=\"224\" srcset=\"https:\/\/www.radiopiu.net\/wordpress\/wp-content\/uploads\/2020\/01\/WhatsApp-Image-2019-12-30-at-12.23.57-1-300x224.jpeg 300w, https:\/\/www.radiopiu.net\/wordpress\/wp-content\/uploads\/2020\/01\/WhatsApp-Image-2019-12-30-at-12.23.57-1-1024x765.jpeg 1024w, https:\/\/www.radiopiu.net\/wordpress\/wp-content\/uploads\/2020\/01\/WhatsApp-Image-2019-12-30-at-12.23.57-1-768x574.jpeg 768w, https:\/\/www.radiopiu.net\/wordpress\/wp-content\/uploads\/2020\/01\/WhatsApp-Image-2019-12-30-at-12.23.57-1-1536x1148.jpeg 1536w, https:\/\/www.radiopiu.net\/wordpress\/wp-content\/uploads\/2020\/01\/WhatsApp-Image-2019-12-30-at-12.23.57-1.jpeg 1600w\" sizes=\"auto, (max-width: 300px) 100vw, 300px\" \/><\/a>FELTRE<\/strong> Sono due calciatori feltrini i nuovi testimonial sull\u2019importanza della donazione di sangue. Davide Mazzocco e Alex Cossalter hanno svolto le visite mediche per diventare donatori e si sono recati presso il Centro trasfusionale dell\u2019ospedale di Feltre guidato dalla dottoressa Ersilia Barbone. Davide, che milita nel Pordenone e Alex che invece gioca nel Bologna sono stati accolti dai giovani volontari della associazione feltrina donatori di sangue che si sono fatti promotori di questa iniziativa. Il giorno prima delle visite Davide era in campo nella partita contro la Cremonese per contribuire al sogno di portare la squadra friulana in serie A, attualmente il Pordenone \u00e8 secondo nel campionato di serie B mentre Alex sta cercando di recuperare dopo il brutto infortunio che lo ha costretto a fermarsi per qualche mese. Nonostante gli impegni sportivi ora i due sono diventati anche donatori al Santa Maria del Prato di Feltre. Dopo quanto successo con Giorgia Marchet, il Gruppo Giovani dell\u2019associazione coordinata da Saverio Marchet ha voluto coinvolgere altri giovani atleti feltrini come testimonial per una nuova campagna promozionale per sfatare l\u2019idea che chi pratica sport non deve donare sangue per non compromettere i risultati agonistici. Al contrario, \u00e8 possibile coniugare le due cose perch\u00e9 basta organizzarsi e inserire le donazioni di sangue nei giusti periodi. A questo si aggiunge il fatto che l\u2019organismo rigenera il sangue donato in un periodo molto breve, tra le 24 e le 48 ore.<\/p>\n<p>&nbsp;<\/p>\n<p>&nbsp;<\/p>\n<p>&nbsp;<\/p>\n<p>&nbsp;<\/p>\n<h2>Alberto Simiele nuovo assessore<\/h2>\n<p align=\"CENTER\"><strong><span style=\"color: #000000;\"><span style=\"font-family: Arial, sans-serif;\"><span style=\"font-size: large;\"><b>\u00abGrazie a Stefania Ganz per l&#8217;impegno e la passione\u00bb<\/b><\/span><\/span><\/span><\/strong><\/p>\n<p align=\"JUSTIFY\"><strong><span style=\"color: #000000;\"><span style=\"font-family: Arial, sans-serif;\"><span style=\"font-size: large;\"><img loading=\"lazy\" decoding=\"async\" class=\"alignleft\" src=\"https:\/\/www.radiopiu.net\/wordpress\/wp-content\/uploads\/2020\/01\/Alberto-Simiele-scaled.jpg\" width=\"239\" height=\"159\" \/>BELLUNO L&#8217;anno nuovo si apre con una novit\u00e0 per l&#8217;amministrazione Massaro: Alberto Simiele entra a far parte della giunta rilevando le deleghe su politiche energetiche, per l\u2019ambiente, agricoltura e mobilit\u00e0 sostenibile da Stefania Ganz, che lascia l&#8217;assessorato per motivi personali e familiari.<\/span><\/span><\/span><\/strong><\/p>\n<blockquote>\n<p align=\"JUSTIFY\"><em><strong><span style=\"color: #000000;\"><span style=\"font-family: Arial, sans-serif;\"><span style=\"font-size: large;\">Simiele, 64 anni, medico di medicina generale, attualmente siede in consiglio comunale tra le fila di InMovimento, dopo due mandati da consigliere, sempre in maggioranza, sotto Maurizio Fistarol e Ermano De Col; contadino e allevatore per hobby, con una forte sensibilit\u00e0 ambientale e sui temi della mobilit\u00e0 sostenibile, ha quindi un&#8217;esperienza diretta nel campo della tutela dell&#8217;ambiente.\u00a0<\/span><\/span><\/span><\/strong><\/em><\/p>\n<\/blockquote>\n<p align=\"JUSTIFY\"><strong>IL SINDACO JACOPO MASSARO<\/strong><\/p>\n<audio class=\"wp-audio-shortcode\" id=\"audio-111704-6\" preload=\"none\" style=\"width: 100%;\" controls=\"controls\"><source type=\"audio\/mpeg\" src=\"https:\/\/www.radiopiu.net\/wordpress\/wp-content\/uploads\/2020\/01\/Massaro-Sostituzione-Ganz-Simiele.mp3?_=6\" \/><a href=\"https:\/\/www.radiopiu.net\/wordpress\/wp-content\/uploads\/2020\/01\/Massaro-Sostituzione-Ganz-Simiele.mp3\">https:\/\/www.radiopiu.net\/wordpress\/wp-content\/uploads\/2020\/01\/Massaro-Sostituzione-Ganz-Simiele.mp3<\/a><\/audio>\n<p>&nbsp;<\/p>\n<p>&nbsp;<\/p>\n<p>&nbsp;<\/p>\n<h3>VINCOLI COMELICO. BOTTACIN REPLICA A FONDAZIONE COLLESELLI. \u201cACCUSE SENZA FONDAMENTO.<\/h3>\n<p><strong>VENEZIA<\/strong>\u00a0 \u201cLeggendo le dichiarazioni della fondazione Colleselli c&#8217;\u00e8 da saltare sulla sedia. S\u00ec, perch\u00e9 o una fondazione cos\u00ec importante non \u00e8 a conoscenza di quanto la Regione stia facendo e ci\u00f2 sarebbe grave, oppure si tratta di pura strumentalizzazione politica e ci\u00f2 sarebbe ancora pi\u00f9 grave\u201d. Cos\u00ec l\u2019assessore regionale all\u2019ambiente Gianpaolo Bottacin commenta le dichiarazioni apparse oggi sulla stampa locale bellunese in merito al presunto scarso interesse che la Regione nutrirebbe nei confronti della soluzione del problema dei vincoli imposti per l\u2019area del Comelico che impediscono la realizzazione del collegamento con la Pusteria. \u201cVa premesso che relativamente all&#8217;autonomia la Regione sta combattendo insieme alla Provincia di Belluno una battaglia che vede uno Stato assolutamente sordo di fronte alle richieste \u2013 precisa Bottacin \u2013 ci\u00f2 significa che n\u00e9 alla Provincia n\u00e9 alla Regione pu\u00f2 essere addebitata alcuna responsabilit\u00e0 in merito al fatto che le soprintendenze dipendano da Roma e non consentano un autogoverno del territorio come accade nelle province autonome di Trento e Bolzano. Nelle richieste di autonomia che abbiamo avanzato, con tanto di legge regionale approvata dal consiglio regionale, c&#8217;\u00e8 anche il trasferimento delle soprintendenze\u201d. L\u2019assessore interviene poi per precisare quanto accaduto relativamente al piano paesaggistico. \u201cLa Regione lo stava realizzando proprio insieme alle soprintendenze, \u2013 sottolinea inoltre l\u2019assessore &#8211; quando, all&#8217;improvviso e senza alcun preavviso, con una azione unilaterale e immotivata, il Ministero dei Beni Culturali ha imposto d&#8217;imperio i vincoli che conosciamo. Questo mettendo in atto un&#8217;azione che, fra l\u2019altro, lede le competenze della Regione, tanto che la Regione ricorrer\u00e0 anche alla Corte Costituzionale oltre che al TAR\u201d. \u201cDunque \u2013 conclude Bottacin &#8211; non si comprende da parte regionale, documenti alla mano, il clamoroso errore della fondazione. Mi auguro, come gi\u00e0 detto, che non sia strumentalizzazione politica, su un tema che vede Comuni, Unione Montana, Provincia e Regione assolutamente compatti. Piuttosto la fondazione si faccia sentire con chi questi vincoli li ha imposti senza alcun rispetto per gli enti territoriali. E cio\u00e8 il intervenga sollecitando direttamente il Governo centrale, unico ente che ha competenza in materia\u201d.<\/p>\n<p>&nbsp;<\/p>\n<p>&nbsp;<\/p>\n<p>&nbsp;<\/p>\n<p>&nbsp;<\/p>\n<h2>Approvato il bilancio di previsione del Comune di Alpago<\/h2>\n<p><strong><em>Tasse ancorate ai minimi e sostegni per le famiglie e le attivit\u00e0 economiche.<\/em>\u00a0<\/strong><\/p>\n<p><strong>ALPAGO<\/strong> L&#8217;Amministrazione del Comune di Alpago ha approvato il bilancio. <em>\u201cLa legge che lo finanzia, reintrodotta dall&#8217;attuale governo &#8211; che ne ha garantito la stabilit\u00e0 anche per il futuro-, assicura alle nostre casse un&#8217;entrata di 1 milione e 230 mila euro annui, sottolinea l&#8217;assessore al bilancio del Comune di Alpago Alberto Peterle. A questa somma, aggiunge l&#8217;assessore, va aggiunto quanto arriver\u00e0 dall&#8217;ex Fondo Letta, per il quale a marzo uscir\u00e0 un bando da cui potrebbe arrivare un altro milione di euro da destinare alle opere pubbliche\u201d<\/em>. Sempre sul fronte delle entrate buone notizie arrivano anche dai proventi derivanti dai parcheggi, il cui gettito in questi anni \u00e8 aumentato da 110 a 150 mila euro ed \u00e8 stato previsto per il 2020, prudenzialmente, in 140 mila euro. Nel documento di previsione del prossimo anno c&#8217;\u00e8 poi una novit\u00e0 assoluta per il territorio comunale di Alpago, ovvero l&#8217;introduzione, a partire dal 1 giugno 2020, della tassa di soggiorno, che sar\u00e0 applicata in ragione di 0,80\/1 euro per notte a carico dei turisti che soggiorneranno nella conca (l&#8217;imposta sar\u00e0 adotta a breve anche dai Comuni di Tambre e di Chies). L&#8217;Amministrazione stima di ricavarne, nel prossimo esercizio, una somma di circa 20 mila euro, che saranno interamente reinvestiti nel settore turistico.L&#8217;aspetto forse pi\u00f9 importante per i cittadini \u00e8 per\u00f2 quello che riguarda la tassazione a loro carico. IMU, TASI, TARI e Addizionale Comunale IRPEF resteranno invariate anche il prossimo anno, con un risparmio di 110.000 euro rispetto alla situazione ante fusione (vale la pena d ricordare che l&#8217;addizionale comunale IRPEF, fissata allo 0,35% e con una soglia di esenzione fino a 15 mila euro, \u00e8 una delle pi\u00f9 basse in tutto il Veneto!)<\/p>\n<blockquote><p><em>\u201cTutto questo, aggiunge Peterle, senza intaccare la qualit\u00e0 o alzare i costi dei servizi pubblici a domanda individuale, che restano uno dei nostri fiori all&#8217;occhiello. Anche per l&#8217;anno entrante abbiamo confermato il trasporto scolastico gratis, mentre il contributo per i pasti della mensa scolastica a carico delle famiglie rimane a 3,45 euro cadauno. A questo va aggiunto l&#8217;avvio, nello scorso mese di novembre, del doposcuola assistito (per il quale \u00e8 in programma in futuro un ulteriore potenziamento); e poi il mantenimento del servizio postale a Pieve, per il quale il Comune stanzia a bilancio 10 mila euro l&#8217;anno\u201d, aggiunge ancora l&#8217;assessore al bilancio del Comune di Alpago. Abbiamo confermato infine altre due misure di cui andiamo fieri e che vanno nella direzione del sostegno, da un lato, alle attivit\u00e0 produttive, per le quali abbiamo gi\u00e0 messo a bilancio un primo stanziamento di 30 mila euro e a cui abbiamo destinato negli scorsi anni oltre 250 mila euro; dall&#8217;altro a favore delle famiglie, con il bonus beb\u00e8 che riconosce ai genitori di ogni nuovo nato 600 euro (400 in denaro e altri 200 in buoni acquisto da utilizzare in farmacia): il bilancio 2020 prevede per questo sostegno risorse totali per 24 mila euro, ma ci auguriamo davvero tutti che non siano sufficienti e occorra integrarli, sarebbe un gran bel segno di vitalit\u00e0 per la nostra comunit\u00e0 locale!\u201d<\/em><\/p><\/blockquote>\n<p>&nbsp;<\/p>\n<p>&nbsp;<\/p>\n<p>&nbsp;<\/p>\n<h3 class=\"entry-title\">IL BUON ANNO CON IL CAI DI AGORDO\u2026 E I PAVAROI DAL BROI<\/h3>\n<blockquote><p><em>domenica 5 gennaio con inizio alle ore 17.30<\/em><\/p><\/blockquote>\n<p><strong><a class=\"dt-pswp-item\" href=\"https:\/\/www.radiopiu.net\/wordpress\/wp-content\/uploads\/2018\/01\/AGORDO-PAVAROI-1.jpg\" data-dt-img-description=\"\" data-large_image_width=\"720\" data-large_image_height=\"960\"><img loading=\"lazy\" decoding=\"async\" class=\"size-medium wp-image-41142 alignleft\" src=\"https:\/\/www.radiopiu.net\/wordpress\/wp-content\/uploads\/2018\/01\/AGORDO-PAVAROI-1-225x300.jpg\" alt=\"\" width=\"225\" height=\"300\" srcset=\"https:\/\/www.radiopiu.net\/wordpress\/wp-content\/uploads\/2018\/01\/AGORDO-PAVAROI-1-225x300.jpg 225w, https:\/\/www.radiopiu.net\/wordpress\/wp-content\/uploads\/2018\/01\/AGORDO-PAVAROI-1.jpg 720w\" sizes=\"auto, (max-width: 225px) 100vw, 225px\" \/><\/a>AGORDO<\/strong>\u00a0 E&#8217; l&#8217;augurio semplice e sincero che la Sezione Agordina del Club Alpino Italiano porge ai Soci e loro Famiglie e a tutti gli amanti della montagna. Inizia un nuovo anno e la nostra Sezione comincia i propri impegni con un appuntamento tradizionale di questo periodo. I PAVAROI fanno parte della tradizione agordina nella serata della vigilia dell&#8217;Epifania.\u00a0 In collaborazione con nostri soci ed i vari gruppi pi\u00f9 o meno ufficiali (talvolta anche un gruppo di pochi amici) verranno accese sulle cime delle principali vette della conca Agordina, ma anche della Valle del Biois e del Cordevole le fiaccole (ecologiche) che illumineranno la via ai Re Magi. Sul Broi di Agordo verr\u00e0 allestito un chiosco che distribuir\u00e0 vin brul\u00e8, panettone e dolci vari, mentre al centro della piazza verde un gran fal\u00f2 riscalder\u00e0 i presenti, in contemporanea con l&#8217;accensione delle fiaccole sulle cime. Per favorire la visione dello spettacolo, l&#8217;illuminazione pubblica sull&#8217;intera piazza della Libert\u00e0, sar\u00e0 attenuata, grazie all&#8217;impegno dell&#8217;Amministrazione Comunale.<\/p>\n<div class=\"su-document su-u-responsive-media-no\"><iframe loading=\"lazy\" src=\"\/\/docs.google.com\/viewer?embedded=true&url=https:\/\/www.radiopiu.net\/wordpress\/wp-content\/uploads\/2020\/01\/MANIFESTO_Pavaroi_2020_Colore.pdf\" width=\"600\" height=\"800\" class=\"su-document\" title=\"cc\"><\/iframe><\/div>\n<p>&nbsp;<\/p>\n<p>&nbsp;<\/p>\n<p>&nbsp;<\/p>\n<p>&nbsp;<\/p>\n<p>&nbsp;<\/p>\n<blockquote>\n<h3><strong>OCCHI BELLI, CONTROLLO GRATUITO DELLA VISTA<\/strong><\/h3>\n<p><strong><a class=\"dt-pswp-item\" href=\"https:\/\/www.radiopiu.net\/wordpress\/wp-content\/uploads\/2019\/12\/f6c6493f-d5ae-4360-93f1-55d2398e750b.jpg\" data-dt-img-description=\"\" data-large_image_width=\"900\" data-large_image_height=\"1600\"><img loading=\"lazy\" decoding=\"async\" class=\"wp-image-111442 alignleft\" src=\"https:\/\/www.radiopiu.net\/wordpress\/wp-content\/uploads\/2019\/12\/f6c6493f-d5ae-4360-93f1-55d2398e750b-169x300.jpg\" alt=\"\" width=\"109\" height=\"194\" srcset=\"https:\/\/www.radiopiu.net\/wordpress\/wp-content\/uploads\/2019\/12\/f6c6493f-d5ae-4360-93f1-55d2398e750b-169x300.jpg 169w, https:\/\/www.radiopiu.net\/wordpress\/wp-content\/uploads\/2019\/12\/f6c6493f-d5ae-4360-93f1-55d2398e750b-576x1024.jpg 576w, https:\/\/www.radiopiu.net\/wordpress\/wp-content\/uploads\/2019\/12\/f6c6493f-d5ae-4360-93f1-55d2398e750b-768x1365.jpg 768w, https:\/\/www.radiopiu.net\/wordpress\/wp-content\/uploads\/2019\/12\/f6c6493f-d5ae-4360-93f1-55d2398e750b-864x1536.jpg 864w, https:\/\/www.radiopiu.net\/wordpress\/wp-content\/uploads\/2019\/12\/f6c6493f-d5ae-4360-93f1-55d2398e750b.jpg 900w\" sizes=\"auto, (max-width: 109px) 100vw, 109px\" \/><\/a>ALLEGHE Sabato 18 gennaio dalle 14.30 alle 17.30 e domenica 19 dalle 9 alle 12 e dalle 14 alle 17 alle scuole elementari di Alleghe i medici oculisti e ortottisti dell&#8217;ospedale di Castelfranco Veneto e Montebelluna danno la possibilit\u00e0 a tutti i bambini fino a 13 anni di eseguire uno screening per la prevenzione dello strabismo ed ambliopia, occasione unica e gratuita per ottenere una valutazione preliminare.\u00a0<\/strong><\/p><\/blockquote>\n<p>&nbsp;<\/p>\n<p>&nbsp;<\/p>\n<p>&nbsp;<\/p>\n<p>&nbsp;<\/p>\n<p>&nbsp;<\/p>\n<p>&nbsp;<\/p>\n<p>&nbsp;<\/p>\n<h2><span style=\"color: #ff0000;\">OGGI A LISTOLADE.<\/span><\/h2>\n<p><em> Il nuovo libro con la genealogia dei Dell\u2019Agnola verr\u00e0 presentato\u00a0 oggi, alle 16, alla locanda Monte Civetta di Listolade<\/em><\/p>\n<p><strong><a class=\"dt-pswp-item\" href=\"https:\/\/www.radiopiu.net\/wordpress\/wp-content\/uploads\/2019\/12\/858b39ff-d895-447e-8078-d0a997c0e060.jpg\" data-dt-img-description=\"\" data-large_image_width=\"1200\" data-large_image_height=\"1600\"><img loading=\"lazy\" decoding=\"async\" class=\" wp-image-111439 alignright\" src=\"https:\/\/www.radiopiu.net\/wordpress\/wp-content\/uploads\/2019\/12\/858b39ff-d895-447e-8078-d0a997c0e060-225x300.jpg\" alt=\"\" width=\"131\" height=\"175\" srcset=\"https:\/\/www.radiopiu.net\/wordpress\/wp-content\/uploads\/2019\/12\/858b39ff-d895-447e-8078-d0a997c0e060-225x300.jpg 225w, https:\/\/www.radiopiu.net\/wordpress\/wp-content\/uploads\/2019\/12\/858b39ff-d895-447e-8078-d0a997c0e060-768x1024.jpg 768w, https:\/\/www.radiopiu.net\/wordpress\/wp-content\/uploads\/2019\/12\/858b39ff-d895-447e-8078-d0a997c0e060-1152x1536.jpg 1152w, https:\/\/www.radiopiu.net\/wordpress\/wp-content\/uploads\/2019\/12\/858b39ff-d895-447e-8078-d0a997c0e060.jpg 1200w\" sizes=\"auto, (max-width: 131px) 100vw, 131px\" \/><\/a>TAIBON <\/strong>Dopo i Benvegn\u00f9 dai Pr\u00e0, i Benvegn\u00f9 del Brasile e i Ben \u00e8 ora la volta della genealogia di un\u2019altra antica famiglia \u201ctaibon\u00e8ra\u201d: i Dell\u2019Agnola da Listolade. Si tratta di una nuova interessante pubblicazione, dovuta all\u2019iniziativa di Livio Benvegn\u00f9 (discendente dei Dell\u2019Agnola per nonna paterna) e realizzata grazie all\u2019esperto Aldo Soccol (foto<\/p>\n<p><strong>L&#8217;INTERVISTA DI CLAUDIO FONTANIVE AD ALDO SOCCOL<\/strong><\/p>\n<audio class=\"wp-audio-shortcode\" id=\"audio-111704-7\" preload=\"none\" style=\"width: 100%;\" controls=\"controls\"><source type=\"audio\/mpeg\" src=\"https:\/\/www.radiopiu.net\/wordpress\/wp-content\/uploads\/2020\/01\/aldo-soccol-scade-3-gennaio.mp3?_=7\" \/><a href=\"https:\/\/www.radiopiu.net\/wordpress\/wp-content\/uploads\/2020\/01\/aldo-soccol-scade-3-gennaio.mp3\">https:\/\/www.radiopiu.net\/wordpress\/wp-content\/uploads\/2020\/01\/aldo-soccol-scade-3-gennaio.mp3<\/a><\/audio>\n<h3><\/h3>\n<h3><\/h3>\n<p>&nbsp;<\/p>\n<blockquote><p>&nbsp;<\/p><\/blockquote>\n<h3>OMAGGIO A CLAUDIO NEVYJEL<\/h3>\n<blockquote><p><em>attraverso i ricordi di Francesco Piero Franchi e Gianluigi Secco<\/em><\/p><\/blockquote>\n<p><a class=\"dt-pswp-item\" href=\"https:\/\/www.radiopiu.net\/wordpress\/wp-content\/uploads\/2020\/01\/Omaggio-Nevyjel.jpg\" data-dt-img-description=\"\" data-large_image_width=\"1414\" data-large_image_height=\"2000\"><img loading=\"lazy\" decoding=\"async\" class=\"wp-image-111752 alignleft\" src=\"https:\/\/www.radiopiu.net\/wordpress\/wp-content\/uploads\/2020\/01\/Omaggio-Nevyjel-212x300.jpg\" alt=\"\" width=\"123\" height=\"174\" srcset=\"https:\/\/www.radiopiu.net\/wordpress\/wp-content\/uploads\/2020\/01\/Omaggio-Nevyjel-212x300.jpg 212w, https:\/\/www.radiopiu.net\/wordpress\/wp-content\/uploads\/2020\/01\/Omaggio-Nevyjel-724x1024.jpg 724w, https:\/\/www.radiopiu.net\/wordpress\/wp-content\/uploads\/2020\/01\/Omaggio-Nevyjel-768x1086.jpg 768w, https:\/\/www.radiopiu.net\/wordpress\/wp-content\/uploads\/2020\/01\/Omaggio-Nevyjel-1086x1536.jpg 1086w, https:\/\/www.radiopiu.net\/wordpress\/wp-content\/uploads\/2020\/01\/Omaggio-Nevyjel.jpg 1414w\" sizes=\"auto, (max-width: 123px) 100vw, 123px\" \/><\/a><strong>SOSPIROLO\u00a0<\/strong> Si conclude con un ricordo speciale dedicato al pittore Claudio Nevyjel la mostra \u201cComanda color! Rassegna di dipinti d\u2019Autore sul tema del gioco infantile\u201d che ha colorato l\u2019autunno sospirolese e ha fatto da vivace scenografia alla Premiazione novembrina della decima edizione del Concorso letterario \u201cSospirolo tra leggende e misteri\u201d, affiancando alcune tele dello stesso a quelle dei sodali Megi Pepeu e Tarcisio Postogna, e tutte incentrate sul tema dei giochi e i divertimenti di un tempo. L\u2019appuntamento \u00e8 per il pomeriggio di domenica 5 gennaio 2020, alle ore 15.30, presso la Sala Pellizzari al Centro civico di Sospirolo, con un incontro aperto a tutti coloro che hanno potuto apprezzare l\u2019umanit\u00e0 e la professionalit\u00e0 dell\u2019Artista triestino, bellunese di adozione, tenuto conto del suo pluriennale impegno come docente di discipline artistiche presso molte istituzioni scolastiche della provincia di Belluno e del suo capoluogo, nonch\u00e9 la nutrita serie di esperienze artistiche che hanno trovato radici ed espressione in questa stessa terra. A condurre l\u2019incontro e a ripercorrere alcune parti significative della storia artistica di Claudio Nevyjel saranno due amici ed estimatori della sua opera, Francesco Piero Franchi e Gianluigi Secco che, in dialogo col pubblico, metteranno in luce la ricchezza narrativa e il valore morale della pittura del compianto Artista triestino.<\/p>\n<p>.<\/p>\n<p>&nbsp;<\/p>\n<h2><span style=\"color: #ff0000;\">IERI ALLA RADIO<\/span><\/h2>\n<p><iframe loading=\"lazy\" title=\"EPCENTER SETTIMA PUNTATA\" width=\"1200\" height=\"675\" src=\"https:\/\/www.youtube.com\/embed\/m_V30JeJo8E?start=2&#038;feature=oembed\" frameborder=\"0\" allow=\"accelerometer; autoplay; encrypted-media; gyroscope; picture-in-picture\" allowfullscreen><\/iframe><\/p>\n<p>&nbsp;<\/p>\n<p>&nbsp;<\/p>\n<h3><a class=\"dt-pswp-item\" href=\"http:\/\/www.radiopiu.net\/wordpress\/wp-content\/uploads\/2018\/09\/appuntamenti.jpeg\" data-dt-img-description=\"\" data-large_image_width=\"800\" data-large_image_height=\"100\"><img loading=\"lazy\" decoding=\"async\" class=\"aligncenter wp-image-61958 size-full\" src=\"http:\/\/www.radiopiu.net\/wordpress\/wp-content\/uploads\/2018\/09\/appuntamenti.jpeg\" alt=\"\" width=\"800\" height=\"100\" srcset=\"https:\/\/www.radiopiu.net\/wordpress\/wp-content\/uploads\/2018\/09\/appuntamenti.jpeg 800w, https:\/\/www.radiopiu.net\/wordpress\/wp-content\/uploads\/2018\/09\/appuntamenti-300x38.jpeg 300w, https:\/\/www.radiopiu.net\/wordpress\/wp-content\/uploads\/2018\/09\/appuntamenti-768x96.jpeg 768w\" sizes=\"auto, (max-width: 800px) 100vw, 800px\" \/><\/a><\/h3>\n<h3><\/h3>\n<blockquote>\n<h3><em>&#8220;La val che urla&#8221; domani la prima nell&#8217;Agordino in sala Don Tamis.\u00a0<\/em><\/h3>\n<\/blockquote>\n<p>di GIANNI SANTOMASO<\/p>\n<p><strong>AGORDO<\/strong>. &#8220;La val che urla&#8221; \u00e8 il titolo della pellicola della regista Lucia Zanettin che verr\u00e0 proiettata DOMANI alle 20.30 in sala &#8220;don Tamis&#8221; ad Agordo.Si tratta di un film che ha partecipato alla mostra del cinema di Venezia. Un noir prodotto da LiLLa Film per la regia di Lucia Zanettin e girato in diverse location, fra le quali la Valle del Vanoi e Taibon Agordino.Ma il Bellunese \u00e8 coinvolto non solo per i suoi panorami: recitano nel film Luca Zanfron, la feltrina Fiammetta Nena. Il film, un noir dalle tinte fosche, \u00e8 ambientato in un piccolo paese di montagna. Il protagonista \u00e8 un ingegnere cinquantenne che, in seguito alla perdita del lavoro, fugge dalla citt\u00e0 e ritorna nei luoghi conosciuti da bambino per cercare un momento di serenit\u00e0, ma viene coinvolto in una sequenza di omicidi legati alla sua infanzia. L&#8217;atmosfera cupa di una valle montana, circondata da una natura selvaggia, lontana dai circuiti turistici, s&#8217;intreccia con un ambiente claustrofobico, dove la neve condiziona il succedersi degli avvenimenti, fino al colpo di scena finale, dove i fatti non sono come erano sembrati fino a quel momento. Alcune scene sono state girate a Taibon, nella sede di RadioPi\u00f9, con Mirko Mezzacasa e Claudio Fontanive chiamati ad interpretare davanti alla macchina da presa una versione inedita di loro stessi.La radio avr\u00e0 un ruolo importante nella trama del film, perch\u00e9 sar\u00e0 la voce degli appelli diramati durante le indagini per l&#8217;omicidio sul quale indagher\u00e0 il personaggio interpretato dal fotografo bellunese Luca Zanfron.<\/p>\n<p>&nbsp;<\/p>\n<p><strong>CANALE D&#8217;AGORDO<\/strong>\u00a0 Questa sera\u00a0 alle ore 20.30 presso la Chiesa Parrocchiale di San Giovanni Battista di Canale d&#8217;Agordo serata con Giorgio Fornasier dal titolo &#8220;Mare Maria&#8221;, con canti popolari e di autore.<\/p>\n<p>&nbsp;<\/p>\n<p><strong>ALLEGHE<\/strong> Oggi i alle 17 all&#8217;ufficio turistico di Alleghe presentazione del libro I Colori del tempo di Chiara Sbrissa, vincitrice della sezione inediti del Premio Prunola. Conversazione con l&#8217;autrice, presentazione di Vania Russo editor e scrittrice.<\/p>\n<p>&nbsp;<\/p>\n<p><strong>CENCENIGHE<\/strong> Domenica alle 19.30 Pavarui 2020 al Nof Filo&#8217; di Cencenighe, gnoch co la puina e all&#8217;imbrunire si accendono i falo&#8217; sulle montagne. Musica e ballo con Die Original Fleimstaler con ingresso libero.<\/p>\n<p>&nbsp;<\/p>\n<p><strong>TAIBON<\/strong> Le scandole storte, gruppo sportivo e amighi di Listolade organizzano la serata pavaroi,\u00a0 domenica dalle 17.30 in piazza IV novembre fronte Municipio con vin brul\u00e8, te&#8217; caldo e.. la befana.<\/p>\n<p><strong>FALCADE<\/strong> Domenica dalle 15 si festeggia l&#8217;arrivo della befana, spettacolo itinerante nel centro di Falcade, alle 17 all&#8217;Aivaz il tradizionale falo&#8217; dei pavarui tra i mercatini di Natale.<\/p>\n<p><strong>LA VALLE<\/strong> La befana lavallese arriver\u00e0 puntuale domenica alle 20, atterraggio previsto in piazza.<\/p>\n<p>&nbsp;<\/p>\n<p>&nbsp;<\/p>\n<h3><\/h3>\n<h3>Cinema in soffitta Un&#8217;imperdibile serata di musica e teatro con al centro le pi\u00f9 belle colonne sonore della storia del cinema. Con la Filarmonica di Belluno 1867<\/h3>\n<p><strong>BELLUNO<\/strong> Domenica alle 20.45 al Teatro Comunale di Belluno: Lucia, una ragazza molto giovane, \u00e8 in partenza per Londra dove andr\u00e0 a vivere lasciando la casa in cui \u00e8 cresciuta con la sua famiglia. Nel preparare i bagagli cerca alcuni oggetti da portare con s\u00e9 per ricordo. Cos\u00ec, in soffitta, insieme al padre Franco, ritrova quasi per caso una vecchia scatola di cartone impolverata. Al suo interno decine di videocassette che tutti avevano dimenticato ma che nessuno aveva avuto il coraggio di buttare. Inizia cos\u00ec per Lucia e Franco un viaggio a ritroso nei loro ricordi. Come un videoregistratore che riavvolge una cassetta, la loro storia viene rivissuta attraverso le musiche di questi film che diventeranno la colonna sonora della loro vita. Ingresso libero fino ad esaurimento posti disponibili. Soggetto e regia: Lorenzo Collalti Attori: Michele Firpo, Grazia Capraro. Filarmonica di Belluno diretta dai maestri Sandro De Marchi e Andrea Gasperin.<\/p>\n<p>&nbsp;<\/p>\n<p><strong>SAN GREGORIO<\/strong> Lunedi 6 gennaio arriva la befana alle 10.45 sul piazzale della chiesa. Alle 14.30 in chiesa la benedizione dei bambini e alle 15.15 sul sagrato saranno i Re Magi a scortare la vecchia signora in arrivo con la sua scopa.<\/p>\n<p>&nbsp;<\/p>\n<p>&nbsp;<\/p>\n<h2><a class=\"dt-pswp-item\" href=\"http:\/\/www.radiopiu.net\/wordpress\/wp-content\/uploads\/2018\/09\/sport.jpg\" data-dt-img-description=\"\" data-large_image_width=\"800\" data-large_image_height=\"100\"><img loading=\"lazy\" decoding=\"async\" class=\"wp-image-60761 size-full aligncenter\" src=\"http:\/\/www.radiopiu.net\/wordpress\/wp-content\/uploads\/2018\/09\/sport.jpg\" alt=\"\" width=\"800\" height=\"100\" srcset=\"https:\/\/www.radiopiu.net\/wordpress\/wp-content\/uploads\/2018\/09\/sport.jpg 800w, https:\/\/www.radiopiu.net\/wordpress\/wp-content\/uploads\/2018\/09\/sport-300x38.jpg 300w, https:\/\/www.radiopiu.net\/wordpress\/wp-content\/uploads\/2018\/09\/sport-768x96.jpg 768w\" sizes=\"auto, (max-width: 800px) 100vw, 800px\" \/><\/a><\/h2>\n<h3><\/h3>\n<h3>TERZA VITTORIA CONSECUTIVA PER LE CIVETTE<\/h3>\n<p><a class=\"dt-pswp-item\" href=\"https:\/\/www.radiopiu.net\/wordpress\/wp-content\/uploads\/2019\/08\/logo-alleghe-hockey.png\" data-dt-img-description=\"\" data-large_image_width=\"547\" data-large_image_height=\"512\"><img loading=\"lazy\" decoding=\"async\" class=\"size-medium wp-image-95699 alignright\" src=\"https:\/\/www.radiopiu.net\/wordpress\/wp-content\/uploads\/2019\/08\/logo-alleghe-hockey-300x281.png\" alt=\"\" width=\"300\" height=\"281\" srcset=\"https:\/\/www.radiopiu.net\/wordpress\/wp-content\/uploads\/2019\/08\/logo-alleghe-hockey-300x281.png 300w, https:\/\/www.radiopiu.net\/wordpress\/wp-content\/uploads\/2019\/08\/logo-alleghe-hockey.png 547w\" sizes=\"auto, (max-width: 300px) 100vw, 300px\" \/><\/a>FIEMME &#8211; ALLEGHE 0-2<\/p>\n<p>PARZIALI: 0-1, 0-0, 0-1<\/p>\n<p>GOL: pt. 8\u201905\u201d De Val. tt. 19\u201953\u201d De Val<\/p>\n<p>Terzo risultato positivo consecutivo per l\u2019Alleghe Hockey che vince con il cuore a Cavalese. Una grande prova di Scola che salva il risultato per le civette in pi\u00f9 occasioni e buona prestazione di De Val che con la sua doppietta lancia gli agordini al settimo posto della classifica. La squadra di Matikainen passa in vantaggio nella prima frazione per poi difendersi ottimamente per tutti i 60\u2019 di gioco. Forse la miglior prestazione della stagione per il roster alleghese che sabato prossimo giocher\u00e0 l\u2019ultima partita della regoular season contro il Como all\u2019Alvise De Toni di Alleghe alle ore 20:30.<\/p>\n<p>Primi minuti equilibrati con le due squadre che non si scoprono pi\u00f9 di tanto. Ci voglio quasi 5\u2019 prima di vedere il primo vero tiro in porta. Sono gli agordini che ci provano con Testori ma il golie trentino para in sicurezza. \u00c8 il preludio al gol che arriva da una bella azione con De Val che chiude spedendo il puck in fondo al sacco. Fiemme che si sveglia al primo powerplay a favore ma il portiere alleghese salva il risultato in pi\u00f9 occasioni. Nel secondo tempo la partita si anima e le due compagini non se le mandano a dire. Gli arbitri sono costretti a fermare il gioco pi\u00f9 volte e a combinare delle penalit\u00e0 da entrambi i fronti. Intanto De Val sfiora il raddoppio dopo che il Fiemme aveva rischiato di pareggiare i conti. I padroni di casa ce la mettono tutta ma il pareggio non arriva. Si continua a lottare su ogni disco anche nella terza frazione. La sfida \u00e8 piacevole e carica di botte e risposte. Scola fa i miracoli su una serie di conclusioni dei trentini in superiorit\u00e0 numerica. Match che si incattivisce con il Fiemme che sembra mettere la sfida sul nervosismo. Una lotta che si protrae fino a fine partita quando i trentini optano per il sesto uomo di movimento ma la difesa alleghese si difende egregiamente portando a casa i 3 punti in palio con la rete di De Val a 7\u201d dalla fine.<\/p>\n<h3><\/h3>\n<h3><\/h3>\n<h3><a class=\"dt-pswp-item\" href=\"http:\/\/www.radiopiu.net\/wordpress\/wp-content\/uploads\/2018\/09\/WhatsApp-Image-2018-09-20-at-16.04.06.jpeg\" data-dt-img-description=\"\" data-large_image_width=\"800\" data-large_image_height=\"100\"><img loading=\"lazy\" decoding=\"async\" class=\"wp-image-61378 size-full aligncenter\" src=\"http:\/\/www.radiopiu.net\/wordpress\/wp-content\/uploads\/2018\/09\/WhatsApp-Image-2018-09-20-at-16.04.06.jpeg\" alt=\"\" width=\"800\" height=\"100\" srcset=\"https:\/\/www.radiopiu.net\/wordpress\/wp-content\/uploads\/2018\/09\/WhatsApp-Image-2018-09-20-at-16.04.06.jpeg 800w, https:\/\/www.radiopiu.net\/wordpress\/wp-content\/uploads\/2018\/09\/WhatsApp-Image-2018-09-20-at-16.04.06-300x38.jpeg 300w, https:\/\/www.radiopiu.net\/wordpress\/wp-content\/uploads\/2018\/09\/WhatsApp-Image-2018-09-20-at-16.04.06-768x96.jpeg 768w\" sizes=\"auto, (max-width: 800px) 100vw, 800px\" \/><\/a><\/h3>\n<p><center><b>Venerdi 3<\/b><\/center><b>Tempo atteso: <\/b>Progressiva copertura nuvolosa con residui spazi di sereno al mattino e arrivo di nubi alte, che diverranno estese e a tratti compatte soprattutto al pomeriggio\/sera, limitando in buona parte il soleggiamento. Clima sempre molto mite in quota, con inversione termica notturna, che tender\u00e0 a persistere a causa della copertura nuvolosa diurna.<br \/>\n<b>Precipitazioni: <\/b>Assenti (0%).<br \/>\n<b>Temperature: <\/b>Minime senza notevoli variazioni; massime in lieve aumento in quota, in calo nelle valli. Su Prealpi a 1500 m min 3\u00b0C max 6\u00b0C, a 2000 m min 1\u00b0C max 6\u00b0C. Su Dolomiti a 2000 m min 0\u00b0C max 6\u00b0C, a 3000 m min -4\u00b0C max 0\u00b0C.<br \/>\n<b>Venti: <\/b>Nelle valli generalmente deboli di direzione variabile; in quota deboli\/moderati occidentali, a 5-20 km\/h a 2000 m, 20-35 km\/h a 3000 m.<\/p>\n<hr \/>\n<p><center><b>Sabato 4<\/b><\/center><b>Tempo atteso: <\/b>Sulle Prealpi tempo ben soleggiato, fatta eccezione per qualche possibile temporanea nube alta di sottovento (lee-clouds), specie al pomeriggio. Sulle Dolomiti, specie i settori pi\u00f9 settentrionali, nuvolosit\u00e0 irregolare in arrivo da nord. Clima pi\u00f9 freddo dei giorni precedenti in quota, ventoso soprattutto dal pomeriggio.<br \/>\n<b>Precipitazioni: <\/b>Assenti (0%); solo sulle Dolomiti centro-settentrionali non sar\u00e0 esclusa del tutto qualche burrasca di neve al pomeriggio\/sera, eventualmente senza accumuli apprezzabili (20%).<br \/>\n<b>Temperature: <\/b>Minime stazionarie nelle valli, in calo in quota registrate alla sera; massime in calo sensibile in quota, meno avvertito nelle valli, specie in caso di Foehn. Su Prealpi a 1500 m min 0\u00b0C max 4\u00b0C, a 2000 m min -3\u00b0C max 2\u00b0C. Su Dolomiti a 2000 m min -5\u00b0C max 0\u00b0C, a 3000 m min -12\u00b0C max -5\u00b0C.<br \/>\n<b>Venti: <\/b>Nelle valli generalmente deboli di direzione variabile al mattino, con probabili rinforzi di Foehn dal pomeriggio; in quota da moderati a forti settentrionali, anche tempestosi in alta quota alla sera, a 10-50 km\/h a 2000 m, 35-80 km\/h a 3000 m.<\/p>\n<hr \/>\n<p><center><b>Domenica 5<\/b><\/center>Tempo ovunque molto soleggiato, con aria tersa ed ottima visibilit\u00e0, dopo il diradamento di qualche possibile nube irregolare sulle dolomiti centro-settentrionali al mattino. Venti forti settentrionali in quota, con Foehn nelle valli e sulle dorsali prealpine, in attenuazione. Clima pi\u00f9 freddo in quota con cessazione dell&#8217;inversione termica, pi\u00f9 mite nelle valli, specie in caso di Foehn.<\/p>\n<hr \/>\n<p><center><b>Lunedi 6<\/b><\/center>Tempo soleggiato con cielo perlopi\u00f9 sereno. Clima freddo al mattino a tutte le quote con intense gelate ovunque. In giornata sensibile rialzo termico in quota, mentre nelle valli il clima sar\u00e0 pi\u00f9 freddo dei giorni precedenti, con nuovo instaurarsi di condizioni di inversione termica. Venti deboli nord-occidentali in quota, deboli nelle valli. Previsore: G.M.<\/p>\n<p>&nbsp;<\/p>\n","protected":false},"excerpt":{"rendered":"<p>&nbsp; SIAMO TUTTI CON TOMMASO MONTEBELLUNA-FALCADE \u00c8 iniziato un nuovo anno per noi e soprattutto per Tommaso. Quest&#8217;anno avremo molte opportunit\u00e0 per aiutare il nostro piccolino e non vediamo l&#8217;ora di coglierle tutte. Iniziamo con la Conductive education, faremo una settimana a Monselice dove Tommaso far\u00e0 ogni mattina fisioterapia con un metodo riabilitavo ungherese. Noi&hellip;<\/p>\n","protected":false},"author":1,"featured_media":111675,"comment_status":"closed","ping_status":"closed","sticky":false,"template":"","format":"standard","meta":{"_monsterinsights_skip_tracking":false,"_monsterinsights_sitenote_active":false,"_monsterinsights_sitenote_note":"","_monsterinsights_sitenote_category":0,"footnotes":""},"categories":[86],"tags":[],"class_list":["post-111704","post","type-post","status-publish","format-standard","has-post-thumbnail","hentry","category-gr","category-86","description-off"],"img_url":"https:\/\/www.radiopiu.net\/wordpress\/wp-content\/uploads\/2020\/01\/3af59272-e0a6-42e7-9cc4-c114bd73e059.jpg","_links":{"self":[{"href":"https:\/\/www.radiopiu.net\/wordpress\/wp-json\/wp\/v2\/posts\/111704","targetHints":{"allow":["GET"]}}],"collection":[{"href":"https:\/\/www.radiopiu.net\/wordpress\/wp-json\/wp\/v2\/posts"}],"about":[{"href":"https:\/\/www.radiopiu.net\/wordpress\/wp-json\/wp\/v2\/types\/post"}],"author":[{"embeddable":true,"href":"https:\/\/www.radiopiu.net\/wordpress\/wp-json\/wp\/v2\/users\/1"}],"replies":[{"embeddable":true,"href":"https:\/\/www.radiopiu.net\/wordpress\/wp-json\/wp\/v2\/comments?post=111704"}],"version-history":[{"count":0,"href":"https:\/\/www.radiopiu.net\/wordpress\/wp-json\/wp\/v2\/posts\/111704\/revisions"}],"wp:featuredmedia":[{"embeddable":true,"href":"https:\/\/www.radiopiu.net\/wordpress\/wp-json\/wp\/v2\/media\/111675"}],"wp:attachment":[{"href":"https:\/\/www.radiopiu.net\/wordpress\/wp-json\/wp\/v2\/media?parent=111704"}],"wp:term":[{"taxonomy":"category","embeddable":true,"href":"https:\/\/www.radiopiu.net\/wordpress\/wp-json\/wp\/v2\/categories?post=111704"},{"taxonomy":"post_tag","embeddable":true,"href":"https:\/\/www.radiopiu.net\/wordpress\/wp-json\/wp\/v2\/tags?post=111704"}],"curies":[{"name":"wp","href":"https:\/\/api.w.org\/{rel}","templated":true}]}}