{"id":111753,"date":"2020-01-02T23:25:28","date_gmt":"2020-01-02T22:25:28","guid":{"rendered":"https:\/\/www.radiopiu.net\/wordpress\/?p=111753"},"modified":"2020-01-03T06:02:56","modified_gmt":"2020-01-03T05:02:56","slug":"f-m-colle-dalla-compagnia-di-gesu-alla-storia-dellateneo-di-padova-di-renato-bona","status":"publish","type":"post","link":"https:\/\/www.radiopiu.net\/wordpress\/f-m-colle-dalla-compagnia-di-gesu-alla-storia-dellateneo-di-padova-di-renato-bona\/","title":{"rendered":"F.M. COLLE: DALLA COMPAGNIA DI GESU\u2019 ALLA STORIA DELL\u2019ATENEO DI PADOVA! di RENATO BONA"},"content":{"rendered":"<p style=\"text-align: left;\"><strong><a class=\"dt-pswp-item\" href=\"https:\/\/www.radiopiu.net\/wordpress\/wp-content\/uploads\/2020\/01\/81713224_1451707101649002_6581570625549107200_n.jpg\" data-dt-img-description=\"\" data-large_image_width=\"2048\" data-large_image_height=\"1536\"><img loading=\"lazy\" decoding=\"async\" class=\"size-medium wp-image-111757 alignleft\" src=\"https:\/\/www.radiopiu.net\/wordpress\/wp-content\/uploads\/2020\/01\/81713224_1451707101649002_6581570625549107200_n-300x225.jpg\" alt=\"\" width=\"300\" height=\"225\" srcset=\"https:\/\/www.radiopiu.net\/wordpress\/wp-content\/uploads\/2020\/01\/81713224_1451707101649002_6581570625549107200_n-300x225.jpg 300w, https:\/\/www.radiopiu.net\/wordpress\/wp-content\/uploads\/2020\/01\/81713224_1451707101649002_6581570625549107200_n-1024x768.jpg 1024w, https:\/\/www.radiopiu.net\/wordpress\/wp-content\/uploads\/2020\/01\/81713224_1451707101649002_6581570625549107200_n-768x576.jpg 768w, https:\/\/www.radiopiu.net\/wordpress\/wp-content\/uploads\/2020\/01\/81713224_1451707101649002_6581570625549107200_n-1536x1152.jpg 1536w, https:\/\/www.radiopiu.net\/wordpress\/wp-content\/uploads\/2020\/01\/81713224_1451707101649002_6581570625549107200_n.jpg 2048w\" sizes=\"auto, (max-width: 300px) 100vw, 300px\" \/><\/a>BELLUNO<\/strong> Duecentosettantasei anni fa, il 29 dicembre del 1744, era di marted\u00ec, nasceva a Belluno Francesco Maria Colle, figlio di Gerolamo e di Cecilia Giamosa. Il padre era discendente da una famiglia decisamente influente. A questo autentico personaggio della cultura (i suoi interessi variavano dalla letteratura alle scienze esatte ed applicate, alla storia, il Comune dove \u00e8 nato ha dedicato una via che parte dall\u2019incrocio di Baldenich, verso sud, fino all\u2019incrocio con la via Giorgetti, comprendendo anche alcune viuzze laterali. E nella pubblicazione \u201cToponomastica di Belluno\u201d realizzata dallo stesso Comune nel 1990 (e dunque bisognosa di aggiornamenti\u2026) ne sintetizza cos\u00ec la figura: \u201cScrisse la storia dell\u2019Universit\u00e0 di Padova. Consigliere di Stato del Regno Italico fu decorato della Croce di Cavaliere della Corona di Ferro\u201d.<br \/>\nMa vediamo con l\u2019ausilio del sito <a href=\"https:\/\/l.facebook.com\/l.php?u=http%3A%2F%2Ftreccani.it%2Fenciclopedia%3Ffbclid%3DIwAR18Dm62nIY1YJr3V_aU5ei2pbimjT2Z87F-KFM1mhjX652NEOToUhc237o&amp;h=AT31oPsZdUOAwH-6WZoElVaWN6U9Jnln3cH2Bn_3JdMGaL0VsNdc9m128tPCQQGH2ED4F1mQBoaOmxcqW-HvibVKbfAhJDwA1V28AIOpQn0SEprFuuSCLYyVFgPYtCfldfU\" target=\"_blank\" rel=\"nofollow noopener noreferrer\" data-lynx-mode=\"hover\">treccani.it\/enciclopedia<\/a>, di saperne di pi\u00f9 di Francesco Maria Colle cui anche la citt\u00e0 di Padova ha intitolato una via: \u201cEntrato giovanissimo nella Compagnia di Ges\u00f9 e destinato alla sede di Novellara (Modena), studi\u00f2 lettere a Piacenza, filosofia e matematica a Bologna, diventando poi docente di retorica in varie scuole. In seguito alla bolla di Clemente XIV di scioglimento della Compagnia, ritorn\u00f2 allo stato laicale e, dopo un breve soggiorno nella citt\u00e0 natale, nel 1774 si stabil\u00ec a Padova dove frequent\u00f2 la facolt\u00e0 di giurisprudenza, conseguendo la laurea ed entrando in contatto con numerosi letterati e scienziati raggruppati intorno alla neonata Accademia di scienze, lettere ed arti\u201d.<br \/>\nAncora Treccani: \u201c\u2026 Scrisse cenni biografici su Albertino Mussato e Pietro d&#8217;Abano (Padova 1809 e 1823), poesie e miscellanee erudite, un&#8217;ampia Dissertazione sopra il quesito: Dimostrare che cosa fosse e quanta parte avesse la musica nell&#8217;educazione de&#8217; Greci, qual&#8217;era la forza di una siffatta istituzione e qual vantaggio sperar si potesse,se fosse introdotta nel piano della moderna educazione (Mantova 1775) in cui si pronunci\u00f2 a favore dell&#8217;educazione musicale dei giovani italiani e infine una pi\u00f9 mediocre memoria Sopra l&#8217;influenza del costume nello stile letterario (in Atti dell&#8217;Accademia di Padova, 1786, 1789)\u201d.<br \/>\nIl bellunese Colle che si interessava pure di idraulica applicata, \u00e8 autore di una notevole dissertazione sulle piene del Po e sui possibili interventi per prevenirle, opera presentata nel 1977 all\u2019Accademia di Modena e pubblicata due anni pi\u00f9 tardi. Sue anche \u201cConsiderazioni sulla sistemazione di Brenta (Padova 1791)\u201d. Entrambi i lavori \u2013sottolinea Treccani \u2013 furono frutto di ampie letture e di una buona conoscenza dell&#8217;attivit\u00e0 teorica e pratica dell&#8217;ing. Zendrini, tecnico della Repubblica veneta.<br \/>\nE veniamo al 17 giugno 1786 quando i tre riformatori dello Studio di Padova Andrea Querini, Pietro Barbarigo e Francesco Morosini gli affidarono l&#8217;incarico di proseguire i Fasti dell&#8217;universit\u00e0, lasciati interrotti da Iacopo Facciolati all&#8217;anno 1756, e pi\u00f9 tardi anche di stendere un&#8217;organica storia dell&#8217;illustre ateneo. \u201cIn due anni di appassionato lavoro Colle ampli\u00f2 il disegno del Facciolati e per ogni facolt\u00e0 e cattedra raccolse notizie sull&#8217;origine e lo sviluppo dell&#8217;insegnamento con l&#8217;ambizione di delineare una vera e precisa idea dello stato presente e passato dell&#8217;universit\u00e0: l&#8217;opera venne pubblicata postuma col titolo di Fasti Gymnasii Patavini iconibus exornati ab anno MDCCLVII usque ad MDCCCXL perducti a Iosepho Vedova patavino (Patavii 1841)\u201d.<br \/>\nQuando, nel 1789, una legge della Repubblica che riduceva le spese pubbliche lo priv\u00f2 dell&#8217;incarico di storiografo dell&#8217;Universit\u00e0 e del relativo stipendio, continu\u00f2 comunque nello scavo archivistico nonostante la caduta della Repubblica e i due successivi mutamenti di governo. La scomparsa della moglie Cecilia Rizzardi, nel 1800, indusse Francesco Maria Colle e tornare a Belluno \u201cdove partecip\u00f2 attivamente alla vita politica della cittadina; nel 1801, nel corso di una grave carestia, presiedette una commissione incaricata di apprestare i rifornimenti pi\u00f9 urgenti e in segno di riconoscimento il 12 febbraio successivo il Consiglio minore della citt\u00e0 lo ascrisse alla nobilt\u00e0. Nel 1805 il governo napoleonico lo nomin\u00f2 magistrato civile con l&#8217;incarico di organizzare il nuovo dipartimento della Piave; si trasfer\u00ec cos\u00ec a Milano dove venne iscritto al Collegio dei dotti del Regno Italico, successivamente insignito dell&#8217;Ordine della Corona ferrea e infine nominato consigliere di Stato. Apprezzato personalmente dal vicer\u00e8 Eugenio, cerc\u00f2 di ottenere i fondi per la pubblicazione della sua storia dell&#8217;universit\u00e0 ma il susseguirsi delle guerre napoleoniche e l&#8217;incompiutezza dell&#8217;opera frustrarono le sue speranze. In effetti la Storia scientifico-letteraria dello Studio di Padova dalla sua fondazione all&#8217;anno MCDV, usc\u00ec postuma nel 1824 con alcune annotazioni suppletive dell&#8217;erudito padovano Giuseppe Vedova.<br \/>\n\u00c8 opera ampia e informata, largamente superiore per quantit\u00e0 e qualit\u00e0 di notizie alle storie dell&#8217;ateneo padovano stese in precedenza da Antonio Riccoboni, Giacomo Tomasini, Carlo Patino, Nicola Papadopoli, Jacopo Facciolati. Per primo Colle fiss\u00f2 la fondazione dell&#8217;universit\u00e0 all&#8217;anno 1222 e accompagn\u00f2 la storia dello Studio con un&#8217;ampia esposizione delle vicende politiche e sociali della citt\u00e0 e della regione sino alla dedizione a Venezia. La Storia d\u00e0 largo spazio all&#8217;origine e sviluppo delle singole facolt\u00e0, alle vicende dei docenti, degli studenti italiani e stranieri, ai criteri di insegnamento delle singole discipline, con precise notazioni cronologiche, tutt&#8217;ora preziose per gli storici; si interrompe all&#8217;anno 1405, quando Padova pass\u00f2 sotto il governo di Venezia.Caduto il governo napoleonico, il Colle si ritir\u00f2 a Belluno dove mor\u00ec il 18 marzo 1815. Era di sabato.<\/p>\n<p><a class=\"dt-pswp-item\" href=\"https:\/\/www.radiopiu.net\/wordpress\/wp-content\/uploads\/2020\/01\/81559854_1841453952655953_3652939487056494592_n.jpg\" data-dt-img-description=\"\" data-large_image_width=\"454\" data-large_image_height=\"664\"><img loading=\"lazy\" decoding=\"async\" class=\"alignnone wp-image-111758\" src=\"https:\/\/www.radiopiu.net\/wordpress\/wp-content\/uploads\/2020\/01\/81559854_1841453952655953_3652939487056494592_n-205x300.jpg\" alt=\"\" width=\"206\" height=\"301\" srcset=\"https:\/\/www.radiopiu.net\/wordpress\/wp-content\/uploads\/2020\/01\/81559854_1841453952655953_3652939487056494592_n-205x300.jpg 205w, https:\/\/www.radiopiu.net\/wordpress\/wp-content\/uploads\/2020\/01\/81559854_1841453952655953_3652939487056494592_n.jpg 454w\" sizes=\"auto, (max-width: 206px) 100vw, 206px\" \/><\/a><a class=\"dt-pswp-item\" href=\"https:\/\/www.radiopiu.net\/wordpress\/wp-content\/uploads\/2020\/01\/80839455_481283306103532_6711973555006865408_n.jpg\" data-dt-img-description=\"\" data-large_image_width=\"782\" data-large_image_height=\"960\"><img loading=\"lazy\" decoding=\"async\" class=\"alignnone size-medium wp-image-111754\" src=\"https:\/\/www.radiopiu.net\/wordpress\/wp-content\/uploads\/2020\/01\/80839455_481283306103532_6711973555006865408_n-244x300.jpg\" alt=\"\" width=\"244\" height=\"300\" srcset=\"https:\/\/www.radiopiu.net\/wordpress\/wp-content\/uploads\/2020\/01\/80839455_481283306103532_6711973555006865408_n-244x300.jpg 244w, https:\/\/www.radiopiu.net\/wordpress\/wp-content\/uploads\/2020\/01\/80839455_481283306103532_6711973555006865408_n-768x943.jpg 768w, https:\/\/www.radiopiu.net\/wordpress\/wp-content\/uploads\/2020\/01\/80839455_481283306103532_6711973555006865408_n.jpg 782w\" sizes=\"auto, (max-width: 244px) 100vw, 244px\" \/><\/a><a class=\"dt-pswp-item\" href=\"https:\/\/www.radiopiu.net\/wordpress\/wp-content\/uploads\/2020\/01\/80704075_861556980929797_8000286477621657600_n.jpg\" data-dt-img-description=\"\" data-large_image_width=\"452\" data-large_image_height=\"960\"><img loading=\"lazy\" decoding=\"async\" class=\"alignnone size-medium wp-image-111756\" src=\"https:\/\/www.radiopiu.net\/wordpress\/wp-content\/uploads\/2020\/01\/80704075_861556980929797_8000286477621657600_n-141x300.jpg\" alt=\"\" width=\"141\" height=\"300\" srcset=\"https:\/\/www.radiopiu.net\/wordpress\/wp-content\/uploads\/2020\/01\/80704075_861556980929797_8000286477621657600_n-141x300.jpg 141w, https:\/\/www.radiopiu.net\/wordpress\/wp-content\/uploads\/2020\/01\/80704075_861556980929797_8000286477621657600_n.jpg 452w\" sizes=\"auto, (max-width: 141px) 100vw, 141px\" \/><\/a><a class=\"dt-pswp-item\" href=\"https:\/\/www.radiopiu.net\/wordpress\/wp-content\/uploads\/2020\/01\/81486185_587208122115678_3209962109244801024_n.jpg\" data-dt-img-description=\"\" data-large_image_width=\"720\" data-large_image_height=\"960\"><img loading=\"lazy\" decoding=\"async\" class=\"alignnone size-medium wp-image-111755\" src=\"https:\/\/www.radiopiu.net\/wordpress\/wp-content\/uploads\/2020\/01\/81486185_587208122115678_3209962109244801024_n-225x300.jpg\" alt=\"\" width=\"225\" height=\"300\" srcset=\"https:\/\/www.radiopiu.net\/wordpress\/wp-content\/uploads\/2020\/01\/81486185_587208122115678_3209962109244801024_n-225x300.jpg 225w, https:\/\/www.radiopiu.net\/wordpress\/wp-content\/uploads\/2020\/01\/81486185_587208122115678_3209962109244801024_n.jpg 720w\" sizes=\"auto, (max-width: 225px) 100vw, 225px\" \/><\/a><\/p>\n<p>NELLE FOTO (Renato Bona; Libreria e casa d\u2019aste Gonnelli; Books.google): copertina del primo volume della Storia di Padova realizzato da Colle; quella dell\u2019elogio dell\u2019\u201cistoriografo\u201d bellunese recitato dall\u2019abate Antonio Ocofer; la via che il Comune di Belluno ha dedicato al suo figlio illustre; il cartello stradale; una laterale in zona Baldenich.<\/p>\n","protected":false},"excerpt":{"rendered":"<p>BELLUNO Duecentosettantasei anni fa, il 29 dicembre del 1744, era di marted\u00ec, nasceva a Belluno Francesco Maria Colle, figlio di Gerolamo e di Cecilia Giamosa. Il padre era discendente da una famiglia decisamente influente. A questo autentico personaggio della cultura (i suoi interessi variavano dalla letteratura alle scienze esatte ed applicate, alla storia, il Comune&hellip;<\/p>\n","protected":false},"author":1,"featured_media":111756,"comment_status":"closed","ping_status":"closed","sticky":false,"template":"","format":"standard","meta":{"_monsterinsights_skip_tracking":false,"_monsterinsights_sitenote_active":false,"_monsterinsights_sitenote_note":"","_monsterinsights_sitenote_category":0,"footnotes":""},"categories":[49],"tags":[],"class_list":["post-111753","post","type-post","status-publish","format-standard","has-post-thumbnail","hentry","category-news-18","category-49","description-off"],"img_url":"https:\/\/www.radiopiu.net\/wordpress\/wp-content\/uploads\/2020\/01\/80704075_861556980929797_8000286477621657600_n.jpg","_links":{"self":[{"href":"https:\/\/www.radiopiu.net\/wordpress\/wp-json\/wp\/v2\/posts\/111753","targetHints":{"allow":["GET"]}}],"collection":[{"href":"https:\/\/www.radiopiu.net\/wordpress\/wp-json\/wp\/v2\/posts"}],"about":[{"href":"https:\/\/www.radiopiu.net\/wordpress\/wp-json\/wp\/v2\/types\/post"}],"author":[{"embeddable":true,"href":"https:\/\/www.radiopiu.net\/wordpress\/wp-json\/wp\/v2\/users\/1"}],"replies":[{"embeddable":true,"href":"https:\/\/www.radiopiu.net\/wordpress\/wp-json\/wp\/v2\/comments?post=111753"}],"version-history":[{"count":0,"href":"https:\/\/www.radiopiu.net\/wordpress\/wp-json\/wp\/v2\/posts\/111753\/revisions"}],"wp:featuredmedia":[{"embeddable":true,"href":"https:\/\/www.radiopiu.net\/wordpress\/wp-json\/wp\/v2\/media\/111756"}],"wp:attachment":[{"href":"https:\/\/www.radiopiu.net\/wordpress\/wp-json\/wp\/v2\/media?parent=111753"}],"wp:term":[{"taxonomy":"category","embeddable":true,"href":"https:\/\/www.radiopiu.net\/wordpress\/wp-json\/wp\/v2\/categories?post=111753"},{"taxonomy":"post_tag","embeddable":true,"href":"https:\/\/www.radiopiu.net\/wordpress\/wp-json\/wp\/v2\/tags?post=111753"}],"curies":[{"name":"wp","href":"https:\/\/api.w.org\/{rel}","templated":true}]}}