{"id":111770,"date":"2020-01-03T07:03:13","date_gmt":"2020-01-03T06:03:13","guid":{"rendered":"https:\/\/www.radiopiu.net\/wordpress\/?p=111770"},"modified":"2020-01-03T07:54:02","modified_gmt":"2020-01-03T06:54:02","slug":"sentimento-di-gerardo-mazzeo","status":"publish","type":"post","link":"https:\/\/www.radiopiu.net\/wordpress\/sentimento-di-gerardo-mazzeo\/","title":{"rendered":"SENTIMENTO di GERARDO MAZZEO"},"content":{"rendered":"<audio class=\"wp-audio-shortcode\" id=\"audio-111770-1\" preload=\"none\" style=\"width: 100%;\" controls=\"controls\"><source type=\"audio\/mpeg\" src=\"https:\/\/www.radiopiu.net\/wordpress\/wp-content\/uploads\/2019\/12\/4-GERARDO-MAZZEO-IL-CANTO-DELLUNIVERSO.mp3?_=1\" \/><a href=\"https:\/\/www.radiopiu.net\/wordpress\/wp-content\/uploads\/2019\/12\/4-GERARDO-MAZZEO-IL-CANTO-DELLUNIVERSO.mp3\">https:\/\/www.radiopiu.net\/wordpress\/wp-content\/uploads\/2019\/12\/4-GERARDO-MAZZEO-IL-CANTO-DELLUNIVERSO.mp3<\/a><\/audio>\n<p>&nbsp;<\/p>\n<p><span style=\"font-family: Verdana, sans-serif;\"><span style=\"font-size: large;\">SENTIMENTO<\/span><\/span><\/p>\n<p align=\"LEFT\"><span style=\"color: #000000;\"><span style=\"font-family: Verdana, sans-serif;\"><span style=\"font-size: large;\">Nella mia mente c\u2019\u00e8 un forte sentimento <\/span><\/span><\/span><\/p>\n<p align=\"LEFT\"><span style=\"color: #000000;\"><span style=\"font-family: Verdana, sans-serif;\"><span style=\"font-size: large;\">e non riesco a manifestarlo.<\/span><\/span><\/span><\/p>\n<p align=\"LEFT\"><span style=\"color: #000000;\"> <span style=\"font-family: Verdana, sans-serif;\"><span style=\"font-size: large;\">\u00c8 un pensiero che mi avvolge,<\/span><\/span><\/span><\/p>\n<p align=\"LEFT\"><span style=\"color: #000000;\"> <span style=\"font-family: Verdana, sans-serif;\"><span style=\"font-size: large;\">mi tiene compagnia, bussa <\/span><\/span><\/span><\/p>\n<p align=\"LEFT\"><span style=\"color: #000000;\"><span style=\"font-family: Verdana, sans-serif;\"><span style=\"font-size: large;\">alla porta mio cuore, un ricordo lontano. <\/span><\/span><\/span><\/p>\n<p align=\"LEFT\"><span style=\"color: #000000;\"><span style=\"font-family: Verdana, sans-serif;\"><span style=\"font-size: large;\">\u00c8 passato tanto tempo ormai<\/span><\/span><\/span><\/p>\n<p align=\"LEFT\"><span style=\"color: #000000;\"> <span style=\"font-family: Verdana, sans-serif;\"><span style=\"font-size: large;\">ma oggi riesco finalmente a dirti <\/span><\/span><\/span><\/p>\n<p align=\"LEFT\"><span style=\"color: #000000;\"><span style=\"font-family: Verdana, sans-serif;\"><span style=\"font-size: large;\">che hai preso la mia vita <\/span><\/span><\/span><\/p>\n<p align=\"LEFT\"><span style=\"font-family: Verdana, sans-serif;\"><span style=\"font-size: large;\"><span style=\"color: #000000;\">e l\u2019hai portata con te.<\/span> <\/span><\/span><\/p>\n","protected":false},"excerpt":{"rendered":"<p>&nbsp; SENTIMENTO Nella mia mente c\u2019\u00e8 un forte sentimento e non riesco a manifestarlo. \u00c8 un pensiero che mi avvolge, mi tiene compagnia, bussa alla porta mio cuore, un ricordo lontano. \u00c8 passato tanto tempo ormai ma oggi riesco finalmente a dirti che hai preso la mia vita e l\u2019hai portata con te.<\/p>\n","protected":false},"author":1,"featured_media":111320,"comment_status":"closed","ping_status":"closed","sticky":false,"template":"","format":"standard","meta":{"_monsterinsights_skip_tracking":false,"_monsterinsights_sitenote_active":false,"_monsterinsights_sitenote_note":"","_monsterinsights_sitenote_category":0,"footnotes":""},"categories":[22],"tags":[],"class_list":["post-111770","post","type-post","status-publish","format-standard","has-post-thumbnail","hentry","category-invivoverso","category-22","description-off"],"img_url":"https:\/\/www.radiopiu.net\/wordpress\/wp-content\/uploads\/2019\/12\/FOTO-GERARDO-MAZZEO.jpg","_links":{"self":[{"href":"https:\/\/www.radiopiu.net\/wordpress\/wp-json\/wp\/v2\/posts\/111770","targetHints":{"allow":["GET"]}}],"collection":[{"href":"https:\/\/www.radiopiu.net\/wordpress\/wp-json\/wp\/v2\/posts"}],"about":[{"href":"https:\/\/www.radiopiu.net\/wordpress\/wp-json\/wp\/v2\/types\/post"}],"author":[{"embeddable":true,"href":"https:\/\/www.radiopiu.net\/wordpress\/wp-json\/wp\/v2\/users\/1"}],"replies":[{"embeddable":true,"href":"https:\/\/www.radiopiu.net\/wordpress\/wp-json\/wp\/v2\/comments?post=111770"}],"version-history":[{"count":0,"href":"https:\/\/www.radiopiu.net\/wordpress\/wp-json\/wp\/v2\/posts\/111770\/revisions"}],"wp:featuredmedia":[{"embeddable":true,"href":"https:\/\/www.radiopiu.net\/wordpress\/wp-json\/wp\/v2\/media\/111320"}],"wp:attachment":[{"href":"https:\/\/www.radiopiu.net\/wordpress\/wp-json\/wp\/v2\/media?parent=111770"}],"wp:term":[{"taxonomy":"category","embeddable":true,"href":"https:\/\/www.radiopiu.net\/wordpress\/wp-json\/wp\/v2\/categories?post=111770"},{"taxonomy":"post_tag","embeddable":true,"href":"https:\/\/www.radiopiu.net\/wordpress\/wp-json\/wp\/v2\/tags?post=111770"}],"curies":[{"name":"wp","href":"https:\/\/api.w.org\/{rel}","templated":true}]}}