{"id":111800,"date":"2020-01-03T23:59:22","date_gmt":"2020-01-03T22:59:22","guid":{"rendered":"https:\/\/www.radiopiu.net\/wordpress\/?p=111800"},"modified":"2020-01-04T07:27:26","modified_gmt":"2020-01-04T06:27:26","slug":"111800-2","status":"publish","type":"post","link":"https:\/\/www.radiopiu.net\/wordpress\/111800-2\/","title":{"rendered":"VAL PICIOLA, DA GIUGNO LA &#8220;DENUNCIA&#8221; DI EROSIONI E AD OGGI NESSUNA RISPOSTA"},"content":{"rendered":"<h3>CAPITOLO 1<\/h3>\n<p><strong><a class=\"dt-pswp-item\" href=\"https:\/\/www.radiopiu.net\/wordpress\/wp-content\/uploads\/2020\/01\/67839d46-44ed-40ab-906c-c4245daccd51-e1578060658751.jpg\" data-dt-img-description=\"\" data-large_image_width=\"1200\" data-large_image_height=\"1599\"><img loading=\"lazy\" decoding=\"async\" class=\" wp-image-111810 alignleft\" src=\"https:\/\/www.radiopiu.net\/wordpress\/wp-content\/uploads\/2020\/01\/67839d46-44ed-40ab-906c-c4245daccd51-e1578060658751-225x300.jpg\" alt=\"\" width=\"165\" height=\"220\" srcset=\"https:\/\/www.radiopiu.net\/wordpress\/wp-content\/uploads\/2020\/01\/67839d46-44ed-40ab-906c-c4245daccd51-e1578060658751-225x300.jpg 225w, https:\/\/www.radiopiu.net\/wordpress\/wp-content\/uploads\/2020\/01\/67839d46-44ed-40ab-906c-c4245daccd51-e1578060658751-768x1023.jpg 768w, https:\/\/www.radiopiu.net\/wordpress\/wp-content\/uploads\/2020\/01\/67839d46-44ed-40ab-906c-c4245daccd51-e1578060658751-1153x1536.jpg 1153w, https:\/\/www.radiopiu.net\/wordpress\/wp-content\/uploads\/2020\/01\/67839d46-44ed-40ab-906c-c4245daccd51-e1578060658751.jpg 1200w\" sizes=\"auto, (max-width: 165px) 100vw, 165px\" \/><\/a>RIVAMONTE<\/strong> A Luciano Casarin potrebbe sorgere un dubbio, che i servizi postali non funzionino, oppure che i funzionari preposti abbiano deciso di non considerare gli abitanti della piccola frazione di Ponte Alto, un pugno di case oltre l&#8217;alto ponte che da il nome alla localit\u00e0 poco oltre il confine comunale con Agordo perch\u00e9 l\u00ec che comanda \u00e8 il sindaco di Rivamonte. Comanda ma non da ordini, perch\u00e9 dai giorni di Vaia il problema non \u00e8 stato risolto. Eppure Luciano Casarin di pazienza ne ha avuta, oltre sei mesi. A giugno ha preso carta e penna e dopo essersi consultato con i tecnici di fiducia ha scritto un&#8217;amichevole lettera al sindaco Giovanni Nino Deon inquilino del palazzo Municipale di via Roma e al Genio Civile di Belluno. Ad oggi non ha ottenuto uno straccio di risposta e intanto i problemi si fanno evidenti, perch\u00e9 un corso d&#8217;acqua <a class=\"dt-pswp-item\" href=\"https:\/\/www.radiopiu.net\/wordpress\/wp-content\/uploads\/2020\/01\/7511eba5-5276-4a0b-9df9-48639826d0c8.jpg\" data-dt-img-description=\"\" data-large_image_width=\"1200\" data-large_image_height=\"1599\"><img loading=\"lazy\" decoding=\"async\" class=\"size-medium wp-image-111811 alignright\" src=\"https:\/\/www.radiopiu.net\/wordpress\/wp-content\/uploads\/2020\/01\/7511eba5-5276-4a0b-9df9-48639826d0c8-225x300.jpg\" alt=\"\" width=\"225\" height=\"300\" srcset=\"https:\/\/www.radiopiu.net\/wordpress\/wp-content\/uploads\/2020\/01\/7511eba5-5276-4a0b-9df9-48639826d0c8-225x300.jpg 225w, https:\/\/www.radiopiu.net\/wordpress\/wp-content\/uploads\/2020\/01\/7511eba5-5276-4a0b-9df9-48639826d0c8-768x1023.jpg 768w, https:\/\/www.radiopiu.net\/wordpress\/wp-content\/uploads\/2020\/01\/7511eba5-5276-4a0b-9df9-48639826d0c8-1153x1536.jpg 1153w, https:\/\/www.radiopiu.net\/wordpress\/wp-content\/uploads\/2020\/01\/7511eba5-5276-4a0b-9df9-48639826d0c8.jpg 1200w\" sizes=\"auto, (max-width: 225px) 100vw, 225px\" \/><\/a>non \u00e8 opportunamente regimato e il muro che delimita la propriet\u00e0 e quindi l&#8217;abitazione \u00e8 a rischio erosione, problema evidente anche ad occhio nudo. Casarin, proprietario di un&#8217;unit\u00e0 immobiliare e relativo terreno denuncia: <em>&#8220;Lungo il confine ovest scorre il ruscello denominato Valle delle Lonie (val piciola ndr,), la propriet\u00e0 \u00e8 delimitata da un muro di contenimento e in parte da scarpata naturale in terra e\u00a0 sassi. Nell&#8217;area di confine insiste l&#8217;area parcheggio e una strada di accesso pavimentata. Il ruscello nei periodi di forti precipitazioni aumenta\u00a0 notevolmente la portata d&#8217;acqua ed \u00e8 stato scavato un solco nel terreno di sottofondazione del muro di contenimento dell&#8217;area parcheggio ed eroso parte della scarpata verde della propiet\u00e0&#8221;.<\/em><br \/>\nLe difese spondali sono state realizzate a ridosso della propriet\u00e0 privata, a monte in corrispondenza di un ponticello di attraversamento del ruscello stesso.<\/p>\n<blockquote><p>Vaia nell&#8217;ottobre 2018 ha accentuato il problema. Casarin ha chiesto un sopralluogo e soprattutto un intervento di regimazione delle acque della Valle delle Lonie in corrispondenza della propriet\u00e0 onde evitare ulteriori erosioni che potrebbero mettere a rischio la stabilit\u00e0 della pavimentazione e della strada.<\/p><\/blockquote>\n<p><strong>VIDEO\u00a0<\/strong><\/p>\n<div style=\"width: 640px;\" class=\"wp-video\"><video class=\"wp-video-shortcode\" id=\"video-111800-1\" width=\"640\" height=\"352\" preload=\"metadata\" controls=\"controls\"><source type=\"video\/mp4\" src=\"https:\/\/www.radiopiu.net\/wordpress\/wp-content\/uploads\/2020\/01\/WhatsApp-Video-2019-12-30-at-06.17.06.mp4?_=1\" \/><a href=\"https:\/\/www.radiopiu.net\/wordpress\/wp-content\/uploads\/2020\/01\/WhatsApp-Video-2019-12-30-at-06.17.06.mp4\">https:\/\/www.radiopiu.net\/wordpress\/wp-content\/uploads\/2020\/01\/WhatsApp-Video-2019-12-30-at-06.17.06.mp4<\/a><\/video><\/div>\n<h3><\/h3>\n<h3>CAPITOLO 2<\/h3>\n<p>Le famiglie Del Din e Fontanive hanno costruito la loro casa poco sotto l&#8217;abitazione di Casarin quindi poco sotto al muro di contenimento che divide il corso del ruscello. Dai giorni di Vaia temono il peggio, la casa \u00e8 infatti vistosamente segnata da crepe preoccupanti. <em>&#8220;L&#8217;acqua della Val Piciola che esce dal suo corso (perch\u00e9 lo scivolo non \u00e8 mai stato terminato fino a fondo valle) passa sotto al muro di contenimento, prosegue verso l&#8217;abitazione e erode il terreno per poi ricomparire sulla strada sottostante comunale che porta in Valle Imperina. Siamo preoccupati per queste crepe che sono comparse sui muri. Chiediamo di mettere in ordine il muraglione ma anche la regimazione del corso d&#8217;acqua, che possa scorrere verso valle anzich\u00e8 penetrare nel terreno&#8221;<\/em>. In effetti le foto mettono in evidenza le fessurazioni sui muri della casa ma anche come la zona sia in totale abbandono. Dal corso d&#8217;acqua, infatti le piante e il materiale portato da Vaia non \u00e8 mai stato spostato.<\/p>\n\n\t\t\t<style type='text\/css'>\n\t\t\t\t#gallery-1 {\n\t\t\t\t\tmargin: auto;\n\t\t\t\t}\n\t\t\t\t#gallery-1 .gallery-item {\n\t\t\t\t\tfloat: left;\n\t\t\t\t\tmargin-top: 10px;\n\t\t\t\t\ttext-align: center;\n\t\t\t\t\twidth: 33%;\n\t\t\t\t}\n\t\t\t\t#gallery-1 img {\n\t\t\t\t\tborder: 2px solid #cfcfcf;\n\t\t\t\t}\n\t\t\t\t#gallery-1 .gallery-caption {\n\t\t\t\t\tmargin-left: 0;\n\t\t\t\t}\n\t\t\t\t\/* see gallery_shortcode() in wp-includes\/media.php *\/\n\t\t\t<\/style>\n\t\t<div id='gallery-1' class='dt-gallery-container gallery galleryid-111800 gallery-columns-3 gallery-size-thumbnail'><dl class='gallery-item'>\n\t\t\t\t<dt class='gallery-icon landscape'>\n\t\t\t\t\t<a class=\"rollover\" href='https:\/\/www.radiopiu.net\/wordpress\/111800-2\/a8b3ea82-5b36-42c6-a8bb-37986c76a209\/'><img loading=\"lazy\" decoding=\"async\" width=\"150\" height=\"150\" src=\"https:\/\/www.radiopiu.net\/wordpress\/wp-content\/uploads\/2020\/01\/a8b3ea82-5b36-42c6-a8bb-37986c76a209-150x150.jpg\" class=\"attachment-thumbnail size-thumbnail\" alt=\"\" \/><\/a>\n\t\t\t\t<\/dt><\/dl><dl class='gallery-item'>\n\t\t\t\t<dt class='gallery-icon landscape'>\n\t\t\t\t\t<a class=\"rollover\" href='https:\/\/www.radiopiu.net\/wordpress\/111800-2\/47a010ba-61da-4215-bb39-c9dae4dbf9e8\/'><img loading=\"lazy\" decoding=\"async\" width=\"150\" height=\"150\" src=\"https:\/\/www.radiopiu.net\/wordpress\/wp-content\/uploads\/2020\/01\/47a010ba-61da-4215-bb39-c9dae4dbf9e8-150x150.jpg\" class=\"attachment-thumbnail size-thumbnail\" alt=\"\" \/><\/a>\n\t\t\t\t<\/dt><\/dl><dl class='gallery-item'>\n\t\t\t\t<dt class='gallery-icon landscape'>\n\t\t\t\t\t<a class=\"rollover\" href='https:\/\/www.radiopiu.net\/wordpress\/111800-2\/ec70431c-76f6-45b1-8d73-2a2266914f33\/'><img loading=\"lazy\" decoding=\"async\" width=\"150\" height=\"150\" src=\"https:\/\/www.radiopiu.net\/wordpress\/wp-content\/uploads\/2020\/01\/ec70431c-76f6-45b1-8d73-2a2266914f33-150x150.jpg\" class=\"attachment-thumbnail size-thumbnail\" alt=\"\" \/><\/a>\n\t\t\t\t<\/dt><\/dl><br style=\"clear: both\" \/><dl class='gallery-item'>\n\t\t\t\t<dt class='gallery-icon landscape'>\n\t\t\t\t\t<a class=\"rollover\" href='https:\/\/www.radiopiu.net\/wordpress\/111800-2\/965464a0-3c27-4ed5-b7bb-9303e7543f52\/'><img loading=\"lazy\" decoding=\"async\" width=\"150\" height=\"150\" src=\"https:\/\/www.radiopiu.net\/wordpress\/wp-content\/uploads\/2020\/01\/965464a0-3c27-4ed5-b7bb-9303e7543f52-150x150.jpg\" class=\"attachment-thumbnail size-thumbnail\" alt=\"\" \/><\/a>\n\t\t\t\t<\/dt><\/dl><dl class='gallery-item'>\n\t\t\t\t<dt class='gallery-icon landscape'>\n\t\t\t\t\t<a class=\"rollover\" href='https:\/\/www.radiopiu.net\/wordpress\/111800-2\/2a72c667-8efb-488d-b9a7-e74d1a9d7ba9\/'><img loading=\"lazy\" decoding=\"async\" width=\"150\" height=\"150\" src=\"https:\/\/www.radiopiu.net\/wordpress\/wp-content\/uploads\/2020\/01\/2a72c667-8efb-488d-b9a7-e74d1a9d7ba9-150x150.jpg\" class=\"attachment-thumbnail size-thumbnail\" alt=\"\" \/><\/a>\n\t\t\t\t<\/dt><\/dl><dl class='gallery-item'>\n\t\t\t\t<dt class='gallery-icon landscape'>\n\t\t\t\t\t<a class=\"rollover\" href='https:\/\/www.radiopiu.net\/wordpress\/111800-2\/5b308feb-5d44-4540-a173-9a0b18f55fd6\/'><img loading=\"lazy\" decoding=\"async\" width=\"150\" height=\"150\" src=\"https:\/\/www.radiopiu.net\/wordpress\/wp-content\/uploads\/2020\/01\/5b308feb-5d44-4540-a173-9a0b18f55fd6-150x150.jpg\" class=\"attachment-thumbnail size-thumbnail\" alt=\"\" \/><\/a>\n\t\t\t\t<\/dt><\/dl><br style=\"clear: both\" \/>\n\t\t\t<\/div>\n\n<p>&nbsp;<\/p>\n<p>&nbsp;<\/p>\n<p>&nbsp;<\/p>\n<p>&nbsp;<\/p>\n<p>&nbsp;<\/p>\n","protected":false},"excerpt":{"rendered":"<p>CAPITOLO 1 RIVAMONTE A Luciano Casarin potrebbe sorgere un dubbio, che i servizi postali non funzionino, oppure che i funzionari preposti abbiano deciso di non considerare gli abitanti della piccola frazione di Ponte Alto, un pugno di case oltre l&#8217;alto ponte che da il nome alla localit\u00e0 poco oltre il confine comunale con Agordo perch\u00e9&hellip;<\/p>\n","protected":false},"author":1,"featured_media":111810,"comment_status":"closed","ping_status":"closed","sticky":false,"template":"","format":"standard","meta":{"_monsterinsights_skip_tracking":false,"_monsterinsights_sitenote_active":false,"_monsterinsights_sitenote_note":"","_monsterinsights_sitenote_category":0,"footnotes":""},"categories":[51,49],"tags":[],"class_list":["post-111800","post","type-post","status-publish","format-standard","has-post-thumbnail","hentry","category-evidenza-top","category-news-18","category-51","category-49","description-off"],"img_url":"https:\/\/www.radiopiu.net\/wordpress\/wp-content\/uploads\/2020\/01\/67839d46-44ed-40ab-906c-c4245daccd51-e1578060658751.jpg","_links":{"self":[{"href":"https:\/\/www.radiopiu.net\/wordpress\/wp-json\/wp\/v2\/posts\/111800","targetHints":{"allow":["GET"]}}],"collection":[{"href":"https:\/\/www.radiopiu.net\/wordpress\/wp-json\/wp\/v2\/posts"}],"about":[{"href":"https:\/\/www.radiopiu.net\/wordpress\/wp-json\/wp\/v2\/types\/post"}],"author":[{"embeddable":true,"href":"https:\/\/www.radiopiu.net\/wordpress\/wp-json\/wp\/v2\/users\/1"}],"replies":[{"embeddable":true,"href":"https:\/\/www.radiopiu.net\/wordpress\/wp-json\/wp\/v2\/comments?post=111800"}],"version-history":[{"count":0,"href":"https:\/\/www.radiopiu.net\/wordpress\/wp-json\/wp\/v2\/posts\/111800\/revisions"}],"wp:featuredmedia":[{"embeddable":true,"href":"https:\/\/www.radiopiu.net\/wordpress\/wp-json\/wp\/v2\/media\/111810"}],"wp:attachment":[{"href":"https:\/\/www.radiopiu.net\/wordpress\/wp-json\/wp\/v2\/media?parent=111800"}],"wp:term":[{"taxonomy":"category","embeddable":true,"href":"https:\/\/www.radiopiu.net\/wordpress\/wp-json\/wp\/v2\/categories?post=111800"},{"taxonomy":"post_tag","embeddable":true,"href":"https:\/\/www.radiopiu.net\/wordpress\/wp-json\/wp\/v2\/tags?post=111800"}],"curies":[{"name":"wp","href":"https:\/\/api.w.org\/{rel}","templated":true}]}}