{"id":111846,"date":"2020-01-04T05:10:42","date_gmt":"2020-01-04T04:10:42","guid":{"rendered":"https:\/\/www.radiopiu.net\/wordpress\/?p=111846"},"modified":"2020-01-04T05:38:40","modified_gmt":"2020-01-04T04:38:40","slug":"la-lettera-delle-mamme-grazie","status":"publish","type":"post","link":"https:\/\/www.radiopiu.net\/wordpress\/la-lettera-delle-mamme-grazie\/","title":{"rendered":"LA LETTERA DELLE MAMME: GRAZIE!"},"content":{"rendered":"<h2><\/h2>\n<p><em>\u201cFa molto pi\u00f9 rumore un albero che cade di una foresta che cresce\u201d, recita un detto popolare, cui non si pu\u00f2 che dar credito. Ce ne siamo accorte bene noi neo-mamme, che siamo state seguite durante la nostra gravidanza e per il parto dalle Unit\u00e0 di Ostetricia-ginecologia e Pediatria dell&#8217;Ospedale San Martino di Belluno. Tutta la nostra esperienza &#8211; che continua anche adesso, essendo seguite nel primo periodo del puerperio &#8211; \u00e8 stata estremamente positiva. Non abbiamo trovato soltanto personale davvero competente e dall&#8217;approccio molto professionale, ma anche persone dalla grande sensibilit\u00e0 umana che ci hanno messo a nostro agio e fugato dubbi e ansie.<\/em><br \/>\n<em>Abbiamo questa eccellenza a casa nostra, all&#8217;Ospedale di Belluno, e ogni tanto viene da chiedersi perch\u00e9 non se ne parli mai e si tenda a parlare sempre meglio di altre strutture: \u00e8 un peccato per la Citt\u00e0, per tutta la Provincia e per tutti gli operatori, cui dovremmo pi\u00f9 spesso tributare i giusti meriti. Un ringraziamento di cuore, dunque, ai reparti di Ostetricia-Ginecologia e di Pediatria e a tutto il loro personale (medici, personale ausiliario, infermiere, OSS e ostetriche) che ci hanno accudite durante questo periodo cos\u00ec importante delle nostre vite e che ci rendono orgogliose del nostro Ospedale San Martino di Belluno. Speriamo che il nuovo anno \u2013 che auguriamo a tutti loro meraviglioso come si presenta il nostro \u2013 amplifichi un po&#8217; il rumore delle tante foreste che crescono.<\/em><\/p>\n<blockquote><p><strong>Le mamme: Valentina Tomasi Giorgia Spada Diana Sprizzi Jasmine Masoch <\/strong><strong>Francesca Rossa Tamara Deola Federica De Martin Cristina Gasperin <\/strong><strong>Chiara De Dea Magal\u00ec Nart Alessandra Prian Silvia Lazzaris Francesca De Bona Francesca Bridda Meri Casagrande<\/strong><\/p><\/blockquote>\n<p>&nbsp;<\/p>\n","protected":false},"excerpt":{"rendered":"<p>\u201cFa molto pi\u00f9 rumore un albero che cade di una foresta che cresce\u201d, recita un detto popolare, cui non si pu\u00f2 che dar credito. Ce ne siamo accorte bene noi neo-mamme, che siamo state seguite durante la nostra gravidanza e per il parto dalle Unit\u00e0 di Ostetricia-ginecologia e Pediatria dell&#8217;Ospedale San Martino di Belluno. Tutta&hellip;<\/p>\n","protected":false},"author":1,"featured_media":0,"comment_status":"closed","ping_status":"closed","sticky":false,"template":"","format":"standard","meta":{"_monsterinsights_skip_tracking":false,"_monsterinsights_sitenote_active":false,"_monsterinsights_sitenote_note":"","_monsterinsights_sitenote_category":0,"footnotes":""},"categories":[103,49],"tags":[],"class_list":["post-111846","post","type-post","status-publish","format-standard","hentry","category-evidenza_2","category-news-18","category-103","category-49","description-off"],"img_url":false,"_links":{"self":[{"href":"https:\/\/www.radiopiu.net\/wordpress\/wp-json\/wp\/v2\/posts\/111846","targetHints":{"allow":["GET"]}}],"collection":[{"href":"https:\/\/www.radiopiu.net\/wordpress\/wp-json\/wp\/v2\/posts"}],"about":[{"href":"https:\/\/www.radiopiu.net\/wordpress\/wp-json\/wp\/v2\/types\/post"}],"author":[{"embeddable":true,"href":"https:\/\/www.radiopiu.net\/wordpress\/wp-json\/wp\/v2\/users\/1"}],"replies":[{"embeddable":true,"href":"https:\/\/www.radiopiu.net\/wordpress\/wp-json\/wp\/v2\/comments?post=111846"}],"version-history":[{"count":0,"href":"https:\/\/www.radiopiu.net\/wordpress\/wp-json\/wp\/v2\/posts\/111846\/revisions"}],"wp:attachment":[{"href":"https:\/\/www.radiopiu.net\/wordpress\/wp-json\/wp\/v2\/media?parent=111846"}],"wp:term":[{"taxonomy":"category","embeddable":true,"href":"https:\/\/www.radiopiu.net\/wordpress\/wp-json\/wp\/v2\/categories?post=111846"},{"taxonomy":"post_tag","embeddable":true,"href":"https:\/\/www.radiopiu.net\/wordpress\/wp-json\/wp\/v2\/tags?post=111846"}],"curies":[{"name":"wp","href":"https:\/\/api.w.org\/{rel}","templated":true}]}}