{"id":112019,"date":"2020-01-06T15:22:41","date_gmt":"2020-01-06T14:22:41","guid":{"rendered":"https:\/\/www.radiopiu.net\/wordpress\/?p=112019"},"modified":"2020-01-06T17:32:33","modified_gmt":"2020-01-06T16:32:33","slug":"frana-a-caracoi-rocca-pietore-la-provincia-interviene-in-somma-urgenza","status":"publish","type":"post","link":"https:\/\/www.radiopiu.net\/wordpress\/frana-a-caracoi-rocca-pietore-la-provincia-interviene-in-somma-urgenza\/","title":{"rendered":"FRANA A CARACOI (ROCCA PIETORE): LA PROVINCIA INTERVIENE IN SOMMA URGENZA"},"content":{"rendered":"<p class=\"p1\"><span class=\"s1\"><a class=\"dt-pswp-item\" href=\"https:\/\/www.radiopiu.net\/wordpress\/wp-content\/uploads\/2020\/01\/Caracoi-1.jpeg\" data-dt-img-description=\"\" data-large_image_width=\"1699\" data-large_image_height=\"1274\"><img loading=\"lazy\" decoding=\"async\" class=\"size-medium wp-image-112020 alignright\" src=\"https:\/\/www.radiopiu.net\/wordpress\/wp-content\/uploads\/2020\/01\/Caracoi-1-300x225.jpeg\" alt=\"\" width=\"300\" height=\"225\" srcset=\"https:\/\/www.radiopiu.net\/wordpress\/wp-content\/uploads\/2020\/01\/Caracoi-1-300x225.jpeg 300w, https:\/\/www.radiopiu.net\/wordpress\/wp-content\/uploads\/2020\/01\/Caracoi-1-1024x768.jpeg 1024w, https:\/\/www.radiopiu.net\/wordpress\/wp-content\/uploads\/2020\/01\/Caracoi-1-768x576.jpeg 768w, https:\/\/www.radiopiu.net\/wordpress\/wp-content\/uploads\/2020\/01\/Caracoi-1-1536x1152.jpeg 1536w, https:\/\/www.radiopiu.net\/wordpress\/wp-content\/uploads\/2020\/01\/Caracoi-1.jpeg 1699w\" sizes=\"auto, (max-width: 300px) 100vw, 300px\" \/><\/a><strong>ROCCA PIETORE<\/strong> La Provincia di Belluno avvier\u00e0 nei prossimi giorni un intervento in somma urgenza in localit\u00e0 Caracoi (Comune di Rocca Pietore). L\u2019operazione, preceduta nelle ultime settimane da indagini geologiche e sopralluoghi tecnici, \u00e8 funzionale a mettere in sicurezza il versante che sovrasta la strada comunale di collegamento tra Le Grazie e Caracoi Agoin (in prossimit\u00e0 della diramazione stradale che conduce alla localit\u00e0 di Bramezze). Dopo gli eventi meteo di novembre, infatti, la scarpata gi\u00e0 fragile ha mostrato diversi segni di cedimento. E secondo la perizia geologica, tutta l\u2019area soprastante la strada comunale \u00e8 soggetta a franamenti che potrebbero scivolare sul piano viario. <\/span><\/p>\n<p class=\"p1\"><span class=\"s1\">L\u2019operazione prevista (e gi\u00e0 programmata) riguarda la rimozione delle ceppaie e la pulizia del versante, con riprofilatura della scarpata. I lavori passeranno poi alla realizzazione di canalette di scolo delle acque meteoriche, in modo da togliere una delle cause di dissesto. Infine, verranno installate delle reti sul terreno.<\/span><\/p>\n<p class=\"p1\"><span class=\"s1\"><a class=\"dt-pswp-item\" href=\"https:\/\/www.radiopiu.net\/wordpress\/wp-content\/uploads\/2020\/01\/Caracoi-2.jpeg\" data-dt-img-description=\"\" data-large_image_width=\"2032\" data-large_image_height=\"1208\"><img loading=\"lazy\" decoding=\"async\" class=\"size-medium wp-image-112021 alignleft\" src=\"https:\/\/www.radiopiu.net\/wordpress\/wp-content\/uploads\/2020\/01\/Caracoi-2-300x178.jpeg\" alt=\"\" width=\"300\" height=\"178\" srcset=\"https:\/\/www.radiopiu.net\/wordpress\/wp-content\/uploads\/2020\/01\/Caracoi-2-300x178.jpeg 300w, https:\/\/www.radiopiu.net\/wordpress\/wp-content\/uploads\/2020\/01\/Caracoi-2-1024x609.jpeg 1024w, https:\/\/www.radiopiu.net\/wordpress\/wp-content\/uploads\/2020\/01\/Caracoi-2-768x457.jpeg 768w, https:\/\/www.radiopiu.net\/wordpress\/wp-content\/uploads\/2020\/01\/Caracoi-2-1536x913.jpeg 1536w, https:\/\/www.radiopiu.net\/wordpress\/wp-content\/uploads\/2020\/01\/Caracoi-2.jpeg 2032w\" sizes=\"auto, (max-width: 300px) 100vw, 300px\" \/><\/a>\u00abAncora una volta il settore della Difesa del Suolo della Provincia \u00e8 stato in grado di predisporre una somma urgenza, a servizio del territorio &#8211; commenta il consigliere provinciale delegato, Massimo Bortoluzzi -. L\u2019operazione di Caracoi va nella direzione tracciata pi\u00f9 volte di intervenire a tutela della popolazione e per la sicurezza della viabilit\u00e0, soprattutto in quelle cosiddette terre alte che altrimenti rischiano pi\u00f9 di altre di rimanere sguarnite\u00bb.<\/span><\/p>\n<p class=\"p1\"><span class=\"s1\">L\u2019operazione ha un costo complessivo di circa 150.000 euro.<\/span><\/p>\n","protected":false},"excerpt":{"rendered":"<p>ROCCA PIETORE La Provincia di Belluno avvier\u00e0 nei prossimi giorni un intervento in somma urgenza in localit\u00e0 Caracoi (Comune di Rocca Pietore). L\u2019operazione, preceduta nelle ultime settimane da indagini geologiche e sopralluoghi tecnici, \u00e8 funzionale a mettere in sicurezza il versante che sovrasta la strada comunale di collegamento tra Le Grazie e Caracoi Agoin (in&hellip;<\/p>\n","protected":false},"author":4,"featured_media":112021,"comment_status":"closed","ping_status":"closed","sticky":false,"template":"","format":"standard","meta":{"_monsterinsights_skip_tracking":false,"_monsterinsights_sitenote_active":false,"_monsterinsights_sitenote_note":"","_monsterinsights_sitenote_category":0,"footnotes":""},"categories":[51,49],"tags":[],"class_list":["post-112019","post","type-post","status-publish","format-standard","has-post-thumbnail","hentry","category-evidenza-top","category-news-18","category-51","category-49","description-off"],"img_url":"https:\/\/www.radiopiu.net\/wordpress\/wp-content\/uploads\/2020\/01\/Caracoi-2.jpeg","_links":{"self":[{"href":"https:\/\/www.radiopiu.net\/wordpress\/wp-json\/wp\/v2\/posts\/112019","targetHints":{"allow":["GET"]}}],"collection":[{"href":"https:\/\/www.radiopiu.net\/wordpress\/wp-json\/wp\/v2\/posts"}],"about":[{"href":"https:\/\/www.radiopiu.net\/wordpress\/wp-json\/wp\/v2\/types\/post"}],"author":[{"embeddable":true,"href":"https:\/\/www.radiopiu.net\/wordpress\/wp-json\/wp\/v2\/users\/4"}],"replies":[{"embeddable":true,"href":"https:\/\/www.radiopiu.net\/wordpress\/wp-json\/wp\/v2\/comments?post=112019"}],"version-history":[{"count":0,"href":"https:\/\/www.radiopiu.net\/wordpress\/wp-json\/wp\/v2\/posts\/112019\/revisions"}],"wp:featuredmedia":[{"embeddable":true,"href":"https:\/\/www.radiopiu.net\/wordpress\/wp-json\/wp\/v2\/media\/112021"}],"wp:attachment":[{"href":"https:\/\/www.radiopiu.net\/wordpress\/wp-json\/wp\/v2\/media?parent=112019"}],"wp:term":[{"taxonomy":"category","embeddable":true,"href":"https:\/\/www.radiopiu.net\/wordpress\/wp-json\/wp\/v2\/categories?post=112019"},{"taxonomy":"post_tag","embeddable":true,"href":"https:\/\/www.radiopiu.net\/wordpress\/wp-json\/wp\/v2\/tags?post=112019"}],"curies":[{"name":"wp","href":"https:\/\/api.w.org\/{rel}","templated":true}]}}