{"id":112039,"date":"2020-01-07T05:27:29","date_gmt":"2020-01-07T04:27:29","guid":{"rendered":"https:\/\/www.radiopiu.net\/wordpress\/?p=112039"},"modified":"2020-01-07T10:19:46","modified_gmt":"2020-01-07T09:19:46","slug":"giornale-radiopiu-07-gennaio-2020-direttore-mirko-mezzacasa","status":"publish","type":"post","link":"https:\/\/www.radiopiu.net\/wordpress\/giornale-radiopiu-07-gennaio-2020-direttore-mirko-mezzacasa\/","title":{"rendered":"GIORNALE RADIOPIU 07 GENNAIO 2020 DIRETTORE MIRKO MEZZACASA"},"content":{"rendered":"<p>&nbsp;<\/p>\n<h3>DA OGGI CANTIERI A TAIBON E ROCCA PIETORE<\/h3>\n<p><strong>641 PASSO FEDAIA ROCCA PIETORE<\/strong> da martedi 7 gennaio al 6 marzo senso unico alternato regolato da semaforo per tratti di 30 metri. esclusi sabato e domenica<br \/>\n<strong>203 AGORDINA TAIBON AGORDINO<\/strong> dal 7 al 30 gennaio dalle 7 alle 19 senso unico alternato regolato da semaforo. esclusi festivi e prefestivi<\/p>\n<p>&nbsp;<\/p>\n<p>&nbsp;<\/p>\n<p>&nbsp;<\/p>\n<p><strong><a class=\"dt-pswp-item\" href=\"https:\/\/www.radiopiu.net\/wordpress\/wp-content\/uploads\/2020\/01\/81548094_2557580024524768_7285393607903674368_o.jpg\" data-dt-img-description=\"\" data-large_image_width=\"2000\" data-large_image_height=\"1500\"><img loading=\"lazy\" decoding=\"async\" class=\" wp-image-112043 alignleft\" src=\"https:\/\/www.radiopiu.net\/wordpress\/wp-content\/uploads\/2020\/01\/81548094_2557580024524768_7285393607903674368_o-300x225.jpg\" alt=\"\" width=\"259\" height=\"194\" srcset=\"https:\/\/www.radiopiu.net\/wordpress\/wp-content\/uploads\/2020\/01\/81548094_2557580024524768_7285393607903674368_o-300x225.jpg 300w, https:\/\/www.radiopiu.net\/wordpress\/wp-content\/uploads\/2020\/01\/81548094_2557580024524768_7285393607903674368_o-1024x768.jpg 1024w, https:\/\/www.radiopiu.net\/wordpress\/wp-content\/uploads\/2020\/01\/81548094_2557580024524768_7285393607903674368_o-768x576.jpg 768w, https:\/\/www.radiopiu.net\/wordpress\/wp-content\/uploads\/2020\/01\/81548094_2557580024524768_7285393607903674368_o-1536x1152.jpg 1536w, https:\/\/www.radiopiu.net\/wordpress\/wp-content\/uploads\/2020\/01\/81548094_2557580024524768_7285393607903674368_o.jpg 2000w\" sizes=\"auto, (max-width: 259px) 100vw, 259px\" \/><\/a>TAIBON<\/strong> A tutti buon rientro, agli operatori turistici il meritato respiro prima del boom delle settimane bianche e se il buon giorno si vede dal mattino&#8230; Saranno le vacanze di Natale che ricorderemo a lungo quelle appena trascorse, neve in abbondanza, temperature miti, tutto esaurito ovunque dal grande albergo al piccolo B&amp;B. Una boccata d&#8217;ossigeno importante per la montagna, il giusto riconoscimento a coloro che nel tempo hanno continuato ad investire anche quando la neve si \u00e8 fatta attendere o il vento di vaia ha sradicato alberi e progetti. Gli organizzatori dei tanti eventi delle feste sorridono, la partecipazione \u00e8 stata immensa, dai primi giorni del presepe in paese ai fuochi dell&#8217;epifania. Domenica le cime hanno mostrato la loro bellezza all&#8217;imbrunire con tanti fuochi accesi, sul Broi di Agordo il Cai ha fatto il pienone e le telecamere di Uno mattina hanno immortalato fuochi e volti che rivedremo a breve sul piccolo schermo. Successo per la befana in funivia a Rocca Pietore, ma anche per le donaze di Colle Santa Lucia. Uno spettacolo che rilancia la montagna e la voglia di turismo. In sala Don Tamis sabato \u00e8 stato proiettato il film &#8220;La Val che Urla&#8221; girato tra il Primiero e Radio Pi\u00f9. Un successo da sold out in soli 15 minuti con 300 persone in sala incollate alla sedia per seguire un thriller nato dalla fantasia di Lucia Zanettin\u00a0 la stessa regista di &#8220;Stelle di Cieli&#8221; del nostro Marcello De Dorigo. Per la radio una grande soddisfazione e un grazie ai quanti non sono mancati all&#8217;appuntamento. Il film, disponibile in Dvd (ufficio Turistico di Agordo) sar\u00e0 proiettato attorno al 20 gennaio al Cinema Italia di Belluno.\u00a0 Di seguito alcuni scatti per aiutare a ricordare e iniziare il nuovo anno lavorativo. A tutti, buona sorte 2020. (mm)<\/p>\n<p><a class=\"dt-pswp-item\" href=\"https:\/\/www.radiopiu.net\/wordpress\/wp-content\/uploads\/2020\/01\/81772591_2558058067810297_8508339718138626048_o.jpg\" data-dt-img-description=\"\" data-large_image_width=\"960\" data-large_image_height=\"685\"><img loading=\"lazy\" decoding=\"async\" class=\"alignnone wp-image-112040\" src=\"https:\/\/www.radiopiu.net\/wordpress\/wp-content\/uploads\/2020\/01\/81772591_2558058067810297_8508339718138626048_o-300x214.jpg\" alt=\"\" width=\"232\" height=\"166\" srcset=\"https:\/\/www.radiopiu.net\/wordpress\/wp-content\/uploads\/2020\/01\/81772591_2558058067810297_8508339718138626048_o-300x214.jpg 300w, https:\/\/www.radiopiu.net\/wordpress\/wp-content\/uploads\/2020\/01\/81772591_2558058067810297_8508339718138626048_o-768x548.jpg 768w, https:\/\/www.radiopiu.net\/wordpress\/wp-content\/uploads\/2020\/01\/81772591_2558058067810297_8508339718138626048_o.jpg 960w\" sizes=\"auto, (max-width: 232px) 100vw, 232px\" \/><\/a><a class=\"dt-pswp-item\" href=\"https:\/\/www.radiopiu.net\/wordpress\/wp-content\/uploads\/2020\/01\/81848161_2558111694471601_4190232465492672512_o.jpg\" data-dt-img-description=\"\" data-large_image_width=\"960\" data-large_image_height=\"538\"><img loading=\"lazy\" decoding=\"async\" class=\"alignnone size-medium wp-image-112041\" src=\"https:\/\/www.radiopiu.net\/wordpress\/wp-content\/uploads\/2020\/01\/81848161_2558111694471601_4190232465492672512_o-300x168.jpg\" alt=\"\" width=\"300\" height=\"168\" srcset=\"https:\/\/www.radiopiu.net\/wordpress\/wp-content\/uploads\/2020\/01\/81848161_2558111694471601_4190232465492672512_o-300x168.jpg 300w, https:\/\/www.radiopiu.net\/wordpress\/wp-content\/uploads\/2020\/01\/81848161_2558111694471601_4190232465492672512_o-768x430.jpg 768w, https:\/\/www.radiopiu.net\/wordpress\/wp-content\/uploads\/2020\/01\/81848161_2558111694471601_4190232465492672512_o.jpg 960w\" sizes=\"auto, (max-width: 300px) 100vw, 300px\" \/><\/a><a class=\"dt-pswp-item\" href=\"https:\/\/www.radiopiu.net\/wordpress\/wp-content\/uploads\/2020\/01\/d8930af0-d504-41ac-a7e4-a0b845cf86f5.jpg\" data-dt-img-description=\"\" data-large_image_width=\"1200\" data-large_image_height=\"1600\"><img loading=\"lazy\" decoding=\"async\" class=\"alignnone wp-image-112027\" src=\"https:\/\/www.radiopiu.net\/wordpress\/wp-content\/uploads\/2020\/01\/d8930af0-d504-41ac-a7e4-a0b845cf86f5-225x300.jpg\" alt=\"\" width=\"125\" height=\"167\" srcset=\"https:\/\/www.radiopiu.net\/wordpress\/wp-content\/uploads\/2020\/01\/d8930af0-d504-41ac-a7e4-a0b845cf86f5-225x300.jpg 225w, https:\/\/www.radiopiu.net\/wordpress\/wp-content\/uploads\/2020\/01\/d8930af0-d504-41ac-a7e4-a0b845cf86f5-768x1024.jpg 768w, https:\/\/www.radiopiu.net\/wordpress\/wp-content\/uploads\/2020\/01\/d8930af0-d504-41ac-a7e4-a0b845cf86f5-1152x1536.jpg 1152w, https:\/\/www.radiopiu.net\/wordpress\/wp-content\/uploads\/2020\/01\/d8930af0-d504-41ac-a7e4-a0b845cf86f5.jpg 1200w\" sizes=\"auto, (max-width: 125px) 100vw, 125px\" \/><\/a><a class=\"dt-pswp-item\" href=\"https:\/\/www.radiopiu.net\/wordpress\/wp-content\/uploads\/2020\/01\/WhatsApp-Image-2020-01-05-at-23.09.55-2.jpeg\" data-dt-img-description=\"\" data-large_image_width=\"1600\" data-large_image_height=\"1069\"><img loading=\"lazy\" decoding=\"async\" class=\"alignnone wp-image-111982\" src=\"https:\/\/www.radiopiu.net\/wordpress\/wp-content\/uploads\/2020\/01\/WhatsApp-Image-2020-01-05-at-23.09.55-2-300x200.jpeg\" alt=\"\" width=\"251\" height=\"167\" srcset=\"https:\/\/www.radiopiu.net\/wordpress\/wp-content\/uploads\/2020\/01\/WhatsApp-Image-2020-01-05-at-23.09.55-2-300x200.jpeg 300w, https:\/\/www.radiopiu.net\/wordpress\/wp-content\/uploads\/2020\/01\/WhatsApp-Image-2020-01-05-at-23.09.55-2-1024x684.jpeg 1024w, https:\/\/www.radiopiu.net\/wordpress\/wp-content\/uploads\/2020\/01\/WhatsApp-Image-2020-01-05-at-23.09.55-2-768x513.jpeg 768w, https:\/\/www.radiopiu.net\/wordpress\/wp-content\/uploads\/2020\/01\/WhatsApp-Image-2020-01-05-at-23.09.55-2-1536x1026.jpeg 1536w, https:\/\/www.radiopiu.net\/wordpress\/wp-content\/uploads\/2020\/01\/WhatsApp-Image-2020-01-05-at-23.09.55-2.jpeg 1600w\" sizes=\"auto, (max-width: 251px) 100vw, 251px\" \/><\/a><\/p>\n<blockquote class=\"wp-embedded-content\" data-secret=\"tgQPaAC8rO\"><p><a href=\"https:\/\/www.radiopiu.net\/wordpress\/a-malga-ciapela-e-arrivata-la-donaza-in-funivia\/\">A MALGA CIAPELA E&#8217; ARRIVATA LA DONAZA&#8230;IN FUNIVIA<\/a><\/p><\/blockquote>\n<p><iframe loading=\"lazy\" title=\"&#8220;A MALGA CIAPELA E&#8217; ARRIVATA LA DONAZA&#8230;IN FUNIVIA&#8221; &#8212; Radio Pi\u00f9\" class=\"wp-embedded-content\" sandbox=\"allow-scripts\" security=\"restricted\" style=\"position: absolute; clip: rect(1px, 1px, 1px, 1px);\" src=\"https:\/\/www.radiopiu.net\/wordpress\/a-malga-ciapela-e-arrivata-la-donaza-in-funivia\/embed\/#?secret=tgQPaAC8rO\" data-secret=\"tgQPaAC8rO\" width=\"600\" height=\"338\" frameborder=\"0\" marginwidth=\"0\" marginheight=\"0\" scrolling=\"no\"><\/iframe><\/p>\n<p>&nbsp;<\/p>\n<h3><strong>LUCIA FARENZENA, AUDIO<\/strong><\/h3>\n<audio class=\"wp-audio-shortcode\" id=\"audio-112039-1\" preload=\"none\" style=\"width: 100%;\" controls=\"controls\"><source type=\"audio\/mpeg\" src=\"https:\/\/www.radiopiu.net\/wordpress\/wp-content\/uploads\/2020\/01\/LUCIA.mp3?_=1\" \/><a href=\"https:\/\/www.radiopiu.net\/wordpress\/wp-content\/uploads\/2020\/01\/LUCIA.mp3\">https:\/\/www.radiopiu.net\/wordpress\/wp-content\/uploads\/2020\/01\/LUCIA.mp3<\/a><\/audio>\n<p>&nbsp;<\/p>\n<blockquote class=\"wp-embedded-content\" data-secret=\"D5Go9b1kIs\"><p><a href=\"https:\/\/www.radiopiu.net\/wordpress\/buona-befana-a-tutti-dal-piz-zorlet-e-da-colle-santa-lucia\/\">BUONA BEFANA A TUTTI DAL PIZ ZORLET&#8230;E DA COLLE SANTA LUCIA<\/a><\/p><\/blockquote>\n<p><iframe loading=\"lazy\" title=\"&#8220;BUONA BEFANA A TUTTI DAL PIZ ZORLET&#8230;E DA COLLE SANTA LUCIA&#8221; &#8212; Radio Pi\u00f9\" class=\"wp-embedded-content\" sandbox=\"allow-scripts\" security=\"restricted\" style=\"position: absolute; clip: rect(1px, 1px, 1px, 1px);\" src=\"https:\/\/www.radiopiu.net\/wordpress\/buona-befana-a-tutti-dal-piz-zorlet-e-da-colle-santa-lucia\/embed\/#?secret=D5Go9b1kIs\" data-secret=\"D5Go9b1kIs\" width=\"600\" height=\"338\" frameborder=\"0\" marginwidth=\"0\" marginheight=\"0\" scrolling=\"no\"><\/iframe><\/p>\n<h3>LA BEFANA DEL VIGILE A BELLUNO<\/h3>\n<blockquote><p><em>Anche a Belluno \u00e8 arrivata la Befana. Il tutto organizzato dal Club Auto D&#8217;Epoca &#8220;Berto Gidoni&#8221;.<\/em><\/p><\/blockquote>\n<p><a class=\"dt-pswp-item\" href=\"https:\/\/www.radiopiu.net\/wordpress\/wp-content\/uploads\/2020\/01\/d8930af0-d504-41ac-a7e4-a0b845cf86f5.jpg\" data-dt-img-description=\"\" data-large_image_width=\"1200\" data-large_image_height=\"1600\"><img loading=\"lazy\" decoding=\"async\" class=\"alignnone wp-image-112027\" src=\"https:\/\/www.radiopiu.net\/wordpress\/wp-content\/uploads\/2020\/01\/d8930af0-d504-41ac-a7e4-a0b845cf86f5-225x300.jpg\" alt=\"\" width=\"176\" height=\"235\" srcset=\"https:\/\/www.radiopiu.net\/wordpress\/wp-content\/uploads\/2020\/01\/d8930af0-d504-41ac-a7e4-a0b845cf86f5-225x300.jpg 225w, https:\/\/www.radiopiu.net\/wordpress\/wp-content\/uploads\/2020\/01\/d8930af0-d504-41ac-a7e4-a0b845cf86f5-768x1024.jpg 768w, https:\/\/www.radiopiu.net\/wordpress\/wp-content\/uploads\/2020\/01\/d8930af0-d504-41ac-a7e4-a0b845cf86f5-1152x1536.jpg 1152w, https:\/\/www.radiopiu.net\/wordpress\/wp-content\/uploads\/2020\/01\/d8930af0-d504-41ac-a7e4-a0b845cf86f5.jpg 1200w\" sizes=\"auto, (max-width: 176px) 100vw, 176px\" \/><\/a><a class=\"dt-pswp-item\" href=\"https:\/\/www.radiopiu.net\/wordpress\/wp-content\/uploads\/2020\/01\/d67bf6d2-4a4b-4896-b22a-a8aa2de774ab.jpg\" data-dt-img-description=\"\" data-large_image_width=\"1200\" data-large_image_height=\"1600\"><img loading=\"lazy\" decoding=\"async\" class=\"alignnone wp-image-112026\" src=\"https:\/\/www.radiopiu.net\/wordpress\/wp-content\/uploads\/2020\/01\/d67bf6d2-4a4b-4896-b22a-a8aa2de774ab-225x300.jpg\" alt=\"\" width=\"175\" height=\"233\" srcset=\"https:\/\/www.radiopiu.net\/wordpress\/wp-content\/uploads\/2020\/01\/d67bf6d2-4a4b-4896-b22a-a8aa2de774ab-225x300.jpg 225w, https:\/\/www.radiopiu.net\/wordpress\/wp-content\/uploads\/2020\/01\/d67bf6d2-4a4b-4896-b22a-a8aa2de774ab-768x1024.jpg 768w, https:\/\/www.radiopiu.net\/wordpress\/wp-content\/uploads\/2020\/01\/d67bf6d2-4a4b-4896-b22a-a8aa2de774ab-1152x1536.jpg 1152w, https:\/\/www.radiopiu.net\/wordpress\/wp-content\/uploads\/2020\/01\/d67bf6d2-4a4b-4896-b22a-a8aa2de774ab.jpg 1200w\" sizes=\"auto, (max-width: 175px) 100vw, 175px\" \/><\/a><a class=\"dt-pswp-item\" href=\"https:\/\/www.radiopiu.net\/wordpress\/wp-content\/uploads\/2020\/01\/5a27ce71-7d2c-416c-88c7-6d80f936e8c5.jpg\" data-dt-img-description=\"\" data-large_image_width=\"1600\" data-large_image_height=\"1200\"><img loading=\"lazy\" decoding=\"async\" class=\"alignnone size-medium wp-image-112024\" src=\"https:\/\/www.radiopiu.net\/wordpress\/wp-content\/uploads\/2020\/01\/5a27ce71-7d2c-416c-88c7-6d80f936e8c5-300x225.jpg\" alt=\"\" width=\"300\" height=\"225\" srcset=\"https:\/\/www.radiopiu.net\/wordpress\/wp-content\/uploads\/2020\/01\/5a27ce71-7d2c-416c-88c7-6d80f936e8c5-300x225.jpg 300w, https:\/\/www.radiopiu.net\/wordpress\/wp-content\/uploads\/2020\/01\/5a27ce71-7d2c-416c-88c7-6d80f936e8c5-1024x768.jpg 1024w, https:\/\/www.radiopiu.net\/wordpress\/wp-content\/uploads\/2020\/01\/5a27ce71-7d2c-416c-88c7-6d80f936e8c5-768x576.jpg 768w, https:\/\/www.radiopiu.net\/wordpress\/wp-content\/uploads\/2020\/01\/5a27ce71-7d2c-416c-88c7-6d80f936e8c5-1536x1152.jpg 1536w, https:\/\/www.radiopiu.net\/wordpress\/wp-content\/uploads\/2020\/01\/5a27ce71-7d2c-416c-88c7-6d80f936e8c5.jpg 1600w\" sizes=\"auto, (max-width: 300px) 100vw, 300px\" \/><\/a><\/p>\n<p>&nbsp;<\/p>\n<p>&nbsp;<\/p>\n<p>&nbsp;<\/p>\n<h3>CONTRO&#8230; FOTO dalla pagina facebook &#8220;sei di Alleghe se&#8230;&#8221;<\/h3>\n<blockquote><p><strong><em>Ringraziamo tutti gli sciatori educati che rispettano la natura<\/em><\/strong><\/p><\/blockquote>\n<p><a class=\"dt-pswp-item\" href=\"https:\/\/www.radiopiu.net\/wordpress\/wp-content\/uploads\/2020\/01\/82336809_3127328747286223_5119747754389667840_o.jpg\" data-dt-img-description=\"\" data-large_image_width=\"720\" data-large_image_height=\"960\"><img loading=\"lazy\" decoding=\"async\" class=\"alignnone size-medium wp-image-112063\" src=\"https:\/\/www.radiopiu.net\/wordpress\/wp-content\/uploads\/2020\/01\/82336809_3127328747286223_5119747754389667840_o-225x300.jpg\" alt=\"\" width=\"225\" height=\"300\" srcset=\"https:\/\/www.radiopiu.net\/wordpress\/wp-content\/uploads\/2020\/01\/82336809_3127328747286223_5119747754389667840_o-225x300.jpg 225w, https:\/\/www.radiopiu.net\/wordpress\/wp-content\/uploads\/2020\/01\/82336809_3127328747286223_5119747754389667840_o.jpg 720w\" sizes=\"auto, (max-width: 225px) 100vw, 225px\" \/><\/a><\/p>\n<p>&nbsp;<\/p>\n<p>&nbsp;<\/p>\n<p>&nbsp;<\/p>\n<h3><a class=\"dt-pswp-item\" href=\"https:\/\/www.radiopiu.net\/wordpress\/wp-content\/uploads\/2020\/01\/81317099_10219587722155931_4601357884800892928_n.jpg\" data-dt-img-description=\"\" data-large_image_width=\"720\" data-large_image_height=\"960\"><img loading=\"lazy\" decoding=\"async\" class=\"size-medium wp-image-112082 alignleft\" src=\"https:\/\/www.radiopiu.net\/wordpress\/wp-content\/uploads\/2020\/01\/81317099_10219587722155931_4601357884800892928_n-225x300.jpg\" alt=\"\" width=\"225\" height=\"300\" srcset=\"https:\/\/www.radiopiu.net\/wordpress\/wp-content\/uploads\/2020\/01\/81317099_10219587722155931_4601357884800892928_n-225x300.jpg 225w, https:\/\/www.radiopiu.net\/wordpress\/wp-content\/uploads\/2020\/01\/81317099_10219587722155931_4601357884800892928_n.jpg 720w\" sizes=\"auto, (max-width: 225px) 100vw, 225px\" \/><\/a><\/h3>\n<h3>IERI SERA PAURA ALLA GALVALUX<\/h3>\n<p><strong>PIEVE DI CADORE<\/strong> &#8211; Un botto alle 17.30. Immediato l&#8217;intervento dei vigili del fuoco alla Galvalux, storica azienda che opera nei trattamenti galvanici e di verniciatura su accessori per pelletteria e occhiali, si \u00e8 incendiato un grosso serbatoio, dove vengono sistemati gli acidi, usati per le cromature. Il serbatoio era all&#8217;esterno e non c&#8217;erano lavoratori: nessuno \u00e8 rimasto ferito e l&#8217;incendio sarebbe gi\u00e0 stato domato. foto IVAN NASCINBEN<\/p>\n<p>L&#8217;incendio potrebbe essere stato causato dal surriscaldamento di filtri ai carboni attivi in un container all&#8217;esterno della ditta,che non interessato la struttura. Le squadre stanno raffreddando il materiale. Sul posto Responsabile della ditta.<\/p>\n<p><a class=\"dt-pswp-item\" href=\"https:\/\/www.radiopiu.net\/wordpress\/wp-content\/uploads\/2020\/01\/81300886_709960196202769_3741233822704861184_n.jpg\" data-dt-img-description=\"\" data-large_image_width=\"480\" data-large_image_height=\"640\"><img loading=\"lazy\" decoding=\"async\" class=\"alignnone size-medium wp-image-112107\" src=\"https:\/\/www.radiopiu.net\/wordpress\/wp-content\/uploads\/2020\/01\/81300886_709960196202769_3741233822704861184_n-225x300.jpg\" alt=\"\" width=\"225\" height=\"300\" srcset=\"https:\/\/www.radiopiu.net\/wordpress\/wp-content\/uploads\/2020\/01\/81300886_709960196202769_3741233822704861184_n-225x300.jpg 225w, https:\/\/www.radiopiu.net\/wordpress\/wp-content\/uploads\/2020\/01\/81300886_709960196202769_3741233822704861184_n.jpg 480w\" sizes=\"auto, (max-width: 225px) 100vw, 225px\" \/><\/a><a class=\"dt-pswp-item\" href=\"https:\/\/www.radiopiu.net\/wordpress\/wp-content\/uploads\/2020\/01\/82073019_2200369026938042_7587776743109296128_n.jpg\" data-dt-img-description=\"\" data-large_image_width=\"480\" data-large_image_height=\"640\"><img loading=\"lazy\" decoding=\"async\" class=\"alignnone size-medium wp-image-112108\" src=\"https:\/\/www.radiopiu.net\/wordpress\/wp-content\/uploads\/2020\/01\/82073019_2200369026938042_7587776743109296128_n-225x300.jpg\" alt=\"\" width=\"225\" height=\"300\" srcset=\"https:\/\/www.radiopiu.net\/wordpress\/wp-content\/uploads\/2020\/01\/82073019_2200369026938042_7587776743109296128_n-225x300.jpg 225w, https:\/\/www.radiopiu.net\/wordpress\/wp-content\/uploads\/2020\/01\/82073019_2200369026938042_7587776743109296128_n.jpg 480w\" sizes=\"auto, (max-width: 225px) 100vw, 225px\" \/><\/a><a class=\"dt-pswp-item\" href=\"https:\/\/www.radiopiu.net\/wordpress\/wp-content\/uploads\/2020\/01\/82859754_306041943679002_7271202026640375808_n.jpg\" data-dt-img-description=\"\" data-large_image_width=\"480\" data-large_image_height=\"640\"><img loading=\"lazy\" decoding=\"async\" class=\"alignnone size-medium wp-image-112109\" src=\"https:\/\/www.radiopiu.net\/wordpress\/wp-content\/uploads\/2020\/01\/82859754_306041943679002_7271202026640375808_n-225x300.jpg\" alt=\"\" width=\"225\" height=\"300\" srcset=\"https:\/\/www.radiopiu.net\/wordpress\/wp-content\/uploads\/2020\/01\/82859754_306041943679002_7271202026640375808_n-225x300.jpg 225w, https:\/\/www.radiopiu.net\/wordpress\/wp-content\/uploads\/2020\/01\/82859754_306041943679002_7271202026640375808_n.jpg 480w\" sizes=\"auto, (max-width: 225px) 100vw, 225px\" \/> <\/a><a class=\"dt-pswp-item\" href=\"https:\/\/www.radiopiu.net\/wordpress\/wp-content\/uploads\/2020\/01\/WhatsApp-Image-2020-01-06-at-23.11.38.jpeg\" data-dt-img-description=\"\" data-large_image_width=\"960\" data-large_image_height=\"1280\"><img loading=\"lazy\" decoding=\"async\" class=\"alignnone size-medium wp-image-112111\" src=\"https:\/\/www.radiopiu.net\/wordpress\/wp-content\/uploads\/2020\/01\/WhatsApp-Image-2020-01-06-at-23.11.38-225x300.jpeg\" alt=\"\" width=\"225\" height=\"300\" srcset=\"https:\/\/www.radiopiu.net\/wordpress\/wp-content\/uploads\/2020\/01\/WhatsApp-Image-2020-01-06-at-23.11.38-225x300.jpeg 225w, https:\/\/www.radiopiu.net\/wordpress\/wp-content\/uploads\/2020\/01\/WhatsApp-Image-2020-01-06-at-23.11.38-768x1024.jpeg 768w, https:\/\/www.radiopiu.net\/wordpress\/wp-content\/uploads\/2020\/01\/WhatsApp-Image-2020-01-06-at-23.11.38.jpeg 960w\" sizes=\"auto, (max-width: 225px) 100vw, 225px\" \/><\/a><a class=\"dt-pswp-item\" href=\"https:\/\/www.radiopiu.net\/wordpress\/wp-content\/uploads\/2020\/01\/WhatsApp-Image-2020-01-06-at-23.11.39.jpeg\" data-dt-img-description=\"\" data-large_image_width=\"960\" data-large_image_height=\"1280\"><img loading=\"lazy\" decoding=\"async\" class=\"alignnone size-medium wp-image-112112\" src=\"https:\/\/www.radiopiu.net\/wordpress\/wp-content\/uploads\/2020\/01\/WhatsApp-Image-2020-01-06-at-23.11.39-225x300.jpeg\" alt=\"\" width=\"225\" height=\"300\" srcset=\"https:\/\/www.radiopiu.net\/wordpress\/wp-content\/uploads\/2020\/01\/WhatsApp-Image-2020-01-06-at-23.11.39-225x300.jpeg 225w, https:\/\/www.radiopiu.net\/wordpress\/wp-content\/uploads\/2020\/01\/WhatsApp-Image-2020-01-06-at-23.11.39-768x1024.jpeg 768w, https:\/\/www.radiopiu.net\/wordpress\/wp-content\/uploads\/2020\/01\/WhatsApp-Image-2020-01-06-at-23.11.39.jpeg 960w\" sizes=\"auto, (max-width: 225px) 100vw, 225px\" \/><\/a><\/p>\n<p>&nbsp;<\/p>\n<p>&nbsp;<\/p>\n<p>&nbsp;<\/p>\n<p>&nbsp;<\/p>\n<p>&nbsp;<\/p>\n<p>&nbsp;<\/p>\n<p>&nbsp;<\/p>\n<h2>CONTROLLI ANTIDROGA SULLE PISTE DI FALCADE<\/h2>\n<div style=\"width: 640px;\" class=\"wp-video\"><video class=\"wp-video-shortcode\" id=\"video-112039-1\" width=\"640\" height=\"352\" preload=\"metadata\" controls=\"controls\"><source type=\"video\/mp4\" src=\"https:\/\/www.radiopiu.net\/wordpress\/wp-content\/uploads\/2020\/01\/video_2020-01-06_15-15-19.mp4?_=1\" \/><a href=\"https:\/\/www.radiopiu.net\/wordpress\/wp-content\/uploads\/2020\/01\/video_2020-01-06_15-15-19.mp4\">https:\/\/www.radiopiu.net\/wordpress\/wp-content\/uploads\/2020\/01\/video_2020-01-06_15-15-19.mp4<\/a><\/video><\/div>\n<p><strong>FALCADE<\/strong> <span class=\"s1\">I Carabinieri di Belluno hanno effettuato in mattinata un controllo antidroga sulle piste di Falcade. Controlli effettuati all\u2019arrivo della cabionovia \u201cLe Buse\u201d con l\u2019aiuto dei cinofili della sezione di Torreglia coordinati dal Maggiore Emanuela Cervellera. Il cane Cyr, nel corso dei controlli, ha fiutato un minorenne in vacanza e residente in Abruzzo, S.T. 16 anni della provincia di Pescara, con in possesso un grammo di hashish. Gli sciatori, grandi e piccoli, hanno accolto con curiosit\u00e0 e stupore questo tipo di controlli che non erano mai stati effettuati nel comprensorio.<\/span><\/p>\n<p>&nbsp;<\/p>\n<p>&nbsp;<\/p>\n<p>&nbsp;<\/p>\n<h3><a class=\"dt-pswp-item\" href=\"https:\/\/www.radiopiu.net\/wordpress\/wp-content\/uploads\/2020\/01\/photo_2020-01-06_11-40-2LOGO-1.jpg\" data-dt-img-description=\"\" data-large_image_width=\"1280\" data-large_image_height=\"960\"><img loading=\"lazy\" decoding=\"async\" class=\"wp-image-112010 alignleft\" src=\"https:\/\/www.radiopiu.net\/wordpress\/wp-content\/uploads\/2020\/01\/photo_2020-01-06_11-40-2LOGO-1-300x225.jpg\" alt=\"\" width=\"217\" height=\"163\" srcset=\"https:\/\/www.radiopiu.net\/wordpress\/wp-content\/uploads\/2020\/01\/photo_2020-01-06_11-40-2LOGO-1-300x225.jpg 300w, https:\/\/www.radiopiu.net\/wordpress\/wp-content\/uploads\/2020\/01\/photo_2020-01-06_11-40-2LOGO-1-1024x768.jpg 1024w, https:\/\/www.radiopiu.net\/wordpress\/wp-content\/uploads\/2020\/01\/photo_2020-01-06_11-40-2LOGO-1-768x576.jpg 768w, https:\/\/www.radiopiu.net\/wordpress\/wp-content\/uploads\/2020\/01\/photo_2020-01-06_11-40-2LOGO-1.jpg 1280w\" sizes=\"auto, (max-width: 217px) 100vw, 217px\" \/><\/a>MEZZO AGRICOLO FUORI STRADA A SEDICO<\/h3>\n<p><strong>SEDICO<\/strong> <span class=\"s1\">I Vigili del Fuoco di Belluno sono intervenuti alle 11 in Via Agordina di Sedico per un incidente stradale. Un mezzo agricolo ha perso il rimorchio fermandosi a bordo strada. Per rimettere in careggiata il rimorchio i Vigili del Fuoco hanno dovuto usare un\u2019autogru. Nessun ferito solo alcuni disagi alla circolazione. Sul posto anche la Polizia di Stato. Intervento terminato alle ore 12.<\/span><\/p>\n<p>&nbsp;<\/p>\n<p>&nbsp;<\/p>\n<p>&nbsp;<\/p>\n<p>&nbsp;<\/p>\n<p>&nbsp;<\/p>\n<h3>INVESTITA UNA PERSONA IN CADORE, DUE NEL FELTRINO, AUTO CAPOTTATA AD AURONZO<\/h3>\n<p><strong>SAN VITO DI CADORE <\/strong>\u00a0Ieri mattina \u00e8 stata investita una persona di San Vito di Cadore, L.M. 46 anni. Un settantaduenne di Cortina, forse a causa del sole contrario, non ha visto il pedone investendolo. Il pedone investito\u00a0 \u00e8 stato ricoverato per trauma cranico e toracico in prognosi riservata ma non in pericolo di vita.<\/p>\n<p><strong>AURONZO<\/strong> Incidente stradale ad Auronzo Di Cadore in localit\u00e0 Palu San Marco dove un auto si \u00e8 ribaltata. Alla guida un padovano di 28 anni, con lui una coetanea sempre di Padova. I Carabinieri di Auronzo sul posto. Le cause dell\u2019incidente sono in corso di accertamento.<\/p>\n<p class=\"p1\"><span class=\"s1\"><strong>SEREN DEL GRAPPA<\/strong> Nella serata di domenica a Seren Del Grappa, davanti alla Sala Teatro di Rasai, sono state investite 2 donne. Una Smart bianca ha letteralmente falciato i 2 pedoni che molto probabilmente si stavano recando a teatro per uno spettacolo. Sul posto sono arrivati i Carabinieri e i Vigili Del fuoco per i primi soccorso. Una delle due donne versa in condizioni gravissime all\u2019ospedale di Feltre mentre la seconda sembra essere fuori pericolo, anch\u2019essa comunque trasportata all\u2019ospedale. Ora spetta alle forze dell\u2019ordine capire la dinamica dell\u2019incidente accorso ieri attorno alle ore 20.<\/span><\/p>\n\n\t\t\t<style type='text\/css'>\n\t\t\t\t#gallery-1 {\n\t\t\t\t\tmargin: auto;\n\t\t\t\t}\n\t\t\t\t#gallery-1 .gallery-item {\n\t\t\t\t\tfloat: left;\n\t\t\t\t\tmargin-top: 10px;\n\t\t\t\t\ttext-align: center;\n\t\t\t\t\twidth: 33%;\n\t\t\t\t}\n\t\t\t\t#gallery-1 img {\n\t\t\t\t\tborder: 2px solid #cfcfcf;\n\t\t\t\t}\n\t\t\t\t#gallery-1 .gallery-caption {\n\t\t\t\t\tmargin-left: 0;\n\t\t\t\t}\n\t\t\t\t\/* see gallery_shortcode() in wp-includes\/media.php *\/\n\t\t\t<\/style>\n\t\t<div id='gallery-1' class='dt-gallery-container gallery galleryid-112039 gallery-columns-3 gallery-size-medium'><dl class='gallery-item'>\n\t\t\t\t<dt class='gallery-icon landscape'>\n\t\t\t\t\t<a class=\"rollover\" href='https:\/\/www.radiopiu.net\/wordpress\/investite-2-donne-a-rasai-di-seren-de-grappa\/img_5690\/'><img loading=\"lazy\" decoding=\"async\" width=\"300\" height=\"225\" src=\"https:\/\/www.radiopiu.net\/wordpress\/wp-content\/uploads\/2020\/01\/IMG_5690-300x225.jpg\" class=\"attachment-medium size-medium\" alt=\"\" srcset=\"https:\/\/www.radiopiu.net\/wordpress\/wp-content\/uploads\/2020\/01\/IMG_5690-300x225.jpg 300w, https:\/\/www.radiopiu.net\/wordpress\/wp-content\/uploads\/2020\/01\/IMG_5690-1024x768.jpg 1024w, https:\/\/www.radiopiu.net\/wordpress\/wp-content\/uploads\/2020\/01\/IMG_5690-768x576.jpg 768w, https:\/\/www.radiopiu.net\/wordpress\/wp-content\/uploads\/2020\/01\/IMG_5690.jpg 1280w\" sizes=\"auto, (max-width: 300px) 100vw, 300px\" \/><\/a>\n\t\t\t\t<\/dt><\/dl><dl class='gallery-item'>\n\t\t\t\t<dt class='gallery-icon landscape'>\n\t\t\t\t\t<a class=\"rollover\" href='https:\/\/www.radiopiu.net\/wordpress\/investite-2-donne-a-rasai-di-seren-de-grappa\/img_5691\/'><img loading=\"lazy\" decoding=\"async\" width=\"300\" height=\"225\" src=\"https:\/\/www.radiopiu.net\/wordpress\/wp-content\/uploads\/2020\/01\/IMG_5691-300x225.jpg\" class=\"attachment-medium size-medium\" alt=\"\" srcset=\"https:\/\/www.radiopiu.net\/wordpress\/wp-content\/uploads\/2020\/01\/IMG_5691-300x225.jpg 300w, https:\/\/www.radiopiu.net\/wordpress\/wp-content\/uploads\/2020\/01\/IMG_5691-1024x768.jpg 1024w, https:\/\/www.radiopiu.net\/wordpress\/wp-content\/uploads\/2020\/01\/IMG_5691-768x576.jpg 768w, https:\/\/www.radiopiu.net\/wordpress\/wp-content\/uploads\/2020\/01\/IMG_5691.jpg 1280w\" sizes=\"auto, (max-width: 300px) 100vw, 300px\" \/><\/a>\n\t\t\t\t<\/dt><\/dl><dl class='gallery-item'>\n\t\t\t\t<dt class='gallery-icon landscape'>\n\t\t\t\t\t<a class=\"rollover\" href='https:\/\/www.radiopiu.net\/wordpress\/investite-2-donne-a-rasai-di-seren-de-grappa\/img_5692\/'><img loading=\"lazy\" decoding=\"async\" width=\"300\" height=\"225\" src=\"https:\/\/www.radiopiu.net\/wordpress\/wp-content\/uploads\/2020\/01\/IMG_5692-300x225.jpg\" class=\"attachment-medium size-medium\" alt=\"\" srcset=\"https:\/\/www.radiopiu.net\/wordpress\/wp-content\/uploads\/2020\/01\/IMG_5692-300x225.jpg 300w, https:\/\/www.radiopiu.net\/wordpress\/wp-content\/uploads\/2020\/01\/IMG_5692-1024x768.jpg 1024w, https:\/\/www.radiopiu.net\/wordpress\/wp-content\/uploads\/2020\/01\/IMG_5692-768x576.jpg 768w, https:\/\/www.radiopiu.net\/wordpress\/wp-content\/uploads\/2020\/01\/IMG_5692.jpg 1280w\" sizes=\"auto, (max-width: 300px) 100vw, 300px\" \/><\/a>\n\t\t\t\t<\/dt><\/dl><br style=\"clear: both\" \/>\n\t\t\t<\/div>\n\n<p>&nbsp;<\/p>\n<h3>LUTTO A VALLADA PER LA MORTE DI RENZO, A FELTRE PER PAOLA<\/h3>\n<p><a class=\"dt-pswp-item\" href=\"https:\/\/www.radiopiu.net\/wordpress\/wp-content\/uploads\/2020\/01\/9ecbd842-890f-4816-b693-335fb8aa635b.jpg\" data-dt-img-description=\"\" data-large_image_width=\"720\" data-large_image_height=\"1440\"><img loading=\"lazy\" decoding=\"async\" class=\"size-medium wp-image-112123 alignleft\" src=\"https:\/\/www.radiopiu.net\/wordpress\/wp-content\/uploads\/2020\/01\/9ecbd842-890f-4816-b693-335fb8aa635b-150x300.jpg\" alt=\"\" width=\"150\" height=\"300\" srcset=\"https:\/\/www.radiopiu.net\/wordpress\/wp-content\/uploads\/2020\/01\/9ecbd842-890f-4816-b693-335fb8aa635b-150x300.jpg 150w, https:\/\/www.radiopiu.net\/wordpress\/wp-content\/uploads\/2020\/01\/9ecbd842-890f-4816-b693-335fb8aa635b-512x1024.jpg 512w, https:\/\/www.radiopiu.net\/wordpress\/wp-content\/uploads\/2020\/01\/9ecbd842-890f-4816-b693-335fb8aa635b.jpg 720w\" sizes=\"auto, (max-width: 150px) 100vw, 150px\" \/><\/a><strong><a class=\"dt-pswp-item\" href=\"https:\/\/www.radiopiu.net\/wordpress\/wp-content\/uploads\/2020\/01\/WhatsApp-Image-2020-01-07-at-07.50.16.jpeg\" data-dt-img-description=\"\" data-large_image_width=\"720\" data-large_image_height=\"1440\"><img loading=\"lazy\" decoding=\"async\" class=\"size-medium wp-image-112131 alignleft\" src=\"https:\/\/www.radiopiu.net\/wordpress\/wp-content\/uploads\/2020\/01\/WhatsApp-Image-2020-01-07-at-07.50.16-150x300.jpeg\" alt=\"\" width=\"150\" height=\"300\" srcset=\"https:\/\/www.radiopiu.net\/wordpress\/wp-content\/uploads\/2020\/01\/WhatsApp-Image-2020-01-07-at-07.50.16-150x300.jpeg 150w, https:\/\/www.radiopiu.net\/wordpress\/wp-content\/uploads\/2020\/01\/WhatsApp-Image-2020-01-07-at-07.50.16-512x1024.jpeg 512w, https:\/\/www.radiopiu.net\/wordpress\/wp-content\/uploads\/2020\/01\/WhatsApp-Image-2020-01-07-at-07.50.16.jpeg 720w\" sizes=\"auto, (max-width: 150px) 100vw, 150px\" \/><\/a>VALLADA<\/strong> Si svolgeranno oggi alle 14.30 in chiesa a Sachet i funerali di Renzo Nardi (foto), morto improvvisamente a 52 anni. Lascia la moglie Corinne, le figlie Alessia ed Emily, mamma e pap\u00e0. Dopo la funzione religiosa la salma proseguir\u00e0 per la cremazione.<\/p>\n<p><strong>FELTRE\u00a0<\/strong>Oggi alle 15 i funerali di Paola Maritan mancata il 1 gennaio a Feltre. Lascia le sorelle Anita e Giuliana, il fratello Claudio.<\/p>\n<h3>SCIVOLA NEL BOSCO E INCIDENTI SULLE PISTE<\/h3>\n<p><strong>BELLUNO<\/strong>\u00a0 Domenica\u00a0 la Centrale del 118 ha allertato il Soccorso alpino di Belluno per un&#8217;escursionista infortunatasi lungo la strada forestale che dalle Faverghere porta a Malga Toront. Una squadra, compresa l&#8217;infermiera di Stazione, si \u00e8 avvicinata in jeep e ha raggiunto M.B., 45 anni, di Padova, che era scivolata riportando la probabile frattura di una caviglia, mentre si trovava con altre persone. Immobilizzatole l&#8217;arto, i soccorritori la hanno imbarellata per poi trasportarla fino all&#8217;ambulanza diretta all&#8217;ospedale di Belluno.<\/p>\n<p><strong>VODO DI CADORE<\/strong>\u00a0 Ieri alle 12.30\u00a0 la Centrale del 118 \u00e8 stata allertata per un&#8217;escursionista scivolata nei pressi del Rifugio Talamini. Raggiunta dal gestore del Rifugio in motoslitta e accompagnata fino alla struttura, la donna, N.F., 58 anni, di Venezia, che aveva riportato un probabile trauma al polso, \u00e8 stata imbarcata sull&#8217;elicottero del Suem di Pieve di Cadore atterrato in piazzola e trasportata all&#8217;ospedale di Belluno.<\/p>\n<p><strong>FALCADE<\/strong> Sulla pista Col Margherita-Lago Cavia due sciatrici si sono scontrate in pista. Sul posto i Carabinieri di Falcade e l\u2019elicotterero del Suem di Pieve Di Cadore. Una signora di Treviso l\u2019infortunata soccorsa.<\/p>\n<p><strong>PIEVE DI CADORE<\/strong>\u00a0 Su richiesta della Centrale operativa del 118, ieri\u00a0 passate le 18 una squadra del Soccorso alpino di Pieve di Cadore \u00e8 intervenuta lungo la strada forestale che porta al Rifugio Antelao per Prapiccolo, dove una coppia di escursionisti non era pi\u00f9 in grado di procedere a causa della presenza di ghiaccio sul terreno. I soccorritori hanno raggiunto in fuoristrada D.S., 36 anni, di Scorz\u00e8 (VE), lui, e D.L., 29 anni, di Resana (TV), lei, e li hanno riaccompagnati alla macchina.<\/p>\n<p>&nbsp;<\/p>\n<p>&nbsp;<\/p>\n<h3>ARRESTATO UN RUMENO A MALGA CIAPELA, ERA RICERCATO<\/h3>\n<p><strong>ROCCA PIETORE\u00a0<\/strong> Il rumeno A.M. 49 anni, In vacanza con la famiglia a Malga Ciapela \u00e8 stato arrestato dalla mobile: deve scontare quattro mesi definitivi per favoreggiamento dell&#8217;immigrazione clandestina. E&#8217; stato individuato grazie alla scheda per gli alloggiati compilata in rete dall&#8217;albergatore. All&#8217;origine della denuncia un trasporto di stranieri irregolari a bordo del mezzo che fu fermato nella zona di Venezia. Il rumeno \u00e8 stato\u00a0 trasferito in carcere dove dovr\u00e0 scontare la pena stabilita.<\/p>\n<p>&nbsp;<\/p>\n<p>&nbsp;<\/p>\n<div id=\"articoloHead\" class=\"row bblu bianco s18 roboto\">\n<h3 class=\"col-xs-11 col-sm-6\">DAL BOLLETTINO PARROCCHIALE IL PARROCO DENUNCIA<\/h3>\n<\/div>\n<div><strong>CANALE D&#8217;AGORDO<\/strong> Don Vito De Vido parroco di Canale d&#8217;Agordo nell&#8217;ultimo bollettino denuncia un buco di 1250 euro nel bilancio 2019. Altro non \u00e8 che\u00a0 la differenza tra la spesa sostenuta per l&#8217;acquisto di candele e quanto poi ritrovato nella cassettina delle offerte. Come dire che il &#8220;devoto&#8221; arriva a Canale d&#8217;Agordo e torna a casa portandosi come souvenir i ceri di Papa Luciani senza lasciare alcun obolo nella cassettina delle offerte. Le soluzioni ci sono: installare le videocamere di sorveglianza,\u00a0 dotare l&#8217;edificio sacro di un distributore automatico oppure eliminare del tutto le candele e consentire l&#8217;esposizione soltanto di quelle comprate in negozio.<\/div>\n<div><\/div>\n<p>&nbsp;<\/p>\n<h2><span style=\"color: #ff0000;\">OGGI SUL CORRIERE DELLE ALPI<\/span><\/h2>\n<h3 class=\"articlePlainSubHead\">Maxi-investimento del patron di Mediobanca attraverso l&#8217;immobiliare Covivio Presi hotel di lusso a Roma, Firenze, Venezia e in altre quattro citt\u00e0 europee Del Vecchio punta sul turismo Nove alberghi per 618 milioni<\/h3>\n<p><strong>DI\u00a0 Luigi Grassia<\/strong><\/p>\n<p>Non contento di tentare la scalata di Mediobanca con la sua societ\u00e0 Delfin, il patron di Luxottica, Leonardo Del Vecchio, si muove anche su tutt&#8217;altro fronte, quello degli alberghi. Il gruppo immobiliare Covivio, di cui Del Vecchio \u00e8 il principale azionista, attraverso la controllata Covivio Hotels ha firmato un contratto per acquisire un portafoglio di otto alberghi a Roma, Firenze e Venezia, e fuori d&#8217;Italia a Nizza, Praga e Budapest, per 573 milioni di euro. In una distinta operazione, Covivio ha anche fatto suo un hotel Hilton a Dublino per 45,5 milioni di euro&#8230;<\/p>\n<p>&nbsp;<\/p>\n<p>&nbsp;<\/p>\n<h3>IL DONO DI DON CESARE NEL GIORNO DELL\u2019EPIFANIA<\/h3>\n<p><span class=\"s1\"><strong>TAIBON<\/strong> Nel giorno dell\u2019Epifania, nella chiesa di Taibon Agordino gremita di fedeli, si \u00e8 svolta la consueta cerimonia della benedizione dei bambini. Il parroco don Cesare<span class=\"Apple-converted-space\">\u00a0 <\/span>ha accolto i numerosi piccoli, presenti assieme a genitori, nonni e familiari, spiegando le parole della liturgia odierna del Dio che cerca ciascuno di noi e lo illumina come i Magi. Questi sapienti scienziati, che si sapevano orientare nel.deserto guardando le stelle, sono stati illuminati da una luce che li ha guidati nel cammino, verso la grotta per portare i loro doni. Durante la benedizione individuale don Cesare ha fatto dono, a ciascuno, di uno speciale, quanto artistico, biglietto augurale. Ancora una volta la Comunit\u00e0 di Taibon manifesta la sua vivacit\u00e0.<\/span><\/p>\n<p><a class=\"dt-pswp-item\" href=\"https:\/\/www.radiopiu.net\/wordpress\/wp-content\/uploads\/2020\/01\/c34075c7-b255-4568-ba43-f049e10ac85b.jpg\" data-dt-img-description=\"\" data-large_image_width=\"1200\" data-large_image_height=\"1600\"><img loading=\"lazy\" decoding=\"async\" class=\"alignnone wp-image-112033\" src=\"https:\/\/www.radiopiu.net\/wordpress\/wp-content\/uploads\/2020\/01\/c34075c7-b255-4568-ba43-f049e10ac85b-225x300.jpg\" alt=\"\" width=\"170\" height=\"226\" srcset=\"https:\/\/www.radiopiu.net\/wordpress\/wp-content\/uploads\/2020\/01\/c34075c7-b255-4568-ba43-f049e10ac85b-225x300.jpg 225w, https:\/\/www.radiopiu.net\/wordpress\/wp-content\/uploads\/2020\/01\/c34075c7-b255-4568-ba43-f049e10ac85b-768x1024.jpg 768w, https:\/\/www.radiopiu.net\/wordpress\/wp-content\/uploads\/2020\/01\/c34075c7-b255-4568-ba43-f049e10ac85b-1152x1536.jpg 1152w, https:\/\/www.radiopiu.net\/wordpress\/wp-content\/uploads\/2020\/01\/c34075c7-b255-4568-ba43-f049e10ac85b.jpg 1200w\" sizes=\"auto, (max-width: 170px) 100vw, 170px\" \/><\/a><a class=\"dt-pswp-item\" href=\"https:\/\/www.radiopiu.net\/wordpress\/wp-content\/uploads\/2020\/01\/76eb6c69-7493-4494-82df-c7689f022bf4.jpg\" data-dt-img-description=\"\" data-large_image_width=\"1529\" data-large_image_height=\"1146\"><img loading=\"lazy\" decoding=\"async\" class=\"alignnone size-medium wp-image-112031\" src=\"https:\/\/www.radiopiu.net\/wordpress\/wp-content\/uploads\/2020\/01\/76eb6c69-7493-4494-82df-c7689f022bf4-300x225.jpg\" alt=\"\" width=\"300\" height=\"225\" srcset=\"https:\/\/www.radiopiu.net\/wordpress\/wp-content\/uploads\/2020\/01\/76eb6c69-7493-4494-82df-c7689f022bf4-300x225.jpg 300w, https:\/\/www.radiopiu.net\/wordpress\/wp-content\/uploads\/2020\/01\/76eb6c69-7493-4494-82df-c7689f022bf4-1024x767.jpg 1024w, https:\/\/www.radiopiu.net\/wordpress\/wp-content\/uploads\/2020\/01\/76eb6c69-7493-4494-82df-c7689f022bf4-768x576.jpg 768w, https:\/\/www.radiopiu.net\/wordpress\/wp-content\/uploads\/2020\/01\/76eb6c69-7493-4494-82df-c7689f022bf4.jpg 1529w\" sizes=\"auto, (max-width: 300px) 100vw, 300px\" \/><\/a><a class=\"dt-pswp-item\" href=\"https:\/\/www.radiopiu.net\/wordpress\/wp-content\/uploads\/2020\/01\/45e115b3-38e8-4006-8e2d-29a057341948.jpg\" data-dt-img-description=\"\" data-large_image_width=\"1600\" data-large_image_height=\"1200\"><img loading=\"lazy\" decoding=\"async\" class=\"alignnone size-medium wp-image-112030\" src=\"https:\/\/www.radiopiu.net\/wordpress\/wp-content\/uploads\/2020\/01\/45e115b3-38e8-4006-8e2d-29a057341948-300x225.jpg\" alt=\"\" width=\"300\" height=\"225\" srcset=\"https:\/\/www.radiopiu.net\/wordpress\/wp-content\/uploads\/2020\/01\/45e115b3-38e8-4006-8e2d-29a057341948-300x225.jpg 300w, https:\/\/www.radiopiu.net\/wordpress\/wp-content\/uploads\/2020\/01\/45e115b3-38e8-4006-8e2d-29a057341948-1024x768.jpg 1024w, https:\/\/www.radiopiu.net\/wordpress\/wp-content\/uploads\/2020\/01\/45e115b3-38e8-4006-8e2d-29a057341948-768x576.jpg 768w, https:\/\/www.radiopiu.net\/wordpress\/wp-content\/uploads\/2020\/01\/45e115b3-38e8-4006-8e2d-29a057341948-1536x1152.jpg 1536w, https:\/\/www.radiopiu.net\/wordpress\/wp-content\/uploads\/2020\/01\/45e115b3-38e8-4006-8e2d-29a057341948.jpg 1600w\" sizes=\"auto, (max-width: 300px) 100vw, 300px\" \/><\/a><\/p>\n<p>&nbsp;<\/p>\n<p>&nbsp;<\/p>\n<p>&nbsp;<\/p>\n<h3><a class=\"dt-pswp-item\" href=\"https:\/\/www.radiopiu.net\/wordpress\/wp-content\/uploads\/2020\/01\/WhatsApp-Image-2020-01-04-at-13.20.30.jpeg\" data-dt-img-description=\"\" data-large_image_width=\"744\" data-large_image_height=\"1600\"><img loading=\"lazy\" decoding=\"async\" class=\"wp-image-112065 alignleft\" src=\"https:\/\/www.radiopiu.net\/wordpress\/wp-content\/uploads\/2020\/01\/WhatsApp-Image-2020-01-04-at-13.20.30-140x300.jpeg\" alt=\"\" width=\"95\" height=\"204\" srcset=\"https:\/\/www.radiopiu.net\/wordpress\/wp-content\/uploads\/2020\/01\/WhatsApp-Image-2020-01-04-at-13.20.30-140x300.jpeg 140w, https:\/\/www.radiopiu.net\/wordpress\/wp-content\/uploads\/2020\/01\/WhatsApp-Image-2020-01-04-at-13.20.30-476x1024.jpeg 476w, https:\/\/www.radiopiu.net\/wordpress\/wp-content\/uploads\/2020\/01\/WhatsApp-Image-2020-01-04-at-13.20.30-714x1536.jpeg 714w, https:\/\/www.radiopiu.net\/wordpress\/wp-content\/uploads\/2020\/01\/WhatsApp-Image-2020-01-04-at-13.20.30.jpeg 744w\" sizes=\"auto, (max-width: 95px) 100vw, 95px\" \/><\/a><\/h3>\n<h3><\/h3>\n<h3>IN MEMORIA DI RICCARDO TACCONI LA CERIMONIA SUL COLLE BELLUNESE<\/h3>\n<p><strong>di Brunella Moro<\/strong><\/p>\n<p><strong>NEVEGAL\u00a0<\/strong> Sabato 4 gennaio si \u00e8 celebrata al Santuario del Nevegal una messa in memoria di Riccardo Tacconi, scomparso un anno fa nel colle e ancora non ritrovato. Una cerimonia toccante, condotta con sentimento da don Elio Larese alla presenza dei familiari di Riccardo , degli amici , delle autorit\u00e0 e di tutti coloro che hanno contribuito alla sua ricerca. Un&#8217;omelia rivolta all &#8216; accettazione dell insondabile, anche quando non \u00e8 compreso, e alla conduzione di una vita dedicata,a costruire progetti di amore.<\/p>\n<p>DALLA RASSEGNA STAMPA DELLE OTTO<\/p>\n<audio class=\"wp-audio-shortcode\" id=\"audio-112039-2\" preload=\"none\" style=\"width: 100%;\" controls=\"controls\"><source type=\"audio\/mpeg\" src=\"https:\/\/www.radiopiu.net\/wordpress\/wp-content\/uploads\/2020\/01\/BRUNELLA.mp3?_=2\" \/><a href=\"https:\/\/www.radiopiu.net\/wordpress\/wp-content\/uploads\/2020\/01\/BRUNELLA.mp3\">https:\/\/www.radiopiu.net\/wordpress\/wp-content\/uploads\/2020\/01\/BRUNELLA.mp3<\/a><\/audio>\n<p>&nbsp;<\/p>\n<p>&nbsp;<\/p>\n<p>&nbsp;<\/p>\n<h3>FRANA A CARACOI (ROCCA PIETORE): LA PROVINCIA INTERVIENE IN SOMMA URGENZA<\/h3>\n<p>DALLA RASSEGNA STAMPA DELLE OTTO<\/p>\n<audio class=\"wp-audio-shortcode\" id=\"audio-112039-3\" preload=\"none\" style=\"width: 100%;\" controls=\"controls\"><source type=\"audio\/mpeg\" src=\"https:\/\/www.radiopiu.net\/wordpress\/wp-content\/uploads\/2020\/01\/MASSIMO.mp3?_=3\" \/><a href=\"https:\/\/www.radiopiu.net\/wordpress\/wp-content\/uploads\/2020\/01\/MASSIMO.mp3\">https:\/\/www.radiopiu.net\/wordpress\/wp-content\/uploads\/2020\/01\/MASSIMO.mp3<\/a><\/audio>\n<p>&nbsp;<\/p>\n<p class=\"p1\"><span class=\"s1\"><strong><a class=\"dt-pswp-item\" href=\"https:\/\/www.radiopiu.net\/wordpress\/wp-content\/uploads\/2020\/01\/Caracoi-2.jpeg\" data-dt-img-description=\"\" data-large_image_width=\"2032\" data-large_image_height=\"1208\"><img loading=\"lazy\" decoding=\"async\" class=\"size-medium wp-image-112021 alignleft\" src=\"https:\/\/www.radiopiu.net\/wordpress\/wp-content\/uploads\/2020\/01\/Caracoi-2-300x178.jpeg\" alt=\"\" width=\"300\" height=\"178\" srcset=\"https:\/\/www.radiopiu.net\/wordpress\/wp-content\/uploads\/2020\/01\/Caracoi-2-300x178.jpeg 300w, https:\/\/www.radiopiu.net\/wordpress\/wp-content\/uploads\/2020\/01\/Caracoi-2-1024x609.jpeg 1024w, https:\/\/www.radiopiu.net\/wordpress\/wp-content\/uploads\/2020\/01\/Caracoi-2-768x457.jpeg 768w, https:\/\/www.radiopiu.net\/wordpress\/wp-content\/uploads\/2020\/01\/Caracoi-2-1536x913.jpeg 1536w, https:\/\/www.radiopiu.net\/wordpress\/wp-content\/uploads\/2020\/01\/Caracoi-2.jpeg 2032w\" sizes=\"auto, (max-width: 300px) 100vw, 300px\" \/><\/a>ROCCA PIETORE<\/strong> La Provincia di Belluno avvier\u00e0 nei prossimi giorni un intervento in somma urgenza in localit\u00e0 Caracoi (Comune di Rocca Pietore). L\u2019operazione, preceduta nelle ultime settimane da indagini geologiche e sopralluoghi tecnici, \u00e8 funzionale a mettere in sicurezza il versante che sovrasta la strada comunale di collegamento tra Le Grazie e Caracoi Agoin (in prossimit\u00e0 della diramazione stradale che conduce alla localit\u00e0 di Bramezze). <a class=\"dt-pswp-item\" href=\"https:\/\/www.radiopiu.net\/wordpress\/wp-content\/uploads\/2020\/01\/Caracoi-1.jpeg\" data-dt-img-description=\"\" data-large_image_width=\"1699\" data-large_image_height=\"1274\"><img loading=\"lazy\" decoding=\"async\" class=\"size-medium wp-image-112020 alignright\" src=\"https:\/\/www.radiopiu.net\/wordpress\/wp-content\/uploads\/2020\/01\/Caracoi-1-300x225.jpeg\" alt=\"\" width=\"300\" height=\"225\" srcset=\"https:\/\/www.radiopiu.net\/wordpress\/wp-content\/uploads\/2020\/01\/Caracoi-1-300x225.jpeg 300w, https:\/\/www.radiopiu.net\/wordpress\/wp-content\/uploads\/2020\/01\/Caracoi-1-1024x768.jpeg 1024w, https:\/\/www.radiopiu.net\/wordpress\/wp-content\/uploads\/2020\/01\/Caracoi-1-768x576.jpeg 768w, https:\/\/www.radiopiu.net\/wordpress\/wp-content\/uploads\/2020\/01\/Caracoi-1-1536x1152.jpeg 1536w, https:\/\/www.radiopiu.net\/wordpress\/wp-content\/uploads\/2020\/01\/Caracoi-1.jpeg 1699w\" sizes=\"auto, (max-width: 300px) 100vw, 300px\" \/><\/a>Dopo gli eventi meteo di novembre, infatti, la scarpata gi\u00e0 fragile ha mostrato diversi segni di cedimento. E secondo la perizia geologica, tutta l\u2019area soprastante la strada comunale \u00e8 soggetta a franamenti che potrebbero scivolare sul piano viario. <\/span>L\u2019operazione prevista (e gi\u00e0 programmata) riguarda la rimozione delle ceppaie e la pulizia del versante, con riprofilatura della scarpata. I lavori passeranno poi alla realizzazione di canalette di scolo delle acque meteoriche, in modo da togliere una delle cause di dissesto. Infine, verranno installate delle reti sul terreno.<span class=\"s1\">\u00abAncora una volta il settore della Difesa del Suolo della Provincia \u00e8 stato in grado di predisporre una somma urgenza, a servizio del territorio &#8211; commenta il consigliere provinciale delegato, Massimo Bortoluzzi -. L\u2019operazione di Caracoi va nella direzione tracciata pi\u00f9 volte di intervenire a tutela della popolazione e per la sicurezza della viabilit\u00e0, soprattutto in quelle cosiddette terre alte che altrimenti rischiano pi\u00f9 di altre di rimanere sguarnite\u00bb.<\/span><span class=\"s1\">L\u2019operazione ha un costo complessivo di circa 150.000 euro.<\/span><\/p>\n<p>&nbsp;<\/p>\n<p>&nbsp;<\/p>\n<h3>LA VAL CHE URLA DAL PRIMIERO A RADIO PIU<\/h3>\n<p><strong>DI GIANNI SANTOMASO<\/strong><\/p>\n<audio class=\"wp-audio-shortcode\" id=\"audio-112039-4\" preload=\"none\" style=\"width: 100%;\" controls=\"controls\"><source type=\"audio\/mpeg\" src=\"https:\/\/www.radiopiu.net\/wordpress\/wp-content\/uploads\/2020\/01\/GIANNI.mp3?_=4\" \/><a href=\"https:\/\/www.radiopiu.net\/wordpress\/wp-content\/uploads\/2020\/01\/GIANNI.mp3\">https:\/\/www.radiopiu.net\/wordpress\/wp-content\/uploads\/2020\/01\/GIANNI.mp3<\/a><\/audio>\n<p><a class=\"dt-pswp-item\" href=\"https:\/\/www.radiopiu.net\/wordpress\/wp-content\/uploads\/2020\/01\/WhatsApp-Image-2020-01-05-at-08.50.31.jpeg\" data-dt-img-description=\"\" data-large_image_width=\"913\" data-large_image_height=\"1600\"><img loading=\"lazy\" decoding=\"async\" class=\"alignnone wp-image-112069\" src=\"https:\/\/www.radiopiu.net\/wordpress\/wp-content\/uploads\/2020\/01\/WhatsApp-Image-2020-01-05-at-08.50.31-171x300.jpeg\" alt=\"\" width=\"130\" height=\"228\" srcset=\"https:\/\/www.radiopiu.net\/wordpress\/wp-content\/uploads\/2020\/01\/WhatsApp-Image-2020-01-05-at-08.50.31-171x300.jpeg 171w, https:\/\/www.radiopiu.net\/wordpress\/wp-content\/uploads\/2020\/01\/WhatsApp-Image-2020-01-05-at-08.50.31-584x1024.jpeg 584w, https:\/\/www.radiopiu.net\/wordpress\/wp-content\/uploads\/2020\/01\/WhatsApp-Image-2020-01-05-at-08.50.31-768x1346.jpeg 768w, https:\/\/www.radiopiu.net\/wordpress\/wp-content\/uploads\/2020\/01\/WhatsApp-Image-2020-01-05-at-08.50.31-876x1536.jpeg 876w, https:\/\/www.radiopiu.net\/wordpress\/wp-content\/uploads\/2020\/01\/WhatsApp-Image-2020-01-05-at-08.50.31.jpeg 913w\" sizes=\"auto, (max-width: 130px) 100vw, 130px\" \/><\/a><a class=\"dt-pswp-item\" href=\"https:\/\/www.radiopiu.net\/wordpress\/wp-content\/uploads\/2020\/01\/WhatsApp-Image-2020-01-05-at-08.51.13.jpeg\" data-dt-img-description=\"\" data-large_image_width=\"1527\" data-large_image_height=\"1599\"><img loading=\"lazy\" decoding=\"async\" class=\"alignnone wp-image-112068\" src=\"https:\/\/www.radiopiu.net\/wordpress\/wp-content\/uploads\/2020\/01\/WhatsApp-Image-2020-01-05-at-08.51.13-286x300.jpeg\" alt=\"\" width=\"216\" height=\"226\" srcset=\"https:\/\/www.radiopiu.net\/wordpress\/wp-content\/uploads\/2020\/01\/WhatsApp-Image-2020-01-05-at-08.51.13-286x300.jpeg 286w, https:\/\/www.radiopiu.net\/wordpress\/wp-content\/uploads\/2020\/01\/WhatsApp-Image-2020-01-05-at-08.51.13-978x1024.jpeg 978w, https:\/\/www.radiopiu.net\/wordpress\/wp-content\/uploads\/2020\/01\/WhatsApp-Image-2020-01-05-at-08.51.13-768x804.jpeg 768w, https:\/\/www.radiopiu.net\/wordpress\/wp-content\/uploads\/2020\/01\/WhatsApp-Image-2020-01-05-at-08.51.13-1467x1536.jpeg 1467w, https:\/\/www.radiopiu.net\/wordpress\/wp-content\/uploads\/2020\/01\/WhatsApp-Image-2020-01-05-at-08.51.13.jpeg 1527w\" sizes=\"auto, (max-width: 216px) 100vw, 216px\" \/><\/a><a class=\"dt-pswp-item\" href=\"https:\/\/www.radiopiu.net\/wordpress\/wp-content\/uploads\/2020\/01\/WhatsApp-Image-2020-01-05-at-08.51.58.jpeg\" data-dt-img-description=\"\" data-large_image_width=\"1599\" data-large_image_height=\"1200\"><img loading=\"lazy\" decoding=\"async\" class=\"alignnone size-medium wp-image-112067\" src=\"https:\/\/www.radiopiu.net\/wordpress\/wp-content\/uploads\/2020\/01\/WhatsApp-Image-2020-01-05-at-08.51.58-300x225.jpeg\" alt=\"\" width=\"300\" height=\"225\" srcset=\"https:\/\/www.radiopiu.net\/wordpress\/wp-content\/uploads\/2020\/01\/WhatsApp-Image-2020-01-05-at-08.51.58-300x225.jpeg 300w, https:\/\/www.radiopiu.net\/wordpress\/wp-content\/uploads\/2020\/01\/WhatsApp-Image-2020-01-05-at-08.51.58-1024x768.jpeg 1024w, https:\/\/www.radiopiu.net\/wordpress\/wp-content\/uploads\/2020\/01\/WhatsApp-Image-2020-01-05-at-08.51.58-768x576.jpeg 768w, https:\/\/www.radiopiu.net\/wordpress\/wp-content\/uploads\/2020\/01\/WhatsApp-Image-2020-01-05-at-08.51.58-1536x1153.jpeg 1536w, https:\/\/www.radiopiu.net\/wordpress\/wp-content\/uploads\/2020\/01\/WhatsApp-Image-2020-01-05-at-08.51.58.jpeg 1599w\" sizes=\"auto, (max-width: 300px) 100vw, 300px\" \/><\/a><\/p>\n<p>&nbsp;<\/p>\n<p>&nbsp;<\/p>\n<p>&nbsp;<\/p>\n<h2><span style=\"color: #ff0000;\">LA LETTERA, dillo a RADIO PIU<\/span><\/h2>\n<p><strong>di Emilio Bez<\/strong><\/p>\n<blockquote><p><em>Una banale considerazione sulla viabilit\u00e0 ad Agordo e dintorni. Hai ovviamente visto le segnalazioni riguardanti la tangenziale di Agordo sul gruppo viabilit\u00e0 provincia di Belluno su telegram. Capita sempre pi\u00f9 spesso che nelle ore del rientro turistico ci sia la coda quasi ferma per chilometri sulla tangenziale, spesso fin la rotonda dei pompieri o anche pi\u00f9 in su, l&#8217;ho visto anche io varie volte. La coda \u00e8 fino a Le Campe, poi scompare&#8230; ovviamente! S\u00ec, ovviamente, perch\u00e9 \u00e8 proprio a Le Campe il problema, visto che in poche decine di metri si trovano: distributore, birreria, pasticceria, supermercato, negozi di abbigliamento, ecc. Quindi il beneficio della tangenziale (attesa per decenni e costata un bel po&#8217; di milioni di euro) \u00e8 durato poco, visto che il &#8220;tappo&#8221; al traffico del centro di Agordo si \u00e8 semplicemente spostato poco pi\u00f9 in gi\u00f9&#8230; Diciamo che, visto il crescente numero di attivit\u00e0 commerciali in quella zona che sbucano tutte sulla 203 con vari accessi e relativi rischi di incidenti, tamponamenti ecc (in certi momenti sembra proprio come il traffico nel centro di Agordo qualche anno fa) era forse il caso di valutare qualcosa di pi\u00f9 razionale, tipo (giusto per fare una ipotesi) una semplice strada interna di accesso alle attivit\u00e0 commerciali con una rotonda di collegamento alla 203, a occhio lo spazio ci dovrebbe essere. Cos\u00ec chi si serve delle varie attivit\u00e0 commerciali non andrebbe ad intralciare tutti gli altri.<\/em><br \/>\n<em>Ps: chiss\u00e0 perch\u00e9, ho l&#8217;idea che per gli amministratori \/ gestori della strada la soluzione pi\u00f9 semplice e conveniente sarebbe invece abbassare il limite di velocit\u00e0 a 50 all&#8217;ora (o meno) e ritarare ovviamente al ribasso anche l&#8217;autovelox.<\/em><\/p><\/blockquote>\n<p>&nbsp;<\/p>\n<p>&nbsp;<\/p>\n<h2><span style=\"color: #ff0000;\">LA LETTERA, dillo a RADIO PIU<\/span><\/h2>\n<p><strong>di claudia.fragiacomo@gmail.com<\/strong><\/p>\n<p>Volevo rendere noto che in zona Caprile, Alleghe, c\u2019\u00e9 un malessere diffuso che ha messo a letto tantissime persone. Io e la mia famiglia con amici siamo venuti qui a Caprile per festeggiare il capodanno ed ora siamo quasi tutti a letto con vomito, nausea e scariche. Ho parlato con molte persone che vivono qui anche la farmacista mi ha detto che hanno avuto tantissimi casi. Non posso pensare che sia un virus che arriva dalla citt\u00e1 che nei momenti di sovraffollamento si diffonde&#8230;. Io vivo a Venezia e non mi \u00e9 mai capitata una cosa del genere. Secondo noi c\u2019\u00e9 un problema nell\u2019acqua come c\u2019\u00e9 stato nel periodo di ferragosto.<\/p>\n<p><strong>lettera firmata<\/strong><\/p>\n<p>E&#8217; possibile che ogni 4 mesi un intero paese si ammali di gastroenterite? Sto parlando dei paesi di Alleghe e Caprile. La prima volta ad aprile, poi ad agosto e ora a fine dicembre. Possibile sia solo un caso? Possibile sia un virus? Io non credo! Ammalarsi tutti contemporaneamente da un virus? Valligiani, gente anziana e non&#8230;.No! Io sono convinta sia acqua! Mi stupisco se ancora nessuno di dovere si sia fatto la stessa domanda&#8230;.e vorrei aggiungere una cosa&#8230;.ogni 4 mesi si, ma guarda a caso: Pasqua, Ferragosto e Natale<\/p>\n<p><strong>LA RISPOSTA DEL SINDACO, DANILO DE TONI<\/strong><\/p>\n<p>Premesso che Gsp effettua periodiche analisi sull&#8217;acqua degli acquedotti, nelle ultime due settimane 1400000 italiani sono stati colpiti da questa virosi da Belluno a Bologna a Roma . Logico che in ambienti di ristretti come gli alberghi la trasmissione del virus e&#8217; molto pi\u00f9 pesante. Queste sono informazioni fornite da medici .<\/p>\n<p>&nbsp;<\/p>\n<h2><span style=\"color: #ff0000;\">LA LETTERA, dillo a RADIO PIU<\/span><\/h2>\n<p><strong>di Alberto De Zen<\/strong><\/p>\n<blockquote><p>Ho sentito che ad Arabba nel periodo natalizio hanno avuto un +15\/20% in pi\u00f9 d presenze rispetto all&#8217; inverno scorso. Alla prossima vostra intervista al sindaco Leandro Grones chiedete spiegazioni a riguardo dato che mesi fa terrorizzava gli operatori del settore dichiarando che la presenza del lupo avrebbe danneggiato in maniera significativa il turismo&#8230;ma come? Nonostante i video terrificanti che pure voi avete pubblicato dei lupi a Corvara\u00a0 guarda caso i turisti sono arrivati.grazie per attenzione e buon anno<\/p><\/blockquote>\n<p>&nbsp;<\/p>\n<p>&nbsp;<\/p>\n<h2><span style=\"color: #ff0000;\">LA LETTERA, dillo a RADIO PIU<\/span><\/h2>\n<p><strong>di Franco Piacentini<\/strong><\/p>\n<p>Dopo quanto avvenuto in Medio Oriente, con l&#8217;uccisione del generale Soleimani e di altre persone, diventa urgente un forte appello alla Pace nel mondo, organizzando e realizzando grandi iniziative per la Pace, da svolgersi immediatamente anche in Italia. Sarebbe pi\u00f9 che opportuna una straordinaria Marcia per la Pace: Perugia &#8211; Assisi.<\/p>\n<p>&nbsp;<\/p>\n<p>&nbsp;<\/p>\n<p>&nbsp;<\/p>\n<h2>I RACCONTI DI PAOLO SOPPELSA, QUARTA PUNTATA<\/h2>\n<h3>\u201cEL b\u00f2sk dal forn 31 ottobre 2018\u201d<\/h3>\n<p>audio<\/p>\n<audio class=\"wp-audio-shortcode\" id=\"audio-112039-5\" preload=\"none\" style=\"width: 100%;\" controls=\"controls\"><source type=\"audio\/mpeg\" src=\"https:\/\/www.radiopiu.net\/wordpress\/wp-content\/uploads\/2020\/01\/PAOLO.mp3?_=5\" \/><a href=\"https:\/\/www.radiopiu.net\/wordpress\/wp-content\/uploads\/2020\/01\/PAOLO.mp3\">https:\/\/www.radiopiu.net\/wordpress\/wp-content\/uploads\/2020\/01\/PAOLO.mp3<\/a><\/audio>\n<p>&nbsp;<\/p>\n<p><a class=\"dt-pswp-item\" href=\"https:\/\/www.radiopiu.net\/wordpress\/wp-content\/uploads\/2020\/01\/WhatsApp-Image-2020-01-04-at-15.40.31.jpeg\" data-dt-img-description=\"\" data-large_image_width=\"1080\" data-large_image_height=\"608\"><img loading=\"lazy\" decoding=\"async\" class=\"size-medium wp-image-112073 alignleft\" src=\"https:\/\/www.radiopiu.net\/wordpress\/wp-content\/uploads\/2020\/01\/WhatsApp-Image-2020-01-04-at-15.40.31-300x169.jpeg\" alt=\"\" width=\"300\" height=\"169\" srcset=\"https:\/\/www.radiopiu.net\/wordpress\/wp-content\/uploads\/2020\/01\/WhatsApp-Image-2020-01-04-at-15.40.31-300x169.jpeg 300w, https:\/\/www.radiopiu.net\/wordpress\/wp-content\/uploads\/2020\/01\/WhatsApp-Image-2020-01-04-at-15.40.31-1024x576.jpeg 1024w, https:\/\/www.radiopiu.net\/wordpress\/wp-content\/uploads\/2020\/01\/WhatsApp-Image-2020-01-04-at-15.40.31-768x432.jpeg 768w, https:\/\/www.radiopiu.net\/wordpress\/wp-content\/uploads\/2020\/01\/WhatsApp-Image-2020-01-04-at-15.40.31.jpeg 1080w\" sizes=\"auto, (max-width: 300px) 100vw, 300px\" \/><\/a>Il \u201cb\u00f2sk dal forn\u201d \u00e8 una delle bellezze di Cencenighe. Un bosco perfetto, formato praticamente in egual misura da abeti larici e faggi. Dal paese sale lungo i costoni della \u201cBanda de qua\u201d, fra le frazioni di Martin e Cavarzan. D\u2019estate \u00e8 colorato di un verde gentile e non troppo appariscente. Ma \u00e8 dalla fine di settembre che inizia a trasformarsi, mutando il verde in tinte autunnali ogni giorno pi\u00f9 sgargianti. Nelle giornate terse di ottobre assume colori netti e marcati. L\u2019oro dei larici, il rosso vivo dei faggi. Il verde degli abeti. Tinte che sfidano l\u2019azzurro del cielo in una gara a chi sa stupire di pi\u00f9. E non \u00e8 raro nei giorni d\u2019inizio novembre vedere auto ferme in piazza ed obbiettivi puntati verso il bosco. Quando penso all\u2019autunno, la prima immagine che mi viene in mente \u00e8 quella del \u201cB\u00f2sk dal forn\u201d nel massimo splendore. E quella sera del 31 ottobre 2018, nei miei tanti pensieri, un posto ce l\u2019aveva anche lui. Mille cose avevo in testa mentre i fari della Panda illuminavano i contorni del disastro salendo da Belluno lungo la 203 Agordina. Le parole di Mirko Mezzacasa ascoltate alla radio appena un\u2019ora prima; \u201cla Valle di San Lucano non esiste pi\u00f9\u2026\u201d Erano le prime ed uniche notizie arrivate dall\u2019agordino fino a quel momento. Mentre guidavo stavo guardando un film in prima visione. Chi era di fianco a me, invece, stava guardando un film gi\u00e0 visto. Lungo i rettilinei di Candaten il baccano della Pandina copriva a stento il rombo del Cordevole ancora ingrossato. Aspettavo un cenno, una frase di pap\u00e0. Mi affidavo all\u2019esperienza di chi un\u2019alluvione l\u2019aveva gi\u00e0 vissuta in pieno. Attendevo la frase \u201c\u2026ben dai, nianca mal\u2026\u201d. Che avrebbe stemperato un po\u2019 quell\u2019atmosfera di tensione. Ed invece vedevo occhi che scrutavano a bordo strada fin dove i fari riuscivano ad illuminare quel buio assoluto. Ascoltavo qualche imprecazione a bassa voce. Segno che la faccenda era seria. In cuor mio mi auguravo che le persone fossero incolumi e che avessero ancora un tetto sopra la testa. E pensai pure a quello splendido bosco. \u201cQuel\u201d vento aveva battuto pure a Belluno provocando parecchi danni. Chiss\u00e0 cosa poteva essere accaduto lass\u00f9. Non lo sapevamo ancora. Entrammo nel ventre del monte Celo in un mare d\u2019acqua ed in una oscurita che faceva impressione. Superammo Agordo e Taibon ancora al buio. A Listolade ci sorprese qualche luce. Arrivati al Ghirlo, il lampeggiante giallo di una betoniera squarciava il buio mentre uomini sfiniti scaricavano calcestruzzo nella voragine creata dall\u2019impeto del Cordevole. Ci deviarono per la strada di Camp. \u201cCome che l\u2019altra ota\u201d disse la voce seduta di fianco. Arrivati al ponte di Campo il cuore si allegger\u00ec un po\u2019. Il paese era salvo, e non era assolutamente scontato. Ma \u201cquel \u201cvento cosa poteva aver fatto ai boschi intorno al paese? Poteva averli feriti gravemente? Oppure addirittura rasi al suolo come purtroppo \u00e8 accaduto in altri luoghi? Mentre percorrevo il ponte guardavo la costa che sale verso Martin. Era difficile vedere qualcosa in quella triste oscurit\u00e0. Ma volevo capire se il bosco c\u2019era ancora. Poco prima del Nof Fil\u00f2 rallentai e guardai a sinistra. Gli occhi ormai abituati a quel buio surreale videro le sagome scure degli alberi ancora in piedi. Ora ne avevo la conferma: nonostante il disastro il \u201cmio\u201d autunno l\u2019avrei rivisto ancora. Ed era una gi\u00e0 una consolazione<\/p>\n<p>&nbsp;<\/p>\n<p>&nbsp;<\/p>\n<h2>CICLABILI IN VENETO A CHE PUNTO SIAMO?<\/h2>\n<h2><img loading=\"lazy\" decoding=\"async\" class=\"size-medium wp-image-112078 alignleft\" src=\"https:\/\/www.radiopiu.net\/wordpress\/wp-content\/uploads\/2020\/01\/locandina-La-ciclabilit\u00e0-del-Veneto-a-che-punto-siamo-212x300.png\" alt=\"\" width=\"212\" height=\"300\" srcset=\"https:\/\/www.radiopiu.net\/wordpress\/wp-content\/uploads\/2020\/01\/locandina-La-ciclabilit\u00e0-del-Veneto-a-che-punto-siamo-212x300.png 212w, https:\/\/www.radiopiu.net\/wordpress\/wp-content\/uploads\/2020\/01\/locandina-La-ciclabilit\u00e0-del-Veneto-a-che-punto-siamo-724x1024.png 724w, https:\/\/www.radiopiu.net\/wordpress\/wp-content\/uploads\/2020\/01\/locandina-La-ciclabilit\u00e0-del-Veneto-a-che-punto-siamo-768x1086.png 768w, https:\/\/www.radiopiu.net\/wordpress\/wp-content\/uploads\/2020\/01\/locandina-La-ciclabilit\u00e0-del-Veneto-a-che-punto-siamo-1086x1536.png 1086w, https:\/\/www.radiopiu.net\/wordpress\/wp-content\/uploads\/2020\/01\/locandina-La-ciclabilit\u00e0-del-Veneto-a-che-punto-siamo-1448x2048.png 1448w, https:\/\/www.radiopiu.net\/wordpress\/wp-content\/uploads\/2020\/01\/locandina-La-ciclabilit\u00e0-del-Veneto-a-che-punto-siamo.png 1587w\" sizes=\"auto, (max-width: 212px) 100vw, 212px\" \/><\/h2>\n<p><strong>FELTRE<\/strong> FIAB FeltreInBici, SOMS Lentiai e FIAB Belluno con il Patrocinio del comune di Borgo Valbelluna organizzano una serata dal titolo \u201cLa ciclabilit\u00e0 del Veneto, a che punto siamo?\u201d <strong>che si svolger\u00e0 Venerd\u00ec 10 gennaio 2020 alle ore 21.00, presso la sala SOMS di Borgo Valbelluna in via Mentana 1.<\/strong> Il rapporto che un individuo instaura con il territorio circostante quando va in bicicletta \u00e8 un legame profondo, che coinvolge tutti i sensi e permette di percepire le sfumature e i dettagli del paesaggio che con un mezzo veloce perderebbero di significato. A chi non \u00e8 mai capitato di salire in sella e scrutare elementi nuovi dello stesso ambiente familiare di cui prima ignorava l\u2019esistenza? Sempre pi\u00f9 persone scelgono di condurre una vacanza attiva ma lenta, capace di far riscoprire i luoghi pi\u00f9 caratteristici, genuini e tranquilli, lontani dal traffico motorizzato e dal caos. Spesso, per\u00f2, si \u00e8 costretti a pedalare all\u2019estero, perch\u00e9 oltre confine esistono strutture e infrastrutture in grado di rispondere alla crescente domanda di turismo attivo. Il veneto \u00e8 terra di appassionati e di campioni. . Qui si pedala, ci si muove, si circola e si visita il territorio usando le due ruote, il cui utilizzo \u00e8 in continua espansione. Qui questo veicolo, pratico, ambientale, semplice e anche salutare \u00e8 utilizzato per passione o per agonismo, da circa un milione di persone di ogni et\u00e0 e ceto sociale. Ma la regione veneto cosa fa per rendere pi\u00f9 sicuri i percorsi ciclabili, accrescerne la rete dentro e fuori le citt\u00e0, collegarla a livello internazionale, proporla anche come specifica proposta turistica? Venerd\u00ec 10 Gennaio 2020 il coordinatore regionale di FIAB Antonio dalla Venezia ci parler\u00e0 dello sviluppo della rete regionale anche in relazione al progettazione in atto delle 5 ciclovie turistiche che interessano la nostra regione . Antonio Dalla Venezia, classe 1958, veneziano, \u00e8 stato presidente dell&#8217;associazione Amici della bicicletta di Mestre dal 1992 al 2002 e presidente di FIAB nazionale dal 2007 al 2013. \u00c8 stato, inoltre, cofondatore dell&#8217;Eco-istituto del Veneto. Dal 2002 ha avviato l&#8217;Ufficio Biciclette del Comune di Venezia ed \u00e8 uno degli autori del Piano della ciclabilit\u00e0 (biciplan) del comune approvato dal Consiglio comunale nel novembre 2006. Dal 2007 al 2013 ho seguito la realizzazione pratica dei primi interventi del Biciplan. Lavora nel settore della mobilit\u00e0 e trasporti di AVM, azienda in house del Comune di Venezia. L\u2019attuale coordinatore di FIAB Veneto \u00e8 profondo conoscitore anche delle vicende della ciclabilit\u00e0 Bellunese, avendo seguito con Bortolo Calligaro ed altri, fin dagli inizi, l&#8217;impegno di Fiab Belluno per la realizzazione della Lunga via delle Dolomiti. Esperto di cicloturismo e mobilit\u00e0 urbana. FIAB \u00e8 la Federazione Italiana Ambiente e Bicicletta. FIAB \u00e8 un&#8217;organizzazione ambientalista. Lo Statuto riporta come finalit\u00e0 principale la diffusione della bicicletta quale mezzo di trasporto ecologico, in un quadro di riqualificazione dell&#8217;ambiente (urbano ed extraurbano). Si \u00e8 data un&#8217;organizzazione federativa, riunendo diverse associazioni locali, sparse in tutta Italia, che hanno lo scopo di promuovere l\u2019uso della bicicletta sia come mezzo di trasporto quotidiano per migliorare traffico e ambiente urbano, sia per la pratica dell&#8217;escursionismo in bicicletta, vale a dire di una forma di turismo particolarmente rispettosa dell\u2019ambiente.<\/p>\n<p>&nbsp;<\/p>\n<p>&nbsp;<\/p>\n<blockquote class=\"wp-embedded-content\" data-secret=\"BcXrJqeZrn\"><p><a href=\"https:\/\/www.radiopiu.net\/wordpress\/diabete-fertilita-nutrizione-malattie-retiniche\/\">Diabete &#8211; fertilit\u00e0 &#8211; nutrizione &#8211; malattie retiniche<\/a><\/p><\/blockquote>\n<p><iframe loading=\"lazy\" title=\"&#8220;Diabete &#8211; fertilit\u00e0 &#8211; nutrizione &#8211; malattie retiniche&#8221; &#8212; Radio Pi\u00f9\" class=\"wp-embedded-content\" sandbox=\"allow-scripts\" security=\"restricted\" style=\"position: absolute; clip: rect(1px, 1px, 1px, 1px);\" src=\"https:\/\/www.radiopiu.net\/wordpress\/diabete-fertilita-nutrizione-malattie-retiniche\/embed\/#?secret=BcXrJqeZrn\" data-secret=\"BcXrJqeZrn\" width=\"600\" height=\"338\" frameborder=\"0\" marginwidth=\"0\" marginheight=\"0\" scrolling=\"no\"><\/iframe><\/p>\n<p>&nbsp;<\/p>\n<p>&nbsp;<\/p>\n<p>&nbsp;<\/p>\n<p>&nbsp;<\/p>\n<blockquote class=\"wp-embedded-content\" data-secret=\"MxltrieqKs\"><p><a href=\"https:\/\/www.radiopiu.net\/wordpress\/le-nostre-pmi-hanno-un-carico-fiscale-quasi-doppio-rispetto-alle-multinazionali-del-web\/\">LE NOSTRE PMI HANNO UN CARICO FISCALE QUASI  DOPPIO RISPETTO  ALLE MULTINAZIONALI DEL WEB<\/a><\/p><\/blockquote>\n<p><iframe loading=\"lazy\" title=\"&#8220;LE NOSTRE PMI HANNO UN CARICO FISCALE QUASI  DOPPIO RISPETTO  ALLE MULTINAZIONALI DEL WEB&#8221; &#8212; Radio Pi\u00f9\" class=\"wp-embedded-content\" sandbox=\"allow-scripts\" security=\"restricted\" style=\"position: absolute; clip: rect(1px, 1px, 1px, 1px);\" src=\"https:\/\/www.radiopiu.net\/wordpress\/le-nostre-pmi-hanno-un-carico-fiscale-quasi-doppio-rispetto-alle-multinazionali-del-web\/embed\/#?secret=MxltrieqKs\" data-secret=\"MxltrieqKs\" width=\"600\" height=\"338\" frameborder=\"0\" marginwidth=\"0\" marginheight=\"0\" scrolling=\"no\"><\/iframe><\/p>\n<p>&nbsp;<\/p>\n<p>&nbsp;<\/p>\n<p>&nbsp;<\/p>\n<blockquote class=\"wp-embedded-content\" data-secret=\"F2c2ISC8Sr\"><p><a href=\"https:\/\/www.radiopiu.net\/wordpress\/diretta-radio-intervista-a-massimo-bortoluzzi-consigliere-provincia\/\">diretta radio INTERVISTA A MASSIMO BORTOLUZZI CONSIGLIERE PROVINCIA<\/a><\/p><\/blockquote>\n<p><iframe loading=\"lazy\" title=\"&#8220;diretta radio INTERVISTA A MASSIMO BORTOLUZZI CONSIGLIERE PROVINCIA&#8221; &#8212; Radio Pi\u00f9\" class=\"wp-embedded-content\" sandbox=\"allow-scripts\" security=\"restricted\" style=\"position: absolute; clip: rect(1px, 1px, 1px, 1px);\" src=\"https:\/\/www.radiopiu.net\/wordpress\/diretta-radio-intervista-a-massimo-bortoluzzi-consigliere-provincia\/embed\/#?secret=F2c2ISC8Sr\" data-secret=\"F2c2ISC8Sr\" width=\"600\" height=\"338\" frameborder=\"0\" marginwidth=\"0\" marginheight=\"0\" scrolling=\"no\"><\/iframe><\/p>\n<p>&nbsp;<\/p>\n<p>&nbsp;<\/p>\n<p>&nbsp;<\/p>\n<blockquote class=\"wp-embedded-content\" data-secret=\"dHJB9D6J7w\"><p><a href=\"https:\/\/www.radiopiu.net\/wordpress\/da-vivaio-dolomiti-una-raccolta-di-firme-contro-i-vincoli\/\">DA VIVAIO DOLOMITI UNA RACCOLTA DI FIRME CONTRO I VINCOLI<\/a><\/p><\/blockquote>\n<p><iframe loading=\"lazy\" title=\"&#8220;DA VIVAIO DOLOMITI UNA RACCOLTA DI FIRME CONTRO I VINCOLI&#8221; &#8212; Radio Pi\u00f9\" class=\"wp-embedded-content\" sandbox=\"allow-scripts\" security=\"restricted\" style=\"position: absolute; clip: rect(1px, 1px, 1px, 1px);\" src=\"https:\/\/www.radiopiu.net\/wordpress\/da-vivaio-dolomiti-una-raccolta-di-firme-contro-i-vincoli\/embed\/#?secret=dHJB9D6J7w\" data-secret=\"dHJB9D6J7w\" width=\"600\" height=\"338\" frameborder=\"0\" marginwidth=\"0\" marginheight=\"0\" scrolling=\"no\"><\/iframe><\/p>\n<p>&nbsp;<\/p>\n<p>&nbsp;<\/p>\n<p>&nbsp;<\/p>\n<h3>IL LIBRO DI CHIARA SBRISSA A RADIO PIU&#8230;<\/h3>\n<div id=\"fb-root\"><\/div>\n<p><script async=\"1\" defer=\"1\" crossorigin=\"anonymous\" src=\"https:\/\/connect.facebook.net\/it_IT\/sdk.js#xfbml=1&amp;version=v6.0\"><\/script><\/p>\n<div class=\"fb-video\" data-href=\"https:\/\/www.facebook.com\/Mirkomezziano\/videos\/2557620741187363\/\" data-width=\"1200\">\n<blockquote cite=\"https:\/\/www.facebook.com\/Mirkomezziano\/videos\/2557620741187363\/\" class=\"fb-xfbml-parse-ignore\"><p><a href=\"https:\/\/www.facebook.com\/Mirkomezziano\/videos\/2557620741187363\/\"><\/a><\/p>\n<p>Presentazione del romanzo &quot;I colori del tempo&quot; di Chiara Sbrissa<\/p>\n<p>Pubblicato da <a href=\"https:\/\/www.facebook.com\/Mirkomezziano\">Mezzacasa Mirkobis Mirko<\/a> su Domenica 5 gennaio 2020<\/p><\/blockquote>\n<\/div>\n<p>&nbsp;<\/p>\n<p>&nbsp;<\/p>\n<p>&nbsp;<\/p>\n<p>&nbsp;<\/p>\n<blockquote class=\"wp-embedded-content\" data-secret=\"1LosurwBaa\"><p><a href=\"https:\/\/www.radiopiu.net\/wordpress\/una-bella-chiesetta-di-fine-500-s-michele-arcangelo-a-fiammoi-di-renato-bona\/\">UNA BELLA CHIESETTA DI FINE \u2018500: S. MICHELE ARCANGELO A FIAMMOI di RENATO BONA<\/a><\/p><\/blockquote>\n<p><iframe loading=\"lazy\" title=\"&#8220;UNA BELLA CHIESETTA DI FINE \u2018500: S. MICHELE ARCANGELO A FIAMMOI di RENATO BONA&#8221; &#8212; Radio Pi\u00f9\" class=\"wp-embedded-content\" sandbox=\"allow-scripts\" security=\"restricted\" style=\"position: absolute; clip: rect(1px, 1px, 1px, 1px);\" src=\"https:\/\/www.radiopiu.net\/wordpress\/una-bella-chiesetta-di-fine-500-s-michele-arcangelo-a-fiammoi-di-renato-bona\/embed\/#?secret=1LosurwBaa\" data-secret=\"1LosurwBaa\" width=\"600\" height=\"338\" frameborder=\"0\" marginwidth=\"0\" marginheight=\"0\" scrolling=\"no\"><\/iframe><\/p>\n<p>&nbsp;<\/p>\n<p>&nbsp;<\/p>\n<p>&nbsp;<\/p>\n<p>&nbsp;<\/p>\n<h3><a class=\"dt-pswp-item\" href=\"http:\/\/www.radiopiu.net\/wordpress\/wp-content\/uploads\/2018\/09\/appuntamenti.jpeg\" data-dt-img-description=\"\" data-large_image_width=\"800\" data-large_image_height=\"100\"><img loading=\"lazy\" decoding=\"async\" class=\"aligncenter wp-image-61958 size-full\" src=\"http:\/\/www.radiopiu.net\/wordpress\/wp-content\/uploads\/2018\/09\/appuntamenti.jpeg\" alt=\"\" width=\"800\" height=\"100\" srcset=\"https:\/\/www.radiopiu.net\/wordpress\/wp-content\/uploads\/2018\/09\/appuntamenti.jpeg 800w, https:\/\/www.radiopiu.net\/wordpress\/wp-content\/uploads\/2018\/09\/appuntamenti-300x38.jpeg 300w, https:\/\/www.radiopiu.net\/wordpress\/wp-content\/uploads\/2018\/09\/appuntamenti-768x96.jpeg 768w\" sizes=\"auto, (max-width: 800px) 100vw, 800px\" \/><\/a><\/h3>\n<p>&nbsp;<\/p>\n<p>&nbsp;<\/p>\n<p><strong>RIVAMONTE<\/strong> Sabato 11 gennaio alle 20.30 alla casa della Gioventu&#8217; appuntamento con il teatro dei Farsaioli di Soverzene che metteranno in scena &#8220;Rider&#8230;de gusto&#8221;. Serata a favore della chiesa di Tiser a seguito dei danni subiti dalla tempesta vaia<\/p>\n<p><a class=\"dt-pswp-item\" href=\"https:\/\/www.radiopiu.net\/wordpress\/wp-content\/uploads\/2020\/01\/63d38830-d41e-4c94-80fa-a3c288e83e2c-e1578066937685.jpg\" data-dt-img-description=\"\" data-large_image_width=\"2048\" data-large_image_height=\"1152\"><img loading=\"lazy\" decoding=\"async\" class=\"alignnone wp-image-111837 size-large\" src=\"https:\/\/www.radiopiu.net\/wordpress\/wp-content\/uploads\/2020\/01\/63d38830-d41e-4c94-80fa-a3c288e83e2c-e1578066937685-1024x576.jpg\" alt=\"\" width=\"1024\" height=\"576\" srcset=\"https:\/\/www.radiopiu.net\/wordpress\/wp-content\/uploads\/2020\/01\/63d38830-d41e-4c94-80fa-a3c288e83e2c-e1578066937685-1024x576.jpg 1024w, https:\/\/www.radiopiu.net\/wordpress\/wp-content\/uploads\/2020\/01\/63d38830-d41e-4c94-80fa-a3c288e83e2c-e1578066937685-300x169.jpg 300w, https:\/\/www.radiopiu.net\/wordpress\/wp-content\/uploads\/2020\/01\/63d38830-d41e-4c94-80fa-a3c288e83e2c-e1578066937685-768x432.jpg 768w, https:\/\/www.radiopiu.net\/wordpress\/wp-content\/uploads\/2020\/01\/63d38830-d41e-4c94-80fa-a3c288e83e2c-e1578066937685-1536x864.jpg 1536w, https:\/\/www.radiopiu.net\/wordpress\/wp-content\/uploads\/2020\/01\/63d38830-d41e-4c94-80fa-a3c288e83e2c-e1578066937685.jpg 2048w\" sizes=\"auto, (max-width: 1024px) 100vw, 1024px\" \/><\/a><\/p>\n<p>&nbsp;<\/p>\n<p>&nbsp;<\/p>\n<p>&nbsp;<\/p>\n<p>&nbsp;<\/p>\n<blockquote>\n<h3><strong>OCCHI BELLI, CONTROLLO GRATUITO DELLA VISTA<\/strong><\/h3>\n<p><strong><a class=\"dt-pswp-item\" href=\"https:\/\/www.radiopiu.net\/wordpress\/wp-content\/uploads\/2019\/12\/f6c6493f-d5ae-4360-93f1-55d2398e750b.jpg\" data-dt-img-description=\"\" data-large_image_width=\"900\" data-large_image_height=\"1600\"><img loading=\"lazy\" decoding=\"async\" class=\"wp-image-111442 alignleft\" src=\"https:\/\/www.radiopiu.net\/wordpress\/wp-content\/uploads\/2019\/12\/f6c6493f-d5ae-4360-93f1-55d2398e750b-169x300.jpg\" alt=\"\" width=\"109\" height=\"194\" srcset=\"https:\/\/www.radiopiu.net\/wordpress\/wp-content\/uploads\/2019\/12\/f6c6493f-d5ae-4360-93f1-55d2398e750b-169x300.jpg 169w, https:\/\/www.radiopiu.net\/wordpress\/wp-content\/uploads\/2019\/12\/f6c6493f-d5ae-4360-93f1-55d2398e750b-576x1024.jpg 576w, https:\/\/www.radiopiu.net\/wordpress\/wp-content\/uploads\/2019\/12\/f6c6493f-d5ae-4360-93f1-55d2398e750b-768x1365.jpg 768w, https:\/\/www.radiopiu.net\/wordpress\/wp-content\/uploads\/2019\/12\/f6c6493f-d5ae-4360-93f1-55d2398e750b-864x1536.jpg 864w, https:\/\/www.radiopiu.net\/wordpress\/wp-content\/uploads\/2019\/12\/f6c6493f-d5ae-4360-93f1-55d2398e750b.jpg 900w\" sizes=\"auto, (max-width: 109px) 100vw, 109px\" \/><\/a>ALLEGHE Sabato 18 gennaio dalle 14.30 alle 17.30 e domenica 19 dalle 9 alle 12 e dalle 14 alle 17 alle scuole elementari di Alleghe i medici oculisti e ortottisti dell&#8217;ospedale di Castelfranco Veneto e Montebelluna danno la possibilit\u00e0 a tutti i bambini fino a 13 anni di eseguire uno screening per la prevenzione dello strabismo ed ambliopia, occasione unica e gratuita per ottenere una valutazione preliminare.\u00a0<\/strong><\/p><\/blockquote>\n<p>&nbsp;<\/p>\n<p>&nbsp;<\/p>\n<p>&nbsp;<\/p>\n<p>&nbsp;<\/p>\n<h3><\/h3>\n<h2>CON IL CAI DI BELLUNO<\/h2>\n<div><strong>BELLUNO<\/strong> La Commissione Escursionismo apre le iscrizioni al corso &#8220;Un Tranquillo Weekend da Lupi &amp; C.&#8221; che si terr\u00e0 nelle giornate di sabato pomeriggio 8 e domenica 9 febbraio 2020. Si tratta di un corso in ambiente su biologia, ecologia e segni di presenza del lupo e altri carnivori. La sede del corso sar\u00e0 il Nevegal (BL) e vedr\u00e0 la partecipazione del dott. Claudio Groff, coordinatore del Settore Grandi Carnivori della Provincia Autonoma di Trento. Il corso prevede due facili escursioni (sabato e domenica), una lezione teorica sabato pomeriggio e una serata informativa (aperta al pubblico) sabato sera, i cui relatori saranno Davide Berton per il Gruppo Grandi Carnivori CAI, il dott. Mariech per il Parco Nazionale Dolomiti Bellunesi, il dott. Pernechele e la dott.sa Calderola per la Regione Veneto e il dott. Groff per la Provincia Autonoma di Trento. Il programma completo, con le modalit\u00e0 di iscrizione, si trova sul sito della Sezione CAI Belluno (www.caibelluno.it), ove \u00e8 pubblicato anche il link al modulo online per le iscrizioni. Queste ultime si raccolgono fino al 20 gennaio con contestuale versamento di una caparra di 30 \u20ac. Si specifica che:\u00a0 il corso aperto anche ai non soci CAI (con una maggiorazione sulla quota per l&#8217;assicurazione) \u00e8 possibile pernottare in loco (c\/o Hotel Slalom &#8211; eventuale prenotazione contestuale all&#8217;iscrizione) cena di sabato e materiale didattico inclusi nella quota di iscrizione<\/div>\n<p>&nbsp;<\/p>\n<p>&nbsp;<\/p>\n<p>&nbsp;<\/p>\n<p>&nbsp;<\/p>\n<h2><a class=\"dt-pswp-item\" href=\"http:\/\/www.radiopiu.net\/wordpress\/wp-content\/uploads\/2018\/09\/sport.jpg\" data-dt-img-description=\"\" data-large_image_width=\"800\" data-large_image_height=\"100\"><img loading=\"lazy\" decoding=\"async\" class=\"wp-image-60761 size-full aligncenter\" src=\"http:\/\/www.radiopiu.net\/wordpress\/wp-content\/uploads\/2018\/09\/sport.jpg\" alt=\"\" width=\"800\" height=\"100\" srcset=\"https:\/\/www.radiopiu.net\/wordpress\/wp-content\/uploads\/2018\/09\/sport.jpg 800w, https:\/\/www.radiopiu.net\/wordpress\/wp-content\/uploads\/2018\/09\/sport-300x38.jpg 300w, https:\/\/www.radiopiu.net\/wordpress\/wp-content\/uploads\/2018\/09\/sport-768x96.jpg 768w\" sizes=\"auto, (max-width: 800px) 100vw, 800px\" \/><\/a><\/h2>\n<h3><\/h3>\n<h3><\/h3>\n<h3>HOCKEY E CALCIO NEL FINE SETTIMANA DELL&#8217;EPIFANIA<\/h3>\n<blockquote>\n<p class=\"p1\"><span class=\"s1\"><b>HOCKEY<\/b><\/span><\/p>\n<\/blockquote>\n<p class=\"p1\"><span class=\"s1\"><b>IHL<\/b><\/span><\/p>\n<p class=\"p1\"><span class=\"s1\">ALLEGHE &#8211; COMO 5-4 dtr <\/span><span class=\"s1\">PARZIALI: 2-1, 1-1, 1-2, 0-0, 1-0 <\/span><span class=\"s1\">GOL: pt. 6\u201940\u201d Ambrosoli, 11\u201943\u201d De Val, 14\u201906\u201d Testori. st. 9\u201927\u201d Majul, 15\u201929\u201d De Val. tt. 0\u201951\u201d Formentini, 6\u201904\u201d Sopplesa, 6\u201911\u201d Casiraghi. rig. Majul, Ambrosoli, Huovinen, Kiviranta, Meneghetti, Formentini, Huovinen<\/span><\/p>\n<p class=\"p1\"><span class=\"s1\">La partita pi\u00f9 facile sulla carta si \u00e8 trasformata in una vera e propria lotta in un De Toni al gran completo. Alleghe e Como se la sono giocata per 60\u2019 minuti ma la sfida \u00e8 stata decisa dai tiri di rigore. Le civette hanno fatto una gran gara ma a fare la differenza per i lariani \u00e8 stato Tommaso Zanardi, il golie agordino che difende i pali lombardi. 4 a 4 dopo i tempi regolamentari, reti inviolate nell\u2019overtime e vittoria deglia agordini dopo una serie di 6 tiri di rigore. <\/span><span class=\"s1\">Fin dalle prime battute le civette sembrano avere una marcia in pi\u00f9 rispetto ai lariani. De Val si avvicina al gol ma il portiere avversario gli nega la gioia. Al primo powerplay il Como passa in vantaggio. Bastano pochi secondi e Ambrosoli infila sotto l\u2019incrocio il disco. Dopo una serie di azioni confuse, l\u2019Alleghe pareggia i conti. De Toni serve un disco d\u2019oro a De Val che deve solo spingerlo in fondo al sacco. Agordini che ci prendono gusto e Testori, dopo una serie di rebound, porta in vantaggio le civette. Seconda frazione combattuta con le squadre che lottano su ogni disco. Huovinen si divora la terza marcatura biancorossa su assist di Testori. Il Como pareggia i conti dopo un\u2019occasione sprecata dei padroni di casa, grazie ad una bella azione che termina con la conclusione vincente di Majul. Il match sembra essersi addormentato ma a pochi minuti dal termine del secondo tempo De Val trova la doppietta personale in superiorit\u00e0 numerica. Ad inizio terzo drittel i lariani pareggiano di nuovo i conti. Una disattenzione difensiva \u00e8 fatale per l\u2019Alleghe che subiscono la rete da Formentini. La risposta degli agordini non si fa attendere e in un contropiede Testori serve Soppelsa che non sbaglia. Lombardi che rispondono subito con Casiraghi che buca la difesa biancorossa. La sfida s\u2019infiamma e gli alleghesi sprecano una serie di occasioni. La pi\u00f9 clamorosa quella di Huovinen che lambisce il palo a tu per tu con il portiere. Zanardi fa gli straordinari e salva il risultato pi\u00f9 volte. Si va all\u2019overtime con le squadre stanche che non riescono a rendersi pericolose. Unica azione di Huovinen che viene neutralizzata da un Zanardi insuperabile. I tiri di rigore regalano il punto aggiuntivo all\u2019Alleghe grazie al rigore decisivo trasformato da Huovinen. <\/span><\/p>\n<p class=\"p1\"><span class=\"s1\"><b>UNDER 19 <\/b><\/span><span class=\"s1\">VIPITENO &#8211; ALLEGHE 1-2 dot <\/span><span class=\"s1\">PARZIALI: 0-0, 1-0, 0-1, 0-1 <\/span><span class=\"s1\">GOL ALLEGHE: tt. Rossi. ot. Rossi<\/span><\/p>\n<p class=\"p1\"><span class=\"s1\">2 punti per l\u2019Alleghe under 19 che a Vipiteno vince all\u2019overtime dopo una rimonta quasi inspettata per come era partita la gara. Altoatesini che passano in vantaggio ma nel terzo tempo Rossi trova il pareggio e poi il gol nel supplementare. <\/span>Prima frazione di gara con il Vipiteno che prende di mira la porta agordina ma senza per\u00f2 trovare il gol. La sfida diventa equilibrata nel secondo tempo con le squadre che non se le mandano a dire. Gli altoatesini riescono a sbloccare la partita a pochi secondi dal termine della frazione centrale. Si continua a lottare su ogni disco anche nell\u2019ultimo drittel. Spingono gli agordini che allo scadere della sfida trovano il pareggio che li porta al supplementare dove Rossi sigla la doppietta personale cosegnando il punto aggiuntivo alle civette.<\/p>\n<p class=\"p1\"><span class=\"s1\"><b>UNDER 17 <\/b><\/span><span class=\"s1\">VARESE &#8211; FASSA\/ALLEGHE 6-9 <\/span><span class=\"s1\">PARZIALI: 0-1, 3-1, 3-7 <\/span><span class=\"s1\">GOL FASSA\/ALLEGHE: pt. Martini. st. Angoletta. tt. 2 Cassan, 2 Martini, Pellegrini, Ganz, Riz<\/span><\/p>\n<p class=\"p1\"><span class=\"s1\">Vittoria in rimonta in terra lombarda per il Fassa\/Alleghe che contro il Varese spegne la luce nella frazione centrale per poi dilagare nell\u2019ultimo drittel. Bella prestazione della squadra mista Che passa in vantaggio nel primo tempo con Martini. Seconda frazione da dimenticare con il Varese che capovolge il risultato, unico gol di Angoletta. Fassa\/Alleghe che ingrana la marcia giusta nel terzo periodo pareggiando i conti con Cassan. Il gol porta fiducia alla squadra fassana\/agordina che dilaga mettendo a segno altri 6 gol subendone 3.<\/span><\/p>\n<p class=\"p1\"><span class=\"s1\"><b>COPPA ITALIA UNDER 15 <\/b><\/span><span class=\"s1\">VALLI DEL NOCE &#8211; ALLEGHE 21-2 <\/span><span class=\"s1\">Sonora sconfitta per l\u2019Under 15 alleghese che nel match di Coppa Italia subisce ben 21 gol dal Valli Del Noce. Una partita a senso unco con gli altoatesini camapaci di infierire su un Alleghe che non \u00e8 mai entrato in partita ma ha messo a segno 2 gol. <\/span><\/p>\n<p class=\"p1\"><span class=\"s1\"><b>UNDER 13 <\/b><\/span><span class=\"s1\">ALLEGHE\/ALTA BADIA &#8211; CALDARO 5-6<\/span><\/p>\n<p class=\"p1\"><span class=\"s1\">Sconfitta di misura per i giovani under 13 alleghesi che al De Toni non riescono ad incamerare punti contro il Caldaro. Gli altoatesini la spuntano con un gol di vantaggio dopo una gara giocata alla pari dall\u2019inizio alla fine. <\/span><\/p>\n<blockquote><p>&nbsp;<\/p>\n<p class=\"p1\"><span class=\"s1\"><b>CALCIO<\/b><\/span><\/p>\n<\/blockquote>\n<p class=\"p1\"><span class=\"s1\"><b>PRIMA CATEGORIA <\/b><\/span><span class=\"s1\">CORNUDA CROCETTA &#8211; FIORI BARP MAS 2-1<\/span><\/p>\n<p class=\"p1\"><span class=\"s1\">GOL FIORI BARP MAS: Marsango<\/span><\/p>\n<p class=\"p1\"><strong><span class=\"s1\">DORIANO SPONGA CI HA RACCONTATO LA PARTITA<\/span><\/strong><\/p>\n<audio class=\"wp-audio-shortcode\" id=\"audio-112039-6\" preload=\"none\" style=\"width: 100%;\" controls=\"controls\"><source type=\"audio\/mpeg\" src=\"https:\/\/www.radiopiu.net\/wordpress\/wp-content\/uploads\/2020\/01\/DORIANO-FIORI-BARP.mp3?_=6\" \/><a href=\"https:\/\/www.radiopiu.net\/wordpress\/wp-content\/uploads\/2020\/01\/DORIANO-FIORI-BARP.mp3\">https:\/\/www.radiopiu.net\/wordpress\/wp-content\/uploads\/2020\/01\/DORIANO-FIORI-BARP.mp3<\/a><\/audio>\n<p>&nbsp;<\/p>\n<p>&nbsp;<\/p>\n<p class=\"p1\"><span class=\"s1\"><b>ALLIEVI REGIONALI <\/b><\/span><span class=\"s1\">UNION SAN GIORGIO &#8211; TEAM BIANCOROSSI 1-1<\/span><\/p>\n<p class=\"p1\"><span class=\"s1\">Ottimo pareggio per gli allievi regionali del San Giorgio che strappano un punto alla prima della classe. Inizia nel migliore dei modi il 2020 dei sedicensi che al 9\u2019 passano in vantaggio con Dal Mas che devia in rete una punizione. Nella ripresa il Team Biancorossi comincia a premere e trova la rete del pareggio a pochi minuti dal termine della partita.<\/span><\/p>\n<p>&nbsp;<\/p>\n<p>&nbsp;<\/p>\n<p>&nbsp;<\/p>\n<h3>L\u2019 INIZIA IL QUALIFICATION ROUND DELLA IHL<\/h3>\n<p class=\"p1\"><span class=\"s1\"><a class=\"dt-pswp-item\" href=\"https:\/\/www.radiopiu.net\/wordpress\/wp-content\/uploads\/2019\/08\/logo-alleghe-hockey.png\" data-dt-img-description=\"\" data-large_image_width=\"547\" data-large_image_height=\"512\"><img loading=\"lazy\" decoding=\"async\" class=\" wp-image-95699 alignleft\" src=\"https:\/\/www.radiopiu.net\/wordpress\/wp-content\/uploads\/2019\/08\/logo-alleghe-hockey-300x281.png\" alt=\"\" width=\"246\" height=\"230\" srcset=\"https:\/\/www.radiopiu.net\/wordpress\/wp-content\/uploads\/2019\/08\/logo-alleghe-hockey-300x281.png 300w, https:\/\/www.radiopiu.net\/wordpress\/wp-content\/uploads\/2019\/08\/logo-alleghe-hockey.png 547w\" sizes=\"auto, (max-width: 246px) 100vw, 246px\" \/><\/a>Sabato sera \u00e8 terminata la prima fase dell\u2019Italian Hockey League. Il campionato cadetto di hockey su ghiaccio ora vedr\u00e0 giocare la seconda fase del campionato dove le prime 6 squadre qualificate (Merano, Varese, Pergine, Valpeagle, Appiano e Bressanone) si scontreranno nel Master Round per decretare le posizioni di partenza dei playoff, mentre le ultime 5 qualificate (Caldaro, Alleghe, Unterland Cavaliers, Fiemme e Como) dovranno giocare il Qualification Round per assicurarsi uno dei 2 posti disponibili per accedere ai quarti di finale. Tutte le squadre partiranno un terzo dei punti messi a segno fin\u2019ora quindi, nel Qualification Round, tutte le squadre partiranno appaiate. Intanto \u00e8 stata presentata la bozza del calendario della seconda fase. Si inizia gioved\u00ec sera e l\u2019Alleghe ospiter\u00e0 il Val di Fiemme al De Toni. Le civette riposeranno sabato prossimo e l\u20198 febbraio. Un seconda parte di stagione importante per la squadra allenata da Matikainen che non dovr\u00e0 sbagliare una partita per aggiudicarsi un posto tra le migliori 8 del campionato.<\/span><\/p>\n<p>&nbsp;<\/p>\n<p class=\"p1\"><strong><span class=\"s1\">LA BOZZA DEL CALENDARIO<\/span><\/strong><\/p>\n<p><a class=\"dt-pswp-item\" href=\"https:\/\/www.radiopiu.net\/wordpress\/wp-content\/uploads\/2020\/01\/CALENDARIO-QUALIFICATION-ROUND-IHL-2020.jpg\" data-dt-img-description=\"\" data-large_image_width=\"1748\" data-large_image_height=\"1262\"><img loading=\"lazy\" decoding=\"async\" class=\"alignnone wp-image-112004 size-large\" src=\"https:\/\/www.radiopiu.net\/wordpress\/wp-content\/uploads\/2020\/01\/CALENDARIO-QUALIFICATION-ROUND-IHL-2020-1024x739.jpg\" alt=\"\" width=\"1024\" height=\"739\" srcset=\"https:\/\/www.radiopiu.net\/wordpress\/wp-content\/uploads\/2020\/01\/CALENDARIO-QUALIFICATION-ROUND-IHL-2020-1024x739.jpg 1024w, https:\/\/www.radiopiu.net\/wordpress\/wp-content\/uploads\/2020\/01\/CALENDARIO-QUALIFICATION-ROUND-IHL-2020-300x217.jpg 300w, https:\/\/www.radiopiu.net\/wordpress\/wp-content\/uploads\/2020\/01\/CALENDARIO-QUALIFICATION-ROUND-IHL-2020-768x554.jpg 768w, https:\/\/www.radiopiu.net\/wordpress\/wp-content\/uploads\/2020\/01\/CALENDARIO-QUALIFICATION-ROUND-IHL-2020-1536x1109.jpg 1536w, https:\/\/www.radiopiu.net\/wordpress\/wp-content\/uploads\/2020\/01\/CALENDARIO-QUALIFICATION-ROUND-IHL-2020.jpg 1748w\" sizes=\"auto, (max-width: 1024px) 100vw, 1024px\" \/><\/a><\/p>\n<p>&nbsp;<\/p>\n<p>&nbsp;<\/p>\n<p>&nbsp;<\/p>\n<p>&nbsp;<\/p>\n<h3>ANCORA RINVII PER IL TORNEO AGORDINO DI HOCKEY<\/h3>\n<p><span class=\"s1\"><a class=\"dt-pswp-item\" href=\"https:\/\/www.radiopiu.net\/wordpress\/wp-content\/uploads\/2019\/12\/TORNEO-AGORDINO-HOCKEY-2020-OK.jpg\" data-dt-img-description=\"\" data-large_image_width=\"1125\" data-large_image_height=\"596\"><img loading=\"lazy\" decoding=\"async\" class=\"size-medium wp-image-110984 alignleft\" src=\"https:\/\/www.radiopiu.net\/wordpress\/wp-content\/uploads\/2019\/12\/TORNEO-AGORDINO-HOCKEY-2020-OK-300x159.jpg\" alt=\"\" width=\"300\" height=\"159\" srcset=\"https:\/\/www.radiopiu.net\/wordpress\/wp-content\/uploads\/2019\/12\/TORNEO-AGORDINO-HOCKEY-2020-OK-300x159.jpg 300w, https:\/\/www.radiopiu.net\/wordpress\/wp-content\/uploads\/2019\/12\/TORNEO-AGORDINO-HOCKEY-2020-OK-1024x542.jpg 1024w, https:\/\/www.radiopiu.net\/wordpress\/wp-content\/uploads\/2019\/12\/TORNEO-AGORDINO-HOCKEY-2020-OK-768x407.jpg 768w, https:\/\/www.radiopiu.net\/wordpress\/wp-content\/uploads\/2019\/12\/TORNEO-AGORDINO-HOCKEY-2020-OK.jpg 1125w\" sizes=\"auto, (max-width: 300px) 100vw, 300px\" \/><\/a>La Thierry Cup vede ancora due rinvii a causa dei ghiacci non in perfette condizioni per giocare il Torneo Agordino di hockey. Sono state rinviate a data da destinarsi anche i 2 match in programma il 7 e 8 gennaio visto che i campi di La Valle e Vallada non sono agibili. Ora si aspetta il 10 gennaio per vedere se sar\u00e0 possibile iniziare la manifestazione.<\/span><\/p>\n<p>&nbsp;<\/p>\n<p>&nbsp;<\/p>\n<p>&nbsp;<\/p>\n<p>&nbsp;<\/p>\n<h2><\/h2>\n<h2>Gli agonisti Ondablu all\u201923\u00b0 Memorial Chiara Giavi di Montebelluna. Anna De Boni due volte sul podio.<\/h2>\n<p><a class=\"dt-pswp-item\" href=\"https:\/\/www.radiopiu.net\/wordpress\/wp-content\/uploads\/2020\/01\/IMG-20200105-WA0015.jpg\" data-dt-img-description=\"\" data-large_image_width=\"1200\" data-large_image_height=\"1600\"><img loading=\"lazy\" decoding=\"async\" class=\"size-medium wp-image-112074 alignleft\" src=\"https:\/\/www.radiopiu.net\/wordpress\/wp-content\/uploads\/2020\/01\/IMG-20200105-WA0015-225x300.jpg\" alt=\"\" width=\"225\" height=\"300\" srcset=\"https:\/\/www.radiopiu.net\/wordpress\/wp-content\/uploads\/2020\/01\/IMG-20200105-WA0015-225x300.jpg 225w, https:\/\/www.radiopiu.net\/wordpress\/wp-content\/uploads\/2020\/01\/IMG-20200105-WA0015-768x1024.jpg 768w, https:\/\/www.radiopiu.net\/wordpress\/wp-content\/uploads\/2020\/01\/IMG-20200105-WA0015-1152x1536.jpg 1152w, https:\/\/www.radiopiu.net\/wordpress\/wp-content\/uploads\/2020\/01\/IMG-20200105-WA0015.jpg 1200w\" sizes=\"auto, (max-width: 225px) 100vw, 225px\" \/><\/a>Sabato 4 e domenica 5 gennaio, ben15 atleti della societ\u00e0 Ondablu del settore assoluti, hanno partecipato al 32\u00b0 Memorial Chiara Giavi di Montebelluna con ben 750 atleti provenienti anche dall\u2019estero: Slovenia, Croazia, Bosnia, Montenegro e Austria. Ottime le prestazioni complessive degli atleti allenati da Andrea Rizzardini. Ben quattro gli atleti che hanno superato le fasi eliminatorie che si svolgevano alla mattina per classificarsi fra gli 8 atleti delle finali che si sono svolte nel pomeriggio delle due intense giornate.\u00a0 Anna De Boni centra la finale in tutte le quattro gare a cui si era iscritta, raccogliendo poi un terzo posto nei 100 e nei 200 dorso ed un sesto posto nei 100 stile libero, rinunciando a fare la finale nei 200stile perch\u00e9 troppo vicina a quella dei 200 dorso.\u00a0 Giada Della Dora ha agguantato la finale nei 100 rana dove ha sfiorato il podio piazzandosi al 4\u00b0 posto, mentre Camilla Dalla Libera e Francesco De Bacco arrivano 8\u00b0 rispettivamente nei 200 rana e nei 200 farfalla. Ulteriore soddisfazione per Anna de Boni e Giada Della Dora che hanno ottenuto i tempi per i nazionali di primavera che si svolgeranno a Riccione rispettivamente nei 100 e 200 dorso e nei 100 rana. In generale ottime le prestazioni sportive di tutti gli altri atleti Ondablu che, stimolati dall\u2019atmosfera che si crea con l\u2019evento, tanto pi\u00f9 seguito nei social, sia nella ripresa diretta delle gare attraverso il portale, sia con tantissime visualizzazioni su youtube, hanno quasi tutti migliorato le proprie prestazioni personali.<\/p>\n<p>&nbsp;<\/p>\n<p>&nbsp;<\/p>\n<p>&nbsp;<\/p>\n<p>&nbsp;<\/p>\n<p>&nbsp;<\/p>\n<h3><a class=\"dt-pswp-item\" href=\"http:\/\/www.radiopiu.net\/wordpress\/wp-content\/uploads\/2018\/09\/WhatsApp-Image-2018-09-20-at-16.04.06.jpeg\" data-dt-img-description=\"\" data-large_image_width=\"800\" data-large_image_height=\"100\"><img loading=\"lazy\" decoding=\"async\" class=\"wp-image-61378 size-full aligncenter\" src=\"http:\/\/www.radiopiu.net\/wordpress\/wp-content\/uploads\/2018\/09\/WhatsApp-Image-2018-09-20-at-16.04.06.jpeg\" alt=\"\" width=\"800\" height=\"100\" srcset=\"https:\/\/www.radiopiu.net\/wordpress\/wp-content\/uploads\/2018\/09\/WhatsApp-Image-2018-09-20-at-16.04.06.jpeg 800w, https:\/\/www.radiopiu.net\/wordpress\/wp-content\/uploads\/2018\/09\/WhatsApp-Image-2018-09-20-at-16.04.06-300x38.jpeg 300w, https:\/\/www.radiopiu.net\/wordpress\/wp-content\/uploads\/2018\/09\/WhatsApp-Image-2018-09-20-at-16.04.06-768x96.jpeg 768w\" sizes=\"auto, (max-width: 800px) 100vw, 800px\" \/><\/a><\/h3>\n<p><center><b>Martedi 7<\/b><\/center><b>Tempo atteso: <\/b>In prevalenza soleggiato e mite in quota, pur con transito di nubi medio-alte, pi\u00f9 diffuse nelle ore centrali della giornata. Rasserenamento da met\u00e0\/tardo pomeriggio, ad iniziare dalle Dolomiti.<br \/>\n<b>Precipitazioni: <\/b>Assenti (0%).<br \/>\n<b>Temperature: <\/b>Minime pressoch\u00e9 stazionarie nelle valli, in aumento in quota, dove verranno raggiunte in tarda serata; massime in generale aumento, su valori 3-5\u00b0C superiori alla norma. Inversione termica nelle ore pi\u00f9 fredde, in temporanea attenuazione in serata per il calo termico in quota. Su Prealpi a 1500 m min 1\u00b0C max 4\u00b0C, a 2000 m min -3\u00b0C max 3\u00b0C. Su Dolomiti a 2000 m min -5\u00b0C max 2\u00b0C, a 3000 m min -12\u00b0C max -2\u00b0C.<br \/>\n<b>Venti: <\/b>Nelle valli deboli salvo per le consuete, locali brezze notturne e mattutine nella fascia prealpina; in quota deboli o moderati da nord nord-ovest, 15-30 km\/h a 2000 m, 25-35 km\/h a 3000 m.<\/p>\n<hr \/>\n<p><center><b>Mercoledi 8<\/b><\/center><b>Tempo atteso: <\/b>Cielo sereno e terso, con arrivo di nubi alte e sottili verso sera.<br \/>\n<b>Precipitazioni: <\/b>Assenti (0%)<br \/>\n<b>Temperature: <\/b>Minime in diminuzione, pi\u00f9 avvertita in quota; massime stazionarie, raggiunte sui monti in serata. L&#8217;inversione termica, inizialmente trascurabile, torner\u00e0 ad accentuarsi dalla serata. Su Prealpi a 1500 m min -1\u00b0C max 5\u00b0C, a 2000 m min -3\u00b0C max 5\u00b0C. Su Dolomiti a 2000 m min -4\u00b0C max 4\u00b0C, a 3000 m min -9\u00b0C max 0\u00b0C.<br \/>\n<b>Venti: <\/b>Nelle valli deboli o molto deboli, salvo nelle zone prealpine vicine alla pianura interessate dalle brezze notturne e mattutine; in quota deboli o molto deboli settentrionali, 5-15 km\/h a 2000 m, 5-10 km\/h a 3000 m.<\/p>\n<hr \/>\n<p><center><b>Giovedi 9<\/b><\/center>Cielo velato o parzialmente velato per la presenza di diffuse nubi alte e generalmente sottili, in un contesto di nuovo mite sui monti. Temperature in aumento in quota, pi\u00f9 sensibile nelle minime. Venti in montagna da ovest sud-ovest, in intensificazione rispetto a mercoled\u00ec, fino a moderati o tesi.<\/p>\n<hr \/>\n<p><center><b>Venerdi 10<\/b><\/center>Ancora bel tempo, con cielo sereno o poco nuvoloso per possibili nubi basse sulle Prealpi nelle ore pi\u00f9 fredde. Temperature in probabile, sensibile diminuzione in quota. Venti in montagna deboli o moderati da ovest sud-ovest, inizialmente tesi a 3000 m Previsore: B.R<\/p>\n<p>&nbsp;<\/p>\n","protected":false},"excerpt":{"rendered":"<p>&nbsp; DA OGGI CANTIERI A TAIBON E ROCCA PIETORE 641 PASSO FEDAIA ROCCA PIETORE da martedi 7 gennaio al 6 marzo senso unico alternato regolato da semaforo per tratti di 30 metri. esclusi sabato e domenica 203 AGORDINA TAIBON AGORDINO dal 7 al 30 gennaio dalle 7 alle 19 senso unico alternato regolato da semaforo.&hellip;<\/p>\n","protected":false},"author":1,"featured_media":112112,"comment_status":"closed","ping_status":"closed","sticky":false,"template":"","format":"standard","meta":{"_monsterinsights_skip_tracking":false,"_monsterinsights_sitenote_active":false,"_monsterinsights_sitenote_note":"","_monsterinsights_sitenote_category":0,"footnotes":""},"categories":[1,86],"tags":[],"class_list":["post-112039","post","type-post","status-publish","format-standard","has-post-thumbnail","hentry","category-senza-categoria","category-gr","category-1","category-86","description-off"],"img_url":"https:\/\/www.radiopiu.net\/wordpress\/wp-content\/uploads\/2020\/01\/WhatsApp-Image-2020-01-06-at-23.11.39.jpeg","_links":{"self":[{"href":"https:\/\/www.radiopiu.net\/wordpress\/wp-json\/wp\/v2\/posts\/112039","targetHints":{"allow":["GET"]}}],"collection":[{"href":"https:\/\/www.radiopiu.net\/wordpress\/wp-json\/wp\/v2\/posts"}],"about":[{"href":"https:\/\/www.radiopiu.net\/wordpress\/wp-json\/wp\/v2\/types\/post"}],"author":[{"embeddable":true,"href":"https:\/\/www.radiopiu.net\/wordpress\/wp-json\/wp\/v2\/users\/1"}],"replies":[{"embeddable":true,"href":"https:\/\/www.radiopiu.net\/wordpress\/wp-json\/wp\/v2\/comments?post=112039"}],"version-history":[{"count":0,"href":"https:\/\/www.radiopiu.net\/wordpress\/wp-json\/wp\/v2\/posts\/112039\/revisions"}],"wp:featuredmedia":[{"embeddable":true,"href":"https:\/\/www.radiopiu.net\/wordpress\/wp-json\/wp\/v2\/media\/112112"}],"wp:attachment":[{"href":"https:\/\/www.radiopiu.net\/wordpress\/wp-json\/wp\/v2\/media?parent=112039"}],"wp:term":[{"taxonomy":"category","embeddable":true,"href":"https:\/\/www.radiopiu.net\/wordpress\/wp-json\/wp\/v2\/categories?post=112039"},{"taxonomy":"post_tag","embeddable":true,"href":"https:\/\/www.radiopiu.net\/wordpress\/wp-json\/wp\/v2\/tags?post=112039"}],"curies":[{"name":"wp","href":"https:\/\/api.w.org\/{rel}","templated":true}]}}