{"id":112079,"date":"2020-01-06T18:29:01","date_gmt":"2020-01-06T17:29:01","guid":{"rendered":"https:\/\/www.radiopiu.net\/wordpress\/?p=112079"},"modified":"2020-01-07T05:31:54","modified_gmt":"2020-01-07T04:31:54","slug":"ciclabili-in-veneto-a-che-punto-siamo","status":"publish","type":"post","link":"https:\/\/www.radiopiu.net\/wordpress\/ciclabili-in-veneto-a-che-punto-siamo\/","title":{"rendered":"CICLABILI IN VENETO A CHE PUNTO SIAMO?"},"content":{"rendered":"<h2>CICLABILI IN VENETO A CHE PUNTO SIAMO?<\/h2>\n<p><strong><a class=\"dt-pswp-item\" href=\"https:\/\/www.radiopiu.net\/wordpress\/wp-content\/uploads\/2020\/01\/locandina-La-ciclabilit\u00e0-del-Veneto-a-che-punto-siamo.png\" data-dt-img-description=\"\" data-large_image_width=\"1587\" data-large_image_height=\"2245\"><img loading=\"lazy\" decoding=\"async\" class=\"size-medium wp-image-112078 alignleft\" src=\"https:\/\/www.radiopiu.net\/wordpress\/wp-content\/uploads\/2020\/01\/locandina-La-ciclabilit\u00e0-del-Veneto-a-che-punto-siamo-212x300.png\" alt=\"\" width=\"212\" height=\"300\" srcset=\"https:\/\/www.radiopiu.net\/wordpress\/wp-content\/uploads\/2020\/01\/locandina-La-ciclabilit\u00e0-del-Veneto-a-che-punto-siamo-212x300.png 212w, https:\/\/www.radiopiu.net\/wordpress\/wp-content\/uploads\/2020\/01\/locandina-La-ciclabilit\u00e0-del-Veneto-a-che-punto-siamo-724x1024.png 724w, https:\/\/www.radiopiu.net\/wordpress\/wp-content\/uploads\/2020\/01\/locandina-La-ciclabilit\u00e0-del-Veneto-a-che-punto-siamo-768x1086.png 768w, https:\/\/www.radiopiu.net\/wordpress\/wp-content\/uploads\/2020\/01\/locandina-La-ciclabilit\u00e0-del-Veneto-a-che-punto-siamo-1086x1536.png 1086w, https:\/\/www.radiopiu.net\/wordpress\/wp-content\/uploads\/2020\/01\/locandina-La-ciclabilit\u00e0-del-Veneto-a-che-punto-siamo-1448x2048.png 1448w, https:\/\/www.radiopiu.net\/wordpress\/wp-content\/uploads\/2020\/01\/locandina-La-ciclabilit\u00e0-del-Veneto-a-che-punto-siamo.png 1587w\" sizes=\"auto, (max-width: 212px) 100vw, 212px\" \/><\/a>FELTRE<\/strong> FIAB FeltreInBici, SOMS Lentiai e FIAB Belluno con il Patrocinio del comune di Borgo Valbelluna organizzano una serata dal titolo \u201cLa ciclabilit\u00e0 del Veneto, a che punto siamo?\u201d che si svolger\u00e0 Venerd\u00ec 10 gennaio 2020 alle ore 21.00, presso la sala SOMS di Borgo Valbelluna in via Mentana 1. Il rapporto che un individuo instaura con il territorio circostante quando va in bicicletta \u00e8 un legame profondo, che coinvolge tutti i sensi e permette di percepire le sfumature e i dettagli del paesaggio che con un mezzo veloce perderebbero di significato. A chi non \u00e8 mai capitato di salire in sella e scrutare elementi nuovi dello stesso ambiente familiare di cui prima ignorava l\u2019esistenza? Sempre pi\u00f9 persone scelgono di condurre una vacanza attiva ma lenta, capace di far riscoprire i luoghi pi\u00f9 caratteristici, genuini e tranquilli, lontani dal traffico motorizzato e dal caos. Spesso, per\u00f2, si \u00e8 costretti a pedalare all\u2019estero, perch\u00e9 oltre confine esistono strutture e infrastrutture in grado di rispondere alla crescente domanda di turismo attivo. Il veneto \u00e8 terra di appassionati e di campioni. . Qui si pedala, ci si muove, si circola e si visita il territorio usando le due ruote, il cui utilizzo \u00e8 in continua espansione. Qui questo veicolo, pratico, ambientale, semplice e anche salutare \u00e8 utilizzato per passione o per agonismo, da circa un milione di persone di ogni et\u00e0 e ceto sociale. Ma la regione veneto cosa fa per rendere pi\u00f9 sicuri i percorsi ciclabili, accrescerne la rete dentro e fuori le citt\u00e0, collegarla a livello internazionale, proporla anche come specifica proposta turistica? Venerd\u00ec 10 Gennaio 2020 il coordinatore regionale di FIAB Antonio dalla Venezia ci parler\u00e0 dello sviluppo della rete regionale anche in relazione al progettazione in atto delle 5 ciclovie turistiche che interessano la nostra regione . Antonio Dalla Venezia, classe 1958, veneziano, \u00e8 stato presidente dell&#8217;associazione Amici della bicicletta di Mestre dal 1992 al 2002 e presidente di FIAB nazionale dal 2007 al 2013. \u00c8 stato, inoltre, cofondatore dell&#8217;Eco-istituto del Veneto. Dal 2002 ha avviato l&#8217;Ufficio Biciclette del Comune di Venezia ed \u00e8 uno degli autori del Piano della ciclabilit\u00e0 (biciplan) del comune approvato dal Consiglio comunale nel novembre 2006. Dal 2007 al 2013 ho seguito la realizzazione pratica dei primi interventi del Biciplan. Lavora nel settore della mobilit\u00e0 e trasporti di AVM, azienda in house del Comune di Venezia. L\u2019attuale coordinatore di FIAB Veneto \u00e8 profondo conoscitore anche delle vicende della ciclabilit\u00e0 Bellunese, avendo seguito con Bortolo Calligaro ed altri, fin dagli inizi, l&#8217;impegno di Fiab Belluno per la realizzazione della Lunga via delle Dolomiti. Esperto di cicloturismo e mobilit\u00e0 urbana. FIAB \u00e8 la Federazione Italiana Ambiente e Bicicletta. FIAB \u00e8 un&#8217;organizzazione ambientalista. Lo Statuto riporta come finalit\u00e0 principale la diffusione della bicicletta quale mezzo di trasporto ecologico, in un quadro di riqualificazione dell&#8217;ambiente (urbano ed extraurbano). Si \u00e8 data un&#8217;organizzazione federativa, riunendo diverse associazioni locali, sparse in tutta Italia, che hanno lo scopo di promuovere l\u2019uso della bicicletta sia come mezzo di trasporto quotidiano per migliorare traffico e ambiente urbano, sia per la pratica dell&#8217;escursionismo in bicicletta, vale a dire di una forma di turismo particolarmente rispettosa dell\u2019ambiente.<\/p>\n","protected":false},"excerpt":{"rendered":"<p>CICLABILI IN VENETO A CHE PUNTO SIAMO? FELTRE FIAB FeltreInBici, SOMS Lentiai e FIAB Belluno con il Patrocinio del comune di Borgo Valbelluna organizzano una serata dal titolo \u201cLa ciclabilit\u00e0 del Veneto, a che punto siamo?\u201d che si svolger\u00e0 Venerd\u00ec 10 gennaio 2020 alle ore 21.00, presso la sala SOMS di Borgo Valbelluna in via&hellip;<\/p>\n","protected":false},"author":1,"featured_media":112078,"comment_status":"closed","ping_status":"closed","sticky":false,"template":"","format":"standard","meta":{"_monsterinsights_skip_tracking":false,"_monsterinsights_sitenote_active":false,"_monsterinsights_sitenote_note":"","_monsterinsights_sitenote_category":0,"footnotes":""},"categories":[49],"tags":[],"class_list":["post-112079","post","type-post","status-publish","format-standard","has-post-thumbnail","hentry","category-news-18","category-49","description-off"],"img_url":"https:\/\/www.radiopiu.net\/wordpress\/wp-content\/uploads\/2020\/01\/locandina-La-ciclabilit\u00e0-del-Veneto-a-che-punto-siamo.png","_links":{"self":[{"href":"https:\/\/www.radiopiu.net\/wordpress\/wp-json\/wp\/v2\/posts\/112079","targetHints":{"allow":["GET"]}}],"collection":[{"href":"https:\/\/www.radiopiu.net\/wordpress\/wp-json\/wp\/v2\/posts"}],"about":[{"href":"https:\/\/www.radiopiu.net\/wordpress\/wp-json\/wp\/v2\/types\/post"}],"author":[{"embeddable":true,"href":"https:\/\/www.radiopiu.net\/wordpress\/wp-json\/wp\/v2\/users\/1"}],"replies":[{"embeddable":true,"href":"https:\/\/www.radiopiu.net\/wordpress\/wp-json\/wp\/v2\/comments?post=112079"}],"version-history":[{"count":0,"href":"https:\/\/www.radiopiu.net\/wordpress\/wp-json\/wp\/v2\/posts\/112079\/revisions"}],"wp:featuredmedia":[{"embeddable":true,"href":"https:\/\/www.radiopiu.net\/wordpress\/wp-json\/wp\/v2\/media\/112078"}],"wp:attachment":[{"href":"https:\/\/www.radiopiu.net\/wordpress\/wp-json\/wp\/v2\/media?parent=112079"}],"wp:term":[{"taxonomy":"category","embeddable":true,"href":"https:\/\/www.radiopiu.net\/wordpress\/wp-json\/wp\/v2\/categories?post=112079"},{"taxonomy":"post_tag","embeddable":true,"href":"https:\/\/www.radiopiu.net\/wordpress\/wp-json\/wp\/v2\/tags?post=112079"}],"curies":[{"name":"wp","href":"https:\/\/api.w.org\/{rel}","templated":true}]}}