{"id":112176,"date":"2020-01-07T18:16:00","date_gmt":"2020-01-07T17:16:00","guid":{"rendered":"https:\/\/www.radiopiu.net\/wordpress\/?p=112176"},"modified":"2020-01-08T09:49:53","modified_gmt":"2020-01-08T08:49:53","slug":"giornale-radiopiu-08-gennaio-2020-direttore-mirko-mezzacasa","status":"publish","type":"post","link":"https:\/\/www.radiopiu.net\/wordpress\/giornale-radiopiu-08-gennaio-2020-direttore-mirko-mezzacasa\/","title":{"rendered":"GIORNALE RADIOPIU 08 GENNAIO 2020, DIRETTORE MIRKO MEZZACASA"},"content":{"rendered":"<p>&nbsp;<\/p>\n<p>&nbsp;<\/p>\n<p>&nbsp;<\/p>\n<h2><\/h2>\n<h2>Vista dalla fermata della corriera a\u00a0 Toccol di Agordo<\/h2>\n<p><strong>IERI SERA NEL CIELO DI AGORDO, da Giuliano e Nicoletta, molto probabilmente si trattava di un drone.<\/strong><\/p>\n<p><iframe loading=\"lazy\" title=\"WhatsApp Video 2020 01 07 at 17 48 42\" width=\"1200\" height=\"900\" src=\"https:\/\/www.youtube.com\/embed\/n66NLn6J5HE?feature=oembed\" frameborder=\"0\" allow=\"accelerometer; autoplay; encrypted-media; gyroscope; picture-in-picture\" allowfullscreen><\/iframe><\/p>\n<p>&nbsp;<\/p>\n<p>&nbsp;<\/p>\n<p>&nbsp;<\/p>\n<p>&nbsp;<\/p>\n<p><strong><a class=\"dt-pswp-item\" href=\"https:\/\/www.radiopiu.net\/wordpress\/wp-content\/uploads\/2020\/01\/93f81001-a1f3-4091-8cfc-5b7d73fb6996.jpg\" data-dt-img-description=\"\" data-large_image_width=\"726\" data-large_image_height=\"848\"><img loading=\"lazy\" decoding=\"async\" class=\"wp-image-112323 alignleft\" src=\"https:\/\/www.radiopiu.net\/wordpress\/wp-content\/uploads\/2020\/01\/93f81001-a1f3-4091-8cfc-5b7d73fb6996-257x300.jpg\" alt=\"\" width=\"186\" height=\"217\" srcset=\"https:\/\/www.radiopiu.net\/wordpress\/wp-content\/uploads\/2020\/01\/93f81001-a1f3-4091-8cfc-5b7d73fb6996-257x300.jpg 257w, https:\/\/www.radiopiu.net\/wordpress\/wp-content\/uploads\/2020\/01\/93f81001-a1f3-4091-8cfc-5b7d73fb6996.jpg 726w\" sizes=\"auto, (max-width: 186px) 100vw, 186px\" \/><\/a><\/strong><\/p>\n<p>&nbsp;<\/p>\n<p>&nbsp;<\/p>\n<p><strong>VIABILITA&#8217;<\/strong> Raggiunta quota 1000 iscritti nel gruppo Telegram<span style=\"color: #0000ff;\"><strong> Viabilit\u00e0 Provincia di Belluno<\/strong><\/span>. A poche settimane dalla nascita il nuovo gruppo ha raggiunto l&#8217;attenzione di 2000 occhi sulle strade bellunesi. Nei giorni delle festivit\u00e0 come in precedenza con la prima neve il gruppo ha fornito informazioni importanti per turisti e valligiani. Vengono riportate solo notizie riferite alla percorribilit\u00e0 delle strade. L&#8217;iscrizione \u00e8 gratuita, \u00e8 sufficiente iscriversi al gruppo su Telegram e poi ognuno diventa protagonista dell&#8217;informazione.<\/p>\n<p>&nbsp;<\/p>\n<p>&nbsp;<\/p>\n<p>&nbsp;<\/p>\n<p><strong>641 PASSO FEDAIA ROCCA PIETORE<\/strong> da martedi 7 gennaio al 6 marzo senso unico alternato regolato da semaforo per tratti di 30 metri. esclusi sabato e domenica<br \/>\n<strong>203 AGORDINA TAIBON AGORDINO<\/strong> dal 7 al 30 gennaio dalle 7 alle 19 senso unico alternato regolato da semaforo. esclusi festivi e prefestivi<\/p>\n<p><strong>48 DELLO DOLOMITI RIO GERE<\/strong>\u00a0 dalle 8 alle 17 fino al 10 aprile senso unico con semaforo, tratti di 200 metri per lavori posa elettrodotto<\/p>\n<div class=\"im_history_message_wrap\">\n<div class=\"im_message_outer_wrap hasselect\" data-msg-id=\"1361\">\n<div class=\"im_message_wrap clearfix\">\n<div class=\"im_content_message_wrap im_message_out\">\n<div class=\"im_message_body\">\n<div dir=\"auto\"><strong>02 PROVINCIALE VALLE DEL MIS\u00a0<\/strong> localit\u00e0 Pascoli-Val Falcina dalle 7 alle 19 fino al 28 febbraio senso unico alternato con semaforo per istallazione impianti illuminazione<\/div>\n<\/div>\n<\/div>\n<\/div>\n<\/div>\n<\/div>\n<p>&nbsp;<\/p>\n<p>&nbsp;<\/p>\n<p>&nbsp;<\/p>\n<p>&nbsp;<\/p>\n<h2>PROVINCIALE 3\u00a0 AGORDO-RIVAMONTE<\/h2>\n<p><strong>RIVAMONTE<\/strong> La provinciale collassa, la rotabile mette in evidenza un altro punto critico dopo Corde Mole e Gona ecco un altro problema da &#8221; bus&#8221; e prossimamente &#8220;tacon&#8221;. A pochi chilometri da Agordo, dopo i primi tornanti sopra Ponte Alto.<\/p>\n<p><a class=\"dt-pswp-item\" href=\"https:\/\/www.radiopiu.net\/wordpress\/wp-content\/uploads\/2020\/01\/81318174_459612001349290_6817018658246623232_n.jpg\" data-dt-img-description=\"\" data-large_image_width=\"2048\" data-large_image_height=\"1536\"><img loading=\"lazy\" decoding=\"async\" class=\"alignnone wp-image-112334\" src=\"https:\/\/www.radiopiu.net\/wordpress\/wp-content\/uploads\/2020\/01\/81318174_459612001349290_6817018658246623232_n-300x225.jpg\" alt=\"\" width=\"399\" height=\"299\" srcset=\"https:\/\/www.radiopiu.net\/wordpress\/wp-content\/uploads\/2020\/01\/81318174_459612001349290_6817018658246623232_n-300x225.jpg 300w, https:\/\/www.radiopiu.net\/wordpress\/wp-content\/uploads\/2020\/01\/81318174_459612001349290_6817018658246623232_n-1024x768.jpg 1024w, https:\/\/www.radiopiu.net\/wordpress\/wp-content\/uploads\/2020\/01\/81318174_459612001349290_6817018658246623232_n-768x576.jpg 768w, https:\/\/www.radiopiu.net\/wordpress\/wp-content\/uploads\/2020\/01\/81318174_459612001349290_6817018658246623232_n-1536x1152.jpg 1536w, https:\/\/www.radiopiu.net\/wordpress\/wp-content\/uploads\/2020\/01\/81318174_459612001349290_6817018658246623232_n.jpg 2048w\" sizes=\"auto, (max-width: 399px) 100vw, 399px\" \/><\/a><a class=\"dt-pswp-item\" href=\"https:\/\/www.radiopiu.net\/wordpress\/wp-content\/uploads\/2020\/01\/82321582_536299600315152_7701959165932994560_n.jpg\" data-dt-img-description=\"\" data-large_image_width=\"1536\" data-large_image_height=\"2048\"><img loading=\"lazy\" decoding=\"async\" class=\"alignnone size-medium wp-image-112335\" src=\"https:\/\/www.radiopiu.net\/wordpress\/wp-content\/uploads\/2020\/01\/82321582_536299600315152_7701959165932994560_n-225x300.jpg\" alt=\"\" width=\"225\" height=\"300\" srcset=\"https:\/\/www.radiopiu.net\/wordpress\/wp-content\/uploads\/2020\/01\/82321582_536299600315152_7701959165932994560_n-225x300.jpg 225w, https:\/\/www.radiopiu.net\/wordpress\/wp-content\/uploads\/2020\/01\/82321582_536299600315152_7701959165932994560_n-768x1024.jpg 768w, https:\/\/www.radiopiu.net\/wordpress\/wp-content\/uploads\/2020\/01\/82321582_536299600315152_7701959165932994560_n-1152x1536.jpg 1152w, https:\/\/www.radiopiu.net\/wordpress\/wp-content\/uploads\/2020\/01\/82321582_536299600315152_7701959165932994560_n.jpg 1536w\" sizes=\"auto, (max-width: 225px) 100vw, 225px\" \/><\/a><\/p>\n<p>&nbsp;<\/p>\n<p>&nbsp;<\/p>\n<p>&nbsp;<\/p>\n<p>&nbsp;<\/p>\n<p>&nbsp;<\/p>\n<h3>SI RIBALTA CON L&#8217;AUTO E NE ESCE QUASI INDENNE<\/h3>\n<p><strong>PONTE NELLE ALPI<\/strong> In zona artigianale Paludi ieri alle 14.45. Ribaltamento autonomo della Lancia Y condotta da L.V. 34 anni di Belluno ferito leggermente. Sul posto per i rilievi i Carabinieri del Norm di\u00a0 Belluno<\/p>\n<p><a class=\"dt-pswp-item\" href=\"https:\/\/www.radiopiu.net\/wordpress\/wp-content\/uploads\/2020\/01\/b2d71020-a6cc-4c16-ba76-63d69308be12.jpg\" data-dt-img-description=\"\" data-large_image_width=\"1280\" data-large_image_height=\"960\"><img loading=\"lazy\" decoding=\"async\" class=\"alignnone size-medium wp-image-112284\" src=\"https:\/\/www.radiopiu.net\/wordpress\/wp-content\/uploads\/2020\/01\/b2d71020-a6cc-4c16-ba76-63d69308be12-300x225.jpg\" alt=\"\" width=\"300\" height=\"225\" srcset=\"https:\/\/www.radiopiu.net\/wordpress\/wp-content\/uploads\/2020\/01\/b2d71020-a6cc-4c16-ba76-63d69308be12-300x225.jpg 300w, https:\/\/www.radiopiu.net\/wordpress\/wp-content\/uploads\/2020\/01\/b2d71020-a6cc-4c16-ba76-63d69308be12-1024x768.jpg 1024w, https:\/\/www.radiopiu.net\/wordpress\/wp-content\/uploads\/2020\/01\/b2d71020-a6cc-4c16-ba76-63d69308be12-768x576.jpg 768w, https:\/\/www.radiopiu.net\/wordpress\/wp-content\/uploads\/2020\/01\/b2d71020-a6cc-4c16-ba76-63d69308be12.jpg 1280w\" sizes=\"auto, (max-width: 300px) 100vw, 300px\" \/><\/a><\/p>\n<p>&nbsp;<\/p>\n<p>&nbsp;<\/p>\n<h2><strong>TAMPONAMENTO SULLA STRADA PER L&#8217;AEROPORTO TRA BELLUNO E PONTE NELLE ALPI<\/strong><\/h2>\n<p><strong>BELLUNO<\/strong> A bordo dell&#8217;auto mamma con due figli, tutti tre all&#8217;ospedale e una seconda automobilista coinvolta nel sinistro al Pronto Soccorso del San Martino per accertamenti. Il \u00a0tamponamento\u00a0 ieri pomeriggio nei pressi del centro commerciale Emisfero, in direzione Ponte nelle Alpi. L&#8217;auto di una 46enne di Udine, per cause in corso di accertamento da parte della polizia stradale di Belluno, ha tamponato quella di una 42enne triestina che aveva a bordo anche due bambini di uno e sei anni. Sul posto anche i vigili del fuoco e personale medico.<\/p>\n<p>&nbsp;<\/p>\n<p>&nbsp;<\/p>\n<h3>LA MONGOLFIERA PERDE QUOTA ED &#8220;ATTERRA&#8221; SUL MONTE AGUDO<\/h3>\n<p><a class=\"dt-pswp-item\" href=\"https:\/\/www.radiopiu.net\/wordpress\/wp-content\/uploads\/2020\/01\/f44d43a7-2938-47bd-a414-186fcaf2e9b9.jpg\" data-dt-img-description=\"\" data-large_image_width=\"800\" data-large_image_height=\"388\"><img loading=\"lazy\" decoding=\"async\" class=\"size-medium wp-image-112222 alignleft\" src=\"https:\/\/www.radiopiu.net\/wordpress\/wp-content\/uploads\/2020\/01\/f44d43a7-2938-47bd-a414-186fcaf2e9b9-300x146.jpg\" alt=\"\" width=\"300\" height=\"146\" srcset=\"https:\/\/www.radiopiu.net\/wordpress\/wp-content\/uploads\/2020\/01\/f44d43a7-2938-47bd-a414-186fcaf2e9b9-300x146.jpg 300w, https:\/\/www.radiopiu.net\/wordpress\/wp-content\/uploads\/2020\/01\/f44d43a7-2938-47bd-a414-186fcaf2e9b9-768x372.jpg 768w, https:\/\/www.radiopiu.net\/wordpress\/wp-content\/uploads\/2020\/01\/f44d43a7-2938-47bd-a414-186fcaf2e9b9.jpg 800w\" sizes=\"auto, (max-width: 300px) 100vw, 300px\" \/><\/a><strong>AURONZO<\/strong> Seconda giornata con i cieli solcati dalle grandi mongofiere, lunedi hanno attraversato l&#8217;Agordino e sorvolato il San Sebastiano guardando la Moiazza, ieri da Dobbiaco si sono dirette verso Auronzo ma qualche cosa non ha funzionato. Alle 13 sorvolando il\u00a0 Monte Agudo\u00a0 sopra Auronzo la mongolfiera turistica a causa di perdita di\u00a0 quota per il\u00a0 vento \u00e8 stata costretta ad atterrare\u00a0 lungo la pista Tomba.<\/p>\n<blockquote><p><em>Le otto persone complessivamente trasportate tutte di nazionalit\u00e0 tedesca sono uscite illese. Sono intervenuti i Carabinieri di Auronzo. A bordo: G.N. 57 anni, G.O. 52, A.S.57, G.S. 72 B.B. 35. B.M.35 e due minori di 17 anni.<\/em><\/p><\/blockquote>\n<p><a class=\"dt-pswp-item\" href=\"https:\/\/www.radiopiu.net\/wordpress\/wp-content\/uploads\/2020\/01\/38911d8e-d384-489f-a126-3effd3f69e3d.jpg\" data-dt-img-description=\"\" data-large_image_width=\"800\" data-large_image_height=\"388\"><img loading=\"lazy\" decoding=\"async\" class=\"alignnone wp-image-112224 size-full\" src=\"https:\/\/www.radiopiu.net\/wordpress\/wp-content\/uploads\/2020\/01\/38911d8e-d384-489f-a126-3effd3f69e3d.jpg\" alt=\"\" width=\"800\" height=\"388\" srcset=\"https:\/\/www.radiopiu.net\/wordpress\/wp-content\/uploads\/2020\/01\/38911d8e-d384-489f-a126-3effd3f69e3d.jpg 800w, https:\/\/www.radiopiu.net\/wordpress\/wp-content\/uploads\/2020\/01\/38911d8e-d384-489f-a126-3effd3f69e3d-300x146.jpg 300w, https:\/\/www.radiopiu.net\/wordpress\/wp-content\/uploads\/2020\/01\/38911d8e-d384-489f-a126-3effd3f69e3d-768x372.jpg 768w\" sizes=\"auto, (max-width: 800px) 100vw, 800px\" \/><\/a><\/p>\n<p>&nbsp;<\/p>\n<p>&nbsp;<\/p>\n<p>&nbsp;<\/p>\n<h3>SAFILO, PAURA PER 700, 16 GENNAIO INCONTRO AL MISE<\/h3>\n<article class=\"entry entry_detail\">\n<div id=\"article-body\" class=\"entry_content\">\n<p><strong>LONGARONE<\/strong>. E&#8217; di ieri\u00a0 l&#8217;incontro tra Safilo e le parti sociali dopo la presentazione del piano industriale del 10 dicembre e lo sciopero di gruppo del 13 dicembre. L\u2019azienda\u00a0 ha riconfermato il piano industriale che prevede i 700 esuberi gi\u00e0 annunciati in precedenza<em>. &#8220;Le Organizzazioni Sindacali esprimono netta contrariet\u00e0 al progetto presentato dall\u2019azienda in quanto il piano prevede quale leva primaria un pesante taglio occupazionale. Diventa invece necessario un confronto di merito su investimenti e scelte strategiche sul rilancio della Safilo&#8221;<\/em>.\u00a0 \u00a0Il 16 gennaio incontro al Ministero per lo Sviluppo Economico e i sindacati hanno ribadito la necessit\u00e0 di determinare un percorso condiviso per gestire la crisi mettendo in campo tutte le soluzioni praticabili.<em> &#8220;Chiediamo &#8211; dice\u00a0 la nota sindacale &#8211;\u00a0 l\u2019attivazione di tavoli specifici di confronto con l\u2019Azienda utili a minimizzare l\u2019impatto sociale e trovare soluzioni idonee. Nel contempo, diventano propedeutici i tavoli di confronto con le Regioni Veneto e Friuli Venezia Giulia, con l\u2019obiettivo di concordare e rendere disponibili tutti gli strumenti territoriali e istituzionali a disposizione. Sar\u00e0 nostra cura tenere informati le lavoratrici e i lavoratori sull\u2019esito dei vari confronti anche organizzando specifiche assemblee, mantenendo nel contempo attivo lo stato di agitazione ed il conseguente blocco di straordinari e flessibilit\u00e0&#8221;.<\/em><\/p>\n<div id=\"adv-Bottom\">\n<div id=\"div-gpt-ad-Bottom\" data-google-query-id=\"CJLmqJ-C8uYCFTnGuwgdEGQPfA\">\n<div id=\"google_ads_iframe_\/35012960\/corrierealpi.gelocal.it\/interna\/Bottom_0__container__\"><\/div>\n<\/div>\n<\/div>\n<\/div>\n<\/article>\n<div><\/div>\n<blockquote>\n<div><\/div>\n<\/blockquote>\n<div><\/div>\n<div id=\"desktop-taboola-below-article-thumbnails\" class=\" trc_related_container trc_spotlight_widget tbl-feed-container tbl-feed-frame-DIVIDER render-late-effect\" data-feed-container-num=\"1\" data-feed-main-container-id=\"desktop-taboola-below-article-thumbnails\" data-parent-placement-name=\"Desktop Below Article Thumbnails\" data-pub-lang=\"it\">\n<h3 class=\"tbl-feed-header-logo\">WANBAO DI NUOVO VERSO IL COMMISSARIAMENTO<\/h3>\n<p><strong>BORGOVALBELLUNA<\/strong> La buona notizia per l&#8217;impianto di Mel, secondo indiscrezioni riportate sul Corriere delle Alpi la Acc ha i requisiti per l&#8217;ammissione all&#8217;amministrazione straordinaria, cioe&#8217; per il commissariamento. Potrebbe concretizzarsi nei prossimi 10 giorni, il tavolo romano sar\u00e0 infatti presto convocato per esaminare i documenti<\/p>\n<\/div>\n<p>&nbsp;<\/p>\n<p>&nbsp;<\/p>\n<p>&nbsp;<\/p>\n<h3>FONDI DI CONFINE, NELL&#8217;EDIFICIO DELL&#8217;EX MOLINO CHE COSA CI METTIAMO?<\/h3>\n\n\t\t\t<style type='text\/css'>\n\t\t\t\t#gallery-1 {\n\t\t\t\t\tmargin: auto;\n\t\t\t\t}\n\t\t\t\t#gallery-1 .gallery-item {\n\t\t\t\t\tfloat: left;\n\t\t\t\t\tmargin-top: 10px;\n\t\t\t\t\ttext-align: center;\n\t\t\t\t\twidth: 33%;\n\t\t\t\t}\n\t\t\t\t#gallery-1 img {\n\t\t\t\t\tborder: 2px solid #cfcfcf;\n\t\t\t\t}\n\t\t\t\t#gallery-1 .gallery-caption {\n\t\t\t\t\tmargin-left: 0;\n\t\t\t\t}\n\t\t\t\t\/* see gallery_shortcode() in wp-includes\/media.php *\/\n\t\t\t<\/style>\n\t\t<div id='gallery-1' class='dt-gallery-container gallery galleryid-112176 gallery-columns-3 gallery-size-thumbnail'><dl class='gallery-item'>\n\t\t\t\t<dt class='gallery-icon landscape'>\n\t\t\t\t\t<a class=\"rollover\" href='https:\/\/www.radiopiu.net\/wordpress\/giornale-radiopiu-08-gennaio-2020-direttore-mirko-mezzacasa\/baff9e1e-9271-452c-b535-6289ba87e2e4\/'><img loading=\"lazy\" decoding=\"async\" width=\"150\" height=\"150\" src=\"https:\/\/www.radiopiu.net\/wordpress\/wp-content\/uploads\/2020\/01\/baff9e1e-9271-452c-b535-6289ba87e2e4-150x150.jpg\" class=\"attachment-thumbnail size-thumbnail\" alt=\"\" \/><\/a>\n\t\t\t\t<\/dt><\/dl><dl class='gallery-item'>\n\t\t\t\t<dt class='gallery-icon landscape'>\n\t\t\t\t\t<a class=\"rollover\" href='https:\/\/www.radiopiu.net\/wordpress\/giornale-radiopiu-08-gennaio-2020-direttore-mirko-mezzacasa\/e0a3f23d-0c6b-46af-9de0-773ee722758a\/'><img loading=\"lazy\" decoding=\"async\" width=\"150\" height=\"150\" src=\"https:\/\/www.radiopiu.net\/wordpress\/wp-content\/uploads\/2020\/01\/e0a3f23d-0c6b-46af-9de0-773ee722758a-150x150.jpg\" class=\"attachment-thumbnail size-thumbnail\" alt=\"\" \/><\/a>\n\t\t\t\t<\/dt><\/dl><dl class='gallery-item'>\n\t\t\t\t<dt class='gallery-icon landscape'>\n\t\t\t\t\t<a class=\"rollover\" href='https:\/\/www.radiopiu.net\/wordpress\/giornale-radiopiu-08-gennaio-2020-direttore-mirko-mezzacasa\/87f68cd8-bd11-4fd0-8e85-53054ddc8649\/'><img loading=\"lazy\" decoding=\"async\" width=\"150\" height=\"150\" src=\"https:\/\/www.radiopiu.net\/wordpress\/wp-content\/uploads\/2020\/01\/87f68cd8-bd11-4fd0-8e85-53054ddc8649-150x150.jpg\" class=\"attachment-thumbnail size-thumbnail\" alt=\"\" \/><\/a>\n\t\t\t\t<\/dt><\/dl><br style=\"clear: both\" \/>\n\t\t\t<\/div>\n\n<p><strong>DI GIANNI SANTOMASO\u00a0<\/strong><\/p>\n<audio class=\"wp-audio-shortcode\" id=\"audio-112176-1\" preload=\"none\" style=\"width: 100%;\" controls=\"controls\"><source type=\"audio\/mpeg\" src=\"https:\/\/www.radiopiu.net\/wordpress\/wp-content\/uploads\/2020\/01\/GIANNI-1.mp3?_=1\" \/><a href=\"https:\/\/www.radiopiu.net\/wordpress\/wp-content\/uploads\/2020\/01\/GIANNI-1.mp3\">https:\/\/www.radiopiu.net\/wordpress\/wp-content\/uploads\/2020\/01\/GIANNI-1.mp3<\/a><\/audio>\n<p>&nbsp;<\/p>\n<p>&nbsp;<\/p>\n<p>&nbsp;<\/p>\n<p>&nbsp;<\/p>\n<h3>L&#8217;AMMINISTRAZIONE INCONTRA I NEODICIOTTENNI<\/h3>\n<p><a class=\"dt-pswp-item\" href=\"https:\/\/www.radiopiu.net\/wordpress\/wp-content\/uploads\/2020\/01\/Incontro-neodiciottenni-Alpago.jpg\" data-dt-img-description=\"\" data-large_image_width=\"1600\" data-large_image_height=\"1200\"><img loading=\"lazy\" decoding=\"async\" class=\"size-medium wp-image-112152 alignleft\" src=\"https:\/\/www.radiopiu.net\/wordpress\/wp-content\/uploads\/2020\/01\/Incontro-neodiciottenni-Alpago-300x225.jpg\" alt=\"\" width=\"300\" height=\"225\" srcset=\"https:\/\/www.radiopiu.net\/wordpress\/wp-content\/uploads\/2020\/01\/Incontro-neodiciottenni-Alpago-300x225.jpg 300w, https:\/\/www.radiopiu.net\/wordpress\/wp-content\/uploads\/2020\/01\/Incontro-neodiciottenni-Alpago-1024x768.jpg 1024w, https:\/\/www.radiopiu.net\/wordpress\/wp-content\/uploads\/2020\/01\/Incontro-neodiciottenni-Alpago-768x576.jpg 768w, https:\/\/www.radiopiu.net\/wordpress\/wp-content\/uploads\/2020\/01\/Incontro-neodiciottenni-Alpago-1536x1152.jpg 1536w, https:\/\/www.radiopiu.net\/wordpress\/wp-content\/uploads\/2020\/01\/Incontro-neodiciottenni-Alpago.jpg 1600w\" sizes=\"auto, (max-width: 300px) 100vw, 300px\" \/><\/a><strong>ALPAGO<\/strong> Per il secondo anno consecutivo (l\u2019iniziativa \u00e8 partita nel 2018 con i nati nel 2000) l\u2019Amministrazione Comunale di Alpago ha invitato i neodiciottenni, residenti nel territorio comunale per un momento di incontro e scambio di auguri. L\u2019occasione propizia \u00e8 stata l\u2019ultima seduta dell\u2019anno del consiglio comunale, prima della quale il sindaco e i membri di giunta hanno accolto i ragazzi nati nel 2001, che quindi negli ultimi mesi hanno raggiunto la maggiore et\u00e0.<br \/>\n\u201cSi tratta di un\u2019occasione per avvicinare i nostri giovani alla Cosa Pubblica e alla partecipazione attiva nella comunit\u00e0, che da quest\u2019anno li vede entrare come protagonisti a pieno titolo\u201d, commenta l\u2019assessore alle Politiche Giovanili Vanessa De Francesch. \u201cPer questo \u2013 prosegue De Francesch \u2013 l\u2019Amministrazione ha deciso di far loro dono anche di una copia della Costituzione, la Carta fondamentale in cui trovano posto i diritti, ma anche i doveri principali dei cittadini\u201d. Una quindicina i ragazzi che hanno preso parte all\u2019incontro con attenzione ed interesse e sono stati invitati ad assistere alla seduta del consiglio comunale di fine anno. Durante la breve cerimonia a loro dedicata, il sindaco di Alpago Umberto Soccal ha richiamato alcuni principi fondanti della convivenza civile, primi fra tutti il rispetto dei beni pubblici e delle regole di comportamento. \u201cVivere in una comunit\u00e0, ma anche amministrarla, significa assumere delle scelte, talora non semplici, con senso di responsabilit\u00e0, equilibrio, misura, nel rispetto e nell\u2019interesse comune dei cittadini. L\u2019augurio che mi sento di farvi oggi \u00e8 che \u201cvi innamoriate\u201d sempre pi\u00f9 del vostro Comune e del vostro territorio per essere autentici protagonisti dell\u2019Alpago del futuro\u201d, ha detto \u2013 tra l\u2019altro \u2013 il sindaco Umberto Soccal.<\/p>\n<p>&nbsp;<\/p>\n<p>&nbsp;<\/p>\n<p>&nbsp;<\/p>\n<p>&nbsp;<\/p>\n<h3><strong><a class=\"dt-pswp-item\" href=\"https:\/\/www.radiopiu.net\/wordpress\/wp-content\/uploads\/2020\/01\/FAI.jpg\" data-dt-img-description=\"\" data-large_image_width=\"565\" data-large_image_height=\"800\"><img loading=\"lazy\" decoding=\"async\" class=\"wp-image-112187 alignleft\" src=\"https:\/\/www.radiopiu.net\/wordpress\/wp-content\/uploads\/2020\/01\/FAI-212x300.jpg\" alt=\"\" width=\"111\" height=\"158\" srcset=\"https:\/\/www.radiopiu.net\/wordpress\/wp-content\/uploads\/2020\/01\/FAI-212x300.jpg 212w, https:\/\/www.radiopiu.net\/wordpress\/wp-content\/uploads\/2020\/01\/FAI.jpg 565w\" sizes=\"auto, (max-width: 111px) 100vw, 111px\" \/><\/a><\/strong>SAN SIMON, IL COMPLEANNO NEL 2020<\/h3>\n<p><strong>VALLADA<\/strong> La leggenda narra che proprio nel 2020 questo grande tesoro di arte, storia e spiritualit\u00e0 festeggia i 1300 anni di vita. Ci sono luoghi che vale assolutamente la pena di scoprire e la chiesa monumentale di San Simon a Vallada Agordina \u00e8 certamente uno di questi. Da adesso, grazie al bellissimo lavoro di un figlio di questa valle, San Simon \u00e8 giustamente valorizzata con un sito web ricco di contenuti ed immagini suggestive.<br \/>\nGrazie di questo bel regalo di compleanno. SITO INTERNET: www.sansimon.eu<\/p>\n<p>&nbsp;<\/p>\n<p>&nbsp;<\/p>\n<p>&nbsp;<\/p>\n<p>&nbsp;<\/p>\n<h3>NOMINE VENETE NEL CDA MILANO CORTINA, ANTICIPAZIONE DEL PRESIDENTE DEL VENETO<\/h3>\n<p><strong>VENEZIA<\/strong> ll Presidente della Regione Luca Zaia ha annunciato la delibera con la quale la Giunta regionale ha ratificato la nomina dei due componenti che rappresenteranno la Regione del Veneto nella neonata Fondazione olimpica destinata a gestire l\u2019intera organizzazione di Milano-Cortina 2026. La Regione del Veneto ha diritto alla nomina di due componenti nel cda, uno che rappresenta esclusivamente il Veneto, un secondo che viene nominato in condivisione con il Comune di Cortina. Per procedere alla scelta la Regione ha pubblicato un bando alla cui scadenza sono state presentate oltre una quindicina di domande. Da queste \u00e8 stata effettuata la scelta. La Giunta oggi ha formalizzato la nomina dell\u2019avvocato Antonella Lillo e, per la propria parte, del prof. Andrea Giovanardi, che verr\u00e0 poi nominato anche dal Comune di Cortina.<\/p>\n<blockquote><p><em>\u201cTema di fondamentale importanza resta la legge olimpica \u2013 ha concluso il Governatore \u2013 la bozza esiste gi\u00e0, si tratta di fare qualche limatura, ma siamo a buon punto e c\u2019\u00e8 massima collaborazione con il Ministro Spadafora. Le Olimpiadi sono un\u2019opportunit\u00e0, saranno olimpiadi low cost con massima attenzione all\u2019ambiente e noi ci siamo impegnati a gestirle con il massimo della trasparenza\u201d.<\/em><\/p><\/blockquote>\n<div style=\"width: 640px;\" class=\"wp-video\"><video class=\"wp-video-shortcode\" id=\"video-112176-1\" width=\"640\" height=\"480\" preload=\"metadata\" controls=\"controls\"><source type=\"video\/mp4\" src=\"https:\/\/www.radiopiu.net\/wordpress\/wp-content\/uploads\/2020\/01\/Nomine-Cda-Olimpiadi-2026.mp4?_=1\" \/><a href=\"https:\/\/www.radiopiu.net\/wordpress\/wp-content\/uploads\/2020\/01\/Nomine-Cda-Olimpiadi-2026.mp4\">https:\/\/www.radiopiu.net\/wordpress\/wp-content\/uploads\/2020\/01\/Nomine-Cda-Olimpiadi-2026.mp4<\/a><\/video><\/div>\n<p>&nbsp;<\/p>\n<p>&nbsp;<\/p>\n<p>&nbsp;<\/p>\n<h3>AUTONOMIA A CHE PUNTO SIAMO? LE ULTIME DAL PUNTO STAMPA DI IERI DEL PRESIDENTE LUCA ZAIA<\/h3>\n<div style=\"width: 640px;\" class=\"wp-video\"><video class=\"wp-video-shortcode\" id=\"video-112176-2\" width=\"640\" height=\"480\" preload=\"metadata\" controls=\"controls\"><source type=\"video\/mp4\" src=\"https:\/\/www.radiopiu.net\/wordpress\/wp-content\/uploads\/2020\/01\/Autonomia.mp4?_=2\" \/><a href=\"https:\/\/www.radiopiu.net\/wordpress\/wp-content\/uploads\/2020\/01\/Autonomia.mp4\">https:\/\/www.radiopiu.net\/wordpress\/wp-content\/uploads\/2020\/01\/Autonomia.mp4<\/a><\/video><\/div>\n<p>&nbsp;<\/p>\n<p>&nbsp;<\/p>\n<p>&nbsp;<\/p>\n<h3>ANNO NUOVO POLEMICHE VECCHIE: &#8220;PAN E VIN&#8221; l&#8217;intervento del Governatore Luca Zaia.<\/h3>\n<div style=\"width: 640px;\" class=\"wp-video\"><video class=\"wp-video-shortcode\" id=\"video-112176-3\" width=\"640\" height=\"480\" preload=\"metadata\" controls=\"controls\"><source type=\"video\/mp4\" src=\"https:\/\/www.radiopiu.net\/wordpress\/wp-content\/uploads\/2020\/01\/Polemiche-panevin.mp4?_=3\" \/><a href=\"https:\/\/www.radiopiu.net\/wordpress\/wp-content\/uploads\/2020\/01\/Polemiche-panevin.mp4\">https:\/\/www.radiopiu.net\/wordpress\/wp-content\/uploads\/2020\/01\/Polemiche-panevin.mp4<\/a><\/video><\/div>\n<p>&nbsp;<\/p>\n<p>&nbsp;<\/p>\n<p>&nbsp;<\/p>\n<h3>SCUOLA: ISCRIZIONI AL VIA, IN VENETO PERCORSI DI ORIENTAMENTO IN OGNI PROVINCIA<\/h3>\n<p><strong><a class=\"dt-pswp-item\" href=\"https:\/\/www.radiopiu.net\/wordpress\/wp-content\/uploads\/2016\/12\/POLOTAMONICH.jpg\" data-dt-img-description=\"\" data-large_image_width=\"284\" data-large_image_height=\"158\"><img loading=\"lazy\" decoding=\"async\" class=\" wp-image-26115 alignleft\" src=\"https:\/\/www.radiopiu.net\/wordpress\/wp-content\/uploads\/2016\/12\/POLOTAMONICH.jpg\" alt=\"\" width=\"206\" height=\"114\" \/><\/a>VENEZIA\u00a0<\/strong> Al via le iscrizioni per il prossimo anno scolastico, il 2020\/2021. Dalle 8 di ieri alle 20 di venerd\u00ec 31 gennaio\u00a0 \u00e8 possibile inoltrare via web la domanda di iscrizione per gli alunni che devono frequentare le prime classi. La procedura \u00e8 sempre tramite il portale Iscrizioni online, non solo per i genitori della scuola dell\u2019obbligo e delle secondarie, ma anche per chi sceglie i corsi dei centri di formazione professionale. Per i genitori che devono ancora scegliere la scuola \u00e8 a disposizione la nuova App del portale \u2018Scuola in Chiaro\u2019 che permette di accedere con maggiore facilit\u00e0 alle principali informazioni sugli istituti. Ma molti non hanno ancora le idee chiare su quale percorso intraprendere e a quale sbocco lavorativo puntare. La Regione Veneto mette a disposizione degli studenti, delle famiglie e dei docenti del territorio regionale nuove iniziative di orientamento, su base territoriale con le 17 Reti territoriali per l\u2019Orientamento, offre alle famiglie dei ragazzi impegnati in una fase di scelta, percorsi itineranti in ognuna delle sette province del Veneto, supportati da esperti e da alcuni testimoni privilegiati: si tratta di un\u2019occasione unica per consentire di assicurare qualche strumento in pi\u00f9 per decidere consapevolmente.\u00a0 Sette gli \u00a0incontri territoriali che offriranno opportunit\u00e0 di approfondimento e confronto attraverso brevi e mirati interventi su come sta cambiando il mondo del lavoro e attraverso la presentazione di esperienze direttamente vissute dai giovani. Per\u00a0 Belluno, tra le 17,45 e le 19 di\u00a0mercoled\u00ec 15 gennaio, presso il Liceo Giorgio Dal Piaz a Feltre<\/p>\n<p>&nbsp;<\/p>\n<p>&nbsp;<\/p>\n<h3>INTE PER ANTE 2019, I PREMI DELLA PROLOCO DI LA VALLE AGORDINA<\/h3>\n<p><em><strong><a class=\"dt-pswp-item\" href=\"https:\/\/www.radiopiu.net\/wordpress\/wp-content\/uploads\/2020\/01\/WhatsApp-Image-2020-01-07-at-19.05.50.jpeg\" data-dt-img-description=\"\" data-large_image_width=\"1500\" data-large_image_height=\"2000\"><img loading=\"lazy\" decoding=\"async\" class=\"size-medium wp-image-112322 alignleft\" src=\"https:\/\/www.radiopiu.net\/wordpress\/wp-content\/uploads\/2020\/01\/WhatsApp-Image-2020-01-07-at-19.05.50-225x300.jpeg\" alt=\"\" width=\"225\" height=\"300\" srcset=\"https:\/\/www.radiopiu.net\/wordpress\/wp-content\/uploads\/2020\/01\/WhatsApp-Image-2020-01-07-at-19.05.50-225x300.jpeg 225w, https:\/\/www.radiopiu.net\/wordpress\/wp-content\/uploads\/2020\/01\/WhatsApp-Image-2020-01-07-at-19.05.50-768x1024.jpeg 768w, https:\/\/www.radiopiu.net\/wordpress\/wp-content\/uploads\/2020\/01\/WhatsApp-Image-2020-01-07-at-19.05.50-1152x1536.jpeg 1152w, https:\/\/www.radiopiu.net\/wordpress\/wp-content\/uploads\/2020\/01\/WhatsApp-Image-2020-01-07-at-19.05.50.jpeg 1500w\" sizes=\"auto, (max-width: 225px) 100vw, 225px\" \/><\/a><\/strong><\/em><\/p>\n<p>&nbsp;<\/p>\n<p>&nbsp;<\/p>\n<p>&nbsp;<\/p>\n<p>&nbsp;<\/p>\n<p>&nbsp;<\/p>\n<p>&nbsp;<\/p>\n<p>&nbsp;<\/p>\n<p>&nbsp;<\/p>\n<p>&nbsp;<\/p>\n<p><em><strong>Manifestazione di successo, la soddisfazione di Andrea Da Roit<\/strong><\/em><\/p>\n<p><strong>di GIANNI SANTOMASO<\/strong><\/p>\n<audio class=\"wp-audio-shortcode\" id=\"audio-112176-2\" preload=\"none\" style=\"width: 100%;\" controls=\"controls\"><source type=\"audio\/mpeg\" src=\"https:\/\/www.radiopiu.net\/wordpress\/wp-content\/uploads\/2020\/01\/presepi.mp3?_=2\" \/><a href=\"https:\/\/www.radiopiu.net\/wordpress\/wp-content\/uploads\/2020\/01\/presepi.mp3\">https:\/\/www.radiopiu.net\/wordpress\/wp-content\/uploads\/2020\/01\/presepi.mp3<\/a><\/audio>\n<p>&nbsp;<\/p>\n<p><a class=\"dt-pswp-item\" href=\"https:\/\/www.radiopiu.net\/wordpress\/wp-content\/uploads\/2020\/01\/WhatsApp-Image-2020-01-08-at-07.13.26-2.jpeg\" data-dt-img-description=\"\" data-large_image_width=\"960\" data-large_image_height=\"960\"><img loading=\"lazy\" decoding=\"async\" class=\"alignnone wp-image-112339\" src=\"https:\/\/www.radiopiu.net\/wordpress\/wp-content\/uploads\/2020\/01\/WhatsApp-Image-2020-01-08-at-07.13.26-2-300x300.jpeg\" alt=\"\" width=\"300\" height=\"300\" srcset=\"https:\/\/www.radiopiu.net\/wordpress\/wp-content\/uploads\/2020\/01\/WhatsApp-Image-2020-01-08-at-07.13.26-2-300x300.jpeg 300w, https:\/\/www.radiopiu.net\/wordpress\/wp-content\/uploads\/2020\/01\/WhatsApp-Image-2020-01-08-at-07.13.26-2-150x150.jpeg 150w, https:\/\/www.radiopiu.net\/wordpress\/wp-content\/uploads\/2020\/01\/WhatsApp-Image-2020-01-08-at-07.13.26-2-768x768.jpeg 768w, https:\/\/www.radiopiu.net\/wordpress\/wp-content\/uploads\/2020\/01\/WhatsApp-Image-2020-01-08-at-07.13.26-2.jpeg 960w\" sizes=\"auto, (max-width: 300px) 100vw, 300px\" \/><\/a><a class=\"dt-pswp-item\" href=\"https:\/\/www.radiopiu.net\/wordpress\/wp-content\/uploads\/2020\/01\/WhatsApp-Image-2020-01-08-at-07.13.26-1.jpeg\" data-dt-img-description=\"\" data-large_image_width=\"960\" data-large_image_height=\"960\"><img loading=\"lazy\" decoding=\"async\" class=\"alignnone wp-image-112340\" src=\"https:\/\/www.radiopiu.net\/wordpress\/wp-content\/uploads\/2020\/01\/WhatsApp-Image-2020-01-08-at-07.13.26-1-300x300.jpeg\" alt=\"\" width=\"300\" height=\"300\" srcset=\"https:\/\/www.radiopiu.net\/wordpress\/wp-content\/uploads\/2020\/01\/WhatsApp-Image-2020-01-08-at-07.13.26-1-300x300.jpeg 300w, https:\/\/www.radiopiu.net\/wordpress\/wp-content\/uploads\/2020\/01\/WhatsApp-Image-2020-01-08-at-07.13.26-1-150x150.jpeg 150w, https:\/\/www.radiopiu.net\/wordpress\/wp-content\/uploads\/2020\/01\/WhatsApp-Image-2020-01-08-at-07.13.26-1-768x768.jpeg 768w, https:\/\/www.radiopiu.net\/wordpress\/wp-content\/uploads\/2020\/01\/WhatsApp-Image-2020-01-08-at-07.13.26-1.jpeg 960w\" sizes=\"auto, (max-width: 300px) 100vw, 300px\" \/><\/a><a class=\"dt-pswp-item\" href=\"https:\/\/www.radiopiu.net\/wordpress\/wp-content\/uploads\/2020\/01\/WhatsApp-Image-2020-01-08-at-07.13.26.jpeg\" data-dt-img-description=\"\" data-large_image_width=\"960\" data-large_image_height=\"960\"><img loading=\"lazy\" decoding=\"async\" class=\"alignnone wp-image-112341\" src=\"https:\/\/www.radiopiu.net\/wordpress\/wp-content\/uploads\/2020\/01\/WhatsApp-Image-2020-01-08-at-07.13.26-300x300.jpeg\" alt=\"\" width=\"255\" height=\"255\" srcset=\"https:\/\/www.radiopiu.net\/wordpress\/wp-content\/uploads\/2020\/01\/WhatsApp-Image-2020-01-08-at-07.13.26-300x300.jpeg 300w, https:\/\/www.radiopiu.net\/wordpress\/wp-content\/uploads\/2020\/01\/WhatsApp-Image-2020-01-08-at-07.13.26-150x150.jpeg 150w, https:\/\/www.radiopiu.net\/wordpress\/wp-content\/uploads\/2020\/01\/WhatsApp-Image-2020-01-08-at-07.13.26-768x768.jpeg 768w, https:\/\/www.radiopiu.net\/wordpress\/wp-content\/uploads\/2020\/01\/WhatsApp-Image-2020-01-08-at-07.13.26.jpeg 960w\" sizes=\"auto, (max-width: 255px) 100vw, 255px\" \/><\/a><a class=\"dt-pswp-item\" href=\"https:\/\/www.radiopiu.net\/wordpress\/wp-content\/uploads\/2020\/01\/WhatsApp-Image-2020-01-08-at-07.13.12.jpeg\" data-dt-img-description=\"\" data-large_image_width=\"1600\" data-large_image_height=\"1200\"><img loading=\"lazy\" decoding=\"async\" class=\"alignnone wp-image-112342\" src=\"https:\/\/www.radiopiu.net\/wordpress\/wp-content\/uploads\/2020\/01\/WhatsApp-Image-2020-01-08-at-07.13.12-300x225.jpeg\" alt=\"\" width=\"342\" height=\"256\" srcset=\"https:\/\/www.radiopiu.net\/wordpress\/wp-content\/uploads\/2020\/01\/WhatsApp-Image-2020-01-08-at-07.13.12-300x225.jpeg 300w, https:\/\/www.radiopiu.net\/wordpress\/wp-content\/uploads\/2020\/01\/WhatsApp-Image-2020-01-08-at-07.13.12-1024x768.jpeg 1024w, https:\/\/www.radiopiu.net\/wordpress\/wp-content\/uploads\/2020\/01\/WhatsApp-Image-2020-01-08-at-07.13.12-768x576.jpeg 768w, https:\/\/www.radiopiu.net\/wordpress\/wp-content\/uploads\/2020\/01\/WhatsApp-Image-2020-01-08-at-07.13.12-1536x1152.jpeg 1536w, https:\/\/www.radiopiu.net\/wordpress\/wp-content\/uploads\/2020\/01\/WhatsApp-Image-2020-01-08-at-07.13.12.jpeg 1600w\" sizes=\"auto, (max-width: 342px) 100vw, 342px\" \/><\/a><\/p>\n<p>&nbsp;<\/p>\n<p>&nbsp;<\/p>\n<p>&nbsp;<\/p>\n<p>&nbsp;<\/p>\n<p>&nbsp;<\/p>\n<blockquote>\n<h3><strong>OCCHI BELLI, CONTROLLO GRATUITO DELLA VISTA<\/strong><\/h3>\n<p><strong><a class=\"dt-pswp-item\" href=\"https:\/\/www.radiopiu.net\/wordpress\/wp-content\/uploads\/2019\/12\/f6c6493f-d5ae-4360-93f1-55d2398e750b.jpg\" data-dt-img-description=\"\" data-large_image_width=\"900\" data-large_image_height=\"1600\"><img loading=\"lazy\" decoding=\"async\" class=\"wp-image-111442 alignleft\" src=\"https:\/\/www.radiopiu.net\/wordpress\/wp-content\/uploads\/2019\/12\/f6c6493f-d5ae-4360-93f1-55d2398e750b-169x300.jpg\" alt=\"\" width=\"109\" height=\"194\" srcset=\"https:\/\/www.radiopiu.net\/wordpress\/wp-content\/uploads\/2019\/12\/f6c6493f-d5ae-4360-93f1-55d2398e750b-169x300.jpg 169w, https:\/\/www.radiopiu.net\/wordpress\/wp-content\/uploads\/2019\/12\/f6c6493f-d5ae-4360-93f1-55d2398e750b-576x1024.jpg 576w, https:\/\/www.radiopiu.net\/wordpress\/wp-content\/uploads\/2019\/12\/f6c6493f-d5ae-4360-93f1-55d2398e750b-768x1365.jpg 768w, https:\/\/www.radiopiu.net\/wordpress\/wp-content\/uploads\/2019\/12\/f6c6493f-d5ae-4360-93f1-55d2398e750b-864x1536.jpg 864w, https:\/\/www.radiopiu.net\/wordpress\/wp-content\/uploads\/2019\/12\/f6c6493f-d5ae-4360-93f1-55d2398e750b.jpg 900w\" sizes=\"auto, (max-width: 109px) 100vw, 109px\" \/><\/a>ALLEGHE Sabato 18 gennaio dalle 14.30 alle 17.30 e domenica 19 dalle 9 alle 12 e dalle 14 alle 17 alle scuole elementari di Alleghe i medici oculisti e ortottisti dell&#8217;ospedale di Castelfranco Veneto e Montebelluna danno la possibilit\u00e0 a tutti i bambini fino a 13 anni di eseguire uno screening per la prevenzione dello strabismo ed ambliopia, occasione unica e gratuita per ottenere una valutazione preliminare.\u00a0<\/strong><\/p>\n<p>Negli anni scorsi del periodo invernale in concomitanza con la settimana bianca degli sciatori ciechi e ipovedenti che si svolgeva nell&#8217;Agordino, il Comune di Alleghe in collaborazione con L&#8217;Unione Italiana Ciechi e Ipovedenti, ma soprattutto con collaborazione con l&#8217;unit\u00e0 oculistica dell&#8217;Ospedale di Castelfranco Veneto, avevo promosso una giornata di sensibilizzazione per la prevenzione del glaucoma e la valutazione della presenza o meno della cataratta. La popolazione era stata invitata ad intervenire presso l&#8217;ambulatorio, in 13 anni si sono svolte le giornate con questo numero di visitatori: 157 (2007), 121 (2008), 124 (2009), 171 (2010), 174 (2011). 168 (2012), 97 (2013), 84 (2014), 121 (2015), 105 (2016), 106 (2017), 106 (2018), 83 (2019). Nel 2020 a differenza degli anni scorsi la giornata sar\u00e0 dedicata all&#8217;infanzia, verranno valutati tutti i minori dai 3 ai 13 anni.<\/p><\/blockquote>\n<p>&nbsp;<\/p>\n<p>&nbsp;<\/p>\n<p>&nbsp;<\/p>\n<h3>L&#8217;UNIONE MONTANA FELTRINA ALLA RICERCA DI 5 TECNICI<\/h3>\n<p><strong><a class=\"dt-pswp-item\" href=\"https:\/\/www.radiopiu.net\/wordpress\/wp-content\/uploads\/2016\/11\/bandi-e-concorsi.jpg\" data-dt-img-description=\"\" data-large_image_width=\"285\" data-large_image_height=\"270\"><img loading=\"lazy\" decoding=\"async\" class=\"wp-image-25479 alignleft\" src=\"https:\/\/www.radiopiu.net\/wordpress\/wp-content\/uploads\/2016\/11\/bandi-e-concorsi.jpg\" alt=\"\" width=\"135\" height=\"128\" \/><\/a>FELTRE <\/strong>L&#8217;Unione Montana Feltrina ha indetto un concorso pubblico per soli esami per l&#8217;assunzione a tempo indeterminato e pieno di due Istruttori Tecnici categoria C1 presso il settore gestione del territorio.\u00a0E&#8217; inoltre indetto un concorso pubblico per soli esami per l&#8217;assunzione a tempo indeterminato e pieno di tre Istruttori Tecnici categoria C1: due presso il settore pianificazione del territorio ed uno presso il Comune di Pedavena.<br \/>\nLe domande di partecipazione dovranno pervenire all&#8217;ufficio protocollo dell&#8217;Unione Montana Feltrina entro le ore 12 del 16 gennaio.\u00a0 Le modalit\u00e0&#8217; di partecipazione, i requisiti ed il fac-simile della domanda di partecipazione sono disponibili presso l\u2019ufficio del personale dell&#8217;Unione Montana Feltrina e sul sito istituzionale dell&#8217;ente\u00a0 nella sezione \u201cBandi di Concorso.<\/p>\n<p>&nbsp;<\/p>\n<p>&nbsp;<\/p>\n<p>&nbsp;<\/p>\n<h3>LA FAVOLA DEL COMITATO POLLICINO<\/h3>\n<p><strong><a class=\"dt-pswp-item\" href=\"https:\/\/www.radiopiu.net\/wordpress\/wp-content\/uploads\/2020\/01\/IMG_2808-scaled.jpg\" data-dt-img-description=\"\" data-large_image_width=\"2560\" data-large_image_height=\"1707\"><img loading=\"lazy\" decoding=\"async\" class=\"wp-image-112179 alignleft\" src=\"https:\/\/www.radiopiu.net\/wordpress\/wp-content\/uploads\/2020\/01\/IMG_2808-300x200.jpg\" alt=\"\" width=\"230\" height=\"153\" srcset=\"https:\/\/www.radiopiu.net\/wordpress\/wp-content\/uploads\/2020\/01\/IMG_2808-300x200.jpg 300w, https:\/\/www.radiopiu.net\/wordpress\/wp-content\/uploads\/2020\/01\/IMG_2808-1024x683.jpg 1024w, https:\/\/www.radiopiu.net\/wordpress\/wp-content\/uploads\/2020\/01\/IMG_2808-768x512.jpg 768w, https:\/\/www.radiopiu.net\/wordpress\/wp-content\/uploads\/2020\/01\/IMG_2808-1536x1024.jpg 1536w, https:\/\/www.radiopiu.net\/wordpress\/wp-content\/uploads\/2020\/01\/IMG_2808-2048x1365.jpg 2048w\" sizes=\"auto, (max-width: 230px) 100vw, 230px\" \/><\/a>PONTE NELLA ALPI<\/strong> Grande successo per lo spettacolo \u201cLa favola di Pollicino\u2026 come non l\u2019avete mai vista!\u201d. La sala parrocchiale di santa Giustina, gremita di gente.\u00a0 Un progetto nato dall\u2019idea di aiutare l\u2019associazione Comitato Pollicino nella raccolta fondi da destinare a un pulmino per i bambini di Casa Pollicino.\u00a0L&#8217;idea era quella di mettere in scena la classica favola di Pollicino rivisitando il finale e facendo s\u00ec che Pollicino e i suoi fratellini arrivassero proprio a Casa Pollicino, luogo accogliente e sicuro in cui ci sono persone pronte a coccolarli, a dargli un pasto caldo, lavarli e accudirli.\u00a0 Lo spettacolo \u00e8 \u00a0stato messo in scena con protagonisti i bambini per altri bambini e sono stati coinvolti alcuni volontari dell\u2019associazione che si sono calati nella parte dell\u2019orco, dell&#8217;orchessa e dei cavalieri di Pollicino. Visto il grande successo riscontrato con oltre 250 spettatori presenti, lo spettacolo verr\u00e0 riproposto a breve. Info e curiosit\u00e0<\/p>\n<p>&nbsp;<\/p>\n<p>&nbsp;<\/p>\n<p>&nbsp;<\/p>\n<h3>OLTRE 600 PERSONE NEGLI APPUNTAMENTI DELLA RASSEGNA NATALIZIA<\/h3>\n<p><a class=\"dt-pswp-item\" href=\"https:\/\/www.radiopiu.net\/wordpress\/wp-content\/uploads\/2020\/01\/3d3f9223-3b27-40aa-9c01-ecb0fdade1aa.jpg\" data-dt-img-description=\"\" data-large_image_width=\"2016\" data-large_image_height=\"1512\"><img loading=\"lazy\" decoding=\"async\" class=\" wp-image-112182 alignleft\" src=\"https:\/\/www.radiopiu.net\/wordpress\/wp-content\/uploads\/2020\/01\/3d3f9223-3b27-40aa-9c01-ecb0fdade1aa-300x225.jpg\" alt=\"\" width=\"205\" height=\"154\" srcset=\"https:\/\/www.radiopiu.net\/wordpress\/wp-content\/uploads\/2020\/01\/3d3f9223-3b27-40aa-9c01-ecb0fdade1aa-300x225.jpg 300w, https:\/\/www.radiopiu.net\/wordpress\/wp-content\/uploads\/2020\/01\/3d3f9223-3b27-40aa-9c01-ecb0fdade1aa-1024x768.jpg 1024w, https:\/\/www.radiopiu.net\/wordpress\/wp-content\/uploads\/2020\/01\/3d3f9223-3b27-40aa-9c01-ecb0fdade1aa-768x576.jpg 768w, https:\/\/www.radiopiu.net\/wordpress\/wp-content\/uploads\/2020\/01\/3d3f9223-3b27-40aa-9c01-ecb0fdade1aa-1536x1152.jpg 1536w, https:\/\/www.radiopiu.net\/wordpress\/wp-content\/uploads\/2020\/01\/3d3f9223-3b27-40aa-9c01-ecb0fdade1aa.jpg 2016w\" sizes=\"auto, (max-width: 205px) 100vw, 205px\" \/><\/a><strong>FELTRE<\/strong> E\u2019 stato, ancora una volta, un successo, oltre che una vera e propria festa multicolore. La rassegna \u201cNatale a Feltre\u201d, partita il 23 dicembre scorso dall\u2019Officinema, si \u00e8 conclusa nel giorno dell\u2019Epifania, a Mugnai, facendo registrare praticamente in ogni appuntamento il \u201ctutto esaurito\u201d. Oltre 600 le persone coinvolte nel tour natalizio, con i bambini, naturalmente, grandi protagonisti dei momenti di spettacolo e animazione, ma con genitori, amici e familiari che non si sono voluti perdere l\u2019occasione di vivere da vicino l\u2019arte dei burattini, della recitazione, della lettura animata e della giocoleria.<\/p>\n<blockquote><p><i>L&#8217;ASSESSORE ALLE POLITICHE GIOVANILI GIORGIA LICASTRI<\/i><\/p>\n<audio class=\"wp-audio-shortcode\" id=\"audio-112176-3\" preload=\"none\" style=\"width: 100%;\" controls=\"controls\"><source type=\"audio\/mpeg\" src=\"https:\/\/www.radiopiu.net\/wordpress\/wp-content\/uploads\/2020\/01\/GIORGIA.mp3?_=3\" \/><a href=\"https:\/\/www.radiopiu.net\/wordpress\/wp-content\/uploads\/2020\/01\/GIORGIA.mp3\">https:\/\/www.radiopiu.net\/wordpress\/wp-content\/uploads\/2020\/01\/GIORGIA.mp3<\/a><\/audio><\/blockquote>\n<p>Oltre una decina gli appuntamenti proposti nell\u2019arco delle festivit\u00e0 natalizie, dislocati tra il centro storico della citt\u00e0 e le frazioni di Zermen, Villabruna, Anz\u00f9 e Mugnai, ma con delle \u201cincursioni\u201d quanto mai attese e apprezzate anche nel reparto di pediatria dell\u2019ospedale \u201cSanta Maria del Prato\u201d e presso la casa di riposo \u201cBrandalise\u201d.<\/p>\n<blockquote><p><em>\u201cIl successo della rassegna \u201cNatale a Feltre\u201d testimonia ancora una volta la bont\u00e0 della formula che abbiamo scelto, con la proposta di una serie di appuntamenti differenziati tra loro nei contenuti e dislocati in varie zone e luoghi del territorio comunale. Fare cultura significa anche questo: pensare a momenti di aggregazione, e in questo caso di festa, per i pi\u00f9 piccoli e per le loro famiglie, valorizzando la tradizione di qualit\u00e0 e il contatto diretto con forme d\u2019arte antiche, ma sempre attualissime\u201d, il commento dell\u2019assessore alla Cultura del Comune di Feltre Alessandro Del Bianco.<\/em><\/p><\/blockquote>\n<p>&nbsp;<\/p>\n<p>&nbsp;<\/p>\n<h2><span style=\"color: #ff0000;\">DILLO A RADIO PIU&#8217;<\/span><\/h2>\n<p><strong>di Rodolfo Pellegrinon, Falcade<\/strong><\/p>\n<blockquote><p><em>Ci risiamo. Ogni anno,\u00a0 ogni fine stagione la solita storia. Le code chilometriche sulla regionale 203 agordina. Per risolvere\u00a0 il grave, direi gravissimo,\u00a0 problema del traffico se ne parla ormai da anni. Riunioni, convegni, assemblee. Chiacchiere al vento che si dimenticano in fretta fino alla successiva situazione che \u00e8 sempre peggiore alla precedente. Credo che pi\u00f9 che i problemi per risolverli manchi la buona volont\u00e0 di amministratori e tecnici. Per la rotonda di Cencenighe si dice che un \u201cproblema\u201d sia\u00a0 il monumento in piazza. Ma scusate, non vedo la difficolt\u00e0 di spostare un monumento in un altro luogo ( lo si pu\u00f2 fare in pochi giorni) in altre occasioni si spostano paesi interi o intere frazioni in poco tempo, ma siamo in Italia dove tutto \u00e8 difficile, dove la burocrazia la fa da padrona. Per il monumento di Cencenighe non credo occorra per lo spostamento l\u2019autorizzazione dei caduti della guerra 1915\/1918. Allora,\u00a0 sindaci datevi da fare, con la buona volont\u00e0 si pu\u00f2 fare tutto cerchiamo di risolvere in fretta il problema viabilit\u00e0 che contribuir\u00e0 ad incentivare il turismo in tutte le Valli del Biois e Cordevole, non aspettiamo che il turista si stanchi e lasci per sempre le nostre zone\u00a0 gi\u00e0 penalizzate in altri settori.<\/em><\/p><\/blockquote>\n<p>&nbsp;<\/p>\n<p>&nbsp;<\/p>\n<p>&nbsp;<\/p>\n<h2><span style=\"color: #ff0000;\">DILLO A RADIO PIU&#8217;<\/span><\/h2>\n<p><strong>di Roberto Mosca<\/strong><\/p>\n<div class=\"_3_bl\">\n<div class=\"_5w1r _3_om _5wdf\">\n<div class=\"_4gx_\">\n<div class=\"_1aa6\">\n<blockquote>\n<div class=\"\"><em><span class=\"_5yl5\">La Provincia di Belluno detiene la quota di maggioranza di Dolomiti Bus. Ecco alcune differenze\u00a0 sui titoli di viaggio a dispetto delle altre aziende di trasporto. Se a Vittorio Veneto, Conegliano un biglietto urbano costa 1,30 centesimi di euro a Belluno il medesimo costa 10 centesimi in pi\u00f9 e nelle tratte pi\u00f9 gettonate come la zona della Veneggia viene obbligatorio munirsi di un biglietto di ritorno con un ulteriore esborso di 1,40 euro poich\u00e9 i minuti che dovrebbe coprire si azzerano essendo validi su un unica tratta per raggiungere la destinazione. Un abbonamento urbano mensile per i disabili a Vittorio Veneto costa senza limiti di tempo, fasce orarie e corse 7 euro al mese a Belluno un abbonamento settimanale urbano viaggia sull\u2019ordine dei 5 euro e se in provincia di Treviso il biglietto si pu\u00f2 acquistare attraverso l\u2019invio di un sms in modo semplice e immediato con Dolomiti Bus \u00e8 necessario loggarsi con una carta di credito dopo aver scaricato un app sullo smartphone.\u00a0<\/span><\/em><\/div>\n<\/blockquote>\n<div><\/div>\n<\/div>\n<\/div>\n<\/div>\n<\/div>\n<div class=\"_aou\" tabindex=\"0\" role=\"button\" aria-label=\"View message reactions\"><\/div>\n<div tabindex=\"0\" role=\"button\" aria-label=\"View message reactions\"><\/div>\n<div tabindex=\"0\" role=\"button\" aria-label=\"View message reactions\"><\/div>\n<blockquote>\n<div tabindex=\"0\" role=\"button\" aria-label=\"View message reactions\"><\/div>\n<\/blockquote>\n<div tabindex=\"0\" role=\"button\" aria-label=\"View message reactions\"><\/div>\n<div tabindex=\"0\" role=\"button\" aria-label=\"View message reactions\"><\/div>\n<p>&nbsp;<\/p>\n<h3>CON UNA MERAVIGLIOSA COPERTINA LA RASSEGNA DOLOMITI BELLUNESI di RENATO BONA<\/h3>\n<p><strong>BELLUNO<\/strong> Puntualmente \u00e8 stato distribuito il semestrale \u201cLe Dolomiti bellunesi\u201d, rassegna (diretta da Ernesto Majoni) delle sezioni bellunesi del Club Alpino italiano, stampata da Grafiche Antiga di Crocetta del Montello e giunta all\u2019anno numero 42.E\u2019 impreziosita dalla splendida copertina (autore della foto Giorgio Fontanive che l\u2019ha scattata alle 7,16 del 6 ottobre dello scorso 2019) definendola: \u201cAurora dal Passo San Pellegrino verso la civetta: un grande regalo per chi \u00e8 transitato nei pochi minuti di uno spettacolo trascendentale\u201d. Nel suo editoriale, intitolato \u201cLimiti per i \u2018bisonti\u2019 della strada\u201d, il direttore Cavallet affrontando il sempre attualissimo tema dell\u2019ambiente e degli interventi considerati indifferibili per mettere in sicurezza il pianeta, arriva alla conclusione che: \u201c\u2026 una limitazione &#8211; bene argomentata con dati che poco lasciano all\u2019interpretazione in tema di fragilit\u00e0 del territorio &#8211; pu\u00f2 e deve essere considerata\u201d. E che \u201cLe autorit\u00e0 competenti in materia sono chiamate a dare risposte rapide ed efficaci. E su di loro, la collettivit\u00e0 bellunese deve esercitare la massima pressione\u201d. \u201cLe Dolomiti Bellunesi\u201d ospita quindi i seguenti servizi tutti di notevole interesse: \u201cSchiara, P\u00e8lf, Caiada. Cenni storici ed esplorativi dagli anni \u201920 al 1960\u201d con testo e immagini di Corrado Angelini, delegato della Commissione medica Uiaa; \u201cSan Mamante. Un santo, una chiesetta, una valle\u201d, testo e immagini di Giuliano Dal Mas, sezione di Belluno Gism; \u201cCansiglio ieri e oggi\u201d, testo di Pier Giovanni Fain, immagini di Lorenza Tita Fain; \u201cLa strada di Amelia\u201d, approfondimenti su un percorso che ha unito l\u2019Agordino del medio Cordevole al mondo ladino\u201d, testo e immagini di Giorgio Fontanive, sezione Agordina Cai; \u201cI cugini De Carlo di Calalzo di Cadore. Alpinisti, guide alpine e soldati\u201d, testo di Antonella Forner, sezione Cai di Calalzo, immagini d\u2019archivio della stessa Sezione; \u201cLe Alpi nel mondo antico\u201d, di Luisa Manfroi della Sezione agordina; \u201cLa geopolitica delle Alpi, tra storia e geografia. Attualit\u00e0 di Paul Guichonnet (1920-2018)\u201d, testi e immagini di Silvia Metzeltin, Caai; \u201cLa schitarola. Alpinismo di quasi settant\u2019anni fa\u201d, testo di Paolo Pellegrini senior; \u201cFabbri, il giudice del Vajont\u201d, testo e immagini di Maurizio Reberschak; \u201cLa Wolf Glanvell Hutte e la Sciara del Minigh\u00e8l\u201d, appunti poco noti di storia dell\u2019alpinismo ampezzano\u201d, testo e immagini di Roberto Vecellio, Sezione di Cortina. In chiusura: Senza barriere, l\u2019angolo del Gism che si occupa di \u201cAlpinismo al femminile: \u00e8 ancora tanta la strada da fare\u201d; Notiziario in cui, fra l\u2019altro, la Fondazione G. Angelini di Belluno si sofferma su \u201cIl dopo Vaia sotto i riflettori dei convegni\u201d; le Cronache sezionali e l\u2019annuncio che, per ricordare il quarantennale dalla fondazione, la Rivista \u201cche dall\u2019ormai lontano 1978 racconta l\u2019andar per monti nelle Dolomiti bellunesi\u201d, ha commissionato la realizzazione di un supporto Usb con le scansioni di tutti i fascicoli pubblicati fino al Natale 2017: migliaia di pagine ed immagini \u201cche raccontano una lunga storia di alpinismo, cultura e vita alpina tra le nostre montagne e non solo\u201d. Il supporto \u00e8 a disposizione di Sezioni e soci del Cai al costo di 30 euro; \u00e8 consigliata la prenotazione telefonando al 389-5866235 o scrivendo all\u2019indirizzo e-mail:ldb.segreteria@gmail.com.<\/p>\n\n\t\t\t<style type='text\/css'>\n\t\t\t\t#gallery-2 {\n\t\t\t\t\tmargin: auto;\n\t\t\t\t}\n\t\t\t\t#gallery-2 .gallery-item {\n\t\t\t\t\tfloat: left;\n\t\t\t\t\tmargin-top: 10px;\n\t\t\t\t\ttext-align: center;\n\t\t\t\t\twidth: 33%;\n\t\t\t\t}\n\t\t\t\t#gallery-2 img {\n\t\t\t\t\tborder: 2px solid #cfcfcf;\n\t\t\t\t}\n\t\t\t\t#gallery-2 .gallery-caption {\n\t\t\t\t\tmargin-left: 0;\n\t\t\t\t}\n\t\t\t\t\/* see gallery_shortcode() in wp-includes\/media.php *\/\n\t\t\t<\/style>\n\t\t<div id='gallery-2' class='dt-gallery-container gallery galleryid-112176 gallery-columns-3 gallery-size-thumbnail'><dl class='gallery-item'>\n\t\t\t\t<dt class='gallery-icon portrait'>\n\t\t\t\t\t<a class=\"rollover\" href='https:\/\/www.radiopiu.net\/wordpress\/giornale-radiopiu-08-gennaio-2020-direttore-mirko-mezzacasa\/81949409_589228364956494_3578602906061897728_n\/'><img loading=\"lazy\" decoding=\"async\" width=\"150\" height=\"150\" src=\"https:\/\/www.radiopiu.net\/wordpress\/wp-content\/uploads\/2020\/01\/81949409_589228364956494_3578602906061897728_n-150x150.jpg\" class=\"attachment-thumbnail size-thumbnail\" alt=\"\" \/><\/a>\n\t\t\t\t<\/dt><\/dl><dl class='gallery-item'>\n\t\t\t\t<dt class='gallery-icon portrait'>\n\t\t\t\t\t<a class=\"rollover\" href='https:\/\/www.radiopiu.net\/wordpress\/giornale-radiopiu-08-gennaio-2020-direttore-mirko-mezzacasa\/82331910_461784884770388_1423354262133407744_n\/'><img loading=\"lazy\" decoding=\"async\" width=\"150\" height=\"150\" src=\"https:\/\/www.radiopiu.net\/wordpress\/wp-content\/uploads\/2020\/01\/82331910_461784884770388_1423354262133407744_n-150x150.jpg\" class=\"attachment-thumbnail size-thumbnail\" alt=\"\" \/><\/a>\n\t\t\t\t<\/dt><\/dl><dl class='gallery-item'>\n\t\t\t\t<dt class='gallery-icon portrait'>\n\t\t\t\t\t<a class=\"rollover\" href='https:\/\/www.radiopiu.net\/wordpress\/giornale-radiopiu-08-gennaio-2020-direttore-mirko-mezzacasa\/81675247_534992413763726_367592803322036224_n\/'><img loading=\"lazy\" decoding=\"async\" width=\"150\" height=\"150\" src=\"https:\/\/www.radiopiu.net\/wordpress\/wp-content\/uploads\/2020\/01\/81675247_534992413763726_367592803322036224_n-150x150.jpg\" class=\"attachment-thumbnail size-thumbnail\" alt=\"\" \/><\/a>\n\t\t\t\t<\/dt><\/dl><br style=\"clear: both\" \/><dl class='gallery-item'>\n\t\t\t\t<dt class='gallery-icon landscape'>\n\t\t\t\t\t<a class=\"rollover\" href='https:\/\/www.radiopiu.net\/wordpress\/giornale-radiopiu-08-gennaio-2020-direttore-mirko-mezzacasa\/81706398_450571409162482_4717309520617930752_n\/'><img loading=\"lazy\" decoding=\"async\" width=\"150\" height=\"150\" src=\"https:\/\/www.radiopiu.net\/wordpress\/wp-content\/uploads\/2020\/01\/81706398_450571409162482_4717309520617930752_n-150x150.jpg\" class=\"attachment-thumbnail size-thumbnail\" alt=\"\" \/><\/a>\n\t\t\t\t<\/dt><\/dl><dl class='gallery-item'>\n\t\t\t\t<dt class='gallery-icon landscape'>\n\t\t\t\t\t<a class=\"rollover\" href='https:\/\/www.radiopiu.net\/wordpress\/giornale-radiopiu-08-gennaio-2020-direttore-mirko-mezzacasa\/81432200_470741723644283_4238228445852598272_n\/'><img loading=\"lazy\" decoding=\"async\" width=\"150\" height=\"150\" src=\"https:\/\/www.radiopiu.net\/wordpress\/wp-content\/uploads\/2020\/01\/81432200_470741723644283_4238228445852598272_n-150x150.jpg\" class=\"attachment-thumbnail size-thumbnail\" alt=\"\" \/><\/a>\n\t\t\t\t<\/dt><\/dl><dl class='gallery-item'>\n\t\t\t\t<dt class='gallery-icon landscape'>\n\t\t\t\t\t<a class=\"rollover\" href='https:\/\/www.radiopiu.net\/wordpress\/giornale-radiopiu-08-gennaio-2020-direttore-mirko-mezzacasa\/81571559_448143876066028_4730969625448153088_n\/'><img loading=\"lazy\" decoding=\"async\" width=\"150\" height=\"150\" src=\"https:\/\/www.radiopiu.net\/wordpress\/wp-content\/uploads\/2020\/01\/81571559_448143876066028_4730969625448153088_n-150x150.jpg\" class=\"attachment-thumbnail size-thumbnail\" alt=\"\" \/><\/a>\n\t\t\t\t<\/dt><\/dl><br style=\"clear: both\" \/><dl class='gallery-item'>\n\t\t\t\t<dt class='gallery-icon landscape'>\n\t\t\t\t\t<a class=\"rollover\" href='https:\/\/www.radiopiu.net\/wordpress\/giornale-radiopiu-08-gennaio-2020-direttore-mirko-mezzacasa\/81360015_2407080306088089_2346085963718983680_n\/'><img loading=\"lazy\" decoding=\"async\" width=\"150\" height=\"150\" src=\"https:\/\/www.radiopiu.net\/wordpress\/wp-content\/uploads\/2020\/01\/81360015_2407080306088089_2346085963718983680_n-150x150.jpg\" class=\"attachment-thumbnail size-thumbnail\" alt=\"\" \/><\/a>\n\t\t\t\t<\/dt><\/dl><dl class='gallery-item'>\n\t\t\t\t<dt class='gallery-icon landscape'>\n\t\t\t\t\t<a class=\"rollover\" href='https:\/\/www.radiopiu.net\/wordpress\/giornale-radiopiu-08-gennaio-2020-direttore-mirko-mezzacasa\/81693557_454888578789555_7962547252826734592_n\/'><img loading=\"lazy\" decoding=\"async\" width=\"150\" height=\"150\" src=\"https:\/\/www.radiopiu.net\/wordpress\/wp-content\/uploads\/2020\/01\/81693557_454888578789555_7962547252826734592_n-150x150.jpg\" class=\"attachment-thumbnail size-thumbnail\" alt=\"\" \/><\/a>\n\t\t\t\t<\/dt><\/dl><dl class='gallery-item'>\n\t\t\t\t<dt class='gallery-icon portrait'>\n\t\t\t\t\t<a class=\"rollover\" href='https:\/\/www.radiopiu.net\/wordpress\/giornale-radiopiu-08-gennaio-2020-direttore-mirko-mezzacasa\/81513949_535096877084785_5246447537275011072_n\/'><img loading=\"lazy\" decoding=\"async\" width=\"150\" height=\"150\" src=\"https:\/\/www.radiopiu.net\/wordpress\/wp-content\/uploads\/2020\/01\/81513949_535096877084785_5246447537275011072_n-150x150.jpg\" class=\"attachment-thumbnail size-thumbnail\" alt=\"\" \/><\/a>\n\t\t\t\t<\/dt><\/dl><br style=\"clear: both\" \/><dl class='gallery-item'>\n\t\t\t\t<dt class='gallery-icon landscape'>\n\t\t\t\t\t<a class=\"rollover\" href='https:\/\/www.radiopiu.net\/wordpress\/giornale-radiopiu-08-gennaio-2020-direttore-mirko-mezzacasa\/81373227_501083377209566_6486803757005799424_n\/'><img loading=\"lazy\" decoding=\"async\" width=\"150\" height=\"150\" src=\"https:\/\/www.radiopiu.net\/wordpress\/wp-content\/uploads\/2020\/01\/81373227_501083377209566_6486803757005799424_n-150x150.jpg\" class=\"attachment-thumbnail size-thumbnail\" alt=\"\" \/><\/a>\n\t\t\t\t<\/dt><\/dl>\n\t\t\t\t<br style='clear: both' \/>\n\t\t\t<\/div>\n\n<p>NELLE FOTO(riproduzioni dalla Rassegna): la splendida copertina della pubblicazione Cai; Giovanni Angelini; Cascata in valle; il Cansiglio; il casotto dell\u2019antica dogana; sulle Marmarole; Guichonnet con Ester Cason della Fondazione Angelini; la Torre Grande; il giudice Mario Fabbri (a destra), giudice istruttore del Vajont con il procuratore della Repubblica di Belluno, pure lui scomparso, Arcangelo Mandarino; Agostino Demenego,Cesare Menardi e Angelo Valle in una baracca sul Monte Castello in alta Val Traven\u00e0nzes.<\/p>\n<p>&nbsp;<\/p>\n<p>&nbsp;<\/p>\n<p>&nbsp;<\/p>\n<blockquote class=\"wp-embedded-content\" data-secret=\"pXz8ks6Rai\"><p><a href=\"https:\/\/www.radiopiu.net\/wordpress\/estrazione-lotteria\/\">ESTRAZIONE LOTTERIA SCI NORDICO MARMOLADA, I BIGLIETTI VINCENTI<\/a><\/p><\/blockquote>\n<p><iframe loading=\"lazy\" title=\"&#8220;ESTRAZIONE LOTTERIA SCI NORDICO MARMOLADA, I BIGLIETTI VINCENTI&#8221; &#8212; Radio Pi\u00f9\" class=\"wp-embedded-content\" sandbox=\"allow-scripts\" security=\"restricted\" style=\"position: absolute; clip: rect(1px, 1px, 1px, 1px);\" src=\"https:\/\/www.radiopiu.net\/wordpress\/estrazione-lotteria\/embed\/#?secret=pXz8ks6Rai\" data-secret=\"pXz8ks6Rai\" width=\"600\" height=\"338\" frameborder=\"0\" marginwidth=\"0\" marginheight=\"0\" scrolling=\"no\"><\/iframe><\/p>\n<p>&nbsp;<\/p>\n<p>&nbsp;<\/p>\n<p>&nbsp;<\/p>\n<p>&nbsp;<\/p>\n<h3><a class=\"dt-pswp-item\" href=\"http:\/\/www.radiopiu.net\/wordpress\/wp-content\/uploads\/2018\/09\/appuntamenti.jpeg\" data-dt-img-description=\"\" data-large_image_width=\"800\" data-large_image_height=\"100\"><img loading=\"lazy\" decoding=\"async\" class=\"aligncenter wp-image-61958 size-full\" src=\"http:\/\/www.radiopiu.net\/wordpress\/wp-content\/uploads\/2018\/09\/appuntamenti.jpeg\" alt=\"\" width=\"800\" height=\"100\" srcset=\"https:\/\/www.radiopiu.net\/wordpress\/wp-content\/uploads\/2018\/09\/appuntamenti.jpeg 800w, https:\/\/www.radiopiu.net\/wordpress\/wp-content\/uploads\/2018\/09\/appuntamenti-300x38.jpeg 300w, https:\/\/www.radiopiu.net\/wordpress\/wp-content\/uploads\/2018\/09\/appuntamenti-768x96.jpeg 768w\" sizes=\"auto, (max-width: 800px) 100vw, 800px\" \/><\/a><\/h3>\n<p>&nbsp;<\/p>\n<p>&nbsp;<\/p>\n<h3>IN TELEVISIONE CON IL CAI DI AGORDO<\/h3>\n<p><a class=\"dt-pswp-item\" href=\"https:\/\/www.radiopiu.net\/wordpress\/wp-content\/uploads\/2020\/01\/83e35cbb-fe97-4591-b996-de311820bc22.jpg\" data-dt-img-description=\"\" data-large_image_width=\"1079\" data-large_image_height=\"606\"><img loading=\"lazy\" decoding=\"async\" class=\"alignnone size-medium wp-image-112291\" src=\"https:\/\/www.radiopiu.net\/wordpress\/wp-content\/uploads\/2020\/01\/83e35cbb-fe97-4591-b996-de311820bc22-300x168.jpg\" alt=\"\" width=\"300\" height=\"168\" srcset=\"https:\/\/www.radiopiu.net\/wordpress\/wp-content\/uploads\/2020\/01\/83e35cbb-fe97-4591-b996-de311820bc22-300x168.jpg 300w, https:\/\/www.radiopiu.net\/wordpress\/wp-content\/uploads\/2020\/01\/83e35cbb-fe97-4591-b996-de311820bc22-1024x575.jpg 1024w, https:\/\/www.radiopiu.net\/wordpress\/wp-content\/uploads\/2020\/01\/83e35cbb-fe97-4591-b996-de311820bc22-768x431.jpg 768w, https:\/\/www.radiopiu.net\/wordpress\/wp-content\/uploads\/2020\/01\/83e35cbb-fe97-4591-b996-de311820bc22.jpg 1079w\" sizes=\"auto, (max-width: 300px) 100vw, 300px\" \/><\/a><\/p>\n<p>&nbsp;<\/p>\n<h3><\/h3>\n<h3>AL CINEMA ITALIA, 20, 21 22\u00a0 GENNAIO 19.30 E 22 GENNAIO 21.30<\/h3>\n<p><a class=\"dt-pswp-item\" href=\"https:\/\/www.radiopiu.net\/wordpress\/wp-content\/uploads\/2020\/01\/e32a9d42-8dfe-4b23-b64b-2dd5eb1766b5.jpg\" data-dt-img-description=\"\" data-large_image_width=\"1600\" data-large_image_height=\"782\"><img loading=\"lazy\" decoding=\"async\" class=\"alignnone size-medium wp-image-112229\" src=\"https:\/\/www.radiopiu.net\/wordpress\/wp-content\/uploads\/2020\/01\/e32a9d42-8dfe-4b23-b64b-2dd5eb1766b5-300x147.jpg\" alt=\"\" width=\"300\" height=\"147\" srcset=\"https:\/\/www.radiopiu.net\/wordpress\/wp-content\/uploads\/2020\/01\/e32a9d42-8dfe-4b23-b64b-2dd5eb1766b5-300x147.jpg 300w, https:\/\/www.radiopiu.net\/wordpress\/wp-content\/uploads\/2020\/01\/e32a9d42-8dfe-4b23-b64b-2dd5eb1766b5-1024x500.jpg 1024w, https:\/\/www.radiopiu.net\/wordpress\/wp-content\/uploads\/2020\/01\/e32a9d42-8dfe-4b23-b64b-2dd5eb1766b5-768x375.jpg 768w, https:\/\/www.radiopiu.net\/wordpress\/wp-content\/uploads\/2020\/01\/e32a9d42-8dfe-4b23-b64b-2dd5eb1766b5-1536x751.jpg 1536w, https:\/\/www.radiopiu.net\/wordpress\/wp-content\/uploads\/2020\/01\/e32a9d42-8dfe-4b23-b64b-2dd5eb1766b5.jpg 1600w\" sizes=\"auto, (max-width: 300px) 100vw, 300px\" \/><\/a><a class=\"dt-pswp-item\" href=\"https:\/\/www.radiopiu.net\/wordpress\/wp-content\/uploads\/2020\/01\/9ad0a765-5ea2-4906-8b5a-ff6a1cf80edf.jpg\" data-dt-img-description=\"\" data-large_image_width=\"820\" data-large_image_height=\"349\"><img loading=\"lazy\" decoding=\"async\" class=\"alignnone wp-image-112231\" src=\"https:\/\/www.radiopiu.net\/wordpress\/wp-content\/uploads\/2020\/01\/9ad0a765-5ea2-4906-8b5a-ff6a1cf80edf-300x128.jpg\" alt=\"\" width=\"323\" height=\"138\" srcset=\"https:\/\/www.radiopiu.net\/wordpress\/wp-content\/uploads\/2020\/01\/9ad0a765-5ea2-4906-8b5a-ff6a1cf80edf-300x128.jpg 300w, https:\/\/www.radiopiu.net\/wordpress\/wp-content\/uploads\/2020\/01\/9ad0a765-5ea2-4906-8b5a-ff6a1cf80edf-768x327.jpg 768w, https:\/\/www.radiopiu.net\/wordpress\/wp-content\/uploads\/2020\/01\/9ad0a765-5ea2-4906-8b5a-ff6a1cf80edf.jpg 820w\" sizes=\"auto, (max-width: 323px) 100vw, 323px\" \/><\/a><\/p>\n<p>&nbsp;<\/p>\n<p>&nbsp;<\/p>\n<p>&nbsp;<\/p>\n<p><strong>BELLUNO<\/strong> E\u2019 arrivato alla 27ma edizione il Gran Gal\u00e0 organizzato dall\u2019Accademia e dalla Fisorchestra \u201cG. Rossini\u201d che, come ogni anno, apre una nuova stagione concertistica. L\u2019appuntamento \u00e8 per le 20.45 di sabato 11 gennaio al Teatro Giovanni XXIII di Belluno. Il Gran Gal\u00e0 sar\u00e0 chiuso dall\u2019esibizione della Fisorchestra \u201cG. Rossini\u201d di S. Giustina. Nel corso dello spettacolo sar\u00e0 consegnato il premio \u201cUna vita per la musica\u201d,\u00a0 viene assegnato alle persone che si sono dedicate alla musica per un\u2019intera vita con passione e amore, diffondendone il messaggio di cultura tra diverse generazioni per un armonico sviluppo della comunit\u00e0. Il premiato di quest\u2019anno sar\u00e0 il maestro Pino Di Modugno, compositore di talento dotato di orecchio assoluto, virtuoso della fisarmonica e concertista esibitosi in centinaia di concerti in Italia e all\u2019estero.<\/p>\n<p>&nbsp;<\/p>\n<p><strong>RIVAMONTE<\/strong> Sabato 11 gennaio alle 20.30 alla casa della Gioventu&#8217; appuntamento con il teatro dei Farsaioli di Soverzene che metteranno in scena &#8220;Rider&#8230;de gusto&#8221;. Serata a favore della chiesa di Tiser a seguito dei danni subiti dalla tempesta vaia<\/p>\n<p><a class=\"dt-pswp-item\" href=\"https:\/\/www.radiopiu.net\/wordpress\/wp-content\/uploads\/2020\/01\/63d38830-d41e-4c94-80fa-a3c288e83e2c-e1578066937685.jpg\" data-dt-img-description=\"\" data-large_image_width=\"2048\" data-large_image_height=\"1152\"><img loading=\"lazy\" decoding=\"async\" class=\"alignnone wp-image-111837 size-large\" src=\"https:\/\/www.radiopiu.net\/wordpress\/wp-content\/uploads\/2020\/01\/63d38830-d41e-4c94-80fa-a3c288e83e2c-e1578066937685-1024x576.jpg\" alt=\"\" width=\"1024\" height=\"576\" srcset=\"https:\/\/www.radiopiu.net\/wordpress\/wp-content\/uploads\/2020\/01\/63d38830-d41e-4c94-80fa-a3c288e83e2c-e1578066937685-1024x576.jpg 1024w, https:\/\/www.radiopiu.net\/wordpress\/wp-content\/uploads\/2020\/01\/63d38830-d41e-4c94-80fa-a3c288e83e2c-e1578066937685-300x169.jpg 300w, https:\/\/www.radiopiu.net\/wordpress\/wp-content\/uploads\/2020\/01\/63d38830-d41e-4c94-80fa-a3c288e83e2c-e1578066937685-768x432.jpg 768w, https:\/\/www.radiopiu.net\/wordpress\/wp-content\/uploads\/2020\/01\/63d38830-d41e-4c94-80fa-a3c288e83e2c-e1578066937685-1536x864.jpg 1536w, https:\/\/www.radiopiu.net\/wordpress\/wp-content\/uploads\/2020\/01\/63d38830-d41e-4c94-80fa-a3c288e83e2c-e1578066937685.jpg 2048w\" sizes=\"auto, (max-width: 1024px) 100vw, 1024px\" \/><\/a><\/p>\n<p>&nbsp;<\/p>\n<p>&nbsp;<\/p>\n<p><strong>AGORDO<\/strong> Danilo Coppe, perito minerario del Follador torna ad Agordo per relazionare sull&#8217;abbattimento controllato del Ponte Morandi di Genova, spiegher\u00e0 le 10 difficolt\u00e0 per l&#8217;esplosivista. Sabato 18 gennaio alle 10 in sala Don Tamis con ingresso libero. Un evento organizzato dall&#8217;Istituto Umberto Follador di Agordo, dipartimento geotecnico-minerario.<\/p>\n<div class=\"su-document su-u-responsive-media-no\"><iframe loading=\"lazy\" src=\"\/\/docs.google.com\/viewer?embedded=true&url=https:\/\/www.radiopiu.net\/wordpress\/wp-content\/uploads\/2020\/01\/Mr-Dinamite-ponte-Morandi-3-1.pdf\" width=\"600\" height=\"800\" class=\"su-document\" title=\"cc\"><\/iframe><\/div>\n<p>&nbsp;<\/p>\n<p>&nbsp;<\/p>\n<p><strong>Le BRETELLE LASCHE PRESENTANO IL QUINTO SPETTACOLO DELLA RASSEGNA TINNIFOLI 2019-2<\/strong>0<\/p>\n<p><a class=\"dt-pswp-item\" href=\"https:\/\/www.radiopiu.net\/wordpress\/wp-content\/uploads\/2020\/01\/image.png\" data-dt-img-description=\"\" data-large_image_width=\"643\" data-large_image_height=\"430\"><img loading=\"lazy\" decoding=\"async\" class=\"size-medium wp-image-112188 alignleft\" src=\"https:\/\/www.radiopiu.net\/wordpress\/wp-content\/uploads\/2020\/01\/image-300x201.png\" alt=\"\" width=\"300\" height=\"201\" srcset=\"https:\/\/www.radiopiu.net\/wordpress\/wp-content\/uploads\/2020\/01\/image-300x201.png 300w, https:\/\/www.radiopiu.net\/wordpress\/wp-content\/uploads\/2020\/01\/image.png 643w\" sizes=\"auto, (max-width: 300px) 100vw, 300px\" \/><\/a><strong>BELLUNO<\/strong> In un turbillon di situazioni paradossali, comiche fino al grottesco, i tre attori di questo spettacolo si presentano al pubblico con continui cambi di scena costumi e registri attoriali, sostenuti da una regia originale e piena di spunti. Sabato 25 gennaio alle 20.45 all&#8217;Auditorium Canossiano di Feltre. Titolo &#8220;Questo Otello \u00e8 tutta un&#8217;altra storia&#8221; di A. Motta con la compagnia teatrale Ronzinante Teatro, per tutti di genere comico. <strong>Lo spettacolo <\/strong>La storia di fondo \u00e8 conosciuta, ma in questa piec\u00e8 Otello, Iago, Desdemona assumono nuovi connotati. Quando Iago, esasperato dal disprezzo che suscita il suo ruolo, decide di dimostrare che non ci sarebbe capolavoro shakespeariano senza di lui e s\u2019impegna a lasciare in pace Otello, gli altri personaggi si ritrovano in situazioni inusuali ai loro grandi caratteri tragici. Che sara\u0300 del Moro senza la gelosia a spingerlo attraverso il dramma? E di Desdemona, che si vede negata la sua commovente quanto memorabile uscita di scena? Questa la premessa principale che, insieme all\u2019ingenuita\u0300 di Otello e alla volitivita\u0300 di Desdemona, da\u0300 inizio ad una storia parallela, ma intrecciata inestricabilmente all\u2019originale, ricca di citazioni e fraintendimenti, strategie e contromosse estemporanee, ma soprattutto risate.<\/p>\n<p>&nbsp;<\/p>\n<p>&nbsp;<\/p>\n<blockquote><p>&nbsp;<\/p><\/blockquote>\n<p>&nbsp;<\/p>\n<h2><a class=\"dt-pswp-item\" href=\"http:\/\/www.radiopiu.net\/wordpress\/wp-content\/uploads\/2018\/09\/sport.jpg\" data-dt-img-description=\"\" data-large_image_width=\"800\" data-large_image_height=\"100\"><img loading=\"lazy\" decoding=\"async\" class=\"wp-image-60761 size-full aligncenter\" src=\"http:\/\/www.radiopiu.net\/wordpress\/wp-content\/uploads\/2018\/09\/sport.jpg\" alt=\"\" width=\"800\" height=\"100\" srcset=\"https:\/\/www.radiopiu.net\/wordpress\/wp-content\/uploads\/2018\/09\/sport.jpg 800w, https:\/\/www.radiopiu.net\/wordpress\/wp-content\/uploads\/2018\/09\/sport-300x38.jpg 300w, https:\/\/www.radiopiu.net\/wordpress\/wp-content\/uploads\/2018\/09\/sport-768x96.jpg 768w\" sizes=\"auto, (max-width: 800px) 100vw, 800px\" \/><\/a><\/h2>\n<h3><\/h3>\n<h3>UFFICIALIZZATO IL CALENDARIO DEL QUALIFICATION ROUND PER L&#8217;ALLEGHE<\/h3>\n<p class=\"p1\"><span class=\"s1 photoswipe-wrapper\"><a class=\"dt-pswp-item pspw-wrap-ready\" href=\"https:\/\/www.radiopiu.net\/wordpress\/wp-content\/uploads\/2019\/08\/logo-alleghe-hockey.png\" data-dt-img-description=\"\" data-large_image_width=\"547\" data-large_image_height=\"512\"><img loading=\"lazy\" decoding=\"async\" class=\"size-medium wp-image-95699 alignright\" src=\"https:\/\/www.radiopiu.net\/wordpress\/wp-content\/uploads\/2019\/08\/logo-alleghe-hockey-300x281.png\" sizes=\"auto, (max-width: 300px) 100vw, 300px\" srcset=\"https:\/\/www.radiopiu.net\/wordpress\/wp-content\/uploads\/2019\/08\/logo-alleghe-hockey-300x281.png 300w, https:\/\/www.radiopiu.net\/wordpress\/wp-content\/uploads\/2019\/08\/logo-alleghe-hockey.png 547w\" alt=\"\" width=\"300\" height=\"281\" \/><\/a>Le prossime 8 partite saranno decisive per il proseguo del campionato per l\u2019Alleghe Hockey. La Federazione Italiana Sport Ghiaccio ha ufficializzato poche ore fa il calendario definitivo del qualification round per la IHL. Si inizia domani con la prima sfida che vede i biancorossi giocare in casa il turno infrasettimanale contro il Val Di Fiemme. Poi 15 giorni di stop per gli alleghesi che potranno ricaricare le forze prima del big match contro il Caldaro. Si ritorna ad Alleghe il 30 gennaio con l\u2019Unterland Cavaliers poi due trasferte consecutive, a Como e Cavalese. Il 15 febbraio appuntamento da non perdere al De Toni per la gara di ritorno con il Caldaro, poi trasferta ad Egna e ultima partita della seconda fase che verr\u00e0 giocata il 22 febbraio in casa con il Como. Le civette, per accedere ai quarti di finale, dovranno conquistare il secondo posto in classifica. La squadra di Matikainen arriva da 4 vittorie consecutive e nelle ultime uscite sembra essere rinata. Fiemme e Caldaro saranno, sulla carta, le squadre pi\u00f9 ostiche ma le probabilit\u00e0 di accedere alla fase finale per l\u2019Alleghe sono buone.<\/span><\/p>\n<p>&nbsp;<\/p>\n<p><strong>IL CALENDARIO UFFICIALE<\/strong><\/p>\n<p class=\"photoswipe-wrapper\"><a class=\"dt-pswp-item pspw-wrap-ready\" href=\"https:\/\/www.radiopiu.net\/wordpress\/wp-content\/uploads\/2020\/01\/CALENDARIO-QUALIFICATION-ROUND-ALLEGHE-2020.jpg\" data-dt-img-description=\"\" data-large_image_width=\"1754\" data-large_image_height=\"542\"><img loading=\"lazy\" decoding=\"async\" class=\"alignnone wp-image-112271 size-large\" src=\"https:\/\/www.radiopiu.net\/wordpress\/wp-content\/uploads\/2020\/01\/CALENDARIO-QUALIFICATION-ROUND-ALLEGHE-2020-1024x316.jpg\" sizes=\"auto, (max-width: 1024px) 100vw, 1024px\" srcset=\"https:\/\/www.radiopiu.net\/wordpress\/wp-content\/uploads\/2020\/01\/CALENDARIO-QUALIFICATION-ROUND-ALLEGHE-2020-1024x316.jpg 1024w, https:\/\/www.radiopiu.net\/wordpress\/wp-content\/uploads\/2020\/01\/CALENDARIO-QUALIFICATION-ROUND-ALLEGHE-2020-300x93.jpg 300w, https:\/\/www.radiopiu.net\/wordpress\/wp-content\/uploads\/2020\/01\/CALENDARIO-QUALIFICATION-ROUND-ALLEGHE-2020-768x237.jpg 768w, https:\/\/www.radiopiu.net\/wordpress\/wp-content\/uploads\/2020\/01\/CALENDARIO-QUALIFICATION-ROUND-ALLEGHE-2020-1536x475.jpg 1536w, https:\/\/www.radiopiu.net\/wordpress\/wp-content\/uploads\/2020\/01\/CALENDARIO-QUALIFICATION-ROUND-ALLEGHE-2020.jpg 1754w\" alt=\"\" width=\"1024\" height=\"316\" \/><\/a><\/p>\n<p>&nbsp;<\/p>\n<p>&nbsp;<\/p>\n<p>&nbsp;<\/p>\n<p>&nbsp;<\/p>\n<h3><a class=\"dt-pswp-item\" href=\"http:\/\/www.radiopiu.net\/wordpress\/wp-content\/uploads\/2018\/09\/WhatsApp-Image-2018-09-20-at-16.04.06.jpeg\" data-dt-img-description=\"\" data-large_image_width=\"800\" data-large_image_height=\"100\"><img loading=\"lazy\" decoding=\"async\" class=\"wp-image-61378 size-full aligncenter\" src=\"http:\/\/www.radiopiu.net\/wordpress\/wp-content\/uploads\/2018\/09\/WhatsApp-Image-2018-09-20-at-16.04.06.jpeg\" alt=\"\" width=\"800\" height=\"100\" srcset=\"https:\/\/www.radiopiu.net\/wordpress\/wp-content\/uploads\/2018\/09\/WhatsApp-Image-2018-09-20-at-16.04.06.jpeg 800w, https:\/\/www.radiopiu.net\/wordpress\/wp-content\/uploads\/2018\/09\/WhatsApp-Image-2018-09-20-at-16.04.06-300x38.jpeg 300w, https:\/\/www.radiopiu.net\/wordpress\/wp-content\/uploads\/2018\/09\/WhatsApp-Image-2018-09-20-at-16.04.06-768x96.jpeg 768w\" sizes=\"auto, (max-width: 800px) 100vw, 800px\" \/><\/a><\/h3>\n<p>&nbsp;<\/p>\n<p><center><b>Mercoledi 8<\/b><\/center><b>Tempo atteso: <\/b>Tempo ben soleggiato, aria limpida ed ottima visibilit\u00e0 ovunque al mattino. Nel corso del pomeriggio arrivo di nubi, dapprima alte e sottili, poi medio-alte e via via pi\u00f9 estese. Il clima sar\u00e0 assai freddo ovunque al mattino e torner\u00e0 a essere particolarmente mite in quota dal pomeriggio in poi.<br \/>\n<b>Precipitazioni: <\/b>Assenti (0%)<br \/>\n<b>Temperature: <\/b>Minime in diminuzione, pi\u00f9 avvertita in quota; massime in calo nelle valli ed in aumento in quota, dove saranno raggiunte in serata. L&#8217;inversione termica, inizialmente inesistente, torner\u00e0 ad accentuarsi in serata. Su Prealpi a 1500 m min -1\u00b0C max 6\u00b0C, a 2000 m min -3\u00b0C max 5\u00b0C. Su Dolomiti a 2000 m min -4\u00b0C max 4\u00b0C, a 3000 m min -10\u00b0C max 1\u00b0C.<br \/>\n<b>Venti: <\/b>Nelle valli deboli o molto deboli, salvo nelle zone prealpine vicine alla pianura interessate dalle brezze notturne e mattutine; in quota deboli o molto deboli settentrionali, a 5-10 km\/h sia a 2000 m che a 3000 m.<\/p>\n<hr \/>\n<p><center><b>Giovedi 9<\/b><\/center><b>Tempo atteso: <\/b>Cielo velato o parzialmente velato per la presenza di diffuse nubi alte e sottili, in attenuazione al pomeriggio. Temperature in generale rialzo, particolarmente elevate per il periodo, specie in quota, mentre dovrebbe ricrearsi una lieve inversione termica nelle valli, anche persistente nei settori in ombra.<br \/>\n<b>Precipitazioni: <\/b>Assenti (0%)<br \/>\n<b>Temperature: <\/b>In aumento in quota, pi\u00f9 sensibile per i valori minime; nelle valli minime in aumento e massime in diminuzione per avvezione d&#8217;aria fresca nei bassi strati. Tale situazione provocher\u00e0 una certa isotermia verticale tra 2000 e 3000 m. Su Prealpi a 1500 m min 2\u00b0C max 4\u00b0C, a 2000 m min 1\u00b0C max 3\u00b0C. Su Dolomiti a 2000 m min 1\u00b0C max 3\u00b0C, a 3000 m min 0\u00b0C max 2\u00b0C.<br \/>\n<b>Venti: <\/b>Nelle valli deboli o molto deboli, salvo nelle zone prealpine vicine alla pianura interessate dalle brezze notturne e mattutine; in quota deboli da nord-ovest nella notte, poi da sud-ovest in giornata, in leggero rinforzo fino a moderati al pomeriggio, a 5-10 km\/h a 2000 m, a 10-15 km\/h a 3000 m.<\/p>\n<hr \/>\n<p><center><b>Venerdi 10<\/b><\/center>Bel tempo, assai pi\u00f9 freddo. Sole, aria tersa ed ottima visibilit\u00e0. Temperature in generale diminuzione, pi\u00f9 sensibile in quota. Venti in quota moderati\/tesi da sud-ovest durante la notte, deboli\/moderati da nord-ovest in giornata. Nelle valli perlopi\u00f9 deboli di direzione variabile.<\/p>\n<hr \/>\n<p><center><b>Sabato 11<\/b><\/center>Tempo stabile; sole, aria tersa ed ottima visibilit\u00e0. Temperature in ulteriore generale diminuzione. Venti in quota deboli\/moderati da nord-est, nelle valli perlopi\u00f9 deboli di direzione variabile, eccetto locali rinforzi notturni in qualche settore prealpino. Previsore: R.L.Th.<\/p>\n","protected":false},"excerpt":{"rendered":"<p>&nbsp; &nbsp; &nbsp; Vista dalla fermata della corriera a\u00a0 Toccol di Agordo IERI SERA NEL CIELO DI AGORDO, da Giuliano e Nicoletta, molto probabilmente si trattava di un drone. &nbsp; &nbsp; &nbsp; &nbsp; &nbsp; &nbsp; VIABILITA&#8217; Raggiunta quota 1000 iscritti nel gruppo Telegram Viabilit\u00e0 Provincia di Belluno. A poche settimane dalla nascita il nuovo gruppo&hellip;<\/p>\n","protected":false},"author":1,"featured_media":112323,"comment_status":"closed","ping_status":"closed","sticky":false,"template":"","format":"standard","meta":{"_monsterinsights_skip_tracking":false,"_monsterinsights_sitenote_active":false,"_monsterinsights_sitenote_note":"","_monsterinsights_sitenote_category":0,"footnotes":""},"categories":[1,86],"tags":[],"class_list":["post-112176","post","type-post","status-publish","format-standard","has-post-thumbnail","hentry","category-senza-categoria","category-gr","category-1","category-86","description-off"],"img_url":"https:\/\/www.radiopiu.net\/wordpress\/wp-content\/uploads\/2020\/01\/93f81001-a1f3-4091-8cfc-5b7d73fb6996.jpg","_links":{"self":[{"href":"https:\/\/www.radiopiu.net\/wordpress\/wp-json\/wp\/v2\/posts\/112176","targetHints":{"allow":["GET"]}}],"collection":[{"href":"https:\/\/www.radiopiu.net\/wordpress\/wp-json\/wp\/v2\/posts"}],"about":[{"href":"https:\/\/www.radiopiu.net\/wordpress\/wp-json\/wp\/v2\/types\/post"}],"author":[{"embeddable":true,"href":"https:\/\/www.radiopiu.net\/wordpress\/wp-json\/wp\/v2\/users\/1"}],"replies":[{"embeddable":true,"href":"https:\/\/www.radiopiu.net\/wordpress\/wp-json\/wp\/v2\/comments?post=112176"}],"version-history":[{"count":0,"href":"https:\/\/www.radiopiu.net\/wordpress\/wp-json\/wp\/v2\/posts\/112176\/revisions"}],"wp:featuredmedia":[{"embeddable":true,"href":"https:\/\/www.radiopiu.net\/wordpress\/wp-json\/wp\/v2\/media\/112323"}],"wp:attachment":[{"href":"https:\/\/www.radiopiu.net\/wordpress\/wp-json\/wp\/v2\/media?parent=112176"}],"wp:term":[{"taxonomy":"category","embeddable":true,"href":"https:\/\/www.radiopiu.net\/wordpress\/wp-json\/wp\/v2\/categories?post=112176"},{"taxonomy":"post_tag","embeddable":true,"href":"https:\/\/www.radiopiu.net\/wordpress\/wp-json\/wp\/v2\/tags?post=112176"}],"curies":[{"name":"wp","href":"https:\/\/api.w.org\/{rel}","templated":true}]}}